{"id":987,"date":"2012-03-07T10:46:49","date_gmt":"2012-03-07T09:46:49","guid":{"rendered":"http:\/\/www.poesiaerestu.com\/revista\/?p=987"},"modified":"2012-03-06T11:10:24","modified_gmt":"2012-03-06T10:10:24","slug":"francisca-aguirre-cada-libro-debe-tener-el-lenguaje-que-le-corresponde","status":"publish","type":"post","link":"https:\/\/poesiaerestu.com\/revista\/francisca-aguirre-cada-libro-debe-tener-el-lenguaje-que-le-corresponde\/","title":{"rendered":"Francisca Aguirre: &#8220;Cada libro debe tener el lenguaje que le corresponde&#8221;"},"content":{"rendered":"<p><a ref=\"magnificPopup\" href=\"https:\/\/poesiaerestu.com\/revista\/wp-content\/uploads\/2012\/03\/Francisca-Aguirre_46.jpg\"><img loading=\"lazy\" decoding=\"async\" class=\"alignleft size-medium wp-image-988\" title=\"Francisca-Aguirre_46\" src=\"https:\/\/spcdn.shortpixel.ai\/spio\/ret_img,q_cdnize,to_auto,s_webp:avif\/poesiaerestu.com\/revista\/wp-content\/uploads\/2012\/03\/Francisca-Aguirre_46-300x192.jpg\" alt=\"\" width=\"300\" height=\"192\" \/><\/a>La poeta Francisca Aguirre (Alicante, 1930) ha obtenido el Premio Nacional de Poes\u00eda por su libro &#8216;Historia de una anatom\u00eda&#8217;<\/p>\n<p>P.- \u00bfDe d\u00f3nde nace el inter\u00e9s por poetizar el cuerpo?<\/p>\n<p>R.- Siempre me ha parecido el elemento m\u00e1s misterioso de la creaci\u00f3n. El cuerpo es el origen de la pregunta y, por tanto, el origen tambi\u00e9n del arte que, para decirlo de manera sencilla, es una forma de consuelo.<\/p>\n<p>P.- Partes del cuerpo, de la materia, para llegar a conclusiones morales o \u00e9ticas. \u00bfSe nos olvida a menudo que es el cuerpo el inventor del alma y que para cuidar del alma hay que cuidar del cuerpo?<\/p>\n<p>R.- No s\u00e9 qu\u00e9 decirte porque para contestar a tu pregunta hay casi tantas respuestas como seres humanos. Sin cuerpo no hay nada, pero con cuerpo tal vez hay demasiadas cosas, cosas muy diferentes porque tambi\u00e9n los cuerpos son diferentes. El cuerpo inventa el cielo y el infierno, la culpa y el perd\u00f3n, la libertad y la esclavitud. El cuerpo es tan misterioso que hemos necesitado darnos leyes para gobernarlo.<\/p>\n<p>P.- Durante la composici\u00f3n del libro (en la que vas tratando las distintas partes del cuerpo), \u00bfte dio especial problema alg\u00fan miembro del cuerpo, alguna parte? Porque no tiene que ser f\u00e1cil sacar un poema de cada \u00f3rgano, de cada parte\u2026 Hubo alguna parte que dijeras: \u201cmira, \u00e9sta la dejo, que no me sale\u201d.<\/p>\n<p>R.- No. Yo creo que fui escribiendo siguiendo la pauta del pensamiento que se ha llamado \u201cel azar y la necesidad\u201d. Anteponiendo unos elementos a otros como cuando se compone una melod\u00eda y de pronto notas que algo no suena bien o que algo falta. He procurado que la criatura que se ha ido formando con los poemas de este libro fuera un ser arm\u00f3nico, es decir que tuviera cabeza, extremidades y coraz\u00f3n y, desde luego tambi\u00e9n un cierto relleno interior. Y todo ello envuelto en la gasa ligera del sentido del humor.<\/p>\n<p>P.- A nivel de lenguaje, siempre has apostado mucho por la sencillez, pero este libro ahonda a\u00fan m\u00e1s si cabe en esa l\u00ednea, lo que sumado a un verso que dice que no tienes el coraz\u00f3n para met\u00e1foras, nos lleva a pensar que esa apuesta pro la sencillez no es ni mucho menos casual. \u00bfA qu\u00e9 se debe? \u00bfPor qu\u00e9 buscar un lenguaje sencillo (que siempre es complicado) y no un mayor barroquismo o engalanamiento?<\/p>\n<p>R.- Efectivamente, siempre me he inclinado a seguir el consejo de don Antonio Machado que nos dej\u00f3 el delicioso ejemplo de lenguaje po\u00e9tico con la famosa frase de en lugar de \u201clos eventos consuetudinarios que acontecen en la rue\u201d decir sencillamente \u201clo que pasa en la calle\u201d. Pero eso no quiere decir que no ame las met\u00e1foras y, sobre todo, que no sea consciente de que cada libro debe tener el lenguaje que le corresponde. Cuando escrib\u00ed \u201cPavana del desasosiego\u201d utilic\u00e9 todo tipo de met\u00e1foras y joyer\u00eda verbal. A cada libro seg\u00fan sus necesidades. A este libro le conven\u00eda la sencillez. En cualquier caso, nunca he sido partidaria del barroquismo.<\/p>\n<p>P.- No s\u00e9 si acierto o no, pero en muchos de tus libros (desde \u201c\u00cdtaca\u201d hasta \u00e9ste, pasando por \u201cLa herida absurda\u201d y creo recordar que tambi\u00e9n en \u201cNanas para dormir desperdicios\u201d) hay una primera parte en lo que podr\u00edamos llamar el motor del libro (en este caso el cuerpo, en \u201c\u00cdtaca\u201d la revisi\u00f3n del mito de Pen\u00e9lope) y una segunda parte m\u00e1s biogr\u00e1fica, m\u00e1s \u00edntima (recogida en este caso bajo el t\u00edtulo de \u201cAnamnesis\u201d, que adem\u00e1s de historial cl\u00ednico de un paciente, significa rememoraci\u00f3n). \u00bfHay una voluntad en esa forma de componer los libros? \u00bfA qu\u00e9 se debe? \u00bfO es m\u00e1s o menos casual?<\/p>\n<p>R.- Concretamente en este libro, desde el principio quise terminar con los datos biogr\u00e1ficos. En primer lugar porque el libro, de alg\u00fan modo, est\u00e1 dedicado a la memoria de mi padre y porque un libro que glosa ese misterio que llamamos cuerpo humano parec\u00eda l\u00f3gico que acabase con los datos y antecedentes que le confieren naturaleza hist\u00f3rica a ese cuerpo.<\/p>\n<p>&nbsp;<\/p>\n<p>P.- Pasemos al premio Nacional. \u00bfC\u00f3mo lo recibiste, te lo esperabas?<\/p>\n<p>R.- Fue una aut\u00e9ntica sorpresa. Cuando son\u00f3 el tel\u00e9fono y o\u00ed que alguien dec\u00eda que erala Ministrade Cultura cre\u00ed que era una broma. Despu\u00e9s, naturalmente, me alegr\u00e9 much\u00edsimo. Ese libro tiene el premio \u201cMiguel Hern\u00e1ndez\u201d y ahora el Nacional. Es un libro escrito y dedicado pensando en Miguel y en mi padre, es para m\u00ed un verdadero orgullo tenerlo.<\/p>\n<p>P.- El mercado po\u00e9tico en Espa\u00f1a se mueve cada vez m\u00e1s gracias a los premios: \u00bfqu\u00e9 opini\u00f3n te merecen esos premios? Porque hay muchas voces que hablan de amiguismo, de intereses de las grandes editoriales\u2026<\/p>\n<p>R.-\u00a0 Ver\u00e1s, siempre he sido enemiga de eso que llaman rumores. Yo con respecto a los premios lo \u00fanico que s\u00e9 con certeza\u00a0 es que han ayudado a mucha gente que no ten\u00eda ni una perra. Tambi\u00e9n s\u00e9 que la mayor\u00eda de ellos son grandes libros, hermosos libros de poemas. De vez en cuando aparece alguno que no est\u00e1 a la altura, pero son los menos. Siempre me ha parecido que los premios ayudaban a quien val\u00eda, pero no ten\u00eda posibilidades de editar. En cuanto a las grandes editoriales no s\u00e9 qu\u00e9 decirte, las editoriales que yo conozco se encargan de difundir libros hermosos. Es posible que a veces se cuele alguno no tan bueno. Pero de eso son responsables los jurados, no las editoriales. En general, me parece que los premios ayudan, sobre todo a los autores. Ojal\u00e1 hubiera m\u00e1s.<\/p>\n<p>P.- Finalmente, sabemos que has le\u00eddo el libro de Laura Casielles, ganadora del premio nacional joven. \u00bfQu\u00e9 consejo le dar\u00edas a ella y, en general, a los poetas m\u00e1s j\u00f3venes, a los que est\u00e1n empezando?<\/p>\n<p>R.- Realmente yo no creo que tenga nada que aconsejar a Laura. Su libro me ha parecido estupendo. Es atrevido sin exceso, tiene una nueva forma de ver las emociones, cuenta lo vivido de manera sumamente distendida y, en general, exhala el aroma de lo verdadero sin ret\u00f3ricas de ning\u00fan tipo. Leerlo es una delicia, te sorprende y tambi\u00e9n te emociona. Estoy deseando leer lo pr\u00f3ximo que escriba.<\/p>\n","protected":false},"excerpt":{"rendered":"<p>La poeta Francisca Aguirre (Alicante, 1930) ha obtenido el Premio Nacional de Poes\u00eda por su libro &#8216;Historia de una anatom\u00eda&#8217; P.- \u00bfDe d\u00f3nde nace el inter\u00e9s por poetizar el cuerpo? R.- Siempre me ha parecido el elemento m\u00e1s misterioso de la creaci\u00f3n. El cuerpo es el origen de la pregunta y, por tanto, el origen&#8230;<\/p>\n","protected":false},"author":1,"featured_media":988,"comment_status":"open","ping_status":"open","sticky":false,"template":"","format":"standard","meta":{"footnotes":"","_links_to":"","_links_to_target":""},"categories":[4],"tags":[],"class_list":["post-987","post","type-post","status-publish","format-standard","has-post-thumbnail","hentry","category-entrevistas"],"yoast_head":"<!-- This site is optimized with the Yoast SEO Premium plugin v24.7 (Yoast SEO v27.5) - https:\/\/yoast.com\/product\/yoast-seo-premium-wordpress\/ -->\n<title>Francisca Aguirre: &quot;Cada libro debe tener el lenguaje que le corresponde&quot;<\/title>\n<meta name=\"description\" content=\"La poeta Francisca Aguirre (Alicante, 1930) ha obtenido el Premio Nacional de Poes\u00eda por su libro &#039;Historia de una anatom\u00eda&#039;\" \/>\n<meta name=\"robots\" content=\"index, follow, max-snippet:-1, max-image-preview:large, max-video-preview:-1\" \/>\n<link rel=\"canonical\" href=\"https:\/\/poesiaerestu.com\/revista\/francisca-aguirre-cada-libro-debe-tener-el-lenguaje-que-le-corresponde\/\" \/>\n<meta name=\"twitter:label1\" content=\"Written by\" \/>\n\t<meta name=\"twitter:data1\" content=\"admin\" \/>\n\t<meta name=\"twitter:label2\" content=\"Est. reading time\" \/>\n\t<meta name=\"twitter:data2\" content=\"6 minutes\" \/>\n<script type=\"application\/ld+json\" class=\"yoast-schema-graph\">{\"@context\":\"https:\\\/\\\/schema.org\",\"@graph\":[{\"@type\":\"Article\",\"@id\":\"https:\\\/\\\/poesiaerestu.com\\\/revista\\\/francisca-aguirre-cada-libro-debe-tener-el-lenguaje-que-le-corresponde\\\/#article\",\"isPartOf\":{\"@id\":\"https:\\\/\\\/poesiaerestu.com\\\/revista\\\/francisca-aguirre-cada-libro-debe-tener-el-lenguaje-que-le-corresponde\\\/\"},\"author\":{\"name\":\"admin\",\"@id\":\"https:\\\/\\\/poesiaerestu.com\\\/revista\\\/#\\\/schema\\\/person\\\/fcb1a2122be3810bfdd0c071b4b3e9c4\"},\"headline\":\"Francisca Aguirre: &#8220;Cada libro debe tener el lenguaje que le corresponde&#8221;\",\"datePublished\":\"2012-03-07T09:46:49+00:00\",\"mainEntityOfPage\":{\"@id\":\"https:\\\/\\\/poesiaerestu.com\\\/revista\\\/francisca-aguirre-cada-libro-debe-tener-el-lenguaje-que-le-corresponde\\\/\"},\"wordCount\":1121,\"commentCount\":0,\"image\":{\"@id\":\"https:\\\/\\\/poesiaerestu.com\\\/revista\\\/francisca-aguirre-cada-libro-debe-tener-el-lenguaje-que-le-corresponde\\\/#primaryimage\"},\"thumbnailUrl\":\"https:\\\/\\\/poesiaerestu.com\\\/revista\\\/wp-content\\\/uploads\\\/2012\\\/03\\\/Francisca-Aguirre_46.jpg\",\"articleSection\":[\"Entrevistas\"],\"inLanguage\":\"en-US\",\"copyrightYear\":\"2012\",\"copyrightHolder\":{\"@id\":\"https:\\\/\\\/poesiaerestu.com\\\/revista\\\/#organization\"}},{\"@type\":\"WebPage\",\"@id\":\"https:\\\/\\\/poesiaerestu.com\\\/revista\\\/francisca-aguirre-cada-libro-debe-tener-el-lenguaje-que-le-corresponde\\\/\",\"url\":\"https:\\\/\\\/poesiaerestu.com\\\/revista\\\/francisca-aguirre-cada-libro-debe-tener-el-lenguaje-que-le-corresponde\\\/\",\"name\":\"Francisca Aguirre: \\\"Cada libro debe tener el lenguaje que le corresponde\\\"\",\"isPartOf\":{\"@id\":\"https:\\\/\\\/poesiaerestu.com\\\/revista\\\/#website\"},\"primaryImageOfPage\":{\"@id\":\"https:\\\/\\\/poesiaerestu.com\\\/revista\\\/francisca-aguirre-cada-libro-debe-tener-el-lenguaje-que-le-corresponde\\\/#primaryimage\"},\"image\":{\"@id\":\"https:\\\/\\\/poesiaerestu.com\\\/revista\\\/francisca-aguirre-cada-libro-debe-tener-el-lenguaje-que-le-corresponde\\\/#primaryimage\"},\"thumbnailUrl\":\"https:\\\/\\\/poesiaerestu.com\\\/revista\\\/wp-content\\\/uploads\\\/2012\\\/03\\\/Francisca-Aguirre_46.jpg\",\"datePublished\":\"2012-03-07T09:46:49+00:00\",\"author\":{\"@id\":\"https:\\\/\\\/poesiaerestu.com\\\/revista\\\/#\\\/schema\\\/person\\\/fcb1a2122be3810bfdd0c071b4b3e9c4\"},\"description\":\"La poeta Francisca Aguirre (Alicante, 1930) ha obtenido el Premio Nacional de Poes\u00eda por su libro 'Historia de una anatom\u00eda'\",\"breadcrumb\":{\"@id\":\"https:\\\/\\\/poesiaerestu.com\\\/revista\\\/francisca-aguirre-cada-libro-debe-tener-el-lenguaje-que-le-corresponde\\\/#breadcrumb\"},\"inLanguage\":\"en-US\",\"potentialAction\":[{\"@type\":\"ReadAction\",\"target\":[\"https:\\\/\\\/poesiaerestu.com\\\/revista\\\/francisca-aguirre-cada-libro-debe-tener-el-lenguaje-que-le-corresponde\\\/\"]}]},{\"@type\":\"ImageObject\",\"inLanguage\":\"en-US\",\"@id\":\"https:\\\/\\\/poesiaerestu.com\\\/revista\\\/francisca-aguirre-cada-libro-debe-tener-el-lenguaje-que-le-corresponde\\\/#primaryimage\",\"url\":\"https:\\\/\\\/poesiaerestu.com\\\/revista\\\/wp-content\\\/uploads\\\/2012\\\/03\\\/Francisca-Aguirre_46.jpg\",\"contentUrl\":\"https:\\\/\\\/poesiaerestu.com\\\/revista\\\/wp-content\\\/uploads\\\/2012\\\/03\\\/Francisca-Aguirre_46.jpg\",\"width\":1020,\"height\":655},{\"@type\":\"BreadcrumbList\",\"@id\":\"https:\\\/\\\/poesiaerestu.com\\\/revista\\\/francisca-aguirre-cada-libro-debe-tener-el-lenguaje-que-le-corresponde\\\/#breadcrumb\",\"itemListElement\":[{\"@type\":\"ListItem\",\"position\":1,\"name\":\"Home\",\"item\":\"https:\\\/\\\/poesiaerestu.com\\\/revista\\\/\"},{\"@type\":\"ListItem\",\"position\":2,\"name\":\"Francisca Aguirre: &#8220;Cada libro debe tener el lenguaje que le corresponde&#8221;\"}]},{\"@type\":\"WebSite\",\"@id\":\"https:\\\/\\\/poesiaerestu.com\\\/revista\\\/#website\",\"url\":\"https:\\\/\\\/poesiaerestu.com\\\/revista\\\/\",\"name\":\"Poes\u00ed\u00ada eres t\u00fa (revista)\",\"description\":\"Revista de poes\u00eda y literatura\",\"potentialAction\":[{\"@type\":\"SearchAction\",\"target\":{\"@type\":\"EntryPoint\",\"urlTemplate\":\"https:\\\/\\\/poesiaerestu.com\\\/revista\\\/?s={search_term_string}\"},\"query-input\":{\"@type\":\"PropertyValueSpecification\",\"valueRequired\":true,\"valueName\":\"search_term_string\"}}],\"inLanguage\":\"en-US\"},{\"@type\":\"Person\",\"@id\":\"https:\\\/\\\/poesiaerestu.com\\\/revista\\\/#\\\/schema\\\/person\\\/fcb1a2122be3810bfdd0c071b4b3e9c4\",\"name\":\"admin\",\"image\":{\"@type\":\"ImageObject\",\"inLanguage\":\"en-US\",\"@id\":\"https:\\\/\\\/secure.gravatar.com\\\/avatar\\\/1cb55a5bd8d6824519e46b552e84b03575857cc9c4d6333824d2f95d82129f50?s=96&d=mm&r=g\",\"url\":\"https:\\\/\\\/secure.gravatar.com\\\/avatar\\\/1cb55a5bd8d6824519e46b552e84b03575857cc9c4d6333824d2f95d82129f50?s=96&d=mm&r=g\",\"contentUrl\":\"https:\\\/\\\/secure.gravatar.com\\\/avatar\\\/1cb55a5bd8d6824519e46b552e84b03575857cc9c4d6333824d2f95d82129f50?s=96&d=mm&r=g\",\"caption\":\"admin\"},\"url\":\"https:\\\/\\\/poesiaerestu.com\\\/revista\\\/author\\\/admin\\\/\"}]}<\/script>\n<!-- \/ Yoast SEO Premium plugin. -->","yoast_head_json":{"title":"Francisca Aguirre: \"Cada libro debe tener el lenguaje que le corresponde\"","description":"La poeta Francisca Aguirre (Alicante, 1930) ha obtenido el Premio Nacional de Poes\u00eda por su libro 'Historia de una anatom\u00eda'","robots":{"index":"index","follow":"follow","max-snippet":"max-snippet:-1","max-image-preview":"max-image-preview:large","max-video-preview":"max-video-preview:-1"},"canonical":"https:\/\/poesiaerestu.com\/revista\/francisca-aguirre-cada-libro-debe-tener-el-lenguaje-que-le-corresponde\/","twitter_misc":{"Written by":"admin","Est. reading time":"6 minutes"},"schema":{"@context":"https:\/\/schema.org","@graph":[{"@type":"Article","@id":"https:\/\/poesiaerestu.com\/revista\/francisca-aguirre-cada-libro-debe-tener-el-lenguaje-que-le-corresponde\/#article","isPartOf":{"@id":"https:\/\/poesiaerestu.com\/revista\/francisca-aguirre-cada-libro-debe-tener-el-lenguaje-que-le-corresponde\/"},"author":{"name":"admin","@id":"https:\/\/poesiaerestu.com\/revista\/#\/schema\/person\/fcb1a2122be3810bfdd0c071b4b3e9c4"},"headline":"Francisca Aguirre: &#8220;Cada libro debe tener el lenguaje que le corresponde&#8221;","datePublished":"2012-03-07T09:46:49+00:00","mainEntityOfPage":{"@id":"https:\/\/poesiaerestu.com\/revista\/francisca-aguirre-cada-libro-debe-tener-el-lenguaje-que-le-corresponde\/"},"wordCount":1121,"commentCount":0,"image":{"@id":"https:\/\/poesiaerestu.com\/revista\/francisca-aguirre-cada-libro-debe-tener-el-lenguaje-que-le-corresponde\/#primaryimage"},"thumbnailUrl":"https:\/\/poesiaerestu.com\/revista\/wp-content\/uploads\/2012\/03\/Francisca-Aguirre_46.jpg","articleSection":["Entrevistas"],"inLanguage":"en-US","copyrightYear":"2012","copyrightHolder":{"@id":"https:\/\/poesiaerestu.com\/revista\/#organization"}},{"@type":"WebPage","@id":"https:\/\/poesiaerestu.com\/revista\/francisca-aguirre-cada-libro-debe-tener-el-lenguaje-que-le-corresponde\/","url":"https:\/\/poesiaerestu.com\/revista\/francisca-aguirre-cada-libro-debe-tener-el-lenguaje-que-le-corresponde\/","name":"Francisca Aguirre: \"Cada libro debe tener el lenguaje que le corresponde\"","isPartOf":{"@id":"https:\/\/poesiaerestu.com\/revista\/#website"},"primaryImageOfPage":{"@id":"https:\/\/poesiaerestu.com\/revista\/francisca-aguirre-cada-libro-debe-tener-el-lenguaje-que-le-corresponde\/#primaryimage"},"image":{"@id":"https:\/\/poesiaerestu.com\/revista\/francisca-aguirre-cada-libro-debe-tener-el-lenguaje-que-le-corresponde\/#primaryimage"},"thumbnailUrl":"https:\/\/poesiaerestu.com\/revista\/wp-content\/uploads\/2012\/03\/Francisca-Aguirre_46.jpg","datePublished":"2012-03-07T09:46:49+00:00","author":{"@id":"https:\/\/poesiaerestu.com\/revista\/#\/schema\/person\/fcb1a2122be3810bfdd0c071b4b3e9c4"},"description":"La poeta Francisca Aguirre (Alicante, 1930) ha obtenido el Premio Nacional de Poes\u00eda por su libro 'Historia de una anatom\u00eda'","breadcrumb":{"@id":"https:\/\/poesiaerestu.com\/revista\/francisca-aguirre-cada-libro-debe-tener-el-lenguaje-que-le-corresponde\/#breadcrumb"},"inLanguage":"en-US","potentialAction":[{"@type":"ReadAction","target":["https:\/\/poesiaerestu.com\/revista\/francisca-aguirre-cada-libro-debe-tener-el-lenguaje-que-le-corresponde\/"]}]},{"@type":"ImageObject","inLanguage":"en-US","@id":"https:\/\/poesiaerestu.com\/revista\/francisca-aguirre-cada-libro-debe-tener-el-lenguaje-que-le-corresponde\/#primaryimage","url":"https:\/\/poesiaerestu.com\/revista\/wp-content\/uploads\/2012\/03\/Francisca-Aguirre_46.jpg","contentUrl":"https:\/\/poesiaerestu.com\/revista\/wp-content\/uploads\/2012\/03\/Francisca-Aguirre_46.jpg","width":1020,"height":655},{"@type":"BreadcrumbList","@id":"https:\/\/poesiaerestu.com\/revista\/francisca-aguirre-cada-libro-debe-tener-el-lenguaje-que-le-corresponde\/#breadcrumb","itemListElement":[{"@type":"ListItem","position":1,"name":"Home","item":"https:\/\/poesiaerestu.com\/revista\/"},{"@type":"ListItem","position":2,"name":"Francisca Aguirre: &#8220;Cada libro debe tener el lenguaje que le corresponde&#8221;"}]},{"@type":"WebSite","@id":"https:\/\/poesiaerestu.com\/revista\/#website","url":"https:\/\/poesiaerestu.com\/revista\/","name":"Poes\u00ed\u00ada eres t\u00fa (revista)","description":"Revista de poes\u00eda y literatura","potentialAction":[{"@type":"SearchAction","target":{"@type":"EntryPoint","urlTemplate":"https:\/\/poesiaerestu.com\/revista\/?s={search_term_string}"},"query-input":{"@type":"PropertyValueSpecification","valueRequired":true,"valueName":"search_term_string"}}],"inLanguage":"en-US"},{"@type":"Person","@id":"https:\/\/poesiaerestu.com\/revista\/#\/schema\/person\/fcb1a2122be3810bfdd0c071b4b3e9c4","name":"admin","image":{"@type":"ImageObject","inLanguage":"en-US","@id":"https:\/\/secure.gravatar.com\/avatar\/1cb55a5bd8d6824519e46b552e84b03575857cc9c4d6333824d2f95d82129f50?s=96&d=mm&r=g","url":"https:\/\/secure.gravatar.com\/avatar\/1cb55a5bd8d6824519e46b552e84b03575857cc9c4d6333824d2f95d82129f50?s=96&d=mm&r=g","contentUrl":"https:\/\/secure.gravatar.com\/avatar\/1cb55a5bd8d6824519e46b552e84b03575857cc9c4d6333824d2f95d82129f50?s=96&d=mm&r=g","caption":"admin"},"url":"https:\/\/poesiaerestu.com\/revista\/author\/admin\/"}]}},"_links":{"self":[{"href":"https:\/\/poesiaerestu.com\/revista\/wp-json\/wp\/v2\/posts\/987","targetHints":{"allow":["GET"]}}],"collection":[{"href":"https:\/\/poesiaerestu.com\/revista\/wp-json\/wp\/v2\/posts"}],"about":[{"href":"https:\/\/poesiaerestu.com\/revista\/wp-json\/wp\/v2\/types\/post"}],"author":[{"embeddable":true,"href":"https:\/\/poesiaerestu.com\/revista\/wp-json\/wp\/v2\/users\/1"}],"replies":[{"embeddable":true,"href":"https:\/\/poesiaerestu.com\/revista\/wp-json\/wp\/v2\/comments?post=987"}],"version-history":[{"count":0,"href":"https:\/\/poesiaerestu.com\/revista\/wp-json\/wp\/v2\/posts\/987\/revisions"}],"wp:featuredmedia":[{"embeddable":true,"href":"https:\/\/poesiaerestu.com\/revista\/wp-json\/wp\/v2\/media\/988"}],"wp:attachment":[{"href":"https:\/\/poesiaerestu.com\/revista\/wp-json\/wp\/v2\/media?parent=987"}],"wp:term":[{"taxonomy":"category","embeddable":true,"href":"https:\/\/poesiaerestu.com\/revista\/wp-json\/wp\/v2\/categories?post=987"},{"taxonomy":"post_tag","embeddable":true,"href":"https:\/\/poesiaerestu.com\/revista\/wp-json\/wp\/v2\/tags?post=987"}],"curies":[{"name":"wp","href":"https:\/\/api.w.org\/{rel}","templated":true}]}}