{"id":9847,"date":"2025-12-14T11:21:25","date_gmt":"2025-12-14T10:21:25","guid":{"rendered":"https:\/\/poesiaerestu.com\/revista\/?p=9847"},"modified":"2026-03-14T00:22:48","modified_gmt":"2026-03-13T23:22:48","slug":"critica-literaria-el-hilo-iberico-tapiz-de-culturas","status":"publish","type":"post","link":"https:\/\/poesiaerestu.com\/revista\/critica-literaria-el-hilo-iberico-tapiz-de-culturas\/","title":{"rendered":"Cr\u00edtica literaria: El hilo ib\u00e9rico, tapiz de culturas"},"content":{"rendered":"<p><strong>CR\u00cdTICA LITERARIA: EL HILO IB\u00c9RICO, TAPIZ DE CULTURAS<\/strong><\/p>\n<p><strong>T\u00edtulo y Autor<\/strong><\/p>\n<p><strong>El Hilo Ib\u00e9rico: Tapiz de Culturas<\/strong><br \/>\nFrancisco Mu\u00f1oz-Mart\u00edn<br \/>\nEditorial Poes\u00eda eres t\u00fa, 2025<\/p>\n<p>Francisco Mu\u00f1oz-Mart\u00edn (n. ca. 1950) es un destacado psic\u00f3logo cl\u00ednico y social, psicoanalista y escritor espa\u00f1ol con m\u00e1s de cinco d\u00e9cadas de trayectoria profesional. Su formaci\u00f3n multidisciplinar \u2014que abarca la salud mental infantil, la adolescencia, el psicoan\u00e1lisis y la psicosom\u00e1tica\u2014 ha nutrido una obra literaria que transita entre el ensayo psicol\u00f3gico y, m\u00e1s recientemente, la poes\u00eda l\u00edrica. Autor de m\u00e1s de una docena de libros traducidos a seis lenguas, entre los que destacan <em>Su Majestad el ni\u00f1o<\/em>, <em>La mente escindida<\/em> y <em>Narcisismo, fanatismo e ideales del Yo<\/em>, Mu\u00f1oz-Mart\u00edn ha emprendido en sus \u00faltimos a\u00f1os una transici\u00f3n hacia la creaci\u00f3n po\u00e9tica con obras como <em>El Hilo Azul<\/em> (2025) y este <em>Hilo Ib\u00e9rico<\/em>.<\/p>\n<p>Su background como psic\u00f3logo cl\u00ednico resulta relevante para comprender su aproximaci\u00f3n po\u00e9tica: cada regi\u00f3n espa\u00f1ola es retratada como si de un perfil psicol\u00f3gico se tratara, capturando no solo geograf\u00edas sino temperamentos colectivos. Esta mirada cl\u00ednica, lejos de frialdad, aporta una empat\u00eda profunda y una capacidad de escucha que atraviesa todo el poemario.<\/p>\n<p><strong>Resumen Breve<\/strong><\/p>\n<p><em>El Hilo Ib\u00e9rico<\/em> es un ambicioso proyecto po\u00e9tico que traza un mapa l\u00edrico de Espa\u00f1a a trav\u00e9s de poemas dedicados a sus diecisiete comunidades aut\u00f3nomas y dos ciudades aut\u00f3nomas. Concebido como &#8220;un canto plural para una patria compartida&#8221;, el poemario propone una visi\u00f3n integradora de Espa\u00f1a donde la diversidad regional, ling\u00fc\u00edstica y cultural constituye fortaleza antes que debilidad.<\/p>\n<p>Cada poema funciona como retrato sensorial de un territorio: Andaluc\u00eda es &#8220;ra\u00edz de luz&#8221; que germina en flamenco y aceitunas; Arag\u00f3n, &#8220;piedra que canta&#8221; con voluntad cristalina; Galicia, tierra donde &#8220;el viento reza&#8221; entre nieblas y r\u00edas; Euskadi, &#8220;piedra que late en su lengua&#8221; milenaria. El conjunto compone un tapiz donde cada hilo conserva su color \u00fanico mientras contribuye a la imagen total.<\/p>\n<p>La obra incluye traducciones completas al catal\u00e1n, euskera y gallego, materializando su mensaje de respeto ling\u00fc\u00edstico, y c\u00f3digos QR con musicalizaciones de cada poema interpretadas por vocalistas profesionales, creando una experiencia multimedia sin precedentes en la poes\u00eda espa\u00f1ola contempor\u00e1nea.<\/p>\n<p><strong>An\u00e1lisis de Elementos Literarios<\/strong><\/p>\n<p><strong>Trama: Estructura Coral y Progresi\u00f3n Acumulativa<\/strong><\/p>\n<p>Aunque la poes\u00eda l\u00edrica no tiene &#8220;trama&#8221; en sentido narrativo, este poemario construye una arquitectura argumental precisa que podr\u00edamos denominar &#8220;progresi\u00f3n coral&#8221;. La estructura despliega cinco movimientos:<\/p>\n<p><strong>Primer movimiento (Marco conceptual):<\/strong> La &#8220;Nota del Autor&#8221;, el &#8220;Pre\u00e1mbulo&#8221; y el &#8220;Pr\u00f3logo l\u00edrico&#8221; establecen la tesis: &#8220;No hay una sola Espa\u00f1a&#8221;. Este pr\u00f3logo funciona como obertura que anuncia los temas que se desarrollar\u00e1n.<\/p>\n<p><strong>Segundo movimiento (Desarrollo regional):<\/strong> Los dieciocho poemas regionales constituyen el cuerpo central. Cada pieza es aut\u00f3noma pero dialoga con las dem\u00e1s mediante recurrencias formales (an\u00e1foras negativas, met\u00e1foras sensoriales, personificaciones territoriales) que tejen una red sem\u00e1ntica coherente.<\/p>\n<p><strong>Tercer movimiento (S\u00edntesis filos\u00f3fica):<\/strong> El &#8220;Ep\u00edlogo l\u00edrico&#8221; eleva la reflexi\u00f3n del plano po\u00e9tico al filos\u00f3fico-pol\u00edtico, citando pensadores espa\u00f1oles (Ortega y Gasset, Pi i Margall, Salvador Giner) para legitimar intelectualmente la propuesta.<\/p>\n<p><strong>Cuarto movimiento (Reafirmaci\u00f3n multiling\u00fce):<\/strong> Las traducciones completas a catal\u00e1n, euskera y gallego no son ap\u00e9ndice sino parte constitutiva del proyecto: materializan performativamente el respeto ling\u00fc\u00edstico que el libro predica.<\/p>\n<p><strong>Quinto movimiento (Coda provincial):<\/strong> Los poemas a capitales de provincia descienden de escala, demostrando que la diversidad opera en todas las dimensiones territoriales.<\/p>\n<p>Esta estructura circular (tesis-desarrollo-s\u00edntesis) recuerda la arquitectura de una sinfon\u00eda cl\u00e1sica m\u00e1s que la disposici\u00f3n tradicional de un poemario l\u00edrico. El &#8220;cl\u00edmax&#8221; no es dram\u00e1tico sino acumulativo: la suma de dieciocho voces regionales genera un efecto coral que culmina en el ep\u00edlogo con la visi\u00f3n de una &#8220;Espa\u00f1a que est\u00e1 naciendo&#8221;.<\/p>\n<p><strong>Estilo y Lenguaje: Lirismo C\u00edvico Sensorial<\/strong><\/p>\n<p>El estilo de Mu\u00f1oz-Mart\u00edn podr\u00eda caracterizarse como &#8220;lirismo c\u00edvico sensorial&#8221;, una fusi\u00f3n inusual de registros:<\/p>\n<p><strong>L\u00edrico:<\/strong> Empleo sistem\u00e1tico de met\u00e1foras, personificaciones, sinestesias y un lenguaje figurado que transforma geograf\u00edas en experiencias sensoriales. &#8220;La luz no solo ilumina: acaricia la tierra&#8221;, &#8220;el monte escribe con niebla su alfabeto mineral&#8221;, &#8220;l\u00e1grima de uva antigua que fermenta entre oraciones y robles&#8221;.<\/p>\n<p><strong>C\u00edvico:<\/strong> Vocaci\u00f3n pedag\u00f3gica y compromiso con lo colectivo. El poeta no habla desde el yo rom\u00e1ntico torturado sino desde una primera persona plural impl\u00edcita que aspira a construir comunidad. Su poes\u00eda tiene funci\u00f3n p\u00fablica: intervenir en debates identitarios mediante la belleza.<\/p>\n<p><strong>Sensorial:<\/strong> Apelaci\u00f3n constante a los cinco sentidos para corporalizar conceptos abstractos. Andaluc\u00eda tiene &#8220;fonemas de albahaca&#8221;, Cantabria huele a &#8220;le\u00f1a y silencios compartidos&#8221;, La Rioja se saborea como &#8220;l\u00e1grima de uva&#8221;, Asturias se escucha en la &#8220;lluvia que murmura&#8221;.<\/p>\n<p>El lenguaje es accesible sin ser prosaico, elevado sin resultar herm\u00e9tico. Mu\u00f1oz-Mart\u00edn evita arca\u00edsmos, cultismos innecesarios y oscuridad vanguardista, optando por una claridad expresiva que algunos podr\u00edan considerar poco &#8220;moderna&#8221; pero que responde a una vocaci\u00f3n deliberada de comunicaci\u00f3n amplia.<\/p>\n<p>La t\u00e9cnica m\u00e1s caracter\u00edstica es la <strong>an\u00e1fora negativa seguida de redefinici\u00f3n<\/strong>: &#8220;Andaluc\u00eda no se novela. \/ Se pronuncia con el alma&#8221;, &#8220;Madrid no pertenece a nadie: \/ acoge&#8221;, &#8220;Galicia no afirma, \/ duda&#8221;. Esta estructura de refutaci\u00f3n y propuesta atraviesa todo el poemario, creando un ritmo de correcci\u00f3n permanente que invita al lector a desaprender prejuicios y aceptar nuevas miradas.<\/p>\n<p>El <strong>verso libre<\/strong> domina sin sujeci\u00f3n m\u00e9trica, aunque el poeta mantiene musicalidad mediante asonancias ocasionales, paralelismos sint\u00e1cticos y alternancia entre versos breves (contundentes) y amplios (descriptivos). Esta flexibilidad formal permite que cada regi\u00f3n &#8220;hable&#8221; con su propio ritmo: versos cortos y fragmentarios para Arag\u00f3n o Euskadi (territorios de car\u00e1cter contundente), versos m\u00e1s fluidos para Galicia o Asturias (regiones de car\u00e1cter contemplativo).<\/p>\n<p><strong>Ambientaci\u00f3n: La Geograf\u00eda como Protagonista<\/strong><\/p>\n<p>La &#8220;ambientaci\u00f3n&#8221; de este poemario es toda Espa\u00f1a, retratada no como abstracci\u00f3n pol\u00edtica sino como constelaci\u00f3n de paisajes concretos, sensoriales, habitados. Cada poema sit\u00faa al lector en un territorio espec\u00edfico mediante acumulaci\u00f3n de detalles:<\/p>\n<p><strong>Andaluc\u00eda:<\/strong> Alminares, cuevas flamencas, aceituneros, cal encendida, arroyos del campo, azulejos, romero, hebreo, \u00e1rabe, manzanilla. El ambiente es c\u00e1lido, mestizo, musical.<\/p>\n<p><strong>Asturias:<\/strong> Niebla, bosque, mar, h\u00f3rreos, lagares, sidra, Cruz de la Victoria, helechos, valles. El ambiente es verde, h\u00famedo, silencioso, resistente.<\/p>\n<p><strong>Castilla y Le\u00f3n:<\/strong> Meseta, rosetones g\u00f3ticos, capiteles rom\u00e1nicos, Duero, piedra, torres, catedrales. El ambiente es p\u00e9treo, monumental, silencioso, memorial.<\/p>\n<p>Estos ambientes no son tel\u00f3n de fondo pasivo sino agentes activos que moldean identidades. El determinismo geogr\u00e1fico se expresa po\u00e9ticamente: el sol extreme\u00f1o &#8220;forja esp\u00edritus de hierro&#8221;, la niebla asturiana cultiva la resistencia, el fuego canario bendice. Esta relaci\u00f3n dial\u00e9ctica entre paisaje y car\u00e1cter conecta el poemario con tradiciones filos\u00f3ficas (Ortega y Gasset: &#8220;Yo soy yo y mi circunstancia&#8221;) pero expresadas l\u00edricamente.<\/p>\n<p>La <strong>progresi\u00f3n geogr\u00e1fica<\/strong> sigue un itinerario simb\u00f3lico: comienza en Andaluc\u00eda (sur, mestizaje, puerta africana) y culmina en Ceuta y Melilla (fronteras, umbrales entre culturas). Este recorrido construye narrativamente la tesis de Espa\u00f1a como encrucijada de civilizaciones.<\/p>\n<p><strong>Interpretaci\u00f3n y Juicio Cr\u00edtico<\/strong><\/p>\n<p><strong>Interpretaci\u00f3n: El Tapiz como Met\u00e1fora Pol\u00edtica<\/strong><\/p>\n<p>La met\u00e1fora central del libro \u2014el tapiz tejido con hilos de distintos colores\u2014 funciona en m\u00faltiples niveles interpretativos:<\/p>\n<p><strong>Nivel est\u00e9tico:<\/strong> Un tapiz es bello precisamente por su policrom\u00eda. La uniformidad crom\u00e1tica lo empobrecer\u00eda. Trasladado a lo nacional: Espa\u00f1a es bella por su diversidad, no a pesar de ella.<\/p>\n<p><strong>Nivel estructural:<\/strong> Un tapiz requiere que cada hilo mantenga su color (identidad propia) pero se entrelace con otros (relaci\u00f3n con el conjunto). Los hilos sueltos no forman tapiz; los hilos te\u00f1idos del mismo color tampoco. Met\u00e1fora de una Espa\u00f1a federal donde cada territorio conserva su especificidad pero se vincula org\u00e1nicamente al todo.<\/p>\n<p><strong>Nivel temporal:<\/strong> Un tapiz se teje pacientemente, hilo a hilo, sin prisa. Sugiere que la construcci\u00f3n nacional es proceso lento, artesanal, que requiere respeto por los materiales y los tiempos propios de cada elemento.<\/p>\n<p><strong>Nivel \u00e9tico:<\/strong> El tejedor no impone su voluntad al hilo; respeta sus propiedades (grosor, textura, color) y las integra en el dise\u00f1o. Met\u00e1fora de una pol\u00edtica que reconoce antes que impone, que escucha antes que dicta.<\/p>\n<p>M\u00e1s all\u00e1 de esta met\u00e1fora expl\u00edcita, el poemario despliega simbolismos secundarios: los <strong>puentes<\/strong> (conexi\u00f3n sin uniformizaci\u00f3n), las <strong>ra\u00edces<\/strong> (memoria que nutre sin paralizar), el <strong>trabajo<\/strong> (relaci\u00f3n org\u00e1nica con la tierra), las <strong>lenguas<\/strong> (modos de habitar el mundo, no meros c\u00f3digos).<\/p>\n<p>El mensaje subyacente es inequ\u00edvoco: Espa\u00f1a puede concebirse como federaci\u00f3n de culturas donde las identidades m\u00faltiples no son problema sino soluci\u00f3n. Esta propuesta dialoga con tradiciones federalistas espa\u00f1olas (Pi i Margall en el siglo XIX, constitucionalismo plurinacional contempor\u00e1neo) expresadas ahora en clave l\u00edrica.<\/p>\n<p><strong>Juicio Cr\u00edtico: Virtudes y Limitaciones<\/strong><\/p>\n<p><strong>Originalidad:<\/strong> El poemario es original en formato (multimedia con QR musicalizados) y en alcance (exhaustividad geogr\u00e1fica y multiling\u00fcismo). Sin embargo, tem\u00e1ticamente la identidad espa\u00f1ola plural ha sido abordada extensamente en ensayo y narrativa. La novedad reside en el tratamiento l\u00edrico y en la combinaci\u00f3n de m\u00faltiples elementos (poes\u00eda, m\u00fasica, traducci\u00f3n, tecnolog\u00eda) en un \u00fanico artefacto cultural.<\/p>\n<p><strong>Coherencia:<\/strong> La coherencia formal e ideol\u00f3gica es absoluta, quiz\u00e1 excesiva. Cada poema sigue f\u00f3rmulas similares (personificaci\u00f3n territorial, met\u00e1foras sensoriales, an\u00e1fora negativa, cierre filos\u00f3fico), lo que garantiza unidad pero puede generar previsibilidad. La ausencia de voces disonantes, de contradicciones internas o de momentos de duda resta complejidad dram\u00e1tica al conjunto.<\/p>\n<p><strong>Impacto emocional:<\/strong> El impacto depender\u00e1 de las afinidades previas del lector. Para quienes comparten la visi\u00f3n de Espa\u00f1a plural, el poemario funciona como validaci\u00f3n emocional que articula sentimientos difusos. Para lectores esc\u00e9pticos o con concepciones distintas de la identidad nacional, las met\u00e1foras bellas no disolver\u00e1n necesariamente objeciones pol\u00edticas. El libro predica principalmente a conversos.<\/p>\n<p><strong>Contribuci\u00f3n al g\u00e9nero:<\/strong> Como poes\u00eda l\u00edrica contempor\u00e1nea, el poemario recupera una funci\u00f3n que muchos consideran obsoleta: la construcci\u00f3n simb\u00f3lica de la comunidad pol\u00edtica mediante el canto. Esta recuperaci\u00f3n de la poes\u00eda c\u00edvica lo sit\u00faa contracorriente respecto a tendencias dominantes (intimismo, fragmentaci\u00f3n posmoderna, iron\u00eda desencantada), lo que constituye simult\u00e1neamente su mayor audacia y su posible anacronismo.<\/p>\n<p>La <strong>mayor virtud<\/strong> del libro reside en su capacidad de transformar conceptos pol\u00edticos abstractos en experiencias sensoriales inmediatas. No se teoriza sobre Galicia; se la escucha (gaita que llora), se la toca (piedra h\u00fameda), se la respira (niebla que abraza). Esta corporalizaci\u00f3n de lo ideol\u00f3gico constituye un logro t\u00e9cnico notable.<\/p>\n<p>La <strong>mayor limitaci\u00f3n<\/strong> es su transparencia sin fisuras. Un libro sin ambig\u00fcedad, sin zonas oscuras, sin espacios para que el lector complete significados. Todo est\u00e1 dicho, mostrado, argumentado. Esta claridad pedag\u00f3gica puede resultar reconfortante o, seg\u00fan el criterio, algo unidimensional. La poes\u00eda m\u00e1s perdurable suele albergar contradicciones productivas, enigmas irresueltos, sombras inquietantes. <em>El Hilo Ib\u00e9rico<\/em> es luminoso hasta la saturaci\u00f3n, optimista hasta la ingenuidad posible.<\/p>\n<p><strong>T\u00e9cnicas Innovadoras y Comparaci\u00f3n con Poetas del Siglo XX<\/strong><\/p>\n<p><strong>Innovaciones para el Lector Contempor\u00e1neo<\/strong><\/p>\n<p>Mu\u00f1oz-Mart\u00edn innova en tres frentes:<\/p>\n<ol>\n<li><strong> Integraci\u00f3n multimedia:<\/strong> Los c\u00f3digos QR con musicalizaciones crean una experiencia po\u00e9tica expandida. El lector no solo lee sino que escucha las composiciones interpretadas profesionalmente con guitarra, voces y arreglos del propio autor. Esta hibridaci\u00f3n entre libro f\u00edsico y contenido digital anticipa nuevas formas de consumo po\u00e9tico que dialogan con las tecnolog\u00edas sin renunciar al soporte impreso. En el panorama espa\u00f1ol, esta experimentaci\u00f3n tiene pocos precedentes comparables.<\/li>\n<li><strong> Multiling\u00fcismo performativo:<\/strong> Traducir \u00edntegramente el libro (no solo fragmentos) a las tres lenguas cooficiales materializa el mensaje de respeto ling\u00fc\u00edstico. No se habla sobre la diversidad ling\u00fc\u00edstica; se la practica. Esta decisi\u00f3n editorial multiplica por cuatro la extensi\u00f3n del libro pero refuerza performativamente su tesis.<\/li>\n<li><strong> Accesibilidad democratizadora:<\/strong> Frente a la oscuridad vanguardista que domina sectores de la poes\u00eda contempor\u00e1nea, Mu\u00f1oz-Mart\u00edn apuesta por la claridad comunicativa sin renunciar a la sofisticaci\u00f3n t\u00e9cnica. Sus met\u00e1foras son originales pero transparentes; su lenguaje, elevado pero accesible. Esta democratizaci\u00f3n busca ampliar las audiencias po\u00e9ticas m\u00e1s all\u00e1 del circuito especializado.<\/li>\n<\/ol>\n<p><strong>Comparaci\u00f3n con Poetas del Siglo XX<\/strong><\/p>\n<p><strong>Con Antonio Machado (1875-1939):<\/strong><\/p>\n<p>La vinculaci\u00f3n m\u00e1s evidente. Como Machado en <em>Campos de Castilla<\/em>, Mu\u00f1oz-Mart\u00edn transforma geograf\u00edas concretas en espacios m\u00edtico-simb\u00f3licos. Ambos entienden el paisaje como constructor de identidad. Sin embargo, sus tonos difieren: Machado escribe desde el pesimismo noventayochista (&#8220;Espa\u00f1a de la rabia y de la idea&#8221;); Mu\u00f1oz-Mart\u00edn, desde el optimismo conciliador. Donde Machado vio una Espa\u00f1a enferma que necesitaba regeneraci\u00f3n, Mu\u00f1oz-Mart\u00edn ve una Espa\u00f1a diversa que necesita reconocimiento mutuo.<\/p>\n<p>Comp\u00e1rese el verso machadiano &#8220;Castilla miserable, ayer dominadora, \/ envuelta en sus andrajos desprecia cuanto ignora&#8221; con el de Mu\u00f1oz-Mart\u00edn: &#8220;Castilla y Le\u00f3n no limita: \/ se eleva como una oraci\u00f3n \/ que a\u00fan sabe construir el futuro&#8221;. El primero diagnostica decadencia; el segundo celebra permanencia creativa.<\/p>\n<p><strong>Con Federico Garc\u00eda Lorca (1898-1936):<\/strong><\/p>\n<p>Lorca en <em>Poema del Cante Jondo<\/em> o en el <em>Romancero Gitano<\/em> fusion\u00f3 geograf\u00eda andaluza con mitolog\u00eda popular mediante un lenguaje intensamente metaf\u00f3rico. Mu\u00f1oz-Mart\u00edn comparte esta estrategia de transformaci\u00f3n del paisaje en s\u00edmbolo mediante met\u00e1fora, pero su registro es m\u00e1s contenido, menos barroco. Lorca escrib\u00eda: &#8220;Verde que te quiero verde. \/ Verde viento. Verdes ramas&#8221;. Mu\u00f1oz-Mart\u00edn: &#8220;Andaluc\u00eda germina: \/ y reverdece&#8221;. La contenci\u00f3n emocional contrasta con el arrebato lorquiano.<\/p>\n<p><strong>Con Miguel Hern\u00e1ndez (1910-1942):<\/strong><\/p>\n<p>Hern\u00e1ndez en <em>Viento del Pueblo<\/em> o <em>El Hombre Acecha<\/em> cultiv\u00f3 una poes\u00eda social comprometida con lenguaje accesible. Ambos poetas comparten vocaci\u00f3n c\u00edvica y rechazo del hermetismo, pero Hern\u00e1ndez escrib\u00eda desde la urgencia b\u00e9lica (&#8220;vientos del pueblo me llevan&#8221;), mientras Mu\u00f1oz-Mart\u00edn escribe desde la reflexi\u00f3n postb\u00e9lica (ochenta a\u00f1os despu\u00e9s de la Guerra Civil). Hern\u00e1ndez es pasi\u00f3n combativa; Mu\u00f1oz-Mart\u00edn, raz\u00f3n conciliadora.<\/p>\n<p><strong>Con Blas de Otero (1916-1979) y Gabriel Celaya (1911-1991):<\/strong><\/p>\n<p>La poes\u00eda social de posguerra (Otero: &#8220;La poes\u00eda es un arma cargada de futuro&#8221;; Celaya: &#8220;La poes\u00eda no es un fin en s\u00ed&#8221;) conceb\u00eda el verso como instrumento de transformaci\u00f3n pol\u00edtica. Mu\u00f1oz-Mart\u00edn hereda esta concepci\u00f3n utilitaria de la poes\u00eda pero con tono radicalmente distinto. Otero y Celaya escrib\u00edan desde la denuncia y la resistencia antifranquista; Mu\u00f1oz-Mart\u00edn, desde la propuesta y la reconciliaci\u00f3n democr\u00e1tica. Aquellos eran poetas de oposici\u00f3n; este, de proposici\u00f3n.<\/p>\n<p><strong>Con Luis Garc\u00eda Montero (1958-):<\/strong><\/p>\n<p>Garc\u00eda Montero, principal exponente de la &#8220;poes\u00eda de la experiencia&#8221;, comparte con Mu\u00f1oz-Mart\u00edn la voluntad de accesibilidad y el compromiso c\u00edvico desde la democracia. Ambos rechazan la oscuridad vanguardista. Sin embargo, Garc\u00eda Montero privilegia el yo l\u00edrico y la an\u00e9cdota personal como veh\u00edculos de reflexi\u00f3n social, mientras Mu\u00f1oz-Mart\u00edn adopta una perspectiva coral colectiva. Garc\u00eda Montero es intimista incluso en su poes\u00eda pol\u00edtica; Mu\u00f1oz-Mart\u00edn, \u00e9pico.<\/p>\n<p><strong>Con Joan Brossa (1919-1998) y la Poes\u00eda Experimental:<\/strong><\/p>\n<p>Brossa desarroll\u00f3 en Catalu\u00f1a una poes\u00eda experimental que fusionaba texto, imagen y objeto. Aunque formalmente distintos, Brossa y Mu\u00f1oz-Mart\u00edn comparten el af\u00e1n de expandir los l\u00edmites del poema mediante integraci\u00f3n de medios (Brossa: poes\u00eda visual y objetual; Mu\u00f1oz-Mart\u00edn: poes\u00eda musical y digital). Ambos conciben el poema como experiencia total que excede la p\u00e1gina escrita.<\/p>\n<p><strong>Contexto Hist\u00f3rico y Cultural<\/strong><\/p>\n<p><strong>Contexto Hist\u00f3rico: La Espa\u00f1a Post-Proceso Independentista<\/strong><\/p>\n<p><em>El Hilo Ib\u00e9rico<\/em> se publica en 2025, en un momento espec\u00edfico de la historia espa\u00f1ola reciente. La d\u00e9cada anterior (2010-2020) estuvo marcada por la intensificaci\u00f3n del proceso independentista catal\u00e1n, con el refer\u00e9ndum ilegal de 2017, la declaraci\u00f3n unilateral de independencia, la aplicaci\u00f3n del art\u00edculo 155 de la Constituci\u00f3n y el posterior juicio y encarcelamiento de l\u00edderes independentistas.<\/p>\n<p>Este contexto de polarizaci\u00f3n territorial explica la urgencia del proyecto de Mu\u00f1oz-Mart\u00edn. El poemario no nace en vac\u00edo sino como respuesta l\u00edrica a una crisis pol\u00edtica real. Cuando el poeta escribe &#8220;Aqu\u00ed no hay centro ni periferia, \/ hay puentes&#8221;, est\u00e1 interviniendo directamente en debates candentes sobre el modelo territorial espa\u00f1ol.<\/p>\n<p>La menci\u00f3n expl\u00edcita en el ep\u00edlogo a &#8220;las recientes encrucijadas de Catalu\u00f1a&#8221; y a &#8220;la continua defensa de sus especificidades en lugares como Euskadi o Galicia&#8221; sit\u00faa el libro conscientemente en este momento hist\u00f3rico. No es poes\u00eda atemporal sino poes\u00eda de su tiempo, que aspira a incidir en su tiempo.<\/p>\n<p>El tratamiento del poema a Catalu\u00f1a resulta particularmente significativo en este contexto. El poeta evita el tono defensivo o la recriminaci\u00f3n, optando por una caracterizaci\u00f3n respetuosa: &#8220;Catalu\u00f1a no se impone: \/ se inventa en su propia lengua&#8221;. Esta afirmaci\u00f3n reconoce la especificidad catalana (invenci\u00f3n creativa en lengua propia) sin conceder la premisa separatista. Es un equilibrio delicado que algunos encontrar\u00e1n acertado y otros, insuficiente.<\/p>\n<p><strong>Contexto Cultural: Crisis Identitaria Europea<\/strong><\/p>\n<p>A nivel europeo, la d\u00e9cada de 2020 est\u00e1 marcada por tensiones entre nacionalismos locales y proyectos supranacionales. Brexit (2020) fractur\u00f3 la Uni\u00f3n Europea; los nacionalismos de derecha ganaron fuerza en Francia, Italia, Pa\u00edses Bajos; los separatismos flamenco, escoc\u00e9s o catal\u00e1n cuestionaron estados plurinacionales hist\u00f3ricos.<\/p>\n<p>En este contexto, <em>El Hilo Ib\u00e9rico<\/em> se posiciona como modelo alternativo. El ep\u00edlogo afirma expl\u00edcitamente: &#8220;En una Europa que busca un alma, \/ Espa\u00f1a ofrece la suya&#8221;. El poeta propone a Espa\u00f1a como laboratorio de convivencia plural que podr\u00eda inspirar modelos para la UE. Esta ambici\u00f3n puede resultar desmesurada, pero responde a un problema real: \u00bfc\u00f3mo construir comunidades pol\u00edticas que respeten diversidades sin fragmentarse?<\/p>\n<p>El subt\u00edtulo &#8220;Un canto plural para una patria compartida&#8221; dialoga con el lema oficial de la Uni\u00f3n Europea: &#8220;Unida en la diversidad&#8221;. Mu\u00f1oz-Mart\u00edn propone que Espa\u00f1a podr\u00eda encarnar ese ideal europeo si superara sus tensiones internas mediante reconocimiento mutuo.<\/p>\n<p><strong>Recepci\u00f3n Previsible<\/strong><\/p>\n<p>La recepci\u00f3n del libro depender\u00e1 de las afinidades pol\u00edticas de lectores y cr\u00edticos. Desde posiciones independentistas catalanas o vascas, el poemario podr\u00eda rechazarse como &#8220;espa\u00f1olista&#8221; que presupone la legitimidad del estado espa\u00f1ol. Desde posiciones nacionalistas espa\u00f1olas centralistas, podr\u00eda criticarse como &#8220;buenista&#8221; que concede demasiado a particularismos regionales.<\/p>\n<p>Su audiencia natural ser\u00e1n lectores de centro-izquierda federalista, socialdem\u00f3cratas, progresistas no nacionalistas, europe\u00edstas convencidos. Para este p\u00fablico, el libro articular\u00e1 po\u00e9ticamente convicciones previas, ofreciendo herramientas emocionales y simb\u00f3licas para sostener sus posiciones en debates identitarios.<\/p>\n<p><strong>Comparaci\u00f3n con Otras Obras<\/strong><\/p>\n<p><strong>Con &#8220;Canto General&#8221; de Pablo Neruda<\/strong><\/p>\n<p>La ambici\u00f3n totalizadora de <em>El Hilo Ib\u00e9rico<\/em> recuerda al <em>Canto General<\/em> (1950) de Neruda, que pretend\u00eda abarcar toda la historia y geograf\u00eda latinoamericana. Ambos poetas conciben la poes\u00eda como cartograf\u00eda l\u00edrica, como construcci\u00f3n simb\u00f3lica de comunidades amplias (Latinoam\u00e9rica, Espa\u00f1a). Sin embargo, Neruda escrib\u00eda desde el marxismo militante con tono \u00e9pico-heroico, mientras Mu\u00f1oz-Mart\u00edn escribe desde el humanismo federalista con tono conciliador.<\/p>\n<p><strong>Con &#8220;Campos de Castilla&#8221; de Antonio Machado<\/strong><\/p>\n<p>Ya mencionado, pero merece profundizaci\u00f3n. Machado dedic\u00f3 su libro a una sola regi\u00f3n (Castilla) caracterizada con ambivalencia cr\u00edtica. Mu\u00f1oz-Mart\u00edn dedica poemas a todas las regiones con tono celebratorio equilibrado. Machado buscaba el &#8220;alma de Castilla&#8221;; Mu\u00f1oz-Mart\u00edn, el &#8220;tapiz de Espa\u00f1a&#8221;. El primero es anal\u00edtico y cr\u00edtico; el segundo, sint\u00e9tico y afirmativo.<\/p>\n<p><strong>Con &#8220;Diario de un Poeta Reci\u00e9n Casado&#8221; de Juan Ram\u00f3n Jim\u00e9nez<\/strong><\/p>\n<p>Aunque tem\u00e1ticamente distinto (el viaje transatl\u00e1ntico de Juan Ram\u00f3n), ambos libros son diarios l\u00edricos de recorridos geogr\u00e1ficos. Juan Ram\u00f3n capturaba impresiones fragmentarias; Mu\u00f1oz-Mart\u00edn, s\u00edntesis caracterol\u00f3gicas. El primero es impresionista; el segundo, expresionista.<\/p>\n<p><strong>Con Poes\u00eda Regional Contempor\u00e1nea<\/strong><\/p>\n<p>Comparado con poetas que han cantado regiones espec\u00edficas (Claudio Rodr\u00edguez en Castilla, \u00c1ngel Gonz\u00e1lez en Asturias, Salvador Espriu en Catalu\u00f1a), Mu\u00f1oz-Mart\u00edn se distingue por su aspiraci\u00f3n inclusiva. No canta a una regi\u00f3n sino a todas. Esta exhaustividad es simult\u00e1neamente su fortaleza (proyecto totalizador) y su debilidad (menor profundidad en cada caracterizaci\u00f3n regional frente a poetas especializados).<\/p>\n<p><strong>Opini\u00f3n Personal<\/strong><\/p>\n<p>Como cr\u00edtico, encuentro <em>El Hilo Ib\u00e9rico<\/em> un proyecto valiente, t\u00e9cnicamente competente y emocionalmente sincero, aunque no exento de limitaciones significativas.<\/p>\n<p><strong>Virtudes Destacables<\/strong><\/p>\n<ol>\n<li><strong> Audacia del proyecto:<\/strong> En tiempos de iron\u00eda posmoderna y escepticismo, atreverse a proponer un metarrelato nacional constituye un gesto valiente. El poeta arriesga la acusaci\u00f3n de ingenuidad o anacronismo por su convicci\u00f3n de que la poes\u00eda puede contribuir a imaginar futuros colectivos.<\/li>\n<li><strong> Coherencia entre forma y contenido:<\/strong> El verso libre simboliza libertad, la estructura coral representa pluralidad, las traducciones materializan respeto ling\u00fc\u00edstico, los QR democratizan el acceso. Cada decisi\u00f3n formal refuerza el mensaje ideol\u00f3gico.<\/li>\n<li><strong> Accesibilidad sin simplismo:<\/strong> Logra un equilibrio dif\u00edcil: poes\u00eda comprensible para p\u00fablicos amplios sin caer en la banalidad. Las met\u00e1foras son originales pero transparentes, el lenguaje es elevado pero no herm\u00e9tico.<\/li>\n<li><strong> Innovaci\u00f3n multimedia:<\/strong> La integraci\u00f3n de m\u00fasica y tecnolog\u00eda digital abre caminos para la poes\u00eda del siglo XXI, demostrando que el libro f\u00edsico puede dialogar con lo digital sin disolverse en ello.<\/li>\n<\/ol>\n<p><strong>Limitaciones Evidentes<\/strong><\/p>\n<ol>\n<li><strong> Previsibilidad estructural:<\/strong> La repetici\u00f3n de f\u00f3rmulas en cada poema (personificaci\u00f3n territorial, an\u00e1fora negativa, met\u00e1foras sensoriales, cierre filos\u00f3fico) genera monoton\u00eda en lectura continuada. Cada \u00e1rbol es bello, pero el bosque resulta uniforme.<\/li>\n<li><strong> Ausencia de sombra:<\/strong> El optimismo sin fisuras, la armon\u00eda sin disonancias, la celebraci\u00f3n sin cr\u00edtica restan complejidad dram\u00e1tica. Las mejores obras albergan contradicciones internas; esta, una coherencia quiz\u00e1 excesiva.<\/li>\n<li><strong> Idealizaci\u00f3n de identidades:<\/strong> Las regiones se presentan reconciliadas consigo mismas, sin conflictos internos, sin contradicciones de clase, g\u00e9nero o generaci\u00f3n. Esta armonizaci\u00f3n simplifica realidades complejas.<\/li>\n<li><strong> Dependencia de afinidades previas:<\/strong> El libro convencer\u00e1 principalmente a quienes ya comparten su visi\u00f3n. Para lectores con concepciones distintas de la identidad nacional, las met\u00e1foras bellas no disolver\u00e1n objeciones pol\u00edticas.<\/li>\n<\/ol>\n<p><strong>Recomendaci\u00f3n<\/strong><\/p>\n<p>Recomiendo <em>El Hilo Ib\u00e9rico<\/em> a tres tipos de lectores:<\/p>\n<ol>\n<li><strong> Lectores interesados en poes\u00eda accesible y comprometida:<\/strong> Quienes busquen poes\u00eda con funci\u00f3n c\u00edvica, que hable de lo colectivo sin renunciar a la belleza formal.<\/li>\n<li><strong> Lectores preocupados por cuestiones identitarias espa\u00f1olas:<\/strong> Quienes participen en debates sobre el modelo territorial espa\u00f1ol encontrar\u00e1n aqu\u00ed una propuesta l\u00edrica que puede nutrir sus posiciones.<\/li>\n<li><strong> Lectores que descubren la poes\u00eda:<\/strong> La claridad expresiva y la integraci\u00f3n multimedia hacen de este libro una puerta de entrada accesible al g\u00e9nero po\u00e9tico.<\/li>\n<\/ol>\n<p>No recomiendo el libro a lectores que busquen experimentaci\u00f3n formal radical, oscuridad sugerente o poes\u00eda intimista de exploraci\u00f3n psicol\u00f3gica. Tampoco a quienes rechacen de entrada su premisa pol\u00edtica, pues el libro no ofrece argumentos que transformen esa posici\u00f3n.<\/p>\n<p><strong>Conclusi\u00f3n<\/strong><\/p>\n<p><em>El Hilo Ib\u00e9rico: Tapiz de Culturas<\/em> es un proyecto po\u00e9tico singular que recupera para la l\u00edrica contempor\u00e1nea una funci\u00f3n que muchos consideran obsoleta: la construcci\u00f3n simb\u00f3lica de la comunidad pol\u00edtica mediante el canto. Su mayor logro reside en transformar conceptos abstractos (identidad, diversidad, naci\u00f3n) en experiencias sensoriales inmediatas mediante met\u00e1foras que huelen, suenan, tocan, saborean.<\/p>\n<p>Como poes\u00eda c\u00edvica del siglo XXI, el libro actualiza tradiciones de Machado, Hern\u00e1ndez y la poes\u00eda social de posguerra, pero con tono radicalmente distinto: donde aquellos criticaban desde el pesimismo o denunciaban desde la resistencia, Mu\u00f1oz-Mart\u00edn propone desde el optimismo conciliador. Esta diferencia tonal responde a contextos hist\u00f3ricos distintos: escribir bajo dictadura exige denuncia; escribir en democracia permite proposici\u00f3n.<\/p>\n<p>Como artefacto multimedia, el poemario anticipa nuevas formas de consumo po\u00e9tico que integran tecnolog\u00eda digital sin renunciar al libro f\u00edsico. Esta experimentaci\u00f3n lo sit\u00faa en la vanguardia de la edici\u00f3n po\u00e9tica espa\u00f1ola.<\/p>\n<p>Como intervenci\u00f3n pol\u00edtica, el libro participa conscientemente en debates sobre el modelo territorial espa\u00f1ol, proponiendo una Espa\u00f1a federal donde las identidades m\u00faltiples no compiten sino que se complementan. Esta propuesta ser\u00e1 valorada o rechazada seg\u00fan las convicciones previas del lector, pero merece reconocerse su valent\u00eda: en tiempos de polarizaci\u00f3n, imaginar convivencia constituye un acto revolucionario.<\/p>\n<p>Sus limitaciones \u2014previsibilidad estructural, ausencia de contradicciones, idealizaci\u00f3n de identidades\u2014 no invalidan sus logros pero s\u00ed delimitan su alcance. No es un libro para todos los lectores ni para todos los momentos. Es un libro para este momento hist\u00f3rico espec\u00edfico, que aspira a incidir en su tiempo mediante la belleza.<\/p>\n<p>La pregunta que queda abierta es si la poes\u00eda puede efectivamente contribuir a transformar realidades pol\u00edticas o si su funci\u00f3n se limita a consolar a quienes ya comparten sus premisas. Mu\u00f1oz-Mart\u00edn apuesta por lo primero con convicci\u00f3n admirable. El tiempo dir\u00e1 si su apuesta era fundada o ingenua. Entre tanto, nos deja un tapiz de palabras donde cada regi\u00f3n habla con voz propia en un coro que aspira a la armon\u00eda. Esa aspiraci\u00f3n, en s\u00ed misma, merece respeto.<\/p>\n<p><strong>Cr\u00edtica literaria elaborada por Ana Mar\u00eda Olivares<\/strong><br \/>\nDiciembre de 2025<\/p>\n","protected":false},"excerpt":{"rendered":"<p>Cr\u00edtica literaria del poemario El Hilo Ib\u00e9rico, tapiz de culturas, que explora la identidad plural de Espa\u00f1a a trav\u00e9s de sus voces regionales.<\/p>\n","protected":false},"author":1,"featured_media":9848,"comment_status":"closed","ping_status":"closed","sticky":false,"template":"","format":"standard","meta":{"footnotes":"","_links_to":"","_links_to_target":""},"categories":[41],"tags":[],"class_list":["post-9847","post","type-post","status-publish","format-standard","has-post-thumbnail","hentry","category-resenas"],"yoast_head":"<!-- This site is optimized with the Yoast SEO Premium plugin v24.7 (Yoast SEO v27.5) - https:\/\/yoast.com\/product\/yoast-seo-premium-wordpress\/ -->\n<title>Cr\u00edtica literaria: El hilo ib\u00e9rico, tapiz de culturas - Poes\u00ed\u00ada eres t\u00fa (revista)<\/title>\n<meta name=\"description\" content=\"Cr\u00edtica literaria del poemario El Hilo Ib\u00e9rico, tapiz de culturas, que explora la identidad plural de Espa\u00f1a a trav\u00e9s de sus voces regionales.\" \/>\n<meta name=\"robots\" content=\"index, follow, max-snippet:-1, max-image-preview:large, max-video-preview:-1\" \/>\n<link rel=\"canonical\" href=\"https:\/\/poesiaerestu.com\/revista\/critica-literaria-el-hilo-iberico-tapiz-de-culturas\/\" \/>\n<meta name=\"twitter:label1\" content=\"Written by\" \/>\n\t<meta name=\"twitter:data1\" content=\"admin\" \/>\n\t<meta name=\"twitter:label2\" content=\"Est. reading time\" \/>\n\t<meta name=\"twitter:data2\" content=\"17 minutes\" \/>\n<script type=\"application\/ld+json\" class=\"yoast-schema-graph\">{\"@context\":\"https:\\\/\\\/schema.org\",\"@graph\":[{\"@type\":\"Article\",\"@id\":\"https:\\\/\\\/poesiaerestu.com\\\/revista\\\/critica-literaria-el-hilo-iberico-tapiz-de-culturas\\\/#article\",\"isPartOf\":{\"@id\":\"https:\\\/\\\/poesiaerestu.com\\\/revista\\\/critica-literaria-el-hilo-iberico-tapiz-de-culturas\\\/\"},\"author\":{\"name\":\"admin\",\"@id\":\"https:\\\/\\\/poesiaerestu.com\\\/revista\\\/#\\\/schema\\\/person\\\/fcb1a2122be3810bfdd0c071b4b3e9c4\"},\"headline\":\"Cr\u00edtica literaria: El hilo ib\u00e9rico, tapiz de culturas\",\"datePublished\":\"2025-12-14T10:21:25+00:00\",\"dateModified\":\"2026-03-13T23:22:48+00:00\",\"mainEntityOfPage\":{\"@id\":\"https:\\\/\\\/poesiaerestu.com\\\/revista\\\/critica-literaria-el-hilo-iberico-tapiz-de-culturas\\\/\"},\"wordCount\":4405,\"image\":{\"@id\":\"https:\\\/\\\/poesiaerestu.com\\\/revista\\\/critica-literaria-el-hilo-iberico-tapiz-de-culturas\\\/#primaryimage\"},\"thumbnailUrl\":\"https:\\\/\\\/poesiaerestu.com\\\/revista\\\/wp-content\\\/uploads\\\/2025\\\/12\\\/0_Portada_ElhiloIberico.webp\",\"articleSection\":[\"Rese\u00f1as\"],\"inLanguage\":\"en-US\",\"copyrightYear\":\"2025\",\"copyrightHolder\":{\"@id\":\"https:\\\/\\\/poesiaerestu.com\\\/revista\\\/#organization\"}},{\"@type\":\"WebPage\",\"@id\":\"https:\\\/\\\/poesiaerestu.com\\\/revista\\\/critica-literaria-el-hilo-iberico-tapiz-de-culturas\\\/\",\"url\":\"https:\\\/\\\/poesiaerestu.com\\\/revista\\\/critica-literaria-el-hilo-iberico-tapiz-de-culturas\\\/\",\"name\":\"Cr\u00edtica literaria: El hilo ib\u00e9rico, tapiz de culturas - Poes\u00ed\u00ada eres t\u00fa (revista)\",\"isPartOf\":{\"@id\":\"https:\\\/\\\/poesiaerestu.com\\\/revista\\\/#website\"},\"primaryImageOfPage\":{\"@id\":\"https:\\\/\\\/poesiaerestu.com\\\/revista\\\/critica-literaria-el-hilo-iberico-tapiz-de-culturas\\\/#primaryimage\"},\"image\":{\"@id\":\"https:\\\/\\\/poesiaerestu.com\\\/revista\\\/critica-literaria-el-hilo-iberico-tapiz-de-culturas\\\/#primaryimage\"},\"thumbnailUrl\":\"https:\\\/\\\/poesiaerestu.com\\\/revista\\\/wp-content\\\/uploads\\\/2025\\\/12\\\/0_Portada_ElhiloIberico.webp\",\"datePublished\":\"2025-12-14T10:21:25+00:00\",\"dateModified\":\"2026-03-13T23:22:48+00:00\",\"author\":{\"@id\":\"https:\\\/\\\/poesiaerestu.com\\\/revista\\\/#\\\/schema\\\/person\\\/fcb1a2122be3810bfdd0c071b4b3e9c4\"},\"description\":\"Cr\u00edtica literaria del poemario El Hilo Ib\u00e9rico, tapiz de culturas, que explora la identidad plural de Espa\u00f1a a trav\u00e9s de sus voces regionales.\",\"breadcrumb\":{\"@id\":\"https:\\\/\\\/poesiaerestu.com\\\/revista\\\/critica-literaria-el-hilo-iberico-tapiz-de-culturas\\\/#breadcrumb\"},\"inLanguage\":\"en-US\",\"potentialAction\":[{\"@type\":\"ReadAction\",\"target\":[\"https:\\\/\\\/poesiaerestu.com\\\/revista\\\/critica-literaria-el-hilo-iberico-tapiz-de-culturas\\\/\"]}]},{\"@type\":\"ImageObject\",\"inLanguage\":\"en-US\",\"@id\":\"https:\\\/\\\/poesiaerestu.com\\\/revista\\\/critica-literaria-el-hilo-iberico-tapiz-de-culturas\\\/#primaryimage\",\"url\":\"https:\\\/\\\/poesiaerestu.com\\\/revista\\\/wp-content\\\/uploads\\\/2025\\\/12\\\/0_Portada_ElhiloIberico.webp\",\"contentUrl\":\"https:\\\/\\\/poesiaerestu.com\\\/revista\\\/wp-content\\\/uploads\\\/2025\\\/12\\\/0_Portada_ElhiloIberico.webp\",\"width\":559,\"height\":794},{\"@type\":\"BreadcrumbList\",\"@id\":\"https:\\\/\\\/poesiaerestu.com\\\/revista\\\/critica-literaria-el-hilo-iberico-tapiz-de-culturas\\\/#breadcrumb\",\"itemListElement\":[{\"@type\":\"ListItem\",\"position\":1,\"name\":\"Home\",\"item\":\"https:\\\/\\\/poesiaerestu.com\\\/revista\\\/\"},{\"@type\":\"ListItem\",\"position\":2,\"name\":\"Cr\u00edtica literaria: El hilo ib\u00e9rico, tapiz de culturas\"}]},{\"@type\":\"WebSite\",\"@id\":\"https:\\\/\\\/poesiaerestu.com\\\/revista\\\/#website\",\"url\":\"https:\\\/\\\/poesiaerestu.com\\\/revista\\\/\",\"name\":\"Poes\u00ed\u00ada eres t\u00fa (revista)\",\"description\":\"Revista de poes\u00eda y literatura\",\"potentialAction\":[{\"@type\":\"SearchAction\",\"target\":{\"@type\":\"EntryPoint\",\"urlTemplate\":\"https:\\\/\\\/poesiaerestu.com\\\/revista\\\/?s={search_term_string}\"},\"query-input\":{\"@type\":\"PropertyValueSpecification\",\"valueRequired\":true,\"valueName\":\"search_term_string\"}}],\"inLanguage\":\"en-US\"},{\"@type\":\"Person\",\"@id\":\"https:\\\/\\\/poesiaerestu.com\\\/revista\\\/#\\\/schema\\\/person\\\/fcb1a2122be3810bfdd0c071b4b3e9c4\",\"name\":\"admin\",\"image\":{\"@type\":\"ImageObject\",\"inLanguage\":\"en-US\",\"@id\":\"https:\\\/\\\/secure.gravatar.com\\\/avatar\\\/1cb55a5bd8d6824519e46b552e84b03575857cc9c4d6333824d2f95d82129f50?s=96&d=mm&r=g\",\"url\":\"https:\\\/\\\/secure.gravatar.com\\\/avatar\\\/1cb55a5bd8d6824519e46b552e84b03575857cc9c4d6333824d2f95d82129f50?s=96&d=mm&r=g\",\"contentUrl\":\"https:\\\/\\\/secure.gravatar.com\\\/avatar\\\/1cb55a5bd8d6824519e46b552e84b03575857cc9c4d6333824d2f95d82129f50?s=96&d=mm&r=g\",\"caption\":\"admin\"},\"url\":\"https:\\\/\\\/poesiaerestu.com\\\/revista\\\/author\\\/admin\\\/\"}]}<\/script>\n<!-- \/ Yoast SEO Premium plugin. -->","yoast_head_json":{"title":"Cr\u00edtica literaria: El hilo ib\u00e9rico, tapiz de culturas - Poes\u00ed\u00ada eres t\u00fa (revista)","description":"Cr\u00edtica literaria del poemario El Hilo Ib\u00e9rico, tapiz de culturas, que explora la identidad plural de Espa\u00f1a a trav\u00e9s de sus voces regionales.","robots":{"index":"index","follow":"follow","max-snippet":"max-snippet:-1","max-image-preview":"max-image-preview:large","max-video-preview":"max-video-preview:-1"},"canonical":"https:\/\/poesiaerestu.com\/revista\/critica-literaria-el-hilo-iberico-tapiz-de-culturas\/","twitter_misc":{"Written by":"admin","Est. reading time":"17 minutes"},"schema":{"@context":"https:\/\/schema.org","@graph":[{"@type":"Article","@id":"https:\/\/poesiaerestu.com\/revista\/critica-literaria-el-hilo-iberico-tapiz-de-culturas\/#article","isPartOf":{"@id":"https:\/\/poesiaerestu.com\/revista\/critica-literaria-el-hilo-iberico-tapiz-de-culturas\/"},"author":{"name":"admin","@id":"https:\/\/poesiaerestu.com\/revista\/#\/schema\/person\/fcb1a2122be3810bfdd0c071b4b3e9c4"},"headline":"Cr\u00edtica literaria: El hilo ib\u00e9rico, tapiz de culturas","datePublished":"2025-12-14T10:21:25+00:00","dateModified":"2026-03-13T23:22:48+00:00","mainEntityOfPage":{"@id":"https:\/\/poesiaerestu.com\/revista\/critica-literaria-el-hilo-iberico-tapiz-de-culturas\/"},"wordCount":4405,"image":{"@id":"https:\/\/poesiaerestu.com\/revista\/critica-literaria-el-hilo-iberico-tapiz-de-culturas\/#primaryimage"},"thumbnailUrl":"https:\/\/poesiaerestu.com\/revista\/wp-content\/uploads\/2025\/12\/0_Portada_ElhiloIberico.webp","articleSection":["Rese\u00f1as"],"inLanguage":"en-US","copyrightYear":"2025","copyrightHolder":{"@id":"https:\/\/poesiaerestu.com\/revista\/#organization"}},{"@type":"WebPage","@id":"https:\/\/poesiaerestu.com\/revista\/critica-literaria-el-hilo-iberico-tapiz-de-culturas\/","url":"https:\/\/poesiaerestu.com\/revista\/critica-literaria-el-hilo-iberico-tapiz-de-culturas\/","name":"Cr\u00edtica literaria: El hilo ib\u00e9rico, tapiz de culturas - Poes\u00ed\u00ada eres t\u00fa (revista)","isPartOf":{"@id":"https:\/\/poesiaerestu.com\/revista\/#website"},"primaryImageOfPage":{"@id":"https:\/\/poesiaerestu.com\/revista\/critica-literaria-el-hilo-iberico-tapiz-de-culturas\/#primaryimage"},"image":{"@id":"https:\/\/poesiaerestu.com\/revista\/critica-literaria-el-hilo-iberico-tapiz-de-culturas\/#primaryimage"},"thumbnailUrl":"https:\/\/poesiaerestu.com\/revista\/wp-content\/uploads\/2025\/12\/0_Portada_ElhiloIberico.webp","datePublished":"2025-12-14T10:21:25+00:00","dateModified":"2026-03-13T23:22:48+00:00","author":{"@id":"https:\/\/poesiaerestu.com\/revista\/#\/schema\/person\/fcb1a2122be3810bfdd0c071b4b3e9c4"},"description":"Cr\u00edtica literaria del poemario El Hilo Ib\u00e9rico, tapiz de culturas, que explora la identidad plural de Espa\u00f1a a trav\u00e9s de sus voces regionales.","breadcrumb":{"@id":"https:\/\/poesiaerestu.com\/revista\/critica-literaria-el-hilo-iberico-tapiz-de-culturas\/#breadcrumb"},"inLanguage":"en-US","potentialAction":[{"@type":"ReadAction","target":["https:\/\/poesiaerestu.com\/revista\/critica-literaria-el-hilo-iberico-tapiz-de-culturas\/"]}]},{"@type":"ImageObject","inLanguage":"en-US","@id":"https:\/\/poesiaerestu.com\/revista\/critica-literaria-el-hilo-iberico-tapiz-de-culturas\/#primaryimage","url":"https:\/\/poesiaerestu.com\/revista\/wp-content\/uploads\/2025\/12\/0_Portada_ElhiloIberico.webp","contentUrl":"https:\/\/poesiaerestu.com\/revista\/wp-content\/uploads\/2025\/12\/0_Portada_ElhiloIberico.webp","width":559,"height":794},{"@type":"BreadcrumbList","@id":"https:\/\/poesiaerestu.com\/revista\/critica-literaria-el-hilo-iberico-tapiz-de-culturas\/#breadcrumb","itemListElement":[{"@type":"ListItem","position":1,"name":"Home","item":"https:\/\/poesiaerestu.com\/revista\/"},{"@type":"ListItem","position":2,"name":"Cr\u00edtica literaria: El hilo ib\u00e9rico, tapiz de culturas"}]},{"@type":"WebSite","@id":"https:\/\/poesiaerestu.com\/revista\/#website","url":"https:\/\/poesiaerestu.com\/revista\/","name":"Poes\u00ed\u00ada eres t\u00fa (revista)","description":"Revista de poes\u00eda y literatura","potentialAction":[{"@type":"SearchAction","target":{"@type":"EntryPoint","urlTemplate":"https:\/\/poesiaerestu.com\/revista\/?s={search_term_string}"},"query-input":{"@type":"PropertyValueSpecification","valueRequired":true,"valueName":"search_term_string"}}],"inLanguage":"en-US"},{"@type":"Person","@id":"https:\/\/poesiaerestu.com\/revista\/#\/schema\/person\/fcb1a2122be3810bfdd0c071b4b3e9c4","name":"admin","image":{"@type":"ImageObject","inLanguage":"en-US","@id":"https:\/\/secure.gravatar.com\/avatar\/1cb55a5bd8d6824519e46b552e84b03575857cc9c4d6333824d2f95d82129f50?s=96&d=mm&r=g","url":"https:\/\/secure.gravatar.com\/avatar\/1cb55a5bd8d6824519e46b552e84b03575857cc9c4d6333824d2f95d82129f50?s=96&d=mm&r=g","contentUrl":"https:\/\/secure.gravatar.com\/avatar\/1cb55a5bd8d6824519e46b552e84b03575857cc9c4d6333824d2f95d82129f50?s=96&d=mm&r=g","caption":"admin"},"url":"https:\/\/poesiaerestu.com\/revista\/author\/admin\/"}]}},"_links":{"self":[{"href":"https:\/\/poesiaerestu.com\/revista\/wp-json\/wp\/v2\/posts\/9847","targetHints":{"allow":["GET"]}}],"collection":[{"href":"https:\/\/poesiaerestu.com\/revista\/wp-json\/wp\/v2\/posts"}],"about":[{"href":"https:\/\/poesiaerestu.com\/revista\/wp-json\/wp\/v2\/types\/post"}],"author":[{"embeddable":true,"href":"https:\/\/poesiaerestu.com\/revista\/wp-json\/wp\/v2\/users\/1"}],"replies":[{"embeddable":true,"href":"https:\/\/poesiaerestu.com\/revista\/wp-json\/wp\/v2\/comments?post=9847"}],"version-history":[{"count":3,"href":"https:\/\/poesiaerestu.com\/revista\/wp-json\/wp\/v2\/posts\/9847\/revisions"}],"predecessor-version":[{"id":10448,"href":"https:\/\/poesiaerestu.com\/revista\/wp-json\/wp\/v2\/posts\/9847\/revisions\/10448"}],"wp:featuredmedia":[{"embeddable":true,"href":"https:\/\/poesiaerestu.com\/revista\/wp-json\/wp\/v2\/media\/9848"}],"wp:attachment":[{"href":"https:\/\/poesiaerestu.com\/revista\/wp-json\/wp\/v2\/media?parent=9847"}],"wp:term":[{"taxonomy":"category","embeddable":true,"href":"https:\/\/poesiaerestu.com\/revista\/wp-json\/wp\/v2\/categories?post=9847"},{"taxonomy":"post_tag","embeddable":true,"href":"https:\/\/poesiaerestu.com\/revista\/wp-json\/wp\/v2\/tags?post=9847"}],"curies":[{"name":"wp","href":"https:\/\/api.w.org\/{rel}","templated":true}]}}