{"id":9844,"date":"2025-12-14T11:16:49","date_gmt":"2025-12-14T10:16:49","guid":{"rendered":"https:\/\/poesiaerestu.com\/revista\/?p=9844"},"modified":"2025-12-14T11:16:49","modified_gmt":"2025-12-14T10:16:49","slug":"galicia-tierra-donde-el-viento-reza-de-francisco-munoz-martin-el-hilo-iberico-tapiz-de-culturas","status":"publish","type":"post","link":"https:\/\/poesiaerestu.com\/revista\/galicia-tierra-donde-el-viento-reza-de-francisco-munoz-martin-el-hilo-iberico-tapiz-de-culturas\/","title":{"rendered":"Galicia, tierra donde el viento reza de Francisco Mu\u00f1oz-Mart\u00edn. El Hilo Ib\u00e9rico: Tapiz de Culturas"},"content":{"rendered":"<p><strong>Galicia, tierra donde el viento reza<\/strong><\/p>\n<p>Galicia se observa<br \/>\ny se presiente.<br \/>\nEs bruma que abraza el d\u00eda<br \/>\ny piedra que reza sin altar.<br \/>\nAqu\u00ed la lluvia no cae:<br \/>\nbautiza.<br \/>\nEl gallego no se dice:<br \/>\nse canta con nostalgia aldeana.<br \/>\ny se borda en madera de cruceiro.<br \/>\nEl mar no limita:<br \/>\nseduce.<br \/>\nY cada ola que parte<br \/>\nes un hijo que vuelve en sus mareas.<br \/>\nCompostela es faro de siglos<br \/>\ndonde el silencio es un peregrino.<br \/>\nY en cada r\u00eda se esconde<br \/>\nuna carta escrita al misterio.<br \/>\nGalicia no afirma,<br \/>\nduda.<br \/>\nVerde como el musgo en los muros,<br \/>\nGalicia es una meiga que duerme,<br \/>\narrullada por una gaita que llora.<\/p>\n<p><strong>Francisco Mu\u00f1oz-Mart\u00edn<\/strong><br \/>\n<em>El Hilo Ib\u00e9rico: Tapiz de Culturas<\/em><br \/>\nEditorial Poes\u00eda eres t\u00fa, 2025<\/p>\n<p><strong>CUANDO LA NIEBLA SE VUELVE LENGUA<\/strong><\/p>\n<p>Hay territorios que no se afirman: se insin\u00faan. Galicia pertenece a esa geograf\u00eda de lo incierto, de lo que se presiente antes de verse, de lo que se sospecha antes de conocerse. Y Francisco Mu\u00f1oz-Mart\u00edn lo comprende con una lucidez que trasciende la mera descripci\u00f3n geogr\u00e1fica para adentrarse en la fenomenolog\u00eda de una identidad construida sobre la duda, la nostalgia y el misterio.<\/p>\n<p>El poema dedicado a Galicia en <em>El Hilo Ib\u00e9rico<\/em> es quiz\u00e1 el m\u00e1s melanc\u00f3lico del poemario, el que mejor captura esa cualidad elusiva de ciertas identidades que no se proclaman a gritos sino que murmuran entre brumas. Desde el primer verso \u2014&#8221;Galicia se observa \/ y se presiente&#8221;\u2014 el poeta establece una relaci\u00f3n reflexiva del territorio consigo mismo, como si Galicia fuera un espejo empa\u00f1ado donde la imagen nunca termina de definirse del todo.<\/p>\n<p>Esa bruma que abraza el d\u00eda no es obst\u00e1culo visual sino abrazo materno, sustancia protectora que envuelve sin asfixiar. Y cuando Mu\u00f1oz-Mart\u00edn escribe que &#8220;la lluvia no cae: \/ bautiza&#8221;, est\u00e1 operando una transubstanciaci\u00f3n po\u00e9tica: transforma el fen\u00f3meno meteorol\u00f3gico en sacramento, el agua en gracia, la precipitaci\u00f3n en bendici\u00f3n. La lluvia gallega deja de ser inconveniente clim\u00e1tico para volverse rito inici\u00e1tico que consagra a quienes habitan bajo su persistencia.<\/p>\n<p>Pero es en el tratamiento de la lengua gallega donde el poema alcanza su mayor profundidad. El verso &#8220;El gallego no se dice: \/ se canta con nostalgia aldeana&#8221; condensa toda una teor\u00eda sobre la relaci\u00f3n entre lengua, paisaje y memoria. El gallego no es c\u00f3digo comunicativo neutro sino m\u00fasica eleg\u00edaca, canto que lleva inscrita la saudade, esa melancol\u00eda sin objeto espec\u00edfico que constituye tal vez la emoci\u00f3n gallega por excelente. La &#8220;nostalgia aldeana&#8221; evoca el \u00e9xodo rural, las generaciones que emigraron dejando pueblos vac\u00edos, las voces que se apagaron en aldeas convertidas en ruinas. El gallego se canta porque llorar ser\u00eda demasiado expl\u00edcito, y la discreci\u00f3n melanc\u00f3lica es un valor gallego.<\/p>\n<p>La imagen del cruceiro tallado en madera donde &#8220;se borda&#8221; el gallego a\u00f1ade materialidad artesanal a la lengua. No se habla: se talla, se borda, se esculpe. El lenguaje deviene oficio manual, trabajo paciente de generaciones que han ido puliendo fonemas como quien pule piedra o madera bajo la lluvia pertinaz de los siglos.<\/p>\n<p>El mar gallego tampoco escapa a la redefinici\u00f3n po\u00e9tica. &#8220;El mar no limita: \/ seduce&#8221;, escribe Mu\u00f1oz-Mart\u00edn, invirtiendo la percepci\u00f3n convencional del oc\u00e9ano como frontera. El Atl\u00e1ntico gallego es l\u00edmite que invita a traspasarlo, orilla que llama a los barcos, horizonte que seduce con su promesa de lo desconocido. Y cada ola que parte llev\u00e1ndose emigrantes es tambi\u00e9n ola que retorna trayendo hijos pr\u00f3digos en sus mareas. Ese movimiento pendular entre partida y regreso, entre \u00e9xodo y retorno, define la identidad gallega tanto como la niebla o la piedra.<\/p>\n<p>Compostela aparece como &#8220;faro de siglos \/ donde el silencio es un peregrino&#8221;. La inversi\u00f3n es brillante: no son los peregrinos quienes guardan silencio en Compostela, sino que el silencio mismo peregrina por la ciudad milenaria. El silencio como sujeto activo, como presencia que camina las calles empedradas buscando quiz\u00e1 su propia catedral interior. Y en cada r\u00eda se esconde &#8220;una carta escrita al misterio&#8221;, como si las entradas de mar fueran mensajes en botellas lanzados a un destinatario desconocido, oraciones sin receptor definido, preguntas sin respuesta esperada.<\/p>\n<p>El cierre del poema es de una contenci\u00f3n emocional magistral: &#8220;Galicia no afirma, \/ duda. \/ Verde como el musgo en los muros, \/ Galicia es una meiga que duerme, \/ arrullada por una gaita que llora&#8221;. La duda elevada a condici\u00f3n ontol\u00f3gica, la incertidumbre como forma de sabidur\u00eda. En un pa\u00eds donde todas las regiones parecen seguras de s\u00ed mismas, Galicia se permite la perplejidad, la vacilaci\u00f3n, el quiz\u00e1. Y esa duda no es debilidad sino lucidez: saber que las identidades son construcciones provisionales, m\u00e1scaras hermosas pero m\u00e1scaras al fin.<\/p>\n<p>El color verde del musgo que crece en muros antiguos convierte el verdor gallego en manifestaci\u00f3n del tiempo geol\u00f3gico, de la humedad permanente que permite que la vida vegetal colonice incluso la piedra. Y la meiga \u2014esa figura femenina a medio camino entre bruja benigna y curandera\u2014 que duerme arrullada por una gaita que llora sintetiza toda la paradoja gallega: magia dom\u00e9stica, poder suave, fuerza que se ejerce desde el sue\u00f1o, desde la inactividad aparente. La gaita llora porque el llanto es consustancial a la identidad gallega, pero ese llanto arrulla, consuela, acompa\u00f1a. Es llanto f\u00e9rtil, no est\u00e9ril.<\/p>\n<p>Mu\u00f1oz-Mart\u00edn ha logrado en este poema algo extraordinariamente dif\u00edcil: capturar lo inasible sin traicionarlo con excesiva definici\u00f3n. Galicia permanece misteriosa despu\u00e9s de leerse el poema, pero ahora su misterio tiene palabras, im\u00e1genes, m\u00fasicas que lo hacen comunicable sin resolverlo. El poeta no explica Galicia: la evoca, la conjura, la invoca como quien llama a esp\u00edritus que solo responden si se les habla en el tono adecuado, entre susurro y canto, entre afirmaci\u00f3n y pregunta.<\/p>\n<p>Este es un poema que no puede leerse desde la sequedad. Exige imaginarse bajo la lluvia pertinaz, escuchar gaitas lejanas, caminar por aldeas donde las casas de piedra parecen brotar de la tierra como prolongaciones naturales del paisaje. Exige saber algo de saudade, esa melancol\u00eda que no se cura porque no es enfermedad sino forma de habitar el mundo. Y exige aceptar que algunas identidades no se comprenden: se presienten, como Galicia misma, como la niebla que abraza sin pedir permiso, como el gallego que se canta porque decirlo ser\u00eda insuficiente, como las r\u00edas que guardan cartas escritas al misterio esperando destinatarios que tal vez nunca lleguen pero que, en su espera misma, dan sentido a la escritura.<\/p>\n","protected":false},"excerpt":{"rendered":"<p>Galicia, tierra donde el viento reza Galicia se observa y se presiente. Es bruma que abraza el d\u00eda y piedra que reza sin altar. Aqu\u00ed la lluvia no cae: bautiza. El gallego no se dice: se canta con nostalgia aldeana. y se borda en madera de cruceiro. El mar no limita: seduce. Y cada ola&#8230;<\/p>\n","protected":false},"author":1001006,"featured_media":9845,"comment_status":"closed","ping_status":"closed","sticky":false,"template":"","format":"standard","meta":{"footnotes":"","_links_to":"","_links_to_target":""},"categories":[3],"tags":[],"class_list":["post-9844","post","type-post","status-publish","format-standard","has-post-thumbnail","hentry","category-poesia"],"yoast_head":"<!-- This site is optimized with the Yoast SEO Premium plugin v24.7 (Yoast SEO v27.5) - https:\/\/yoast.com\/product\/yoast-seo-premium-wordpress\/ -->\n<title>Galicia, tierra donde el viento reza de Francisco Mu\u00f1oz-Mart\u00edn. El Hilo Ib\u00e9rico: Tapiz de Culturas - Poes\u00ed\u00ada eres t\u00fa (revista)<\/title>\n<meta name=\"description\" content=\"Galicia, tierra donde el viento reza en un viaje po\u00e9tico por la identidad plural de Espa\u00f1a y sus culturas hermanas en El Hilo Ib\u00e9rico.\" \/>\n<meta name=\"robots\" content=\"index, follow, max-snippet:-1, max-image-preview:large, max-video-preview:-1\" \/>\n<link rel=\"canonical\" href=\"https:\/\/poesiaerestu.com\/revista\/galicia-tierra-donde-el-viento-reza-de-francisco-munoz-martin-el-hilo-iberico-tapiz-de-culturas\/\" \/>\n<meta name=\"twitter:label1\" content=\"Written by\" \/>\n\t<meta name=\"twitter:data1\" content=\"Ana Mar\u00eda Olivares\" \/>\n\t<meta name=\"twitter:label2\" content=\"Est. reading time\" \/>\n\t<meta name=\"twitter:data2\" content=\"5 minutes\" \/>\n<script type=\"application\/ld+json\" class=\"yoast-schema-graph\">{\"@context\":\"https:\\\/\\\/schema.org\",\"@graph\":[{\"@type\":\"Article\",\"@id\":\"https:\\\/\\\/poesiaerestu.com\\\/revista\\\/galicia-tierra-donde-el-viento-reza-de-francisco-munoz-martin-el-hilo-iberico-tapiz-de-culturas\\\/#article\",\"isPartOf\":{\"@id\":\"https:\\\/\\\/poesiaerestu.com\\\/revista\\\/galicia-tierra-donde-el-viento-reza-de-francisco-munoz-martin-el-hilo-iberico-tapiz-de-culturas\\\/\"},\"author\":{\"name\":\"Ana Mar\u00eda Olivares\",\"@id\":\"https:\\\/\\\/poesiaerestu.com\\\/revista\\\/#\\\/schema\\\/person\\\/cf2f0603f3dc0f9949eb248e8ae069ce\"},\"headline\":\"Galicia, tierra donde el viento reza de Francisco Mu\u00f1oz-Mart\u00edn. El Hilo Ib\u00e9rico: Tapiz de Culturas\",\"datePublished\":\"2025-12-14T10:16:49+00:00\",\"mainEntityOfPage\":{\"@id\":\"https:\\\/\\\/poesiaerestu.com\\\/revista\\\/galicia-tierra-donde-el-viento-reza-de-francisco-munoz-martin-el-hilo-iberico-tapiz-de-culturas\\\/\"},\"wordCount\":1151,\"image\":{\"@id\":\"https:\\\/\\\/poesiaerestu.com\\\/revista\\\/galicia-tierra-donde-el-viento-reza-de-francisco-munoz-martin-el-hilo-iberico-tapiz-de-culturas\\\/#primaryimage\"},\"thumbnailUrl\":\"https:\\\/\\\/poesiaerestu.com\\\/revista\\\/wp-content\\\/uploads\\\/2025\\\/12\\\/Poesia-Revista-PET-1.webp\",\"articleSection\":[\"Poes\u00eda\"],\"inLanguage\":\"en-US\",\"copyrightYear\":\"2025\",\"copyrightHolder\":{\"@id\":\"https:\\\/\\\/poesiaerestu.com\\\/revista\\\/#organization\"}},{\"@type\":\"WebPage\",\"@id\":\"https:\\\/\\\/poesiaerestu.com\\\/revista\\\/galicia-tierra-donde-el-viento-reza-de-francisco-munoz-martin-el-hilo-iberico-tapiz-de-culturas\\\/\",\"url\":\"https:\\\/\\\/poesiaerestu.com\\\/revista\\\/galicia-tierra-donde-el-viento-reza-de-francisco-munoz-martin-el-hilo-iberico-tapiz-de-culturas\\\/\",\"name\":\"Galicia, tierra donde el viento reza de Francisco Mu\u00f1oz-Mart\u00edn. El Hilo Ib\u00e9rico: Tapiz de Culturas - Poes\u00ed\u00ada eres t\u00fa (revista)\",\"isPartOf\":{\"@id\":\"https:\\\/\\\/poesiaerestu.com\\\/revista\\\/#website\"},\"primaryImageOfPage\":{\"@id\":\"https:\\\/\\\/poesiaerestu.com\\\/revista\\\/galicia-tierra-donde-el-viento-reza-de-francisco-munoz-martin-el-hilo-iberico-tapiz-de-culturas\\\/#primaryimage\"},\"image\":{\"@id\":\"https:\\\/\\\/poesiaerestu.com\\\/revista\\\/galicia-tierra-donde-el-viento-reza-de-francisco-munoz-martin-el-hilo-iberico-tapiz-de-culturas\\\/#primaryimage\"},\"thumbnailUrl\":\"https:\\\/\\\/poesiaerestu.com\\\/revista\\\/wp-content\\\/uploads\\\/2025\\\/12\\\/Poesia-Revista-PET-1.webp\",\"datePublished\":\"2025-12-14T10:16:49+00:00\",\"author\":{\"@id\":\"https:\\\/\\\/poesiaerestu.com\\\/revista\\\/#\\\/schema\\\/person\\\/cf2f0603f3dc0f9949eb248e8ae069ce\"},\"description\":\"Galicia, tierra donde el viento reza en un viaje po\u00e9tico por la identidad plural de Espa\u00f1a y sus culturas hermanas en El Hilo Ib\u00e9rico.\",\"breadcrumb\":{\"@id\":\"https:\\\/\\\/poesiaerestu.com\\\/revista\\\/galicia-tierra-donde-el-viento-reza-de-francisco-munoz-martin-el-hilo-iberico-tapiz-de-culturas\\\/#breadcrumb\"},\"inLanguage\":\"en-US\",\"potentialAction\":[{\"@type\":\"ReadAction\",\"target\":[\"https:\\\/\\\/poesiaerestu.com\\\/revista\\\/galicia-tierra-donde-el-viento-reza-de-francisco-munoz-martin-el-hilo-iberico-tapiz-de-culturas\\\/\"]}]},{\"@type\":\"ImageObject\",\"inLanguage\":\"en-US\",\"@id\":\"https:\\\/\\\/poesiaerestu.com\\\/revista\\\/galicia-tierra-donde-el-viento-reza-de-francisco-munoz-martin-el-hilo-iberico-tapiz-de-culturas\\\/#primaryimage\",\"url\":\"https:\\\/\\\/poesiaerestu.com\\\/revista\\\/wp-content\\\/uploads\\\/2025\\\/12\\\/Poesia-Revista-PET-1.webp\",\"contentUrl\":\"https:\\\/\\\/poesiaerestu.com\\\/revista\\\/wp-content\\\/uploads\\\/2025\\\/12\\\/Poesia-Revista-PET-1.webp\",\"width\":1024,\"height\":1024},{\"@type\":\"BreadcrumbList\",\"@id\":\"https:\\\/\\\/poesiaerestu.com\\\/revista\\\/galicia-tierra-donde-el-viento-reza-de-francisco-munoz-martin-el-hilo-iberico-tapiz-de-culturas\\\/#breadcrumb\",\"itemListElement\":[{\"@type\":\"ListItem\",\"position\":1,\"name\":\"Home\",\"item\":\"https:\\\/\\\/poesiaerestu.com\\\/revista\\\/\"},{\"@type\":\"ListItem\",\"position\":2,\"name\":\"Galicia, tierra donde el viento reza de Francisco Mu\u00f1oz-Mart\u00edn. El Hilo Ib\u00e9rico: Tapiz de Culturas\"}]},{\"@type\":\"WebSite\",\"@id\":\"https:\\\/\\\/poesiaerestu.com\\\/revista\\\/#website\",\"url\":\"https:\\\/\\\/poesiaerestu.com\\\/revista\\\/\",\"name\":\"Poes\u00ed\u00ada eres t\u00fa (revista)\",\"description\":\"Revista de poes\u00eda y literatura\",\"potentialAction\":[{\"@type\":\"SearchAction\",\"target\":{\"@type\":\"EntryPoint\",\"urlTemplate\":\"https:\\\/\\\/poesiaerestu.com\\\/revista\\\/?s={search_term_string}\"},\"query-input\":{\"@type\":\"PropertyValueSpecification\",\"valueRequired\":true,\"valueName\":\"search_term_string\"}}],\"inLanguage\":\"en-US\"},{\"@type\":\"Person\",\"@id\":\"https:\\\/\\\/poesiaerestu.com\\\/revista\\\/#\\\/schema\\\/person\\\/cf2f0603f3dc0f9949eb248e8ae069ce\",\"name\":\"Ana Mar\u00eda Olivares\",\"image\":{\"@type\":\"ImageObject\",\"inLanguage\":\"en-US\",\"@id\":\"https:\\\/\\\/secure.gravatar.com\\\/avatar\\\/9738e71889a0117c74a4e2755c1bb913a04599bcf04205649e091304bfc2d516?s=96&d=mm&r=g\",\"url\":\"https:\\\/\\\/secure.gravatar.com\\\/avatar\\\/9738e71889a0117c74a4e2755c1bb913a04599bcf04205649e091304bfc2d516?s=96&d=mm&r=g\",\"contentUrl\":\"https:\\\/\\\/secure.gravatar.com\\\/avatar\\\/9738e71889a0117c74a4e2755c1bb913a04599bcf04205649e091304bfc2d516?s=96&d=mm&r=g\",\"caption\":\"Ana Mar\u00eda Olivares\"},\"url\":\"https:\\\/\\\/poesiaerestu.com\\\/revista\\\/author\\\/ana-maria-olivares\\\/\"}]}<\/script>\n<!-- \/ Yoast SEO Premium plugin. -->","yoast_head_json":{"title":"Galicia, tierra donde el viento reza de Francisco Mu\u00f1oz-Mart\u00edn. El Hilo Ib\u00e9rico: Tapiz de Culturas - Poes\u00ed\u00ada eres t\u00fa (revista)","description":"Galicia, tierra donde el viento reza en un viaje po\u00e9tico por la identidad plural de Espa\u00f1a y sus culturas hermanas en El Hilo Ib\u00e9rico.","robots":{"index":"index","follow":"follow","max-snippet":"max-snippet:-1","max-image-preview":"max-image-preview:large","max-video-preview":"max-video-preview:-1"},"canonical":"https:\/\/poesiaerestu.com\/revista\/galicia-tierra-donde-el-viento-reza-de-francisco-munoz-martin-el-hilo-iberico-tapiz-de-culturas\/","twitter_misc":{"Written by":"Ana Mar\u00eda Olivares","Est. reading time":"5 minutes"},"schema":{"@context":"https:\/\/schema.org","@graph":[{"@type":"Article","@id":"https:\/\/poesiaerestu.com\/revista\/galicia-tierra-donde-el-viento-reza-de-francisco-munoz-martin-el-hilo-iberico-tapiz-de-culturas\/#article","isPartOf":{"@id":"https:\/\/poesiaerestu.com\/revista\/galicia-tierra-donde-el-viento-reza-de-francisco-munoz-martin-el-hilo-iberico-tapiz-de-culturas\/"},"author":{"name":"Ana Mar\u00eda Olivares","@id":"https:\/\/poesiaerestu.com\/revista\/#\/schema\/person\/cf2f0603f3dc0f9949eb248e8ae069ce"},"headline":"Galicia, tierra donde el viento reza de Francisco Mu\u00f1oz-Mart\u00edn. El Hilo Ib\u00e9rico: Tapiz de Culturas","datePublished":"2025-12-14T10:16:49+00:00","mainEntityOfPage":{"@id":"https:\/\/poesiaerestu.com\/revista\/galicia-tierra-donde-el-viento-reza-de-francisco-munoz-martin-el-hilo-iberico-tapiz-de-culturas\/"},"wordCount":1151,"image":{"@id":"https:\/\/poesiaerestu.com\/revista\/galicia-tierra-donde-el-viento-reza-de-francisco-munoz-martin-el-hilo-iberico-tapiz-de-culturas\/#primaryimage"},"thumbnailUrl":"https:\/\/poesiaerestu.com\/revista\/wp-content\/uploads\/2025\/12\/Poesia-Revista-PET-1.webp","articleSection":["Poes\u00eda"],"inLanguage":"en-US","copyrightYear":"2025","copyrightHolder":{"@id":"https:\/\/poesiaerestu.com\/revista\/#organization"}},{"@type":"WebPage","@id":"https:\/\/poesiaerestu.com\/revista\/galicia-tierra-donde-el-viento-reza-de-francisco-munoz-martin-el-hilo-iberico-tapiz-de-culturas\/","url":"https:\/\/poesiaerestu.com\/revista\/galicia-tierra-donde-el-viento-reza-de-francisco-munoz-martin-el-hilo-iberico-tapiz-de-culturas\/","name":"Galicia, tierra donde el viento reza de Francisco Mu\u00f1oz-Mart\u00edn. El Hilo Ib\u00e9rico: Tapiz de Culturas - Poes\u00ed\u00ada eres t\u00fa (revista)","isPartOf":{"@id":"https:\/\/poesiaerestu.com\/revista\/#website"},"primaryImageOfPage":{"@id":"https:\/\/poesiaerestu.com\/revista\/galicia-tierra-donde-el-viento-reza-de-francisco-munoz-martin-el-hilo-iberico-tapiz-de-culturas\/#primaryimage"},"image":{"@id":"https:\/\/poesiaerestu.com\/revista\/galicia-tierra-donde-el-viento-reza-de-francisco-munoz-martin-el-hilo-iberico-tapiz-de-culturas\/#primaryimage"},"thumbnailUrl":"https:\/\/poesiaerestu.com\/revista\/wp-content\/uploads\/2025\/12\/Poesia-Revista-PET-1.webp","datePublished":"2025-12-14T10:16:49+00:00","author":{"@id":"https:\/\/poesiaerestu.com\/revista\/#\/schema\/person\/cf2f0603f3dc0f9949eb248e8ae069ce"},"description":"Galicia, tierra donde el viento reza en un viaje po\u00e9tico por la identidad plural de Espa\u00f1a y sus culturas hermanas en El Hilo Ib\u00e9rico.","breadcrumb":{"@id":"https:\/\/poesiaerestu.com\/revista\/galicia-tierra-donde-el-viento-reza-de-francisco-munoz-martin-el-hilo-iberico-tapiz-de-culturas\/#breadcrumb"},"inLanguage":"en-US","potentialAction":[{"@type":"ReadAction","target":["https:\/\/poesiaerestu.com\/revista\/galicia-tierra-donde-el-viento-reza-de-francisco-munoz-martin-el-hilo-iberico-tapiz-de-culturas\/"]}]},{"@type":"ImageObject","inLanguage":"en-US","@id":"https:\/\/poesiaerestu.com\/revista\/galicia-tierra-donde-el-viento-reza-de-francisco-munoz-martin-el-hilo-iberico-tapiz-de-culturas\/#primaryimage","url":"https:\/\/poesiaerestu.com\/revista\/wp-content\/uploads\/2025\/12\/Poesia-Revista-PET-1.webp","contentUrl":"https:\/\/poesiaerestu.com\/revista\/wp-content\/uploads\/2025\/12\/Poesia-Revista-PET-1.webp","width":1024,"height":1024},{"@type":"BreadcrumbList","@id":"https:\/\/poesiaerestu.com\/revista\/galicia-tierra-donde-el-viento-reza-de-francisco-munoz-martin-el-hilo-iberico-tapiz-de-culturas\/#breadcrumb","itemListElement":[{"@type":"ListItem","position":1,"name":"Home","item":"https:\/\/poesiaerestu.com\/revista\/"},{"@type":"ListItem","position":2,"name":"Galicia, tierra donde el viento reza de Francisco Mu\u00f1oz-Mart\u00edn. El Hilo Ib\u00e9rico: Tapiz de Culturas"}]},{"@type":"WebSite","@id":"https:\/\/poesiaerestu.com\/revista\/#website","url":"https:\/\/poesiaerestu.com\/revista\/","name":"Poes\u00ed\u00ada eres t\u00fa (revista)","description":"Revista de poes\u00eda y literatura","potentialAction":[{"@type":"SearchAction","target":{"@type":"EntryPoint","urlTemplate":"https:\/\/poesiaerestu.com\/revista\/?s={search_term_string}"},"query-input":{"@type":"PropertyValueSpecification","valueRequired":true,"valueName":"search_term_string"}}],"inLanguage":"en-US"},{"@type":"Person","@id":"https:\/\/poesiaerestu.com\/revista\/#\/schema\/person\/cf2f0603f3dc0f9949eb248e8ae069ce","name":"Ana Mar\u00eda Olivares","image":{"@type":"ImageObject","inLanguage":"en-US","@id":"https:\/\/secure.gravatar.com\/avatar\/9738e71889a0117c74a4e2755c1bb913a04599bcf04205649e091304bfc2d516?s=96&d=mm&r=g","url":"https:\/\/secure.gravatar.com\/avatar\/9738e71889a0117c74a4e2755c1bb913a04599bcf04205649e091304bfc2d516?s=96&d=mm&r=g","contentUrl":"https:\/\/secure.gravatar.com\/avatar\/9738e71889a0117c74a4e2755c1bb913a04599bcf04205649e091304bfc2d516?s=96&d=mm&r=g","caption":"Ana Mar\u00eda Olivares"},"url":"https:\/\/poesiaerestu.com\/revista\/author\/ana-maria-olivares\/"}]}},"_links":{"self":[{"href":"https:\/\/poesiaerestu.com\/revista\/wp-json\/wp\/v2\/posts\/9844","targetHints":{"allow":["GET"]}}],"collection":[{"href":"https:\/\/poesiaerestu.com\/revista\/wp-json\/wp\/v2\/posts"}],"about":[{"href":"https:\/\/poesiaerestu.com\/revista\/wp-json\/wp\/v2\/types\/post"}],"author":[{"embeddable":true,"href":"https:\/\/poesiaerestu.com\/revista\/wp-json\/wp\/v2\/users\/1001006"}],"replies":[{"embeddable":true,"href":"https:\/\/poesiaerestu.com\/revista\/wp-json\/wp\/v2\/comments?post=9844"}],"version-history":[{"count":1,"href":"https:\/\/poesiaerestu.com\/revista\/wp-json\/wp\/v2\/posts\/9844\/revisions"}],"predecessor-version":[{"id":9846,"href":"https:\/\/poesiaerestu.com\/revista\/wp-json\/wp\/v2\/posts\/9844\/revisions\/9846"}],"wp:featuredmedia":[{"embeddable":true,"href":"https:\/\/poesiaerestu.com\/revista\/wp-json\/wp\/v2\/media\/9845"}],"wp:attachment":[{"href":"https:\/\/poesiaerestu.com\/revista\/wp-json\/wp\/v2\/media?parent=9844"}],"wp:term":[{"taxonomy":"category","embeddable":true,"href":"https:\/\/poesiaerestu.com\/revista\/wp-json\/wp\/v2\/categories?post=9844"},{"taxonomy":"post_tag","embeddable":true,"href":"https:\/\/poesiaerestu.com\/revista\/wp-json\/wp\/v2\/tags?post=9844"}],"curies":[{"name":"wp","href":"https:\/\/api.w.org\/{rel}","templated":true}]}}