{"id":983,"date":"2012-03-06T10:44:08","date_gmt":"2012-03-06T09:44:08","guid":{"rendered":"http:\/\/www.poesiaerestu.com\/revista\/?p=983"},"modified":"2012-03-06T10:44:08","modified_gmt":"2012-03-06T09:44:08","slug":"laura-casielles-partimos-del-convencimiento-de-que-las-palabras-son-capaces-de-transformar-de-hacer","status":"publish","type":"post","link":"https:\/\/poesiaerestu.com\/revista\/laura-casielles-partimos-del-convencimiento-de-que-las-palabras-son-capaces-de-transformar-de-hacer\/","title":{"rendered":"Laura Casielles : \u00ab Partimos del convencimiento de que las palabras son capaces de transformar, de hacer \u00bb"},"content":{"rendered":"<pre><a ref=\"magnificPopup\" href=\"https:\/\/poesiaerestu.com\/revista\/wp-content\/uploads\/2012\/03\/Laura-Casielles.jpg\"><img loading=\"lazy\" decoding=\"async\" class=\"alignleft size-medium wp-image-984\" title=\"Laura Casielles\" src=\"https:\/\/spcdn.shortpixel.ai\/spio\/ret_img,q_cdnize,to_auto,s_webp:avif\/poesiaerestu.com\/revista\/wp-content\/uploads\/2012\/03\/Laura-Casielles-300x199.jpg\" alt=\"\" width=\"300\" height=\"199\" \/><\/a><strong>Entrevista:<\/strong> Alberto G\u00f3mez Vaquero<\/pre>\n<p>Laura Casielles ha recibido recientemente el Premino Nacional de Poes\u00eda Joven Miguel Hernandez 2011. Pese a su corta trayectoria Laura una de las autoras mas prometedoras del principio de este siglo XXI<\/p>\n<p><strong>\u00a0<\/strong><\/p>\n<p><strong>1-\u00a0 En &#8220;los idiomas comunes&#8221; hemos cre\u00eddo ver cierto elogio, constante, de la vida en movimiento. No contra otras formas de vida, pero s\u00ed c\u00f3mo modo de vida propio, incluso como m\u00e9todo de conocimiento. \u00bfA qu\u00e9 se debe esa defensa del &#8220;vagabundeo&#8221; que es uno de los ejes centrales del libro?<\/strong><\/p>\n<p><strong>\u00a0<\/strong><\/p>\n<p>Contra la fijaci\u00f3n, la norma, el imperio de la ley y la propiedad, quiz\u00e1s sean preferibles la aventura, la indagaci\u00f3n y las preguntas, el viaje, el asombro, el encuentro, el debate, el aprendizaje, las posibilidades&#8230;<\/p>\n<p>&nbsp;<\/p>\n<p>&nbsp;<\/p>\n<p><strong>2-\u00a0 Ese elogio del movimiento tambi\u00e9n incluye cierta reivindicaci\u00f3n de la mezcla cultural, hasta llegar a poemas como descentralizaciones IV, donde &#8220;atacas&#8221; a la supuesta mitolog\u00eda fundacional de la Europa Occidental (la herencia griega, romana, cristiana,&#8230;) en defensa de otras herencias que casi nunca se reivindican (musulmana, ind\u00edgena&#8230;).<\/strong><\/p>\n<p>&nbsp;<\/p>\n<p>Termina diciendo ese poema: \u00abrehilar\u00e1 cien recuerdos escogidos \/ para un futuro justo\u00bb. Como sabemos, los discursos que se dan por verdaderos (en la Historia, en el \u00abc\u00f3mo funciona el mundo\u00bb, en todo lo que se nos cuenta y configura nuestra visi\u00f3n de las cosas) son aquellos que han decidido contar quienes en los procesos resultaron vencedores, quienes se hicieron con el poder. Eso supone inevitablemente callar muchas voces, velar muchas de las escenas de la pel\u00edcula.<\/p>\n<p>&nbsp;<\/p>\n<p>Frente a eso, parece interesante recuperar las diversas perspectivas, escuchar c\u00f3mo cuentan otros el mismo relato, mantener el respeto a lo complejo sin reducirlo. La reivindicaci\u00f3n, la b\u00fasqueda, es que esa sea la manera de dialogar con la herencia, con el vecino, con una misma, con las cosas que ocurren&#8230;<\/p>\n<p>&nbsp;<\/p>\n<p><strong>\u00a0<\/strong><\/p>\n<p><strong>3- Siguiendo con el contenido del libro, en el poema &#8220;modo de empleo&#8221; se vislumbra tambi\u00e9n cierta cr\u00edtica a esa pose de poeta tr\u00e1gico tan com\u00fan entre los autores j\u00f3venes \u00bfHay demasiada pose de malditismo?<\/strong><\/p>\n<p>&nbsp;<\/p>\n<p>No lo s\u00e9. Cada cual tendr\u00e1 sus razones, no tengo especial preocupaci\u00f3n sobre el asunto. En ese poema que refieres hablaba de procesos personales, de preguntas que me hac\u00eda.<\/p>\n<p>&nbsp;<\/p>\n<p>Por otro lado, aprendo de las gentes que m\u00e1s admiro que la poes\u00eda pretende una humilde verdad, un decir distinto, y quiz\u00e1s, como sugieres, a esa b\u00fasqueda no le sienten bien las poses de cualquier \u00edndole. Me dec\u00eda una vez el poeta asturiano Pablo Ardisana: \u00abLo que no es amor, es espect\u00e1culo\u00bb. Y en esa balanza, una quiere estar en el lado del amor, eso seguro.<\/p>\n<p><strong>\u00a0<\/strong><\/p>\n<p><strong>\u00a0<\/strong><\/p>\n<p><strong>4-\u00a0 En general, el poemario parece, por decirlo con un concepto que puede sonar un poco viejo, &#8220;militante&#8221;. Cercano ideol\u00f3gicamente a posturas de izquierdas: aperturista, integrador de culturas, colectivista, contrario a todo lo que signifique conservadurismo&#8230;<\/strong><\/p>\n<p>&nbsp;<\/p>\n<p>\u00abSe escribe como se vive\u00bb, dicen&#8230; \u00bfDe qu\u00e9 podr\u00eda una hablar en sus poemas si no es de lo que le ocupa y preocupa, de lo que le mueve y conmueve, de las mismas cosas de las que habla cada d\u00eda con los amigos y compa\u00f1eros?<\/p>\n<p>&nbsp;<\/p>\n<p>Adem\u00e1s, partimos del convencimiento de que las palabras son capaces de transformar, de hacer. Igual que, de hecho, nuestras vidas han sido radicalmente transformadas por cosas que en un momento dado le\u00edmos o escuchamos, y que supusieron una revelaci\u00f3n tras la cual las cosas no pod\u00edan quedarse como estaban. Si eso es posible, \u00bfc\u00f3mo no aplicarse entonces a decir sobre esas cosas fundamentales que tan importantes nos parecen en el d\u00eda a d\u00eda? Sobre lo que merece ser conocido, sobre lo que necesita ser cambiado, sobre lo que podr\u00eda repensarse, sobre lo que no se suele alumbrar&#8230;<\/p>\n<p>&nbsp;<\/p>\n<p><strong>\u00a0<\/strong><\/p>\n<p><strong>5-\u00a0 Respecto al lenguaje que has elegido, se te ve muy preocupada por la sencillez. No se trata de un poemario muy cargado de im\u00e1genes, met\u00e1foras,&#8230;y tampoco muy cr\u00edptico. \u00bfA qu\u00e9 se debe esa apuesta por la sencillez? \u00bfCu\u00e1l es el objetivo?<\/strong><\/p>\n<p><strong>\u00a0<\/strong><\/p>\n<p>No s\u00e9 si se trata de una apuesta por la sencillez. M\u00e1s bien hablaria de buscar la precisi\u00f3n, de intentar usar las palabras con honestidad, esquivando su desgaste y su mercadeo y el enga\u00f1o que por desgracia nos hemos acostumbrado a que lleven consigo. Pelear por su sentido m\u00e1s limpio en un intento de decir para comunicar, para compartir. Porque adem\u00e1s parece que es cuando eso se consigue en plenitud cuando asoman, sorprendi\u00e9ndonos, la belleza y la hondura<em>. <\/em>Eso es al menos lo que percibo como lectora de poes\u00eda.<\/p>\n<p>&nbsp;<\/p>\n<p><strong>\u00a0<\/strong><\/p>\n<p><strong>6-\u00a0 Hablando del lenguaje: se ve en el libro una preocupaci\u00f3n clara por el uso de las palabras como medio de expresi\u00f3n de lo que podr\u00edamos llamar &#8220;el alma&#8221; de las culturas. \u00bfDe donde nace ese inter\u00e9s por &#8220;los idiomas comunes&#8221;, por encontrar ese punto de encuentro entre todas las culturas?<\/strong><\/p>\n<p><strong>\u00a0<\/strong><\/p>\n<p>M\u00e1s que de un \u00abalma\u00bb de las culturas, la b\u00fasqueda es casi la contraria: la de lo que nos sirve de puente y de punto de encuentro m\u00e1s all\u00e1 de de d\u00f3nde seamos o c\u00f3mo hayamos vivido. Lo contradictorio y complejo de cada cultura, y las semejanzas y las diferencias, los encuentros y los desencuentros,<\/p>\n<p>&nbsp;<\/p>\n<p>Los<em> idiomas comunes<\/em>, como se han querido entender en este libro, son ese punto compartido a partir del cual podemos empezar a construir el mundo, otro mundo, nuestro mundo. Se trata de una exploraci\u00f3n acerca de c\u00f3mo se deshacen las convicciones que sol\u00edan acompa\u00f1arnos, un baile con los rostros que hay bajo las m\u00e1scaras de las convenciones. Algunas vivencias, algunos encuentros, pueden hacer que nos replanteemos las cosas que nos parec\u00edan m\u00e1s evidentes, las que cre\u00edamos que nos sosten\u00edan. El lenguaje, el amor, las ra\u00edces, la historia: todo queda entonces en nuestras manos para que lo modelemos de nuevo, dibujando el lugar en que queremos vivir. Esos pedazos con los que contamos para comenzar ser\u00edan a lo que se refiere eso de \u201cidiomas comunes\u201d. <strong>\u00a0<\/strong><\/p>\n<p><strong>\u00a0<\/strong><\/p>\n<p><strong>\u00a0<\/strong><\/p>\n<p><strong>7- Pasemos al premio. Este a\u00f1o lo hab\u00e9is recibido dos mujeres que publicabais en una misma editorial, una de las fuertes del panorama po\u00e9tico espa\u00f1ol, adem\u00e1s: \u00bfTe han llegado comentarios suspicaces? Porque ya sabes que en esto de los premios siempre hay comentarios maldicientes (ama\u00f1os, intereses, control por parte de las grandes editoriales &#8230;.) \u00bfComo ya premiada: qu\u00e9 dices a esto?<\/strong><\/p>\n<p>&nbsp;<\/p>\n<p>No me ha llegado sino la alegr\u00eda de los amigos y compa\u00f1eros de camino, que me han arropado con mucho cari\u00f1o y con palabras muy generosas.<\/p>\n<p>&nbsp;<\/p>\n<p>Este premio, que no sab\u00eda siquiera que exist\u00eda cuando me llamaron, es un reconocimiento a una obra ya publicada. Espero\u00a0 que permita al libro continuar encontrando lectores.<\/p>\n<p>&nbsp;<\/p>\n<p><strong>\u00a0<\/strong><\/p>\n<p><strong>8- En general (y al hilo de lo anterior), \u00bfcu\u00e1l es tu opini\u00f3n sobre el estado de los premios en Espa\u00f1a?<\/strong><\/p>\n<p>&nbsp;<\/p>\n<p>La verdad es que no soy ninguna entendida en el tema. As\u00ed que no puedo hablarte m\u00e1s que de mi experiencia: por el premio Antonio Carvajal de poes\u00eda publiqu\u00e9 \u00abLos idiomas comunes\u00bb (el segundo poemario tras \u00abSoldado que huye\u00bb, que hab\u00eda salido en <em>Hesperya<\/em>, una peque\u00f1a editorial independiente con base en Asturias), algo de lo que sin duda me alegro porque permiti\u00f3 que ese trabajo pudiera compartirse y llegar a la gente. Este nuevo reconocimiento supone otra alegr\u00eda, claro.<\/p>\n<p><strong>\u00a0<\/strong><\/p>\n<p><strong>9- Aparte de tu colaboraci\u00f3n espor\u00e1dica con Diagonal, \u00bfsigues dentro del mundo period\u00edstico?<\/strong><\/p>\n<p>&nbsp;<\/p>\n<p>M\u00e1s o menos&#8230; Colaboro, espor\u00e1dicamente tambi\u00e9n con diversas publicaciones, medios y proyectos, tanto de tipo period\u00edstico como literario<em>.<\/em><\/p>\n<p>De manera m\u00e1s permanente, desde hace unos meses formo parte de la redacci\u00f3n de AISH (www.aish.es), un medio online sobre la actualidad del mundo \u00e1rabe. Nacido al calor de las revueltas que se est\u00e1n dando en muchos de estos pa\u00edses, su idea es entrar en profundidad en el contexto, historia, entorno, y, en definitiva, vida, de estas sociedades, para poder ofrecer una explicaci\u00f3n un poco m\u00e1s completa de lo que est\u00e1 ocurriendo.<\/p>\n<p>Por otro lado, concibo mis blogs (<a href=\"http:\/\/www.trespiesdelgato.com\/\">www.trespiesdelgato.com<\/a> y <a href=\"http:\/\/www.expressdelgato.tumblr.com\/\">www.expressdelgato.tumblr.com<\/a>) tambi\u00e9n como espacios en los que hablar del mundo que nos toca.<\/p>\n<p><strong>\u00a0<\/strong><\/p>\n<p><strong>10- \u00bfQu\u00e9 proyectos literarios tienes a corto plazo?<\/strong><\/p>\n<p>&nbsp;<\/p>\n<p>M\u00e1s que proyectos, se trata de un caminar&#8230; Una trabaja en unas cosas y en otras, y poco a poco las piezas van encajando (o no). Ya veremos d\u00f3nde nos llevan los pasos.<\/p>\n","protected":false},"excerpt":{"rendered":"<p>Entrevista: Alberto G\u00f3mez Vaquero Laura Casielles ha recibido recientemente el Premino Nacional de Poes\u00eda Joven Miguel Hernandez 2011. Pese a su corta trayectoria Laura una de las autoras mas prometedoras del principio de este siglo XXI \u00a0 1-\u00a0 En &#8220;los idiomas comunes&#8221; hemos cre\u00eddo ver cierto elogio, constante, de la vida en movimiento. No contra&#8230;<\/p>\n","protected":false},"author":1,"featured_media":984,"comment_status":"open","ping_status":"open","sticky":false,"template":"","format":"standard","meta":{"footnotes":"","_links_to":"","_links_to_target":""},"categories":[4],"tags":[],"class_list":["post-983","post","type-post","status-publish","format-standard","has-post-thumbnail","hentry","category-entrevistas"],"yoast_head":"<!-- This site is optimized with the Yoast SEO Premium plugin v24.7 (Yoast SEO v27.5) - https:\/\/yoast.com\/product\/yoast-seo-premium-wordpress\/ -->\n<title>Laura Casielles : \u00ab Partimos del convencimiento de que las palabras son capaces de transformar, de hacer \u00bb<\/title>\n<meta name=\"description\" content=\"Entrevista: Alberto G\u00f3mez Vaquero Laura Casielles ha recibido recientemente el Premino Nacional de Poes\u00eda Joven Miguel Hernandez 2011. Pese a su corta trayec.\" \/>\n<meta name=\"robots\" content=\"index, follow, max-snippet:-1, max-image-preview:large, max-video-preview:-1\" \/>\n<link rel=\"canonical\" href=\"https:\/\/poesiaerestu.com\/revista\/laura-casielles-partimos-del-convencimiento-de-que-las-palabras-son-capaces-de-transformar-de-hacer\/\" \/>\n<meta name=\"twitter:label1\" content=\"Written by\" \/>\n\t<meta name=\"twitter:data1\" content=\"admin\" \/>\n\t<meta name=\"twitter:label2\" content=\"Est. reading time\" \/>\n\t<meta name=\"twitter:data2\" content=\"7 minutes\" \/>\n<script type=\"application\/ld+json\" class=\"yoast-schema-graph\">{\"@context\":\"https:\\\/\\\/schema.org\",\"@graph\":[{\"@type\":\"Article\",\"@id\":\"https:\\\/\\\/poesiaerestu.com\\\/revista\\\/laura-casielles-partimos-del-convencimiento-de-que-las-palabras-son-capaces-de-transformar-de-hacer\\\/#article\",\"isPartOf\":{\"@id\":\"https:\\\/\\\/poesiaerestu.com\\\/revista\\\/laura-casielles-partimos-del-convencimiento-de-que-las-palabras-son-capaces-de-transformar-de-hacer\\\/\"},\"author\":{\"name\":\"admin\",\"@id\":\"https:\\\/\\\/poesiaerestu.com\\\/revista\\\/#\\\/schema\\\/person\\\/fcb1a2122be3810bfdd0c071b4b3e9c4\"},\"headline\":\"Laura Casielles : \u00ab Partimos del convencimiento de que las palabras son capaces de transformar, de hacer \u00bb\",\"datePublished\":\"2012-03-06T09:44:08+00:00\",\"mainEntityOfPage\":{\"@id\":\"https:\\\/\\\/poesiaerestu.com\\\/revista\\\/laura-casielles-partimos-del-convencimiento-de-que-las-palabras-son-capaces-de-transformar-de-hacer\\\/\"},\"wordCount\":1488,\"commentCount\":0,\"image\":{\"@id\":\"https:\\\/\\\/poesiaerestu.com\\\/revista\\\/laura-casielles-partimos-del-convencimiento-de-que-las-palabras-son-capaces-de-transformar-de-hacer\\\/#primaryimage\"},\"thumbnailUrl\":\"https:\\\/\\\/poesiaerestu.com\\\/revista\\\/wp-content\\\/uploads\\\/2012\\\/03\\\/Laura-Casielles.jpg\",\"articleSection\":[\"Entrevistas\"],\"inLanguage\":\"en-US\",\"copyrightYear\":\"2012\",\"copyrightHolder\":{\"@id\":\"https:\\\/\\\/poesiaerestu.com\\\/revista\\\/#organization\"}},{\"@type\":\"WebPage\",\"@id\":\"https:\\\/\\\/poesiaerestu.com\\\/revista\\\/laura-casielles-partimos-del-convencimiento-de-que-las-palabras-son-capaces-de-transformar-de-hacer\\\/\",\"url\":\"https:\\\/\\\/poesiaerestu.com\\\/revista\\\/laura-casielles-partimos-del-convencimiento-de-que-las-palabras-son-capaces-de-transformar-de-hacer\\\/\",\"name\":\"Laura Casielles : \u00ab Partimos del convencimiento de que las palabras son capaces de transformar, de hacer \u00bb\",\"isPartOf\":{\"@id\":\"https:\\\/\\\/poesiaerestu.com\\\/revista\\\/#website\"},\"primaryImageOfPage\":{\"@id\":\"https:\\\/\\\/poesiaerestu.com\\\/revista\\\/laura-casielles-partimos-del-convencimiento-de-que-las-palabras-son-capaces-de-transformar-de-hacer\\\/#primaryimage\"},\"image\":{\"@id\":\"https:\\\/\\\/poesiaerestu.com\\\/revista\\\/laura-casielles-partimos-del-convencimiento-de-que-las-palabras-son-capaces-de-transformar-de-hacer\\\/#primaryimage\"},\"thumbnailUrl\":\"https:\\\/\\\/poesiaerestu.com\\\/revista\\\/wp-content\\\/uploads\\\/2012\\\/03\\\/Laura-Casielles.jpg\",\"datePublished\":\"2012-03-06T09:44:08+00:00\",\"author\":{\"@id\":\"https:\\\/\\\/poesiaerestu.com\\\/revista\\\/#\\\/schema\\\/person\\\/fcb1a2122be3810bfdd0c071b4b3e9c4\"},\"description\":\"Entrevista: Alberto G\u00f3mez Vaquero Laura Casielles ha recibido recientemente el Premino Nacional de Poes\u00eda Joven Miguel Hernandez 2011. Pese a su corta trayec.\",\"breadcrumb\":{\"@id\":\"https:\\\/\\\/poesiaerestu.com\\\/revista\\\/laura-casielles-partimos-del-convencimiento-de-que-las-palabras-son-capaces-de-transformar-de-hacer\\\/#breadcrumb\"},\"inLanguage\":\"en-US\",\"potentialAction\":[{\"@type\":\"ReadAction\",\"target\":[\"https:\\\/\\\/poesiaerestu.com\\\/revista\\\/laura-casielles-partimos-del-convencimiento-de-que-las-palabras-son-capaces-de-transformar-de-hacer\\\/\"]}]},{\"@type\":\"ImageObject\",\"inLanguage\":\"en-US\",\"@id\":\"https:\\\/\\\/poesiaerestu.com\\\/revista\\\/laura-casielles-partimos-del-convencimiento-de-que-las-palabras-son-capaces-de-transformar-de-hacer\\\/#primaryimage\",\"url\":\"https:\\\/\\\/poesiaerestu.com\\\/revista\\\/wp-content\\\/uploads\\\/2012\\\/03\\\/Laura-Casielles.jpg\",\"contentUrl\":\"https:\\\/\\\/poesiaerestu.com\\\/revista\\\/wp-content\\\/uploads\\\/2012\\\/03\\\/Laura-Casielles.jpg\",\"width\":709,\"height\":472},{\"@type\":\"BreadcrumbList\",\"@id\":\"https:\\\/\\\/poesiaerestu.com\\\/revista\\\/laura-casielles-partimos-del-convencimiento-de-que-las-palabras-son-capaces-de-transformar-de-hacer\\\/#breadcrumb\",\"itemListElement\":[{\"@type\":\"ListItem\",\"position\":1,\"name\":\"Home\",\"item\":\"https:\\\/\\\/poesiaerestu.com\\\/revista\\\/\"},{\"@type\":\"ListItem\",\"position\":2,\"name\":\"Laura Casielles : \u00ab Partimos del convencimiento de que las palabras son capaces de transformar, de hacer \u00bb\"}]},{\"@type\":\"WebSite\",\"@id\":\"https:\\\/\\\/poesiaerestu.com\\\/revista\\\/#website\",\"url\":\"https:\\\/\\\/poesiaerestu.com\\\/revista\\\/\",\"name\":\"Poes\u00ed\u00ada eres t\u00fa (revista)\",\"description\":\"Revista de poes\u00eda y literatura\",\"potentialAction\":[{\"@type\":\"SearchAction\",\"target\":{\"@type\":\"EntryPoint\",\"urlTemplate\":\"https:\\\/\\\/poesiaerestu.com\\\/revista\\\/?s={search_term_string}\"},\"query-input\":{\"@type\":\"PropertyValueSpecification\",\"valueRequired\":true,\"valueName\":\"search_term_string\"}}],\"inLanguage\":\"en-US\"},{\"@type\":\"Person\",\"@id\":\"https:\\\/\\\/poesiaerestu.com\\\/revista\\\/#\\\/schema\\\/person\\\/fcb1a2122be3810bfdd0c071b4b3e9c4\",\"name\":\"admin\",\"image\":{\"@type\":\"ImageObject\",\"inLanguage\":\"en-US\",\"@id\":\"https:\\\/\\\/secure.gravatar.com\\\/avatar\\\/1cb55a5bd8d6824519e46b552e84b03575857cc9c4d6333824d2f95d82129f50?s=96&d=mm&r=g\",\"url\":\"https:\\\/\\\/secure.gravatar.com\\\/avatar\\\/1cb55a5bd8d6824519e46b552e84b03575857cc9c4d6333824d2f95d82129f50?s=96&d=mm&r=g\",\"contentUrl\":\"https:\\\/\\\/secure.gravatar.com\\\/avatar\\\/1cb55a5bd8d6824519e46b552e84b03575857cc9c4d6333824d2f95d82129f50?s=96&d=mm&r=g\",\"caption\":\"admin\"},\"url\":\"https:\\\/\\\/poesiaerestu.com\\\/revista\\\/author\\\/admin\\\/\"}]}<\/script>\n<!-- \/ Yoast SEO Premium plugin. -->","yoast_head_json":{"title":"Laura Casielles : \u00ab Partimos del convencimiento de que las palabras son capaces de transformar, de hacer \u00bb","description":"Entrevista: Alberto G\u00f3mez Vaquero Laura Casielles ha recibido recientemente el Premino Nacional de Poes\u00eda Joven Miguel Hernandez 2011. Pese a su corta trayec.","robots":{"index":"index","follow":"follow","max-snippet":"max-snippet:-1","max-image-preview":"max-image-preview:large","max-video-preview":"max-video-preview:-1"},"canonical":"https:\/\/poesiaerestu.com\/revista\/laura-casielles-partimos-del-convencimiento-de-que-las-palabras-son-capaces-de-transformar-de-hacer\/","twitter_misc":{"Written by":"admin","Est. reading time":"7 minutes"},"schema":{"@context":"https:\/\/schema.org","@graph":[{"@type":"Article","@id":"https:\/\/poesiaerestu.com\/revista\/laura-casielles-partimos-del-convencimiento-de-que-las-palabras-son-capaces-de-transformar-de-hacer\/#article","isPartOf":{"@id":"https:\/\/poesiaerestu.com\/revista\/laura-casielles-partimos-del-convencimiento-de-que-las-palabras-son-capaces-de-transformar-de-hacer\/"},"author":{"name":"admin","@id":"https:\/\/poesiaerestu.com\/revista\/#\/schema\/person\/fcb1a2122be3810bfdd0c071b4b3e9c4"},"headline":"Laura Casielles : \u00ab Partimos del convencimiento de que las palabras son capaces de transformar, de hacer \u00bb","datePublished":"2012-03-06T09:44:08+00:00","mainEntityOfPage":{"@id":"https:\/\/poesiaerestu.com\/revista\/laura-casielles-partimos-del-convencimiento-de-que-las-palabras-son-capaces-de-transformar-de-hacer\/"},"wordCount":1488,"commentCount":0,"image":{"@id":"https:\/\/poesiaerestu.com\/revista\/laura-casielles-partimos-del-convencimiento-de-que-las-palabras-son-capaces-de-transformar-de-hacer\/#primaryimage"},"thumbnailUrl":"https:\/\/poesiaerestu.com\/revista\/wp-content\/uploads\/2012\/03\/Laura-Casielles.jpg","articleSection":["Entrevistas"],"inLanguage":"en-US","copyrightYear":"2012","copyrightHolder":{"@id":"https:\/\/poesiaerestu.com\/revista\/#organization"}},{"@type":"WebPage","@id":"https:\/\/poesiaerestu.com\/revista\/laura-casielles-partimos-del-convencimiento-de-que-las-palabras-son-capaces-de-transformar-de-hacer\/","url":"https:\/\/poesiaerestu.com\/revista\/laura-casielles-partimos-del-convencimiento-de-que-las-palabras-son-capaces-de-transformar-de-hacer\/","name":"Laura Casielles : \u00ab Partimos del convencimiento de que las palabras son capaces de transformar, de hacer \u00bb","isPartOf":{"@id":"https:\/\/poesiaerestu.com\/revista\/#website"},"primaryImageOfPage":{"@id":"https:\/\/poesiaerestu.com\/revista\/laura-casielles-partimos-del-convencimiento-de-que-las-palabras-son-capaces-de-transformar-de-hacer\/#primaryimage"},"image":{"@id":"https:\/\/poesiaerestu.com\/revista\/laura-casielles-partimos-del-convencimiento-de-que-las-palabras-son-capaces-de-transformar-de-hacer\/#primaryimage"},"thumbnailUrl":"https:\/\/poesiaerestu.com\/revista\/wp-content\/uploads\/2012\/03\/Laura-Casielles.jpg","datePublished":"2012-03-06T09:44:08+00:00","author":{"@id":"https:\/\/poesiaerestu.com\/revista\/#\/schema\/person\/fcb1a2122be3810bfdd0c071b4b3e9c4"},"description":"Entrevista: Alberto G\u00f3mez Vaquero Laura Casielles ha recibido recientemente el Premino Nacional de Poes\u00eda Joven Miguel Hernandez 2011. Pese a su corta trayec.","breadcrumb":{"@id":"https:\/\/poesiaerestu.com\/revista\/laura-casielles-partimos-del-convencimiento-de-que-las-palabras-son-capaces-de-transformar-de-hacer\/#breadcrumb"},"inLanguage":"en-US","potentialAction":[{"@type":"ReadAction","target":["https:\/\/poesiaerestu.com\/revista\/laura-casielles-partimos-del-convencimiento-de-que-las-palabras-son-capaces-de-transformar-de-hacer\/"]}]},{"@type":"ImageObject","inLanguage":"en-US","@id":"https:\/\/poesiaerestu.com\/revista\/laura-casielles-partimos-del-convencimiento-de-que-las-palabras-son-capaces-de-transformar-de-hacer\/#primaryimage","url":"https:\/\/poesiaerestu.com\/revista\/wp-content\/uploads\/2012\/03\/Laura-Casielles.jpg","contentUrl":"https:\/\/poesiaerestu.com\/revista\/wp-content\/uploads\/2012\/03\/Laura-Casielles.jpg","width":709,"height":472},{"@type":"BreadcrumbList","@id":"https:\/\/poesiaerestu.com\/revista\/laura-casielles-partimos-del-convencimiento-de-que-las-palabras-son-capaces-de-transformar-de-hacer\/#breadcrumb","itemListElement":[{"@type":"ListItem","position":1,"name":"Home","item":"https:\/\/poesiaerestu.com\/revista\/"},{"@type":"ListItem","position":2,"name":"Laura Casielles : \u00ab Partimos del convencimiento de que las palabras son capaces de transformar, de hacer \u00bb"}]},{"@type":"WebSite","@id":"https:\/\/poesiaerestu.com\/revista\/#website","url":"https:\/\/poesiaerestu.com\/revista\/","name":"Poes\u00ed\u00ada eres t\u00fa (revista)","description":"Revista de poes\u00eda y literatura","potentialAction":[{"@type":"SearchAction","target":{"@type":"EntryPoint","urlTemplate":"https:\/\/poesiaerestu.com\/revista\/?s={search_term_string}"},"query-input":{"@type":"PropertyValueSpecification","valueRequired":true,"valueName":"search_term_string"}}],"inLanguage":"en-US"},{"@type":"Person","@id":"https:\/\/poesiaerestu.com\/revista\/#\/schema\/person\/fcb1a2122be3810bfdd0c071b4b3e9c4","name":"admin","image":{"@type":"ImageObject","inLanguage":"en-US","@id":"https:\/\/secure.gravatar.com\/avatar\/1cb55a5bd8d6824519e46b552e84b03575857cc9c4d6333824d2f95d82129f50?s=96&d=mm&r=g","url":"https:\/\/secure.gravatar.com\/avatar\/1cb55a5bd8d6824519e46b552e84b03575857cc9c4d6333824d2f95d82129f50?s=96&d=mm&r=g","contentUrl":"https:\/\/secure.gravatar.com\/avatar\/1cb55a5bd8d6824519e46b552e84b03575857cc9c4d6333824d2f95d82129f50?s=96&d=mm&r=g","caption":"admin"},"url":"https:\/\/poesiaerestu.com\/revista\/author\/admin\/"}]}},"_links":{"self":[{"href":"https:\/\/poesiaerestu.com\/revista\/wp-json\/wp\/v2\/posts\/983","targetHints":{"allow":["GET"]}}],"collection":[{"href":"https:\/\/poesiaerestu.com\/revista\/wp-json\/wp\/v2\/posts"}],"about":[{"href":"https:\/\/poesiaerestu.com\/revista\/wp-json\/wp\/v2\/types\/post"}],"author":[{"embeddable":true,"href":"https:\/\/poesiaerestu.com\/revista\/wp-json\/wp\/v2\/users\/1"}],"replies":[{"embeddable":true,"href":"https:\/\/poesiaerestu.com\/revista\/wp-json\/wp\/v2\/comments?post=983"}],"version-history":[{"count":0,"href":"https:\/\/poesiaerestu.com\/revista\/wp-json\/wp\/v2\/posts\/983\/revisions"}],"wp:featuredmedia":[{"embeddable":true,"href":"https:\/\/poesiaerestu.com\/revista\/wp-json\/wp\/v2\/media\/984"}],"wp:attachment":[{"href":"https:\/\/poesiaerestu.com\/revista\/wp-json\/wp\/v2\/media?parent=983"}],"wp:term":[{"taxonomy":"category","embeddable":true,"href":"https:\/\/poesiaerestu.com\/revista\/wp-json\/wp\/v2\/categories?post=983"},{"taxonomy":"post_tag","embeddable":true,"href":"https:\/\/poesiaerestu.com\/revista\/wp-json\/wp\/v2\/tags?post=983"}],"curies":[{"name":"wp","href":"https:\/\/api.w.org\/{rel}","templated":true}]}}