{"id":9796,"date":"2025-12-07T13:49:59","date_gmt":"2025-12-07T12:49:59","guid":{"rendered":"https:\/\/poesiaerestu.com\/revista\/?p=9796"},"modified":"2026-03-14T00:23:52","modified_gmt":"2026-03-13T23:23:52","slug":"entrevista-a-maria-navas-con-motivo-de-la-publicacion-de-poemas-en-el-bolso","status":"publish","type":"post","link":"https:\/\/poesiaerestu.com\/revista\/entrevista-a-maria-navas-con-motivo-de-la-publicacion-de-poemas-en-el-bolso\/","title":{"rendered":"Entrevista a Mar\u00eda Navas Con motivo de la publicaci\u00f3n de &#8220;Poemas en el bolso&#8221;"},"content":{"rendered":"<p><strong>ENTREVISTA A MAR\u00cdA NAVAS<\/strong><\/p>\n<p><strong>Con motivo de la publicaci\u00f3n de &#8220;Poemas en el bolso&#8221;<\/strong><\/p>\n<ol>\n<li><strong> Mar\u00eda, empecemos por el t\u00edtulo: <em>Poemas en el bolso<\/em>. Llevas versos &#8220;revueltos entre tus cosas, \/ junto a un chicle rancio \/ y un caramelo&#8221;. \u00bfQu\u00e9 dice esta imagen sobre tu concepci\u00f3n de la poes\u00eda? \u00bfPor qu\u00e9 nos importa que lo sublime conviva con lo desechable?<\/strong><\/li>\n<\/ol>\n<p><strong>\u00a0<\/strong><\/p>\n<p>Todo convive a nuestro alrededor. Lo sucio con lo limpio; lo bello con lo feo; lo aut\u00e9ntico y lo falso. Me viene a la cabeza una imagen que he usado en otro libro y representa esa convivencia entre contrarios: la de una amapola que crece junto a las v\u00edas de un tren. Creo que la poes\u00eda es una forma de mirar que hace m\u00e1s soportable la existencia.<\/p>\n<p><strong>\u00a0<\/strong><\/p>\n<p><strong>\u00a0<\/strong><\/p>\n<ol start=\"2\">\n<li><strong> En &#8220;Soledad de mariliendre&#8221; creas una palabra nueva para nombrar una relaci\u00f3n que no tiene taxonom\u00eda oficial: no eres hermana, ni pareja, ni familia del amigo muerto, pero el dolor es devastador. \u00bfCrees que la poes\u00eda tiene esa funci\u00f3n pol\u00edtica de inventar palabras para lo que el lenguaje oficial no reconoce?<\/strong><\/li>\n<\/ol>\n<p><strong>\u00a0<\/strong><\/p>\n<p>Las personas estamos inventando continuamente formas de establecer v\u00ednculos y creo que esas experiencias merecen ser nombradas. Merecen tener un nombre para poder existir y para que sean compartidas.<\/p>\n<p>Soledad de una <em>mariliendre<\/em> es un poema de amor, que reivindica un afecto que nada tiene que ver con el amor rom\u00e1ntico ni con lazos biol\u00f3gicos. Reivindica el afecto entre una Marilyn y su amigo gay. Pero sobre todo, la existencia de una \u201cfamilia de vida\u201d que es un concepto muy profundo y de una gran importancia para m\u00ed.<\/p>\n<p><strong>\u00a0<\/strong><\/p>\n<p><strong>\u00a0<\/strong><\/p>\n<ol start=\"3\">\n<li><strong> Tu poemario documenta m\u00faltiples duelos simult\u00e1neos: muerte, desamor, migraci\u00f3n interna, p\u00e9rdida de voz. \u00bfC\u00f3mo fue el proceso de escribir desde ese dolor sin caer en el sentimentalismo? \u00bfHubo momentos en que la escritura te pareci\u00f3 obscena, como exhibir heridas en p\u00fablico?<\/strong><\/li>\n<\/ol>\n<p><strong>\u00a0<\/strong><\/p>\n<p>La verdad es que soy pudorosa. Escribir sobre aquello que nos duele es sanador, pero no creo que necesariamente suponga exhibir la intimidad. El porno emocional me da mucha verg\u00fcenza.<\/p>\n<p><strong>\u00a0<\/strong><\/p>\n<p><strong>\u00a0<\/strong><\/p>\n<ol start=\"4\">\n<li><strong> Hay una tensi\u00f3n constante en el libro entre sur y norte, M\u00e1laga y Madrid, luz y bruma. Escribes: &#8220;soy yo la extraviada&#8221;. Como periodista que trabaja en sensibilizaci\u00f3n social, \u00bfcrees que la poes\u00eda puede visibilizar la experiencia de miles de migrantes internos que viven esa misma extra\u00f1eza?<\/strong><\/li>\n<\/ol>\n<p><strong>\u00a0<\/strong><\/p>\n<p>Ojal\u00e1 pueda visibilizar esas experiencias. Es bonito imaginar que un poema pueda curar heridas.<\/p>\n<p>Todas las personas atravesamos por momentos de confusi\u00f3n y desarraigo, pero no puedo comparar la experiencia de una migraci\u00f3n interior con la de una migraci\u00f3n real, del que viene a Espa\u00f1a en patera. No es comparable ni como met\u00e1fora. Yo llegu\u00e9 desde M\u00e1laga a Madrid en un AVE y aun as\u00ed, viv\u00ed desarraigo. No puedo imaginar lo que significa dejar atr\u00e1s tu tierra, tu gente, tu casa\u2026 lo que s\u00ed creo es que la poes\u00eda puede confortarnos en ambos casos.<\/p>\n<p><strong>\u00a0<\/strong><\/p>\n<p><strong>\u00a0<\/strong><\/p>\n<ol start=\"5\">\n<li><strong> WhatsApp, Spotify, selfie, notificaciones, el algoritmo&#8230; Integras naturalmente tecnolog\u00eda en tu poes\u00eda sin que suene impostado. Muchos poetas evitan estas referencias por considerarlas &#8220;prosaicas&#8221;. \u00bfPor qu\u00e9 era importante para ti documentar que borraste el nombre de tu wasap &#8220;durante una canci\u00f3n muy corta en Spotify, senza fine&#8221;?<\/strong><\/li>\n<\/ol>\n<p><strong>\u00a0<\/strong><\/p>\n<p>Me gusta lo prosaico porque es la materia prima de todo lo que verdaderamente me interesa contar.<\/p>\n<p>En el caso de este poema, recuerdo que, al borrar el nombre de alguien tan querido en mi tel\u00e9fono, al ver aquellos d\u00edgitos sin nombre, aquellas frases sin autor, sent\u00ed un v\u00e9rtigo y un mareo terribles. As\u00ed lo cont\u00e9. De fondo, sonaba una canci\u00f3n italiana, <em>senza fine<\/em> y en ese momento todo cobr\u00f3 mucho sentido.<\/p>\n<p><strong>\u00a0<\/strong><\/p>\n<p><strong>\u00a0<\/strong><\/p>\n<ol start=\"6\">\n<li><strong> En &#8220;Ahora callo&#8221; las palabras &#8220;circulan solas, de mi cabeza al est\u00f3mago \/ sin detenerse en los labios&#8221;. Materializas el silenciamiento como experiencia fisiol\u00f3gica. \u00bfEsta corporalizaci\u00f3n del dolor es consciente? \u00bfHay influencias concretas que te llevaran a construir una po\u00e9tica tan t\u00e1ctil?<\/strong><\/li>\n<\/ol>\n<p><strong>\u00a0<\/strong><\/p>\n<p>Soy consciente de que el mal es aquello que acordamos callar. Tambi\u00e9n creo que el silencio \u2014sobre todo el que nos imponemos\u2014 puede ser muy doloroso. Las palabras pueden oprimir, pero tambi\u00e9n nos sanan.<\/p>\n<p>Por otra parte, creo que el cuerpo, a diferencia de la mente, no miente nunca. Me parece de lo m\u00e1s natural sentir en el cuerpo lo que nos ocurre en la vida.<\/p>\n<p><strong>\u00a0<\/strong><\/p>\n<p><strong>\u00a0<\/strong><\/p>\n<ol start=\"7\">\n<li><strong> Escribes: &#8220;\u00bfSe perder\u00e1 lo vivido, si no conservo las palabras?&#8221; Es una pregunta que atraviesa todo el poemario. En una era donde &#8220;el dios del algoritmo&#8221; decide qu\u00e9 memorias sobreviven, \u00bfqu\u00e9 funci\u00f3n crees que tiene la poes\u00eda? \u00bfPara qu\u00e9 seguir escribiendo cuando todo amenaza con volverse &#8220;una cifra&#8221;?<\/strong><\/li>\n<\/ol>\n<p><strong>\u00a0<\/strong><\/p>\n<p>Es una maravilla de pregunta y no creo que pueda dar una buena respuesta a estas alturas, en las que la IA compone la mayor\u00eda de los textos que manejamos.<\/p>\n<p>\u00bfPara qu\u00e9 seguir viviendo en un mundo cada vez menos humano? \u00bfEs esa la pregunta? Quiz\u00e1 la vida vaya de eso, de llevar la contraria al algoritmo o a quien lo represente en cada momento. Seguir adelante defendiendo nuestra humanidad para no dar la raz\u00f3n a quienes pretenden robarnos el alma.<\/p>\n<p><strong>\u00a0<\/strong><\/p>\n<p><strong>\u00a0<\/strong><\/p>\n<ol start=\"8\">\n<li><strong> Tu poes\u00eda es muy accesible sin ser simplista. Hay lectores que descubren el g\u00e9nero po\u00e9tico a trav\u00e9s de voces como la tuya, mientras otros te criticar\u00e1n por no ser suficientemente &#8220;experimental&#8221;. \u00bfC\u00f3mo te posicionas frente a ese debate entre comunicabilidad y hermetismo? \u00bfLa poes\u00eda tiene que ser &#8220;dif\u00edcil&#8221; para ser valiosa?<\/strong><\/li>\n<\/ol>\n<p>Me encanta que se entienda lo que escribo, ser\u00e1 porque soy periodista y escribir claro forma parte de mi pr\u00e1ctica y de mi estilo. El debate sobre lo sencillo y lo complicado no es tan importante para m\u00ed como el deseo de escribir desde la autenticidad. Es, sin duda, lo que m\u00e1s me importa.<\/p>\n<p><strong>\u00a0<\/strong><\/p>\n<p><strong>\u00a0<\/strong><\/p>\n<ol start=\"9\">\n<li><strong> El libro cierra con &#8220;Instrucciones para pasar la navidad&#8221; donde dices que &#8220;conviene hacerse muy peque\u00f1a&#8221;. Despu\u00e9s de 24 poemas de dolor y b\u00fasqueda, regresas a la vulnerabilidad infantil. \u00bfEsa circularidad es derrota o sabidur\u00eda? \u00bfQu\u00e9 significa para ti la sanaci\u00f3n: superar el dolor o aprender a habitarlo?<\/strong><\/li>\n<\/ol>\n<p><strong>\u00a0<\/strong><\/p>\n<p>Supongo que sanar es ambas cosas: aprender del dolor e integrarlo. Me sorprende la capacidad que tenemos las personas de poder seguir adelante a pesar de lo que nos pasa. Me asombra nuestra capacidad de asombro. Esa energ\u00eda que nos lleva a empezar de nuevo, una vez y otra&#8230; La inocencia y la esperanza son mis dos estados favoritos.<\/p>\n<p><strong>\u00a0<\/strong><\/p>\n<p><strong>\u00a0<\/strong><\/p>\n<ol start=\"10\">\n<li><strong> Vienes del periodismo social, has escrito sobre adicciones, diversidad, exclusi\u00f3n. Ahora publicas poes\u00eda confesional donde el yo es protagonista. \u00bfC\u00f3mo conviven en ti la comunicadora que documenta dolores ajenos y la poeta que expone el propio? \u00bfHay conflicto \u00e9tico entre la Mar\u00eda periodista y la Mar\u00eda poeta?<\/strong><\/li>\n<\/ol>\n<p><strong>\u00a0<\/strong><\/p>\n<p>Pues lo llevo como puedo, la verdad. El periodismo busca la objetividad y la poes\u00eda, justo lo contrario.<\/p>\n<p>Lo cierto es que este poemario es una salida del armario, en mi caso. Ahora intento que convivan las dos voces, sin negar una de ellas o relegarla al \u00e1mbito m\u00e1s privado por pudor. Ambas voces soy yo; conforman mi identidad desde siempre.<\/p>\n<p><strong>\u00a0<\/strong><\/p>\n","protected":false},"excerpt":{"rendered":"<p>ENTREVISTA A MAR\u00cdA NAVAS Con motivo de la publicaci\u00f3n de &#8220;Poemas en el bolso&#8221; Mar\u00eda, empecemos por el t\u00edtulo: Poemas en el bolso. Llevas versos &#8220;revueltos entre tus cosas, \/ junto a un chicle rancio \/ y un caramelo&#8221;. \u00bfQu\u00e9 dice esta imagen sobre tu concepci\u00f3n de la poes\u00eda? \u00bfPor qu\u00e9 nos importa que lo&#8230;<\/p>\n","protected":false},"author":1,"featured_media":9797,"comment_status":"closed","ping_status":"closed","sticky":false,"template":"","format":"standard","meta":{"footnotes":"","_links_to":"","_links_to_target":""},"categories":[4],"tags":[],"class_list":["post-9796","post","type-post","status-publish","format-standard","has-post-thumbnail","hentry","category-entrevistas"],"yoast_head":"<!-- This site is optimized with the Yoast SEO Premium plugin v24.7 (Yoast SEO v27.5) - https:\/\/yoast.com\/product\/yoast-seo-premium-wordpress\/ -->\n<title>Entrevista a Mar\u00eda Navas Con motivo de la publicaci\u00f3n de &quot;Poemas en el bolso&quot; - Poes\u00ed\u00ada eres t\u00fa (revista)<\/title>\n<meta name=\"robots\" content=\"index, follow, max-snippet:-1, max-image-preview:large, max-video-preview:-1\" \/>\n<link rel=\"canonical\" href=\"https:\/\/poesiaerestu.com\/revista\/entrevista-a-maria-navas-con-motivo-de-la-publicacion-de-poemas-en-el-bolso\/\" \/>\n<meta name=\"twitter:label1\" content=\"Written by\" \/>\n\t<meta name=\"twitter:data1\" content=\"admin\" \/>\n\t<meta name=\"twitter:label2\" content=\"Est. reading time\" \/>\n\t<meta name=\"twitter:data2\" content=\"6 minutes\" \/>\n<script type=\"application\/ld+json\" class=\"yoast-schema-graph\">{\"@context\":\"https:\\\/\\\/schema.org\",\"@graph\":[{\"@type\":\"Article\",\"@id\":\"https:\\\/\\\/poesiaerestu.com\\\/revista\\\/entrevista-a-maria-navas-con-motivo-de-la-publicacion-de-poemas-en-el-bolso\\\/#article\",\"isPartOf\":{\"@id\":\"https:\\\/\\\/poesiaerestu.com\\\/revista\\\/entrevista-a-maria-navas-con-motivo-de-la-publicacion-de-poemas-en-el-bolso\\\/\"},\"author\":{\"name\":\"admin\",\"@id\":\"https:\\\/\\\/poesiaerestu.com\\\/revista\\\/#\\\/schema\\\/person\\\/fcb1a2122be3810bfdd0c071b4b3e9c4\"},\"headline\":\"Entrevista a Mar\u00eda Navas Con motivo de la publicaci\u00f3n de &#8220;Poemas en el bolso&#8221;\",\"datePublished\":\"2025-12-07T12:49:59+00:00\",\"dateModified\":\"2026-03-13T23:23:52+00:00\",\"mainEntityOfPage\":{\"@id\":\"https:\\\/\\\/poesiaerestu.com\\\/revista\\\/entrevista-a-maria-navas-con-motivo-de-la-publicacion-de-poemas-en-el-bolso\\\/\"},\"wordCount\":1246,\"image\":{\"@id\":\"https:\\\/\\\/poesiaerestu.com\\\/revista\\\/entrevista-a-maria-navas-con-motivo-de-la-publicacion-de-poemas-en-el-bolso\\\/#primaryimage\"},\"thumbnailUrl\":\"https:\\\/\\\/poesiaerestu.com\\\/revista\\\/wp-content\\\/uploads\\\/2025\\\/12\\\/FichaAutor2-2-scaled.webp\",\"articleSection\":[\"Entrevistas\"],\"inLanguage\":\"en-US\",\"copyrightYear\":\"2025\",\"copyrightHolder\":{\"@id\":\"https:\\\/\\\/poesiaerestu.com\\\/revista\\\/#organization\"}},{\"@type\":\"WebPage\",\"@id\":\"https:\\\/\\\/poesiaerestu.com\\\/revista\\\/entrevista-a-maria-navas-con-motivo-de-la-publicacion-de-poemas-en-el-bolso\\\/\",\"url\":\"https:\\\/\\\/poesiaerestu.com\\\/revista\\\/entrevista-a-maria-navas-con-motivo-de-la-publicacion-de-poemas-en-el-bolso\\\/\",\"name\":\"Entrevista a Mar\u00eda Navas Con motivo de la publicaci\u00f3n de \\\"Poemas en el bolso\\\" - Poes\u00ed\u00ada eres t\u00fa (revista)\",\"isPartOf\":{\"@id\":\"https:\\\/\\\/poesiaerestu.com\\\/revista\\\/#website\"},\"primaryImageOfPage\":{\"@id\":\"https:\\\/\\\/poesiaerestu.com\\\/revista\\\/entrevista-a-maria-navas-con-motivo-de-la-publicacion-de-poemas-en-el-bolso\\\/#primaryimage\"},\"image\":{\"@id\":\"https:\\\/\\\/poesiaerestu.com\\\/revista\\\/entrevista-a-maria-navas-con-motivo-de-la-publicacion-de-poemas-en-el-bolso\\\/#primaryimage\"},\"thumbnailUrl\":\"https:\\\/\\\/poesiaerestu.com\\\/revista\\\/wp-content\\\/uploads\\\/2025\\\/12\\\/FichaAutor2-2-scaled.webp\",\"datePublished\":\"2025-12-07T12:49:59+00:00\",\"dateModified\":\"2026-03-13T23:23:52+00:00\",\"author\":{\"@id\":\"https:\\\/\\\/poesiaerestu.com\\\/revista\\\/#\\\/schema\\\/person\\\/fcb1a2122be3810bfdd0c071b4b3e9c4\"},\"breadcrumb\":{\"@id\":\"https:\\\/\\\/poesiaerestu.com\\\/revista\\\/entrevista-a-maria-navas-con-motivo-de-la-publicacion-de-poemas-en-el-bolso\\\/#breadcrumb\"},\"inLanguage\":\"en-US\",\"potentialAction\":[{\"@type\":\"ReadAction\",\"target\":[\"https:\\\/\\\/poesiaerestu.com\\\/revista\\\/entrevista-a-maria-navas-con-motivo-de-la-publicacion-de-poemas-en-el-bolso\\\/\"]}]},{\"@type\":\"ImageObject\",\"inLanguage\":\"en-US\",\"@id\":\"https:\\\/\\\/poesiaerestu.com\\\/revista\\\/entrevista-a-maria-navas-con-motivo-de-la-publicacion-de-poemas-en-el-bolso\\\/#primaryimage\",\"url\":\"https:\\\/\\\/poesiaerestu.com\\\/revista\\\/wp-content\\\/uploads\\\/2025\\\/12\\\/FichaAutor2-2-scaled.webp\",\"contentUrl\":\"https:\\\/\\\/poesiaerestu.com\\\/revista\\\/wp-content\\\/uploads\\\/2025\\\/12\\\/FichaAutor2-2-scaled.webp\",\"width\":2560,\"height\":1788},{\"@type\":\"BreadcrumbList\",\"@id\":\"https:\\\/\\\/poesiaerestu.com\\\/revista\\\/entrevista-a-maria-navas-con-motivo-de-la-publicacion-de-poemas-en-el-bolso\\\/#breadcrumb\",\"itemListElement\":[{\"@type\":\"ListItem\",\"position\":1,\"name\":\"Home\",\"item\":\"https:\\\/\\\/poesiaerestu.com\\\/revista\\\/\"},{\"@type\":\"ListItem\",\"position\":2,\"name\":\"Entrevista a Mar\u00eda Navas Con motivo de la publicaci\u00f3n de &#8220;Poemas en el bolso&#8221;\"}]},{\"@type\":\"WebSite\",\"@id\":\"https:\\\/\\\/poesiaerestu.com\\\/revista\\\/#website\",\"url\":\"https:\\\/\\\/poesiaerestu.com\\\/revista\\\/\",\"name\":\"Poes\u00ed\u00ada eres t\u00fa (revista)\",\"description\":\"Revista de poes\u00eda y literatura\",\"potentialAction\":[{\"@type\":\"SearchAction\",\"target\":{\"@type\":\"EntryPoint\",\"urlTemplate\":\"https:\\\/\\\/poesiaerestu.com\\\/revista\\\/?s={search_term_string}\"},\"query-input\":{\"@type\":\"PropertyValueSpecification\",\"valueRequired\":true,\"valueName\":\"search_term_string\"}}],\"inLanguage\":\"en-US\"},{\"@type\":\"Person\",\"@id\":\"https:\\\/\\\/poesiaerestu.com\\\/revista\\\/#\\\/schema\\\/person\\\/fcb1a2122be3810bfdd0c071b4b3e9c4\",\"name\":\"admin\",\"image\":{\"@type\":\"ImageObject\",\"inLanguage\":\"en-US\",\"@id\":\"https:\\\/\\\/secure.gravatar.com\\\/avatar\\\/1cb55a5bd8d6824519e46b552e84b03575857cc9c4d6333824d2f95d82129f50?s=96&d=mm&r=g\",\"url\":\"https:\\\/\\\/secure.gravatar.com\\\/avatar\\\/1cb55a5bd8d6824519e46b552e84b03575857cc9c4d6333824d2f95d82129f50?s=96&d=mm&r=g\",\"contentUrl\":\"https:\\\/\\\/secure.gravatar.com\\\/avatar\\\/1cb55a5bd8d6824519e46b552e84b03575857cc9c4d6333824d2f95d82129f50?s=96&d=mm&r=g\",\"caption\":\"admin\"},\"url\":\"https:\\\/\\\/poesiaerestu.com\\\/revista\\\/author\\\/admin\\\/\"}]}<\/script>\n<!-- \/ Yoast SEO Premium plugin. -->","yoast_head_json":{"title":"Entrevista a Mar\u00eda Navas Con motivo de la publicaci\u00f3n de \"Poemas en el bolso\" - Poes\u00ed\u00ada eres t\u00fa (revista)","robots":{"index":"index","follow":"follow","max-snippet":"max-snippet:-1","max-image-preview":"max-image-preview:large","max-video-preview":"max-video-preview:-1"},"canonical":"https:\/\/poesiaerestu.com\/revista\/entrevista-a-maria-navas-con-motivo-de-la-publicacion-de-poemas-en-el-bolso\/","twitter_misc":{"Written by":"admin","Est. reading time":"6 minutes"},"schema":{"@context":"https:\/\/schema.org","@graph":[{"@type":"Article","@id":"https:\/\/poesiaerestu.com\/revista\/entrevista-a-maria-navas-con-motivo-de-la-publicacion-de-poemas-en-el-bolso\/#article","isPartOf":{"@id":"https:\/\/poesiaerestu.com\/revista\/entrevista-a-maria-navas-con-motivo-de-la-publicacion-de-poemas-en-el-bolso\/"},"author":{"name":"admin","@id":"https:\/\/poesiaerestu.com\/revista\/#\/schema\/person\/fcb1a2122be3810bfdd0c071b4b3e9c4"},"headline":"Entrevista a Mar\u00eda Navas Con motivo de la publicaci\u00f3n de &#8220;Poemas en el bolso&#8221;","datePublished":"2025-12-07T12:49:59+00:00","dateModified":"2026-03-13T23:23:52+00:00","mainEntityOfPage":{"@id":"https:\/\/poesiaerestu.com\/revista\/entrevista-a-maria-navas-con-motivo-de-la-publicacion-de-poemas-en-el-bolso\/"},"wordCount":1246,"image":{"@id":"https:\/\/poesiaerestu.com\/revista\/entrevista-a-maria-navas-con-motivo-de-la-publicacion-de-poemas-en-el-bolso\/#primaryimage"},"thumbnailUrl":"https:\/\/poesiaerestu.com\/revista\/wp-content\/uploads\/2025\/12\/FichaAutor2-2-scaled.webp","articleSection":["Entrevistas"],"inLanguage":"en-US","copyrightYear":"2025","copyrightHolder":{"@id":"https:\/\/poesiaerestu.com\/revista\/#organization"}},{"@type":"WebPage","@id":"https:\/\/poesiaerestu.com\/revista\/entrevista-a-maria-navas-con-motivo-de-la-publicacion-de-poemas-en-el-bolso\/","url":"https:\/\/poesiaerestu.com\/revista\/entrevista-a-maria-navas-con-motivo-de-la-publicacion-de-poemas-en-el-bolso\/","name":"Entrevista a Mar\u00eda Navas Con motivo de la publicaci\u00f3n de \"Poemas en el bolso\" - Poes\u00ed\u00ada eres t\u00fa (revista)","isPartOf":{"@id":"https:\/\/poesiaerestu.com\/revista\/#website"},"primaryImageOfPage":{"@id":"https:\/\/poesiaerestu.com\/revista\/entrevista-a-maria-navas-con-motivo-de-la-publicacion-de-poemas-en-el-bolso\/#primaryimage"},"image":{"@id":"https:\/\/poesiaerestu.com\/revista\/entrevista-a-maria-navas-con-motivo-de-la-publicacion-de-poemas-en-el-bolso\/#primaryimage"},"thumbnailUrl":"https:\/\/poesiaerestu.com\/revista\/wp-content\/uploads\/2025\/12\/FichaAutor2-2-scaled.webp","datePublished":"2025-12-07T12:49:59+00:00","dateModified":"2026-03-13T23:23:52+00:00","author":{"@id":"https:\/\/poesiaerestu.com\/revista\/#\/schema\/person\/fcb1a2122be3810bfdd0c071b4b3e9c4"},"breadcrumb":{"@id":"https:\/\/poesiaerestu.com\/revista\/entrevista-a-maria-navas-con-motivo-de-la-publicacion-de-poemas-en-el-bolso\/#breadcrumb"},"inLanguage":"en-US","potentialAction":[{"@type":"ReadAction","target":["https:\/\/poesiaerestu.com\/revista\/entrevista-a-maria-navas-con-motivo-de-la-publicacion-de-poemas-en-el-bolso\/"]}]},{"@type":"ImageObject","inLanguage":"en-US","@id":"https:\/\/poesiaerestu.com\/revista\/entrevista-a-maria-navas-con-motivo-de-la-publicacion-de-poemas-en-el-bolso\/#primaryimage","url":"https:\/\/poesiaerestu.com\/revista\/wp-content\/uploads\/2025\/12\/FichaAutor2-2-scaled.webp","contentUrl":"https:\/\/poesiaerestu.com\/revista\/wp-content\/uploads\/2025\/12\/FichaAutor2-2-scaled.webp","width":2560,"height":1788},{"@type":"BreadcrumbList","@id":"https:\/\/poesiaerestu.com\/revista\/entrevista-a-maria-navas-con-motivo-de-la-publicacion-de-poemas-en-el-bolso\/#breadcrumb","itemListElement":[{"@type":"ListItem","position":1,"name":"Home","item":"https:\/\/poesiaerestu.com\/revista\/"},{"@type":"ListItem","position":2,"name":"Entrevista a Mar\u00eda Navas Con motivo de la publicaci\u00f3n de &#8220;Poemas en el bolso&#8221;"}]},{"@type":"WebSite","@id":"https:\/\/poesiaerestu.com\/revista\/#website","url":"https:\/\/poesiaerestu.com\/revista\/","name":"Poes\u00ed\u00ada eres t\u00fa (revista)","description":"Revista de poes\u00eda y literatura","potentialAction":[{"@type":"SearchAction","target":{"@type":"EntryPoint","urlTemplate":"https:\/\/poesiaerestu.com\/revista\/?s={search_term_string}"},"query-input":{"@type":"PropertyValueSpecification","valueRequired":true,"valueName":"search_term_string"}}],"inLanguage":"en-US"},{"@type":"Person","@id":"https:\/\/poesiaerestu.com\/revista\/#\/schema\/person\/fcb1a2122be3810bfdd0c071b4b3e9c4","name":"admin","image":{"@type":"ImageObject","inLanguage":"en-US","@id":"https:\/\/secure.gravatar.com\/avatar\/1cb55a5bd8d6824519e46b552e84b03575857cc9c4d6333824d2f95d82129f50?s=96&d=mm&r=g","url":"https:\/\/secure.gravatar.com\/avatar\/1cb55a5bd8d6824519e46b552e84b03575857cc9c4d6333824d2f95d82129f50?s=96&d=mm&r=g","contentUrl":"https:\/\/secure.gravatar.com\/avatar\/1cb55a5bd8d6824519e46b552e84b03575857cc9c4d6333824d2f95d82129f50?s=96&d=mm&r=g","caption":"admin"},"url":"https:\/\/poesiaerestu.com\/revista\/author\/admin\/"}]}},"_links":{"self":[{"href":"https:\/\/poesiaerestu.com\/revista\/wp-json\/wp\/v2\/posts\/9796","targetHints":{"allow":["GET"]}}],"collection":[{"href":"https:\/\/poesiaerestu.com\/revista\/wp-json\/wp\/v2\/posts"}],"about":[{"href":"https:\/\/poesiaerestu.com\/revista\/wp-json\/wp\/v2\/types\/post"}],"author":[{"embeddable":true,"href":"https:\/\/poesiaerestu.com\/revista\/wp-json\/wp\/v2\/users\/1"}],"replies":[{"embeddable":true,"href":"https:\/\/poesiaerestu.com\/revista\/wp-json\/wp\/v2\/comments?post=9796"}],"version-history":[{"count":2,"href":"https:\/\/poesiaerestu.com\/revista\/wp-json\/wp\/v2\/posts\/9796\/revisions"}],"predecessor-version":[{"id":10450,"href":"https:\/\/poesiaerestu.com\/revista\/wp-json\/wp\/v2\/posts\/9796\/revisions\/10450"}],"wp:featuredmedia":[{"embeddable":true,"href":"https:\/\/poesiaerestu.com\/revista\/wp-json\/wp\/v2\/media\/9797"}],"wp:attachment":[{"href":"https:\/\/poesiaerestu.com\/revista\/wp-json\/wp\/v2\/media?parent=9796"}],"wp:term":[{"taxonomy":"category","embeddable":true,"href":"https:\/\/poesiaerestu.com\/revista\/wp-json\/wp\/v2\/categories?post=9796"},{"taxonomy":"post_tag","embeddable":true,"href":"https:\/\/poesiaerestu.com\/revista\/wp-json\/wp\/v2\/tags?post=9796"}],"curies":[{"name":"wp","href":"https:\/\/api.w.org\/{rel}","templated":true}]}}