{"id":9790,"date":"2025-12-07T13:47:00","date_gmt":"2025-12-07T12:47:00","guid":{"rendered":"https:\/\/poesiaerestu.com\/revista\/?p=9790"},"modified":"2026-03-14T00:24:26","modified_gmt":"2026-03-13T23:24:26","slug":"entrevista-a-sabela-gondulfes-con-motivo-de-la-publicacion-de-afouteza-certeca","status":"publish","type":"post","link":"https:\/\/poesiaerestu.com\/revista\/entrevista-a-sabela-gondulfes-con-motivo-de-la-publicacion-de-afouteza-certeca\/","title":{"rendered":"Entrevista a Sabela Gondulfes. Con motivo de la publicaci\u00f3n de AFOUTEZA &#038; CERTE\u00c7A"},"content":{"rendered":"<p><strong>ENTREVISTA A SABELA GONDULFES<\/strong><\/p>\n<p><strong>Con motivo de la publicaci\u00f3n de AFOUTEZA &amp; CERTE\u00c7A<\/strong><\/p>\n<ol>\n<li><strong> Sabela, el t\u00edtulo de tu nuevo poemario fusiona gallego y portugu\u00e9s: AFOUTEZA &amp; CERTE\u00c7A. \u00bfPor qu\u00e9 necesitabas dos lenguas peninsulares para nombrar este libro? \u00bfQu\u00e9 porta cada una que la otra no puede contener?<\/strong><\/li>\n<\/ol>\n<p>&nbsp;<\/p>\n<p>Al escribir pr\u00e1cticamente todo en espa\u00f1ol siempre hago gui\u00f1os a mi tierra. Afouteza es una palabra de amplio significado, valent\u00eda, arrojo, coraje. En este caso, dado el estado de m\u00faltiples duelos en el que fue escrito el poemario, se emplea como fortaleza de car\u00e1cter y firmeza ante la adversidad. Tambi\u00e9n acostumbro a hacerlos a la Pen\u00ednsula, soy Ib\u00e9rica por convicci\u00f3n. Certeza se escribe igual en castellano que en portugu\u00e9s, al buscar sin\u00f3nimos nos encontramos confian\u00e7a, seguran\u00e7a, decidimos con la editorial escribir certeza con \u00e7 para diferenciar la terminaci\u00f3n -eza de ambas palabras y hacer un t\u00edtulo \u00fanico y po\u00e9tico. Y a la vez dar a entender que esta certeza es singular e inefable. Es una forma de mostrar desde el t\u00edtulo la identidad y ser en el mundo de Sabela Gondulfes.<\/p>\n<p>&nbsp;<\/p>\n<p>&nbsp;<\/p>\n<ol start=\"2\">\n<li><strong> Abres el poemario con una &#8220;Carta abierta a la Barbarie&#8221;, un texto combativo en prosa donde denuncias la corrupci\u00f3n pol\u00edtica y las guerras. Muchos lectores esperan que la poes\u00eda sea refugio, belleza que nos proteja de lo feo del mundo. T\u00fa pareces decir lo contrario: que la poes\u00eda debe ensuciarse con lo real. \u00bfLa poes\u00eda tiene obligaci\u00f3n de tomar partido?<\/strong><\/li>\n<\/ol>\n<p>&nbsp;<\/p>\n<p>La poes\u00eda, la narrativa, la pintura, la escultura, etc. No entiendo el arte sin un fuerte compromiso con lo social, antropol\u00f3gico, ecol\u00f3gico. Con un firme compromiso con una misma y su estar en el mundo, lo cual no quiere decir que no meta la pata a diario, aun as\u00ed, procuro guardarme lealtad.<\/p>\n<p>&nbsp;<\/p>\n<p>&nbsp;<\/p>\n<ol start=\"3\">\n<li><strong>Hay un verso tuyo que me persigue: &#8220;Tengo la memoria resbaladiza \/ Se me olvid\u00f3 lo que hice ma\u00f1ana \/ Lo que har\u00e9 ayer&#8221;. \u00bfC\u00f3mo se escribe desde esa memoria que no obedece cronolog\u00edas? \u00bfEs la poes\u00eda una forma de ordenar el caos o de celebrarlo?<\/strong><\/li>\n<\/ol>\n<p>&nbsp;<\/p>\n<p>Este poema est\u00e1 dedicado a Pepe, padre, y a todas las personas de memoria fr\u00e1gil. Aqu\u00ed es Pepe quien toma la voz narradora del poema, quien se apodera de la poes\u00eda, esto se produce en una convivencia brutal con el alzh\u00e9imer siendo yo su primera cuidadora. Respecto al meollo de tu pregunta, la poes\u00eda es ambas cosas, una forma de ordenar el caos y a la vez de celebrarlo, de ah\u00ed tambi\u00e9n el n\u00famero pi. En una de tus cr\u00edticas literarias defines mi poes\u00eda como imperfecta, y creo que no has podido definirla mejor. Es m\u00e1s, creo que si un d\u00eda resulta perfecta a los ojos de los dem\u00e1s dejar\u00e9 de escribir. A trav\u00e9s de ella, del proceso de su creaci\u00f3n, indago, exploro, descubro y comparto aquello que hallo interesante que es un porcentaje m\u00ednimo de lo escrito.<\/p>\n<p>&nbsp;<\/p>\n<p>&nbsp;<\/p>\n<ol start=\"4\">\n<li><strong> En el poemario conviven el duelo por tu madre, el deseo er\u00f3tico, la denuncia pol\u00edtica, la reivindicaci\u00f3n de Galicia. Muchas poetas contempor\u00e1neas eligen un registro, un tema central. T\u00fa parece que quieres abarcarlo todo. \u00bfExiste el riesgo de dispersi\u00f3n o es que la vida no cabe en un solo tono?<\/strong><\/li>\n<\/ol>\n<p><strong>\u00a0<\/strong><\/p>\n<p>\u00bfAcaso la vida es un solo registro? En el d\u00eda a noche has de convivir con todos esos tonos y m\u00e1s. Una no es poeta de 8 a 15 horas, o mientras llora a una madre, extra\u00f1a a la pareja ausente, al hijo presente, escucha las noticias mientras cocina, o se compra un vestido en un mercadillo de domingo, una se levanta y acuesta y duerme con la poes\u00eda. Te aseguro que he necesitado muchos \u00e1ngeles de la guarda para no precipitarme por m\u00e1s desfiladeros de los que ya me despe\u00f1\u00e9. Como dec\u00eda mi madre a mi padre, esta filla estanos louca, ten moitos p\u00e1xaros na cabeza.<\/p>\n<p>&nbsp;<\/p>\n<p>&nbsp;<\/p>\n<ol start=\"5\">\n<li><strong>Escribes &#8220;La poes\u00eda es el arma que me mantiene viva y libre&#8221;. Es una afirmaci\u00f3n rotunda en tiempos donde se nos dice constantemente que la poes\u00eda no sirve para nada, que no cambia el mundo. \u00bfQu\u00e9 puede hacer un poema que no pueda un manifiesto o una pancarta?<\/strong><\/li>\n<\/ol>\n<p>&nbsp;<\/p>\n<p>No voy a entrar en lo que le sirve o no a los dem\u00e1s. Yo puedo decir que ella y mis 2 hijos me han salvado la vida y no s\u00f3lo una o 2 veces. Adem\u00e1s, no es el poema de la poeta, es la poeta del poema, creo que esto mismo no se puede decir de una pancarta. Desde mi forma de entender el mundo la poes\u00eda y la ternura son tan necesarias como el agua y el pan. El agua y el pan nos mantienen en pie, la poes\u00eda y la ternura dan fortaleza a ese pie, afouteza.<\/p>\n<p>&nbsp;<\/p>\n<p>&nbsp;<\/p>\n<ol start=\"6\">\n<li><strong>Has vivido en Galicia, Madrid, Nueva York, Buenos Aires, la Patagonia, Chile, Lisboa. Tu geograf\u00eda vital es la de una n\u00f3mada. \u00bfSe puede escribir poes\u00eda arraigada desde el desarraigo? \u00bfO quiz\u00e1 el desplazamiento es hoy la \u00fanica forma honesta de arraigo?<\/strong><\/li>\n<\/ol>\n<p>&nbsp;<\/p>\n<p>Siempre digo que soy una escritora que viaja, una viajera que escribe. Soy viajera en mi propia casa, me cambio a menudo de estancia, subo y bajo las escaleras porque s\u00ed, cambio los muebles de sitio. Necesito el movimiento, me inspira, quieta se me ocurren versos y renglones muy aburridos. Por otro lado, est\u00e1 la curiosidad por lo que hay m\u00e1s all\u00e1 de lo conocido, la exploraci\u00f3n, el aprendizaje constante de lo diferente y extra\u00f1o. Eso no quita que me sienta enraizada en mis ra\u00edces, valga la redundancia, de ah\u00ed mi nombre de escritora, considero que no puedes llegar muy lejos si no sabes qui\u00e9n te pari\u00f3 y qui\u00e9nes son tus referentes, tus cables a tierra.<\/p>\n<p>&nbsp;<\/p>\n<p>&nbsp;<\/p>\n<ol start=\"7\">\n<li><strong>Inventa palabras: &#8220;Pielando&#8221;, &#8220;Me contigo&#8221;, neologismos que no est\u00e1n en ning\u00fan diccionario. \u00bfEn qu\u00e9 momento decides que el lenguaje existente no alcanza y hay que inventar? \u00bfEs arrogancia del poeta o necesidad vital?<\/strong><\/li>\n<\/ol>\n<p>&nbsp;<\/p>\n<p>Necesidad vital. Bueno, evoluci\u00f3n espont\u00e1nea, m\u00e1s bien. Todas las palabras inventadas surgen en el milagro del proceso. Pielando sali\u00f3 tallando una madera en la ruca de un escultor en Isla Negra, Chile, Roberto Pizarro Lemarchand, entablando una conversaci\u00f3n con esa talla. Despu\u00e9s dio t\u00edtulo a un poema que naci\u00f3 unas horas m\u00e1s tarde, y a un libro fusi\u00f3n, PieLanDo, presentado en la Fundaci\u00f3n Neruda, en su casa de Isla Negra. Por lo tanto, no es inventar al uso, es construirse, evolucionar y jugar con el lenguaje propio.<\/p>\n<p>&nbsp;<\/p>\n<p>&nbsp;<\/p>\n<ol start=\"8\">\n<li><strong>Tu poes\u00eda no es minimalista. No trabajas con la contenci\u00f3n que caracteriza mucha poes\u00eda espa\u00f1ola actual. Eres expansiva, repites, enumeras, acumulas. En \u00e9poca donde se valora tanto la precisi\u00f3n quir\u00fargica de cada palabra, \u00bfqu\u00e9 te hace apostar por la abundancia?<\/strong><\/li>\n<\/ol>\n<p>No lo s\u00e9. Escribo tal y como vivo, siento, duelo, amo. Generosa. Abundante. Viva. Muerta. Siempre apunto que para m\u00ed escribir, m\u00e1s all\u00e1 de un noble oficio, es una forma de vida. Y tengo pavor a las anestesias, escribir quir\u00fargicamente precisa adormecimiento.<\/p>\n<p>&nbsp;<\/p>\n<p>&nbsp;<\/p>\n<ol start=\"9\">\n<li><strong>Incluyes una nota donde dices que los poemas &#8220;no siguen orden alguno: la vida en s\u00ed \/ transcritos casi tal y como fueron creados en el cuaderno&#8221;. Es una declaraci\u00f3n de principios contra la sobreeditaci\u00f3n. Pero \u00bfno hay riesgo de confundir autenticidad con falta de elaboraci\u00f3n? \u00bfD\u00f3nde est\u00e1 el l\u00edmite entre espontaneidad y descuido?<\/strong><\/li>\n<\/ol>\n<p>&nbsp;<\/p>\n<p>Pues en que de todo lo escrito doy si acaso un 1 por ciento, hay infinito trabajo hasta llegar a la edici\u00f3n de algo que considero que ha de ser dado, hasta llegar al poema s\u00ed, hay infinitos poemas no. Descuido o trabajo, trabajo, trabajo. Vida y Muerte a raudales. Enti\u00e9ndase la muerte aqu\u00ed como proceso de transformaci\u00f3n.<\/p>\n<p>&nbsp;<\/p>\n<p>&nbsp;<\/p>\n<ol start=\"10\">\n<li><strong>Para terminar: \u00bfqu\u00e9 le dir\u00edas a alguien que nunca lee poes\u00eda, que piensa que es algo herm\u00e9tico, para intelectuales? \u00bfC\u00f3mo se acerca tu libro a ese lector que cree que la poes\u00eda no es para \u00e9l?<\/strong><\/li>\n<\/ol>\n<p>&nbsp;<\/p>\n<p>\u00c1brelo, no te quedes con el t\u00edtulo o el n\u00famero pi de su portada. Abre y descubre un universo fascinante, hazlo tuyo, no quieras entender, siente, huele, respira profundo y ver\u00e1s como Afouteza&amp;Certe\u00e7a tambi\u00e9n es para ti que no lees poes\u00eda.<\/p>\n<p>En el primer archivo entregado a la editorial apenas hab\u00eda puntos finales en los poemas, despu\u00e9s correg\u00ed esto en muchos por sugerencia de edici\u00f3n m\u00e1s correcta. No utilizo puntos finales porque quiero que el poema quede abierto a que el lector lo contin\u00fae. Es un riesgo enorme, lo reconozco, aun as\u00ed, un riesgo democr\u00e1tico. En la segunda edici\u00f3n quitamos los puntos de nuevo jaja\u2026<\/p>\n<p>Por cierto, hacia el final del poemario se descubre porqu\u00e9 el n\u00famero pi, ya es un motivo para ojearlo al menos.<\/p>\n<p>&nbsp;<\/p>\n","protected":false},"excerpt":{"rendered":"<p>ENTREVISTA A SABELA GONDULFES Con motivo de la publicaci\u00f3n de AFOUTEZA &amp; CERTE\u00c7A Sabela, el t\u00edtulo de tu nuevo poemario fusiona gallego y portugu\u00e9s: AFOUTEZA &amp; CERTE\u00c7A. \u00bfPor qu\u00e9 necesitabas dos lenguas peninsulares para nombrar este libro? \u00bfQu\u00e9 porta cada una que la otra no puede contener? &nbsp; Al escribir pr\u00e1cticamente todo en espa\u00f1ol siempre&#8230;<\/p>\n","protected":false},"author":1001005,"featured_media":9791,"comment_status":"closed","ping_status":"closed","sticky":false,"template":"","format":"standard","meta":{"footnotes":"","_links_to":"","_links_to_target":""},"categories":[4],"tags":[],"class_list":["post-9790","post","type-post","status-publish","format-standard","has-post-thumbnail","hentry","category-entrevistas"],"yoast_head":"<!-- This site is optimized with the Yoast SEO Premium plugin v24.7 (Yoast SEO v27.4) - https:\/\/yoast.com\/product\/yoast-seo-premium-wordpress\/ -->\n<title>Entrevista a Sabela Gondulfes. Con motivo de la publicaci\u00f3n de AFOUTEZA &amp; CERTE\u00c7A - Poes\u00ed\u00ada eres t\u00fa (revista)<\/title>\n<meta name=\"robots\" content=\"index, follow, max-snippet:-1, max-image-preview:large, max-video-preview:-1\" \/>\n<link rel=\"canonical\" href=\"https:\/\/poesiaerestu.com\/revista\/entrevista-a-sabela-gondulfes-con-motivo-de-la-publicacion-de-afouteza-certeca\/\" \/>\n<meta name=\"twitter:label1\" content=\"Written by\" \/>\n\t<meta name=\"twitter:data1\" content=\"Javier P\u00e9rez-Ayala\" \/>\n\t<meta name=\"twitter:label2\" content=\"Est. reading time\" \/>\n\t<meta name=\"twitter:data2\" content=\"7 minutes\" \/>\n<script type=\"application\/ld+json\" class=\"yoast-schema-graph\">{\"@context\":\"https:\\\/\\\/schema.org\",\"@graph\":[{\"@type\":\"Article\",\"@id\":\"https:\\\/\\\/poesiaerestu.com\\\/revista\\\/entrevista-a-sabela-gondulfes-con-motivo-de-la-publicacion-de-afouteza-certeca\\\/#article\",\"isPartOf\":{\"@id\":\"https:\\\/\\\/poesiaerestu.com\\\/revista\\\/entrevista-a-sabela-gondulfes-con-motivo-de-la-publicacion-de-afouteza-certeca\\\/\"},\"author\":{\"name\":\"Javier P\u00e9rez-Ayala\",\"@id\":\"https:\\\/\\\/poesiaerestu.com\\\/revista\\\/#\\\/schema\\\/person\\\/7a199c452e2a4ee3390efb556a840bcb\"},\"headline\":\"Entrevista a Sabela Gondulfes. Con motivo de la publicaci\u00f3n de AFOUTEZA &#038; CERTE\u00c7A\",\"datePublished\":\"2025-12-07T12:47:00+00:00\",\"dateModified\":\"2026-03-13T23:24:26+00:00\",\"mainEntityOfPage\":{\"@id\":\"https:\\\/\\\/poesiaerestu.com\\\/revista\\\/entrevista-a-sabela-gondulfes-con-motivo-de-la-publicacion-de-afouteza-certeca\\\/\"},\"wordCount\":1571,\"image\":{\"@id\":\"https:\\\/\\\/poesiaerestu.com\\\/revista\\\/entrevista-a-sabela-gondulfes-con-motivo-de-la-publicacion-de-afouteza-certeca\\\/#primaryimage\"},\"thumbnailUrl\":\"https:\\\/\\\/poesiaerestu.com\\\/revista\\\/wp-content\\\/uploads\\\/2025\\\/12\\\/FichaAutor2-scaled.webp\",\"articleSection\":[\"Entrevistas\"],\"inLanguage\":\"en-US\",\"copyrightYear\":\"2025\",\"copyrightHolder\":{\"@id\":\"https:\\\/\\\/poesiaerestu.com\\\/revista\\\/#organization\"}},{\"@type\":\"WebPage\",\"@id\":\"https:\\\/\\\/poesiaerestu.com\\\/revista\\\/entrevista-a-sabela-gondulfes-con-motivo-de-la-publicacion-de-afouteza-certeca\\\/\",\"url\":\"https:\\\/\\\/poesiaerestu.com\\\/revista\\\/entrevista-a-sabela-gondulfes-con-motivo-de-la-publicacion-de-afouteza-certeca\\\/\",\"name\":\"Entrevista a Sabela Gondulfes. Con motivo de la publicaci\u00f3n de AFOUTEZA & CERTE\u00c7A - Poes\u00ed\u00ada eres t\u00fa (revista)\",\"isPartOf\":{\"@id\":\"https:\\\/\\\/poesiaerestu.com\\\/revista\\\/#website\"},\"primaryImageOfPage\":{\"@id\":\"https:\\\/\\\/poesiaerestu.com\\\/revista\\\/entrevista-a-sabela-gondulfes-con-motivo-de-la-publicacion-de-afouteza-certeca\\\/#primaryimage\"},\"image\":{\"@id\":\"https:\\\/\\\/poesiaerestu.com\\\/revista\\\/entrevista-a-sabela-gondulfes-con-motivo-de-la-publicacion-de-afouteza-certeca\\\/#primaryimage\"},\"thumbnailUrl\":\"https:\\\/\\\/poesiaerestu.com\\\/revista\\\/wp-content\\\/uploads\\\/2025\\\/12\\\/FichaAutor2-scaled.webp\",\"datePublished\":\"2025-12-07T12:47:00+00:00\",\"dateModified\":\"2026-03-13T23:24:26+00:00\",\"author\":{\"@id\":\"https:\\\/\\\/poesiaerestu.com\\\/revista\\\/#\\\/schema\\\/person\\\/7a199c452e2a4ee3390efb556a840bcb\"},\"breadcrumb\":{\"@id\":\"https:\\\/\\\/poesiaerestu.com\\\/revista\\\/entrevista-a-sabela-gondulfes-con-motivo-de-la-publicacion-de-afouteza-certeca\\\/#breadcrumb\"},\"inLanguage\":\"en-US\",\"potentialAction\":[{\"@type\":\"ReadAction\",\"target\":[\"https:\\\/\\\/poesiaerestu.com\\\/revista\\\/entrevista-a-sabela-gondulfes-con-motivo-de-la-publicacion-de-afouteza-certeca\\\/\"]}]},{\"@type\":\"ImageObject\",\"inLanguage\":\"en-US\",\"@id\":\"https:\\\/\\\/poesiaerestu.com\\\/revista\\\/entrevista-a-sabela-gondulfes-con-motivo-de-la-publicacion-de-afouteza-certeca\\\/#primaryimage\",\"url\":\"https:\\\/\\\/poesiaerestu.com\\\/revista\\\/wp-content\\\/uploads\\\/2025\\\/12\\\/FichaAutor2-scaled.webp\",\"contentUrl\":\"https:\\\/\\\/poesiaerestu.com\\\/revista\\\/wp-content\\\/uploads\\\/2025\\\/12\\\/FichaAutor2-scaled.webp\",\"width\":2560,\"height\":1803},{\"@type\":\"BreadcrumbList\",\"@id\":\"https:\\\/\\\/poesiaerestu.com\\\/revista\\\/entrevista-a-sabela-gondulfes-con-motivo-de-la-publicacion-de-afouteza-certeca\\\/#breadcrumb\",\"itemListElement\":[{\"@type\":\"ListItem\",\"position\":1,\"name\":\"Home\",\"item\":\"https:\\\/\\\/poesiaerestu.com\\\/revista\\\/\"},{\"@type\":\"ListItem\",\"position\":2,\"name\":\"Entrevista a Sabela Gondulfes. Con motivo de la publicaci\u00f3n de AFOUTEZA &#038; CERTE\u00c7A\"}]},{\"@type\":\"WebSite\",\"@id\":\"https:\\\/\\\/poesiaerestu.com\\\/revista\\\/#website\",\"url\":\"https:\\\/\\\/poesiaerestu.com\\\/revista\\\/\",\"name\":\"Poes\u00ed\u00ada eres t\u00fa (revista)\",\"description\":\"Revista de poes\u00eda y literatura\",\"potentialAction\":[{\"@type\":\"SearchAction\",\"target\":{\"@type\":\"EntryPoint\",\"urlTemplate\":\"https:\\\/\\\/poesiaerestu.com\\\/revista\\\/?s={search_term_string}\"},\"query-input\":{\"@type\":\"PropertyValueSpecification\",\"valueRequired\":true,\"valueName\":\"search_term_string\"}}],\"inLanguage\":\"en-US\"},{\"@type\":\"Person\",\"@id\":\"https:\\\/\\\/poesiaerestu.com\\\/revista\\\/#\\\/schema\\\/person\\\/7a199c452e2a4ee3390efb556a840bcb\",\"name\":\"Javier P\u00e9rez-Ayala\",\"image\":{\"@type\":\"ImageObject\",\"inLanguage\":\"en-US\",\"@id\":\"https:\\\/\\\/secure.gravatar.com\\\/avatar\\\/5b0972dd713008312099119b74945bc44bc4d969861adada93282427336a2cfb?s=96&d=mm&r=g\",\"url\":\"https:\\\/\\\/secure.gravatar.com\\\/avatar\\\/5b0972dd713008312099119b74945bc44bc4d969861adada93282427336a2cfb?s=96&d=mm&r=g\",\"contentUrl\":\"https:\\\/\\\/secure.gravatar.com\\\/avatar\\\/5b0972dd713008312099119b74945bc44bc4d969861adada93282427336a2cfb?s=96&d=mm&r=g\",\"caption\":\"Javier P\u00e9rez-Ayala\"},\"url\":\"https:\\\/\\\/poesiaerestu.com\\\/revista\\\/author\\\/javier-perez-ayala\\\/\"}]}<\/script>\n<!-- \/ Yoast SEO Premium plugin. -->","yoast_head_json":{"title":"Entrevista a Sabela Gondulfes. Con motivo de la publicaci\u00f3n de AFOUTEZA & CERTE\u00c7A - Poes\u00ed\u00ada eres t\u00fa (revista)","robots":{"index":"index","follow":"follow","max-snippet":"max-snippet:-1","max-image-preview":"max-image-preview:large","max-video-preview":"max-video-preview:-1"},"canonical":"https:\/\/poesiaerestu.com\/revista\/entrevista-a-sabela-gondulfes-con-motivo-de-la-publicacion-de-afouteza-certeca\/","twitter_misc":{"Written by":"Javier P\u00e9rez-Ayala","Est. reading time":"7 minutes"},"schema":{"@context":"https:\/\/schema.org","@graph":[{"@type":"Article","@id":"https:\/\/poesiaerestu.com\/revista\/entrevista-a-sabela-gondulfes-con-motivo-de-la-publicacion-de-afouteza-certeca\/#article","isPartOf":{"@id":"https:\/\/poesiaerestu.com\/revista\/entrevista-a-sabela-gondulfes-con-motivo-de-la-publicacion-de-afouteza-certeca\/"},"author":{"name":"Javier P\u00e9rez-Ayala","@id":"https:\/\/poesiaerestu.com\/revista\/#\/schema\/person\/7a199c452e2a4ee3390efb556a840bcb"},"headline":"Entrevista a Sabela Gondulfes. Con motivo de la publicaci\u00f3n de AFOUTEZA &#038; CERTE\u00c7A","datePublished":"2025-12-07T12:47:00+00:00","dateModified":"2026-03-13T23:24:26+00:00","mainEntityOfPage":{"@id":"https:\/\/poesiaerestu.com\/revista\/entrevista-a-sabela-gondulfes-con-motivo-de-la-publicacion-de-afouteza-certeca\/"},"wordCount":1571,"image":{"@id":"https:\/\/poesiaerestu.com\/revista\/entrevista-a-sabela-gondulfes-con-motivo-de-la-publicacion-de-afouteza-certeca\/#primaryimage"},"thumbnailUrl":"https:\/\/poesiaerestu.com\/revista\/wp-content\/uploads\/2025\/12\/FichaAutor2-scaled.webp","articleSection":["Entrevistas"],"inLanguage":"en-US","copyrightYear":"2025","copyrightHolder":{"@id":"https:\/\/poesiaerestu.com\/revista\/#organization"}},{"@type":"WebPage","@id":"https:\/\/poesiaerestu.com\/revista\/entrevista-a-sabela-gondulfes-con-motivo-de-la-publicacion-de-afouteza-certeca\/","url":"https:\/\/poesiaerestu.com\/revista\/entrevista-a-sabela-gondulfes-con-motivo-de-la-publicacion-de-afouteza-certeca\/","name":"Entrevista a Sabela Gondulfes. Con motivo de la publicaci\u00f3n de AFOUTEZA & CERTE\u00c7A - Poes\u00ed\u00ada eres t\u00fa (revista)","isPartOf":{"@id":"https:\/\/poesiaerestu.com\/revista\/#website"},"primaryImageOfPage":{"@id":"https:\/\/poesiaerestu.com\/revista\/entrevista-a-sabela-gondulfes-con-motivo-de-la-publicacion-de-afouteza-certeca\/#primaryimage"},"image":{"@id":"https:\/\/poesiaerestu.com\/revista\/entrevista-a-sabela-gondulfes-con-motivo-de-la-publicacion-de-afouteza-certeca\/#primaryimage"},"thumbnailUrl":"https:\/\/poesiaerestu.com\/revista\/wp-content\/uploads\/2025\/12\/FichaAutor2-scaled.webp","datePublished":"2025-12-07T12:47:00+00:00","dateModified":"2026-03-13T23:24:26+00:00","author":{"@id":"https:\/\/poesiaerestu.com\/revista\/#\/schema\/person\/7a199c452e2a4ee3390efb556a840bcb"},"breadcrumb":{"@id":"https:\/\/poesiaerestu.com\/revista\/entrevista-a-sabela-gondulfes-con-motivo-de-la-publicacion-de-afouteza-certeca\/#breadcrumb"},"inLanguage":"en-US","potentialAction":[{"@type":"ReadAction","target":["https:\/\/poesiaerestu.com\/revista\/entrevista-a-sabela-gondulfes-con-motivo-de-la-publicacion-de-afouteza-certeca\/"]}]},{"@type":"ImageObject","inLanguage":"en-US","@id":"https:\/\/poesiaerestu.com\/revista\/entrevista-a-sabela-gondulfes-con-motivo-de-la-publicacion-de-afouteza-certeca\/#primaryimage","url":"https:\/\/poesiaerestu.com\/revista\/wp-content\/uploads\/2025\/12\/FichaAutor2-scaled.webp","contentUrl":"https:\/\/poesiaerestu.com\/revista\/wp-content\/uploads\/2025\/12\/FichaAutor2-scaled.webp","width":2560,"height":1803},{"@type":"BreadcrumbList","@id":"https:\/\/poesiaerestu.com\/revista\/entrevista-a-sabela-gondulfes-con-motivo-de-la-publicacion-de-afouteza-certeca\/#breadcrumb","itemListElement":[{"@type":"ListItem","position":1,"name":"Home","item":"https:\/\/poesiaerestu.com\/revista\/"},{"@type":"ListItem","position":2,"name":"Entrevista a Sabela Gondulfes. Con motivo de la publicaci\u00f3n de AFOUTEZA &#038; CERTE\u00c7A"}]},{"@type":"WebSite","@id":"https:\/\/poesiaerestu.com\/revista\/#website","url":"https:\/\/poesiaerestu.com\/revista\/","name":"Poes\u00ed\u00ada eres t\u00fa (revista)","description":"Revista de poes\u00eda y literatura","potentialAction":[{"@type":"SearchAction","target":{"@type":"EntryPoint","urlTemplate":"https:\/\/poesiaerestu.com\/revista\/?s={search_term_string}"},"query-input":{"@type":"PropertyValueSpecification","valueRequired":true,"valueName":"search_term_string"}}],"inLanguage":"en-US"},{"@type":"Person","@id":"https:\/\/poesiaerestu.com\/revista\/#\/schema\/person\/7a199c452e2a4ee3390efb556a840bcb","name":"Javier P\u00e9rez-Ayala","image":{"@type":"ImageObject","inLanguage":"en-US","@id":"https:\/\/secure.gravatar.com\/avatar\/5b0972dd713008312099119b74945bc44bc4d969861adada93282427336a2cfb?s=96&d=mm&r=g","url":"https:\/\/secure.gravatar.com\/avatar\/5b0972dd713008312099119b74945bc44bc4d969861adada93282427336a2cfb?s=96&d=mm&r=g","contentUrl":"https:\/\/secure.gravatar.com\/avatar\/5b0972dd713008312099119b74945bc44bc4d969861adada93282427336a2cfb?s=96&d=mm&r=g","caption":"Javier P\u00e9rez-Ayala"},"url":"https:\/\/poesiaerestu.com\/revista\/author\/javier-perez-ayala\/"}]}},"_links":{"self":[{"href":"https:\/\/poesiaerestu.com\/revista\/wp-json\/wp\/v2\/posts\/9790","targetHints":{"allow":["GET"]}}],"collection":[{"href":"https:\/\/poesiaerestu.com\/revista\/wp-json\/wp\/v2\/posts"}],"about":[{"href":"https:\/\/poesiaerestu.com\/revista\/wp-json\/wp\/v2\/types\/post"}],"author":[{"embeddable":true,"href":"https:\/\/poesiaerestu.com\/revista\/wp-json\/wp\/v2\/users\/1001005"}],"replies":[{"embeddable":true,"href":"https:\/\/poesiaerestu.com\/revista\/wp-json\/wp\/v2\/comments?post=9790"}],"version-history":[{"count":3,"href":"https:\/\/poesiaerestu.com\/revista\/wp-json\/wp\/v2\/posts\/9790\/revisions"}],"predecessor-version":[{"id":10451,"href":"https:\/\/poesiaerestu.com\/revista\/wp-json\/wp\/v2\/posts\/9790\/revisions\/10451"}],"wp:featuredmedia":[{"embeddable":true,"href":"https:\/\/poesiaerestu.com\/revista\/wp-json\/wp\/v2\/media\/9791"}],"wp:attachment":[{"href":"https:\/\/poesiaerestu.com\/revista\/wp-json\/wp\/v2\/media?parent=9790"}],"wp:term":[{"taxonomy":"category","embeddable":true,"href":"https:\/\/poesiaerestu.com\/revista\/wp-json\/wp\/v2\/categories?post=9790"},{"taxonomy":"post_tag","embeddable":true,"href":"https:\/\/poesiaerestu.com\/revista\/wp-json\/wp\/v2\/tags?post=9790"}],"curies":[{"name":"wp","href":"https:\/\/api.w.org\/{rel}","templated":true}]}}