{"id":9780,"date":"2025-12-06T22:12:55","date_gmt":"2025-12-06T21:12:55","guid":{"rendered":"https:\/\/poesiaerestu.com\/revista\/?p=9780"},"modified":"2025-12-06T22:12:55","modified_gmt":"2025-12-06T21:12:55","slug":"cuando-me-permito-caer-lucia-garcia-ramos-renacida-en-mi-calma","status":"publish","type":"post","link":"https:\/\/poesiaerestu.com\/revista\/cuando-me-permito-caer-lucia-garcia-ramos-renacida-en-mi-calma\/","title":{"rendered":"Cuando me permito caer. Luc\u00eda Garc\u00eda Ramos, &#8220;Renacida en mi calma&#8221;"},"content":{"rendered":"<p><strong>Cuando me permito caer<\/strong><\/p>\n<p>Hay d\u00edas que no puedo,<br \/>\ny est\u00e1 bien.<br \/>\nMe hago un caf\u00e9,<br \/>\nme quedo quieta<br \/>\ny dejo pasar las horas.<br \/>\nRecuerdo a Benedetti,<br \/>\nla alegr\u00eda se defiende,<br \/>\ny miro el horizonte sabiendo<br \/>\nque, aunque hoy no llegue,<br \/>\nma\u00f1ana volver\u00e9<br \/>\nel doble de clara,<br \/>\nel doble de yo.<\/p>\n<p><em>Luc\u00eda Garc\u00eda Ramos, &#8220;Renacida en mi calma&#8221;<\/em><\/p>\n<h2><strong>La Sabidur\u00eda de la Pausa<\/strong><\/h2>\n<p>Hay algo profundamente revolucionario en este poema que cierra el libro como quien cierra una puerta con ternura, sin dar portazo, sabiendo que ma\u00f1ana volver\u00e1 a abrirse. Garc\u00eda Ramos ha construido todo un edificio de renacimiento, ha levantado ra\u00edces, ha extendido alas, ha tendido puentes hacia horizontes prometedores, y justo cuando el lector espera un final triunfal, ella se permite caer. Y en esa ca\u00edda hay m\u00e1s sabidur\u00eda que en todos los vuelos anteriores.<\/p>\n<p>El poema comienza con una declaraci\u00f3n que rompe la expectativa de linealidad que tanto nos han vendido los discursos de superaci\u00f3n personal: &#8220;Hay d\u00edas que no puedo, \/ y est\u00e1 bien&#8221;. Esas cinco palabras contienen toda una filosof\u00eda de la imperfecci\u00f3n aceptada, de la humanidad reconocida sin culpa. No dice &#8220;hay d\u00edas dif\u00edciles&#8221; (eufemismo que suaviza), no dice &#8220;hay momentos complicados&#8221; (que sugiere brevedad), dice directamente &#8220;no puedo&#8221;, con la rotundidad del verbo sin adornos. Y luego, ese verso de dos palabras que funciona como absoluci\u00f3n: &#8220;y est\u00e1 bien&#8221;. Permiso otorgado, culpa disuelta, autorizaci\u00f3n para ser humana en un mundo que exige divinidad constante.<\/p>\n<p>Lo que sigue es una enumeraci\u00f3n de acciones tan peque\u00f1as que casi no son acciones: hacerse un caf\u00e9, quedarse quieta, dejar pasar las horas. En la econom\u00eda capitalista del tiempo productivo, esto es herej\u00eda. En la l\u00f3gica de la autoexigencia perpetua, esto es fracaso. Pero Garc\u00eda Ramos lo presenta como lo que realmente es: autocuidado elemental, resistencia callada, pausa necesaria en un mundo que no para nunca. El caf\u00e9 no es solo bebida sino ritual, gesto que conecta manos con taza con calor con presente. La quietud no es par\u00e1lisis sino decisi\u00f3n consciente de no forzar movimiento. Dejar pasar las horas no es perder el tiempo sino respetarlo, entender que hay momentos donde lo \u00fanico que corresponde es ser testigo del transcurrir sin intentar acelerarlo o llenarlo de sentido productivo.<\/p>\n<p>Y entonces llega Benedetti, invocado como quien convoca a un maestro cuya voz sostiene cuando la propia vacila. &#8220;Recuerdo a Benedetti, \/ la alegr\u00eda se defiende&#8221;: el poeta uruguayo entra al poema no como cita erudita sino como compa\u00f1\u00eda, como recordatorio de que otros antes ya pelearon esta batalla de mantener la alegr\u00eda en medio de todo lo que la amenaza. La alegr\u00eda no viene sola, no es regalo gratuito ni estado natural: se defiende, se cultiva, se protege de los asedios constantes de la desesperanza. Y a veces, parad\u00f3jicamente, se defiende descansando, retir\u00e1ndose estrat\u00e9gicamente, permiti\u00e9ndose d\u00edas de no poder.<\/p>\n<p>Luego viene ese giro hacia el horizonte, esa mirada que no busca certezas sino que simplemente observa sabiendo que &#8220;aunque hoy no llegue, \/ ma\u00f1ana volver\u00e9&#8221;. No dice &#8220;llegar\u00e9 ma\u00f1ana&#8221; (promesa que podr\u00eda romperse), dice &#8220;volver\u00e9&#8221;, verbo que implica que ya estuvo ah\u00ed antes, que conoce el camino, que esta no es primera ca\u00edda ni ser\u00e1 la \u00faltima. Y la confianza no reside en eliminar las ca\u00eddas sino en saber que despu\u00e9s de cada una hay retorno.<\/p>\n<p>El cierre del poema es de una belleza matem\u00e1tica casi: &#8220;el doble de clara, \/ el doble de yo&#8221;. La ca\u00edda no resta, multiplica. La pausa no disminuye, intensifica. Cada vez que se permite no poder, regresa m\u00e1s aut\u00e9ntica, m\u00e1s ella misma, porque ha integrado tambi\u00e9n esa parte que no puede, porque ha dejado de exiliarse de su propia vulnerabilidad. &#8220;El doble de yo&#8221; no significa dos veces mejor sino dos veces m\u00e1s completa: la que puede y la que no puede habitando el mismo cuerpo sin guerra interna.<\/p>\n<p>Este poema funciona como cierre perfecto del poemario porque desmiente cualquier lectura triunfalista que se pudiera hacer de todo lo anterior. Garc\u00eda Ramos no ha escrito un libro sobre convertirse en superhero\u00edna inmune al dolor. Ha escrito un libro sobre aprender a sostener simult\u00e1neamente la fortaleza y la fragilidad, y este poema final es prueba de esa integraci\u00f3n. Despu\u00e9s de veinticuatro poemas de renacimiento, ra\u00edces, alas, puentes y horizontes, tiene la valent\u00eda de cerrar con una ca\u00edda. Y esa ca\u00edda no niega nada de lo anterior: lo confirma desde lugar m\u00e1s honesto. El crecimiento personal no es ascenso constante sino espiral que regresa recurrentemente a la vulnerabilidad, pero cada vez desde altura ligeramente superior que permite ver el paisaje con m\u00e1s claridad.<\/p>\n<p>La sencillez formal del poema \u2014versos breves, lenguaje cotidiano, ausencia de met\u00e1foras complejas\u2014 contrasta con la profundidad del contenido. A veces las verdades m\u00e1s dif\u00edciles de alcanzar se dicen con las palabras m\u00e1s simples: hay d\u00edas que no puedo, y est\u00e1 bien. Toda una vida puede caber en esa frase, toda una terapia, toda una liberaci\u00f3n. Y el poema lo sabe, por eso no necesita adornar, no necesita convencer, solo necesita constatar con la calma de quien ya atraves\u00f3 suficientes d\u00edas imposibles como para saber que se sobrevive a todos, incluso a este.<\/p>\n<p>Lo que Garc\u00eda Ramos logra en este poema es algo que mucha poes\u00eda terap\u00e9utica no consigue: evitar la promesa de curaci\u00f3n definitiva. No dice &#8220;ya no habr\u00e1 m\u00e1s d\u00edas as\u00ed&#8221;, no promete eliminaci\u00f3n del dolor, no vende felicidad perpetua. Dice algo mucho m\u00e1s valioso: cuando lleguen esos d\u00edas \u2014porque llegar\u00e1n\u2014 tendr\u00e1s permiso para detenerte, para no forzar, para recordar que ma\u00f1ana volver\u00e1s. Y volver\u00e1s no porque seas hero\u00edna sino porque eres humana, y los humanos tienen esa capacidad extra\u00f1a de caer y levantarse, caer y levantarse, hasta que la ca\u00edda misma se convierte en parte del camino, no en interrupci\u00f3n de \u00e9l.<\/p>\n<p>Este poema respira, y al respirar nos ense\u00f1a a respirar. En un mundo de exigencias constantes, de productividad obligatoria, de optimismo forzado, Garc\u00eda Ramos nos regala un poema que dice: puedes detenerte, puedes caer, puedes no llegar hoy. Y ma\u00f1ana, cuando regreses \u2014porque regresar\u00e1s, siempre se regresa\u2014 ser\u00e1s el doble de clara, el doble de t\u00fa. Porque habr\u00e1s integrado tambi\u00e9n esa parte que necesitaba pausa, esa parte que no pod\u00eda, esa parte tan humana que a veces olvidamos que somos.<\/p>\n<p style=\"text-align: right;\">Ana Mar\u00eda Olivares<\/p>\n","protected":false},"excerpt":{"rendered":"<p>Poemario de Luc\u00eda Garc\u00eda Ramos que explora el amor propio y el crecimiento personal a trav\u00e9s de versos \u00edntimos, sencillos y sanadores.<\/p>\n","protected":false},"author":1001006,"featured_media":9781,"comment_status":"closed","ping_status":"closed","sticky":false,"template":"","format":"standard","meta":{"footnotes":"","_links_to":"","_links_to_target":""},"categories":[3],"tags":[],"class_list":["post-9780","post","type-post","status-publish","format-standard","has-post-thumbnail","hentry","category-poesia"],"yoast_head":"<!-- This site is optimized with the Yoast SEO Premium plugin v24.7 (Yoast SEO v27.4) - https:\/\/yoast.com\/product\/yoast-seo-premium-wordpress\/ -->\n<title>Cuando me permito caer. Luc\u00eda Garc\u00eda Ramos, &quot;Renacida en mi calma&quot; - Poes\u00ed\u00ada eres t\u00fa (revista)<\/title>\n<meta name=\"description\" content=\"Poemario de Luc\u00eda Garc\u00eda Ramos que explora el amor propio y el crecimiento personal a trav\u00e9s de versos \u00edntimos, sencillos y sanadores.\" \/>\n<meta name=\"robots\" content=\"index, follow, max-snippet:-1, max-image-preview:large, max-video-preview:-1\" \/>\n<link rel=\"canonical\" href=\"https:\/\/poesiaerestu.com\/revista\/cuando-me-permito-caer-lucia-garcia-ramos-renacida-en-mi-calma\/\" \/>\n<meta name=\"twitter:label1\" content=\"Written by\" \/>\n\t<meta name=\"twitter:data1\" content=\"Ana Mar\u00eda Olivares\" \/>\n\t<meta name=\"twitter:label2\" content=\"Est. reading time\" \/>\n\t<meta name=\"twitter:data2\" content=\"5 minutes\" \/>\n<script type=\"application\/ld+json\" class=\"yoast-schema-graph\">{\"@context\":\"https:\\\/\\\/schema.org\",\"@graph\":[{\"@type\":\"Article\",\"@id\":\"https:\\\/\\\/poesiaerestu.com\\\/revista\\\/cuando-me-permito-caer-lucia-garcia-ramos-renacida-en-mi-calma\\\/#article\",\"isPartOf\":{\"@id\":\"https:\\\/\\\/poesiaerestu.com\\\/revista\\\/cuando-me-permito-caer-lucia-garcia-ramos-renacida-en-mi-calma\\\/\"},\"author\":{\"name\":\"Ana Mar\u00eda Olivares\",\"@id\":\"https:\\\/\\\/poesiaerestu.com\\\/revista\\\/#\\\/schema\\\/person\\\/cf2f0603f3dc0f9949eb248e8ae069ce\"},\"headline\":\"Cuando me permito caer. Luc\u00eda Garc\u00eda Ramos, &#8220;Renacida en mi calma&#8221;\",\"datePublished\":\"2025-12-06T21:12:55+00:00\",\"mainEntityOfPage\":{\"@id\":\"https:\\\/\\\/poesiaerestu.com\\\/revista\\\/cuando-me-permito-caer-lucia-garcia-ramos-renacida-en-mi-calma\\\/\"},\"wordCount\":1142,\"image\":{\"@id\":\"https:\\\/\\\/poesiaerestu.com\\\/revista\\\/cuando-me-permito-caer-lucia-garcia-ramos-renacida-en-mi-calma\\\/#primaryimage\"},\"thumbnailUrl\":\"https:\\\/\\\/poesiaerestu.com\\\/revista\\\/wp-content\\\/uploads\\\/2025\\\/12\\\/Poesia-cuando-me-permito-caer.webp\",\"articleSection\":[\"Poes\u00eda\"],\"inLanguage\":\"en-US\",\"copyrightYear\":\"2025\",\"copyrightHolder\":{\"@id\":\"https:\\\/\\\/poesiaerestu.com\\\/revista\\\/#organization\"}},{\"@type\":\"WebPage\",\"@id\":\"https:\\\/\\\/poesiaerestu.com\\\/revista\\\/cuando-me-permito-caer-lucia-garcia-ramos-renacida-en-mi-calma\\\/\",\"url\":\"https:\\\/\\\/poesiaerestu.com\\\/revista\\\/cuando-me-permito-caer-lucia-garcia-ramos-renacida-en-mi-calma\\\/\",\"name\":\"Cuando me permito caer. Luc\u00eda Garc\u00eda Ramos, \\\"Renacida en mi calma\\\" - Poes\u00ed\u00ada eres t\u00fa (revista)\",\"isPartOf\":{\"@id\":\"https:\\\/\\\/poesiaerestu.com\\\/revista\\\/#website\"},\"primaryImageOfPage\":{\"@id\":\"https:\\\/\\\/poesiaerestu.com\\\/revista\\\/cuando-me-permito-caer-lucia-garcia-ramos-renacida-en-mi-calma\\\/#primaryimage\"},\"image\":{\"@id\":\"https:\\\/\\\/poesiaerestu.com\\\/revista\\\/cuando-me-permito-caer-lucia-garcia-ramos-renacida-en-mi-calma\\\/#primaryimage\"},\"thumbnailUrl\":\"https:\\\/\\\/poesiaerestu.com\\\/revista\\\/wp-content\\\/uploads\\\/2025\\\/12\\\/Poesia-cuando-me-permito-caer.webp\",\"datePublished\":\"2025-12-06T21:12:55+00:00\",\"author\":{\"@id\":\"https:\\\/\\\/poesiaerestu.com\\\/revista\\\/#\\\/schema\\\/person\\\/cf2f0603f3dc0f9949eb248e8ae069ce\"},\"description\":\"Poemario de Luc\u00eda Garc\u00eda Ramos que explora el amor propio y el crecimiento personal a trav\u00e9s de versos \u00edntimos, sencillos y sanadores.\",\"breadcrumb\":{\"@id\":\"https:\\\/\\\/poesiaerestu.com\\\/revista\\\/cuando-me-permito-caer-lucia-garcia-ramos-renacida-en-mi-calma\\\/#breadcrumb\"},\"inLanguage\":\"en-US\",\"potentialAction\":[{\"@type\":\"ReadAction\",\"target\":[\"https:\\\/\\\/poesiaerestu.com\\\/revista\\\/cuando-me-permito-caer-lucia-garcia-ramos-renacida-en-mi-calma\\\/\"]}]},{\"@type\":\"ImageObject\",\"inLanguage\":\"en-US\",\"@id\":\"https:\\\/\\\/poesiaerestu.com\\\/revista\\\/cuando-me-permito-caer-lucia-garcia-ramos-renacida-en-mi-calma\\\/#primaryimage\",\"url\":\"https:\\\/\\\/poesiaerestu.com\\\/revista\\\/wp-content\\\/uploads\\\/2025\\\/12\\\/Poesia-cuando-me-permito-caer.webp\",\"contentUrl\":\"https:\\\/\\\/poesiaerestu.com\\\/revista\\\/wp-content\\\/uploads\\\/2025\\\/12\\\/Poesia-cuando-me-permito-caer.webp\",\"width\":1728,\"height\":2304},{\"@type\":\"BreadcrumbList\",\"@id\":\"https:\\\/\\\/poesiaerestu.com\\\/revista\\\/cuando-me-permito-caer-lucia-garcia-ramos-renacida-en-mi-calma\\\/#breadcrumb\",\"itemListElement\":[{\"@type\":\"ListItem\",\"position\":1,\"name\":\"Home\",\"item\":\"https:\\\/\\\/poesiaerestu.com\\\/revista\\\/\"},{\"@type\":\"ListItem\",\"position\":2,\"name\":\"Cuando me permito caer. Luc\u00eda Garc\u00eda Ramos, &#8220;Renacida en mi calma&#8221;\"}]},{\"@type\":\"WebSite\",\"@id\":\"https:\\\/\\\/poesiaerestu.com\\\/revista\\\/#website\",\"url\":\"https:\\\/\\\/poesiaerestu.com\\\/revista\\\/\",\"name\":\"Poes\u00ed\u00ada eres t\u00fa (revista)\",\"description\":\"Revista de poes\u00eda y literatura\",\"potentialAction\":[{\"@type\":\"SearchAction\",\"target\":{\"@type\":\"EntryPoint\",\"urlTemplate\":\"https:\\\/\\\/poesiaerestu.com\\\/revista\\\/?s={search_term_string}\"},\"query-input\":{\"@type\":\"PropertyValueSpecification\",\"valueRequired\":true,\"valueName\":\"search_term_string\"}}],\"inLanguage\":\"en-US\"},{\"@type\":\"Person\",\"@id\":\"https:\\\/\\\/poesiaerestu.com\\\/revista\\\/#\\\/schema\\\/person\\\/cf2f0603f3dc0f9949eb248e8ae069ce\",\"name\":\"Ana Mar\u00eda Olivares\",\"image\":{\"@type\":\"ImageObject\",\"inLanguage\":\"en-US\",\"@id\":\"https:\\\/\\\/secure.gravatar.com\\\/avatar\\\/9738e71889a0117c74a4e2755c1bb913a04599bcf04205649e091304bfc2d516?s=96&d=mm&r=g\",\"url\":\"https:\\\/\\\/secure.gravatar.com\\\/avatar\\\/9738e71889a0117c74a4e2755c1bb913a04599bcf04205649e091304bfc2d516?s=96&d=mm&r=g\",\"contentUrl\":\"https:\\\/\\\/secure.gravatar.com\\\/avatar\\\/9738e71889a0117c74a4e2755c1bb913a04599bcf04205649e091304bfc2d516?s=96&d=mm&r=g\",\"caption\":\"Ana Mar\u00eda Olivares\"},\"url\":\"https:\\\/\\\/poesiaerestu.com\\\/revista\\\/author\\\/ana-maria-olivares\\\/\"}]}<\/script>\n<!-- \/ Yoast SEO Premium plugin. -->","yoast_head_json":{"title":"Cuando me permito caer. Luc\u00eda Garc\u00eda Ramos, \"Renacida en mi calma\" - Poes\u00ed\u00ada eres t\u00fa (revista)","description":"Poemario de Luc\u00eda Garc\u00eda Ramos que explora el amor propio y el crecimiento personal a trav\u00e9s de versos \u00edntimos, sencillos y sanadores.","robots":{"index":"index","follow":"follow","max-snippet":"max-snippet:-1","max-image-preview":"max-image-preview:large","max-video-preview":"max-video-preview:-1"},"canonical":"https:\/\/poesiaerestu.com\/revista\/cuando-me-permito-caer-lucia-garcia-ramos-renacida-en-mi-calma\/","twitter_misc":{"Written by":"Ana Mar\u00eda Olivares","Est. reading time":"5 minutes"},"schema":{"@context":"https:\/\/schema.org","@graph":[{"@type":"Article","@id":"https:\/\/poesiaerestu.com\/revista\/cuando-me-permito-caer-lucia-garcia-ramos-renacida-en-mi-calma\/#article","isPartOf":{"@id":"https:\/\/poesiaerestu.com\/revista\/cuando-me-permito-caer-lucia-garcia-ramos-renacida-en-mi-calma\/"},"author":{"name":"Ana Mar\u00eda Olivares","@id":"https:\/\/poesiaerestu.com\/revista\/#\/schema\/person\/cf2f0603f3dc0f9949eb248e8ae069ce"},"headline":"Cuando me permito caer. Luc\u00eda Garc\u00eda Ramos, &#8220;Renacida en mi calma&#8221;","datePublished":"2025-12-06T21:12:55+00:00","mainEntityOfPage":{"@id":"https:\/\/poesiaerestu.com\/revista\/cuando-me-permito-caer-lucia-garcia-ramos-renacida-en-mi-calma\/"},"wordCount":1142,"image":{"@id":"https:\/\/poesiaerestu.com\/revista\/cuando-me-permito-caer-lucia-garcia-ramos-renacida-en-mi-calma\/#primaryimage"},"thumbnailUrl":"https:\/\/poesiaerestu.com\/revista\/wp-content\/uploads\/2025\/12\/Poesia-cuando-me-permito-caer.webp","articleSection":["Poes\u00eda"],"inLanguage":"en-US","copyrightYear":"2025","copyrightHolder":{"@id":"https:\/\/poesiaerestu.com\/revista\/#organization"}},{"@type":"WebPage","@id":"https:\/\/poesiaerestu.com\/revista\/cuando-me-permito-caer-lucia-garcia-ramos-renacida-en-mi-calma\/","url":"https:\/\/poesiaerestu.com\/revista\/cuando-me-permito-caer-lucia-garcia-ramos-renacida-en-mi-calma\/","name":"Cuando me permito caer. Luc\u00eda Garc\u00eda Ramos, \"Renacida en mi calma\" - Poes\u00ed\u00ada eres t\u00fa (revista)","isPartOf":{"@id":"https:\/\/poesiaerestu.com\/revista\/#website"},"primaryImageOfPage":{"@id":"https:\/\/poesiaerestu.com\/revista\/cuando-me-permito-caer-lucia-garcia-ramos-renacida-en-mi-calma\/#primaryimage"},"image":{"@id":"https:\/\/poesiaerestu.com\/revista\/cuando-me-permito-caer-lucia-garcia-ramos-renacida-en-mi-calma\/#primaryimage"},"thumbnailUrl":"https:\/\/poesiaerestu.com\/revista\/wp-content\/uploads\/2025\/12\/Poesia-cuando-me-permito-caer.webp","datePublished":"2025-12-06T21:12:55+00:00","author":{"@id":"https:\/\/poesiaerestu.com\/revista\/#\/schema\/person\/cf2f0603f3dc0f9949eb248e8ae069ce"},"description":"Poemario de Luc\u00eda Garc\u00eda Ramos que explora el amor propio y el crecimiento personal a trav\u00e9s de versos \u00edntimos, sencillos y sanadores.","breadcrumb":{"@id":"https:\/\/poesiaerestu.com\/revista\/cuando-me-permito-caer-lucia-garcia-ramos-renacida-en-mi-calma\/#breadcrumb"},"inLanguage":"en-US","potentialAction":[{"@type":"ReadAction","target":["https:\/\/poesiaerestu.com\/revista\/cuando-me-permito-caer-lucia-garcia-ramos-renacida-en-mi-calma\/"]}]},{"@type":"ImageObject","inLanguage":"en-US","@id":"https:\/\/poesiaerestu.com\/revista\/cuando-me-permito-caer-lucia-garcia-ramos-renacida-en-mi-calma\/#primaryimage","url":"https:\/\/poesiaerestu.com\/revista\/wp-content\/uploads\/2025\/12\/Poesia-cuando-me-permito-caer.webp","contentUrl":"https:\/\/poesiaerestu.com\/revista\/wp-content\/uploads\/2025\/12\/Poesia-cuando-me-permito-caer.webp","width":1728,"height":2304},{"@type":"BreadcrumbList","@id":"https:\/\/poesiaerestu.com\/revista\/cuando-me-permito-caer-lucia-garcia-ramos-renacida-en-mi-calma\/#breadcrumb","itemListElement":[{"@type":"ListItem","position":1,"name":"Home","item":"https:\/\/poesiaerestu.com\/revista\/"},{"@type":"ListItem","position":2,"name":"Cuando me permito caer. Luc\u00eda Garc\u00eda Ramos, &#8220;Renacida en mi calma&#8221;"}]},{"@type":"WebSite","@id":"https:\/\/poesiaerestu.com\/revista\/#website","url":"https:\/\/poesiaerestu.com\/revista\/","name":"Poes\u00ed\u00ada eres t\u00fa (revista)","description":"Revista de poes\u00eda y literatura","potentialAction":[{"@type":"SearchAction","target":{"@type":"EntryPoint","urlTemplate":"https:\/\/poesiaerestu.com\/revista\/?s={search_term_string}"},"query-input":{"@type":"PropertyValueSpecification","valueRequired":true,"valueName":"search_term_string"}}],"inLanguage":"en-US"},{"@type":"Person","@id":"https:\/\/poesiaerestu.com\/revista\/#\/schema\/person\/cf2f0603f3dc0f9949eb248e8ae069ce","name":"Ana Mar\u00eda Olivares","image":{"@type":"ImageObject","inLanguage":"en-US","@id":"https:\/\/secure.gravatar.com\/avatar\/9738e71889a0117c74a4e2755c1bb913a04599bcf04205649e091304bfc2d516?s=96&d=mm&r=g","url":"https:\/\/secure.gravatar.com\/avatar\/9738e71889a0117c74a4e2755c1bb913a04599bcf04205649e091304bfc2d516?s=96&d=mm&r=g","contentUrl":"https:\/\/secure.gravatar.com\/avatar\/9738e71889a0117c74a4e2755c1bb913a04599bcf04205649e091304bfc2d516?s=96&d=mm&r=g","caption":"Ana Mar\u00eda Olivares"},"url":"https:\/\/poesiaerestu.com\/revista\/author\/ana-maria-olivares\/"}]}},"_links":{"self":[{"href":"https:\/\/poesiaerestu.com\/revista\/wp-json\/wp\/v2\/posts\/9780","targetHints":{"allow":["GET"]}}],"collection":[{"href":"https:\/\/poesiaerestu.com\/revista\/wp-json\/wp\/v2\/posts"}],"about":[{"href":"https:\/\/poesiaerestu.com\/revista\/wp-json\/wp\/v2\/types\/post"}],"author":[{"embeddable":true,"href":"https:\/\/poesiaerestu.com\/revista\/wp-json\/wp\/v2\/users\/1001006"}],"replies":[{"embeddable":true,"href":"https:\/\/poesiaerestu.com\/revista\/wp-json\/wp\/v2\/comments?post=9780"}],"version-history":[{"count":2,"href":"https:\/\/poesiaerestu.com\/revista\/wp-json\/wp\/v2\/posts\/9780\/revisions"}],"predecessor-version":[{"id":9783,"href":"https:\/\/poesiaerestu.com\/revista\/wp-json\/wp\/v2\/posts\/9780\/revisions\/9783"}],"wp:featuredmedia":[{"embeddable":true,"href":"https:\/\/poesiaerestu.com\/revista\/wp-json\/wp\/v2\/media\/9781"}],"wp:attachment":[{"href":"https:\/\/poesiaerestu.com\/revista\/wp-json\/wp\/v2\/media?parent=9780"}],"wp:term":[{"taxonomy":"category","embeddable":true,"href":"https:\/\/poesiaerestu.com\/revista\/wp-json\/wp\/v2\/categories?post=9780"},{"taxonomy":"post_tag","embeddable":true,"href":"https:\/\/poesiaerestu.com\/revista\/wp-json\/wp\/v2\/tags?post=9780"}],"curies":[{"name":"wp","href":"https:\/\/api.w.org\/{rel}","templated":true}]}}