{"id":9757,"date":"2025-12-01T10:37:32","date_gmt":"2025-12-01T09:37:32","guid":{"rendered":"https:\/\/poesiaerestu.com\/revista\/?p=9757"},"modified":"2026-03-14T00:25:32","modified_gmt":"2026-03-13T23:25:32","slug":"critica-literaria-poemas-en-el-bolso-de-maria-navas","status":"publish","type":"post","link":"https:\/\/poesiaerestu.com\/revista\/critica-literaria-poemas-en-el-bolso-de-maria-navas\/","title":{"rendered":"Cr\u00edtica literaria &#8220;Poemas en el bolso&#8221; de Mar\u00eda Navas"},"content":{"rendered":"<p><strong>CR\u00cdTICA LITERARIA<\/strong><\/p>\n<p><strong>&#8220;Poemas en el bolso&#8221; de Mar\u00eda Navas<\/strong><\/p>\n<h2><strong>T\u00cdTULO Y AUTOR<\/strong><\/h2>\n<p><strong>T\u00edtulo:<\/strong> <em>Poemas en el bolso<\/em><br \/>\n<strong>Autora:<\/strong> Mar\u00eda Navas S\u00e1nchez<\/p>\n<p>Mar\u00eda Navas es periodista nacida en M\u00e1laga, con quince a\u00f1os de trayectoria en la promoci\u00f3n cultural dentro del tercer sector, dedicada a la sensibilizaci\u00f3n social a trav\u00e9s del arte y la cultura. Dirige un semanario digital de informaci\u00f3n social y ha publicado previamente <em>Las Amapolas crecen junto a las V\u00edas del Tren<\/em> (Editorial Seeler, 2013), <em>En el L\u00edmite<\/em> (UNAD\/Plan Nacional sobre Drogas, 2020), adem\u00e1s de guiones para c\u00f3mics sociales ministeriales.<\/p>\n<p>Su perfil como comunicadora social marca profundamente este debut po\u00e9tico: escribe desde la urgencia testimonial de quien necesita documentar experiencias que carecen de nombre en el discurso oficial. No es poeta de torre de marfil sino cronista del dolor contempor\u00e1neo, y esa doble condici\u00f3n configura la naturaleza h\u00edbrida de su voz: period\u00edstica por su precisi\u00f3n documental, po\u00e9tica por su capacidad de transfiguraci\u00f3n l\u00edrica.<\/p>\n<h2><strong>RESUMEN BREVE<\/strong><\/h2>\n<p><em>Poemas en el bolso<\/em> es un poemario de 25 composiciones que documenta m\u00faltiples duelos simult\u00e1neos: la muerte del amigo gay sin reconocimiento institucional, el desarraigo geogr\u00e1fico de M\u00e1laga hacia Madrid y posteriormente Asturias, la p\u00e9rdida de la voz propia bajo silenciamiento patriarcal, y la b\u00fasqueda de una identidad fracturada que debe reconstruirse entre los escombros del dolor.<\/p>\n<p>El libro construye una cartograf\u00eda emocional que transita desde la vulnerabilidad extrema (&#8220;mi piel es de uva, con un roce se desuella&#8221;) hasta una regeneraci\u00f3n compleja y no lineal que culmina reconociendo que &#8220;para pasar la navidad \/ conviene hacerse muy peque\u00f1a&#8221;. No hay triunfalismo: la sanaci\u00f3n en Navas es aprender a habitar la fragilidad sin desmoronarse, reconocer que &#8220;la tristeza m\u00e1s profunda \/ s\u00f3lo vive a flor de piel&#8221;.<\/p>\n<h2><strong>AN\u00c1LISIS DE ELEMENTOS LITERARIOS<\/strong><\/h2>\n<ol>\n<li><strong> Estructura<\/strong><\/li>\n<\/ol>\n<p>El poemario carece de divisiones formales en secciones pero presenta una arquitectura emocional en cuatro movimientos:<\/p>\n<p><strong>Primer movimiento (poemas 1-6):<\/strong> Establecimiento del dolor mediante corporalizaci\u00f3n inmediata. &#8220;A veces&#8221; introduce la vulnerabilidad cut\u00e1nea como s\u00edmbolo rector. &#8220;Diagn\u00f3stico&#8221; replica sintaxis cl\u00ednica para documentar enfermedad. &#8220;Soledad de mariliendre&#8221; marca el cl\u00edmax inicial con el duelo gay que estructura todo el libro. &#8220;Poemas en el bolso&#8221; introduce reflexi\u00f3n metapo\u00e9tica sobre la funci\u00f3n salvadora de escribir.<\/p>\n<p><strong>Segundo movimiento (poemas 7-14):<\/strong> Exploraci\u00f3n de duelos m\u00faltiples mediante alternancia entre dolor presente y memoria protectora. &#8220;Me llamabas hermana&#8221; profundiza la p\u00e9rdida del amigo mediante an\u00e1fora hipn\u00f3tica. &#8220;Ahora callo&#8221; documenta el silenciamiento como violencia fisiol\u00f3gica. &#8220;Buscando veranos&#8221; recupera el jard\u00edn andaluz de la abuela como refugio.<\/p>\n<p><strong>Tercer movimiento (poemas 15-20):<\/strong> Desorientaci\u00f3n y extra\u00f1amiento. &#8220;Desnortada&#8221; despliega el desplazamiento geogr\u00e1fico como perplejidad identitaria. &#8220;Sin notificaciones&#8221; actualiza la soledad en la era digital. &#8220;El hombre que tanto nos gustaba&#8221; reintroduce el deseo er\u00f3tico como fuerza regeneradora.<\/p>\n<p><strong>Cuarto movimiento (poemas 21-25):<\/strong> Regeneraci\u00f3n no lineal. &#8220;Amor bueno&#8221; celebra el amor sanador mediante estructura de letan\u00eda laica. &#8220;Mi madre pensaba&#8221; universaliza la experiencia personal en deseo pol\u00edtico por &#8220;un mundo amable para las ni\u00f1as del mundo&#8221;. &#8220;Instrucciones para pasar la navidad&#8221; cierra regresando circularmente a la vulnerabilidad infantil pero resignificada como estrategia de supervivencia.<\/p>\n<p>La estructura es helicoidal, no lineal: se avanza pero se regresa, se sana pero se recae. Esta recursividad frustra la expectativa lectora del &#8220;final feliz&#8221; generando percepci\u00f3n m\u00e1s realista del duelo como espiral donde revisitamos lugares del dolor desde alturas distintas.<\/p>\n<ol>\n<li><strong> Estilo y Lenguaje<\/strong><\/li>\n<\/ol>\n<p>Navas construye una dicci\u00f3n confesional que fusiona registro coloquial con densidad po\u00e9tica. Su gran hallazgo t\u00e9cnico es la <strong>corporalizaci\u00f3n del dolor<\/strong>: todo sufrimiento psicol\u00f3gico se convierte en materia t\u00e1ctil. El dolor nunca es abstracto sino f\u00edsico: &#8220;hachazo en las costillas&#8221;, &#8220;Me trago las palabras, las escupo hacia dentro&#8221;, &#8220;Ara\u00f1an los tejidos en puro desconcierto&#8221;.<\/p>\n<p>El lenguaje es mayormente parat\u00e1ctico (oraciones coordinadas sin subordinaci\u00f3n compleja) facilitando accesibilidad sin simplicidad. Cuando incorpora referencias culturales (WhatsApp, Spotify, selfie) no busca legitimaci\u00f3n generacional sino documentar rituales reales del duelo contempor\u00e1neo: borrar el nombre del contacto es el nuevo quemar cartas.<\/p>\n<p><strong>Recursos t\u00e9cnicos destacados:<\/strong><\/p>\n<ul>\n<li><strong>An\u00e1fora estructural:<\/strong> &#8220;Me llamabas hermana&#8221; repite esta f\u00f3rmula tres veces generando ritmo hipn\u00f3tico que replica el recuerdo obsesivo. Cada repetici\u00f3n a\u00f1ade matiz creando profundidad emocional progresiva.<\/li>\n<li><strong>Enumeraci\u00f3n cl\u00ednica:<\/strong> &#8220;Diagn\u00f3stico&#8221; construye lista mediante sintagmas bimembres sin verbo (&#8220;Quiste denso \/ ojos rojos \/ miedo intenso&#8221;) replicando lenguaje m\u00e9dico deshumanizado. La acumulaci\u00f3n sin conectores mimetiza fragmentaci\u00f3n perceptiva de quien est\u00e1 siendo examinada.<\/li>\n<li><strong>Met\u00e1fora extendida:<\/strong> &#8220;Poemas en el bolso&#8221; despliega alegor\u00eda completa donde los versos son &#8220;polizones a punto de hundirse en el oc\u00e9ano de basura \/ de un contenedor, en Sainz de Baranda&#8221;, buscar\u00e1n &#8220;los o\u00eddos de las cucarachas \/ para recitarse a s\u00ed mismos&#8221;. La met\u00e1fora se sostiene porque cada paso es concreto: no estamos en lo simb\u00f3lico et\u00e9reo sino en geograf\u00eda urbana espec\u00edfica.<\/li>\n<li><strong>Sinestesia traum\u00e1tica:<\/strong> &#8220;Exhala verde caqui a cada hora&#8221;, &#8220;sudan metralla sus segundos&#8221;, &#8220;r\u00edo cantar\u00edn que suena a verde&#8221;. Estas fusiones sensoriales replican confusi\u00f3n perceptiva del duelo donde los sistemas emocionales y sensoriales colapsan.<\/li>\n<\/ul>\n<ol>\n<li><strong> Ambientaci\u00f3n<\/strong><\/li>\n<\/ol>\n<p>La geograf\u00eda funciona como correlato objetivo constante estructurando oposiciones que son f\u00edsicas pero sobre todo emocionales:<\/p>\n<p><strong>El Sur (M\u00e1laga):<\/strong> Representa infancia, luz, calor, memoria feliz. &#8220;El jard\u00edn de mi abuela Margarita&#8221;, &#8220;el rosa de las rosas rosas&#8221;, &#8220;chocolate&#8221; lamido, &#8220;terral&#8221; que sopla, &#8220;jazmines que explotan&#8221;. El sur no es para\u00edso perdido sino espacio de felicidad posible, territorio de &#8220;la infancia imaginada&#8221; donde &#8220;la felicidad es una ni\u00f1a chica que aprende a nadar en los \/ brazos de su padre&#8221;.<\/p>\n<p><strong>El Norte (Madrid\/Asturias):<\/strong> Espacio del extra\u00f1amiento. Madrid es ciudad hostil: &#8220;En este Madrid sofocante, \/ la gata y yo vamos perdiendo el juicio&#8221;. Asturias introduce perplejidad geogr\u00e1fica: &#8220;Yo, que siempre mir\u00e9 al sur, \/ me extra\u00f1o al contemplar este oc\u00e9ano desorientado \/ que se obstina en mirar en la direcci\u00f3n contraria&#8221;. Pero Navas evita manique\u00edsmo: &#8220;Descanso en la luz del norte, \/ a pesar de sus olas combativas&#8221;.<\/p>\n<p>Los espacios intermedios (contenedor de Sainz de Baranda, vertedero a las afueras de Madrid, Virgen de la Cueva en Infiesto) son territorios liminales donde lo desechado encuentra refugio. Esta cartograf\u00eda de los m\u00e1rgenes es coherente con una po\u00e9tica que visibiliza duelos sin nombre oficial: la &#8220;mariliendre&#8221; habita espacios sin taxonom\u00eda jur\u00eddica como los poemas habitan contenedores de basura.<\/p>\n<ol>\n<li><strong> INTERPRETACI\u00d3N Y JUICIO CR\u00cdTICO<\/strong><\/li>\n<li><strong> Interpretaci\u00f3n: Simbolismos y mensajes subyacentes<\/strong><\/li>\n<\/ol>\n<p><strong>La piel como frontera porosa<\/strong><\/p>\n<p>El s\u00edmbolo rector del poemario es la piel como membrana vulnerable que representa la paradoja existencial: necesitamos protecci\u00f3n pero vivir es estar expuesto. &#8220;Mi piel es de uva, con un roce se desuella&#8221; versus el deseo de &#8220;forrar mi piel de acero&#8221; o tener &#8220;dermis bien gorda, \/ gruesa, como de campo&#8221;.<\/p>\n<p>El dilema no se resuelve mediante blindaje sino mediante aceptaci\u00f3n: &#8220;Para pasar la navidad \/ conviene hacerse muy peque\u00f1a&#8221;. La peque\u00f1ez final no es derrota sino estrategia de supervivencia: vulnerabilidad consciente en lugar de protecci\u00f3n imposible.<\/p>\n<p><strong>El bolso como archivo fr\u00e1gil<\/strong><\/p>\n<p>El bolso donde conviven poemas &#8220;junto a un chicle rancio \/ y un caramelo&#8221; simboliza la fragilidad de la memoria en la cultura del algoritmo donde las fotos &#8220;duermen en la nube \/ y el dios del algoritmo \/ despierta de a\u00f1o en lustro&#8221;.<\/p>\n<p>Pero es tambi\u00e9n met\u00e1fora del yo contempor\u00e1neo: llevamos nuestra vida &#8220;revuelta entre las cosas&#8221;, sin jerarqu\u00eda entre lo sublime y lo banal. Los versos como &#8220;polizones&#8221; amenazados documentan la condici\u00f3n precaria de toda memoria en era de obsolescencia programada.<\/p>\n<p><strong>La mariliendre como categor\u00eda de parentesco no normativa<\/strong><\/p>\n<p>&#8220;No encuentro mi lugar en este duelo \/ porque m\u00e1s all\u00e1 de la amistad, no tengo un nombre. \/ No hay espacio en esta despedida, \/ para tu mariliendre&#8221;.<\/p>\n<p>Navas crea un neologismo (&#8220;mariliendre&#8221; fusionando &#8220;mari&#8221; + &#8220;liendre&#8221;) para nombrar una relaci\u00f3n que carece de taxonom\u00eda oficial: no es familia biol\u00f3gica, no es pareja rom\u00e1ntica, pero el dolor es equiparable. Esta invenci\u00f3n l\u00e9xica es acto pol\u00edtico: crear palabras para relaciones que la heteronorma no reconoce.<\/p>\n<p><strong>Las palabras como materia f\u00edsica<\/strong><\/p>\n<p>En &#8220;Ahora callo&#8221; las palabras tienen trayecto anat\u00f3mico: &#8220;circulan solas, de mi cabeza al est\u00f3mago \/ sin detenerse en los labios&#8221;. &#8220;Me trago las palabras, las escupo hacia dentro&#8221; no es met\u00e1fora vac\u00eda sino fisiolog\u00eda del silenciamiento patriarcal.<\/p>\n<p>El cuerpo retiene palabras que pugnan por salir (&#8220;Intentan ordenarse para pedir auxilio, \/ para decir: \/ Siento&#8230; Quiero&#8230; Necesito&#8230;&#8221;) materializando violencia estructural del silencio impuesto. El poema concluye con constataci\u00f3n devastadora: &#8220;Tengo muchas palabras. \/ Lo que no tengo es voz&#8221;.<\/p>\n<ol>\n<li><strong> Juicio Cr\u00edtico<\/strong><\/li>\n<\/ol>\n<p><strong>Originalidad:<\/strong> El poemario aporta voz genuina que dialoga con tradiciones (confesional, social, corporal) sin repetir gestos heredados. La &#8220;mariliendre&#8221; como categor\u00eda de duelo no normativo, el tratamiento de WhatsApp como espacio ritual, la migraci\u00f3n interna como perplejidad identitaria, constituyen contribuciones espec\u00edficas al repertorio tem\u00e1tico de la poes\u00eda espa\u00f1ola contempor\u00e1nea.<\/p>\n<p><strong>Coherencia:<\/strong> Arquitectura s\u00f3lida sostenida por repetici\u00f3n de s\u00edmbolos (piel, mar, luz\/oscuridad), lugares recurrentes (sur\/norte), l\u00e9xico consistente (vulnerabilidad corporal, geograf\u00eda emocional). El yo l\u00edrico mantiene identidad reconocible sin repetir gestos. La estructura helicoidal replica trayectoria real del duelo sin falsa resoluci\u00f3n.<\/p>\n<p><strong>Impacto emocional:<\/strong> Navas genera identificaci\u00f3n mediante especificidad parad\u00f3jica: cuanto m\u00e1s concreto el detalle, m\u00e1s universal resuena. &#8220;Recoger la ropa limpia del cordel, \/ regar el macet\u00f3n&#8221; son acciones espec\u00edficas del amigo muerto, pero cualquier lector reconoce el dolor de imaginar rutinas del ausente.<\/p>\n<p>La contenci\u00f3n emocional intensifica impacto. Nunca dice &#8220;estoy destrozada&#8221; sino &#8220;mi piel es de uva, con un roce se desuella&#8221;. La emoci\u00f3n se infiere, no se proclama, generando profundidad sin sentimentalismo.<\/p>\n<p><strong>Contribuci\u00f3n al g\u00e9nero:<\/strong> El poemario actualiza poes\u00eda confesional espa\u00f1ola para siglo XXI documentando dolores que carecen de nombre oficial. Visibiliza la &#8220;mariliendre&#8221;, la migrada interna, la silenciada voluntaria. Lo hace con t\u00e9cnica solvente y honestidad emocional que lo sit\u00faa dignamente en panorama po\u00e9tico contempor\u00e1neo.<\/p>\n<p><strong>Limitaciones:<\/strong> La extensi\u00f3n de 25 poemas permanece en l\u00edmite inferior del est\u00e1ndar editorial para poemario consolidado. Algunos n\u00facleos tem\u00e1ticos (erotismo, ciclo andaluz, reflexi\u00f3n metapo\u00e9tica) quedan apenas esbozados cuando merecer\u00edan mayor desarrollo. El predominio del verso libre sin exploraci\u00f3n de formas fijas o semiestructuradas reduce paleta t\u00e9cnica.<\/p>\n<ol>\n<li><strong> CONTEXTO HIST\u00d3RICO Y CULTURAL<\/strong><\/li>\n<li><strong> Contexto Hist\u00f3rico<\/strong><\/li>\n<\/ol>\n<p><em>Poemas en el bolso<\/em> se publica en 2025 pero documenta experiencias de la d\u00e9cada previa: duelo durante pandemia (&#8220;un d\u00eda de mayo&#8221; cuando &#8220;recib\u00ed el guantazo&#8221;), migraci\u00f3n interna en contexto de precariedad laboral, vida en Madrid durante a\u00f1os de crisis econ\u00f3mica.<\/p>\n<p>El poemario es hijo de su tiempo: post-pand\u00e9mico, post-crisis, post-indignaci\u00f3n. Escribe una generaci\u00f3n que hered\u00f3 promesas incumplidas y debe reconstruirse entre escombros sin manuales de instrucciones. La pregunta &#8220;\u00bfSe perder\u00e1 lo vivido, \/ si no conservo las palabras?&#8221; no es ret\u00f3rica: es angustia real en era donde el algoritmo decide qu\u00e9 memorias sobreviven.<\/p>\n<ol>\n<li><strong> Contexto Cultural<\/strong><\/li>\n<\/ol>\n<p>La obra refleja transformaciones culturales de Espa\u00f1a contempor\u00e1nea:<\/p>\n<p><strong>Visibilidad LGTBI:<\/strong> &#8220;Soledad de mariliendre&#8221; documenta duelo gay con naturalidad impensable d\u00e9cadas atr\u00e1s. El vocativo &#8220;maric\u00f3n&#8221; es cari\u00f1oso, no insulto. La Virgen de la Cueva es &#8220;gay-friendly&#8221;. Pero persiste exclusi\u00f3n: la mariliendre &#8220;no tiene nombre&#8221; en el duelo oficial, evidenciando que normalizaci\u00f3n legal no elimina violencias simb\u00f3licas.<\/p>\n<p><strong>Migraci\u00f3n interna:<\/strong> El desplazamiento sur-norte replica trayectorias de miles de andaluces, extreme\u00f1os, murcianos que migran buscando oportunidades. &#8220;Un d\u00eda despert\u00f3 perif\u00e9rica y absurda, \/ sin entenderse en el espejo&#8221; documenta alienaci\u00f3n de quien &#8220;Cambi\u00f3 el acento, \/ las palabras&#8221;.<\/p>\n<p><strong>Mediaci\u00f3n tecnol\u00f3gica de afectos:<\/strong> WhatsApp, Spotify, notificaciones, selfie, la nube, el algoritmo configuran rituales emocionales contempor\u00e1neos. Navas no satiriza ni celebra: documenta. Borrar el nombre del WhatsApp &#8220;durante una cancin muy corta en Spotify, \/ senza fine&#8221; es ritual de duelo tan leg\u00edtimo como quemar cartas.<\/p>\n<p><strong>Precariedad emocional:<\/strong> &#8220;Sin notificaciones, \/ sin comentarios&#8221; define soledad contempor\u00e1nea donde conectividad digital coexiste con aislamiento real. &#8220;Seguir\u00e9 perdida dando vueltas \/ en esta oraci\u00f3n \/ sin predicado&#8221; materializa incompletud existencial de generaci\u00f3n sin red de sost\u00e9n familiar\/comunitaria tradicional.<\/p>\n<ol>\n<li><strong> COMPARACI\u00d3N CON OTRAS OBRAS Y AUTORES<\/strong><\/li>\n<li><strong> Di\u00e1logo con poetas del siglo XX espa\u00f1ol<\/strong><\/li>\n<\/ol>\n<p><strong>Gloria Fuertes y la voz llana<\/strong><\/p>\n<p>Mar\u00eda Navas conecta con Gloria Fuertes (1917-1998) en el uso de dicci\u00f3n coloquial sin renunciar a profundidad emocional. Como Fuertes, Navas privilegia claridad comunicativa sobre ornamentaci\u00f3n ret\u00f3rica. Su &#8220;yo qu\u00e9 s\u00e9&#8221;, &#8220;qu\u00e9 faena&#8221;, &#8220;ya ves, qu\u00e9 tonta&#8221; replican el tono conversacional fuerteano donde el lenguaje cotidiano no banaliza sino que ancla emoci\u00f3n en habla real.<\/p>\n<p>Ambas escriben desde m\u00e1rgenes: Fuertes como mujer, lesbiana y pobre en franquismo; Navas como periodista social, mariliendre, migrada interna en neoliberalismo precarizador. Ambas rechazan hermetismo elitista construyendo &#8220;una voz ingeniosamente coloquial, sorpresiva y grata por el sutil humor, los juegos de palabras&#8221; (Keefe Ugalde sobre Fuertes, aplicable a Navas).<\/p>\n<p>Pero donde Fuertes incorpora humor constante como mecanismo de defensa, Navas es m\u00e1s seca, menos espectacular. Su dolor es m\u00e1s contenido, menos expansivo. La comedia en Navas (&#8220;Vivo con una gata loca&#8221;) es negra, no liberadora.<\/p>\n<p><strong>Jaime Gil de Biedma y la poes\u00eda de la experiencia<\/strong><\/p>\n<p>La conexi\u00f3n m\u00e1s profunda es con Jaime Gil de Biedma (1929-1990) y la corriente de &#8220;poes\u00eda de la experiencia&#8221; que \u00e9l inaugur\u00f3. Como Gil de Biedma, Navas practica el verso libre que mimetiza ritmo del pensamiento oral. Como \u00e9l, evita solemnidad l\u00edrica mediante iron\u00eda y autocr\u00edtica: &#8220;Me puede el ego\u00edsmo m\u00e1s que t\u00fa&#8221;, &#8220;yo qu\u00e9 s\u00e9&#8221;, &#8220;ya ves, qu\u00e9 tonta&#8221;.<\/p>\n<p>La t\u00e9cnica gilbiedmiana de &#8220;sonar como suena la gente cuando piensa, no cuando declama&#8221; estructura toda la po\u00e9tica de Navas. Su tuteo al lector\/ausente, las preguntas ret\u00f3ricas, los imperativos autodirigidos replican estrategias del poeta catal\u00e1n.<\/p>\n<p>Pero Gil de Biedma escrib\u00eda desde privilegio de clase letrada con conciencia culpable; Navas desde precariedad real. Gil de Biedma reflexionaba sobre &#8220;el arte de vivir entre la burgues\u00eda&#8221; con distancia ir\u00f3nica; Navas documenta supervivencia en Madrid sofocante con gata enloquecida sin red de seguridad.<\/p>\n<p><strong>Generaci\u00f3n del 50 y poes\u00eda social<\/strong><\/p>\n<p>Navas dialoga con la generaci\u00f3n del 50 (Jos\u00e9 Hierro, Blas de Otero, Gabriel Celaya, \u00c1ngela Figuera) en su preocupaci\u00f3n por lo social y su tono testimonial. Como aquellos poetas de posguerra, escribe &#8220;para la inmensa mayor\u00eda&#8221; privilegiando comunicabilidad sobre experimentaci\u00f3n formal.<\/p>\n<p>Pero donde la poes\u00eda social de los 50 denunciaba injusticias colectivas con vocaci\u00f3n pol\u00edtica expl\u00edcita, Navas permanece en lo \u00edntimo-testimonial. No teoriza la precariedad: la habita. No denuncia el Madrid hostil: lo padece con su gata. Esta diferencia metodol\u00f3gica produce po\u00e9tica complementaria: ellos para entender estructuras, ella para sentir c\u00f3mo esas estructuras duelen en cuerpos concretos.<\/p>\n<ol>\n<li><strong> Comparaci\u00f3n con poetas contempor\u00e1neas<\/strong><\/li>\n<\/ol>\n<p><strong>Versus Elena Medel<\/strong><\/p>\n<p>Elena Medel (1985) representa poes\u00eda de la experiencia con conciencia de clase y feminismo materialista. Comparte con Navas inter\u00e9s por vidas precarias y desplazamientos geogr\u00e1ficos, pero mientras Medel tiende a lo coral y pol\u00edtico, Navas permanece en lo \u00edntimo-testimonial.<\/p>\n<p><strong>Versus Elvira Sastre<\/strong><\/p>\n<p>Elvira Sastre domina mercado po\u00e9tico joven con confesionalismo de alto voltaje emocional. Pero donde Sastre tiende al exceso l\u00edrico (&#8220;he muerto tantas veces que ahora s\u00e9 resucitar&#8221;), Navas practica contenci\u00f3n. Su dolor es m\u00e1s seco, menos espectacular. Sastre busca identificaci\u00f3n masiva mediante grandes gestos; Navas construye reconocimiento mediante detalles espec\u00edficos.<\/p>\n<ol>\n<li><strong> T\u00e9cnicas innovadoras para acercar poes\u00eda al lector contempor\u00e1neo<\/strong><\/li>\n<\/ol>\n<p><strong>Integraci\u00f3n org\u00e1nica de tecnolog\u00eda:<\/strong> En lugar de rechazar referencias digitales como &#8220;prosaicas&#8221;, Navas las integra org\u00e1nicamente: WhatsApp, Spotify, selfie, notificaciones no son meros accesorios sino espacios donde ocurre dolor real. Esta naturalizaci\u00f3n de lo digital actualiza poes\u00eda para siglo XXI sin efectismo.<\/p>\n<p><strong>Geograf\u00eda emocional concreta:<\/strong> Los poemas no ocurren en espacios abstractos sino en Sainz de Baranda, M\u00e1laga, Infiesto, vertederos de Madrid. Esta especificidad geogr\u00e1fica genera efecto de realidad que facilita identificaci\u00f3n: el lector puede googlear esos lugares, hacerlos reales.<\/p>\n<p><strong>Lenguaje del algoritmo:<\/strong> &#8220;El dios del algoritmo&#8221; que despierta fotos &#8220;de a\u00f1o en lustro&#8221; nombra experiencia universal de generaciones digitales: dependencia de plataformas para custodiar memoria. Esta incorporaci\u00f3n de l\u00e9xico tecnol\u00f3gico sin pedanter\u00eda acerca poes\u00eda a lectores que viven mediados por pantallas.<\/p>\n<p><strong>Neologismos afectivos:<\/strong> &#8220;Mariliendre&#8221; crea palabra para relaci\u00f3n sin nombre oficial. Este gesto pol\u00edtico-ling\u00fc\u00edstico resuena en lectores LGTBI+ que reconocen la violencia de carecer de taxonom\u00eda para v\u00ednculos propios.<\/p>\n<h2><strong>VII. OPINI\u00d3N PERSONAL<\/strong><\/h2>\n<p><em>Poemas en el bolso<\/em> es una obra valiosa que cumple promesa central de toda poes\u00eda: nombrar lo innombrable. Mar\u00eda Navas encuentra palabras para dolores que carecen de taxonom\u00eda oficial: la mariliendre sin espacio en el duelo, la migrada interna que despierta &#8220;perif\u00e9rica y absurda&#8221;, la silenciada que tiene palabras pero no voz.<\/p>\n<p>Lo que m\u00e1s admiro es la <strong>contenci\u00f3n emocional<\/strong>: Navas nunca grita donde basta murmurar. Esta sobriedad expresiva genera profundidad sin sentimentalismo. Cuando escribe &#8220;Para seguir, basta estar viva&#8221; condensa filosof\u00eda de supervivencia m\u00e1s honesta que mil manifiestos de resiliencia autoayuda.<\/p>\n<p>El <strong>tratamiento del duelo gay<\/strong> mediante la mariliendre es contribuci\u00f3n significativa. Visibiliza dolor invisible: quien acompa\u00f1a sin ser familia ni pareja. Esta perspectiva lateral, esta amistad sin apellido jur\u00eddico, enriquece repertorio de poes\u00eda sobre p\u00e9rdida.<\/p>\n<p>La <strong>corporalizaci\u00f3n del dolor<\/strong> funciona brillantemente. Las palabras que &#8220;circulan solas, de mi cabeza al est\u00f3mago \/ sin detenerse en los labios&#8221; materializan violencia del silencio con precisi\u00f3n anat\u00f3mica que hace imposible la distancia lectora.<\/p>\n<p><strong>Reservas:<\/strong> Extra\u00f1o mayor experimentaci\u00f3n formal. El verso libre exclusivo, aunque manejado con solvencia, limita paleta t\u00e9cnica. Hubiera disfrutado ver a Navas enfrentarse a formas fijas (soneto, d\u00e9cima) someti\u00e9ndolas a su registro coloquial: la tensi\u00f3n entre libertad expresiva y restricci\u00f3n m\u00e9trica podr\u00eda generar chispas interesantes.<\/p>\n<p>La <strong>extensi\u00f3n<\/strong> (25 poemas) deja algunos n\u00facleos tem\u00e1ticos infradesarrollados. El erotismo de &#8220;El hombre que tanto nos gustaba&#8221; merece ciclo propio. La memoria andaluza apenas se esboza en &#8220;Al sur&#8221; cuando podr\u00eda sostener serie completa. La reflexi\u00f3n metapo\u00e9tica de &#8220;Poemas en el bolso&#8221; y &#8220;Tengo un verso&#8221; sugiere fil\u00f3n sin explotar.<\/p>\n<h2><strong>VIII. RECOMENDACI\u00d3N<\/strong><\/h2>\n<p>Recomiendo <em>Poemas en el bolso<\/em> a:<\/p>\n<ul>\n<li><strong>Lectores de poes\u00eda contempor\u00e1nea<\/strong> que buscan voz aut\u00e9ntica sin poses, t\u00e9cnica solvente sin exhibicionismo.<\/li>\n<li><strong>Personas en duelo<\/strong> especialmente quienes transitan p\u00e9rdidas sin reconocimiento oficial (amistades intensas, parejas no formalizadas, duelos LGTBI+).<\/li>\n<li><strong>Migrantes internos<\/strong> que reconocer\u00e1n la perplejidad de &#8220;Desnortada&#8221;: &#8220;soy yo la extraviada&#8221;.<\/li>\n<li><strong>Quienes buscan poes\u00eda accesible sin simplismo:<\/strong> Navas demuestra que claridad no implica superficialidad.<\/li>\n<li><strong>Lectores interesados en poes\u00eda con perspectiva de g\u00e9nero<\/strong> que visibiliza violencias del silenciamiento sin panfletarismo.<\/li>\n<\/ul>\n<p><strong>No recomendar\u00eda<\/strong> a quienes buscan:<\/p>\n<ul>\n<li>Experimentaci\u00f3n formal vanguardista<\/li>\n<li>Poes\u00eda herm\u00e9tica culturalista<\/li>\n<li>Triunfalismo resiliente: aqu\u00ed la sanaci\u00f3n es compleja, no lineal<\/li>\n<\/ul>\n<ol>\n<li><strong> CONCLUSI\u00d3N<\/strong><\/li>\n<\/ol>\n<p><em>Poemas en el bolso<\/em> confirma a Mar\u00eda Navas como voz necesaria en poes\u00eda espa\u00f1ola contempor\u00e1nea. Su capacidad para nombrar dolores sin nombre oficial, su contenci\u00f3n emocional que intensifica en lugar de diluir, su corporalizaci\u00f3n del dolor que hace imposible la indiferencia, sit\u00faan este debut como aportaci\u00f3n valiosa al g\u00e9nero.<\/p>\n<p>El poemario cumple funci\u00f3n testimonial documentando experiencias de precariedad afectiva, duelo no normativo y migraci\u00f3n interna con honestidad que evita tanto victimismo como hero\u00edsmo. Navas no ofrece respuestas: ofrece compa\u00f1\u00eda. Y en tiempos de soledad algor\u00edtmica, esa compa\u00f1\u00eda vale.<\/p>\n<p>La obra dialoga productivamente con tradici\u00f3n po\u00e9tica espa\u00f1ola (Fuertes, Gil de Biedma, generaci\u00f3n del 50) actualiz\u00e1ndola para siglo XXI mediante incorporaci\u00f3n natural de tecnolog\u00eda, geograf\u00edas urbanas concretas y l\u00e9xico que nombra relaciones sin taxonom\u00eda oficial.<\/p>\n<p><strong>Valoraci\u00f3n final:<\/strong> 7.5\/10. Obra s\u00f3lida con voz aut\u00e9ntica y momentos de gran altura l\u00edrica. Las limitaciones (extensi\u00f3n, predominio verso libre sin experimentaci\u00f3n formal) no invalidan logros: Mar\u00eda Navas ha escrito un poemario que importa porque nos ayuda a nombrar lo que a\u00fan no ten\u00eda palabras en el diccionario oficial del sufrimiento. Y esa es, precisamente, la funci\u00f3n central de la poes\u00eda.<\/p>\n<ol>\n<li><strong> CITAS TEXTUALES DE RESPALDO<\/strong><\/li>\n<\/ol>\n<p><em>&#8220;Mi piel es de uva, con un roce se desuella.&#8221;<\/em> &#8211; S\u00edntesis perfecta de vulnerabilidad extrema como condici\u00f3n existencial.<\/p>\n<p><em>&#8220;No encuentro mi lugar en este duelo \/ porque m\u00e1s all\u00e1 de la amistad, no tengo un nombre. \/ No hay espacio en esta despedida, \/ para tu mariliendre.&#8221;<\/em> &#8211; Visibilizaci\u00f3n de duelo no normativo sin taxonom\u00eda oficial.<\/p>\n<p><em>&#8220;\u00bfSe perder\u00e1 lo vivido, \/ si no conservo las palabras?&#8221;<\/em> &#8211; Pregunta central sobre funci\u00f3n de la memoria y escritura en era del algoritmo.<\/p>\n<p><em>&#8220;Me trago las palabras, las escupo hacia dentro, \/ conteniendo los eructos de este callar indigesto.&#8221;<\/em> &#8211; Materializaci\u00f3n fisiol\u00f3gica del silenciamiento patriarcal.<\/p>\n<p><em>&#8220;Para seguir, basta estar viva.&#8221;<\/em> &#8211; Filosof\u00eda de supervivencia sin hero\u00edsmo, honestidad brutal sobre duelo como resistencia.<\/p>\n<p><em>&#8220;Para pasar la navidad \/ conviene hacerse muy peque\u00f1a.&#8221;<\/em> &#8211; Cierre circular que resignifica vulnerabilidad como estrategia, no como debilidad.<\/p>\n","protected":false},"excerpt":{"rendered":"<p>CR\u00cdTICA LITERARIA &#8220;Poemas en el bolso&#8221; de Mar\u00eda Navas T\u00cdTULO Y AUTOR T\u00edtulo: Poemas en el bolso Autora: Mar\u00eda Navas S\u00e1nchez Mar\u00eda Navas es periodista nacida en M\u00e1laga, con quince a\u00f1os de trayectoria en la promoci\u00f3n cultural dentro del tercer sector, dedicada a la sensibilizaci\u00f3n social a trav\u00e9s del arte y la cultura. Dirige un&#8230;<\/p>\n","protected":false},"author":1001006,"featured_media":9758,"comment_status":"closed","ping_status":"closed","sticky":false,"template":"","format":"standard","meta":{"footnotes":"","_links_to":"","_links_to_target":""},"categories":[41],"tags":[],"class_list":["post-9757","post","type-post","status-publish","format-standard","has-post-thumbnail","hentry","category-resenas"],"yoast_head":"<!-- This site is optimized with the Yoast SEO Premium plugin v24.7 (Yoast SEO v27.4) - https:\/\/yoast.com\/product\/yoast-seo-premium-wordpress\/ -->\n<title>Cr\u00edtica literaria &quot;Poemas en el bolso&quot; de Mar\u00eda Navas - Poes\u00ed\u00ada eres t\u00fa (revista)<\/title>\n<meta name=\"description\" content=\"An\u00e1lisis de &#039;Poemas en el bolso&#039; de Mar\u00eda Navas: 25 poemas que documentan duelo, desarraigo y b\u00fasqueda de identidad desde la vulnerabilidad.\" \/>\n<meta name=\"robots\" content=\"index, follow, max-snippet:-1, max-image-preview:large, max-video-preview:-1\" \/>\n<link rel=\"canonical\" href=\"https:\/\/poesiaerestu.com\/revista\/critica-literaria-poemas-en-el-bolso-de-maria-navas\/\" \/>\n<meta name=\"twitter:label1\" content=\"Written by\" \/>\n\t<meta name=\"twitter:data1\" content=\"Ana Mar\u00eda Olivares\" \/>\n\t<meta name=\"twitter:label2\" content=\"Est. reading time\" \/>\n\t<meta name=\"twitter:data2\" content=\"15 minutes\" \/>\n<script type=\"application\/ld+json\" class=\"yoast-schema-graph\">{\"@context\":\"https:\\\/\\\/schema.org\",\"@graph\":[{\"@type\":\"Article\",\"@id\":\"https:\\\/\\\/poesiaerestu.com\\\/revista\\\/critica-literaria-poemas-en-el-bolso-de-maria-navas\\\/#article\",\"isPartOf\":{\"@id\":\"https:\\\/\\\/poesiaerestu.com\\\/revista\\\/critica-literaria-poemas-en-el-bolso-de-maria-navas\\\/\"},\"author\":{\"name\":\"Ana Mar\u00eda Olivares\",\"@id\":\"https:\\\/\\\/poesiaerestu.com\\\/revista\\\/#\\\/schema\\\/person\\\/cf2f0603f3dc0f9949eb248e8ae069ce\"},\"headline\":\"Cr\u00edtica literaria &#8220;Poemas en el bolso&#8221; de Mar\u00eda Navas\",\"datePublished\":\"2025-12-01T09:37:32+00:00\",\"dateModified\":\"2026-03-13T23:25:32+00:00\",\"mainEntityOfPage\":{\"@id\":\"https:\\\/\\\/poesiaerestu.com\\\/revista\\\/critica-literaria-poemas-en-el-bolso-de-maria-navas\\\/\"},\"wordCount\":3619,\"image\":{\"@id\":\"https:\\\/\\\/poesiaerestu.com\\\/revista\\\/critica-literaria-poemas-en-el-bolso-de-maria-navas\\\/#primaryimage\"},\"thumbnailUrl\":\"https:\\\/\\\/poesiaerestu.com\\\/revista\\\/wp-content\\\/uploads\\\/2025\\\/12\\\/0_Portada_Poemasenelbolso.webp\",\"articleSection\":[\"Rese\u00f1as\"],\"inLanguage\":\"en-US\",\"copyrightYear\":\"2025\",\"copyrightHolder\":{\"@id\":\"https:\\\/\\\/poesiaerestu.com\\\/revista\\\/#organization\"}},{\"@type\":\"WebPage\",\"@id\":\"https:\\\/\\\/poesiaerestu.com\\\/revista\\\/critica-literaria-poemas-en-el-bolso-de-maria-navas\\\/\",\"url\":\"https:\\\/\\\/poesiaerestu.com\\\/revista\\\/critica-literaria-poemas-en-el-bolso-de-maria-navas\\\/\",\"name\":\"Cr\u00edtica literaria \\\"Poemas en el bolso\\\" de Mar\u00eda Navas - Poes\u00ed\u00ada eres t\u00fa (revista)\",\"isPartOf\":{\"@id\":\"https:\\\/\\\/poesiaerestu.com\\\/revista\\\/#website\"},\"primaryImageOfPage\":{\"@id\":\"https:\\\/\\\/poesiaerestu.com\\\/revista\\\/critica-literaria-poemas-en-el-bolso-de-maria-navas\\\/#primaryimage\"},\"image\":{\"@id\":\"https:\\\/\\\/poesiaerestu.com\\\/revista\\\/critica-literaria-poemas-en-el-bolso-de-maria-navas\\\/#primaryimage\"},\"thumbnailUrl\":\"https:\\\/\\\/poesiaerestu.com\\\/revista\\\/wp-content\\\/uploads\\\/2025\\\/12\\\/0_Portada_Poemasenelbolso.webp\",\"datePublished\":\"2025-12-01T09:37:32+00:00\",\"dateModified\":\"2026-03-13T23:25:32+00:00\",\"author\":{\"@id\":\"https:\\\/\\\/poesiaerestu.com\\\/revista\\\/#\\\/schema\\\/person\\\/cf2f0603f3dc0f9949eb248e8ae069ce\"},\"description\":\"An\u00e1lisis de 'Poemas en el bolso' de Mar\u00eda Navas: 25 poemas que documentan duelo, desarraigo y b\u00fasqueda de identidad desde la vulnerabilidad.\",\"breadcrumb\":{\"@id\":\"https:\\\/\\\/poesiaerestu.com\\\/revista\\\/critica-literaria-poemas-en-el-bolso-de-maria-navas\\\/#breadcrumb\"},\"inLanguage\":\"en-US\",\"potentialAction\":[{\"@type\":\"ReadAction\",\"target\":[\"https:\\\/\\\/poesiaerestu.com\\\/revista\\\/critica-literaria-poemas-en-el-bolso-de-maria-navas\\\/\"]}]},{\"@type\":\"ImageObject\",\"inLanguage\":\"en-US\",\"@id\":\"https:\\\/\\\/poesiaerestu.com\\\/revista\\\/critica-literaria-poemas-en-el-bolso-de-maria-navas\\\/#primaryimage\",\"url\":\"https:\\\/\\\/poesiaerestu.com\\\/revista\\\/wp-content\\\/uploads\\\/2025\\\/12\\\/0_Portada_Poemasenelbolso.webp\",\"contentUrl\":\"https:\\\/\\\/poesiaerestu.com\\\/revista\\\/wp-content\\\/uploads\\\/2025\\\/12\\\/0_Portada_Poemasenelbolso.webp\",\"width\":559,\"height\":794,\"caption\":\"Libro de poemas abierto sobre pintura de colores vibrantes y bolso de cuero.\"},{\"@type\":\"BreadcrumbList\",\"@id\":\"https:\\\/\\\/poesiaerestu.com\\\/revista\\\/critica-literaria-poemas-en-el-bolso-de-maria-navas\\\/#breadcrumb\",\"itemListElement\":[{\"@type\":\"ListItem\",\"position\":1,\"name\":\"Home\",\"item\":\"https:\\\/\\\/poesiaerestu.com\\\/revista\\\/\"},{\"@type\":\"ListItem\",\"position\":2,\"name\":\"Cr\u00edtica literaria &#8220;Poemas en el bolso&#8221; de Mar\u00eda Navas\"}]},{\"@type\":\"WebSite\",\"@id\":\"https:\\\/\\\/poesiaerestu.com\\\/revista\\\/#website\",\"url\":\"https:\\\/\\\/poesiaerestu.com\\\/revista\\\/\",\"name\":\"Poes\u00ed\u00ada eres t\u00fa (revista)\",\"description\":\"Revista de poes\u00eda y literatura\",\"potentialAction\":[{\"@type\":\"SearchAction\",\"target\":{\"@type\":\"EntryPoint\",\"urlTemplate\":\"https:\\\/\\\/poesiaerestu.com\\\/revista\\\/?s={search_term_string}\"},\"query-input\":{\"@type\":\"PropertyValueSpecification\",\"valueRequired\":true,\"valueName\":\"search_term_string\"}}],\"inLanguage\":\"en-US\"},{\"@type\":\"Person\",\"@id\":\"https:\\\/\\\/poesiaerestu.com\\\/revista\\\/#\\\/schema\\\/person\\\/cf2f0603f3dc0f9949eb248e8ae069ce\",\"name\":\"Ana Mar\u00eda Olivares\",\"image\":{\"@type\":\"ImageObject\",\"inLanguage\":\"en-US\",\"@id\":\"https:\\\/\\\/secure.gravatar.com\\\/avatar\\\/9738e71889a0117c74a4e2755c1bb913a04599bcf04205649e091304bfc2d516?s=96&d=mm&r=g\",\"url\":\"https:\\\/\\\/secure.gravatar.com\\\/avatar\\\/9738e71889a0117c74a4e2755c1bb913a04599bcf04205649e091304bfc2d516?s=96&d=mm&r=g\",\"contentUrl\":\"https:\\\/\\\/secure.gravatar.com\\\/avatar\\\/9738e71889a0117c74a4e2755c1bb913a04599bcf04205649e091304bfc2d516?s=96&d=mm&r=g\",\"caption\":\"Ana Mar\u00eda Olivares\"},\"url\":\"https:\\\/\\\/poesiaerestu.com\\\/revista\\\/author\\\/ana-maria-olivares\\\/\"}]}<\/script>\n<!-- \/ Yoast SEO Premium plugin. -->","yoast_head_json":{"title":"Cr\u00edtica literaria \"Poemas en el bolso\" de Mar\u00eda Navas - Poes\u00ed\u00ada eres t\u00fa (revista)","description":"An\u00e1lisis de 'Poemas en el bolso' de Mar\u00eda Navas: 25 poemas que documentan duelo, desarraigo y b\u00fasqueda de identidad desde la vulnerabilidad.","robots":{"index":"index","follow":"follow","max-snippet":"max-snippet:-1","max-image-preview":"max-image-preview:large","max-video-preview":"max-video-preview:-1"},"canonical":"https:\/\/poesiaerestu.com\/revista\/critica-literaria-poemas-en-el-bolso-de-maria-navas\/","twitter_misc":{"Written by":"Ana Mar\u00eda Olivares","Est. reading time":"15 minutes"},"schema":{"@context":"https:\/\/schema.org","@graph":[{"@type":"Article","@id":"https:\/\/poesiaerestu.com\/revista\/critica-literaria-poemas-en-el-bolso-de-maria-navas\/#article","isPartOf":{"@id":"https:\/\/poesiaerestu.com\/revista\/critica-literaria-poemas-en-el-bolso-de-maria-navas\/"},"author":{"name":"Ana Mar\u00eda Olivares","@id":"https:\/\/poesiaerestu.com\/revista\/#\/schema\/person\/cf2f0603f3dc0f9949eb248e8ae069ce"},"headline":"Cr\u00edtica literaria &#8220;Poemas en el bolso&#8221; de Mar\u00eda Navas","datePublished":"2025-12-01T09:37:32+00:00","dateModified":"2026-03-13T23:25:32+00:00","mainEntityOfPage":{"@id":"https:\/\/poesiaerestu.com\/revista\/critica-literaria-poemas-en-el-bolso-de-maria-navas\/"},"wordCount":3619,"image":{"@id":"https:\/\/poesiaerestu.com\/revista\/critica-literaria-poemas-en-el-bolso-de-maria-navas\/#primaryimage"},"thumbnailUrl":"https:\/\/poesiaerestu.com\/revista\/wp-content\/uploads\/2025\/12\/0_Portada_Poemasenelbolso.webp","articleSection":["Rese\u00f1as"],"inLanguage":"en-US","copyrightYear":"2025","copyrightHolder":{"@id":"https:\/\/poesiaerestu.com\/revista\/#organization"}},{"@type":"WebPage","@id":"https:\/\/poesiaerestu.com\/revista\/critica-literaria-poemas-en-el-bolso-de-maria-navas\/","url":"https:\/\/poesiaerestu.com\/revista\/critica-literaria-poemas-en-el-bolso-de-maria-navas\/","name":"Cr\u00edtica literaria \"Poemas en el bolso\" de Mar\u00eda Navas - Poes\u00ed\u00ada eres t\u00fa (revista)","isPartOf":{"@id":"https:\/\/poesiaerestu.com\/revista\/#website"},"primaryImageOfPage":{"@id":"https:\/\/poesiaerestu.com\/revista\/critica-literaria-poemas-en-el-bolso-de-maria-navas\/#primaryimage"},"image":{"@id":"https:\/\/poesiaerestu.com\/revista\/critica-literaria-poemas-en-el-bolso-de-maria-navas\/#primaryimage"},"thumbnailUrl":"https:\/\/poesiaerestu.com\/revista\/wp-content\/uploads\/2025\/12\/0_Portada_Poemasenelbolso.webp","datePublished":"2025-12-01T09:37:32+00:00","dateModified":"2026-03-13T23:25:32+00:00","author":{"@id":"https:\/\/poesiaerestu.com\/revista\/#\/schema\/person\/cf2f0603f3dc0f9949eb248e8ae069ce"},"description":"An\u00e1lisis de 'Poemas en el bolso' de Mar\u00eda Navas: 25 poemas que documentan duelo, desarraigo y b\u00fasqueda de identidad desde la vulnerabilidad.","breadcrumb":{"@id":"https:\/\/poesiaerestu.com\/revista\/critica-literaria-poemas-en-el-bolso-de-maria-navas\/#breadcrumb"},"inLanguage":"en-US","potentialAction":[{"@type":"ReadAction","target":["https:\/\/poesiaerestu.com\/revista\/critica-literaria-poemas-en-el-bolso-de-maria-navas\/"]}]},{"@type":"ImageObject","inLanguage":"en-US","@id":"https:\/\/poesiaerestu.com\/revista\/critica-literaria-poemas-en-el-bolso-de-maria-navas\/#primaryimage","url":"https:\/\/poesiaerestu.com\/revista\/wp-content\/uploads\/2025\/12\/0_Portada_Poemasenelbolso.webp","contentUrl":"https:\/\/poesiaerestu.com\/revista\/wp-content\/uploads\/2025\/12\/0_Portada_Poemasenelbolso.webp","width":559,"height":794,"caption":"Libro de poemas abierto sobre pintura de colores vibrantes y bolso de cuero."},{"@type":"BreadcrumbList","@id":"https:\/\/poesiaerestu.com\/revista\/critica-literaria-poemas-en-el-bolso-de-maria-navas\/#breadcrumb","itemListElement":[{"@type":"ListItem","position":1,"name":"Home","item":"https:\/\/poesiaerestu.com\/revista\/"},{"@type":"ListItem","position":2,"name":"Cr\u00edtica literaria &#8220;Poemas en el bolso&#8221; de Mar\u00eda Navas"}]},{"@type":"WebSite","@id":"https:\/\/poesiaerestu.com\/revista\/#website","url":"https:\/\/poesiaerestu.com\/revista\/","name":"Poes\u00ed\u00ada eres t\u00fa (revista)","description":"Revista de poes\u00eda y literatura","potentialAction":[{"@type":"SearchAction","target":{"@type":"EntryPoint","urlTemplate":"https:\/\/poesiaerestu.com\/revista\/?s={search_term_string}"},"query-input":{"@type":"PropertyValueSpecification","valueRequired":true,"valueName":"search_term_string"}}],"inLanguage":"en-US"},{"@type":"Person","@id":"https:\/\/poesiaerestu.com\/revista\/#\/schema\/person\/cf2f0603f3dc0f9949eb248e8ae069ce","name":"Ana Mar\u00eda Olivares","image":{"@type":"ImageObject","inLanguage":"en-US","@id":"https:\/\/secure.gravatar.com\/avatar\/9738e71889a0117c74a4e2755c1bb913a04599bcf04205649e091304bfc2d516?s=96&d=mm&r=g","url":"https:\/\/secure.gravatar.com\/avatar\/9738e71889a0117c74a4e2755c1bb913a04599bcf04205649e091304bfc2d516?s=96&d=mm&r=g","contentUrl":"https:\/\/secure.gravatar.com\/avatar\/9738e71889a0117c74a4e2755c1bb913a04599bcf04205649e091304bfc2d516?s=96&d=mm&r=g","caption":"Ana Mar\u00eda Olivares"},"url":"https:\/\/poesiaerestu.com\/revista\/author\/ana-maria-olivares\/"}]}},"_links":{"self":[{"href":"https:\/\/poesiaerestu.com\/revista\/wp-json\/wp\/v2\/posts\/9757","targetHints":{"allow":["GET"]}}],"collection":[{"href":"https:\/\/poesiaerestu.com\/revista\/wp-json\/wp\/v2\/posts"}],"about":[{"href":"https:\/\/poesiaerestu.com\/revista\/wp-json\/wp\/v2\/types\/post"}],"author":[{"embeddable":true,"href":"https:\/\/poesiaerestu.com\/revista\/wp-json\/wp\/v2\/users\/1001006"}],"replies":[{"embeddable":true,"href":"https:\/\/poesiaerestu.com\/revista\/wp-json\/wp\/v2\/comments?post=9757"}],"version-history":[{"count":2,"href":"https:\/\/poesiaerestu.com\/revista\/wp-json\/wp\/v2\/posts\/9757\/revisions"}],"predecessor-version":[{"id":10453,"href":"https:\/\/poesiaerestu.com\/revista\/wp-json\/wp\/v2\/posts\/9757\/revisions\/10453"}],"wp:featuredmedia":[{"embeddable":true,"href":"https:\/\/poesiaerestu.com\/revista\/wp-json\/wp\/v2\/media\/9758"}],"wp:attachment":[{"href":"https:\/\/poesiaerestu.com\/revista\/wp-json\/wp\/v2\/media?parent=9757"}],"wp:term":[{"taxonomy":"category","embeddable":true,"href":"https:\/\/poesiaerestu.com\/revista\/wp-json\/wp\/v2\/categories?post=9757"},{"taxonomy":"post_tag","embeddable":true,"href":"https:\/\/poesiaerestu.com\/revista\/wp-json\/wp\/v2\/tags?post=9757"}],"curies":[{"name":"wp","href":"https:\/\/api.w.org\/{rel}","templated":true}]}}