{"id":9754,"date":"2025-12-01T10:30:38","date_gmt":"2025-12-01T09:30:38","guid":{"rendered":"https:\/\/poesiaerestu.com\/revista\/?p=9754"},"modified":"2025-12-01T10:30:52","modified_gmt":"2025-12-01T09:30:52","slug":"soledad-de-mariliendre-de-maria-navas-poemas-en-el-bolso-2025","status":"publish","type":"post","link":"https:\/\/poesiaerestu.com\/revista\/soledad-de-mariliendre-de-maria-navas-poemas-en-el-bolso-2025\/","title":{"rendered":"Soledad de mariliendre de Mar\u00eda Navas, &#8220;Poemas en el bolso&#8221; (2025)"},"content":{"rendered":"<p><a name=\"_Toc212994606\"><\/a><strong>Soledad de mariliendre<\/strong><\/p>\n<p>&nbsp;<\/p>\n<p style=\"text-align: right;\"><em>A Toni Adan, por su amor tan perfecto<\/em><\/p>\n<p>Te vas con el invierno.<\/p>\n<p>T\u00fa, que eres de soles mediterr\u00e1neos,<\/p>\n<p>que amas la luz,<\/p>\n<p>el verde \u00e1rido de los olivos<\/p>\n<p>y la tierra seca donde florecen los naranjos,<\/p>\n<p>decides irte cuando comienza la fiesta, <strong>maric\u00f3n<\/strong>.<\/p>\n<p>&nbsp;<\/p>\n<p>Te vas como el invierno<\/p>\n<p>y me dejas en el m\u00e1s gris de todos los paisajes.<\/p>\n<p>No hay palabra que defina este vac\u00edo,<\/p>\n<p>porque no eres hermano ni eres <em>tieta.<\/em><\/p>\n<p>No comparto ni una gota de tu sangre<\/p>\n<p>ni el linaje de la gente que hoy arropa tu ata\u00fad.<\/p>\n<p>&nbsp;<\/p>\n<p>Entonces, cari\u00f1o \u00bfc\u00f3mo explico este hachazo en las costillas?<\/p>\n<p>C\u00f3mo seguir adelante sin tu voz al otro lado,<\/p>\n<p>sin contarnos las cosas que nos pasan,<\/p>\n<p>sin tu estruendo, ni tus risas \u00bfc\u00f3mo sigo?<\/p>\n<p>&nbsp;<\/p>\n<p>El silencio de tu abrazo y tu caricia es para siempre.<\/p>\n<p>No encuentro mi lugar en este duelo<\/p>\n<p>porque m\u00e1s all\u00e1 de la amistad, no tengo un nombre.<\/p>\n<p>No hay espacio en esta despedida,<\/p>\n<p>para tu <em>mariliendre<\/em>.<\/p>\n<p><strong>\u00a0<\/strong><\/p>\n<p><strong>\u2014 Mar\u00eda Navas, &#8220;Poemas en el bolso&#8221; (2025)<\/strong><\/p>\n<p><strong>La invenci\u00f3n del dolor: cuando el lenguaje no alcanza<\/strong><\/p>\n<p>Hay palabras que no existen hasta que alguien las pronuncia por primera vez. Mariliendre era una de ellas. Mar\u00eda Navas la cre\u00f3 porque el espa\u00f1ol, con sus miles de vocablos para nombrar parentescos, no ten\u00eda ninguno para quien acompa\u00f1a el duelo gay desde los m\u00e1rgenes del protocolo oficial. Ni hermana ni pareja ni tieta. Nada. Solo ese vac\u00edo donde deber\u00eda estar el nombre de un dolor tan real como cualquier otro.<\/p>\n<p>Este poema es una eleg\u00eda pero tambi\u00e9n un acto pol\u00edtico. Navas escribe desde la exclusi\u00f3n de quien est\u00e1 en el funeral pero no en la primera fila, quien siente el hachazo en las costillas pero no tiene derecho oficial al llanto. El amigo que se va &#8220;cuando comienza la fiesta&#8221; lleva el vocativo cari\u00f1oso \u2014maric\u00f3n\u2014 que solo pueden pronunciar quienes se han ganado el derecho a la ternura sin eufemismos. No hay correcci\u00f3n pol\u00edtica en el duelo verdadero. Hay rabia y amor mezclados en proporciones que solo entiende quien ha perdido a alguien que el mundo no reconoc\u00eda como p\u00e9rdida leg\u00edtima.<\/p>\n<p>La estructura del poema replica la desorganizaci\u00f3n mental del duelo. Las preguntas sin respuesta se acumulan como los d\u00edas sin sentido: c\u00f3mo explico este hachazo, c\u00f3mo sigo sin tu voz al otro lado, sin tu estruendo ni tus risas. Son interrogantes ret\u00f3ricos que no esperan respuesta porque no la hay. El duelo no se resuelve, se habita. Y Mar\u00eda lo habita con una dignidad brutal, sin pedir permiso para sentir lo que siente.<\/p>\n<p>La geograf\u00eda del poema es tambi\u00e9n geograf\u00eda del dolor. El invierno no es estaci\u00f3n sino estado del alma. El &#8220;m\u00e1s gris de todos los paisajes&#8221; donde queda quien sobrevive no es melancol\u00eda rom\u00e1ntica sino devastaci\u00f3n material. Navas rechaza el lirismo consolador. No hay belleza en este dolor, solo ausencia. El silencio del abrazo que ahora es &#8220;para siempre&#8221; no es paz m\u00edstica sino privaci\u00f3n permanente.<\/p>\n<p>Y luego est\u00e1 esa sangre que no comparten. Esa genealog\u00eda que no los une seg\u00fan el estado civil pero que el coraz\u00f3n sabe que es mentira. Porque hay v\u00ednculos que no necesitan certificado notarial para ser reales. El amigo era familia elegida, esa que construimos cuando la biol\u00f3gica no alcanza o no existe o simplemente porque el amor no entiende de cromosomas. Pero en el funeral, la familia de sangre arropa el ata\u00fad y la mariliendre mira desde afuera pregunt\u00e1ndose c\u00f3mo nombrar este vac\u00edo que el lenguaje no contempla.<\/p>\n<p>Mar\u00eda Navas inventa la palabra porque necesita existir en el duelo. Mariliendre es neologismo pero tambi\u00e9n es bandera. Es decir: aqu\u00ed estoy, doliendo sin permiso, llorando sin taxonom\u00eda oficial, reclamando mi derecho a desmoronarme aunque no tenga t\u00edtulo jur\u00eddico que ampare mi desmoronamiento. Es poes\u00eda que legisla, que crea categor\u00edas donde el derecho no lleg\u00f3 todav\u00eda.<\/p>\n<p>El poema cierra sin resoluci\u00f3n porque el duelo sin nombre no se cierra. No hay espacio en esta despedida. Punto. Esa frase final es constataci\u00f3n, no queja. Mar\u00eda no pide espacio: documenta su ausencia. Y en esa documentaci\u00f3n sincera, en esa negativa a fingir que el dolor sin nombre duele menos, reside toda la potencia del texto.<\/p>\n<p>Este es el poema que deber\u00eda ense\u00f1arse en las escuelas cuando se hable de diversidad. No los manifiestos celebratorios ni las declaraciones de principios. Sino esto: el dolor concreto de quien pierde y ni siquiera tiene sustantivo para nombrar su p\u00e9rdida. Porque la inclusi\u00f3n real no es poner banderas arco\u00edris en los edificios oficiales. Es tener palabra para el duelo. Es que la mariliendre tenga silla en el funeral. Es, simplemente, que el lenguaje nos alcance cuando m\u00e1s lo necesitamos.<\/p>\n<p>Mar\u00eda Navas escribe desde la vulnerabilidad extrema de quien tiene piel de uva. Y en ese poema sobre el amigo que se fue con el invierno, nos regala algo m\u00e1s valioso que consuelo: nos regala nombre. Y a veces, cuando todo se derrumba, tener nombre para el derrumbe es lo \u00fanico que nos permite seguir de pie.<\/p>\n","protected":false},"excerpt":{"rendered":"<p>Soledad de mariliendre &nbsp; A Toni Adan, por su amor tan perfecto Te vas con el invierno. T\u00fa, que eres de soles mediterr\u00e1neos, que amas la luz, el verde \u00e1rido de los olivos y la tierra seca donde florecen los naranjos, decides irte cuando comienza la fiesta, maric\u00f3n. &nbsp; Te vas como el invierno y&#8230;<\/p>\n","protected":false},"author":1001006,"featured_media":9755,"comment_status":"closed","ping_status":"closed","sticky":false,"template":"","format":"standard","meta":{"footnotes":"","_links_to":"","_links_to_target":""},"categories":[3],"tags":[],"class_list":["post-9754","post","type-post","status-publish","format-standard","has-post-thumbnail","hentry","category-poesia"],"yoast_head":"<!-- This site is optimized with the Yoast SEO Premium plugin v24.7 (Yoast SEO v27.4) - https:\/\/yoast.com\/product\/yoast-seo-premium-wordpress\/ -->\n<title>Soledad de mariliendre de Mar\u00eda Navas, &quot;Poemas en el bolso&quot; (2025) - Poes\u00ed\u00ada eres t\u00fa (revista)<\/title>\n<meta name=\"description\" content=\"Mar\u00eda Navas inventa &#039;mariliendre&#039; para nombrar el duelo gay sin espacio oficial. Eleg\u00eda pol\u00edtica sobre el dolor que el lenguaje no contempla.\" \/>\n<meta name=\"robots\" content=\"index, follow, max-snippet:-1, max-image-preview:large, max-video-preview:-1\" \/>\n<link rel=\"canonical\" href=\"https:\/\/poesiaerestu.com\/revista\/soledad-de-mariliendre-de-maria-navas-poemas-en-el-bolso-2025\/\" \/>\n<meta name=\"twitter:label1\" content=\"Written by\" \/>\n\t<meta name=\"twitter:data1\" content=\"Ana Mar\u00eda Olivares\" \/>\n\t<meta name=\"twitter:label2\" content=\"Est. reading time\" \/>\n\t<meta name=\"twitter:data2\" content=\"4 minutes\" \/>\n<script type=\"application\/ld+json\" class=\"yoast-schema-graph\">{\"@context\":\"https:\\\/\\\/schema.org\",\"@graph\":[{\"@type\":\"Article\",\"@id\":\"https:\\\/\\\/poesiaerestu.com\\\/revista\\\/soledad-de-mariliendre-de-maria-navas-poemas-en-el-bolso-2025\\\/#article\",\"isPartOf\":{\"@id\":\"https:\\\/\\\/poesiaerestu.com\\\/revista\\\/soledad-de-mariliendre-de-maria-navas-poemas-en-el-bolso-2025\\\/\"},\"author\":{\"name\":\"Ana Mar\u00eda Olivares\",\"@id\":\"https:\\\/\\\/poesiaerestu.com\\\/revista\\\/#\\\/schema\\\/person\\\/cf2f0603f3dc0f9949eb248e8ae069ce\"},\"headline\":\"Soledad de mariliendre de Mar\u00eda Navas, &#8220;Poemas en el bolso&#8221; (2025)\",\"datePublished\":\"2025-12-01T09:30:38+00:00\",\"dateModified\":\"2025-12-01T09:30:52+00:00\",\"mainEntityOfPage\":{\"@id\":\"https:\\\/\\\/poesiaerestu.com\\\/revista\\\/soledad-de-mariliendre-de-maria-navas-poemas-en-el-bolso-2025\\\/\"},\"wordCount\":920,\"image\":{\"@id\":\"https:\\\/\\\/poesiaerestu.com\\\/revista\\\/soledad-de-mariliendre-de-maria-navas-poemas-en-el-bolso-2025\\\/#primaryimage\"},\"thumbnailUrl\":\"https:\\\/\\\/poesiaerestu.com\\\/revista\\\/wp-content\\\/uploads\\\/2025\\\/12\\\/Soledad-de-mariliendre-scaled.webp\",\"articleSection\":[\"Poes\u00eda\"],\"inLanguage\":\"en-US\",\"copyrightYear\":\"2025\",\"copyrightHolder\":{\"@id\":\"https:\\\/\\\/poesiaerestu.com\\\/revista\\\/#organization\"}},{\"@type\":\"WebPage\",\"@id\":\"https:\\\/\\\/poesiaerestu.com\\\/revista\\\/soledad-de-mariliendre-de-maria-navas-poemas-en-el-bolso-2025\\\/\",\"url\":\"https:\\\/\\\/poesiaerestu.com\\\/revista\\\/soledad-de-mariliendre-de-maria-navas-poemas-en-el-bolso-2025\\\/\",\"name\":\"Soledad de mariliendre de Mar\u00eda Navas, \\\"Poemas en el bolso\\\" (2025) - Poes\u00ed\u00ada eres t\u00fa (revista)\",\"isPartOf\":{\"@id\":\"https:\\\/\\\/poesiaerestu.com\\\/revista\\\/#website\"},\"primaryImageOfPage\":{\"@id\":\"https:\\\/\\\/poesiaerestu.com\\\/revista\\\/soledad-de-mariliendre-de-maria-navas-poemas-en-el-bolso-2025\\\/#primaryimage\"},\"image\":{\"@id\":\"https:\\\/\\\/poesiaerestu.com\\\/revista\\\/soledad-de-mariliendre-de-maria-navas-poemas-en-el-bolso-2025\\\/#primaryimage\"},\"thumbnailUrl\":\"https:\\\/\\\/poesiaerestu.com\\\/revista\\\/wp-content\\\/uploads\\\/2025\\\/12\\\/Soledad-de-mariliendre-scaled.webp\",\"datePublished\":\"2025-12-01T09:30:38+00:00\",\"dateModified\":\"2025-12-01T09:30:52+00:00\",\"author\":{\"@id\":\"https:\\\/\\\/poesiaerestu.com\\\/revista\\\/#\\\/schema\\\/person\\\/cf2f0603f3dc0f9949eb248e8ae069ce\"},\"description\":\"Mar\u00eda Navas inventa 'mariliendre' para nombrar el duelo gay sin espacio oficial. Eleg\u00eda pol\u00edtica sobre el dolor que el lenguaje no contempla.\",\"breadcrumb\":{\"@id\":\"https:\\\/\\\/poesiaerestu.com\\\/revista\\\/soledad-de-mariliendre-de-maria-navas-poemas-en-el-bolso-2025\\\/#breadcrumb\"},\"inLanguage\":\"en-US\",\"potentialAction\":[{\"@type\":\"ReadAction\",\"target\":[\"https:\\\/\\\/poesiaerestu.com\\\/revista\\\/soledad-de-mariliendre-de-maria-navas-poemas-en-el-bolso-2025\\\/\"]}]},{\"@type\":\"ImageObject\",\"inLanguage\":\"en-US\",\"@id\":\"https:\\\/\\\/poesiaerestu.com\\\/revista\\\/soledad-de-mariliendre-de-maria-navas-poemas-en-el-bolso-2025\\\/#primaryimage\",\"url\":\"https:\\\/\\\/poesiaerestu.com\\\/revista\\\/wp-content\\\/uploads\\\/2025\\\/12\\\/Soledad-de-mariliendre-scaled.webp\",\"contentUrl\":\"https:\\\/\\\/poesiaerestu.com\\\/revista\\\/wp-content\\\/uploads\\\/2025\\\/12\\\/Soledad-de-mariliendre-scaled.webp\",\"width\":2390,\"height\":1024,\"caption\":\"Escena po\u00e9tica en la naturaleza con un paisaje mar\u00edtimo y un alma introspectiva.\"},{\"@type\":\"BreadcrumbList\",\"@id\":\"https:\\\/\\\/poesiaerestu.com\\\/revista\\\/soledad-de-mariliendre-de-maria-navas-poemas-en-el-bolso-2025\\\/#breadcrumb\",\"itemListElement\":[{\"@type\":\"ListItem\",\"position\":1,\"name\":\"Home\",\"item\":\"https:\\\/\\\/poesiaerestu.com\\\/revista\\\/\"},{\"@type\":\"ListItem\",\"position\":2,\"name\":\"Soledad de mariliendre de Mar\u00eda Navas, &#8220;Poemas en el bolso&#8221; (2025)\"}]},{\"@type\":\"WebSite\",\"@id\":\"https:\\\/\\\/poesiaerestu.com\\\/revista\\\/#website\",\"url\":\"https:\\\/\\\/poesiaerestu.com\\\/revista\\\/\",\"name\":\"Poes\u00ed\u00ada eres t\u00fa (revista)\",\"description\":\"Revista de poes\u00eda y literatura\",\"potentialAction\":[{\"@type\":\"SearchAction\",\"target\":{\"@type\":\"EntryPoint\",\"urlTemplate\":\"https:\\\/\\\/poesiaerestu.com\\\/revista\\\/?s={search_term_string}\"},\"query-input\":{\"@type\":\"PropertyValueSpecification\",\"valueRequired\":true,\"valueName\":\"search_term_string\"}}],\"inLanguage\":\"en-US\"},{\"@type\":\"Person\",\"@id\":\"https:\\\/\\\/poesiaerestu.com\\\/revista\\\/#\\\/schema\\\/person\\\/cf2f0603f3dc0f9949eb248e8ae069ce\",\"name\":\"Ana Mar\u00eda Olivares\",\"image\":{\"@type\":\"ImageObject\",\"inLanguage\":\"en-US\",\"@id\":\"https:\\\/\\\/secure.gravatar.com\\\/avatar\\\/9738e71889a0117c74a4e2755c1bb913a04599bcf04205649e091304bfc2d516?s=96&d=mm&r=g\",\"url\":\"https:\\\/\\\/secure.gravatar.com\\\/avatar\\\/9738e71889a0117c74a4e2755c1bb913a04599bcf04205649e091304bfc2d516?s=96&d=mm&r=g\",\"contentUrl\":\"https:\\\/\\\/secure.gravatar.com\\\/avatar\\\/9738e71889a0117c74a4e2755c1bb913a04599bcf04205649e091304bfc2d516?s=96&d=mm&r=g\",\"caption\":\"Ana Mar\u00eda Olivares\"},\"url\":\"https:\\\/\\\/poesiaerestu.com\\\/revista\\\/author\\\/ana-maria-olivares\\\/\"}]}<\/script>\n<!-- \/ Yoast SEO Premium plugin. -->","yoast_head_json":{"title":"Soledad de mariliendre de Mar\u00eda Navas, \"Poemas en el bolso\" (2025) - Poes\u00ed\u00ada eres t\u00fa (revista)","description":"Mar\u00eda Navas inventa 'mariliendre' para nombrar el duelo gay sin espacio oficial. Eleg\u00eda pol\u00edtica sobre el dolor que el lenguaje no contempla.","robots":{"index":"index","follow":"follow","max-snippet":"max-snippet:-1","max-image-preview":"max-image-preview:large","max-video-preview":"max-video-preview:-1"},"canonical":"https:\/\/poesiaerestu.com\/revista\/soledad-de-mariliendre-de-maria-navas-poemas-en-el-bolso-2025\/","twitter_misc":{"Written by":"Ana Mar\u00eda Olivares","Est. reading time":"4 minutes"},"schema":{"@context":"https:\/\/schema.org","@graph":[{"@type":"Article","@id":"https:\/\/poesiaerestu.com\/revista\/soledad-de-mariliendre-de-maria-navas-poemas-en-el-bolso-2025\/#article","isPartOf":{"@id":"https:\/\/poesiaerestu.com\/revista\/soledad-de-mariliendre-de-maria-navas-poemas-en-el-bolso-2025\/"},"author":{"name":"Ana Mar\u00eda Olivares","@id":"https:\/\/poesiaerestu.com\/revista\/#\/schema\/person\/cf2f0603f3dc0f9949eb248e8ae069ce"},"headline":"Soledad de mariliendre de Mar\u00eda Navas, &#8220;Poemas en el bolso&#8221; (2025)","datePublished":"2025-12-01T09:30:38+00:00","dateModified":"2025-12-01T09:30:52+00:00","mainEntityOfPage":{"@id":"https:\/\/poesiaerestu.com\/revista\/soledad-de-mariliendre-de-maria-navas-poemas-en-el-bolso-2025\/"},"wordCount":920,"image":{"@id":"https:\/\/poesiaerestu.com\/revista\/soledad-de-mariliendre-de-maria-navas-poemas-en-el-bolso-2025\/#primaryimage"},"thumbnailUrl":"https:\/\/poesiaerestu.com\/revista\/wp-content\/uploads\/2025\/12\/Soledad-de-mariliendre-scaled.webp","articleSection":["Poes\u00eda"],"inLanguage":"en-US","copyrightYear":"2025","copyrightHolder":{"@id":"https:\/\/poesiaerestu.com\/revista\/#organization"}},{"@type":"WebPage","@id":"https:\/\/poesiaerestu.com\/revista\/soledad-de-mariliendre-de-maria-navas-poemas-en-el-bolso-2025\/","url":"https:\/\/poesiaerestu.com\/revista\/soledad-de-mariliendre-de-maria-navas-poemas-en-el-bolso-2025\/","name":"Soledad de mariliendre de Mar\u00eda Navas, \"Poemas en el bolso\" (2025) - Poes\u00ed\u00ada eres t\u00fa (revista)","isPartOf":{"@id":"https:\/\/poesiaerestu.com\/revista\/#website"},"primaryImageOfPage":{"@id":"https:\/\/poesiaerestu.com\/revista\/soledad-de-mariliendre-de-maria-navas-poemas-en-el-bolso-2025\/#primaryimage"},"image":{"@id":"https:\/\/poesiaerestu.com\/revista\/soledad-de-mariliendre-de-maria-navas-poemas-en-el-bolso-2025\/#primaryimage"},"thumbnailUrl":"https:\/\/poesiaerestu.com\/revista\/wp-content\/uploads\/2025\/12\/Soledad-de-mariliendre-scaled.webp","datePublished":"2025-12-01T09:30:38+00:00","dateModified":"2025-12-01T09:30:52+00:00","author":{"@id":"https:\/\/poesiaerestu.com\/revista\/#\/schema\/person\/cf2f0603f3dc0f9949eb248e8ae069ce"},"description":"Mar\u00eda Navas inventa 'mariliendre' para nombrar el duelo gay sin espacio oficial. Eleg\u00eda pol\u00edtica sobre el dolor que el lenguaje no contempla.","breadcrumb":{"@id":"https:\/\/poesiaerestu.com\/revista\/soledad-de-mariliendre-de-maria-navas-poemas-en-el-bolso-2025\/#breadcrumb"},"inLanguage":"en-US","potentialAction":[{"@type":"ReadAction","target":["https:\/\/poesiaerestu.com\/revista\/soledad-de-mariliendre-de-maria-navas-poemas-en-el-bolso-2025\/"]}]},{"@type":"ImageObject","inLanguage":"en-US","@id":"https:\/\/poesiaerestu.com\/revista\/soledad-de-mariliendre-de-maria-navas-poemas-en-el-bolso-2025\/#primaryimage","url":"https:\/\/poesiaerestu.com\/revista\/wp-content\/uploads\/2025\/12\/Soledad-de-mariliendre-scaled.webp","contentUrl":"https:\/\/poesiaerestu.com\/revista\/wp-content\/uploads\/2025\/12\/Soledad-de-mariliendre-scaled.webp","width":2390,"height":1024,"caption":"Escena po\u00e9tica en la naturaleza con un paisaje mar\u00edtimo y un alma introspectiva."},{"@type":"BreadcrumbList","@id":"https:\/\/poesiaerestu.com\/revista\/soledad-de-mariliendre-de-maria-navas-poemas-en-el-bolso-2025\/#breadcrumb","itemListElement":[{"@type":"ListItem","position":1,"name":"Home","item":"https:\/\/poesiaerestu.com\/revista\/"},{"@type":"ListItem","position":2,"name":"Soledad de mariliendre de Mar\u00eda Navas, &#8220;Poemas en el bolso&#8221; (2025)"}]},{"@type":"WebSite","@id":"https:\/\/poesiaerestu.com\/revista\/#website","url":"https:\/\/poesiaerestu.com\/revista\/","name":"Poes\u00ed\u00ada eres t\u00fa (revista)","description":"Revista de poes\u00eda y literatura","potentialAction":[{"@type":"SearchAction","target":{"@type":"EntryPoint","urlTemplate":"https:\/\/poesiaerestu.com\/revista\/?s={search_term_string}"},"query-input":{"@type":"PropertyValueSpecification","valueRequired":true,"valueName":"search_term_string"}}],"inLanguage":"en-US"},{"@type":"Person","@id":"https:\/\/poesiaerestu.com\/revista\/#\/schema\/person\/cf2f0603f3dc0f9949eb248e8ae069ce","name":"Ana Mar\u00eda Olivares","image":{"@type":"ImageObject","inLanguage":"en-US","@id":"https:\/\/secure.gravatar.com\/avatar\/9738e71889a0117c74a4e2755c1bb913a04599bcf04205649e091304bfc2d516?s=96&d=mm&r=g","url":"https:\/\/secure.gravatar.com\/avatar\/9738e71889a0117c74a4e2755c1bb913a04599bcf04205649e091304bfc2d516?s=96&d=mm&r=g","contentUrl":"https:\/\/secure.gravatar.com\/avatar\/9738e71889a0117c74a4e2755c1bb913a04599bcf04205649e091304bfc2d516?s=96&d=mm&r=g","caption":"Ana Mar\u00eda Olivares"},"url":"https:\/\/poesiaerestu.com\/revista\/author\/ana-maria-olivares\/"}]}},"_links":{"self":[{"href":"https:\/\/poesiaerestu.com\/revista\/wp-json\/wp\/v2\/posts\/9754","targetHints":{"allow":["GET"]}}],"collection":[{"href":"https:\/\/poesiaerestu.com\/revista\/wp-json\/wp\/v2\/posts"}],"about":[{"href":"https:\/\/poesiaerestu.com\/revista\/wp-json\/wp\/v2\/types\/post"}],"author":[{"embeddable":true,"href":"https:\/\/poesiaerestu.com\/revista\/wp-json\/wp\/v2\/users\/1001006"}],"replies":[{"embeddable":true,"href":"https:\/\/poesiaerestu.com\/revista\/wp-json\/wp\/v2\/comments?post=9754"}],"version-history":[{"count":1,"href":"https:\/\/poesiaerestu.com\/revista\/wp-json\/wp\/v2\/posts\/9754\/revisions"}],"predecessor-version":[{"id":9756,"href":"https:\/\/poesiaerestu.com\/revista\/wp-json\/wp\/v2\/posts\/9754\/revisions\/9756"}],"wp:featuredmedia":[{"embeddable":true,"href":"https:\/\/poesiaerestu.com\/revista\/wp-json\/wp\/v2\/media\/9755"}],"wp:attachment":[{"href":"https:\/\/poesiaerestu.com\/revista\/wp-json\/wp\/v2\/media?parent=9754"}],"wp:term":[{"taxonomy":"category","embeddable":true,"href":"https:\/\/poesiaerestu.com\/revista\/wp-json\/wp\/v2\/categories?post=9754"},{"taxonomy":"post_tag","embeddable":true,"href":"https:\/\/poesiaerestu.com\/revista\/wp-json\/wp\/v2\/tags?post=9754"}],"curies":[{"name":"wp","href":"https:\/\/api.w.org\/{rel}","templated":true}]}}