{"id":9741,"date":"2025-11-30T10:12:22","date_gmt":"2025-11-30T09:12:22","guid":{"rendered":"https:\/\/poesiaerestu.com\/revista\/?p=9741"},"modified":"2026-03-14T00:26:37","modified_gmt":"2026-03-13T23:26:37","slug":"a-mina-mai-de-sabela-gondulfes-afouteza-certeca","status":"publish","type":"post","link":"https:\/\/poesiaerestu.com\/revista\/a-mina-mai-de-sabela-gondulfes-afouteza-certeca\/","title":{"rendered":"A mi\u00f1a Mai de Sabela Gondulfes, Afouteza &#038; Certe\u00e7a"},"content":{"rendered":"<p><strong>A mi\u00f1a Mai <\/strong><\/p>\n<p>&nbsp;<\/p>\n<p>Ollei a mi\u00f1a esquerda<\/p>\n<p>un letreiro grande:<\/p>\n<p>&nbsp;<\/p>\n<p>ADEUS\u00a0 ANTANO<\/p>\n<p>&nbsp;<\/p>\n<p>Ollei a mi\u00f1a dereita<\/p>\n<p>e estabas ti, Mai<\/p>\n<p>&nbsp;<\/p>\n<p>GARRIDA<\/p>\n<p>SEN FIN<\/p>\n<p>&nbsp;<\/p>\n<p>Cami\u00f1amos<\/p>\n<p>e mentras ti falabas<\/p>\n<p>eu fun metabolizando<\/p>\n<p>os nosos pasos<\/p>\n<p>para levalos comigo<\/p>\n<p>os infinitos cami\u00f1os<\/p>\n<p>na tua AUSENCIA.<\/p>\n<p>&nbsp;<\/p>\n<p>\u2014Sabela Gondulfes, <em>AFOUTEZA &amp; CERTE\u00c7A<\/em><\/p>\n<p>&nbsp;<\/p>\n<p>&nbsp;<\/p>\n<p><strong>Metabolizar los pasos: geograf\u00eda del duelo imposible<\/strong><\/p>\n<p>Hay poemas que no se escriben con palabras sino con la respiraci\u00f3n entrecortada de quien sabe que est\u00e1 caminando por \u00faltima vez al lado de alguien sin saber todav\u00eda que es la \u00faltima vez. Este poema en gallego \u2014y Gondulfes lo escribe en la lengua materna porque solo esa lengua puede contener a la madre, porque el espa\u00f1ol ser\u00eda traici\u00f3n\u2014 es cartograf\u00eda de un momento suspendido: el instante previo al vac\u00edo.<\/p>\n<p>La poeta mira a la izquierda y hay un letrero grande que dice adi\u00f3s al pasado, adi\u00f3s a lo que fue. Mira a la derecha y ah\u00ed est\u00e1 la madre, fuerte, sin fin, todav\u00eda presente en su cuerpo f\u00edsico pero ya anunciando ausencia. Ese &#8220;GARRIDA \/ SEN FIN&#8221; en may\u00fasculas es grito silencioso: la madre es infinita justo cuando est\u00e1 a punto de terminarse. Caminan juntas y mientras la madre habla \u2014de qu\u00e9 hablar\u00edan, de nada importante probablemente, de todo lo importante sin saberlo\u2014 la hija hace algo extraordinario: metaboliza los pasos. No los recuerda, no los fotograf\u00eda mentalmente: los metaboliza, los convierte en sustancia propia, en nutriente que la sostendr\u00e1 despu\u00e9s.<\/p>\n<p>Porque Gondulfes sabe algo terrible y hermoso: los pasos compartidos con quien amamos deben volverse parte de nuestra biolog\u00eda, guardarse en alg\u00fan lugar del cuerpo m\u00e1s profundo que la memoria. La memoria es resbaladiza, como ella misma dice en otro poema. Pero lo metabolizado se queda, se hace m\u00fasculo, se vuelve forma de andar en el mundo. La hija aprende a caminar de su madre no cuando es beb\u00e9 sino cuando la madre est\u00e1 por irse. Aprende el ritmo, el peso, la forma de poner el pie en la tierra. Los lleva consigo para los infinitos caminos que vendr\u00e1n en la ausencia de ella.<\/p>\n<p>Ese &#8220;Na tua ausencia&#8221; final es pu\u00f1alada seca. No dice &#8220;cuando te fuiste&#8221; o &#8220;despu\u00e9s de tu muerte&#8221;. Dice &#8220;en tu ausencia&#8221;, presente continuo, estado permanente. La ausencia no es evento pasado sino territorio donde ahora habita. Y en ese territorio desierto, los pasos metabolizados son lo \u00fanico que la sostiene. La hija camina ahora con las piernas de la madre incorporadas a las suyas. Camina por las dos. Lleva el andar de la madre a lugares donde la madre nunca estuvo, cumpliendo as\u00ed una forma extra\u00f1a de inmortalidad: la madre sigue caminando porque la hija aprendi\u00f3 su forma de pisar la tierra.<\/p>\n<p>El poema es de una econom\u00eda brutal. No hay adjetivos sobrantes, no hay explicaciones. Gondulfes conf\u00eda en que el lector entienda lo que est\u00e1 pasando sin que ella lo deletree. Y funciona precisamente porque no intenta consolar. No dice &#8220;la muerte es tr\u00e1nsito&#8221; ni &#8220;seguir\u00e1 viva en mi coraz\u00f3n&#8221;. Dice algo m\u00e1s duro y m\u00e1s cierto: aprend\u00ed a convertir tus pasos en los m\u00edos porque intu\u00eda que pronto caminar\u00eda sola. Es poema de anticipaci\u00f3n del duelo, de ese momento donde todav\u00eda est\u00e1 pero ya no est\u00e1 completamente, donde el cuerpo presente ya anuncia su futura ausencia.<\/p>\n<p>La elecci\u00f3n del gallego no es folklorismo ni nostalgia. Es necesidad: la lengua que la madre le ense\u00f1\u00f3 es la \u00fanica donde puede despedirse de ella. Traducir este poema al espa\u00f1ol ser\u00eda como cambiarle la voz a la madre, ponerle palabras que nunca us\u00f3. El gallego aqu\u00ed es cord\u00f3n umbilical invertido: no es la madre quien alimenta a la hija sino la hija quien se alimenta de la madre, metaboliz\u00e1ndola, convirti\u00e9ndola en sustancia que la mantendr\u00e1 viva despu\u00e9s.<\/p>\n<p>Y hay algo m\u00e1s en esas may\u00fasculas: &#8220;ADEUS ANTANO&#8221;, &#8220;GARRIDA&#8221;, &#8220;SEN FIN&#8221;. Son gritos silenciosos, \u00e9nfasis desesperados. La poeta est\u00e1 tratando de fijar el momento, de volverlo permanente mediante la tipograf\u00eda, como si escribir m\u00e1s grande pudiera hacer que la madre quedara m\u00e1s grabada, m\u00e1s imborrable. Es gesto conmovedor y f\u00fatil: sabemos que no funcionar\u00e1, que ninguna may\u00fascula puede detener la muerte. Pero entendemos la urgencia.<\/p>\n<p>Este poema confirma que Gondulfes es poeta del cuerpo no solo cuando habla de erotismo sino tambi\u00e9n cuando habla de p\u00e9rdida. La madre no se recuerda: se metaboliza. El duelo no es proceso mental: es proceso digestivo, celular, qu\u00edmico. La hija se come los pasos de la madre, los hace suyos, los transforma en energ\u00eda para seguir andando. Es antropofagia amorosa, comuni\u00f3n literal donde el cuerpo de quien se va se vuelve alimento de quien se queda.<\/p>\n<p>Leerlo es asistir a despedida que todav\u00eda no sabe que lo es, caminar al lado de dos mujeres que hablan de cualquier cosa mientras una aprende a vivir sin la otra. Y despu\u00e9s, cuando terminas de leer, te quedas en silencio porque has presenciado algo sagrado y terrible: el momento donde el amor se convierte en t\u00e9cnica de supervivencia, donde aprender a caminar se vuelve aprender a seguir viviendo cuando quien te ense\u00f1\u00f3 a vivir ya no est\u00e1.<\/p>\n","protected":false},"excerpt":{"rendered":"<p>A mi\u00f1a Mai &nbsp; Ollei a mi\u00f1a esquerda un letreiro grande: &nbsp; ADEUS\u00a0 ANTANO &nbsp; Ollei a mi\u00f1a dereita e estabas ti, Mai &nbsp; GARRIDA SEN FIN &nbsp; Cami\u00f1amos e mentras ti falabas eu fun metabolizando os nosos pasos para levalos comigo os infinitos cami\u00f1os na tua AUSENCIA. &nbsp; \u2014Sabela Gondulfes, AFOUTEZA &amp; CERTE\u00c7A &nbsp;&#8230;<\/p>\n","protected":false},"author":1001006,"featured_media":9742,"comment_status":"closed","ping_status":"closed","sticky":false,"template":"","format":"standard","meta":{"footnotes":"","_links_to":"","_links_to_target":""},"categories":[3],"tags":[],"class_list":["post-9741","post","type-post","status-publish","format-standard","has-post-thumbnail","hentry","category-poesia"],"yoast_head":"<!-- This site is optimized with the Yoast SEO Premium plugin v24.7 (Yoast SEO v27.4) - https:\/\/yoast.com\/product\/yoast-seo-premium-wordpress\/ -->\n<title>A mi\u00f1a Mai de Sabela Gondulfes, Afouteza &amp; Certe\u00e7a - Poes\u00ed\u00ada eres t\u00fa (revista)<\/title>\n<meta name=\"description\" content=\"An\u00e1lisis de &quot;A mi\u00f1a Mai&quot; de Sabela Gondulfes (AFOUTEZA &amp; CERTE\u00c7A). Un poema en gallego sobre metabolizar los pasos de la madre ante su futura ausencia.\" \/>\n<meta name=\"robots\" content=\"index, follow, max-snippet:-1, max-image-preview:large, max-video-preview:-1\" \/>\n<link rel=\"canonical\" href=\"https:\/\/poesiaerestu.com\/revista\/a-mina-mai-de-sabela-gondulfes-afouteza-certeca\/\" \/>\n<meta name=\"twitter:label1\" content=\"Written by\" \/>\n\t<meta name=\"twitter:data1\" content=\"Ana Mar\u00eda Olivares\" \/>\n\t<meta name=\"twitter:label2\" content=\"Est. reading time\" \/>\n\t<meta name=\"twitter:data2\" content=\"4 minutes\" \/>\n<script type=\"application\/ld+json\" class=\"yoast-schema-graph\">{\"@context\":\"https:\\\/\\\/schema.org\",\"@graph\":[{\"@type\":\"Article\",\"@id\":\"https:\\\/\\\/poesiaerestu.com\\\/revista\\\/a-mina-mai-de-sabela-gondulfes-afouteza-certeca\\\/#article\",\"isPartOf\":{\"@id\":\"https:\\\/\\\/poesiaerestu.com\\\/revista\\\/a-mina-mai-de-sabela-gondulfes-afouteza-certeca\\\/\"},\"author\":{\"name\":\"Ana Mar\u00eda Olivares\",\"@id\":\"https:\\\/\\\/poesiaerestu.com\\\/revista\\\/#\\\/schema\\\/person\\\/cf2f0603f3dc0f9949eb248e8ae069ce\"},\"headline\":\"A mi\u00f1a Mai de Sabela Gondulfes, Afouteza &#038; Certe\u00e7a\",\"datePublished\":\"2025-11-30T09:12:22+00:00\",\"dateModified\":\"2026-03-13T23:26:37+00:00\",\"mainEntityOfPage\":{\"@id\":\"https:\\\/\\\/poesiaerestu.com\\\/revista\\\/a-mina-mai-de-sabela-gondulfes-afouteza-certeca\\\/\"},\"wordCount\":921,\"image\":{\"@id\":\"https:\\\/\\\/poesiaerestu.com\\\/revista\\\/a-mina-mai-de-sabela-gondulfes-afouteza-certeca\\\/#primaryimage\"},\"thumbnailUrl\":\"https:\\\/\\\/poesiaerestu.com\\\/revista\\\/wp-content\\\/uploads\\\/2025\\\/11\\\/A-mina-Mai.webp\",\"articleSection\":[\"Poes\u00eda\"],\"inLanguage\":\"en-US\",\"copyrightYear\":\"2025\",\"copyrightHolder\":{\"@id\":\"https:\\\/\\\/poesiaerestu.com\\\/revista\\\/#organization\"}},{\"@type\":\"WebPage\",\"@id\":\"https:\\\/\\\/poesiaerestu.com\\\/revista\\\/a-mina-mai-de-sabela-gondulfes-afouteza-certeca\\\/\",\"url\":\"https:\\\/\\\/poesiaerestu.com\\\/revista\\\/a-mina-mai-de-sabela-gondulfes-afouteza-certeca\\\/\",\"name\":\"A mi\u00f1a Mai de Sabela Gondulfes, Afouteza & Certe\u00e7a - Poes\u00ed\u00ada eres t\u00fa (revista)\",\"isPartOf\":{\"@id\":\"https:\\\/\\\/poesiaerestu.com\\\/revista\\\/#website\"},\"primaryImageOfPage\":{\"@id\":\"https:\\\/\\\/poesiaerestu.com\\\/revista\\\/a-mina-mai-de-sabela-gondulfes-afouteza-certeca\\\/#primaryimage\"},\"image\":{\"@id\":\"https:\\\/\\\/poesiaerestu.com\\\/revista\\\/a-mina-mai-de-sabela-gondulfes-afouteza-certeca\\\/#primaryimage\"},\"thumbnailUrl\":\"https:\\\/\\\/poesiaerestu.com\\\/revista\\\/wp-content\\\/uploads\\\/2025\\\/11\\\/A-mina-Mai.webp\",\"datePublished\":\"2025-11-30T09:12:22+00:00\",\"dateModified\":\"2026-03-13T23:26:37+00:00\",\"author\":{\"@id\":\"https:\\\/\\\/poesiaerestu.com\\\/revista\\\/#\\\/schema\\\/person\\\/cf2f0603f3dc0f9949eb248e8ae069ce\"},\"description\":\"An\u00e1lisis de \\\"A mi\u00f1a Mai\\\" de Sabela Gondulfes (AFOUTEZA & CERTE\u00c7A). Un poema en gallego sobre metabolizar los pasos de la madre ante su futura ausencia.\",\"breadcrumb\":{\"@id\":\"https:\\\/\\\/poesiaerestu.com\\\/revista\\\/a-mina-mai-de-sabela-gondulfes-afouteza-certeca\\\/#breadcrumb\"},\"inLanguage\":\"en-US\",\"potentialAction\":[{\"@type\":\"ReadAction\",\"target\":[\"https:\\\/\\\/poesiaerestu.com\\\/revista\\\/a-mina-mai-de-sabela-gondulfes-afouteza-certeca\\\/\"]}]},{\"@type\":\"ImageObject\",\"inLanguage\":\"en-US\",\"@id\":\"https:\\\/\\\/poesiaerestu.com\\\/revista\\\/a-mina-mai-de-sabela-gondulfes-afouteza-certeca\\\/#primaryimage\",\"url\":\"https:\\\/\\\/poesiaerestu.com\\\/revista\\\/wp-content\\\/uploads\\\/2025\\\/11\\\/A-mina-Mai.webp\",\"contentUrl\":\"https:\\\/\\\/poesiaerestu.com\\\/revista\\\/wp-content\\\/uploads\\\/2025\\\/11\\\/A-mina-Mai.webp\",\"width\":1536,\"height\":1024,\"caption\":\"Una mujer mayor y una joven se toman de la mano, caminando juntas en un ambiente nost\u00e1lgico y po\u00e9tico.\"},{\"@type\":\"BreadcrumbList\",\"@id\":\"https:\\\/\\\/poesiaerestu.com\\\/revista\\\/a-mina-mai-de-sabela-gondulfes-afouteza-certeca\\\/#breadcrumb\",\"itemListElement\":[{\"@type\":\"ListItem\",\"position\":1,\"name\":\"Home\",\"item\":\"https:\\\/\\\/poesiaerestu.com\\\/revista\\\/\"},{\"@type\":\"ListItem\",\"position\":2,\"name\":\"A mi\u00f1a Mai de Sabela Gondulfes, Afouteza &#038; Certe\u00e7a\"}]},{\"@type\":\"WebSite\",\"@id\":\"https:\\\/\\\/poesiaerestu.com\\\/revista\\\/#website\",\"url\":\"https:\\\/\\\/poesiaerestu.com\\\/revista\\\/\",\"name\":\"Poes\u00ed\u00ada eres t\u00fa (revista)\",\"description\":\"Revista de poes\u00eda y literatura\",\"potentialAction\":[{\"@type\":\"SearchAction\",\"target\":{\"@type\":\"EntryPoint\",\"urlTemplate\":\"https:\\\/\\\/poesiaerestu.com\\\/revista\\\/?s={search_term_string}\"},\"query-input\":{\"@type\":\"PropertyValueSpecification\",\"valueRequired\":true,\"valueName\":\"search_term_string\"}}],\"inLanguage\":\"en-US\"},{\"@type\":\"Person\",\"@id\":\"https:\\\/\\\/poesiaerestu.com\\\/revista\\\/#\\\/schema\\\/person\\\/cf2f0603f3dc0f9949eb248e8ae069ce\",\"name\":\"Ana Mar\u00eda Olivares\",\"image\":{\"@type\":\"ImageObject\",\"inLanguage\":\"en-US\",\"@id\":\"https:\\\/\\\/secure.gravatar.com\\\/avatar\\\/9738e71889a0117c74a4e2755c1bb913a04599bcf04205649e091304bfc2d516?s=96&d=mm&r=g\",\"url\":\"https:\\\/\\\/secure.gravatar.com\\\/avatar\\\/9738e71889a0117c74a4e2755c1bb913a04599bcf04205649e091304bfc2d516?s=96&d=mm&r=g\",\"contentUrl\":\"https:\\\/\\\/secure.gravatar.com\\\/avatar\\\/9738e71889a0117c74a4e2755c1bb913a04599bcf04205649e091304bfc2d516?s=96&d=mm&r=g\",\"caption\":\"Ana Mar\u00eda Olivares\"},\"url\":\"https:\\\/\\\/poesiaerestu.com\\\/revista\\\/author\\\/ana-maria-olivares\\\/\"}]}<\/script>\n<!-- \/ Yoast SEO Premium plugin. -->","yoast_head_json":{"title":"A mi\u00f1a Mai de Sabela Gondulfes, Afouteza & Certe\u00e7a - Poes\u00ed\u00ada eres t\u00fa (revista)","description":"An\u00e1lisis de \"A mi\u00f1a Mai\" de Sabela Gondulfes (AFOUTEZA & CERTE\u00c7A). Un poema en gallego sobre metabolizar los pasos de la madre ante su futura ausencia.","robots":{"index":"index","follow":"follow","max-snippet":"max-snippet:-1","max-image-preview":"max-image-preview:large","max-video-preview":"max-video-preview:-1"},"canonical":"https:\/\/poesiaerestu.com\/revista\/a-mina-mai-de-sabela-gondulfes-afouteza-certeca\/","twitter_misc":{"Written by":"Ana Mar\u00eda Olivares","Est. reading time":"4 minutes"},"schema":{"@context":"https:\/\/schema.org","@graph":[{"@type":"Article","@id":"https:\/\/poesiaerestu.com\/revista\/a-mina-mai-de-sabela-gondulfes-afouteza-certeca\/#article","isPartOf":{"@id":"https:\/\/poesiaerestu.com\/revista\/a-mina-mai-de-sabela-gondulfes-afouteza-certeca\/"},"author":{"name":"Ana Mar\u00eda Olivares","@id":"https:\/\/poesiaerestu.com\/revista\/#\/schema\/person\/cf2f0603f3dc0f9949eb248e8ae069ce"},"headline":"A mi\u00f1a Mai de Sabela Gondulfes, Afouteza &#038; Certe\u00e7a","datePublished":"2025-11-30T09:12:22+00:00","dateModified":"2026-03-13T23:26:37+00:00","mainEntityOfPage":{"@id":"https:\/\/poesiaerestu.com\/revista\/a-mina-mai-de-sabela-gondulfes-afouteza-certeca\/"},"wordCount":921,"image":{"@id":"https:\/\/poesiaerestu.com\/revista\/a-mina-mai-de-sabela-gondulfes-afouteza-certeca\/#primaryimage"},"thumbnailUrl":"https:\/\/poesiaerestu.com\/revista\/wp-content\/uploads\/2025\/11\/A-mina-Mai.webp","articleSection":["Poes\u00eda"],"inLanguage":"en-US","copyrightYear":"2025","copyrightHolder":{"@id":"https:\/\/poesiaerestu.com\/revista\/#organization"}},{"@type":"WebPage","@id":"https:\/\/poesiaerestu.com\/revista\/a-mina-mai-de-sabela-gondulfes-afouteza-certeca\/","url":"https:\/\/poesiaerestu.com\/revista\/a-mina-mai-de-sabela-gondulfes-afouteza-certeca\/","name":"A mi\u00f1a Mai de Sabela Gondulfes, Afouteza & Certe\u00e7a - Poes\u00ed\u00ada eres t\u00fa (revista)","isPartOf":{"@id":"https:\/\/poesiaerestu.com\/revista\/#website"},"primaryImageOfPage":{"@id":"https:\/\/poesiaerestu.com\/revista\/a-mina-mai-de-sabela-gondulfes-afouteza-certeca\/#primaryimage"},"image":{"@id":"https:\/\/poesiaerestu.com\/revista\/a-mina-mai-de-sabela-gondulfes-afouteza-certeca\/#primaryimage"},"thumbnailUrl":"https:\/\/poesiaerestu.com\/revista\/wp-content\/uploads\/2025\/11\/A-mina-Mai.webp","datePublished":"2025-11-30T09:12:22+00:00","dateModified":"2026-03-13T23:26:37+00:00","author":{"@id":"https:\/\/poesiaerestu.com\/revista\/#\/schema\/person\/cf2f0603f3dc0f9949eb248e8ae069ce"},"description":"An\u00e1lisis de \"A mi\u00f1a Mai\" de Sabela Gondulfes (AFOUTEZA & CERTE\u00c7A). Un poema en gallego sobre metabolizar los pasos de la madre ante su futura ausencia.","breadcrumb":{"@id":"https:\/\/poesiaerestu.com\/revista\/a-mina-mai-de-sabela-gondulfes-afouteza-certeca\/#breadcrumb"},"inLanguage":"en-US","potentialAction":[{"@type":"ReadAction","target":["https:\/\/poesiaerestu.com\/revista\/a-mina-mai-de-sabela-gondulfes-afouteza-certeca\/"]}]},{"@type":"ImageObject","inLanguage":"en-US","@id":"https:\/\/poesiaerestu.com\/revista\/a-mina-mai-de-sabela-gondulfes-afouteza-certeca\/#primaryimage","url":"https:\/\/poesiaerestu.com\/revista\/wp-content\/uploads\/2025\/11\/A-mina-Mai.webp","contentUrl":"https:\/\/poesiaerestu.com\/revista\/wp-content\/uploads\/2025\/11\/A-mina-Mai.webp","width":1536,"height":1024,"caption":"Una mujer mayor y una joven se toman de la mano, caminando juntas en un ambiente nost\u00e1lgico y po\u00e9tico."},{"@type":"BreadcrumbList","@id":"https:\/\/poesiaerestu.com\/revista\/a-mina-mai-de-sabela-gondulfes-afouteza-certeca\/#breadcrumb","itemListElement":[{"@type":"ListItem","position":1,"name":"Home","item":"https:\/\/poesiaerestu.com\/revista\/"},{"@type":"ListItem","position":2,"name":"A mi\u00f1a Mai de Sabela Gondulfes, Afouteza &#038; Certe\u00e7a"}]},{"@type":"WebSite","@id":"https:\/\/poesiaerestu.com\/revista\/#website","url":"https:\/\/poesiaerestu.com\/revista\/","name":"Poes\u00ed\u00ada eres t\u00fa (revista)","description":"Revista de poes\u00eda y literatura","potentialAction":[{"@type":"SearchAction","target":{"@type":"EntryPoint","urlTemplate":"https:\/\/poesiaerestu.com\/revista\/?s={search_term_string}"},"query-input":{"@type":"PropertyValueSpecification","valueRequired":true,"valueName":"search_term_string"}}],"inLanguage":"en-US"},{"@type":"Person","@id":"https:\/\/poesiaerestu.com\/revista\/#\/schema\/person\/cf2f0603f3dc0f9949eb248e8ae069ce","name":"Ana Mar\u00eda Olivares","image":{"@type":"ImageObject","inLanguage":"en-US","@id":"https:\/\/secure.gravatar.com\/avatar\/9738e71889a0117c74a4e2755c1bb913a04599bcf04205649e091304bfc2d516?s=96&d=mm&r=g","url":"https:\/\/secure.gravatar.com\/avatar\/9738e71889a0117c74a4e2755c1bb913a04599bcf04205649e091304bfc2d516?s=96&d=mm&r=g","contentUrl":"https:\/\/secure.gravatar.com\/avatar\/9738e71889a0117c74a4e2755c1bb913a04599bcf04205649e091304bfc2d516?s=96&d=mm&r=g","caption":"Ana Mar\u00eda Olivares"},"url":"https:\/\/poesiaerestu.com\/revista\/author\/ana-maria-olivares\/"}]}},"_links":{"self":[{"href":"https:\/\/poesiaerestu.com\/revista\/wp-json\/wp\/v2\/posts\/9741","targetHints":{"allow":["GET"]}}],"collection":[{"href":"https:\/\/poesiaerestu.com\/revista\/wp-json\/wp\/v2\/posts"}],"about":[{"href":"https:\/\/poesiaerestu.com\/revista\/wp-json\/wp\/v2\/types\/post"}],"author":[{"embeddable":true,"href":"https:\/\/poesiaerestu.com\/revista\/wp-json\/wp\/v2\/users\/1001006"}],"replies":[{"embeddable":true,"href":"https:\/\/poesiaerestu.com\/revista\/wp-json\/wp\/v2\/comments?post=9741"}],"version-history":[{"count":2,"href":"https:\/\/poesiaerestu.com\/revista\/wp-json\/wp\/v2\/posts\/9741\/revisions"}],"predecessor-version":[{"id":10455,"href":"https:\/\/poesiaerestu.com\/revista\/wp-json\/wp\/v2\/posts\/9741\/revisions\/10455"}],"wp:featuredmedia":[{"embeddable":true,"href":"https:\/\/poesiaerestu.com\/revista\/wp-json\/wp\/v2\/media\/9742"}],"wp:attachment":[{"href":"https:\/\/poesiaerestu.com\/revista\/wp-json\/wp\/v2\/media?parent=9741"}],"wp:term":[{"taxonomy":"category","embeddable":true,"href":"https:\/\/poesiaerestu.com\/revista\/wp-json\/wp\/v2\/categories?post=9741"},{"taxonomy":"post_tag","embeddable":true,"href":"https:\/\/poesiaerestu.com\/revista\/wp-json\/wp\/v2\/tags?post=9741"}],"curies":[{"name":"wp","href":"https:\/\/api.w.org\/{rel}","templated":true}]}}