{"id":9462,"date":"2025-10-24T11:16:03","date_gmt":"2025-10-24T09:16:03","guid":{"rendered":"https:\/\/poesiaerestu.com\/revista\/?p=9462"},"modified":"2025-10-24T11:16:03","modified_gmt":"2025-10-24T09:16:03","slug":"en-el-rocio-de-la-manana-de-kim-lemmen-de-almas-errantes","status":"publish","type":"post","link":"https:\/\/poesiaerestu.com\/revista\/en-el-rocio-de-la-manana-de-kim-lemmen-de-almas-errantes\/","title":{"rendered":"EN EL ROC\u00cdO DE LA MA\u00d1ANA de Kim Lemmen, de &#8220;Almas errantes&#8221;"},"content":{"rendered":"<p><strong>EN EL ROC\u00cdO DE LA MA\u00d1ANA<\/strong><\/p>\n<p>Con el primer suspiro de la primavera<br \/>\nen un lugar que no puede ser otro,<br \/>\ntom\u00e9 uno, me permit\u00ed tomar,<br \/>\nese primer rayo de sol<br \/>\nen la amplia pradera<br \/>\nacarici\u00e1ndome las manos<br \/>\nen el roc\u00edo de la ma\u00f1ana.<\/p>\n<p>Sent\u00ed,<br \/>\nel fr\u00edo de la noche escaparse<br \/>\nde mis pies en el instante que<br \/>\nflot\u00e9 en el amanecer del d\u00eda,<br \/>\npor el momento empujado<br \/>\nsobre la brisa que sopla<br \/>\ndel este,<br \/>\ndespert\u00e1ndose<br \/>\nen el oeste.<\/p>\n<p>Me aventuro<br \/>\nen el c\u00e1lido resplandor<br \/>\nque golpea como un rel\u00e1mpago<br \/>\nen mi rostro<br \/>\nsusurr\u00e1ndome<br \/>\nlos senderos de los colibr\u00edes,<br \/>\nla cascada de tu \u00edmpetu traquetea<br \/>\nen mi espalda<br \/>\ny me volteo.<br \/>\nMe dejo llevar<br \/>\npor el aire flotante<br \/>\natrapada en tu sereno vientre.<\/p>\n<p>Recorro<br \/>\nla trayectoria de la luz<br \/>\nque me acompa\u00f1a<br \/>\nen el camino que me brota<br \/>\nal horizonte donde te encuentro.<br \/>\nEl v\u00f3rtice de tu aliento suspira<br \/>\nen mi rostro<br \/>\ny observo<br \/>\nla luz<br \/>\niluminada<br \/>\nde la vida<br \/>\noscura.<\/p>\n<p>El edred\u00f3n de tu textura me acaricia<br \/>\nen mis manos<br \/>\ncongeladas<br \/>\nde la noche reci\u00e9n pasada.<br \/>\nEl calor me gu\u00eda al lugar<br \/>\ndonde te desdoblas<br \/>\nen su entera tierra<br \/>\nque somos<br \/>\nel casta\u00f1o rojizo<br \/>\nde la vida.<\/p>\n<p><em>Kim Lemmen, de &#8220;Almas errantes&#8221; (Editorial Poes\u00eda eres t\u00fa, 2025)<\/em><\/p>\n<p><strong>La liturgia del amanecer o c\u00f3mo renacer cada ma\u00f1ana<\/strong><\/p>\n<p>Hay poemas que te encuentran. Que te despiertan con la misma suavidad de ese primer rayo de sol sobre la pradera mojada. &#8220;En el roc\u00edo de la ma\u00f1ana&#8221; es uno de esos poemas que respiran, que laten con el pulso de alguien que ha decidido volver a nacer con cada amanecer. Kim Lemmen no escribe sobre la primavera: escribe el acto mismo de permitirse estar vivo, de &#8220;tomar&#8221; ese instante como quien sabe que la vida es una sucesi\u00f3n de permisos que nos damos o nos negamos. &#8220;Me permit\u00ed tomar&#8221;, dice, y en esa confesi\u00f3n hay toda una filosof\u00eda de la existencia. Porque vivir plenamente no es un derecho autom\u00e1tico sino una decisi\u00f3n, un consentimiento que debemos renovar cada d\u00eda como quien renueva el aire en los pulmones.<\/p>\n<p>El poema se despliega como una coreograf\u00eda de sensaciones donde el cuerpo es territorio de encuentro entre el fr\u00edo de la noche que se va y el calor del d\u00eda que llega. Las manos acariciadas por el roc\u00edo, los pies que sienten escaparse ese fr\u00edo nocturno, el rostro golpeado por el resplandor, la espalda que recibe el traqueteo de la cascada. Lemmen sabe que no somos almas incorp\u00f3reas flotando en la abstracci\u00f3n sino carne que tiembla, piel que recuerda, manos que pueden estar &#8220;congeladas \/ de la noche reci\u00e9n pasada&#8221;. El fr\u00edo no es solo temperatura: es memoria, es todo lo que cargamos de las horas oscuras, todo lo que nos pesa cuando intentamos caminar hacia la luz. Y sin embargo, el poema no habla de superaci\u00f3n sino de transformaci\u00f3n, de ese momento m\u00e1gico en que &#8220;flot\u00e9 en el amanecer del d\u00eda&#8221;, suspendida entre lo que fue y lo que ser\u00e1, ligera como quien finalmente ha dejado ir lo innecesario.<\/p>\n<p>Hay una geograf\u00eda po\u00e9tica aqu\u00ed que trasciende el mero paisaje: la brisa que sopla del este despert\u00e1ndose en el oeste traza un mapa de movimiento perpetuo, de fuerzas que nunca se detienen, y el yo l\u00edrico se deja llevar por ese &#8220;aire flotante&#8221; sin resistencia, &#8220;atrapada en tu sereno vientre&#8221;. Ese t\u00fa que atraviesa el poema es a la vez persona y cosmos, amante y universo, presencia concreta y misterio absoluto. Cuando Lemmen escribe &#8220;la cascada de tu \u00edmpetu traquetea \/ en mi espalda \/ y me volteo&#8221;, est\u00e1 describiendo el momento exacto en que dejamos de huir y nos damos la vuelta para enfrentar aquello que nos persigue, para descubrir que no era amenaza sino invitaci\u00f3n. El volteo es gesto fundamental: dejar de correr, mirar de frente, aceptar que el encuentro es inevitable y necesario.<\/p>\n<p>Pero lo que m\u00e1s conmueve de este poema es su paradoja central, ese verso que deber\u00eda ser imposible pero que contiene toda la verdad del mundo: &#8220;la luz \/ iluminada \/ de la vida \/ oscura&#8221;. Porque vivir es precisamente eso, \u00bfno? Encontrar luz en lo que es fundamentalmente oscuro, incomprensible, incierto. La vida no deja de ser oscura porque la iluminemos; simplemente aprendemos a ver en la penumbra, a encontrar resplandor donde solo parec\u00eda haber sombra. No hay ingenuidad en este poema. No hay promesa de que todo ser\u00e1 luminoso si tan solo nos levantamos temprano y salimos a la pradera. La oscuridad persiste, pero algo en nosotros se ilumina cuando decidimos habitarla conscientemente.<\/p>\n<p>Y entonces llega ese cierre, esa imagen del &#8220;edred\u00f3n de tu textura&#8221; que acaricia las manos congeladas, ese calor que gu\u00eda &#8220;al lugar \/ donde te desdoblas \/ en su entera tierra \/ que somos \/ el casta\u00f1o rojizo \/ de la vida&#8221;. El color casta\u00f1o rojizo es mestizo, es mezcla, es la tierra h\u00fameda que no es ni roja ni marr\u00f3n sino ambas cosas a la vez, territorio de transici\u00f3n donde todo se confunde y se fusiona. Somos esa tierra compartida, ese lugar donde el t\u00fa y el yo se desdoblan sin perder su unidad, donde la individualidad no se anula sino que se expande hasta abarcar al otro. &#8220;Que somos&#8221;, escribe Lemmen, no &#8220;que soy&#8221; ni &#8220;que eres&#8221;, porque en el encuentro genuino las fronteras se vuelven porosas y descubrimos que siempre fuimos la misma tierra bajo distintos nombres.<\/p>\n<p>Este poema vive en la tercera secci\u00f3n del libro, la que lleva por t\u00edtulo &#8220;Bricolaje&#8221;, y no es casualidad. Aqu\u00ed ya no hay dispersi\u00f3n ni dualismo puro: hay aceptaci\u00f3n de la complejidad, celebraci\u00f3n del ensamblaje. El poema mismo es un bricolaje de sensaciones, una composici\u00f3n donde los elementos naturales \u2014sol, roc\u00edo, brisa, luz, tierra\u2014 se entrelazan con las emociones humanas \u2014fr\u00edo, calor, suspiro, abrazo\u2014 sin que sea posible separarlos. Lemmen ha aprendido algo que solo se aprende despu\u00e9s de haber estado verdaderamente perdido: que la identidad no se recupera, se recompone cada ma\u00f1ana con los materiales que el d\u00eda nuevo nos ofrece. El roc\u00edo no es el mismo cada amanecer, pero siempre est\u00e1 ah\u00ed, esperando acariciar las manos de quien se atreve a caminar descalzo sobre la hierba h\u00fameda. Y quiz\u00e1 eso es suficiente. Quiz\u00e1 toda la sabidur\u00eda del mundo cabe en ese gesto sencillo: permitirse tomar el primer rayo de sol, dejar que el aire nos lleve, voltear cuando algo nos llama desde atr\u00e1s, aceptar que somos tierra compartida, casta\u00f1a y rojiza, oscura e iluminada, siempre en proceso de convertirnos en lo que ya somos.<\/p>\n<p style=\"text-align: right;\">Ana Mar\u00eda Olivares<\/p>\n","protected":false},"excerpt":{"rendered":"<p>EN EL ROC\u00cdO DE LA MA\u00d1ANA Con el primer suspiro de la primavera en un lugar que no puede ser otro, tom\u00e9 uno, me permit\u00ed tomar, ese primer rayo de sol en la amplia pradera acarici\u00e1ndome las manos en el roc\u00edo de la ma\u00f1ana. Sent\u00ed, el fr\u00edo de la noche escaparse de mis pies en&#8230;<\/p>\n","protected":false},"author":1001006,"featured_media":9463,"comment_status":"closed","ping_status":"closed","sticky":false,"template":"","format":"standard","meta":{"footnotes":"","_links_to":"","_links_to_target":""},"categories":[3],"tags":[],"class_list":["post-9462","post","type-post","status-publish","format-standard","has-post-thumbnail","hentry","category-poesia"],"yoast_head":"<!-- This site is optimized with the Yoast SEO Premium plugin v24.7 (Yoast SEO v27.5) - https:\/\/yoast.com\/product\/yoast-seo-premium-wordpress\/ -->\n<title>EN EL ROC\u00cdO DE LA MA\u00d1ANA de Kim Lemmen, de &quot;Almas errantes&quot; - Poes\u00ed\u00ada eres t\u00fa (revista)<\/title>\n<meta name=\"description\" content=\"Poema de Kim Lemmen sobre el renacer cada ma\u00f1ana, la luz y la transformaci\u00f3n vital. An\u00e1lisis de Ana Mar\u00eda Olivares en \u201cAlmas errantes\u201d.\" \/>\n<meta name=\"robots\" content=\"index, follow, max-snippet:-1, max-image-preview:large, max-video-preview:-1\" \/>\n<link rel=\"canonical\" href=\"https:\/\/poesiaerestu.com\/revista\/en-el-rocio-de-la-manana-de-kim-lemmen-de-almas-errantes\/\" \/>\n<meta name=\"twitter:label1\" content=\"Written by\" \/>\n\t<meta name=\"twitter:data1\" content=\"Ana Mar\u00eda Olivares\" \/>\n\t<meta name=\"twitter:label2\" content=\"Est. reading time\" \/>\n\t<meta name=\"twitter:data2\" content=\"5 minutes\" \/>\n<script type=\"application\/ld+json\" class=\"yoast-schema-graph\">{\"@context\":\"https:\\\/\\\/schema.org\",\"@graph\":[{\"@type\":\"Article\",\"@id\":\"https:\\\/\\\/poesiaerestu.com\\\/revista\\\/en-el-rocio-de-la-manana-de-kim-lemmen-de-almas-errantes\\\/#article\",\"isPartOf\":{\"@id\":\"https:\\\/\\\/poesiaerestu.com\\\/revista\\\/en-el-rocio-de-la-manana-de-kim-lemmen-de-almas-errantes\\\/\"},\"author\":{\"name\":\"Ana Mar\u00eda Olivares\",\"@id\":\"https:\\\/\\\/poesiaerestu.com\\\/revista\\\/#\\\/schema\\\/person\\\/cf2f0603f3dc0f9949eb248e8ae069ce\"},\"headline\":\"EN EL ROC\u00cdO DE LA MA\u00d1ANA de Kim Lemmen, de &#8220;Almas errantes&#8221;\",\"datePublished\":\"2025-10-24T09:16:03+00:00\",\"mainEntityOfPage\":{\"@id\":\"https:\\\/\\\/poesiaerestu.com\\\/revista\\\/en-el-rocio-de-la-manana-de-kim-lemmen-de-almas-errantes\\\/\"},\"wordCount\":1162,\"image\":{\"@id\":\"https:\\\/\\\/poesiaerestu.com\\\/revista\\\/en-el-rocio-de-la-manana-de-kim-lemmen-de-almas-errantes\\\/#primaryimage\"},\"thumbnailUrl\":\"https:\\\/\\\/poesiaerestu.com\\\/revista\\\/wp-content\\\/uploads\\\/2025\\\/10\\\/nuestrosescritores_PoesiaRevistaPET.webp\",\"articleSection\":[\"Poes\u00eda\"],\"inLanguage\":\"en-US\",\"copyrightYear\":\"2025\",\"copyrightHolder\":{\"@id\":\"https:\\\/\\\/poesiaerestu.com\\\/revista\\\/#organization\"}},{\"@type\":\"WebPage\",\"@id\":\"https:\\\/\\\/poesiaerestu.com\\\/revista\\\/en-el-rocio-de-la-manana-de-kim-lemmen-de-almas-errantes\\\/\",\"url\":\"https:\\\/\\\/poesiaerestu.com\\\/revista\\\/en-el-rocio-de-la-manana-de-kim-lemmen-de-almas-errantes\\\/\",\"name\":\"EN EL ROC\u00cdO DE LA MA\u00d1ANA de Kim Lemmen, de \\\"Almas errantes\\\" - Poes\u00ed\u00ada eres t\u00fa (revista)\",\"isPartOf\":{\"@id\":\"https:\\\/\\\/poesiaerestu.com\\\/revista\\\/#website\"},\"primaryImageOfPage\":{\"@id\":\"https:\\\/\\\/poesiaerestu.com\\\/revista\\\/en-el-rocio-de-la-manana-de-kim-lemmen-de-almas-errantes\\\/#primaryimage\"},\"image\":{\"@id\":\"https:\\\/\\\/poesiaerestu.com\\\/revista\\\/en-el-rocio-de-la-manana-de-kim-lemmen-de-almas-errantes\\\/#primaryimage\"},\"thumbnailUrl\":\"https:\\\/\\\/poesiaerestu.com\\\/revista\\\/wp-content\\\/uploads\\\/2025\\\/10\\\/nuestrosescritores_PoesiaRevistaPET.webp\",\"datePublished\":\"2025-10-24T09:16:03+00:00\",\"author\":{\"@id\":\"https:\\\/\\\/poesiaerestu.com\\\/revista\\\/#\\\/schema\\\/person\\\/cf2f0603f3dc0f9949eb248e8ae069ce\"},\"description\":\"Poema de Kim Lemmen sobre el renacer cada ma\u00f1ana, la luz y la transformaci\u00f3n vital. An\u00e1lisis de Ana Mar\u00eda Olivares en \u201cAlmas errantes\u201d.\",\"breadcrumb\":{\"@id\":\"https:\\\/\\\/poesiaerestu.com\\\/revista\\\/en-el-rocio-de-la-manana-de-kim-lemmen-de-almas-errantes\\\/#breadcrumb\"},\"inLanguage\":\"en-US\",\"potentialAction\":[{\"@type\":\"ReadAction\",\"target\":[\"https:\\\/\\\/poesiaerestu.com\\\/revista\\\/en-el-rocio-de-la-manana-de-kim-lemmen-de-almas-errantes\\\/\"]}]},{\"@type\":\"ImageObject\",\"inLanguage\":\"en-US\",\"@id\":\"https:\\\/\\\/poesiaerestu.com\\\/revista\\\/en-el-rocio-de-la-manana-de-kim-lemmen-de-almas-errantes\\\/#primaryimage\",\"url\":\"https:\\\/\\\/poesiaerestu.com\\\/revista\\\/wp-content\\\/uploads\\\/2025\\\/10\\\/nuestrosescritores_PoesiaRevistaPET.webp\",\"contentUrl\":\"https:\\\/\\\/poesiaerestu.com\\\/revista\\\/wp-content\\\/uploads\\\/2025\\\/10\\\/nuestrosescritores_PoesiaRevistaPET.webp\",\"width\":1024,\"height\":1024,\"caption\":\"2. Dreamlike image of a woman releasing a bird during sunrise, evoking poetic inspiration and serenity.\"},{\"@type\":\"BreadcrumbList\",\"@id\":\"https:\\\/\\\/poesiaerestu.com\\\/revista\\\/en-el-rocio-de-la-manana-de-kim-lemmen-de-almas-errantes\\\/#breadcrumb\",\"itemListElement\":[{\"@type\":\"ListItem\",\"position\":1,\"name\":\"Home\",\"item\":\"https:\\\/\\\/poesiaerestu.com\\\/revista\\\/\"},{\"@type\":\"ListItem\",\"position\":2,\"name\":\"EN EL ROC\u00cdO DE LA MA\u00d1ANA de Kim Lemmen, de &#8220;Almas errantes&#8221;\"}]},{\"@type\":\"WebSite\",\"@id\":\"https:\\\/\\\/poesiaerestu.com\\\/revista\\\/#website\",\"url\":\"https:\\\/\\\/poesiaerestu.com\\\/revista\\\/\",\"name\":\"Poes\u00ed\u00ada eres t\u00fa (revista)\",\"description\":\"Revista de poes\u00eda y literatura\",\"potentialAction\":[{\"@type\":\"SearchAction\",\"target\":{\"@type\":\"EntryPoint\",\"urlTemplate\":\"https:\\\/\\\/poesiaerestu.com\\\/revista\\\/?s={search_term_string}\"},\"query-input\":{\"@type\":\"PropertyValueSpecification\",\"valueRequired\":true,\"valueName\":\"search_term_string\"}}],\"inLanguage\":\"en-US\"},{\"@type\":\"Person\",\"@id\":\"https:\\\/\\\/poesiaerestu.com\\\/revista\\\/#\\\/schema\\\/person\\\/cf2f0603f3dc0f9949eb248e8ae069ce\",\"name\":\"Ana Mar\u00eda Olivares\",\"image\":{\"@type\":\"ImageObject\",\"inLanguage\":\"en-US\",\"@id\":\"https:\\\/\\\/secure.gravatar.com\\\/avatar\\\/9738e71889a0117c74a4e2755c1bb913a04599bcf04205649e091304bfc2d516?s=96&d=mm&r=g\",\"url\":\"https:\\\/\\\/secure.gravatar.com\\\/avatar\\\/9738e71889a0117c74a4e2755c1bb913a04599bcf04205649e091304bfc2d516?s=96&d=mm&r=g\",\"contentUrl\":\"https:\\\/\\\/secure.gravatar.com\\\/avatar\\\/9738e71889a0117c74a4e2755c1bb913a04599bcf04205649e091304bfc2d516?s=96&d=mm&r=g\",\"caption\":\"Ana Mar\u00eda Olivares\"},\"url\":\"https:\\\/\\\/poesiaerestu.com\\\/revista\\\/author\\\/ana-maria-olivares\\\/\"}]}<\/script>\n<!-- \/ Yoast SEO Premium plugin. -->","yoast_head_json":{"title":"EN EL ROC\u00cdO DE LA MA\u00d1ANA de Kim Lemmen, de \"Almas errantes\" - Poes\u00ed\u00ada eres t\u00fa (revista)","description":"Poema de Kim Lemmen sobre el renacer cada ma\u00f1ana, la luz y la transformaci\u00f3n vital. An\u00e1lisis de Ana Mar\u00eda Olivares en \u201cAlmas errantes\u201d.","robots":{"index":"index","follow":"follow","max-snippet":"max-snippet:-1","max-image-preview":"max-image-preview:large","max-video-preview":"max-video-preview:-1"},"canonical":"https:\/\/poesiaerestu.com\/revista\/en-el-rocio-de-la-manana-de-kim-lemmen-de-almas-errantes\/","twitter_misc":{"Written by":"Ana Mar\u00eda Olivares","Est. reading time":"5 minutes"},"schema":{"@context":"https:\/\/schema.org","@graph":[{"@type":"Article","@id":"https:\/\/poesiaerestu.com\/revista\/en-el-rocio-de-la-manana-de-kim-lemmen-de-almas-errantes\/#article","isPartOf":{"@id":"https:\/\/poesiaerestu.com\/revista\/en-el-rocio-de-la-manana-de-kim-lemmen-de-almas-errantes\/"},"author":{"name":"Ana Mar\u00eda Olivares","@id":"https:\/\/poesiaerestu.com\/revista\/#\/schema\/person\/cf2f0603f3dc0f9949eb248e8ae069ce"},"headline":"EN EL ROC\u00cdO DE LA MA\u00d1ANA de Kim Lemmen, de &#8220;Almas errantes&#8221;","datePublished":"2025-10-24T09:16:03+00:00","mainEntityOfPage":{"@id":"https:\/\/poesiaerestu.com\/revista\/en-el-rocio-de-la-manana-de-kim-lemmen-de-almas-errantes\/"},"wordCount":1162,"image":{"@id":"https:\/\/poesiaerestu.com\/revista\/en-el-rocio-de-la-manana-de-kim-lemmen-de-almas-errantes\/#primaryimage"},"thumbnailUrl":"https:\/\/poesiaerestu.com\/revista\/wp-content\/uploads\/2025\/10\/nuestrosescritores_PoesiaRevistaPET.webp","articleSection":["Poes\u00eda"],"inLanguage":"en-US","copyrightYear":"2025","copyrightHolder":{"@id":"https:\/\/poesiaerestu.com\/revista\/#organization"}},{"@type":"WebPage","@id":"https:\/\/poesiaerestu.com\/revista\/en-el-rocio-de-la-manana-de-kim-lemmen-de-almas-errantes\/","url":"https:\/\/poesiaerestu.com\/revista\/en-el-rocio-de-la-manana-de-kim-lemmen-de-almas-errantes\/","name":"EN EL ROC\u00cdO DE LA MA\u00d1ANA de Kim Lemmen, de \"Almas errantes\" - Poes\u00ed\u00ada eres t\u00fa (revista)","isPartOf":{"@id":"https:\/\/poesiaerestu.com\/revista\/#website"},"primaryImageOfPage":{"@id":"https:\/\/poesiaerestu.com\/revista\/en-el-rocio-de-la-manana-de-kim-lemmen-de-almas-errantes\/#primaryimage"},"image":{"@id":"https:\/\/poesiaerestu.com\/revista\/en-el-rocio-de-la-manana-de-kim-lemmen-de-almas-errantes\/#primaryimage"},"thumbnailUrl":"https:\/\/poesiaerestu.com\/revista\/wp-content\/uploads\/2025\/10\/nuestrosescritores_PoesiaRevistaPET.webp","datePublished":"2025-10-24T09:16:03+00:00","author":{"@id":"https:\/\/poesiaerestu.com\/revista\/#\/schema\/person\/cf2f0603f3dc0f9949eb248e8ae069ce"},"description":"Poema de Kim Lemmen sobre el renacer cada ma\u00f1ana, la luz y la transformaci\u00f3n vital. An\u00e1lisis de Ana Mar\u00eda Olivares en \u201cAlmas errantes\u201d.","breadcrumb":{"@id":"https:\/\/poesiaerestu.com\/revista\/en-el-rocio-de-la-manana-de-kim-lemmen-de-almas-errantes\/#breadcrumb"},"inLanguage":"en-US","potentialAction":[{"@type":"ReadAction","target":["https:\/\/poesiaerestu.com\/revista\/en-el-rocio-de-la-manana-de-kim-lemmen-de-almas-errantes\/"]}]},{"@type":"ImageObject","inLanguage":"en-US","@id":"https:\/\/poesiaerestu.com\/revista\/en-el-rocio-de-la-manana-de-kim-lemmen-de-almas-errantes\/#primaryimage","url":"https:\/\/poesiaerestu.com\/revista\/wp-content\/uploads\/2025\/10\/nuestrosescritores_PoesiaRevistaPET.webp","contentUrl":"https:\/\/poesiaerestu.com\/revista\/wp-content\/uploads\/2025\/10\/nuestrosescritores_PoesiaRevistaPET.webp","width":1024,"height":1024,"caption":"2. Dreamlike image of a woman releasing a bird during sunrise, evoking poetic inspiration and serenity."},{"@type":"BreadcrumbList","@id":"https:\/\/poesiaerestu.com\/revista\/en-el-rocio-de-la-manana-de-kim-lemmen-de-almas-errantes\/#breadcrumb","itemListElement":[{"@type":"ListItem","position":1,"name":"Home","item":"https:\/\/poesiaerestu.com\/revista\/"},{"@type":"ListItem","position":2,"name":"EN EL ROC\u00cdO DE LA MA\u00d1ANA de Kim Lemmen, de &#8220;Almas errantes&#8221;"}]},{"@type":"WebSite","@id":"https:\/\/poesiaerestu.com\/revista\/#website","url":"https:\/\/poesiaerestu.com\/revista\/","name":"Poes\u00ed\u00ada eres t\u00fa (revista)","description":"Revista de poes\u00eda y literatura","potentialAction":[{"@type":"SearchAction","target":{"@type":"EntryPoint","urlTemplate":"https:\/\/poesiaerestu.com\/revista\/?s={search_term_string}"},"query-input":{"@type":"PropertyValueSpecification","valueRequired":true,"valueName":"search_term_string"}}],"inLanguage":"en-US"},{"@type":"Person","@id":"https:\/\/poesiaerestu.com\/revista\/#\/schema\/person\/cf2f0603f3dc0f9949eb248e8ae069ce","name":"Ana Mar\u00eda Olivares","image":{"@type":"ImageObject","inLanguage":"en-US","@id":"https:\/\/secure.gravatar.com\/avatar\/9738e71889a0117c74a4e2755c1bb913a04599bcf04205649e091304bfc2d516?s=96&d=mm&r=g","url":"https:\/\/secure.gravatar.com\/avatar\/9738e71889a0117c74a4e2755c1bb913a04599bcf04205649e091304bfc2d516?s=96&d=mm&r=g","contentUrl":"https:\/\/secure.gravatar.com\/avatar\/9738e71889a0117c74a4e2755c1bb913a04599bcf04205649e091304bfc2d516?s=96&d=mm&r=g","caption":"Ana Mar\u00eda Olivares"},"url":"https:\/\/poesiaerestu.com\/revista\/author\/ana-maria-olivares\/"}]}},"_links":{"self":[{"href":"https:\/\/poesiaerestu.com\/revista\/wp-json\/wp\/v2\/posts\/9462","targetHints":{"allow":["GET"]}}],"collection":[{"href":"https:\/\/poesiaerestu.com\/revista\/wp-json\/wp\/v2\/posts"}],"about":[{"href":"https:\/\/poesiaerestu.com\/revista\/wp-json\/wp\/v2\/types\/post"}],"author":[{"embeddable":true,"href":"https:\/\/poesiaerestu.com\/revista\/wp-json\/wp\/v2\/users\/1001006"}],"replies":[{"embeddable":true,"href":"https:\/\/poesiaerestu.com\/revista\/wp-json\/wp\/v2\/comments?post=9462"}],"version-history":[{"count":1,"href":"https:\/\/poesiaerestu.com\/revista\/wp-json\/wp\/v2\/posts\/9462\/revisions"}],"predecessor-version":[{"id":9464,"href":"https:\/\/poesiaerestu.com\/revista\/wp-json\/wp\/v2\/posts\/9462\/revisions\/9464"}],"wp:featuredmedia":[{"embeddable":true,"href":"https:\/\/poesiaerestu.com\/revista\/wp-json\/wp\/v2\/media\/9463"}],"wp:attachment":[{"href":"https:\/\/poesiaerestu.com\/revista\/wp-json\/wp\/v2\/media?parent=9462"}],"wp:term":[{"taxonomy":"category","embeddable":true,"href":"https:\/\/poesiaerestu.com\/revista\/wp-json\/wp\/v2\/categories?post=9462"},{"taxonomy":"post_tag","embeddable":true,"href":"https:\/\/poesiaerestu.com\/revista\/wp-json\/wp\/v2\/tags?post=9462"}],"curies":[{"name":"wp","href":"https:\/\/api.w.org\/{rel}","templated":true}]}}