{"id":9439,"date":"2025-10-21T13:46:30","date_gmt":"2025-10-21T11:46:30","guid":{"rendered":"https:\/\/poesiaerestu.com\/revista\/?p=9439"},"modified":"2025-10-21T13:48:23","modified_gmt":"2025-10-21T11:48:23","slug":"jose-luis-abraham-lopez-los-territorios-de-la-palabra-voces-literarias-y-editoriales-emergentes-de-hoy","status":"publish","type":"post","link":"https:\/\/poesiaerestu.com\/revista\/jose-luis-abraham-lopez-los-territorios-de-la-palabra-voces-literarias-y-editoriales-emergentes-de-hoy\/","title":{"rendered":"Entrevista a JOS\u00c9 LUIS ABRAHAM L\u00d3PEZ. Los territorios de la palabra: voces literarias y editoriales emergentes de hoy"},"content":{"rendered":"<p><strong>ENTREVISTA AL AUTOR &#8211; JOS\u00c9 LUIS ABRAHAM L\u00d3PEZ<\/strong><\/p>\n<p><strong>Con motivo de la publicaci\u00f3n de &#8220;Los territorios de la palabra: voces literarias y editoriales emergentes de hoy&#8221;<\/strong><\/p>\n<p><strong><img data-dominant-color=\"f2ece4\" data-has-transparency=\"true\" style=\"--dominant-color: #f2ece4;\" loading=\"lazy\" decoding=\"async\" class=\"aligncenter size-full wp-image-9440 has-transparency\" src=\"https:\/\/poesiaerestu.com\/revista\/wp-content\/uploads\/2025\/10\/FichaAutor-2-scaled.webp\" alt=\"\" width=\"2560\" height=\"1788\" srcset=\"https:\/\/poesiaerestu.com\/revista\/wp-content\/uploads\/2025\/10\/FichaAutor-2-scaled.webp 1466w, https:\/\/poesiaerestu.com\/revista\/wp-content\/uploads\/2025\/10\/FichaAutor-2-scaled-300x210.webp 300w, https:\/\/poesiaerestu.com\/revista\/wp-content\/uploads\/2025\/10\/FichaAutor-2-scaled-1024x715.webp 1024w, https:\/\/poesiaerestu.com\/revista\/wp-content\/uploads\/2025\/10\/FichaAutor-2-scaled-600x419.webp 600w, https:\/\/poesiaerestu.com\/revista\/wp-content\/uploads\/2025\/10\/FichaAutor-2-scaled-768x536.webp 768w, https:\/\/poesiaerestu.com\/revista\/wp-content\/uploads\/2025\/10\/FichaAutor-2-scaled-86x60.webp 86w\" sizes=\"auto, (max-width: 2560px) 100vw, 2560px\" \/><\/strong><\/p>\n<ol>\n<li><strong>Jos\u00e9 Luis, durante cinco a\u00f1os has estado escribiendo rese\u00f1as y entrevistas para IDEAL en Clase. \u00bfEn qu\u00e9 momento decides que todo ese material merece convertirse en libro? \u00bfFue una decisi\u00f3n planificada o surgi\u00f3 de manera m\u00e1s espont\u00e1nea?<\/strong><\/li>\n<\/ol>\n<p><strong>\u00a0<\/strong><\/p>\n<p><span>La decisi\u00f3n de convertir el material en libro no fue inicialmente planificada, sino que surgi\u00f3 espont\u00e1neamente este pasado verano. Cuando ya contaba con un n\u00famero considerable de rese\u00f1as me di cuenta del valor que pod\u00eda tener compartir una panor\u00e1mica cultural tan variada y rica que pod\u00eda dar cuenta tanto de individualidades como de inquietudes colectivas.<\/span><\/p>\n<p><span>\u00a0<\/span><\/p>\n<ol start=\"2\">\n<li><strong> El t\u00edtulo del libro habla de &#8220;territorios de la palabra&#8221;. \u00bfQu\u00e9 representa para ti ese concepto de territorio aplicado a la literatura? \u00bfPor qu\u00e9 la palabra necesita territorios propios en el panorama cultural actual?<\/strong><\/li>\n<\/ol>\n<p>&nbsp;<\/p>\n<p><span>La imagen que repetidamente acud\u00eda a mi imaginaci\u00f3n era la de un mapa cr\u00edtico que recog\u00eda lecturas personales que, sin pretender ser un canon fijo, s\u00ed que constituye un registro personal que finalmente, en su contexto y resultado, expone a las claras la riqueza y la pluralidad del panorama literario actual en el \u00e1mbito hisp\u00e1nico, sobre todo. En cuanto a la segunda cuesti\u00f3n, sin duda alguna, la palabra debe disponer y hasta conquistar un espacio propio frente a dos fen\u00f3menos que est\u00e1n a la orden del d\u00eda, como son el exceso de informaci\u00f3n de dudosa credibilidad y la ingesta indiscriminada de contenidos. De esta forma, estamos convencidos del valor insustituible de la palabra desde la lectura pausada, anal\u00edtica y, a la vez, emocional. Desde mi experiencia, siento la lectura como un acto tanto de conciencia como de transformaci\u00f3n. <\/span><\/p>\n<p>&nbsp;<\/p>\n<ol start=\"3\">\n<li><strong> Defines tu trabajo como &#8220;cr\u00edtica generosa&#8221;, alejada del veredicto severo. En una \u00e9poca donde la cr\u00edtica demoledora parece tener m\u00e1s visibilidad, \u00bfc\u00f3mo justificas esa postura? \u00bfNo crees que la generosidad puede comprometer la honestidad del an\u00e1lisis?<\/strong><\/li>\n<\/ol>\n<p>&nbsp;<\/p>\n<p>Siempre me han dado pavor las cr\u00edticas sentenciosas porque cuando uno juzga una acci\u00f3n como una obra hay que intentar empatizar con la intenci\u00f3n que impulsa al individuo o al artista a culminar dicha obra. Desde ese punto de vista, se comprender\u00e1n m\u00e1s y mejor muchas obras que no pasan la criba de la cr\u00edtica m\u00e1s austera. Por ello, me reafirmo en aquello de abrir posibilidades de lectura, potenciando interpretaciones.<\/p>\n<p>&nbsp;<\/p>\n<ol start=\"4\">\n<li><strong> Has dedicado espacio importante a editoriales independientes como Sargantana, Dokusou o Hoja de lata. \u00bfQu\u00e9 papel juegan estos sellos en el ecosistema literario hisp\u00e1nico actual? \u00bfRepresentan una alternativa real o son apenas resistencias testimoniales?<\/strong><\/li>\n<\/ol>\n<p>&nbsp;<\/p>\n<p>No hay lugar a la duda de que las editoriales independientes son una alternativa tan real como funcional, en cuanto a que seleccionan con esmero la calidad por delante de la calidad, asumiendo el riesgo que siempre supone incorporar nuevas voces. Para nada son marginales; todo lo contrario, son una pieza clave para la riqueza y la plural del panorama literario que tenemos hoy.<\/p>\n<p>&nbsp;<\/p>\n<ol start=\"5\">\n<li><strong> El libro abarca narrativa, poes\u00eda, literatura infantil, c\u00f3mic, ensayo&#8230; \u00bfPor qu\u00e9 consideras necesario romper las fronteras entre g\u00e9neros? \u00bfQu\u00e9 valor espec\u00edfico aporta la literatura infantil o el c\u00f3mic que justifique su inclusi\u00f3n en un volumen de cr\u00edtica literaria seria?<\/strong><\/li>\n<\/ol>\n<p>&nbsp;<\/p>\n<p>Es indiscutible que actualmente se han difuminado los l\u00edmites entre g\u00e9neros. Y eso ya es una realidad que siempre me ha gustado atender como lector. No hay g\u00e9nero menor; todos cumplen una funci\u00f3n social por la educaci\u00f3n en valores a partir de temas actuales en el caso, sobre todo, de la literatura infantil y juvenil.<\/p>\n<p>&nbsp;<\/p>\n<ol start=\"6\">\n<li><strong> Muchas de estas rese\u00f1as nacieron durante la pandemia. \u00bfC\u00f3mo cambi\u00f3 ese contexto excepcional tu manera de leer y de escribir sobre literatura? \u00bfQu\u00e9 descubriste sobre la funci\u00f3n de la lectura en tiempos de crisis?<\/strong><\/li>\n<\/ol>\n<p>&nbsp;<\/p>\n<p><span>Una parte importante de los textos recogidos en el volumen surgi\u00f3 en aquel contexto inquietante de los a\u00f1os 2020 y 2021<\/span>. Lo que ese periodo excepcional cambi\u00f3 fue, sobre todo, mi comprensi\u00f3n de la funci\u00f3n esencial de la lectura en tiempos de crisis. Fue muy emocionante sentir que el confinamiento puso de manifiesto la fuerza y la relevancia de la lectura, pero tambi\u00e9n como refugio y resistencia, y de conexi\u00f3n con los dem\u00e1s.<\/p>\n<p>&nbsp;<\/p>\n<ol start=\"7\">\n<li><strong> Hablas de la literatura como &#8220;trinchera de papel&#8221;, como acto de resistencia. \u00bfResistencia contra qu\u00e9, exactamente? \u00bfContra el mercado, contra la digitalizaci\u00f3n, contra la superficialidad cultural? \u00bfNo es esa met\u00e1fora b\u00e9lica demasiado dram\u00e1tica?<\/strong><\/li>\n<\/ol>\n<p>&nbsp;<\/p>\n<p><span>En nuestro contexto, con la met\u00e1fora &#8220;trinchera de papel&#8221; \u2013aunque pueda sonar algo dram\u00e1tico\u2013 pretend\u00eda subrayar la resistencia ante la superficialidad cultural acechada por las prisas de la inmediatez y la obsesi\u00f3n por la producci\u00f3n masiva, as\u00ed como contra la desinformaci\u00f3n y el consumo voraz. Pero tambi\u00e9n, no lo olvidemos, es un canto a la perpetuidad.<\/span><\/p>\n<p>&nbsp;<\/p>\n<ol start=\"8\">\n<li><strong> En el pr\u00f3logo afirmas que los t\u00edtulos rese\u00f1ados responden a sorpresa, admiraci\u00f3n o emoci\u00f3n personal, nunca a compromisos ni modas. \u00bfC\u00f3mo equilibras esa subjetividad declarada con la vocaci\u00f3n de orientar a lectores que buscan criterios m\u00e1s objetivos?<\/strong><\/li>\n<\/ol>\n<p>&nbsp;<\/p>\n<p>La elecci\u00f3n primera es exclusivamente personal: he elegido siempre los t\u00edtulos que han despertado mi curiosidad. Para m\u00ed, esa subjetividad selectiva es una forma de ser honesto tambi\u00e9n con el lector. Luego, indudablemente, est\u00e1 la fase m\u00e1s anal\u00edtica de convertir ese inter\u00e9s en algo \u00fatil para los dem\u00e1s. Al final, me siento un tanto mediador si entendemos que quien opina sobre una obra debe hacerlo desde criterios objetivos, ayudando a posibles lectores a acercarse a los textos. Es como decir que la pasi\u00f3n gu\u00eda la elecci\u00f3n de las obras, y el an\u00e1lisis las pone al servicio de quienes las leen.<\/p>\n<p>&nbsp;<\/p>\n<ol start=\"9\">\n<li><strong> El libro documenta un quinquenio crucial (2020-2025). \u00bfQu\u00e9 tendencias, obsesiones o transformaciones has detectado en la literatura hisp\u00e1nica contempor\u00e1nea durante este per\u00edodo? \u00bfC\u00f3mo ha evolucionado el panorama desde que empezaste hasta hoy?<\/strong><\/li>\n<\/ol>\n<p>&nbsp;<\/p>\n<p>Desde mi punto de vista, reconozco grandes transformaciones y obsesiones que definen la literatura hisp\u00e1nica contempor\u00e1nea durante este periodo que es reflejo del mundo desconcertante e incierto en el que vivimos. Desde el fuerte compromiso con la realidad, muchos autores tratan temas actuales como la crisis econ\u00f3mica, el racismo, la desigualdad o la p\u00e9rdida de memoria colectiva. La mayor\u00eda parte de experiencias personales intensas que buscan ser compartidas, desde ensayos sobre la maternidad o la industria cultural hasta poes\u00edas sobre el dolor y la existencia.<\/p>\n<p>Hoy, la literatura se entiende como un acto de rigor y conciencia, alejada del ruido superficial o de la escritura vac\u00eda. Frente a la inmediatez digital y el lenguaje simplificado, muchos autores apuestan por una escritura exigente y cuidada; y me alegr\u00eda constatar que la poes\u00eda, en particular, se convierte en un refugio frente al caos.<\/p>\n<p>Tambi\u00e9n observo una convivencia creciente de g\u00e9neros y estilos, donde narrativa y poes\u00eda se nutren mutuamente. En este contexto, el editor independiente se ha vuelto una figura clave: selecciona, apoya y da coherencia a una producci\u00f3n literaria que defiende el libro como objeto cultural. En mi opini\u00f3n, el gran desaf\u00edo sigue siendo atraer a los j\u00f3venes lectores, conectando la literatura con su realidad cotidiana.<\/p>\n<p>&nbsp;<\/p>\n<ol start=\"10\">\n<li><strong> Finalmente, \u00bfcu\u00e1l es tu esperanza para este libro? \u00bfA qui\u00e9n te gustar\u00eda que llegara y qu\u00e9 conversaciones te gustar\u00eda que iniciara sobre el estado actual de la literatura en lengua espa\u00f1ola?<\/strong><\/li>\n<\/ol>\n<p>&nbsp;<\/p>\n<p>Me dar\u00eda por contento si este trabajo sirviera para crear estrechos v\u00ednculos entre escritores, editores y lectores, celebrando la literatura como una compa\u00f1era fiel que da sentido a la experiencia humana. Y, adem\u00e1s, que conduzca a dos reflexiones y sentimientos: la literatura como un acto de conciencia; es decir, algo que no solo entretiene, sino que nos hace pensar, recordar y enfrentar la realidad. La segunda, defender la lectura cr\u00edtica y la maravillosa labor de los editores independientes frente al ruido y la sobreinformaci\u00f3n.<\/p>\n<p>&nbsp;<\/p>\n","protected":false},"excerpt":{"rendered":"<p>ENTREVISTA AL AUTOR &#8211; JOS\u00c9 LUIS ABRAHAM L\u00d3PEZ Con motivo de la publicaci\u00f3n de &#8220;Los territorios de la palabra: voces literarias y editoriales emergentes de hoy&#8221; Jos\u00e9 Luis, durante cinco a\u00f1os has estado escribiendo rese\u00f1as y entrevistas para IDEAL en Clase. \u00bfEn qu\u00e9 momento decides que todo ese material merece convertirse en libro? \u00bfFue una&#8230;<\/p>\n","protected":false},"author":1001005,"featured_media":9440,"comment_status":"closed","ping_status":"closed","sticky":false,"template":"","format":"standard","meta":{"footnotes":"","_links_to":"","_links_to_target":""},"categories":[4],"tags":[],"class_list":["post-9439","post","type-post","status-publish","format-standard","has-post-thumbnail","hentry","category-entrevistas"],"yoast_head":"<!-- This site is optimized with the Yoast SEO Premium plugin v24.7 (Yoast SEO v27.4) - https:\/\/yoast.com\/product\/yoast-seo-premium-wordpress\/ -->\n<title>Entrevista a JOS\u00c9 LUIS ABRAHAM L\u00d3PEZ. Los territorios de la palabra: voces literarias y editoriales emergentes de hoy - Poes\u00ed\u00ada eres t\u00fa (revista)<\/title>\n<meta name=\"description\" content=\"Entrevista a Jos\u00e9 Luis Abraham L\u00f3pez sobre nuevas voces, editoriales independientes y tendencias literarias en el panorama hisp\u00e1nico actual.\" \/>\n<meta name=\"robots\" content=\"index, follow, max-snippet:-1, max-image-preview:large, max-video-preview:-1\" \/>\n<link rel=\"canonical\" href=\"https:\/\/poesiaerestu.com\/revista\/jose-luis-abraham-lopez-los-territorios-de-la-palabra-voces-literarias-y-editoriales-emergentes-de-hoy\/\" \/>\n<meta name=\"twitter:label1\" content=\"Written by\" \/>\n\t<meta name=\"twitter:data1\" content=\"Javier P\u00e9rez-Ayala\" \/>\n\t<meta name=\"twitter:label2\" content=\"Est. reading time\" \/>\n\t<meta name=\"twitter:data2\" content=\"6 minutes\" \/>\n<script type=\"application\/ld+json\" class=\"yoast-schema-graph\">{\"@context\":\"https:\\\/\\\/schema.org\",\"@graph\":[{\"@type\":\"Article\",\"@id\":\"https:\\\/\\\/poesiaerestu.com\\\/revista\\\/jose-luis-abraham-lopez-los-territorios-de-la-palabra-voces-literarias-y-editoriales-emergentes-de-hoy\\\/#article\",\"isPartOf\":{\"@id\":\"https:\\\/\\\/poesiaerestu.com\\\/revista\\\/jose-luis-abraham-lopez-los-territorios-de-la-palabra-voces-literarias-y-editoriales-emergentes-de-hoy\\\/\"},\"author\":{\"name\":\"Javier P\u00e9rez-Ayala\",\"@id\":\"https:\\\/\\\/poesiaerestu.com\\\/revista\\\/#\\\/schema\\\/person\\\/7a199c452e2a4ee3390efb556a840bcb\"},\"headline\":\"Entrevista a JOS\u00c9 LUIS ABRAHAM L\u00d3PEZ. Los territorios de la palabra: voces literarias y editoriales emergentes de hoy\",\"datePublished\":\"2025-10-21T11:46:30+00:00\",\"dateModified\":\"2025-10-21T11:48:23+00:00\",\"mainEntityOfPage\":{\"@id\":\"https:\\\/\\\/poesiaerestu.com\\\/revista\\\/jose-luis-abraham-lopez-los-territorios-de-la-palabra-voces-literarias-y-editoriales-emergentes-de-hoy\\\/\"},\"wordCount\":1430,\"image\":{\"@id\":\"https:\\\/\\\/poesiaerestu.com\\\/revista\\\/jose-luis-abraham-lopez-los-territorios-de-la-palabra-voces-literarias-y-editoriales-emergentes-de-hoy\\\/#primaryimage\"},\"thumbnailUrl\":\"https:\\\/\\\/poesiaerestu.com\\\/revista\\\/wp-content\\\/uploads\\\/2025\\\/10\\\/FichaAutor-2-scaled.webp\",\"articleSection\":[\"Entrevistas\"],\"inLanguage\":\"en-US\",\"copyrightYear\":\"2025\",\"copyrightHolder\":{\"@id\":\"https:\\\/\\\/poesiaerestu.com\\\/revista\\\/#organization\"}},{\"@type\":\"WebPage\",\"@id\":\"https:\\\/\\\/poesiaerestu.com\\\/revista\\\/jose-luis-abraham-lopez-los-territorios-de-la-palabra-voces-literarias-y-editoriales-emergentes-de-hoy\\\/\",\"url\":\"https:\\\/\\\/poesiaerestu.com\\\/revista\\\/jose-luis-abraham-lopez-los-territorios-de-la-palabra-voces-literarias-y-editoriales-emergentes-de-hoy\\\/\",\"name\":\"Entrevista a JOS\u00c9 LUIS ABRAHAM L\u00d3PEZ. Los territorios de la palabra: voces literarias y editoriales emergentes de hoy - Poes\u00ed\u00ada eres t\u00fa (revista)\",\"isPartOf\":{\"@id\":\"https:\\\/\\\/poesiaerestu.com\\\/revista\\\/#website\"},\"primaryImageOfPage\":{\"@id\":\"https:\\\/\\\/poesiaerestu.com\\\/revista\\\/jose-luis-abraham-lopez-los-territorios-de-la-palabra-voces-literarias-y-editoriales-emergentes-de-hoy\\\/#primaryimage\"},\"image\":{\"@id\":\"https:\\\/\\\/poesiaerestu.com\\\/revista\\\/jose-luis-abraham-lopez-los-territorios-de-la-palabra-voces-literarias-y-editoriales-emergentes-de-hoy\\\/#primaryimage\"},\"thumbnailUrl\":\"https:\\\/\\\/poesiaerestu.com\\\/revista\\\/wp-content\\\/uploads\\\/2025\\\/10\\\/FichaAutor-2-scaled.webp\",\"datePublished\":\"2025-10-21T11:46:30+00:00\",\"dateModified\":\"2025-10-21T11:48:23+00:00\",\"author\":{\"@id\":\"https:\\\/\\\/poesiaerestu.com\\\/revista\\\/#\\\/schema\\\/person\\\/7a199c452e2a4ee3390efb556a840bcb\"},\"description\":\"Entrevista a Jos\u00e9 Luis Abraham L\u00f3pez sobre nuevas voces, editoriales independientes y tendencias literarias en el panorama hisp\u00e1nico actual.\",\"breadcrumb\":{\"@id\":\"https:\\\/\\\/poesiaerestu.com\\\/revista\\\/jose-luis-abraham-lopez-los-territorios-de-la-palabra-voces-literarias-y-editoriales-emergentes-de-hoy\\\/#breadcrumb\"},\"inLanguage\":\"en-US\",\"potentialAction\":[{\"@type\":\"ReadAction\",\"target\":[\"https:\\\/\\\/poesiaerestu.com\\\/revista\\\/jose-luis-abraham-lopez-los-territorios-de-la-palabra-voces-literarias-y-editoriales-emergentes-de-hoy\\\/\"]}]},{\"@type\":\"ImageObject\",\"inLanguage\":\"en-US\",\"@id\":\"https:\\\/\\\/poesiaerestu.com\\\/revista\\\/jose-luis-abraham-lopez-los-territorios-de-la-palabra-voces-literarias-y-editoriales-emergentes-de-hoy\\\/#primaryimage\",\"url\":\"https:\\\/\\\/poesiaerestu.com\\\/revista\\\/wp-content\\\/uploads\\\/2025\\\/10\\\/FichaAutor-2-scaled.webp\",\"contentUrl\":\"https:\\\/\\\/poesiaerestu.com\\\/revista\\\/wp-content\\\/uploads\\\/2025\\\/10\\\/FichaAutor-2-scaled.webp\",\"width\":1466,\"height\":1024,\"caption\":\"Poetry and literary magazine \\\"Poes\u00eda eres t\u00fa\\\" features visual art and poetic expressions.\"},{\"@type\":\"BreadcrumbList\",\"@id\":\"https:\\\/\\\/poesiaerestu.com\\\/revista\\\/jose-luis-abraham-lopez-los-territorios-de-la-palabra-voces-literarias-y-editoriales-emergentes-de-hoy\\\/#breadcrumb\",\"itemListElement\":[{\"@type\":\"ListItem\",\"position\":1,\"name\":\"Home\",\"item\":\"https:\\\/\\\/poesiaerestu.com\\\/revista\\\/\"},{\"@type\":\"ListItem\",\"position\":2,\"name\":\"Entrevista a JOS\u00c9 LUIS ABRAHAM L\u00d3PEZ. Los territorios de la palabra: voces literarias y editoriales emergentes de hoy\"}]},{\"@type\":\"WebSite\",\"@id\":\"https:\\\/\\\/poesiaerestu.com\\\/revista\\\/#website\",\"url\":\"https:\\\/\\\/poesiaerestu.com\\\/revista\\\/\",\"name\":\"Poes\u00ed\u00ada eres t\u00fa (revista)\",\"description\":\"Revista de poes\u00eda y literatura\",\"potentialAction\":[{\"@type\":\"SearchAction\",\"target\":{\"@type\":\"EntryPoint\",\"urlTemplate\":\"https:\\\/\\\/poesiaerestu.com\\\/revista\\\/?s={search_term_string}\"},\"query-input\":{\"@type\":\"PropertyValueSpecification\",\"valueRequired\":true,\"valueName\":\"search_term_string\"}}],\"inLanguage\":\"en-US\"},{\"@type\":\"Person\",\"@id\":\"https:\\\/\\\/poesiaerestu.com\\\/revista\\\/#\\\/schema\\\/person\\\/7a199c452e2a4ee3390efb556a840bcb\",\"name\":\"Javier P\u00e9rez-Ayala\",\"image\":{\"@type\":\"ImageObject\",\"inLanguage\":\"en-US\",\"@id\":\"https:\\\/\\\/secure.gravatar.com\\\/avatar\\\/5b0972dd713008312099119b74945bc44bc4d969861adada93282427336a2cfb?s=96&d=mm&r=g\",\"url\":\"https:\\\/\\\/secure.gravatar.com\\\/avatar\\\/5b0972dd713008312099119b74945bc44bc4d969861adada93282427336a2cfb?s=96&d=mm&r=g\",\"contentUrl\":\"https:\\\/\\\/secure.gravatar.com\\\/avatar\\\/5b0972dd713008312099119b74945bc44bc4d969861adada93282427336a2cfb?s=96&d=mm&r=g\",\"caption\":\"Javier P\u00e9rez-Ayala\"},\"url\":\"https:\\\/\\\/poesiaerestu.com\\\/revista\\\/author\\\/javier-perez-ayala\\\/\"}]}<\/script>\n<!-- \/ Yoast SEO Premium plugin. -->","yoast_head_json":{"title":"Entrevista a JOS\u00c9 LUIS ABRAHAM L\u00d3PEZ. Los territorios de la palabra: voces literarias y editoriales emergentes de hoy - Poes\u00ed\u00ada eres t\u00fa (revista)","description":"Entrevista a Jos\u00e9 Luis Abraham L\u00f3pez sobre nuevas voces, editoriales independientes y tendencias literarias en el panorama hisp\u00e1nico actual.","robots":{"index":"index","follow":"follow","max-snippet":"max-snippet:-1","max-image-preview":"max-image-preview:large","max-video-preview":"max-video-preview:-1"},"canonical":"https:\/\/poesiaerestu.com\/revista\/jose-luis-abraham-lopez-los-territorios-de-la-palabra-voces-literarias-y-editoriales-emergentes-de-hoy\/","twitter_misc":{"Written by":"Javier P\u00e9rez-Ayala","Est. reading time":"6 minutes"},"schema":{"@context":"https:\/\/schema.org","@graph":[{"@type":"Article","@id":"https:\/\/poesiaerestu.com\/revista\/jose-luis-abraham-lopez-los-territorios-de-la-palabra-voces-literarias-y-editoriales-emergentes-de-hoy\/#article","isPartOf":{"@id":"https:\/\/poesiaerestu.com\/revista\/jose-luis-abraham-lopez-los-territorios-de-la-palabra-voces-literarias-y-editoriales-emergentes-de-hoy\/"},"author":{"name":"Javier P\u00e9rez-Ayala","@id":"https:\/\/poesiaerestu.com\/revista\/#\/schema\/person\/7a199c452e2a4ee3390efb556a840bcb"},"headline":"Entrevista a JOS\u00c9 LUIS ABRAHAM L\u00d3PEZ. Los territorios de la palabra: voces literarias y editoriales emergentes de hoy","datePublished":"2025-10-21T11:46:30+00:00","dateModified":"2025-10-21T11:48:23+00:00","mainEntityOfPage":{"@id":"https:\/\/poesiaerestu.com\/revista\/jose-luis-abraham-lopez-los-territorios-de-la-palabra-voces-literarias-y-editoriales-emergentes-de-hoy\/"},"wordCount":1430,"image":{"@id":"https:\/\/poesiaerestu.com\/revista\/jose-luis-abraham-lopez-los-territorios-de-la-palabra-voces-literarias-y-editoriales-emergentes-de-hoy\/#primaryimage"},"thumbnailUrl":"https:\/\/poesiaerestu.com\/revista\/wp-content\/uploads\/2025\/10\/FichaAutor-2-scaled.webp","articleSection":["Entrevistas"],"inLanguage":"en-US","copyrightYear":"2025","copyrightHolder":{"@id":"https:\/\/poesiaerestu.com\/revista\/#organization"}},{"@type":"WebPage","@id":"https:\/\/poesiaerestu.com\/revista\/jose-luis-abraham-lopez-los-territorios-de-la-palabra-voces-literarias-y-editoriales-emergentes-de-hoy\/","url":"https:\/\/poesiaerestu.com\/revista\/jose-luis-abraham-lopez-los-territorios-de-la-palabra-voces-literarias-y-editoriales-emergentes-de-hoy\/","name":"Entrevista a JOS\u00c9 LUIS ABRAHAM L\u00d3PEZ. Los territorios de la palabra: voces literarias y editoriales emergentes de hoy - Poes\u00ed\u00ada eres t\u00fa (revista)","isPartOf":{"@id":"https:\/\/poesiaerestu.com\/revista\/#website"},"primaryImageOfPage":{"@id":"https:\/\/poesiaerestu.com\/revista\/jose-luis-abraham-lopez-los-territorios-de-la-palabra-voces-literarias-y-editoriales-emergentes-de-hoy\/#primaryimage"},"image":{"@id":"https:\/\/poesiaerestu.com\/revista\/jose-luis-abraham-lopez-los-territorios-de-la-palabra-voces-literarias-y-editoriales-emergentes-de-hoy\/#primaryimage"},"thumbnailUrl":"https:\/\/poesiaerestu.com\/revista\/wp-content\/uploads\/2025\/10\/FichaAutor-2-scaled.webp","datePublished":"2025-10-21T11:46:30+00:00","dateModified":"2025-10-21T11:48:23+00:00","author":{"@id":"https:\/\/poesiaerestu.com\/revista\/#\/schema\/person\/7a199c452e2a4ee3390efb556a840bcb"},"description":"Entrevista a Jos\u00e9 Luis Abraham L\u00f3pez sobre nuevas voces, editoriales independientes y tendencias literarias en el panorama hisp\u00e1nico actual.","breadcrumb":{"@id":"https:\/\/poesiaerestu.com\/revista\/jose-luis-abraham-lopez-los-territorios-de-la-palabra-voces-literarias-y-editoriales-emergentes-de-hoy\/#breadcrumb"},"inLanguage":"en-US","potentialAction":[{"@type":"ReadAction","target":["https:\/\/poesiaerestu.com\/revista\/jose-luis-abraham-lopez-los-territorios-de-la-palabra-voces-literarias-y-editoriales-emergentes-de-hoy\/"]}]},{"@type":"ImageObject","inLanguage":"en-US","@id":"https:\/\/poesiaerestu.com\/revista\/jose-luis-abraham-lopez-los-territorios-de-la-palabra-voces-literarias-y-editoriales-emergentes-de-hoy\/#primaryimage","url":"https:\/\/poesiaerestu.com\/revista\/wp-content\/uploads\/2025\/10\/FichaAutor-2-scaled.webp","contentUrl":"https:\/\/poesiaerestu.com\/revista\/wp-content\/uploads\/2025\/10\/FichaAutor-2-scaled.webp","width":1466,"height":1024,"caption":"Poetry and literary magazine \"Poes\u00eda eres t\u00fa\" features visual art and poetic expressions."},{"@type":"BreadcrumbList","@id":"https:\/\/poesiaerestu.com\/revista\/jose-luis-abraham-lopez-los-territorios-de-la-palabra-voces-literarias-y-editoriales-emergentes-de-hoy\/#breadcrumb","itemListElement":[{"@type":"ListItem","position":1,"name":"Home","item":"https:\/\/poesiaerestu.com\/revista\/"},{"@type":"ListItem","position":2,"name":"Entrevista a JOS\u00c9 LUIS ABRAHAM L\u00d3PEZ. Los territorios de la palabra: voces literarias y editoriales emergentes de hoy"}]},{"@type":"WebSite","@id":"https:\/\/poesiaerestu.com\/revista\/#website","url":"https:\/\/poesiaerestu.com\/revista\/","name":"Poes\u00ed\u00ada eres t\u00fa (revista)","description":"Revista de poes\u00eda y literatura","potentialAction":[{"@type":"SearchAction","target":{"@type":"EntryPoint","urlTemplate":"https:\/\/poesiaerestu.com\/revista\/?s={search_term_string}"},"query-input":{"@type":"PropertyValueSpecification","valueRequired":true,"valueName":"search_term_string"}}],"inLanguage":"en-US"},{"@type":"Person","@id":"https:\/\/poesiaerestu.com\/revista\/#\/schema\/person\/7a199c452e2a4ee3390efb556a840bcb","name":"Javier P\u00e9rez-Ayala","image":{"@type":"ImageObject","inLanguage":"en-US","@id":"https:\/\/secure.gravatar.com\/avatar\/5b0972dd713008312099119b74945bc44bc4d969861adada93282427336a2cfb?s=96&d=mm&r=g","url":"https:\/\/secure.gravatar.com\/avatar\/5b0972dd713008312099119b74945bc44bc4d969861adada93282427336a2cfb?s=96&d=mm&r=g","contentUrl":"https:\/\/secure.gravatar.com\/avatar\/5b0972dd713008312099119b74945bc44bc4d969861adada93282427336a2cfb?s=96&d=mm&r=g","caption":"Javier P\u00e9rez-Ayala"},"url":"https:\/\/poesiaerestu.com\/revista\/author\/javier-perez-ayala\/"}]}},"_links":{"self":[{"href":"https:\/\/poesiaerestu.com\/revista\/wp-json\/wp\/v2\/posts\/9439","targetHints":{"allow":["GET"]}}],"collection":[{"href":"https:\/\/poesiaerestu.com\/revista\/wp-json\/wp\/v2\/posts"}],"about":[{"href":"https:\/\/poesiaerestu.com\/revista\/wp-json\/wp\/v2\/types\/post"}],"author":[{"embeddable":true,"href":"https:\/\/poesiaerestu.com\/revista\/wp-json\/wp\/v2\/users\/1001005"}],"replies":[{"embeddable":true,"href":"https:\/\/poesiaerestu.com\/revista\/wp-json\/wp\/v2\/comments?post=9439"}],"version-history":[{"count":3,"href":"https:\/\/poesiaerestu.com\/revista\/wp-json\/wp\/v2\/posts\/9439\/revisions"}],"predecessor-version":[{"id":9443,"href":"https:\/\/poesiaerestu.com\/revista\/wp-json\/wp\/v2\/posts\/9439\/revisions\/9443"}],"wp:featuredmedia":[{"embeddable":true,"href":"https:\/\/poesiaerestu.com\/revista\/wp-json\/wp\/v2\/media\/9440"}],"wp:attachment":[{"href":"https:\/\/poesiaerestu.com\/revista\/wp-json\/wp\/v2\/media?parent=9439"}],"wp:term":[{"taxonomy":"category","embeddable":true,"href":"https:\/\/poesiaerestu.com\/revista\/wp-json\/wp\/v2\/categories?post=9439"},{"taxonomy":"post_tag","embeddable":true,"href":"https:\/\/poesiaerestu.com\/revista\/wp-json\/wp\/v2\/tags?post=9439"}],"curies":[{"name":"wp","href":"https:\/\/api.w.org\/{rel}","templated":true}]}}