{"id":9434,"date":"2025-10-21T13:34:17","date_gmt":"2025-10-21T11:34:17","guid":{"rendered":"https:\/\/poesiaerestu.com\/revista\/?p=9434"},"modified":"2025-10-21T13:34:17","modified_gmt":"2025-10-21T11:34:17","slug":"entrevista-a-antonio-berlanga-pino-libro-de-romances-en-homenaje-a-federico-garcia-lorca","status":"publish","type":"post","link":"https:\/\/poesiaerestu.com\/revista\/entrevista-a-antonio-berlanga-pino-libro-de-romances-en-homenaje-a-federico-garcia-lorca\/","title":{"rendered":"ENTREVISTA A ANTONIO BERLANGA PINO. Libro de Romances (En homenaje a Federico Garc\u00eda Lorca)"},"content":{"rendered":"<p><strong>ENTREVISTA A ANTONIO BERLANGA PINO<\/strong><\/p>\n<p>Con motivo de la publicaci\u00f3n de <em>Libro de Romances<\/em> (En homenaje a Federico Garc\u00eda Lorca)<\/p>\n<p><strong><img data-dominant-color=\"efebe2\" data-has-transparency=\"true\" style=\"--dominant-color: #efebe2;\" loading=\"lazy\" decoding=\"async\" class=\"aligncenter size-full wp-image-9435 has-transparency\" src=\"https:\/\/poesiaerestu.com\/revista\/wp-content\/uploads\/2025\/10\/FichaAutor-1-scaled.webp\" alt=\"\" width=\"2560\" height=\"1803\" srcset=\"https:\/\/poesiaerestu.com\/revista\/wp-content\/uploads\/2025\/10\/FichaAutor-1-scaled.webp 1454w, https:\/\/poesiaerestu.com\/revista\/wp-content\/uploads\/2025\/10\/FichaAutor-1-scaled-300x211.webp 300w, https:\/\/poesiaerestu.com\/revista\/wp-content\/uploads\/2025\/10\/FichaAutor-1-scaled-1024x721.webp 1024w, https:\/\/poesiaerestu.com\/revista\/wp-content\/uploads\/2025\/10\/FichaAutor-1-scaled-600x423.webp 600w, https:\/\/poesiaerestu.com\/revista\/wp-content\/uploads\/2025\/10\/FichaAutor-1-scaled-768x541.webp 768w, https:\/\/poesiaerestu.com\/revista\/wp-content\/uploads\/2025\/10\/FichaAutor-1-scaled-85x60.webp 85w\" sizes=\"auto, (max-width: 2560px) 100vw, 2560px\" \/><\/strong><\/p>\n<ol>\n<li><strong>Antonio, este es su vigesimosexto libro publicado. \u00bfPor qu\u00e9 ha decidido volver al romance precisamente ahora, cuando la poes\u00eda contempor\u00e1nea parece alejarse de las formas m\u00e9tricas tradicionales?<\/strong><\/li>\n<\/ol>\n<p>Porque entiendo la poes\u00eda como un ente vivo, capaz de manifestarse en todas sus formas, capaz de sobrevolar sobre el propio tiempo, pero sin una ruptura de pleno con este factor temporal que, como sabemos, es condici\u00f3n necesaria para todo ejercicio po\u00e9tico; se da pues todo el protagonismo a lo que se quiere comunicar y expresar, a\u00fan as\u00ed este romancero no deja de ser, por otro lado, y en buena parte, materia tem\u00e1tica de esta \u00e9poca.<\/p>\n<ol start=\"2\">\n<li><strong>En su nota preliminar afirma que el romance constituye &#8220;la pura m\u00e9dula expresionista de la poes\u00eda&#8221;, citando a Garc\u00eda Lorca. \u00bfQu\u00e9 descubre el romance que otras formas po\u00e9ticas no logran capturar? \u00bfQu\u00e9 tiene ese octos\u00edlabo asonantado que sigue resonando despu\u00e9s de siglos?<\/strong><\/li>\n<\/ol>\n<p>El romance transmite una vibraci\u00f3n musical muy viva, muy palpable, directa, bien concatenada, y este milagro se obra, precisamente, a trav\u00e9s de su pobre desnudez instrumental, es decir que con pocos medios se logra mucho, pues se pone todo el \u00edmpetu en que esa saeta emocional se clave en el mismo coraz\u00f3n del oyente o lector, por eso es la forma m\u00e1s adecuada para el canto y la oralidad de la poes\u00eda. Por darle un ejemplo: el soneto, con toda su carga instrumental y todo su ornamento barroco no alcanza estos varemos emocionales ni siquiera musicales, ya que su acrecentado tecnicismo ahoga su propio sentido de transmisi\u00f3n; en cambio ese octos\u00edlabo asonantado del romance fluye sin alharaca ni perla, s\u00f3lo con el viv\u00edsimo esplendor que sale de la llama intuitiva.<\/p>\n<ol start=\"3\">\n<li><strong>El poemario aborda realidades contempor\u00e1neas \u2014transexualidad, violencia de g\u00e9nero, homosexualidad\u2014 utilizando una forma m\u00e9trica centenaria. \u00bfC\u00f3mo logra ese equilibrio entre tradici\u00f3n formal y actualizaci\u00f3n tem\u00e1tica sin que el romance parezca disfraz anacr\u00f3nico?<\/strong><\/li>\n<\/ol>\n<p>Aqu\u00ed pienso que la tem\u00e1tica es una cosa y el molde con qu\u00e9 se comunica es otra, aunque no est\u00e1n disociadas. Se podr\u00eda asemejar esto a un p\u00e1jaro que en cada paisaje tiene unas alas distintas, y ese anacronismo de origen se va modulando y matizando sobre la marcha para convertir lo que es viejo en radiante actualidad. Supone de alg\u00fan modo la renovaci\u00f3n o incluso actualizaci\u00f3n de este metro, y por tanto ese \u201cdisfraz anacr\u00f3nico\u201d se neutraliza en parte para lograr, como bien dice usted, ese equilibrio necesario donde ambas piezas no se eclipsen mutuamente, sino que se complementen.<\/p>\n<ol start=\"4\">\n<li><strong>Los Romances de la Guerra y Posguerra Civil constituyen una secci\u00f3n particularmente potente: Blas Infante, Garc\u00eda Lorca, la Desband\u00e1 de M\u00e1laga, los fusilamientos en \u00c1lora. \u00bfQu\u00e9 responsabilidad siente al convertir memoria hist\u00f3rica en materia po\u00e9tica? \u00bfC\u00f3mo se equilibra rigor documental con libertad creativa?<\/strong><\/li>\n<\/ol>\n<p>Creo que este es el nudo gordiano de la entrevista. Le puedo decir que llevo tiempo atr\u00e1s rumiando en mi interior la posibilidad de convertir estos acontecimientos tr\u00e1gicos en materia l\u00edrica, y, sin vanagloria ninguna, creo que mi creaci\u00f3n en este campo ha superado mis expectativas. Quiero dejar claro que no es oportunismo a trav\u00e9s de una instrumentalizaci\u00f3n pol\u00edtica del arte, ni mucho menos. Pretendo quiz\u00e1s en este bloque una visi\u00f3n historicista o historiada dentro de lo que conocemos como \u201carte humanizado\u201d donde la poes\u00eda obtenga una reinterpretaci\u00f3n de conjunto en distintos planos sociales, pero sin abstraccionismo pol\u00edtico propio; la tendencia hoy es la opuesta, pues se cae demasiado en el individualismo y en el acontecer cotidiano de cada historia propia; por ello reconstruyo desde mi imaginaci\u00f3n e intuici\u00f3n esa arquitectura de im\u00e1genes que rompen a veces el plano real, im\u00e1genes tantas veces ocultas en \u00e9pocas pasadas e incluso en esta. Pero esta imaginer\u00eda dram\u00e1tica debe dejar constancia de su praxis documental. Todo ello lo resumo con la frase: \u201csensibilidad en carne viva desde la memoria\u201d.<\/p>\n<ol start=\"5\">\n<li><strong>Reconoce expl\u00edcitamente la influencia lorquiana, pero aclara que no busca hacer &#8220;una versi\u00f3n de los romances gitanos del gran Federico&#8221;. \u00bfCu\u00e1l es la frontera entre homenaje y subordinaci\u00f3n? \u00bfC\u00f3mo construye voz propia orbitando en el universo gravitatorio de Lorca?<\/strong><\/li>\n<\/ol>\n<p>En este punto hay que dejar claro que Lorca, como poeta poderos\u00edsimo que a\u00fana inteligencia extrema, sensibilidad m\u00e1xima y acertada precisi\u00f3n, consigui\u00f3 llevar el neo-popularismo en poes\u00eda hasta las mismas puertas de la vanguardia; con esa extra\u00f1a simbiosis acapar\u00f3 un terreno extens\u00edsimo y arrastr\u00f3 en ese viaje materiales l\u00edricos que hoy podr\u00edamos llamar \u201caltamente gen\u00e9ricos\u201d o lo que es lo mismo de \u201cpatente lorquiana\u201d con lo cual cualquier poeta de hoy que haga poes\u00eda formal tendr\u00e1 necesariamente que pasar por ese universo lorquiano, y no lo digo tanto por los cl\u00e1sicos sino por los de cu\u00f1o moderno, aunque su deseo sea alejarse de \u00e9l, y es porque esa sombra es imperecedera. En mi caso no es tanto por el estilismo, que tambi\u00e9n en cierto modo, porque imitar o versionar a Federico es casi imposible; mi componenda lorquiana en cuanto a esa influencia es m\u00e1s por tem\u00e1tica o g\u00e9nero que por estilo, y eso me lleva, indudablemente, a \u00e9l, pero esa supuesta subordinaci\u00f3n en origen se va volviendo relaci\u00f3n, di\u00e1logo, encuentro, punto de apoyo en parecidas coordenadas geogr\u00e1ficas. Creo que a eso atiende esa frontera entre subordinaci\u00f3n y homenaje. En cuanto a mi voz propia dentro de ese universo gravitatorio, tiene f\u00e1cil respuesta: la m\u00eda est\u00e1 m\u00e1s enraizada en la l\u00f3gica po\u00e9tica, es m\u00e1s directa, m\u00e1s desnuda, m\u00e1s propensa a cristalizar, e incluso dir\u00eda que es ingenua en su catequesis l\u00edrica, y por tanto no posee ese gran motor de sinestesia y ese poder de absorci\u00f3n s\u00edquica que solo les he dado a los genios, pero esto no quiere decir que mi obra no pueda competir en un mercado literario, sino todo lo contrario.<\/p>\n<ol start=\"6\">\n<li><strong>Habla de la dificultad de mantener equilibrio entre &#8220;plasmaci\u00f3n narrativa y la l\u00edrica o puramente po\u00e9tica&#8221; para que el poema no se vuelva &#8220;simplemente relato, cuento o narraci\u00f3n&#8221;. \u00bfQu\u00e9 estrategias t\u00e9cnicas emplea para preservar intensidad l\u00edrica sin sacrificar el car\u00e1cter narrativo inherente al romance?<\/strong><\/li>\n<\/ol>\n<p>En este aspecto hay que volver de nuevo a Lorca para entender el cambio que se produce en el romance moderno, aunque incluso habr\u00eda que remontarse ya a G\u00f3ngora, verdadero gestor de este cambio, para entablar mejor esta teor\u00eda. Lorca planteaba convertir el romance tradicional, generalmente plasmado como narraci\u00f3n, pero con todos los atributos de poema, en romance l\u00edrico, pero siguiendo esa pauta narrativa para que este no pierda su esencia, y lo logr\u00f3 magistralmente con su popular\u00edsimo Romancero Gitano, a pesar de que ello lo encasillar\u00eda en un roll que no deseaba. Con mi Libro de Romances me planteo el mismo dilema. Para ello me propongo armonizar cada faceta literaria con el fin de que el poema resulte din\u00e1mico, y esa cierta monoton\u00eda (propia de este g\u00e9nero) no resulte carga sino componente natural. Por ello es preciso que los diferentes m\u00f3dulos creativos intervengan y se posicionen en el momento adecuado. Narraci\u00f3n, documentaci\u00f3n, variabilidad l\u00edrica y musical, di\u00e1logos, coberturas teatrales, van encajando como piezas de una misma maquinaria, consiguiendo que esa arquitectura poem\u00e1tica se mueva o se eleve hasta alcanzar niveles de creaci\u00f3n art\u00edstica.<\/p>\n<ol start=\"7\">\n<li><strong>Andaluc\u00eda \u2014M\u00e1laga, Granada, Sevilla, \u00c1lora\u2014 funciona como geograf\u00eda constante del poemario. \u00bfEs el romance inherentemente andaluz o simplemente la tradici\u00f3n lorquiana ha marcado tanto el g\u00e9nero que ya no se concibe fuera de esa territorialidad? \u00bfPodr\u00eda haber romances manchegos o gallegos con la misma resonancia?<\/strong><\/li>\n<\/ol>\n<p>Pienso que no, que no tiene porqu\u00e9 ser el romance inherentemente andaluz. Hay territorios que tambi\u00e9n juegan un papel importante en este g\u00e9nero como es Castilla y Le\u00f3n, pero puede haber piezas destacables o pudiera haberlas en la literatura galaico-portuguesa, en la catalana o la vasca. Lo que pasa es que volvemos a lo mismo, y es que Lorca, situado en una categor\u00eda social y cultural de \u00e9lite, en pleno siglo XX renov\u00f3 e incluso revolucion\u00f3 el g\u00e9nero pero sin perder sus caracter\u00edsticas populares que favorecen tanto su propagaci\u00f3n, y esto lo hace, sin duda, influenciado por su geograf\u00eda de origen, de hecho llam\u00f3 a su romancero \u201cpoema de Andaluc\u00eda\u201d una especie de \u201cretablo andaluz\u201d por lo tanto de marcado tinte nacionalista y por ello, precisamente, hunde sus ra\u00edces en civilizaciones antiguas que marcaron este territorio. Aunque tengo que decir al respecto que la geograf\u00eda marca tu prurito art\u00edstico, pero no lo define totalmente, porque yo podr\u00eda construir romances dentro de un territorio situado fuera de nuestras fronteras; de hecho, la pena, el dolor, o el dramatismo en mi romancero son un trasfondo humano trasladado a un plano universal. Pero al margen de Lorca, no cabe duda de que Andaluc\u00eda es una gran potencia en este registro; aqu\u00ed se recrean y nacen unas de las mejores piezas romancistas de la historia, muchas de ellas en el periodo de guerras fronterizas entre musulmanes y cristianos; de estas una se recrea aqu\u00ed en \u00c1lora, mi ciudad natal \u201c\u00c1lora la Bien Cercada\u201d donde cae muerto D. Pedro de Rivera \u201cAdelantado de Andaluc\u00eda\u201d en una de sus incursiones.<\/p>\n<ol start=\"8\">\n<li><strong>Vivimos en la era de la inmediatez digital, el verso libre predomina en redes sociales, la poes\u00eda breve y confesional arrasa en ventas. \u00bfQu\u00e9 papel puede cumplir el romance en este panorama? \u00bfPara qu\u00e9 p\u00fablicos escribe cuando elige una forma que exige cierta educaci\u00f3n literaria para apreciarla plenamente?<\/strong><\/li>\n<\/ol>\n<p>Con esta pregunta da usted en la diana, y le respondo diciendo que es verdad que esta \u201cdemocratizaci\u00f3n de la cultura y el arte\u201d y en concreto de la poes\u00eda, perdiendo en cierto modo su exigencia y su aspecto can\u00f3nico, resulta positivo porque da un amplio margen de creaci\u00f3n y de ejercitaci\u00f3n, pero tambi\u00e9n esto repercute en la calidad; esto es evoluci\u00f3n l\u00f3gicamente, y las redes sociales prestan, en este sentido, un papel importante. El romance, m\u00e1s que cumplir un papel, se adapta a estos par\u00e1metros de entender la literatura de hoy y ello pasa por la digitalizaci\u00f3n; de hecho su tarea es comunicar y transmitir sea en el medio que sea y a qui\u00e9n sea; por eso el romance moderno, donde se encauza mi libro, no tiene dirimidas sus fronteras sociol\u00f3gicas y esto es por su amplitud y diversidad, pues est\u00e1n escritos para todos: eruditos, cr\u00edticos literarios, profesores, masa de lectores en general, y cualquier persona, sea cual sea su filiaci\u00f3n social, religiosa, sexual, pol\u00edtica, o sea cual sea su etnia.<\/p>\n<ol start=\"9\">\n<li><strong>Varios romances \u2014&#8221;Romance del Transexual Femenino&#8221;, &#8220;Romance de los Dos Homosexuales Apaleados&#8221;\u2014 abordan identidades LGBTQ+ con dignidad y sin victimizaci\u00f3n. \u00bfCree que la poes\u00eda tiene obligaci\u00f3n \u00e9tica de documentar realidades marginadas? \u00bfO simplemente toda experiencia humana merece ser cantada?<\/strong><\/li>\n<\/ol>\n<p>Pienso que la poes\u00eda, entre otras funciones, debe cumplir una funci\u00f3n social; que esta se nos aparezca humana, en carne y hueso, como se dir\u00eda al modo lorquiano, pues no me veo en los postulados de los llamados \u201cpoetas en su torre de marfil\u201d. La humanizaci\u00f3n del arte debe tener un reflejo en la m\u00e9dula l\u00edrica de todo poeta para que nuestra condici\u00f3n aventajada no sea indiferente con ning\u00fan estrato marginal que forma parte leg\u00edtima de la sociedad, pero esto se alude y se canta sin victimizaci\u00f3n, como bien dice usted, poniendo la atenci\u00f3n en la dignidad de todo ser humano.<\/p>\n<ol start=\"10\">\n<li><strong>Al final de su nota dice que espera no dejar &#8220;indiferente a los amantes de la poes\u00eda, ahorr\u00e1ndoles ese bostezo de hipop\u00f3tamo&#8221;. \u00bfQu\u00e9 es lo que realmente busca provocar en sus lectores? \u00bfQu\u00e9 ser\u00eda para usted el \u00e9xito de este libro: reconocimiento cr\u00edtico, ventas, pervivencia en el tiempo, simplemente haber honrado la tradici\u00f3n?<\/strong><\/li>\n<\/ol>\n<p>Quiero hacer una llamada de atenci\u00f3n a la realidad que somos como g\u00e9nero humano, con todas sus adversidades y contratiempos, pero sin provocar demasiada controversia o desaz\u00f3n. En cuanto al \u00e9xito del libro, no tengo claro lo que ser\u00eda, creo que todo lo que usted nombra a la vez, aunque todo no se puede tener; de todos modos, y sea cual sea su resultado, pienso que el \u00e9xito est\u00e1 alcanzado con el simple hecho de haberlo escrito. Quiero para finalizar darle las gracias por su entrevista y su cuestionario de preguntas tan enriquecedoras e interesantes.<\/p>\n","protected":false},"excerpt":{"rendered":"<p>Entrevista a Antonio Berlanga Pino sobre \u201cLibro de Romances\u201d, homenaje a Lorca: tradici\u00f3n m\u00e9trica y temas actuales como memoria, diversidad y Andaluc\u00eda.<\/p>\n","protected":false},"author":1001006,"featured_media":9435,"comment_status":"closed","ping_status":"closed","sticky":false,"template":"","format":"standard","meta":{"footnotes":"","_links_to":"","_links_to_target":""},"categories":[4],"tags":[],"class_list":["post-9434","post","type-post","status-publish","format-standard","has-post-thumbnail","hentry","category-entrevistas"],"yoast_head":"<!-- This site is optimized with the Yoast SEO Premium plugin v24.7 (Yoast SEO v27.4) - https:\/\/yoast.com\/product\/yoast-seo-premium-wordpress\/ -->\n<title>ENTREVISTA A ANTONIO BERLANGA PINO. Libro de Romances (En homenaje a Federico Garc\u00eda Lorca) - Poes\u00ed\u00ada eres t\u00fa (revista)<\/title>\n<meta name=\"description\" content=\"Entrevista a Antonio Berlanga Pino sobre \u201cLibro de Romances\u201d, homenaje a Lorca: tradici\u00f3n m\u00e9trica y temas actuales como memoria, diversidad y Andaluc\u00eda.\" \/>\n<meta name=\"robots\" content=\"index, follow, max-snippet:-1, max-image-preview:large, max-video-preview:-1\" \/>\n<link rel=\"canonical\" href=\"https:\/\/poesiaerestu.com\/revista\/entrevista-a-antonio-berlanga-pino-libro-de-romances-en-homenaje-a-federico-garcia-lorca\/\" \/>\n<meta name=\"twitter:label1\" content=\"Written by\" \/>\n\t<meta name=\"twitter:data1\" content=\"Ana Mar\u00eda Olivares\" \/>\n\t<meta name=\"twitter:label2\" content=\"Est. reading time\" \/>\n\t<meta name=\"twitter:data2\" content=\"10 minutes\" \/>\n<script type=\"application\/ld+json\" class=\"yoast-schema-graph\">{\"@context\":\"https:\\\/\\\/schema.org\",\"@graph\":[{\"@type\":\"Article\",\"@id\":\"https:\\\/\\\/poesiaerestu.com\\\/revista\\\/entrevista-a-antonio-berlanga-pino-libro-de-romances-en-homenaje-a-federico-garcia-lorca\\\/#article\",\"isPartOf\":{\"@id\":\"https:\\\/\\\/poesiaerestu.com\\\/revista\\\/entrevista-a-antonio-berlanga-pino-libro-de-romances-en-homenaje-a-federico-garcia-lorca\\\/\"},\"author\":{\"name\":\"Ana Mar\u00eda Olivares\",\"@id\":\"https:\\\/\\\/poesiaerestu.com\\\/revista\\\/#\\\/schema\\\/person\\\/cf2f0603f3dc0f9949eb248e8ae069ce\"},\"headline\":\"ENTREVISTA A ANTONIO BERLANGA PINO. Libro de Romances (En homenaje a Federico Garc\u00eda Lorca)\",\"datePublished\":\"2025-10-21T11:34:17+00:00\",\"mainEntityOfPage\":{\"@id\":\"https:\\\/\\\/poesiaerestu.com\\\/revista\\\/entrevista-a-antonio-berlanga-pino-libro-de-romances-en-homenaje-a-federico-garcia-lorca\\\/\"},\"wordCount\":2212,\"image\":{\"@id\":\"https:\\\/\\\/poesiaerestu.com\\\/revista\\\/entrevista-a-antonio-berlanga-pino-libro-de-romances-en-homenaje-a-federico-garcia-lorca\\\/#primaryimage\"},\"thumbnailUrl\":\"https:\\\/\\\/poesiaerestu.com\\\/revista\\\/wp-content\\\/uploads\\\/2025\\\/10\\\/FichaAutor-1-scaled.webp\",\"articleSection\":[\"Entrevistas\"],\"inLanguage\":\"en-US\",\"copyrightYear\":\"2025\",\"copyrightHolder\":{\"@id\":\"https:\\\/\\\/poesiaerestu.com\\\/revista\\\/#organization\"}},{\"@type\":\"WebPage\",\"@id\":\"https:\\\/\\\/poesiaerestu.com\\\/revista\\\/entrevista-a-antonio-berlanga-pino-libro-de-romances-en-homenaje-a-federico-garcia-lorca\\\/\",\"url\":\"https:\\\/\\\/poesiaerestu.com\\\/revista\\\/entrevista-a-antonio-berlanga-pino-libro-de-romances-en-homenaje-a-federico-garcia-lorca\\\/\",\"name\":\"ENTREVISTA A ANTONIO BERLANGA PINO. Libro de Romances (En homenaje a Federico Garc\u00eda Lorca) - Poes\u00ed\u00ada eres t\u00fa (revista)\",\"isPartOf\":{\"@id\":\"https:\\\/\\\/poesiaerestu.com\\\/revista\\\/#website\"},\"primaryImageOfPage\":{\"@id\":\"https:\\\/\\\/poesiaerestu.com\\\/revista\\\/entrevista-a-antonio-berlanga-pino-libro-de-romances-en-homenaje-a-federico-garcia-lorca\\\/#primaryimage\"},\"image\":{\"@id\":\"https:\\\/\\\/poesiaerestu.com\\\/revista\\\/entrevista-a-antonio-berlanga-pino-libro-de-romances-en-homenaje-a-federico-garcia-lorca\\\/#primaryimage\"},\"thumbnailUrl\":\"https:\\\/\\\/poesiaerestu.com\\\/revista\\\/wp-content\\\/uploads\\\/2025\\\/10\\\/FichaAutor-1-scaled.webp\",\"datePublished\":\"2025-10-21T11:34:17+00:00\",\"author\":{\"@id\":\"https:\\\/\\\/poesiaerestu.com\\\/revista\\\/#\\\/schema\\\/person\\\/cf2f0603f3dc0f9949eb248e8ae069ce\"},\"description\":\"Entrevista a Antonio Berlanga Pino sobre \u201cLibro de Romances\u201d, homenaje a Lorca: tradici\u00f3n m\u00e9trica y temas actuales como memoria, diversidad y Andaluc\u00eda.\",\"breadcrumb\":{\"@id\":\"https:\\\/\\\/poesiaerestu.com\\\/revista\\\/entrevista-a-antonio-berlanga-pino-libro-de-romances-en-homenaje-a-federico-garcia-lorca\\\/#breadcrumb\"},\"inLanguage\":\"en-US\",\"potentialAction\":[{\"@type\":\"ReadAction\",\"target\":[\"https:\\\/\\\/poesiaerestu.com\\\/revista\\\/entrevista-a-antonio-berlanga-pino-libro-de-romances-en-homenaje-a-federico-garcia-lorca\\\/\"]}]},{\"@type\":\"ImageObject\",\"inLanguage\":\"en-US\",\"@id\":\"https:\\\/\\\/poesiaerestu.com\\\/revista\\\/entrevista-a-antonio-berlanga-pino-libro-de-romances-en-homenaje-a-federico-garcia-lorca\\\/#primaryimage\",\"url\":\"https:\\\/\\\/poesiaerestu.com\\\/revista\\\/wp-content\\\/uploads\\\/2025\\\/10\\\/FichaAutor-1-scaled.webp\",\"contentUrl\":\"https:\\\/\\\/poesiaerestu.com\\\/revista\\\/wp-content\\\/uploads\\\/2025\\\/10\\\/FichaAutor-1-scaled.webp\",\"width\":1454,\"height\":1024,\"caption\":\"Celebrating poets' voices through poetry and literary arts on Poes\u00eda eres t\u00fa magazine.\"},{\"@type\":\"BreadcrumbList\",\"@id\":\"https:\\\/\\\/poesiaerestu.com\\\/revista\\\/entrevista-a-antonio-berlanga-pino-libro-de-romances-en-homenaje-a-federico-garcia-lorca\\\/#breadcrumb\",\"itemListElement\":[{\"@type\":\"ListItem\",\"position\":1,\"name\":\"Home\",\"item\":\"https:\\\/\\\/poesiaerestu.com\\\/revista\\\/\"},{\"@type\":\"ListItem\",\"position\":2,\"name\":\"ENTREVISTA A ANTONIO BERLANGA PINO. Libro de Romances (En homenaje a Federico Garc\u00eda Lorca)\"}]},{\"@type\":\"WebSite\",\"@id\":\"https:\\\/\\\/poesiaerestu.com\\\/revista\\\/#website\",\"url\":\"https:\\\/\\\/poesiaerestu.com\\\/revista\\\/\",\"name\":\"Poes\u00ed\u00ada eres t\u00fa (revista)\",\"description\":\"Revista de poes\u00eda y literatura\",\"potentialAction\":[{\"@type\":\"SearchAction\",\"target\":{\"@type\":\"EntryPoint\",\"urlTemplate\":\"https:\\\/\\\/poesiaerestu.com\\\/revista\\\/?s={search_term_string}\"},\"query-input\":{\"@type\":\"PropertyValueSpecification\",\"valueRequired\":true,\"valueName\":\"search_term_string\"}}],\"inLanguage\":\"en-US\"},{\"@type\":\"Person\",\"@id\":\"https:\\\/\\\/poesiaerestu.com\\\/revista\\\/#\\\/schema\\\/person\\\/cf2f0603f3dc0f9949eb248e8ae069ce\",\"name\":\"Ana Mar\u00eda Olivares\",\"image\":{\"@type\":\"ImageObject\",\"inLanguage\":\"en-US\",\"@id\":\"https:\\\/\\\/secure.gravatar.com\\\/avatar\\\/9738e71889a0117c74a4e2755c1bb913a04599bcf04205649e091304bfc2d516?s=96&d=mm&r=g\",\"url\":\"https:\\\/\\\/secure.gravatar.com\\\/avatar\\\/9738e71889a0117c74a4e2755c1bb913a04599bcf04205649e091304bfc2d516?s=96&d=mm&r=g\",\"contentUrl\":\"https:\\\/\\\/secure.gravatar.com\\\/avatar\\\/9738e71889a0117c74a4e2755c1bb913a04599bcf04205649e091304bfc2d516?s=96&d=mm&r=g\",\"caption\":\"Ana Mar\u00eda Olivares\"},\"url\":\"https:\\\/\\\/poesiaerestu.com\\\/revista\\\/author\\\/ana-maria-olivares\\\/\"}]}<\/script>\n<!-- \/ Yoast SEO Premium plugin. -->","yoast_head_json":{"title":"ENTREVISTA A ANTONIO BERLANGA PINO. Libro de Romances (En homenaje a Federico Garc\u00eda Lorca) - Poes\u00ed\u00ada eres t\u00fa (revista)","description":"Entrevista a Antonio Berlanga Pino sobre \u201cLibro de Romances\u201d, homenaje a Lorca: tradici\u00f3n m\u00e9trica y temas actuales como memoria, diversidad y Andaluc\u00eda.","robots":{"index":"index","follow":"follow","max-snippet":"max-snippet:-1","max-image-preview":"max-image-preview:large","max-video-preview":"max-video-preview:-1"},"canonical":"https:\/\/poesiaerestu.com\/revista\/entrevista-a-antonio-berlanga-pino-libro-de-romances-en-homenaje-a-federico-garcia-lorca\/","twitter_misc":{"Written by":"Ana Mar\u00eda Olivares","Est. reading time":"10 minutes"},"schema":{"@context":"https:\/\/schema.org","@graph":[{"@type":"Article","@id":"https:\/\/poesiaerestu.com\/revista\/entrevista-a-antonio-berlanga-pino-libro-de-romances-en-homenaje-a-federico-garcia-lorca\/#article","isPartOf":{"@id":"https:\/\/poesiaerestu.com\/revista\/entrevista-a-antonio-berlanga-pino-libro-de-romances-en-homenaje-a-federico-garcia-lorca\/"},"author":{"name":"Ana Mar\u00eda Olivares","@id":"https:\/\/poesiaerestu.com\/revista\/#\/schema\/person\/cf2f0603f3dc0f9949eb248e8ae069ce"},"headline":"ENTREVISTA A ANTONIO BERLANGA PINO. Libro de Romances (En homenaje a Federico Garc\u00eda Lorca)","datePublished":"2025-10-21T11:34:17+00:00","mainEntityOfPage":{"@id":"https:\/\/poesiaerestu.com\/revista\/entrevista-a-antonio-berlanga-pino-libro-de-romances-en-homenaje-a-federico-garcia-lorca\/"},"wordCount":2212,"image":{"@id":"https:\/\/poesiaerestu.com\/revista\/entrevista-a-antonio-berlanga-pino-libro-de-romances-en-homenaje-a-federico-garcia-lorca\/#primaryimage"},"thumbnailUrl":"https:\/\/poesiaerestu.com\/revista\/wp-content\/uploads\/2025\/10\/FichaAutor-1-scaled.webp","articleSection":["Entrevistas"],"inLanguage":"en-US","copyrightYear":"2025","copyrightHolder":{"@id":"https:\/\/poesiaerestu.com\/revista\/#organization"}},{"@type":"WebPage","@id":"https:\/\/poesiaerestu.com\/revista\/entrevista-a-antonio-berlanga-pino-libro-de-romances-en-homenaje-a-federico-garcia-lorca\/","url":"https:\/\/poesiaerestu.com\/revista\/entrevista-a-antonio-berlanga-pino-libro-de-romances-en-homenaje-a-federico-garcia-lorca\/","name":"ENTREVISTA A ANTONIO BERLANGA PINO. Libro de Romances (En homenaje a Federico Garc\u00eda Lorca) - Poes\u00ed\u00ada eres t\u00fa (revista)","isPartOf":{"@id":"https:\/\/poesiaerestu.com\/revista\/#website"},"primaryImageOfPage":{"@id":"https:\/\/poesiaerestu.com\/revista\/entrevista-a-antonio-berlanga-pino-libro-de-romances-en-homenaje-a-federico-garcia-lorca\/#primaryimage"},"image":{"@id":"https:\/\/poesiaerestu.com\/revista\/entrevista-a-antonio-berlanga-pino-libro-de-romances-en-homenaje-a-federico-garcia-lorca\/#primaryimage"},"thumbnailUrl":"https:\/\/poesiaerestu.com\/revista\/wp-content\/uploads\/2025\/10\/FichaAutor-1-scaled.webp","datePublished":"2025-10-21T11:34:17+00:00","author":{"@id":"https:\/\/poesiaerestu.com\/revista\/#\/schema\/person\/cf2f0603f3dc0f9949eb248e8ae069ce"},"description":"Entrevista a Antonio Berlanga Pino sobre \u201cLibro de Romances\u201d, homenaje a Lorca: tradici\u00f3n m\u00e9trica y temas actuales como memoria, diversidad y Andaluc\u00eda.","breadcrumb":{"@id":"https:\/\/poesiaerestu.com\/revista\/entrevista-a-antonio-berlanga-pino-libro-de-romances-en-homenaje-a-federico-garcia-lorca\/#breadcrumb"},"inLanguage":"en-US","potentialAction":[{"@type":"ReadAction","target":["https:\/\/poesiaerestu.com\/revista\/entrevista-a-antonio-berlanga-pino-libro-de-romances-en-homenaje-a-federico-garcia-lorca\/"]}]},{"@type":"ImageObject","inLanguage":"en-US","@id":"https:\/\/poesiaerestu.com\/revista\/entrevista-a-antonio-berlanga-pino-libro-de-romances-en-homenaje-a-federico-garcia-lorca\/#primaryimage","url":"https:\/\/poesiaerestu.com\/revista\/wp-content\/uploads\/2025\/10\/FichaAutor-1-scaled.webp","contentUrl":"https:\/\/poesiaerestu.com\/revista\/wp-content\/uploads\/2025\/10\/FichaAutor-1-scaled.webp","width":1454,"height":1024,"caption":"Celebrating poets' voices through poetry and literary arts on Poes\u00eda eres t\u00fa magazine."},{"@type":"BreadcrumbList","@id":"https:\/\/poesiaerestu.com\/revista\/entrevista-a-antonio-berlanga-pino-libro-de-romances-en-homenaje-a-federico-garcia-lorca\/#breadcrumb","itemListElement":[{"@type":"ListItem","position":1,"name":"Home","item":"https:\/\/poesiaerestu.com\/revista\/"},{"@type":"ListItem","position":2,"name":"ENTREVISTA A ANTONIO BERLANGA PINO. Libro de Romances (En homenaje a Federico Garc\u00eda Lorca)"}]},{"@type":"WebSite","@id":"https:\/\/poesiaerestu.com\/revista\/#website","url":"https:\/\/poesiaerestu.com\/revista\/","name":"Poes\u00ed\u00ada eres t\u00fa (revista)","description":"Revista de poes\u00eda y literatura","potentialAction":[{"@type":"SearchAction","target":{"@type":"EntryPoint","urlTemplate":"https:\/\/poesiaerestu.com\/revista\/?s={search_term_string}"},"query-input":{"@type":"PropertyValueSpecification","valueRequired":true,"valueName":"search_term_string"}}],"inLanguage":"en-US"},{"@type":"Person","@id":"https:\/\/poesiaerestu.com\/revista\/#\/schema\/person\/cf2f0603f3dc0f9949eb248e8ae069ce","name":"Ana Mar\u00eda Olivares","image":{"@type":"ImageObject","inLanguage":"en-US","@id":"https:\/\/secure.gravatar.com\/avatar\/9738e71889a0117c74a4e2755c1bb913a04599bcf04205649e091304bfc2d516?s=96&d=mm&r=g","url":"https:\/\/secure.gravatar.com\/avatar\/9738e71889a0117c74a4e2755c1bb913a04599bcf04205649e091304bfc2d516?s=96&d=mm&r=g","contentUrl":"https:\/\/secure.gravatar.com\/avatar\/9738e71889a0117c74a4e2755c1bb913a04599bcf04205649e091304bfc2d516?s=96&d=mm&r=g","caption":"Ana Mar\u00eda Olivares"},"url":"https:\/\/poesiaerestu.com\/revista\/author\/ana-maria-olivares\/"}]}},"_links":{"self":[{"href":"https:\/\/poesiaerestu.com\/revista\/wp-json\/wp\/v2\/posts\/9434","targetHints":{"allow":["GET"]}}],"collection":[{"href":"https:\/\/poesiaerestu.com\/revista\/wp-json\/wp\/v2\/posts"}],"about":[{"href":"https:\/\/poesiaerestu.com\/revista\/wp-json\/wp\/v2\/types\/post"}],"author":[{"embeddable":true,"href":"https:\/\/poesiaerestu.com\/revista\/wp-json\/wp\/v2\/users\/1001006"}],"replies":[{"embeddable":true,"href":"https:\/\/poesiaerestu.com\/revista\/wp-json\/wp\/v2\/comments?post=9434"}],"version-history":[{"count":3,"href":"https:\/\/poesiaerestu.com\/revista\/wp-json\/wp\/v2\/posts\/9434\/revisions"}],"predecessor-version":[{"id":9438,"href":"https:\/\/poesiaerestu.com\/revista\/wp-json\/wp\/v2\/posts\/9434\/revisions\/9438"}],"wp:featuredmedia":[{"embeddable":true,"href":"https:\/\/poesiaerestu.com\/revista\/wp-json\/wp\/v2\/media\/9435"}],"wp:attachment":[{"href":"https:\/\/poesiaerestu.com\/revista\/wp-json\/wp\/v2\/media?parent=9434"}],"wp:term":[{"taxonomy":"category","embeddable":true,"href":"https:\/\/poesiaerestu.com\/revista\/wp-json\/wp\/v2\/categories?post=9434"},{"taxonomy":"post_tag","embeddable":true,"href":"https:\/\/poesiaerestu.com\/revista\/wp-json\/wp\/v2\/tags?post=9434"}],"curies":[{"name":"wp","href":"https:\/\/api.w.org\/{rel}","templated":true}]}}