{"id":9426,"date":"2025-10-20T09:29:07","date_gmt":"2025-10-20T07:29:07","guid":{"rendered":"https:\/\/poesiaerestu.com\/revista\/?p=9426"},"modified":"2025-10-20T09:29:07","modified_gmt":"2025-10-20T07:29:07","slug":"critica-literaria-leyendas-peruanas-de-miguel-torres-morales","status":"publish","type":"post","link":"https:\/\/poesiaerestu.com\/revista\/critica-literaria-leyendas-peruanas-de-miguel-torres-morales\/","title":{"rendered":"CR\u00cdTICA LITERARIA: &#8220;LEYENDAS PERUANAS&#8221; DE MIGUEL TORRES MORALES"},"content":{"rendered":"<p><strong>CR\u00cdTICA LITERARIA: &#8220;LEYENDAS PERUANAS&#8221; DE MIGUEL TORRES MORALES<\/strong><\/p>\n<p><strong>T\u00edtulo y Autor<\/strong><\/p>\n<p><strong>Leyendas Peruanas<\/strong>, Miguel Torres Morales. Primera edici\u00f3n 2025, Editorial Poes\u00eda eres t\u00fa. Miguel Alfonso Torres Morales es un poeta peruano radicado en Europa, cuya obra se inscribe en una tradici\u00f3n de exilio y memoria que dialoga con autores como C\u00e9sar Vallejo o C\u00e9sar Moro. Su proyecto po\u00e9tico se caracteriza por la fusi\u00f3n del barroco espa\u00f1ol con la oralidad andina, creando una lengua literaria h\u00edbrida que aspira a contener m\u00faltiples temporalidades culturales. Este poemario representa su esfuerzo m\u00e1s ambicioso por recuperar la identidad peruana mediante la ficci\u00f3n de unos textos perdidos del siglo XVIII.<\/p>\n<p><strong>Resumen Breve<\/strong><\/p>\n<p>El libro se presenta como la reconcebida reedici\u00f3n de textos aparecidos en la Gazeta de Lima hace doscientos cincuenta a\u00f1os. Estructurado en cinco fasc\u00edculos, recorre la fundaci\u00f3n de Lima virreinal, el distrito bohemio de Barranco, personajes hist\u00f3ricos como Mariano Melgar y el Almirante Grau, deidades precolombinas, costumbres populares y reflexiones metapo\u00e9ticas sobre el sentido de la poes\u00eda como acto de resistencia cultural. El autor denuncia el expolio hist\u00f3rico del Per\u00fa mientras celebra la inmortalidad del esp\u00edritu nacional a trav\u00e9s de un lenguaje ornamentado que fusiona G\u00f3ngora con la sensibilidad andina.<\/p>\n<p><strong>An\u00e1lisis de Elementos Literarios<\/strong><\/p>\n<p><strong>Trama:<\/strong> Aunque se trata de un poemario, existe una narratividad subyacente que funciona mediante c\u00edrculos conc\u00e9ntricos. Los cinco fasc\u00edculos crean una progresi\u00f3n desde lo p\u00fablico-hist\u00f3rico hacia lo \u00edntimo-biogr\u00e1fico, para retornar a lo colectivo-pol\u00edtico y culminar en reflexiones metapo\u00e9ticas. No hay linealidad cronol\u00f3gica sino asociaci\u00f3n libre: un poema sobre el amor sigue a uno sobre una masacre, luego uno sobre arquitectura colonial. Esta secuenciaci\u00f3n reproduce el funcionamiento de la memoria fragmentaria. El cl\u00edmax emocional llega con poemas como &#8220;Fusilamiento de Mariano Melgar&#8221; donde convergen violencia hist\u00f3rica, p\u00e9rdida cultural y resistencia po\u00e9tica.<\/p>\n<p><strong>Estilo y Lenguaje:<\/strong> Torres Morales adopta un <strong>registro culto<\/strong> y deliberadamente anacr\u00f3nico. El hip\u00e9rbaton gongorino retuerce la sintaxis: &#8220;Oh calle, oh plaza, oh templo, oh amada que te pierdes en una casa de madera&#8221;. La acumulaci\u00f3n enumerativa genera saturaci\u00f3n sensorial: &#8220;doctores fichos, tinterillos lustres, curas sin sotana, arzobispos sin palio&#8221;. El uso de arca\u00edsmos, t\u00e9rminos quechuas y neologismos produce una lengua que aspira a contener simult\u00e1neamente pasado y presente. La m\u00e9trica alterna entre endecas\u00edlabos tradicionales y verso libre, con encabalgamientos audaces que dotan de dramatismo a la lectura. La prosopopeya es recurrente: &#8220;Yo soy Pachac\u00e1mac. Yo soy el Brazo Poderoso que os circunda mientras vuestro llanto sube y sube&#8221;.<\/p>\n<p><strong>Ambientaci\u00f3n:<\/strong> Los espacios funcionan como personajes: Lima virreinal con sus balcones y canales, Barranco con su puente de madera y acantilados, la sierra andina con ruinas precolombinas, la Pampa de Amancaes donde fluye el pisco. Estos lugares no son mero decorado sino repositorios de memoria colectiva. La gar\u00faa lime\u00f1a aparece como s\u00edmbolo de melancol\u00eda constitutiva. El exilio europeo del poeta genera tensi\u00f3n productiva: desde la distancia geogr\u00e1fica se reconstruye un Per\u00fa m\u00edtico, m\u00e1s real que la realidad emp\u00edrica.<\/p>\n<p><strong>Interpretaci\u00f3n y Juicio Cr\u00edtico<\/strong><\/p>\n<p><strong>Interpretaci\u00f3n:<\/strong> El libro funciona en m\u00faltiples niveles simult\u00e1neos. En superficie, es una celebraci\u00f3n eleg\u00edaca de la identidad peruana. En profundidad, constituye una reflexi\u00f3n sobre la naturaleza de la memoria y la funci\u00f3n de la poes\u00eda como resistencia contra el olvido. La ficci\u00f3n de los textos perdidos dieciochescos no es mero artificio: simboliza que toda identidad cultural es construcci\u00f3n retrospectiva, ficci\u00f3n necesaria que nos constituye. El autor afirma: &#8220;nosotros mismos somos nuestra historia&#8221;, fusionando sujeto y objeto, poeta y poema, Per\u00fa y palabra.<\/p>\n<p>El simbolismo del <strong>agua<\/strong> como memoria fluida, los <strong>balcones<\/strong> como frontera temporal, el <strong>fuego<\/strong> como destrucci\u00f3n y pasi\u00f3n creadora, los <strong>libros robados<\/strong> como despojo identitario, articulan un sistema coherente donde lo personal se proyecta a lo colectivo. La obsesi\u00f3n por el <strong>poeta-m\u00e1rtir<\/strong> Mariano Melgar representa la vulnerabilidad del arte frente al poder militar y pol\u00edtico. Torres Morales se inscribe en esa genealog\u00eda de poetas sacrificados por la patria.<\/p>\n<p><strong>Juicio Cr\u00edtico:<\/strong> La <strong>originalidad<\/strong> reside en fusionar tradici\u00f3n barroca espa\u00f1ola con contenido espec\u00edficamente peruano, creando un neobarroquismo andino inexistente previamente en la literatura hispanoamericana. La <strong>coherencia<\/strong> es notable: todos los poemas dialogan entre s\u00ed mediante asociaciones tem\u00e1ticas y recurrencias simb\u00f3licas. El <strong>impacto emocional<\/strong> es potente pero exige trabajo del lector: no hay gratificaci\u00f3n inmediata sino revelaci\u00f3n progresiva mediante relecturas. Su <strong>contribuci\u00f3n al g\u00e9nero<\/strong> consiste en demostrar que la alta ret\u00f3rica y la ambici\u00f3n cultural totalizante siguen siendo viables en el siglo XXI, contra el minimalismo dominante.<\/p>\n<p>La principal <strong>limitaci\u00f3n<\/strong> es su hermetismo deliberado, que restringe su p\u00fablico potencial. Torres Morales no busca democratizar la poes\u00eda sino exigir lectores cultos dispuestos a desentra\u00f1ar referencias y dejarse perder en la densidad verbal. Esta elecci\u00f3n es coherente con su proyecto est\u00e9tico pero problem\u00e1tica desde perspectivas de accesibilidad.<\/p>\n<p><strong>Contexto Hist\u00f3rico y Cultural<\/strong><\/p>\n<p><strong>Contexto Hist\u00f3rico:<\/strong> Publicado en 2025, el libro dialoga con doscientos a\u00f1os de poes\u00eda peruana desde la independencia. La ficci\u00f3n de los textos coloniales reconcebidos remite a Ricardo Palma y sus Tradiciones Peruanas del siglo XIX, pero desde la poes\u00eda y no desde la prosa. El exilio del autor replica experiencias de Vallejo en Par\u00eds o Moro en M\u00e9xico: desde la distancia europea se reconstruye po\u00e9ticamente el Per\u00fa ausente. La denuncia del expolio cultural (&#8220;nos han robado muchos libros y nos han incendiado mil archivos&#8221;) responde a siglos de colonizaci\u00f3n, saqueo y p\u00e9rdida patrimonial.<\/p>\n<p><strong>Contexto Cultural:<\/strong> El poemario se posiciona contra el prosa\u00edsmo dominante en la poes\u00eda contempor\u00e1nea hispanohablante. Frente a la brevedad, el lenguaje coloquial y la iron\u00eda posmoderna, Torres Morales propone maximalismo verbal, grandilocuencia y seriedad tr\u00e1gica. Su obra refleja tensiones culturales peruanas: costa versus sierra, herencia hispana versus ra\u00edz andina, modernidad versus tradici\u00f3n. La reivindicaci\u00f3n de personajes hist\u00f3ricos como Melgar, Grau, Garcilaso o Valle y Caviedes construye un pante\u00f3n alternativo a las narrativas oficiales.<\/p>\n<p><strong>Comparaci\u00f3n con Otras Obras<\/strong><\/p>\n<p>Torres Morales dialoga intensamente con <strong>C\u00e9sar Vallejo<\/strong> en la angustia existencial y ciertos giros que desaf\u00edan la norma castellana para expresar sensibilidad peruana. Sin embargo, donde Vallejo tiende a la econom\u00eda verbal y el dolor desnudo, Torres Morales opta por el exceso ornamental. Con <strong>Mart\u00edn Ad\u00e1n<\/strong> comparte el hermetismo culto y cierta arquitectura barroca del verso, especialmente en textos como <em>La casa de cart\u00f3n<\/em> donde Barranco tambi\u00e9n protagoniza. La huella de <strong>Emilio Adolfo Westphalen<\/strong> aparece en el surrealismo contenido y la crisis de la modernidad, aunque Torres Morales es menos experimental.<\/p>\n<p>En el contexto del siglo XX peruano, su voz se aleja de la generaci\u00f3n Hora Zero (Ver\u00e1stegui, Pimentel) que abraz\u00f3 el coloquialismo y el experimentalismo radical. Se acerca m\u00e1s a poetas como <strong>Jos\u00e9 Watanabe<\/strong> en la preocupaci\u00f3n por la identidad, aunque Watanabe opt\u00f3 por una dicci\u00f3n contenida y reflexiva opuesta al desbordamiento verbal de Torres Morales. En el panorama hispanoamericano, su neobarroquismo dialoga con <strong>Jos\u00e9 Lezama Lima<\/strong> y su proyecto de fundar la identidad cubana mediante el exceso verbal, o con <strong>Octavio Paz<\/strong> en la ambici\u00f3n totalizadora y la reflexi\u00f3n metapo\u00e9tica.<\/p>\n<p>Comparado con la poes\u00eda espa\u00f1ola contempor\u00e1nea, se situar\u00eda cerca de <strong>Luis Antonio de Villena<\/strong> o <strong>Antonio Colinas<\/strong> en la alta ret\u00f3rica y la cultura libresca, aunque con arraigo latinoamericano espec\u00edfico.<\/p>\n<p><strong>Opini\u00f3n Personal<\/strong><\/p>\n<p><strong>Opini\u00f3n:<\/strong> <em>Leyendas Peruanas<\/em> es un libro admirable y problem\u00e1tico simult\u00e1neamente. Su mayor virtud es la coherencia entre proyecto est\u00e9tico e ideol\u00f3gico: Torres Morales no traiciona nunca su decisi\u00f3n de escribir contra el olvido mediante la recuperaci\u00f3n de formas cl\u00e1sicas. La densidad cultural del poemario impresiona: cada verso contiene capas de referencias hist\u00f3ricas, literarias y mitol\u00f3gicas que recompensan relecturas. Fragmentos como &#8220;Te extra\u00f1o tanto que al sentarme en este banco te vuelvo griega&#8221; poseen una intensidad l\u00edrica memorable.<\/p>\n<p>Sin embargo, el hermetismo resulta excesivo en ocasiones. Ciertos pasajes se vuelven opacos no por profundidad sem\u00e1ntica sino por saturaci\u00f3n sint\u00e1ctica. El lector siente que el poeta privilegia la ornamentaci\u00f3n sobre la comunicaci\u00f3n. Esto ser\u00eda defendible si el libro se dirigiera exclusivamente a un p\u00fablico acad\u00e9mico, pero las declaraciones del autor sobre el &#8220;encanto&#8221; de la poes\u00eda sugieren aspiraciones m\u00e1s amplias que la obra no cumple.<\/p>\n<p>La innovaci\u00f3n t\u00e9cnica es limitada: Torres Morales recupera el barroco espa\u00f1ol sin transformarlo radicalmente. Su fusi\u00f3n con la sensibilidad andina es m\u00e1s tem\u00e1tica que formal. Donde Vallejo invent\u00f3 una sintaxis nueva para expresar el dolor peruano, Torres Morales aplica sintaxis gongorina a contenido peruano sin generar verdadera hibridaci\u00f3n ling\u00fc\u00edstica.<\/p>\n<p><strong>Recomendaci\u00f3n:<\/strong> Recomendar\u00eda este libro a lectores con formaci\u00f3n literaria, conocedores de la tradici\u00f3n barroca espa\u00f1ola y de la historia peruana. A profesores de literatura hispanoamericana, estudiantes de posgrado en letras, y amantes de la alta poes\u00eda culta. No lo recomendar\u00eda a quienes buscan iniciarse en poes\u00eda: el libro no facilita el acceso sino que lo dificulta deliberadamente. Tampoco a lectores de poes\u00eda contempor\u00e1nea minimalista o coloquial, pues encontrar\u00e1n el estilo anacr\u00f3nico e incomprensible.<\/p>\n<p><strong>Conclusi\u00f3n<\/strong><\/p>\n<p><em>Leyendas Peruanas<\/em> de Miguel Torres Morales es un poemario ambicioso que recupera la tradici\u00f3n barroca espa\u00f1ola para construir una \u00e9pica identitaria peruana. Su principal acierto es la coherencia est\u00e9tica e ideol\u00f3gica: cada decisi\u00f3n formal responde al proyecto de resistencia cultural contra el olvido. La densidad verbal, el hermetismo culto y la arquitectura en fasc\u00edculos crean una experiencia de lectura exigente pero recompensante para lectores dispuestos a trabajar.<\/p>\n<p>Su limitaci\u00f3n principal es la accesibilidad restringida: Torres Morales escribe para c\u00f3mplices cultos, no para democratizar la poes\u00eda. Esta elecci\u00f3n es leg\u00edtima pero contradice parcialmente su propia afirmaci\u00f3n de que la poes\u00eda debe &#8220;encantar&#8221;. El encanto existe pero exige desciframiento previo.<\/p>\n<p>La obra se posiciona como contracorriente del minimalismo contempor\u00e1neo, proponiendo que la alta ret\u00f3rica y la ambici\u00f3n totalizadora siguen siendo viables en el siglo XXI. En ese sentido, constituye una contribuci\u00f3n valiosa al debate sobre las funciones de la poes\u00eda actual: \u00bfdebe adaptarse a los c\u00f3digos de lectura masiva o defender territorios de complejidad resistente? Torres Morales opta por lo segundo, asumiendo las consecuencias de marginalidad editorial pero garantizando la integridad de su proyecto.<\/p>\n<p>&#8220;Leyendas Peruanas&#8221; no es un libro para todos, pero para quienes sintonicen con su frecuencia, ofrece una experiencia de inmersi\u00f3n cultural profunda y una demostraci\u00f3n de que la poes\u00eda puede seguir siendo acto de resistencia pol\u00edtica y cultural sin renunciar a la belleza formal.<\/p>\n<p style=\"text-align: right;\">Ana Mar\u00eda Olivares<\/p>\n","protected":false},"excerpt":{"rendered":"<p>CR\u00cdTICA LITERARIA: &#8220;LEYENDAS PERUANAS&#8221; DE MIGUEL TORRES MORALES T\u00edtulo y Autor Leyendas Peruanas, Miguel Torres Morales. Primera edici\u00f3n 2025, Editorial Poes\u00eda eres t\u00fa. Miguel Alfonso Torres Morales es un poeta peruano radicado en Europa, cuya obra se inscribe en una tradici\u00f3n de exilio y memoria que dialoga con autores como C\u00e9sar Vallejo o C\u00e9sar Moro&#8230;.<\/p>\n","protected":false},"author":1001006,"featured_media":9427,"comment_status":"closed","ping_status":"closed","sticky":false,"template":"","format":"standard","meta":{"footnotes":"","_links_to":"","_links_to_target":""},"categories":[41],"tags":[],"class_list":["post-9426","post","type-post","status-publish","format-standard","has-post-thumbnail","hentry","category-resenas"],"yoast_head":"<!-- This site is optimized with the Yoast SEO Premium plugin v24.7 (Yoast SEO v27.4) - https:\/\/yoast.com\/product\/yoast-seo-premium-wordpress\/ -->\n<title>CR\u00cdTICA LITERARIA: &quot;LEYENDAS PERUANAS&quot; DE MIGUEL TORRES MORALES - Poes\u00ed\u00ada eres t\u00fa (revista)<\/title>\n<meta name=\"robots\" content=\"index, follow, max-snippet:-1, max-image-preview:large, max-video-preview:-1\" \/>\n<link rel=\"canonical\" href=\"https:\/\/poesiaerestu.com\/revista\/critica-literaria-leyendas-peruanas-de-miguel-torres-morales\/\" \/>\n<meta name=\"twitter:label1\" content=\"Written by\" \/>\n\t<meta name=\"twitter:data1\" content=\"Ana Mar\u00eda Olivares\" \/>\n\t<meta name=\"twitter:label2\" content=\"Est. reading time\" \/>\n\t<meta name=\"twitter:data2\" content=\"8 minutes\" \/>\n<script type=\"application\/ld+json\" class=\"yoast-schema-graph\">{\"@context\":\"https:\\\/\\\/schema.org\",\"@graph\":[{\"@type\":\"Article\",\"@id\":\"https:\\\/\\\/poesiaerestu.com\\\/revista\\\/critica-literaria-leyendas-peruanas-de-miguel-torres-morales\\\/#article\",\"isPartOf\":{\"@id\":\"https:\\\/\\\/poesiaerestu.com\\\/revista\\\/critica-literaria-leyendas-peruanas-de-miguel-torres-morales\\\/\"},\"author\":{\"name\":\"Ana Mar\u00eda Olivares\",\"@id\":\"https:\\\/\\\/poesiaerestu.com\\\/revista\\\/#\\\/schema\\\/person\\\/cf2f0603f3dc0f9949eb248e8ae069ce\"},\"headline\":\"CR\u00cdTICA LITERARIA: &#8220;LEYENDAS PERUANAS&#8221; DE MIGUEL TORRES MORALES\",\"datePublished\":\"2025-10-20T07:29:07+00:00\",\"mainEntityOfPage\":{\"@id\":\"https:\\\/\\\/poesiaerestu.com\\\/revista\\\/critica-literaria-leyendas-peruanas-de-miguel-torres-morales\\\/\"},\"wordCount\":1866,\"image\":{\"@id\":\"https:\\\/\\\/poesiaerestu.com\\\/revista\\\/critica-literaria-leyendas-peruanas-de-miguel-torres-morales\\\/#primaryimage\"},\"thumbnailUrl\":\"https:\\\/\\\/poesiaerestu.com\\\/revista\\\/wp-content\\\/uploads\\\/2025\\\/10\\\/0_Portada_LeyendasPeruanas.webp\",\"articleSection\":[\"Rese\u00f1as\"],\"inLanguage\":\"en-US\",\"copyrightYear\":\"2025\",\"copyrightHolder\":{\"@id\":\"https:\\\/\\\/poesiaerestu.com\\\/revista\\\/#organization\"}},{\"@type\":\"WebPage\",\"@id\":\"https:\\\/\\\/poesiaerestu.com\\\/revista\\\/critica-literaria-leyendas-peruanas-de-miguel-torres-morales\\\/\",\"url\":\"https:\\\/\\\/poesiaerestu.com\\\/revista\\\/critica-literaria-leyendas-peruanas-de-miguel-torres-morales\\\/\",\"name\":\"CR\u00cdTICA LITERARIA: \\\"LEYENDAS PERUANAS\\\" DE MIGUEL TORRES MORALES - Poes\u00ed\u00ada eres t\u00fa (revista)\",\"isPartOf\":{\"@id\":\"https:\\\/\\\/poesiaerestu.com\\\/revista\\\/#website\"},\"primaryImageOfPage\":{\"@id\":\"https:\\\/\\\/poesiaerestu.com\\\/revista\\\/critica-literaria-leyendas-peruanas-de-miguel-torres-morales\\\/#primaryimage\"},\"image\":{\"@id\":\"https:\\\/\\\/poesiaerestu.com\\\/revista\\\/critica-literaria-leyendas-peruanas-de-miguel-torres-morales\\\/#primaryimage\"},\"thumbnailUrl\":\"https:\\\/\\\/poesiaerestu.com\\\/revista\\\/wp-content\\\/uploads\\\/2025\\\/10\\\/0_Portada_LeyendasPeruanas.webp\",\"datePublished\":\"2025-10-20T07:29:07+00:00\",\"author\":{\"@id\":\"https:\\\/\\\/poesiaerestu.com\\\/revista\\\/#\\\/schema\\\/person\\\/cf2f0603f3dc0f9949eb248e8ae069ce\"},\"breadcrumb\":{\"@id\":\"https:\\\/\\\/poesiaerestu.com\\\/revista\\\/critica-literaria-leyendas-peruanas-de-miguel-torres-morales\\\/#breadcrumb\"},\"inLanguage\":\"en-US\",\"potentialAction\":[{\"@type\":\"ReadAction\",\"target\":[\"https:\\\/\\\/poesiaerestu.com\\\/revista\\\/critica-literaria-leyendas-peruanas-de-miguel-torres-morales\\\/\"]}]},{\"@type\":\"ImageObject\",\"inLanguage\":\"en-US\",\"@id\":\"https:\\\/\\\/poesiaerestu.com\\\/revista\\\/critica-literaria-leyendas-peruanas-de-miguel-torres-morales\\\/#primaryimage\",\"url\":\"https:\\\/\\\/poesiaerestu.com\\\/revista\\\/wp-content\\\/uploads\\\/2025\\\/10\\\/0_Portada_LeyendasPeruanas.webp\",\"contentUrl\":\"https:\\\/\\\/poesiaerestu.com\\\/revista\\\/wp-content\\\/uploads\\\/2025\\\/10\\\/0_Portada_LeyendasPeruanas.webp\",\"width\":559,\"height\":794,\"caption\":\"An image of a book cover titled \\\"Legendas Peruanas\\\" by Miguel Torres Morales, featuring a sand clock with silhouettes of indigenous figures, symbolizing Peruvian legends.\"},{\"@type\":\"BreadcrumbList\",\"@id\":\"https:\\\/\\\/poesiaerestu.com\\\/revista\\\/critica-literaria-leyendas-peruanas-de-miguel-torres-morales\\\/#breadcrumb\",\"itemListElement\":[{\"@type\":\"ListItem\",\"position\":1,\"name\":\"Home\",\"item\":\"https:\\\/\\\/poesiaerestu.com\\\/revista\\\/\"},{\"@type\":\"ListItem\",\"position\":2,\"name\":\"CR\u00cdTICA LITERARIA: &#8220;LEYENDAS PERUANAS&#8221; DE MIGUEL TORRES MORALES\"}]},{\"@type\":\"WebSite\",\"@id\":\"https:\\\/\\\/poesiaerestu.com\\\/revista\\\/#website\",\"url\":\"https:\\\/\\\/poesiaerestu.com\\\/revista\\\/\",\"name\":\"Poes\u00ed\u00ada eres t\u00fa (revista)\",\"description\":\"Revista de poes\u00eda y literatura\",\"potentialAction\":[{\"@type\":\"SearchAction\",\"target\":{\"@type\":\"EntryPoint\",\"urlTemplate\":\"https:\\\/\\\/poesiaerestu.com\\\/revista\\\/?s={search_term_string}\"},\"query-input\":{\"@type\":\"PropertyValueSpecification\",\"valueRequired\":true,\"valueName\":\"search_term_string\"}}],\"inLanguage\":\"en-US\"},{\"@type\":\"Person\",\"@id\":\"https:\\\/\\\/poesiaerestu.com\\\/revista\\\/#\\\/schema\\\/person\\\/cf2f0603f3dc0f9949eb248e8ae069ce\",\"name\":\"Ana Mar\u00eda Olivares\",\"image\":{\"@type\":\"ImageObject\",\"inLanguage\":\"en-US\",\"@id\":\"https:\\\/\\\/secure.gravatar.com\\\/avatar\\\/9738e71889a0117c74a4e2755c1bb913a04599bcf04205649e091304bfc2d516?s=96&d=mm&r=g\",\"url\":\"https:\\\/\\\/secure.gravatar.com\\\/avatar\\\/9738e71889a0117c74a4e2755c1bb913a04599bcf04205649e091304bfc2d516?s=96&d=mm&r=g\",\"contentUrl\":\"https:\\\/\\\/secure.gravatar.com\\\/avatar\\\/9738e71889a0117c74a4e2755c1bb913a04599bcf04205649e091304bfc2d516?s=96&d=mm&r=g\",\"caption\":\"Ana Mar\u00eda Olivares\"},\"url\":\"https:\\\/\\\/poesiaerestu.com\\\/revista\\\/author\\\/ana-maria-olivares\\\/\"}]}<\/script>\n<!-- \/ Yoast SEO Premium plugin. -->","yoast_head_json":{"title":"CR\u00cdTICA LITERARIA: \"LEYENDAS PERUANAS\" DE MIGUEL TORRES MORALES - Poes\u00ed\u00ada eres t\u00fa (revista)","robots":{"index":"index","follow":"follow","max-snippet":"max-snippet:-1","max-image-preview":"max-image-preview:large","max-video-preview":"max-video-preview:-1"},"canonical":"https:\/\/poesiaerestu.com\/revista\/critica-literaria-leyendas-peruanas-de-miguel-torres-morales\/","twitter_misc":{"Written by":"Ana Mar\u00eda Olivares","Est. reading time":"8 minutes"},"schema":{"@context":"https:\/\/schema.org","@graph":[{"@type":"Article","@id":"https:\/\/poesiaerestu.com\/revista\/critica-literaria-leyendas-peruanas-de-miguel-torres-morales\/#article","isPartOf":{"@id":"https:\/\/poesiaerestu.com\/revista\/critica-literaria-leyendas-peruanas-de-miguel-torres-morales\/"},"author":{"name":"Ana Mar\u00eda Olivares","@id":"https:\/\/poesiaerestu.com\/revista\/#\/schema\/person\/cf2f0603f3dc0f9949eb248e8ae069ce"},"headline":"CR\u00cdTICA LITERARIA: &#8220;LEYENDAS PERUANAS&#8221; DE MIGUEL TORRES MORALES","datePublished":"2025-10-20T07:29:07+00:00","mainEntityOfPage":{"@id":"https:\/\/poesiaerestu.com\/revista\/critica-literaria-leyendas-peruanas-de-miguel-torres-morales\/"},"wordCount":1866,"image":{"@id":"https:\/\/poesiaerestu.com\/revista\/critica-literaria-leyendas-peruanas-de-miguel-torres-morales\/#primaryimage"},"thumbnailUrl":"https:\/\/poesiaerestu.com\/revista\/wp-content\/uploads\/2025\/10\/0_Portada_LeyendasPeruanas.webp","articleSection":["Rese\u00f1as"],"inLanguage":"en-US","copyrightYear":"2025","copyrightHolder":{"@id":"https:\/\/poesiaerestu.com\/revista\/#organization"}},{"@type":"WebPage","@id":"https:\/\/poesiaerestu.com\/revista\/critica-literaria-leyendas-peruanas-de-miguel-torres-morales\/","url":"https:\/\/poesiaerestu.com\/revista\/critica-literaria-leyendas-peruanas-de-miguel-torres-morales\/","name":"CR\u00cdTICA LITERARIA: \"LEYENDAS PERUANAS\" DE MIGUEL TORRES MORALES - Poes\u00ed\u00ada eres t\u00fa (revista)","isPartOf":{"@id":"https:\/\/poesiaerestu.com\/revista\/#website"},"primaryImageOfPage":{"@id":"https:\/\/poesiaerestu.com\/revista\/critica-literaria-leyendas-peruanas-de-miguel-torres-morales\/#primaryimage"},"image":{"@id":"https:\/\/poesiaerestu.com\/revista\/critica-literaria-leyendas-peruanas-de-miguel-torres-morales\/#primaryimage"},"thumbnailUrl":"https:\/\/poesiaerestu.com\/revista\/wp-content\/uploads\/2025\/10\/0_Portada_LeyendasPeruanas.webp","datePublished":"2025-10-20T07:29:07+00:00","author":{"@id":"https:\/\/poesiaerestu.com\/revista\/#\/schema\/person\/cf2f0603f3dc0f9949eb248e8ae069ce"},"breadcrumb":{"@id":"https:\/\/poesiaerestu.com\/revista\/critica-literaria-leyendas-peruanas-de-miguel-torres-morales\/#breadcrumb"},"inLanguage":"en-US","potentialAction":[{"@type":"ReadAction","target":["https:\/\/poesiaerestu.com\/revista\/critica-literaria-leyendas-peruanas-de-miguel-torres-morales\/"]}]},{"@type":"ImageObject","inLanguage":"en-US","@id":"https:\/\/poesiaerestu.com\/revista\/critica-literaria-leyendas-peruanas-de-miguel-torres-morales\/#primaryimage","url":"https:\/\/poesiaerestu.com\/revista\/wp-content\/uploads\/2025\/10\/0_Portada_LeyendasPeruanas.webp","contentUrl":"https:\/\/poesiaerestu.com\/revista\/wp-content\/uploads\/2025\/10\/0_Portada_LeyendasPeruanas.webp","width":559,"height":794,"caption":"An image of a book cover titled \"Legendas Peruanas\" by Miguel Torres Morales, featuring a sand clock with silhouettes of indigenous figures, symbolizing Peruvian legends."},{"@type":"BreadcrumbList","@id":"https:\/\/poesiaerestu.com\/revista\/critica-literaria-leyendas-peruanas-de-miguel-torres-morales\/#breadcrumb","itemListElement":[{"@type":"ListItem","position":1,"name":"Home","item":"https:\/\/poesiaerestu.com\/revista\/"},{"@type":"ListItem","position":2,"name":"CR\u00cdTICA LITERARIA: &#8220;LEYENDAS PERUANAS&#8221; DE MIGUEL TORRES MORALES"}]},{"@type":"WebSite","@id":"https:\/\/poesiaerestu.com\/revista\/#website","url":"https:\/\/poesiaerestu.com\/revista\/","name":"Poes\u00ed\u00ada eres t\u00fa (revista)","description":"Revista de poes\u00eda y literatura","potentialAction":[{"@type":"SearchAction","target":{"@type":"EntryPoint","urlTemplate":"https:\/\/poesiaerestu.com\/revista\/?s={search_term_string}"},"query-input":{"@type":"PropertyValueSpecification","valueRequired":true,"valueName":"search_term_string"}}],"inLanguage":"en-US"},{"@type":"Person","@id":"https:\/\/poesiaerestu.com\/revista\/#\/schema\/person\/cf2f0603f3dc0f9949eb248e8ae069ce","name":"Ana Mar\u00eda Olivares","image":{"@type":"ImageObject","inLanguage":"en-US","@id":"https:\/\/secure.gravatar.com\/avatar\/9738e71889a0117c74a4e2755c1bb913a04599bcf04205649e091304bfc2d516?s=96&d=mm&r=g","url":"https:\/\/secure.gravatar.com\/avatar\/9738e71889a0117c74a4e2755c1bb913a04599bcf04205649e091304bfc2d516?s=96&d=mm&r=g","contentUrl":"https:\/\/secure.gravatar.com\/avatar\/9738e71889a0117c74a4e2755c1bb913a04599bcf04205649e091304bfc2d516?s=96&d=mm&r=g","caption":"Ana Mar\u00eda Olivares"},"url":"https:\/\/poesiaerestu.com\/revista\/author\/ana-maria-olivares\/"}]}},"_links":{"self":[{"href":"https:\/\/poesiaerestu.com\/revista\/wp-json\/wp\/v2\/posts\/9426","targetHints":{"allow":["GET"]}}],"collection":[{"href":"https:\/\/poesiaerestu.com\/revista\/wp-json\/wp\/v2\/posts"}],"about":[{"href":"https:\/\/poesiaerestu.com\/revista\/wp-json\/wp\/v2\/types\/post"}],"author":[{"embeddable":true,"href":"https:\/\/poesiaerestu.com\/revista\/wp-json\/wp\/v2\/users\/1001006"}],"replies":[{"embeddable":true,"href":"https:\/\/poesiaerestu.com\/revista\/wp-json\/wp\/v2\/comments?post=9426"}],"version-history":[{"count":1,"href":"https:\/\/poesiaerestu.com\/revista\/wp-json\/wp\/v2\/posts\/9426\/revisions"}],"predecessor-version":[{"id":9428,"href":"https:\/\/poesiaerestu.com\/revista\/wp-json\/wp\/v2\/posts\/9426\/revisions\/9428"}],"wp:featuredmedia":[{"embeddable":true,"href":"https:\/\/poesiaerestu.com\/revista\/wp-json\/wp\/v2\/media\/9427"}],"wp:attachment":[{"href":"https:\/\/poesiaerestu.com\/revista\/wp-json\/wp\/v2\/media?parent=9426"}],"wp:term":[{"taxonomy":"category","embeddable":true,"href":"https:\/\/poesiaerestu.com\/revista\/wp-json\/wp\/v2\/categories?post=9426"},{"taxonomy":"post_tag","embeddable":true,"href":"https:\/\/poesiaerestu.com\/revista\/wp-json\/wp\/v2\/tags?post=9426"}],"curies":[{"name":"wp","href":"https:\/\/api.w.org\/{rel}","templated":true}]}}