{"id":9126,"date":"2025-09-04T10:31:26","date_gmt":"2025-09-04T08:31:26","guid":{"rendered":"https:\/\/poesiaerestu.com\/revista\/?p=9126"},"modified":"2025-09-04T10:32:25","modified_gmt":"2025-09-04T08:32:25","slug":"critica-literaria-prendas-intimas-catalogo-unisex-de-figu-garcia","status":"publish","type":"post","link":"https:\/\/poesiaerestu.com\/revista\/critica-literaria-prendas-intimas-catalogo-unisex-de-figu-garcia\/","title":{"rendered":"Cr\u00edtica literaria: &#8220;Prendas \u00cdntimas (Cat\u00e1logo Unisex)&#8221; de Figu Garc\u00eda"},"content":{"rendered":"<h1 id=\"crtica-literaria-prendas-ntimas-catlogo-unisex-de\" class=\"font-display first:mt-xs mb-2 mt-4 font-semimedium text-lg leading-[1.5em] lg:text-xl\">Cr\u00edtica literaria: &#8220;Prendas \u00cdntimas (Cat\u00e1logo Unisex)&#8221; de Figu Garc\u00eda<\/h1>\n<h2 id=\"ttulo-y-autor\" class=\"mb-2 mt-4 font-display font-semimedium text-base first:mt-0 md:text-lg [hr+&amp;]:mt-4\">T\u00edtulo y Autor<\/h2>\n<p class=\"my-2 [&amp;+p]:mt-4 [&amp;_strong:has(+br)]:inline-block [&amp;_strong:has(+br)]:pb-2\"><strong>T\u00edtulo:<\/strong><span>\u00a0<\/span>Prendas \u00cdntimas (Cat\u00e1logo Unisex)<\/p>\n<p class=\"my-2 [&amp;+p]:mt-4 [&amp;_strong:has(+br)]:inline-block [&amp;_strong:has(+br)]:pb-2\"><strong>Autor:<\/strong><span>\u00a0<\/span>Figu Garc\u00eda (pseud\u00f3nimo de Jos\u00e9 Garc\u00eda Guadalupe). Poeta espa\u00f1ol contempor\u00e1neo que cultiva una poes\u00eda intimista y sensorial, caracterizada por la fusi\u00f3n entre lo corporal y lo metaf\u00edsico. Su obra anterior incluye poemarios como &#8220;La voz de los callados&#8221; y &#8220;Nana a una madre&#8221;, donde ya exploraba temas de amor, naturaleza y existencia humana desde una perspectiva profundamente personal y universal.<\/p>\n<h2 id=\"resumen-breve\" class=\"mb-2 mt-4 font-display font-semimedium text-base first:mt-0 md:text-lg [hr+&amp;]:mt-4\">Resumen Breve<\/h2>\n<p class=\"my-2 [&amp;+p]:mt-4 [&amp;_strong:has(+br)]:inline-block [&amp;_strong:has(+br)]:pb-2\">El poemario se estructura como un cat\u00e1logo comercial ficticio dividido en ocho secciones que emulan departamentos de una tienda de lencer\u00eda: desde &#8220;Pijamas, bodis, batas&#8221; hasta &#8220;Avance de la nueva temporada&#8221;. Esta arquitectura conceptual permite al autor explorar la intimidad humana a trav\u00e9s de la met\u00e1fora textil, donde cada &#8220;prenda&#8221; representa una dimensi\u00f3n del amor, la soledad, el deseo y la condici\u00f3n existencial. El hilo conductor es la desnudez emocional del yo po\u00e9tico, que se viste y desviste de palabras para revelar su esencia m\u00e1s profunda.<\/p>\n<h2 id=\"anlisis-de-elementos-literarios\" class=\"mb-2 mt-4 font-display font-semimedium text-base first:mt-0 md:text-lg [hr+&amp;]:mt-4\">An\u00e1lisis de Elementos Literarios<\/h2>\n<h2 class=\"mb-2 mt-4 font-display font-semimedium text-base first:mt-0\">Trama<\/h2>\n<p class=\"my-2 [&amp;+p]:mt-4 [&amp;_strong:has(+br)]:inline-block [&amp;_strong:has(+br)]:pb-2\">La estructura del poemario sigue una l\u00f3gica comercial subvertida que funciona como marco narrativo. Cada secci\u00f3n incluye &#8220;prospectos&#8221; publicitarios que advierten sobre el uso de las &#8220;prendas l\u00edricas&#8221;, creando un juego ir\u00f3nico entre consumismo y poes\u00eda. La progresi\u00f3n tem\u00e1tica va desde la introspecci\u00f3n inicial (&#8220;Prendas \u00cdntimas&#8221;) hasta la apertura c\u00f3smica (&#8220;Regresemos al primer latido&#8221;), pasando por crisis existenciales (&#8220;07:36&#8221;) y reflexiones metapo\u00e9ticas (&#8220;Folios de sal&#8221;). El cl\u00edmax emocional se sit\u00faa en poemas como &#8220;Bajo las s\u00e1banas de Schr\u00f6dinger&#8221;, donde la f\u00edsica cu\u00e1ntica se convierte en met\u00e1fora del amor incierto.<\/p>\n<h2 class=\"mb-2 mt-4 font-display font-semimedium text-base first:mt-0\">Estilo y Lenguaje<\/h2>\n<p class=\"my-2 [&amp;+p]:mt-4 [&amp;_strong:has(+br)]:inline-block [&amp;_strong:has(+br)]:pb-2\">Garc\u00eda emplea un lenguaje h\u00edbrido que combina registros coloquiales con terminolog\u00eda t\u00e9cnica (cu\u00e1ntica, textil, publicitaria). Su estilo se caracteriza por la brevedad sint\u00e1ctica, el uso de encabalgamientos abruptos y la alternancia entre verso libre y prosa po\u00e9tica. La innovaci\u00f3n principal reside en la creaci\u00f3n de un metalenguaje comercial aplicado a la experiencia l\u00edrica: &#8220;Productos altamente inflamables, conservar lejos del pudor&#8221;. La intertextualidad es constante, con referencias a Jimi Hendrix, Einstein, Dostoyevski y Schr\u00f6dinger que universalizan la experiencia personal sin academicismo.<\/p>\n<h2 class=\"mb-2 mt-4 font-display font-semimedium text-base first:mt-0\">Ambientaci\u00f3n<\/h2>\n<p class=\"my-2 [&amp;+p]:mt-4 [&amp;_strong:has(+br)]:inline-block [&amp;_strong:has(+br)]:pb-2\">El espacio po\u00e9tico oscila entre lo \u00edntimo (camas, s\u00e1banas, cuerpos) y lo c\u00f3smico (mar, astros, universo). El mar aparece como elemento recurrente, tanto literal como met\u00e1fora del inconsciente y la poes\u00eda misma. Las ciudades (Par\u00eds, Las Vegas) funcionan como escenarios de encuentros fugaces, mientras que los espacios dom\u00e9sticos se transforman en universos cu\u00e1nticos donde &#8220;somos y no somos&#8221;. La temporalidad es circular, con un presente eterno que contiene pasado y futuro.<\/p>\n<h2 id=\"interpretacin-y-juicio-crtico\" class=\"mb-2 mt-4 font-display font-semimedium text-base first:mt-0 md:text-lg [hr+&amp;]:mt-4\">Interpretaci\u00f3n y Juicio Cr\u00edtico<\/h2>\n<h2 class=\"mb-2 mt-4 font-display font-semimedium text-base first:mt-0\">Interpretaci\u00f3n<\/h2>\n<p class=\"my-2 [&amp;+p]:mt-4 [&amp;_strong:has(+br)]:inline-block [&amp;_strong:has(+br)]:pb-2\">El poemario construye una po\u00e9tica de la vulnerabilidad donde escribir equivale a desnudarse (&#8220;no siempre s\u00e9 si escribo, \/ o si me desvisto \/ sobre una p\u00e1gina en blanco&#8221;). La met\u00e1fora textil permite explorar capas de significado: las prendas \u00edntimas como \u00faltimo refugio antes de la desnudez total del alma. La inclusi\u00f3n de conceptos cient\u00edficos (paradoja de Schr\u00f6dinger, E=mc\u00b2) no es ornamental sino estructural, estableciendo paralelos entre incertidumbre cu\u00e1ntica y ambig\u00fcedad amorosa. El &#8220;cat\u00e1logo unisex&#8221; funciona como met\u00e1fora de la igualdad humana frente al deseo y la mortalidad.<\/p>\n<h2 class=\"mb-2 mt-4 font-display font-semimedium text-base first:mt-0\">Juicio Cr\u00edtico<\/h2>\n<p class=\"my-2 [&amp;+p]:mt-4 [&amp;_strong:has(+br)]:inline-block [&amp;_strong:has(+br)]:pb-2\">La obra destaca por su originalidad conceptual y la coherencia entre forma y contenido. Garc\u00eda logra que el artificio del cat\u00e1logo comercial potencie en lugar de distraer de la emoci\u00f3n genuina. Su mayor acierto es la creaci\u00f3n de un universo po\u00e9tico autosuficiente donde cada elemento (desde los &#8220;prospectos&#8221; hasta las referencias culturales) contribuye a la construcci\u00f3n del sentido. Ocasionalmente, algunas met\u00e1foras rozan lo forzado (&#8220;E=m.c\u00b2&#8221; aplicado al amor), pero la intensidad emocional del conjunto supera estos desequilibrios menores.<\/p>\n<h2 id=\"contexto-histrico-y-cultural\" class=\"mb-2 mt-4 font-display font-semimedium text-base first:mt-0 md:text-lg [hr+&amp;]:mt-4\">Contexto Hist\u00f3rico y Cultural<\/h2>\n<h2 class=\"mb-2 mt-4 font-display font-semimedium text-base first:mt-0\">Contexto Hist\u00f3rico<\/h2>\n<p class=\"my-2 [&amp;+p]:mt-4 [&amp;_strong:has(+br)]:inline-block [&amp;_strong:has(+br)]:pb-2\">Publicado en 2025, el poemario refleja ansiedades contempor\u00e1neas sobre la inmediatez digital, la soledad urbana y la crisis de sentido en sociedades hipercomunicadas. La pandemia y el confinamiento resuenan impl\u00edcitamente en la obsesi\u00f3n por espacios \u00edntimos y la necesidad de contacto f\u00edsico. Las referencias a la f\u00edsica cu\u00e1ntica y la inteligencia artificial sit\u00faan la obra en el paradigma tecnocient\u00edfico actual.<\/p>\n<h2 class=\"mb-2 mt-4 font-display font-semimedium text-base first:mt-0\">Contexto Cultural<\/h2>\n<p class=\"my-2 [&amp;+p]:mt-4 [&amp;_strong:has(+br)]:inline-block [&amp;_strong:has(+br)]:pb-2\">Garc\u00eda dialoga con la tradici\u00f3n espa\u00f1ola de poes\u00eda amorosa (B\u00e9cquer, Machado) pero tambi\u00e9n con corrientes internacionales que fusionan ciencia y literatura (Borges, Calvino). Su tratamiento del cuerpo y la sexualidad enlaza con la poes\u00eda de la experiencia espa\u00f1ola de los 80, aunque renovada desde sensibilidades postmodernas que incorporan cultura pop y referencias medi\u00e1ticas.<\/p>\n<h2 id=\"comparacin-con-otras-obras\" class=\"mb-2 mt-4 font-display font-semimedium text-base first:mt-0 md:text-lg [hr+&amp;]:mt-4\">Comparaci\u00f3n con Otras Obras<\/h2>\n<p class=\"my-2 [&amp;+p]:mt-4 [&amp;_strong:has(+br)]:inline-block [&amp;_strong:has(+br)]:pb-2\">El poemario comparte con &#8220;Poeta en Nueva York&#8221; de Lorca la fusi\u00f3n entre experiencia urbana y crisis existencial, aunque Garc\u00eda opta por la intimidad frente al expresionismo lorquiano. Su uso de la ciencia como met\u00e1fora po\u00e9tica recuerda a &#8220;Laberinto de la soledad&#8221; de Paz, pero desde una perspectiva m\u00e1s l\u00fadica y menos solemne. La estructura conceptual evoca experimentos como &#8220;Rayuela&#8221; de Cort\u00e1zar, trasladando la innovaci\u00f3n formal del narrativo al l\u00edrico.<\/p>\n<h2 id=\"opinin-personal-y-recomendacin\" class=\"mb-2 mt-4 font-display font-semimedium text-base first:mt-0 md:text-lg [hr+&amp;]:mt-4\">Opini\u00f3n Personal y Recomendaci\u00f3n<\/h2>\n<p class=\"my-2 [&amp;+p]:mt-4 [&amp;_strong:has(+br)]:inline-block [&amp;_strong:has(+br)]:pb-2\">&#8220;Prendas \u00cdntimas (Cat\u00e1logo Unisex)&#8221; representa una aportaci\u00f3n significativa a la poes\u00eda espa\u00f1ola contempor\u00e1nea por su capacidad de renovar el discurso amoroso desde presupuestos formales innovadores. Recomendado especialmente para lectores que buscan poes\u00eda experimental sin renunciar a la emoci\u00f3n directa, as\u00ed como para quienes se interesen por la intersecci\u00f3n entre ciencia, arte y experiencia vivida.<\/p>\n<p class=\"my-2 [&amp;+p]:mt-4 [&amp;_strong:has(+br)]:inline-block [&amp;_strong:has(+br)]:pb-2\">La obra demuestra que la innovaci\u00f3n po\u00e9tica no requiere oscuridad sino inteligencia: Garc\u00eda hace accesible lo complejo y complejo lo aparentemente simple. Su &#8220;cat\u00e1logo&#8221; funciona como espejo donde el lector contempor\u00e1neo puede reconocer sus propias contradicciones entre deseo de autenticidad y condicionamientos sociales. El poeta logra que cada &#8220;prenda \u00edntima&#8221; se convierta en una invitaci\u00f3n a la desnudez emocional, recordando que la verdadera intimidad comienza donde terminan las palabras.<\/p>\n","protected":false},"excerpt":{"rendered":"<p>Cr\u00edtica literaria: &#8220;Prendas \u00cdntimas (Cat\u00e1logo Unisex)&#8221; de Figu Garc\u00eda T\u00edtulo y Autor T\u00edtulo:\u00a0Prendas \u00cdntimas (Cat\u00e1logo Unisex) Autor:\u00a0Figu Garc\u00eda (pseud\u00f3nimo de Jos\u00e9 Garc\u00eda Guadalupe). Poeta espa\u00f1ol contempor\u00e1neo que cultiva una poes\u00eda intimista y sensorial, caracterizada por la fusi\u00f3n entre lo corporal y lo metaf\u00edsico. Su obra anterior incluye poemarios como &#8220;La voz de los callados&#8221; y&#8230;<\/p>\n","protected":false},"author":1001006,"featured_media":9127,"comment_status":"closed","ping_status":"closed","sticky":false,"template":"","format":"standard","meta":{"footnotes":"","_links_to":"","_links_to_target":""},"categories":[41],"tags":[],"class_list":["post-9126","post","type-post","status-publish","format-standard","has-post-thumbnail","hentry","category-resenas"],"yoast_head":"<!-- This site is optimized with the Yoast SEO Premium plugin v24.7 (Yoast SEO v27.4) - https:\/\/yoast.com\/product\/yoast-seo-premium-wordpress\/ -->\n<title>Cr\u00edtica literaria: &quot;Prendas \u00cdntimas (Cat\u00e1logo Unisex)&quot; de Figu Garc\u00eda - Poes\u00ed\u00ada eres t\u00fa (revista)<\/title>\n<meta name=\"description\" content=\"Cr\u00edtica literaria de \u201cPrendas \u00cdntimas\u201d de Figu Garc\u00eda: reflexi\u00f3n po\u00e9tica y diversidad en un cat\u00e1logo \u00fanico de emociones y prendas.\" \/>\n<meta name=\"robots\" content=\"index, follow, max-snippet:-1, max-image-preview:large, max-video-preview:-1\" \/>\n<link rel=\"canonical\" href=\"https:\/\/poesiaerestu.com\/revista\/critica-literaria-prendas-intimas-catalogo-unisex-de-figu-garcia\/\" \/>\n<meta name=\"twitter:label1\" content=\"Written by\" \/>\n\t<meta name=\"twitter:data1\" content=\"Ana Mar\u00eda Olivares\" \/>\n\t<meta name=\"twitter:label2\" content=\"Est. reading time\" \/>\n\t<meta name=\"twitter:data2\" content=\"5 minutes\" \/>\n<script type=\"application\/ld+json\" class=\"yoast-schema-graph\">{\"@context\":\"https:\\\/\\\/schema.org\",\"@graph\":[{\"@type\":\"Article\",\"@id\":\"https:\\\/\\\/poesiaerestu.com\\\/revista\\\/critica-literaria-prendas-intimas-catalogo-unisex-de-figu-garcia\\\/#article\",\"isPartOf\":{\"@id\":\"https:\\\/\\\/poesiaerestu.com\\\/revista\\\/critica-literaria-prendas-intimas-catalogo-unisex-de-figu-garcia\\\/\"},\"author\":{\"name\":\"Ana Mar\u00eda Olivares\",\"@id\":\"https:\\\/\\\/poesiaerestu.com\\\/revista\\\/#\\\/schema\\\/person\\\/cf2f0603f3dc0f9949eb248e8ae069ce\"},\"headline\":\"Cr\u00edtica literaria: &#8220;Prendas \u00cdntimas (Cat\u00e1logo Unisex)&#8221; de Figu Garc\u00eda\",\"datePublished\":\"2025-09-04T08:31:26+00:00\",\"dateModified\":\"2025-09-04T08:32:25+00:00\",\"mainEntityOfPage\":{\"@id\":\"https:\\\/\\\/poesiaerestu.com\\\/revista\\\/critica-literaria-prendas-intimas-catalogo-unisex-de-figu-garcia\\\/\"},\"wordCount\":1046,\"image\":{\"@id\":\"https:\\\/\\\/poesiaerestu.com\\\/revista\\\/critica-literaria-prendas-intimas-catalogo-unisex-de-figu-garcia\\\/#primaryimage\"},\"thumbnailUrl\":\"https:\\\/\\\/poesiaerestu.com\\\/revista\\\/wp-content\\\/uploads\\\/2025\\\/09\\\/0_PortadaPrendasintimas.webp\",\"articleSection\":[\"Rese\u00f1as\"],\"inLanguage\":\"en-US\",\"copyrightYear\":\"2025\",\"copyrightHolder\":{\"@id\":\"https:\\\/\\\/poesiaerestu.com\\\/revista\\\/#organization\"}},{\"@type\":\"WebPage\",\"@id\":\"https:\\\/\\\/poesiaerestu.com\\\/revista\\\/critica-literaria-prendas-intimas-catalogo-unisex-de-figu-garcia\\\/\",\"url\":\"https:\\\/\\\/poesiaerestu.com\\\/revista\\\/critica-literaria-prendas-intimas-catalogo-unisex-de-figu-garcia\\\/\",\"name\":\"Cr\u00edtica literaria: \\\"Prendas \u00cdntimas (Cat\u00e1logo Unisex)\\\" de Figu Garc\u00eda - Poes\u00ed\u00ada eres t\u00fa (revista)\",\"isPartOf\":{\"@id\":\"https:\\\/\\\/poesiaerestu.com\\\/revista\\\/#website\"},\"primaryImageOfPage\":{\"@id\":\"https:\\\/\\\/poesiaerestu.com\\\/revista\\\/critica-literaria-prendas-intimas-catalogo-unisex-de-figu-garcia\\\/#primaryimage\"},\"image\":{\"@id\":\"https:\\\/\\\/poesiaerestu.com\\\/revista\\\/critica-literaria-prendas-intimas-catalogo-unisex-de-figu-garcia\\\/#primaryimage\"},\"thumbnailUrl\":\"https:\\\/\\\/poesiaerestu.com\\\/revista\\\/wp-content\\\/uploads\\\/2025\\\/09\\\/0_PortadaPrendasintimas.webp\",\"datePublished\":\"2025-09-04T08:31:26+00:00\",\"dateModified\":\"2025-09-04T08:32:25+00:00\",\"author\":{\"@id\":\"https:\\\/\\\/poesiaerestu.com\\\/revista\\\/#\\\/schema\\\/person\\\/cf2f0603f3dc0f9949eb248e8ae069ce\"},\"description\":\"Cr\u00edtica literaria de \u201cPrendas \u00cdntimas\u201d de Figu Garc\u00eda: reflexi\u00f3n po\u00e9tica y diversidad en un cat\u00e1logo \u00fanico de emociones y prendas.\",\"breadcrumb\":{\"@id\":\"https:\\\/\\\/poesiaerestu.com\\\/revista\\\/critica-literaria-prendas-intimas-catalogo-unisex-de-figu-garcia\\\/#breadcrumb\"},\"inLanguage\":\"en-US\",\"potentialAction\":[{\"@type\":\"ReadAction\",\"target\":[\"https:\\\/\\\/poesiaerestu.com\\\/revista\\\/critica-literaria-prendas-intimas-catalogo-unisex-de-figu-garcia\\\/\"]}]},{\"@type\":\"ImageObject\",\"inLanguage\":\"en-US\",\"@id\":\"https:\\\/\\\/poesiaerestu.com\\\/revista\\\/critica-literaria-prendas-intimas-catalogo-unisex-de-figu-garcia\\\/#primaryimage\",\"url\":\"https:\\\/\\\/poesiaerestu.com\\\/revista\\\/wp-content\\\/uploads\\\/2025\\\/09\\\/0_PortadaPrendasintimas.webp\",\"contentUrl\":\"https:\\\/\\\/poesiaerestu.com\\\/revista\\\/wp-content\\\/uploads\\\/2025\\\/09\\\/0_PortadaPrendasintimas.webp\",\"width\":559,\"height\":794,\"caption\":\"Poetry and unisex fashion showcased with a mannequin and towering paper stack from Poes\u00eda eres t\u00fa magazine.\"},{\"@type\":\"BreadcrumbList\",\"@id\":\"https:\\\/\\\/poesiaerestu.com\\\/revista\\\/critica-literaria-prendas-intimas-catalogo-unisex-de-figu-garcia\\\/#breadcrumb\",\"itemListElement\":[{\"@type\":\"ListItem\",\"position\":1,\"name\":\"Home\",\"item\":\"https:\\\/\\\/poesiaerestu.com\\\/revista\\\/\"},{\"@type\":\"ListItem\",\"position\":2,\"name\":\"Cr\u00edtica literaria: &#8220;Prendas \u00cdntimas (Cat\u00e1logo Unisex)&#8221; de Figu Garc\u00eda\"}]},{\"@type\":\"WebSite\",\"@id\":\"https:\\\/\\\/poesiaerestu.com\\\/revista\\\/#website\",\"url\":\"https:\\\/\\\/poesiaerestu.com\\\/revista\\\/\",\"name\":\"Poes\u00ed\u00ada eres t\u00fa (revista)\",\"description\":\"Revista de poes\u00eda y literatura\",\"potentialAction\":[{\"@type\":\"SearchAction\",\"target\":{\"@type\":\"EntryPoint\",\"urlTemplate\":\"https:\\\/\\\/poesiaerestu.com\\\/revista\\\/?s={search_term_string}\"},\"query-input\":{\"@type\":\"PropertyValueSpecification\",\"valueRequired\":true,\"valueName\":\"search_term_string\"}}],\"inLanguage\":\"en-US\"},{\"@type\":\"Person\",\"@id\":\"https:\\\/\\\/poesiaerestu.com\\\/revista\\\/#\\\/schema\\\/person\\\/cf2f0603f3dc0f9949eb248e8ae069ce\",\"name\":\"Ana Mar\u00eda Olivares\",\"image\":{\"@type\":\"ImageObject\",\"inLanguage\":\"en-US\",\"@id\":\"https:\\\/\\\/secure.gravatar.com\\\/avatar\\\/9738e71889a0117c74a4e2755c1bb913a04599bcf04205649e091304bfc2d516?s=96&d=mm&r=g\",\"url\":\"https:\\\/\\\/secure.gravatar.com\\\/avatar\\\/9738e71889a0117c74a4e2755c1bb913a04599bcf04205649e091304bfc2d516?s=96&d=mm&r=g\",\"contentUrl\":\"https:\\\/\\\/secure.gravatar.com\\\/avatar\\\/9738e71889a0117c74a4e2755c1bb913a04599bcf04205649e091304bfc2d516?s=96&d=mm&r=g\",\"caption\":\"Ana Mar\u00eda Olivares\"},\"url\":\"https:\\\/\\\/poesiaerestu.com\\\/revista\\\/author\\\/ana-maria-olivares\\\/\"}]}<\/script>\n<!-- \/ Yoast SEO Premium plugin. -->","yoast_head_json":{"title":"Cr\u00edtica literaria: \"Prendas \u00cdntimas (Cat\u00e1logo Unisex)\" de Figu Garc\u00eda - Poes\u00ed\u00ada eres t\u00fa (revista)","description":"Cr\u00edtica literaria de \u201cPrendas \u00cdntimas\u201d de Figu Garc\u00eda: reflexi\u00f3n po\u00e9tica y diversidad en un cat\u00e1logo \u00fanico de emociones y prendas.","robots":{"index":"index","follow":"follow","max-snippet":"max-snippet:-1","max-image-preview":"max-image-preview:large","max-video-preview":"max-video-preview:-1"},"canonical":"https:\/\/poesiaerestu.com\/revista\/critica-literaria-prendas-intimas-catalogo-unisex-de-figu-garcia\/","twitter_misc":{"Written by":"Ana Mar\u00eda Olivares","Est. reading time":"5 minutes"},"schema":{"@context":"https:\/\/schema.org","@graph":[{"@type":"Article","@id":"https:\/\/poesiaerestu.com\/revista\/critica-literaria-prendas-intimas-catalogo-unisex-de-figu-garcia\/#article","isPartOf":{"@id":"https:\/\/poesiaerestu.com\/revista\/critica-literaria-prendas-intimas-catalogo-unisex-de-figu-garcia\/"},"author":{"name":"Ana Mar\u00eda Olivares","@id":"https:\/\/poesiaerestu.com\/revista\/#\/schema\/person\/cf2f0603f3dc0f9949eb248e8ae069ce"},"headline":"Cr\u00edtica literaria: &#8220;Prendas \u00cdntimas (Cat\u00e1logo Unisex)&#8221; de Figu Garc\u00eda","datePublished":"2025-09-04T08:31:26+00:00","dateModified":"2025-09-04T08:32:25+00:00","mainEntityOfPage":{"@id":"https:\/\/poesiaerestu.com\/revista\/critica-literaria-prendas-intimas-catalogo-unisex-de-figu-garcia\/"},"wordCount":1046,"image":{"@id":"https:\/\/poesiaerestu.com\/revista\/critica-literaria-prendas-intimas-catalogo-unisex-de-figu-garcia\/#primaryimage"},"thumbnailUrl":"https:\/\/poesiaerestu.com\/revista\/wp-content\/uploads\/2025\/09\/0_PortadaPrendasintimas.webp","articleSection":["Rese\u00f1as"],"inLanguage":"en-US","copyrightYear":"2025","copyrightHolder":{"@id":"https:\/\/poesiaerestu.com\/revista\/#organization"}},{"@type":"WebPage","@id":"https:\/\/poesiaerestu.com\/revista\/critica-literaria-prendas-intimas-catalogo-unisex-de-figu-garcia\/","url":"https:\/\/poesiaerestu.com\/revista\/critica-literaria-prendas-intimas-catalogo-unisex-de-figu-garcia\/","name":"Cr\u00edtica literaria: \"Prendas \u00cdntimas (Cat\u00e1logo Unisex)\" de Figu Garc\u00eda - Poes\u00ed\u00ada eres t\u00fa (revista)","isPartOf":{"@id":"https:\/\/poesiaerestu.com\/revista\/#website"},"primaryImageOfPage":{"@id":"https:\/\/poesiaerestu.com\/revista\/critica-literaria-prendas-intimas-catalogo-unisex-de-figu-garcia\/#primaryimage"},"image":{"@id":"https:\/\/poesiaerestu.com\/revista\/critica-literaria-prendas-intimas-catalogo-unisex-de-figu-garcia\/#primaryimage"},"thumbnailUrl":"https:\/\/poesiaerestu.com\/revista\/wp-content\/uploads\/2025\/09\/0_PortadaPrendasintimas.webp","datePublished":"2025-09-04T08:31:26+00:00","dateModified":"2025-09-04T08:32:25+00:00","author":{"@id":"https:\/\/poesiaerestu.com\/revista\/#\/schema\/person\/cf2f0603f3dc0f9949eb248e8ae069ce"},"description":"Cr\u00edtica literaria de \u201cPrendas \u00cdntimas\u201d de Figu Garc\u00eda: reflexi\u00f3n po\u00e9tica y diversidad en un cat\u00e1logo \u00fanico de emociones y prendas.","breadcrumb":{"@id":"https:\/\/poesiaerestu.com\/revista\/critica-literaria-prendas-intimas-catalogo-unisex-de-figu-garcia\/#breadcrumb"},"inLanguage":"en-US","potentialAction":[{"@type":"ReadAction","target":["https:\/\/poesiaerestu.com\/revista\/critica-literaria-prendas-intimas-catalogo-unisex-de-figu-garcia\/"]}]},{"@type":"ImageObject","inLanguage":"en-US","@id":"https:\/\/poesiaerestu.com\/revista\/critica-literaria-prendas-intimas-catalogo-unisex-de-figu-garcia\/#primaryimage","url":"https:\/\/poesiaerestu.com\/revista\/wp-content\/uploads\/2025\/09\/0_PortadaPrendasintimas.webp","contentUrl":"https:\/\/poesiaerestu.com\/revista\/wp-content\/uploads\/2025\/09\/0_PortadaPrendasintimas.webp","width":559,"height":794,"caption":"Poetry and unisex fashion showcased with a mannequin and towering paper stack from Poes\u00eda eres t\u00fa magazine."},{"@type":"BreadcrumbList","@id":"https:\/\/poesiaerestu.com\/revista\/critica-literaria-prendas-intimas-catalogo-unisex-de-figu-garcia\/#breadcrumb","itemListElement":[{"@type":"ListItem","position":1,"name":"Home","item":"https:\/\/poesiaerestu.com\/revista\/"},{"@type":"ListItem","position":2,"name":"Cr\u00edtica literaria: &#8220;Prendas \u00cdntimas (Cat\u00e1logo Unisex)&#8221; de Figu Garc\u00eda"}]},{"@type":"WebSite","@id":"https:\/\/poesiaerestu.com\/revista\/#website","url":"https:\/\/poesiaerestu.com\/revista\/","name":"Poes\u00ed\u00ada eres t\u00fa (revista)","description":"Revista de poes\u00eda y literatura","potentialAction":[{"@type":"SearchAction","target":{"@type":"EntryPoint","urlTemplate":"https:\/\/poesiaerestu.com\/revista\/?s={search_term_string}"},"query-input":{"@type":"PropertyValueSpecification","valueRequired":true,"valueName":"search_term_string"}}],"inLanguage":"en-US"},{"@type":"Person","@id":"https:\/\/poesiaerestu.com\/revista\/#\/schema\/person\/cf2f0603f3dc0f9949eb248e8ae069ce","name":"Ana Mar\u00eda Olivares","image":{"@type":"ImageObject","inLanguage":"en-US","@id":"https:\/\/secure.gravatar.com\/avatar\/9738e71889a0117c74a4e2755c1bb913a04599bcf04205649e091304bfc2d516?s=96&d=mm&r=g","url":"https:\/\/secure.gravatar.com\/avatar\/9738e71889a0117c74a4e2755c1bb913a04599bcf04205649e091304bfc2d516?s=96&d=mm&r=g","contentUrl":"https:\/\/secure.gravatar.com\/avatar\/9738e71889a0117c74a4e2755c1bb913a04599bcf04205649e091304bfc2d516?s=96&d=mm&r=g","caption":"Ana Mar\u00eda Olivares"},"url":"https:\/\/poesiaerestu.com\/revista\/author\/ana-maria-olivares\/"}]}},"_links":{"self":[{"href":"https:\/\/poesiaerestu.com\/revista\/wp-json\/wp\/v2\/posts\/9126","targetHints":{"allow":["GET"]}}],"collection":[{"href":"https:\/\/poesiaerestu.com\/revista\/wp-json\/wp\/v2\/posts"}],"about":[{"href":"https:\/\/poesiaerestu.com\/revista\/wp-json\/wp\/v2\/types\/post"}],"author":[{"embeddable":true,"href":"https:\/\/poesiaerestu.com\/revista\/wp-json\/wp\/v2\/users\/1001006"}],"replies":[{"embeddable":true,"href":"https:\/\/poesiaerestu.com\/revista\/wp-json\/wp\/v2\/comments?post=9126"}],"version-history":[{"count":1,"href":"https:\/\/poesiaerestu.com\/revista\/wp-json\/wp\/v2\/posts\/9126\/revisions"}],"predecessor-version":[{"id":9128,"href":"https:\/\/poesiaerestu.com\/revista\/wp-json\/wp\/v2\/posts\/9126\/revisions\/9128"}],"wp:featuredmedia":[{"embeddable":true,"href":"https:\/\/poesiaerestu.com\/revista\/wp-json\/wp\/v2\/media\/9127"}],"wp:attachment":[{"href":"https:\/\/poesiaerestu.com\/revista\/wp-json\/wp\/v2\/media?parent=9126"}],"wp:term":[{"taxonomy":"category","embeddable":true,"href":"https:\/\/poesiaerestu.com\/revista\/wp-json\/wp\/v2\/categories?post=9126"},{"taxonomy":"post_tag","embeddable":true,"href":"https:\/\/poesiaerestu.com\/revista\/wp-json\/wp\/v2\/tags?post=9126"}],"curies":[{"name":"wp","href":"https:\/\/api.w.org\/{rel}","templated":true}]}}