{"id":912,"date":"2011-11-05T13:08:20","date_gmt":"2011-11-05T12:08:20","guid":{"rendered":"http:\/\/www.poesiaerestu.com\/revista\/?p=912"},"modified":"2011-11-05T13:08:20","modified_gmt":"2011-11-05T12:08:20","slug":"presentacion-del-libro-campos-de-castilla-de-antonio-machado","status":"publish","type":"post","link":"https:\/\/poesiaerestu.com\/revista\/presentacion-del-libro-campos-de-castilla-de-antonio-machado\/","title":{"rendered":"Presentaci\u00f3n del libro: &#8220;Campos de  Castilla&#8221; de Antonio Machado."},"content":{"rendered":"<p>&nbsp;<\/p>\n<p>En 1912 aparece la primera edici\u00f3n de Campos de Castilla. Cien a\u00f1os despu\u00e9s nuestra editorial quiere rendir homenaje con una edici\u00f3n muy especial prologada por Manuel Alvarez Machado (Sobrino nieto de Antonio Machado).<\/p>\n<p><a ref=\"magnificPopup\" href=\"https:\/\/poesiaerestu.com\/revista\/wp-content\/uploads\/2011\/11\/CartelCamposdeCastilla.jpg\"><img loading=\"lazy\" decoding=\"async\" class=\"alignnone size-full wp-image-913\" title=\"CartelCamposdeCastilla\" src=\"https:\/\/poesiaerestu.com\/revista\/wp-content\/uploads\/2011\/11\/CartelCamposdeCastilla.jpg\" alt=\"\" width=\"628\" height=\"443\" srcset=\"https:\/\/poesiaerestu.com\/revista\/wp-content\/uploads\/2011\/11\/CartelCamposdeCastilla.jpg 628w, https:\/\/poesiaerestu.com\/revista\/wp-content\/uploads\/2011\/11\/CartelCamposdeCastilla-300x212.jpg 300w, https:\/\/poesiaerestu.com\/revista\/wp-content\/uploads\/2011\/11\/CartelCamposdeCastilla-600x423.jpg 600w, https:\/\/poesiaerestu.com\/revista\/wp-content\/uploads\/2011\/11\/CartelCamposdeCastilla-85x60.jpg 85w\" sizes=\"auto, (max-width: 628px) 100vw, 628px\" \/><\/a><\/p>\n<p>&nbsp;<\/p>\n<p>&nbsp;<\/p>\n<p>&nbsp;<\/p>\n<p>&nbsp;<\/p>\n<p>&nbsp;<\/p>\n","protected":false},"excerpt":{"rendered":"<p>&nbsp; En 1912 aparece la primera edici\u00f3n de Campos de Castilla. Cien a\u00f1os despu\u00e9s nuestra editorial quiere rendir homenaje con una edici\u00f3n muy especial prologada por Manuel Alvarez Machado (Sobrino nieto de Antonio Machado). &nbsp; &nbsp; &nbsp; &nbsp; &nbsp;<\/p>\n","protected":false},"author":1,"featured_media":913,"comment_status":"open","ping_status":"open","sticky":false,"template":"","format":"standard","meta":{"footnotes":"","_links_to":"","_links_to_target":""},"categories":[8],"tags":[],"class_list":["post-912","post","type-post","status-publish","format-standard","has-post-thumbnail","hentry","category-eventos"],"yoast_head":"<!-- This site is optimized with the Yoast SEO Premium plugin v24.7 (Yoast SEO v27.5) - https:\/\/yoast.com\/product\/yoast-seo-premium-wordpress\/ -->\n<title>Presentaci\u00f3n del libro: &quot;Campos de Castilla&quot; de Antonio Machado.<\/title>\n<meta name=\"description\" content=\"&nbsp;\" \/>\n<meta name=\"robots\" content=\"index, follow, max-snippet:-1, max-image-preview:large, max-video-preview:-1\" \/>\n<link rel=\"canonical\" href=\"https:\/\/poesiaerestu.com\/revista\/presentacion-del-libro-campos-de-castilla-de-antonio-machado\/\" \/>\n<meta name=\"twitter:label1\" content=\"Written by\" \/>\n\t<meta name=\"twitter:data1\" content=\"admin\" \/>\n<script type=\"application\/ld+json\" class=\"yoast-schema-graph\">{\"@context\":\"https:\\\/\\\/schema.org\",\"@graph\":[{\"@type\":\"Article\",\"@id\":\"https:\\\/\\\/poesiaerestu.com\\\/revista\\\/presentacion-del-libro-campos-de-castilla-de-antonio-machado\\\/#article\",\"isPartOf\":{\"@id\":\"https:\\\/\\\/poesiaerestu.com\\\/revista\\\/presentacion-del-libro-campos-de-castilla-de-antonio-machado\\\/\"},\"author\":{\"name\":\"admin\",\"@id\":\"https:\\\/\\\/poesiaerestu.com\\\/revista\\\/#\\\/schema\\\/person\\\/fcb1a2122be3810bfdd0c071b4b3e9c4\"},\"headline\":\"Presentaci\u00f3n del libro: &#8220;Campos de Castilla&#8221; de Antonio Machado.\",\"datePublished\":\"2011-11-05T12:08:20+00:00\",\"mainEntityOfPage\":{\"@id\":\"https:\\\/\\\/poesiaerestu.com\\\/revista\\\/presentacion-del-libro-campos-de-castilla-de-antonio-machado\\\/\"},\"wordCount\":52,\"commentCount\":0,\"image\":{\"@id\":\"https:\\\/\\\/poesiaerestu.com\\\/revista\\\/presentacion-del-libro-campos-de-castilla-de-antonio-machado\\\/#primaryimage\"},\"thumbnailUrl\":\"https:\\\/\\\/poesiaerestu.com\\\/revista\\\/wp-content\\\/uploads\\\/2011\\\/11\\\/CartelCamposdeCastilla.jpg\",\"articleSection\":[\"Eventos\"],\"inLanguage\":\"en-US\",\"copyrightYear\":\"2011\",\"copyrightHolder\":{\"@id\":\"https:\\\/\\\/poesiaerestu.com\\\/revista\\\/#organization\"}},{\"@type\":\"WebPage\",\"@id\":\"https:\\\/\\\/poesiaerestu.com\\\/revista\\\/presentacion-del-libro-campos-de-castilla-de-antonio-machado\\\/\",\"url\":\"https:\\\/\\\/poesiaerestu.com\\\/revista\\\/presentacion-del-libro-campos-de-castilla-de-antonio-machado\\\/\",\"name\":\"Presentaci\u00f3n del libro: \\\"Campos de Castilla\\\" de Antonio Machado.\",\"isPartOf\":{\"@id\":\"https:\\\/\\\/poesiaerestu.com\\\/revista\\\/#website\"},\"primaryImageOfPage\":{\"@id\":\"https:\\\/\\\/poesiaerestu.com\\\/revista\\\/presentacion-del-libro-campos-de-castilla-de-antonio-machado\\\/#primaryimage\"},\"image\":{\"@id\":\"https:\\\/\\\/poesiaerestu.com\\\/revista\\\/presentacion-del-libro-campos-de-castilla-de-antonio-machado\\\/#primaryimage\"},\"thumbnailUrl\":\"https:\\\/\\\/poesiaerestu.com\\\/revista\\\/wp-content\\\/uploads\\\/2011\\\/11\\\/CartelCamposdeCastilla.jpg\",\"datePublished\":\"2011-11-05T12:08:20+00:00\",\"author\":{\"@id\":\"https:\\\/\\\/poesiaerestu.com\\\/revista\\\/#\\\/schema\\\/person\\\/fcb1a2122be3810bfdd0c071b4b3e9c4\"},\"description\":\"&nbsp;\",\"breadcrumb\":{\"@id\":\"https:\\\/\\\/poesiaerestu.com\\\/revista\\\/presentacion-del-libro-campos-de-castilla-de-antonio-machado\\\/#breadcrumb\"},\"inLanguage\":\"en-US\",\"potentialAction\":[{\"@type\":\"ReadAction\",\"target\":[\"https:\\\/\\\/poesiaerestu.com\\\/revista\\\/presentacion-del-libro-campos-de-castilla-de-antonio-machado\\\/\"]}]},{\"@type\":\"ImageObject\",\"inLanguage\":\"en-US\",\"@id\":\"https:\\\/\\\/poesiaerestu.com\\\/revista\\\/presentacion-del-libro-campos-de-castilla-de-antonio-machado\\\/#primaryimage\",\"url\":\"https:\\\/\\\/poesiaerestu.com\\\/revista\\\/wp-content\\\/uploads\\\/2011\\\/11\\\/CartelCamposdeCastilla.jpg\",\"contentUrl\":\"https:\\\/\\\/poesiaerestu.com\\\/revista\\\/wp-content\\\/uploads\\\/2011\\\/11\\\/CartelCamposdeCastilla.jpg\",\"width\":628,\"height\":443},{\"@type\":\"BreadcrumbList\",\"@id\":\"https:\\\/\\\/poesiaerestu.com\\\/revista\\\/presentacion-del-libro-campos-de-castilla-de-antonio-machado\\\/#breadcrumb\",\"itemListElement\":[{\"@type\":\"ListItem\",\"position\":1,\"name\":\"Home\",\"item\":\"https:\\\/\\\/poesiaerestu.com\\\/revista\\\/\"},{\"@type\":\"ListItem\",\"position\":2,\"name\":\"Presentaci\u00f3n del libro: &#8220;Campos de Castilla&#8221; de Antonio Machado.\"}]},{\"@type\":\"WebSite\",\"@id\":\"https:\\\/\\\/poesiaerestu.com\\\/revista\\\/#website\",\"url\":\"https:\\\/\\\/poesiaerestu.com\\\/revista\\\/\",\"name\":\"Poes\u00ed\u00ada eres t\u00fa (revista)\",\"description\":\"Revista de poes\u00eda y literatura\",\"potentialAction\":[{\"@type\":\"SearchAction\",\"target\":{\"@type\":\"EntryPoint\",\"urlTemplate\":\"https:\\\/\\\/poesiaerestu.com\\\/revista\\\/?s={search_term_string}\"},\"query-input\":{\"@type\":\"PropertyValueSpecification\",\"valueRequired\":true,\"valueName\":\"search_term_string\"}}],\"inLanguage\":\"en-US\"},{\"@type\":\"Person\",\"@id\":\"https:\\\/\\\/poesiaerestu.com\\\/revista\\\/#\\\/schema\\\/person\\\/fcb1a2122be3810bfdd0c071b4b3e9c4\",\"name\":\"admin\",\"image\":{\"@type\":\"ImageObject\",\"inLanguage\":\"en-US\",\"@id\":\"https:\\\/\\\/secure.gravatar.com\\\/avatar\\\/1cb55a5bd8d6824519e46b552e84b03575857cc9c4d6333824d2f95d82129f50?s=96&d=mm&r=g\",\"url\":\"https:\\\/\\\/secure.gravatar.com\\\/avatar\\\/1cb55a5bd8d6824519e46b552e84b03575857cc9c4d6333824d2f95d82129f50?s=96&d=mm&r=g\",\"contentUrl\":\"https:\\\/\\\/secure.gravatar.com\\\/avatar\\\/1cb55a5bd8d6824519e46b552e84b03575857cc9c4d6333824d2f95d82129f50?s=96&d=mm&r=g\",\"caption\":\"admin\"},\"url\":\"https:\\\/\\\/poesiaerestu.com\\\/revista\\\/author\\\/admin\\\/\"}]}<\/script>\n<!-- \/ Yoast SEO Premium plugin. -->","yoast_head_json":{"title":"Presentaci\u00f3n del libro: \"Campos de Castilla\" de Antonio Machado.","description":"&nbsp;","robots":{"index":"index","follow":"follow","max-snippet":"max-snippet:-1","max-image-preview":"max-image-preview:large","max-video-preview":"max-video-preview:-1"},"canonical":"https:\/\/poesiaerestu.com\/revista\/presentacion-del-libro-campos-de-castilla-de-antonio-machado\/","twitter_misc":{"Written by":"admin"},"schema":{"@context":"https:\/\/schema.org","@graph":[{"@type":"Article","@id":"https:\/\/poesiaerestu.com\/revista\/presentacion-del-libro-campos-de-castilla-de-antonio-machado\/#article","isPartOf":{"@id":"https:\/\/poesiaerestu.com\/revista\/presentacion-del-libro-campos-de-castilla-de-antonio-machado\/"},"author":{"name":"admin","@id":"https:\/\/poesiaerestu.com\/revista\/#\/schema\/person\/fcb1a2122be3810bfdd0c071b4b3e9c4"},"headline":"Presentaci\u00f3n del libro: &#8220;Campos de Castilla&#8221; de Antonio Machado.","datePublished":"2011-11-05T12:08:20+00:00","mainEntityOfPage":{"@id":"https:\/\/poesiaerestu.com\/revista\/presentacion-del-libro-campos-de-castilla-de-antonio-machado\/"},"wordCount":52,"commentCount":0,"image":{"@id":"https:\/\/poesiaerestu.com\/revista\/presentacion-del-libro-campos-de-castilla-de-antonio-machado\/#primaryimage"},"thumbnailUrl":"https:\/\/poesiaerestu.com\/revista\/wp-content\/uploads\/2011\/11\/CartelCamposdeCastilla.jpg","articleSection":["Eventos"],"inLanguage":"en-US","copyrightYear":"2011","copyrightHolder":{"@id":"https:\/\/poesiaerestu.com\/revista\/#organization"}},{"@type":"WebPage","@id":"https:\/\/poesiaerestu.com\/revista\/presentacion-del-libro-campos-de-castilla-de-antonio-machado\/","url":"https:\/\/poesiaerestu.com\/revista\/presentacion-del-libro-campos-de-castilla-de-antonio-machado\/","name":"Presentaci\u00f3n del libro: \"Campos de Castilla\" de Antonio Machado.","isPartOf":{"@id":"https:\/\/poesiaerestu.com\/revista\/#website"},"primaryImageOfPage":{"@id":"https:\/\/poesiaerestu.com\/revista\/presentacion-del-libro-campos-de-castilla-de-antonio-machado\/#primaryimage"},"image":{"@id":"https:\/\/poesiaerestu.com\/revista\/presentacion-del-libro-campos-de-castilla-de-antonio-machado\/#primaryimage"},"thumbnailUrl":"https:\/\/poesiaerestu.com\/revista\/wp-content\/uploads\/2011\/11\/CartelCamposdeCastilla.jpg","datePublished":"2011-11-05T12:08:20+00:00","author":{"@id":"https:\/\/poesiaerestu.com\/revista\/#\/schema\/person\/fcb1a2122be3810bfdd0c071b4b3e9c4"},"description":"&nbsp;","breadcrumb":{"@id":"https:\/\/poesiaerestu.com\/revista\/presentacion-del-libro-campos-de-castilla-de-antonio-machado\/#breadcrumb"},"inLanguage":"en-US","potentialAction":[{"@type":"ReadAction","target":["https:\/\/poesiaerestu.com\/revista\/presentacion-del-libro-campos-de-castilla-de-antonio-machado\/"]}]},{"@type":"ImageObject","inLanguage":"en-US","@id":"https:\/\/poesiaerestu.com\/revista\/presentacion-del-libro-campos-de-castilla-de-antonio-machado\/#primaryimage","url":"https:\/\/poesiaerestu.com\/revista\/wp-content\/uploads\/2011\/11\/CartelCamposdeCastilla.jpg","contentUrl":"https:\/\/poesiaerestu.com\/revista\/wp-content\/uploads\/2011\/11\/CartelCamposdeCastilla.jpg","width":628,"height":443},{"@type":"BreadcrumbList","@id":"https:\/\/poesiaerestu.com\/revista\/presentacion-del-libro-campos-de-castilla-de-antonio-machado\/#breadcrumb","itemListElement":[{"@type":"ListItem","position":1,"name":"Home","item":"https:\/\/poesiaerestu.com\/revista\/"},{"@type":"ListItem","position":2,"name":"Presentaci\u00f3n del libro: &#8220;Campos de Castilla&#8221; de Antonio Machado."}]},{"@type":"WebSite","@id":"https:\/\/poesiaerestu.com\/revista\/#website","url":"https:\/\/poesiaerestu.com\/revista\/","name":"Poes\u00ed\u00ada eres t\u00fa (revista)","description":"Revista de poes\u00eda y literatura","potentialAction":[{"@type":"SearchAction","target":{"@type":"EntryPoint","urlTemplate":"https:\/\/poesiaerestu.com\/revista\/?s={search_term_string}"},"query-input":{"@type":"PropertyValueSpecification","valueRequired":true,"valueName":"search_term_string"}}],"inLanguage":"en-US"},{"@type":"Person","@id":"https:\/\/poesiaerestu.com\/revista\/#\/schema\/person\/fcb1a2122be3810bfdd0c071b4b3e9c4","name":"admin","image":{"@type":"ImageObject","inLanguage":"en-US","@id":"https:\/\/secure.gravatar.com\/avatar\/1cb55a5bd8d6824519e46b552e84b03575857cc9c4d6333824d2f95d82129f50?s=96&d=mm&r=g","url":"https:\/\/secure.gravatar.com\/avatar\/1cb55a5bd8d6824519e46b552e84b03575857cc9c4d6333824d2f95d82129f50?s=96&d=mm&r=g","contentUrl":"https:\/\/secure.gravatar.com\/avatar\/1cb55a5bd8d6824519e46b552e84b03575857cc9c4d6333824d2f95d82129f50?s=96&d=mm&r=g","caption":"admin"},"url":"https:\/\/poesiaerestu.com\/revista\/author\/admin\/"}]}},"_links":{"self":[{"href":"https:\/\/poesiaerestu.com\/revista\/wp-json\/wp\/v2\/posts\/912","targetHints":{"allow":["GET"]}}],"collection":[{"href":"https:\/\/poesiaerestu.com\/revista\/wp-json\/wp\/v2\/posts"}],"about":[{"href":"https:\/\/poesiaerestu.com\/revista\/wp-json\/wp\/v2\/types\/post"}],"author":[{"embeddable":true,"href":"https:\/\/poesiaerestu.com\/revista\/wp-json\/wp\/v2\/users\/1"}],"replies":[{"embeddable":true,"href":"https:\/\/poesiaerestu.com\/revista\/wp-json\/wp\/v2\/comments?post=912"}],"version-history":[{"count":0,"href":"https:\/\/poesiaerestu.com\/revista\/wp-json\/wp\/v2\/posts\/912\/revisions"}],"wp:featuredmedia":[{"embeddable":true,"href":"https:\/\/poesiaerestu.com\/revista\/wp-json\/wp\/v2\/media\/913"}],"wp:attachment":[{"href":"https:\/\/poesiaerestu.com\/revista\/wp-json\/wp\/v2\/media?parent=912"}],"wp:term":[{"taxonomy":"category","embeddable":true,"href":"https:\/\/poesiaerestu.com\/revista\/wp-json\/wp\/v2\/categories?post=912"},{"taxonomy":"post_tag","embeddable":true,"href":"https:\/\/poesiaerestu.com\/revista\/wp-json\/wp\/v2\/tags?post=912"}],"curies":[{"name":"wp","href":"https:\/\/api.w.org\/{rel}","templated":true}]}}