{"id":9104,"date":"2025-09-03T12:56:08","date_gmt":"2025-09-03T10:56:08","guid":{"rendered":"https:\/\/poesiaerestu.com\/revista\/?p=9104"},"modified":"2025-09-03T12:56:08","modified_gmt":"2025-09-03T10:56:08","slug":"critica-literaria-tu-sombra-y-la-lira-de-miguel-torres-morales","status":"publish","type":"post","link":"https:\/\/poesiaerestu.com\/revista\/critica-literaria-tu-sombra-y-la-lira-de-miguel-torres-morales\/","title":{"rendered":"Cr\u00edtica literaria: \u201cTu sombra y la lira\u201d de Miguel Torres Morales"},"content":{"rendered":"<h1>Cr\u00edtica literaria: \u201cTu sombra y la lira\u201d de Miguel Torres Morales<\/h1>\n<h2>T\u00edtulo y Autor<\/h2>\n<p>T\u00edtulo:\u00a0Tu sombra y la lira<br \/>\nAutor:\u00a0Miguel Torres Morales. Poeta peruano contempor\u00e1neo, de fuerte formaci\u00f3n humanista, cuya trayectoria enlaza la tradici\u00f3n l\u00edrica latinoamericana con influencias europeas y el exilio voluntario. Ha cultivado la poes\u00eda desde \u00e1mbitos acad\u00e9micos y personales, y muestra un inter\u00e9s por el di\u00e1logo entre la memoria personal, la cultura cl\u00e1sica y la experiencia de la di\u00e1spora.<\/p>\n<h2>Resumen Breve<\/h2>\n<p>El libro se articula como un mosaico de poemas que exploran el amor, la p\u00e9rdida, la memoria y la identidad desde la evocaci\u00f3n del Barranco lime\u00f1o hasta el extra\u00f1amiento en Europa. No existe una \u201ctrama\u201d narrativa al modo convencional, pero s\u00ed un hilo tem\u00e1tico que enlaza escenas de la infancia, figuras de la cultura grecolatina y episodios de la vida migrante, componiendo un recorrido emocional y reflexivo.<\/p>\n<h2>An\u00e1lisis de Elementos Literarios<\/h2>\n<h3>Trama<\/h3>\n<p>La estructura de la obra es fragmentaria, propia del\u00a0g\u00e9nero l\u00edrico moderno: cada poema es aut\u00f3nomo y a la vez contribuye a una progresi\u00f3n tem\u00e1tica global en la que predomina la alternancia de rememoraci\u00f3n y extra\u00f1amiento. No hay cl\u00edmax convencional, sino una acumulaci\u00f3n gradual de intensidad emocional, subrayada por la disposici\u00f3n del \u00edndice cronol\u00f3gico que interrumpe la l\u00f3gica tradicional y sit\u00faa el tiempo po\u00e9tico en la simultaneidad de la memoria.<\/p>\n<h3>Estilo y Lenguaje<\/h3>\n<p>El autor utiliza un\u00a0lenguaje h\u00edbrido y polif\u00f3nico, combinando un l\u00e9xico culto y referencias a la tradici\u00f3n cl\u00e1sica (Plat\u00f3n, Garcilaso, H\u00f6lderlin) con im\u00e1genes sensoriales y coloquiales. La experimentaci\u00f3n formal se aprecia en el vaiv\u00e9n entre poemas extensos y aforismos, rupturas sint\u00e1cticas (\u201ccentauro fatal nos devora la entra\u00f1a feroz de la idea amorosa e ingenua\u201d), alternancia de estrofas largas con vers\u00edculos cortos y la inserci\u00f3n de fragmentos en alem\u00e1n, lo que refuerza la experiencia del desarraigo. La\u00a0innovaci\u00f3n\u00a0principal reside en el uso del discurso intertextual y el cruce de registros, emulando a poetas del Modernismo (Vallejo, Cernuda) pero tambi\u00e9n de la postmodernidad hispanoamericana y anglosajona.<\/p>\n<h3>Ambientaci\u00f3n<\/h3>\n<p>El entorno est\u00e1 marcado por la\u00a0dualidad geogr\u00e1fica: el Barranco lime\u00f1o, cargado de nostalgia y realismo m\u00edtico (\u201cEl puente de los suspiros\u201d, \u201cMemorias del remoto balneario\u201d), y una Europa abstracta, m\u00e1s simb\u00f3lica que anecd\u00f3tica. El mar, los cuerpos, la ciudad y la casa de la infancia aparecen como escenarios recurrentes donde se despliega el conflicto entre memoria y presente.<\/p>\n<h2>Interpretaci\u00f3n y Juicio Cr\u00edtico<\/h2>\n<h3>Interpretaci\u00f3n<\/h3>\n<p>Se identifica un uso sostenido del\u00a0simbolismo\u00a0(el puente, la lira, la clepsidra) y una preferencia por la\u00a0alegor\u00eda del viaje\u00a0y el exilio interior como matriz del discurso. El libro es una meditaci\u00f3n sobre la pertenencia, la mutabilidad del amor y la fugacidad de todo lo humano. El registro de Torres Morales, cercano por momentos a la \u201cantipoes\u00eda\u201d de Nicanor Parra pero tambi\u00e9n al intimismo reflexivo de Jos\u00e9 Hierro y la iron\u00eda de Gil de Biedma, actualiza aquellas tradiciones para construir una voz personal no exenta de autocr\u00edtica.<\/p>\n<h3>Juicio Cr\u00edtico<\/h3>\n<p>A nivel de calidad literaria, la obra destaca por su\u00a0originalidad estructural\u00a0y la\u00a0coherencia\u00a0de su experimentaci\u00f3n formal. Su mayor logro es tender puentes entre el lector posmoderno y la poes\u00eda de ra\u00edz cl\u00e1sica, logrando que la cultura y la erudici\u00f3n no obstaculicen la emoci\u00f3n directa. La pluralidad de estilos y el uso consciente de la fragmentaci\u00f3n conectan con tendencias internacionales (William Carlos Williams, Alejandra Pizarnik), acercando la poes\u00eda \u201cerudita\u201d al lector actual sin sacrificar exigencia. En ocasiones, algunos recursos (reiteraci\u00f3n simb\u00f3lica, barroquismo l\u00e9xico) rozan el exceso, pero esto no merma la intensidad y la honestidad de la voz po\u00e9tica.<\/p>\n<h2>Contexto Hist\u00f3rico y Cultural<\/h2>\n<h3>Contexto Hist\u00f3rico<\/h3>\n<p>El libro, publicado en 2025 en plena era de la globalizaci\u00f3n y la movilidad, se nutre de inquietudes contempor\u00e1neas sobre el exilio, la memoria y la construcci\u00f3n de la identidad en tiempos de fragmentaci\u00f3n cultural. Retoma, desde un prisma subjetivo, temas cl\u00e1sicos tratados por Cernuda o Celan, pero dot\u00e1ndolos de una perspectiva transatl\u00e1ntica y mestiza.<\/p>\n<h3>Contexto Cultural<\/h3>\n<p>Torres Morales dialoga expl\u00edcitamente con la literatura peruana (Eguren, Mart\u00edn Ad\u00e1n), la tradici\u00f3n castellana y la herencia grecolatina. Esta mezcla de referentes, junto con la polifon\u00eda ling\u00fc\u00edstica y la exploraci\u00f3n del deseo, crea un espacio literario que refleja y problematiza la hibridez cultural de la contemporaneidad.<\/p>\n<h2>Comparaci\u00f3n con Otras Obras<\/h2>\n<p>El poemario invoca la fragmentariedad de\u00a0Alejandra Pizarnik, la iron\u00eda de\u00a0Jaime Gil de Biedma\u00a0y la musicalidad de\u00a0Jos\u00e9 Hierro. Sin embargo, se diferencia por su expl\u00edcito cosmopolitismo y la innovaci\u00f3n en la integraci\u00f3n del biling\u00fcismo como recurso literario y existencial. Frente a poetas del \u201cyo puro\u201d (como Juan Ram\u00f3n Jim\u00e9nez) o la rigidez conceptual de la Generaci\u00f3n del 27, aqu\u00ed predomina el desplazamiento, la inestabilidad y la b\u00fasqueda.<\/p>\n<h2>Opini\u00f3n Personal y Recomendaci\u00f3n<\/h2>\n<p>La obra representa una aportaci\u00f3n relevante y diferenciada en el actual panorama po\u00e9tico en espa\u00f1ol. Recomendada para lectores de poes\u00eda contempor\u00e1nea, interesados en\u00a0la experimentaci\u00f3n formal, la intertextualidad\u00a0y la resonancia emocional de la l\u00edrica actual. Sus puentes con la tradici\u00f3n del siglo XX abren el texto tanto a j\u00f3venes lectores como a cr\u00edticos y estudiosos de la poes\u00eda moderna.<\/p>\n<h2><\/h2>\n<blockquote><p>\u201cTu sombra y la lira\u201d muestra c\u00f3mo la innovaci\u00f3n, lejos de romper con la tradici\u00f3n, puede reescribirla desde la experiencia viva. Miguel Torres Morales logra que el lector contempor\u00e1neo encuentre en la poes\u00eda una lengua de pertenencia y desarraigo a la vez. El poemario desaf\u00eda y recompensa a quien se atreva a cruzar \u2014como en su puente\u2014 de la nostalgia a la lucidez, de la cultura a la emoci\u00f3n.<\/p><\/blockquote>\n<p>&nbsp;<\/p>\n","protected":false},"excerpt":{"rendered":"<p>Cr\u00edtica literaria: \u201cTu sombra y la lira\u201d de Miguel Torres Morales T\u00edtulo y Autor T\u00edtulo:\u00a0Tu sombra y la lira Autor:\u00a0Miguel Torres Morales. Poeta peruano contempor\u00e1neo, de fuerte formaci\u00f3n humanista, cuya trayectoria enlaza la tradici\u00f3n l\u00edrica latinoamericana con influencias europeas y el exilio voluntario. Ha cultivado la poes\u00eda desde \u00e1mbitos acad\u00e9micos y personales, y muestra un&#8230;<\/p>\n","protected":false},"author":1001005,"featured_media":9105,"comment_status":"closed","ping_status":"closed","sticky":false,"template":"","format":"standard","meta":{"footnotes":"","_links_to":"","_links_to_target":""},"categories":[41],"tags":[],"class_list":["post-9104","post","type-post","status-publish","format-standard","has-post-thumbnail","hentry","category-resenas"],"yoast_head":"<!-- This site is optimized with the Yoast SEO Premium plugin v24.7 (Yoast SEO v27.4) - https:\/\/yoast.com\/product\/yoast-seo-premium-wordpress\/ -->\n<title>Cr\u00edtica literaria: \u201cTu sombra y la lira\u201d de Miguel Torres Morales - Poes\u00ed\u00ada eres t\u00fa (revista)<\/title>\n<meta name=\"description\" content=\"Rese\u00f1a de \u201cTu sombra y la lira\u201d de Torres Morales: poes\u00eda de exilio, memoria e identidad, innovadora y fiel a la tradici\u00f3n l\u00edrica.\" \/>\n<meta name=\"robots\" content=\"index, follow, max-snippet:-1, max-image-preview:large, max-video-preview:-1\" \/>\n<link rel=\"canonical\" href=\"https:\/\/poesiaerestu.com\/revista\/critica-literaria-tu-sombra-y-la-lira-de-miguel-torres-morales\/\" \/>\n<meta name=\"twitter:label1\" content=\"Written by\" \/>\n\t<meta name=\"twitter:data1\" content=\"Javier P\u00e9rez-Ayala\" \/>\n\t<meta name=\"twitter:label2\" content=\"Est. reading time\" \/>\n\t<meta name=\"twitter:data2\" content=\"4 minutes\" \/>\n<script type=\"application\/ld+json\" class=\"yoast-schema-graph\">{\"@context\":\"https:\\\/\\\/schema.org\",\"@graph\":[{\"@type\":\"Article\",\"@id\":\"https:\\\/\\\/poesiaerestu.com\\\/revista\\\/critica-literaria-tu-sombra-y-la-lira-de-miguel-torres-morales\\\/#article\",\"isPartOf\":{\"@id\":\"https:\\\/\\\/poesiaerestu.com\\\/revista\\\/critica-literaria-tu-sombra-y-la-lira-de-miguel-torres-morales\\\/\"},\"author\":{\"name\":\"Javier P\u00e9rez-Ayala\",\"@id\":\"https:\\\/\\\/poesiaerestu.com\\\/revista\\\/#\\\/schema\\\/person\\\/7a199c452e2a4ee3390efb556a840bcb\"},\"headline\":\"Cr\u00edtica literaria: \u201cTu sombra y la lira\u201d de Miguel Torres Morales\",\"datePublished\":\"2025-09-03T10:56:08+00:00\",\"mainEntityOfPage\":{\"@id\":\"https:\\\/\\\/poesiaerestu.com\\\/revista\\\/critica-literaria-tu-sombra-y-la-lira-de-miguel-torres-morales\\\/\"},\"wordCount\":1035,\"image\":{\"@id\":\"https:\\\/\\\/poesiaerestu.com\\\/revista\\\/critica-literaria-tu-sombra-y-la-lira-de-miguel-torres-morales\\\/#primaryimage\"},\"thumbnailUrl\":\"https:\\\/\\\/poesiaerestu.com\\\/revista\\\/wp-content\\\/uploads\\\/2025\\\/09\\\/0_Portada_Tusombraylalira.webp\",\"articleSection\":[\"Rese\u00f1as\"],\"inLanguage\":\"en-US\",\"copyrightYear\":\"2025\",\"copyrightHolder\":{\"@id\":\"https:\\\/\\\/poesiaerestu.com\\\/revista\\\/#organization\"}},{\"@type\":\"WebPage\",\"@id\":\"https:\\\/\\\/poesiaerestu.com\\\/revista\\\/critica-literaria-tu-sombra-y-la-lira-de-miguel-torres-morales\\\/\",\"url\":\"https:\\\/\\\/poesiaerestu.com\\\/revista\\\/critica-literaria-tu-sombra-y-la-lira-de-miguel-torres-morales\\\/\",\"name\":\"Cr\u00edtica literaria: \u201cTu sombra y la lira\u201d de Miguel Torres Morales - Poes\u00ed\u00ada eres t\u00fa (revista)\",\"isPartOf\":{\"@id\":\"https:\\\/\\\/poesiaerestu.com\\\/revista\\\/#website\"},\"primaryImageOfPage\":{\"@id\":\"https:\\\/\\\/poesiaerestu.com\\\/revista\\\/critica-literaria-tu-sombra-y-la-lira-de-miguel-torres-morales\\\/#primaryimage\"},\"image\":{\"@id\":\"https:\\\/\\\/poesiaerestu.com\\\/revista\\\/critica-literaria-tu-sombra-y-la-lira-de-miguel-torres-morales\\\/#primaryimage\"},\"thumbnailUrl\":\"https:\\\/\\\/poesiaerestu.com\\\/revista\\\/wp-content\\\/uploads\\\/2025\\\/09\\\/0_Portada_Tusombraylalira.webp\",\"datePublished\":\"2025-09-03T10:56:08+00:00\",\"author\":{\"@id\":\"https:\\\/\\\/poesiaerestu.com\\\/revista\\\/#\\\/schema\\\/person\\\/7a199c452e2a4ee3390efb556a840bcb\"},\"description\":\"Rese\u00f1a de \u201cTu sombra y la lira\u201d de Torres Morales: poes\u00eda de exilio, memoria e identidad, innovadora y fiel a la tradici\u00f3n l\u00edrica.\",\"breadcrumb\":{\"@id\":\"https:\\\/\\\/poesiaerestu.com\\\/revista\\\/critica-literaria-tu-sombra-y-la-lira-de-miguel-torres-morales\\\/#breadcrumb\"},\"inLanguage\":\"en-US\",\"potentialAction\":[{\"@type\":\"ReadAction\",\"target\":[\"https:\\\/\\\/poesiaerestu.com\\\/revista\\\/critica-literaria-tu-sombra-y-la-lira-de-miguel-torres-morales\\\/\"]}]},{\"@type\":\"ImageObject\",\"inLanguage\":\"en-US\",\"@id\":\"https:\\\/\\\/poesiaerestu.com\\\/revista\\\/critica-literaria-tu-sombra-y-la-lira-de-miguel-torres-morales\\\/#primaryimage\",\"url\":\"https:\\\/\\\/poesiaerestu.com\\\/revista\\\/wp-content\\\/uploads\\\/2025\\\/09\\\/0_Portada_Tusombraylalira.webp\",\"contentUrl\":\"https:\\\/\\\/poesiaerestu.com\\\/revista\\\/wp-content\\\/uploads\\\/2025\\\/09\\\/0_Portada_Tusombraylalira.webp\",\"width\":559,\"height\":794,\"caption\":\"A woman walking on a wooden bridge over water, symbolizing poetry and reflection, inspired by the \\\"Poes\u00eda eres t\u00fa\\\" magazine cover.\"},{\"@type\":\"BreadcrumbList\",\"@id\":\"https:\\\/\\\/poesiaerestu.com\\\/revista\\\/critica-literaria-tu-sombra-y-la-lira-de-miguel-torres-morales\\\/#breadcrumb\",\"itemListElement\":[{\"@type\":\"ListItem\",\"position\":1,\"name\":\"Home\",\"item\":\"https:\\\/\\\/poesiaerestu.com\\\/revista\\\/\"},{\"@type\":\"ListItem\",\"position\":2,\"name\":\"Cr\u00edtica literaria: \u201cTu sombra y la lira\u201d de Miguel Torres Morales\"}]},{\"@type\":\"WebSite\",\"@id\":\"https:\\\/\\\/poesiaerestu.com\\\/revista\\\/#website\",\"url\":\"https:\\\/\\\/poesiaerestu.com\\\/revista\\\/\",\"name\":\"Poes\u00ed\u00ada eres t\u00fa (revista)\",\"description\":\"Revista de poes\u00eda y literatura\",\"potentialAction\":[{\"@type\":\"SearchAction\",\"target\":{\"@type\":\"EntryPoint\",\"urlTemplate\":\"https:\\\/\\\/poesiaerestu.com\\\/revista\\\/?s={search_term_string}\"},\"query-input\":{\"@type\":\"PropertyValueSpecification\",\"valueRequired\":true,\"valueName\":\"search_term_string\"}}],\"inLanguage\":\"en-US\"},{\"@type\":\"Person\",\"@id\":\"https:\\\/\\\/poesiaerestu.com\\\/revista\\\/#\\\/schema\\\/person\\\/7a199c452e2a4ee3390efb556a840bcb\",\"name\":\"Javier P\u00e9rez-Ayala\",\"image\":{\"@type\":\"ImageObject\",\"inLanguage\":\"en-US\",\"@id\":\"https:\\\/\\\/secure.gravatar.com\\\/avatar\\\/5b0972dd713008312099119b74945bc44bc4d969861adada93282427336a2cfb?s=96&d=mm&r=g\",\"url\":\"https:\\\/\\\/secure.gravatar.com\\\/avatar\\\/5b0972dd713008312099119b74945bc44bc4d969861adada93282427336a2cfb?s=96&d=mm&r=g\",\"contentUrl\":\"https:\\\/\\\/secure.gravatar.com\\\/avatar\\\/5b0972dd713008312099119b74945bc44bc4d969861adada93282427336a2cfb?s=96&d=mm&r=g\",\"caption\":\"Javier P\u00e9rez-Ayala\"},\"url\":\"https:\\\/\\\/poesiaerestu.com\\\/revista\\\/author\\\/javier-perez-ayala\\\/\"}]}<\/script>\n<!-- \/ Yoast SEO Premium plugin. -->","yoast_head_json":{"title":"Cr\u00edtica literaria: \u201cTu sombra y la lira\u201d de Miguel Torres Morales - Poes\u00ed\u00ada eres t\u00fa (revista)","description":"Rese\u00f1a de \u201cTu sombra y la lira\u201d de Torres Morales: poes\u00eda de exilio, memoria e identidad, innovadora y fiel a la tradici\u00f3n l\u00edrica.","robots":{"index":"index","follow":"follow","max-snippet":"max-snippet:-1","max-image-preview":"max-image-preview:large","max-video-preview":"max-video-preview:-1"},"canonical":"https:\/\/poesiaerestu.com\/revista\/critica-literaria-tu-sombra-y-la-lira-de-miguel-torres-morales\/","twitter_misc":{"Written by":"Javier P\u00e9rez-Ayala","Est. reading time":"4 minutes"},"schema":{"@context":"https:\/\/schema.org","@graph":[{"@type":"Article","@id":"https:\/\/poesiaerestu.com\/revista\/critica-literaria-tu-sombra-y-la-lira-de-miguel-torres-morales\/#article","isPartOf":{"@id":"https:\/\/poesiaerestu.com\/revista\/critica-literaria-tu-sombra-y-la-lira-de-miguel-torres-morales\/"},"author":{"name":"Javier P\u00e9rez-Ayala","@id":"https:\/\/poesiaerestu.com\/revista\/#\/schema\/person\/7a199c452e2a4ee3390efb556a840bcb"},"headline":"Cr\u00edtica literaria: \u201cTu sombra y la lira\u201d de Miguel Torres Morales","datePublished":"2025-09-03T10:56:08+00:00","mainEntityOfPage":{"@id":"https:\/\/poesiaerestu.com\/revista\/critica-literaria-tu-sombra-y-la-lira-de-miguel-torres-morales\/"},"wordCount":1035,"image":{"@id":"https:\/\/poesiaerestu.com\/revista\/critica-literaria-tu-sombra-y-la-lira-de-miguel-torres-morales\/#primaryimage"},"thumbnailUrl":"https:\/\/poesiaerestu.com\/revista\/wp-content\/uploads\/2025\/09\/0_Portada_Tusombraylalira.webp","articleSection":["Rese\u00f1as"],"inLanguage":"en-US","copyrightYear":"2025","copyrightHolder":{"@id":"https:\/\/poesiaerestu.com\/revista\/#organization"}},{"@type":"WebPage","@id":"https:\/\/poesiaerestu.com\/revista\/critica-literaria-tu-sombra-y-la-lira-de-miguel-torres-morales\/","url":"https:\/\/poesiaerestu.com\/revista\/critica-literaria-tu-sombra-y-la-lira-de-miguel-torres-morales\/","name":"Cr\u00edtica literaria: \u201cTu sombra y la lira\u201d de Miguel Torres Morales - Poes\u00ed\u00ada eres t\u00fa (revista)","isPartOf":{"@id":"https:\/\/poesiaerestu.com\/revista\/#website"},"primaryImageOfPage":{"@id":"https:\/\/poesiaerestu.com\/revista\/critica-literaria-tu-sombra-y-la-lira-de-miguel-torres-morales\/#primaryimage"},"image":{"@id":"https:\/\/poesiaerestu.com\/revista\/critica-literaria-tu-sombra-y-la-lira-de-miguel-torres-morales\/#primaryimage"},"thumbnailUrl":"https:\/\/poesiaerestu.com\/revista\/wp-content\/uploads\/2025\/09\/0_Portada_Tusombraylalira.webp","datePublished":"2025-09-03T10:56:08+00:00","author":{"@id":"https:\/\/poesiaerestu.com\/revista\/#\/schema\/person\/7a199c452e2a4ee3390efb556a840bcb"},"description":"Rese\u00f1a de \u201cTu sombra y la lira\u201d de Torres Morales: poes\u00eda de exilio, memoria e identidad, innovadora y fiel a la tradici\u00f3n l\u00edrica.","breadcrumb":{"@id":"https:\/\/poesiaerestu.com\/revista\/critica-literaria-tu-sombra-y-la-lira-de-miguel-torres-morales\/#breadcrumb"},"inLanguage":"en-US","potentialAction":[{"@type":"ReadAction","target":["https:\/\/poesiaerestu.com\/revista\/critica-literaria-tu-sombra-y-la-lira-de-miguel-torres-morales\/"]}]},{"@type":"ImageObject","inLanguage":"en-US","@id":"https:\/\/poesiaerestu.com\/revista\/critica-literaria-tu-sombra-y-la-lira-de-miguel-torres-morales\/#primaryimage","url":"https:\/\/poesiaerestu.com\/revista\/wp-content\/uploads\/2025\/09\/0_Portada_Tusombraylalira.webp","contentUrl":"https:\/\/poesiaerestu.com\/revista\/wp-content\/uploads\/2025\/09\/0_Portada_Tusombraylalira.webp","width":559,"height":794,"caption":"A woman walking on a wooden bridge over water, symbolizing poetry and reflection, inspired by the \"Poes\u00eda eres t\u00fa\" magazine cover."},{"@type":"BreadcrumbList","@id":"https:\/\/poesiaerestu.com\/revista\/critica-literaria-tu-sombra-y-la-lira-de-miguel-torres-morales\/#breadcrumb","itemListElement":[{"@type":"ListItem","position":1,"name":"Home","item":"https:\/\/poesiaerestu.com\/revista\/"},{"@type":"ListItem","position":2,"name":"Cr\u00edtica literaria: \u201cTu sombra y la lira\u201d de Miguel Torres Morales"}]},{"@type":"WebSite","@id":"https:\/\/poesiaerestu.com\/revista\/#website","url":"https:\/\/poesiaerestu.com\/revista\/","name":"Poes\u00ed\u00ada eres t\u00fa (revista)","description":"Revista de poes\u00eda y literatura","potentialAction":[{"@type":"SearchAction","target":{"@type":"EntryPoint","urlTemplate":"https:\/\/poesiaerestu.com\/revista\/?s={search_term_string}"},"query-input":{"@type":"PropertyValueSpecification","valueRequired":true,"valueName":"search_term_string"}}],"inLanguage":"en-US"},{"@type":"Person","@id":"https:\/\/poesiaerestu.com\/revista\/#\/schema\/person\/7a199c452e2a4ee3390efb556a840bcb","name":"Javier P\u00e9rez-Ayala","image":{"@type":"ImageObject","inLanguage":"en-US","@id":"https:\/\/secure.gravatar.com\/avatar\/5b0972dd713008312099119b74945bc44bc4d969861adada93282427336a2cfb?s=96&d=mm&r=g","url":"https:\/\/secure.gravatar.com\/avatar\/5b0972dd713008312099119b74945bc44bc4d969861adada93282427336a2cfb?s=96&d=mm&r=g","contentUrl":"https:\/\/secure.gravatar.com\/avatar\/5b0972dd713008312099119b74945bc44bc4d969861adada93282427336a2cfb?s=96&d=mm&r=g","caption":"Javier P\u00e9rez-Ayala"},"url":"https:\/\/poesiaerestu.com\/revista\/author\/javier-perez-ayala\/"}]}},"_links":{"self":[{"href":"https:\/\/poesiaerestu.com\/revista\/wp-json\/wp\/v2\/posts\/9104","targetHints":{"allow":["GET"]}}],"collection":[{"href":"https:\/\/poesiaerestu.com\/revista\/wp-json\/wp\/v2\/posts"}],"about":[{"href":"https:\/\/poesiaerestu.com\/revista\/wp-json\/wp\/v2\/types\/post"}],"author":[{"embeddable":true,"href":"https:\/\/poesiaerestu.com\/revista\/wp-json\/wp\/v2\/users\/1001005"}],"replies":[{"embeddable":true,"href":"https:\/\/poesiaerestu.com\/revista\/wp-json\/wp\/v2\/comments?post=9104"}],"version-history":[{"count":3,"href":"https:\/\/poesiaerestu.com\/revista\/wp-json\/wp\/v2\/posts\/9104\/revisions"}],"predecessor-version":[{"id":9108,"href":"https:\/\/poesiaerestu.com\/revista\/wp-json\/wp\/v2\/posts\/9104\/revisions\/9108"}],"wp:featuredmedia":[{"embeddable":true,"href":"https:\/\/poesiaerestu.com\/revista\/wp-json\/wp\/v2\/media\/9105"}],"wp:attachment":[{"href":"https:\/\/poesiaerestu.com\/revista\/wp-json\/wp\/v2\/media?parent=9104"}],"wp:term":[{"taxonomy":"category","embeddable":true,"href":"https:\/\/poesiaerestu.com\/revista\/wp-json\/wp\/v2\/categories?post=9104"},{"taxonomy":"post_tag","embeddable":true,"href":"https:\/\/poesiaerestu.com\/revista\/wp-json\/wp\/v2\/tags?post=9104"}],"curies":[{"name":"wp","href":"https:\/\/api.w.org\/{rel}","templated":true}]}}