{"id":9092,"date":"2025-09-03T12:00:31","date_gmt":"2025-09-03T10:00:31","guid":{"rendered":"https:\/\/poesiaerestu.com\/revista\/?p=9092"},"modified":"2025-09-03T12:06:48","modified_gmt":"2025-09-03T10:06:48","slug":"jose-molina-melgarejo-escritor-del-mes-en-writeravenue","status":"publish","type":"post","link":"https:\/\/poesiaerestu.com\/revista\/jose-molina-melgarejo-escritor-del-mes-en-writeravenue\/","title":{"rendered":"\u00a1Jos\u00e9 Molina Melgarejo, Escritor del Mes en WriterAvenue!"},"content":{"rendered":"<h1 class=\"my-2 [&amp;+p]:mt-4 [&amp;_strong:has(+br)]:inline-block [&amp;_strong:has(+br)]:pb-2\"><strong><a href=\"https:\/\/publuu.com\/flip-book\/555318\/2106559\"><img data-dominant-color=\"a7b7c0\" data-has-transparency=\"false\" style=\"--dominant-color: #a7b7c0;\" loading=\"lazy\" decoding=\"async\" class=\"aligncenter size-full wp-image-9093 not-transparent\" src=\"https:\/\/poesiaerestu.com\/revista\/wp-content\/uploads\/2025\/09\/Revista-Escritor-del-mes-agosto-4_Pagina_01-scaled.webp\" alt=\"\" width=\"1810\" height=\"2560\" srcset=\"https:\/\/poesiaerestu.com\/revista\/wp-content\/uploads\/2025\/09\/Revista-Escritor-del-mes-agosto-4_Pagina_01-scaled.webp 1024w, https:\/\/poesiaerestu.com\/revista\/wp-content\/uploads\/2025\/09\/Revista-Escritor-del-mes-agosto-4_Pagina_01-scaled-212x300.webp 212w, https:\/\/poesiaerestu.com\/revista\/wp-content\/uploads\/2025\/09\/Revista-Escritor-del-mes-agosto-4_Pagina_01-scaled-724x1024.webp 724w, https:\/\/poesiaerestu.com\/revista\/wp-content\/uploads\/2025\/09\/Revista-Escritor-del-mes-agosto-4_Pagina_01-scaled-600x849.webp 600w, https:\/\/poesiaerestu.com\/revista\/wp-content\/uploads\/2025\/09\/Revista-Escritor-del-mes-agosto-4_Pagina_01-scaled-768x1086.webp 768w, https:\/\/poesiaerestu.com\/revista\/wp-content\/uploads\/2025\/09\/Revista-Escritor-del-mes-agosto-4_Pagina_01-scaled-42x60.webp 42w\" sizes=\"auto, (max-width: 1810px) 100vw, 1810px\" \/><\/a>\u00a1Jos\u00e9 Molina Melgarejo, Escritor del Mes en WriterAvenue!<\/strong><\/h1>\n<blockquote><p>Si quieres ver la revista entra aqu\u00ed: <a href=\"https:\/\/publuu.com\/flip-book\/555318\/2106559\">https:\/\/publuu.com\/flip-book\/555318\/2106559<\/a><\/p><\/blockquote>\n<p class=\"my-2 [&amp;+p]:mt-4 [&amp;_strong:has(+br)]:inline-block [&amp;_strong:has(+br)]:pb-2\">Nos complace anunciar que nuestro querido autor Jos\u00e9 Molina Melgarejo ha sido elegido \u201cEscritor del mes\u201d en la prestigiosa revista WriterAvenue (edici\u00f3n agosto 2025). Con m\u00e1s de cuarenta a\u00f1os dedicados a la literatura y una veintena de t\u00edtulos publicados, Jos\u00e9 Molina representa la pasi\u00f3n, la t\u00e9cnica y la sensibilidad en la poes\u00eda contempor\u00e1nea.<\/p>\n<p class=\"my-2 [&amp;+p]:mt-4 [&amp;_strong:has(+br)]:inline-block [&amp;_strong:has(+br)]:pb-2\">En la entrevista exclusiva, Molina Melgarejo comparte detalles sobre su \u00faltimo poemario, \u00abM\u00e1s que palabras\u00bb, y nos revela su proceso creativo, sus referentes literarios y las emociones que inspiran su inigualable obra. La edici\u00f3n tambi\u00e9n ofrece una selecci\u00f3n de poemas, recomendaciones de lectura y una mirada al espacio donde nacen sus historias.<\/p>\n<p class=\"my-2 [&amp;+p]:mt-4 [&amp;_strong:has(+br)]:inline-block [&amp;_strong:has(+br)]:pb-2\">Os invitamos a descubrir la entrevista completa y a sumergiros en el universo l\u00edrico de un autor imprescindible de nuestro cat\u00e1logo.<\/p>\n<p class=\"my-2 [&amp;+p]:mt-4 [&amp;_strong:has(+br)]:inline-block [&amp;_strong:has(+br)]:pb-2\">\u00a1Enhorabuena, Jos\u00e9, por este merecido reconocimiento!<\/p>\n","protected":false},"excerpt":{"rendered":"<p>\u00a1Jos\u00e9 Molina Melgarejo, Escritor del Mes en WriterAvenue! Si quieres ver la revista entra aqu\u00ed: https:\/\/publuu.com\/flip-book\/555318\/2106559 Nos complace anunciar que nuestro querido autor Jos\u00e9 Molina Melgarejo ha sido elegido \u201cEscritor del mes\u201d en la prestigiosa revista WriterAvenue (edici\u00f3n agosto 2025). Con m\u00e1s de cuarenta a\u00f1os dedicados a la literatura y una veintena de t\u00edtulos publicados,&#8230;<\/p>\n","protected":false},"author":1001005,"featured_media":9093,"comment_status":"closed","ping_status":"closed","sticky":false,"template":"","format":"standard","meta":{"footnotes":"","_links_to":"","_links_to_target":""},"categories":[5],"tags":[],"class_list":["post-9092","post","type-post","status-publish","format-standard","has-post-thumbnail","hentry","category-noticias"],"yoast_head":"<!-- This site is optimized with the Yoast SEO Premium plugin v24.7 (Yoast SEO v27.4) - https:\/\/yoast.com\/product\/yoast-seo-premium-wordpress\/ -->\n<title>\u00a1Jos\u00e9 Molina Melgarejo, Escritor del Mes en WriterAvenue! - Poes\u00ed\u00ada eres t\u00fa (revista)<\/title>\n<meta name=\"description\" content=\"Jos\u00e9 Molina Melgarejo, Escritor del Mes en WriterAvenue. Descubre su trayectoria, entrevista y selecci\u00f3n de poemas imprescindibles.\" \/>\n<meta name=\"robots\" content=\"index, follow, max-snippet:-1, max-image-preview:large, max-video-preview:-1\" \/>\n<link rel=\"canonical\" href=\"https:\/\/poesiaerestu.com\/revista\/jose-molina-melgarejo-escritor-del-mes-en-writeravenue\/\" \/>\n<meta name=\"twitter:label1\" content=\"Written by\" \/>\n\t<meta name=\"twitter:data1\" content=\"Javier P\u00e9rez-Ayala\" \/>\n\t<meta name=\"twitter:label2\" content=\"Est. reading time\" \/>\n\t<meta name=\"twitter:data2\" content=\"2 minutes\" \/>\n<script type=\"application\/ld+json\" class=\"yoast-schema-graph\">{\"@context\":\"https:\\\/\\\/schema.org\",\"@graph\":[{\"@type\":\"Article\",\"@id\":\"https:\\\/\\\/poesiaerestu.com\\\/revista\\\/jose-molina-melgarejo-escritor-del-mes-en-writeravenue\\\/#article\",\"isPartOf\":{\"@id\":\"https:\\\/\\\/poesiaerestu.com\\\/revista\\\/jose-molina-melgarejo-escritor-del-mes-en-writeravenue\\\/\"},\"author\":{\"name\":\"Javier P\u00e9rez-Ayala\",\"@id\":\"https:\\\/\\\/poesiaerestu.com\\\/revista\\\/#\\\/schema\\\/person\\\/7a199c452e2a4ee3390efb556a840bcb\"},\"headline\":\"\u00a1Jos\u00e9 Molina Melgarejo, Escritor del Mes en WriterAvenue!\",\"datePublished\":\"2025-09-03T10:00:31+00:00\",\"dateModified\":\"2025-09-03T10:06:48+00:00\",\"mainEntityOfPage\":{\"@id\":\"https:\\\/\\\/poesiaerestu.com\\\/revista\\\/jose-molina-melgarejo-escritor-del-mes-en-writeravenue\\\/\"},\"wordCount\":172,\"image\":{\"@id\":\"https:\\\/\\\/poesiaerestu.com\\\/revista\\\/jose-molina-melgarejo-escritor-del-mes-en-writeravenue\\\/#primaryimage\"},\"thumbnailUrl\":\"https:\\\/\\\/poesiaerestu.com\\\/revista\\\/wp-content\\\/uploads\\\/2025\\\/09\\\/Revista-Escritor-del-mes-agosto-4_Pagina_01-scaled.webp\",\"articleSection\":[\"Noticias\"],\"inLanguage\":\"en-US\",\"copyrightYear\":\"2025\",\"copyrightHolder\":{\"@id\":\"https:\\\/\\\/poesiaerestu.com\\\/revista\\\/#organization\"}},{\"@type\":\"WebPage\",\"@id\":\"https:\\\/\\\/poesiaerestu.com\\\/revista\\\/jose-molina-melgarejo-escritor-del-mes-en-writeravenue\\\/\",\"url\":\"https:\\\/\\\/poesiaerestu.com\\\/revista\\\/jose-molina-melgarejo-escritor-del-mes-en-writeravenue\\\/\",\"name\":\"\u00a1Jos\u00e9 Molina Melgarejo, Escritor del Mes en WriterAvenue! - Poes\u00ed\u00ada eres t\u00fa (revista)\",\"isPartOf\":{\"@id\":\"https:\\\/\\\/poesiaerestu.com\\\/revista\\\/#website\"},\"primaryImageOfPage\":{\"@id\":\"https:\\\/\\\/poesiaerestu.com\\\/revista\\\/jose-molina-melgarejo-escritor-del-mes-en-writeravenue\\\/#primaryimage\"},\"image\":{\"@id\":\"https:\\\/\\\/poesiaerestu.com\\\/revista\\\/jose-molina-melgarejo-escritor-del-mes-en-writeravenue\\\/#primaryimage\"},\"thumbnailUrl\":\"https:\\\/\\\/poesiaerestu.com\\\/revista\\\/wp-content\\\/uploads\\\/2025\\\/09\\\/Revista-Escritor-del-mes-agosto-4_Pagina_01-scaled.webp\",\"datePublished\":\"2025-09-03T10:00:31+00:00\",\"dateModified\":\"2025-09-03T10:06:48+00:00\",\"author\":{\"@id\":\"https:\\\/\\\/poesiaerestu.com\\\/revista\\\/#\\\/schema\\\/person\\\/7a199c452e2a4ee3390efb556a840bcb\"},\"description\":\"Jos\u00e9 Molina Melgarejo, Escritor del Mes en WriterAvenue. Descubre su trayectoria, entrevista y selecci\u00f3n de poemas imprescindibles.\",\"breadcrumb\":{\"@id\":\"https:\\\/\\\/poesiaerestu.com\\\/revista\\\/jose-molina-melgarejo-escritor-del-mes-en-writeravenue\\\/#breadcrumb\"},\"inLanguage\":\"en-US\",\"potentialAction\":[{\"@type\":\"ReadAction\",\"target\":[\"https:\\\/\\\/poesiaerestu.com\\\/revista\\\/jose-molina-melgarejo-escritor-del-mes-en-writeravenue\\\/\"]}]},{\"@type\":\"ImageObject\",\"inLanguage\":\"en-US\",\"@id\":\"https:\\\/\\\/poesiaerestu.com\\\/revista\\\/jose-molina-melgarejo-escritor-del-mes-en-writeravenue\\\/#primaryimage\",\"url\":\"https:\\\/\\\/poesiaerestu.com\\\/revista\\\/wp-content\\\/uploads\\\/2025\\\/09\\\/Revista-Escritor-del-mes-agosto-4_Pagina_01-scaled.webp\",\"contentUrl\":\"https:\\\/\\\/poesiaerestu.com\\\/revista\\\/wp-content\\\/uploads\\\/2025\\\/09\\\/Revista-Escritor-del-mes-agosto-4_Pagina_01-scaled.webp\",\"width\":1024,\"height\":1448,\"caption\":\"2. August 2025 issue of Poes\u00eda eres t\u00fa magazine highlights the writer of the month.\"},{\"@type\":\"BreadcrumbList\",\"@id\":\"https:\\\/\\\/poesiaerestu.com\\\/revista\\\/jose-molina-melgarejo-escritor-del-mes-en-writeravenue\\\/#breadcrumb\",\"itemListElement\":[{\"@type\":\"ListItem\",\"position\":1,\"name\":\"Home\",\"item\":\"https:\\\/\\\/poesiaerestu.com\\\/revista\\\/\"},{\"@type\":\"ListItem\",\"position\":2,\"name\":\"\u00a1Jos\u00e9 Molina Melgarejo, Escritor del Mes en WriterAvenue!\"}]},{\"@type\":\"WebSite\",\"@id\":\"https:\\\/\\\/poesiaerestu.com\\\/revista\\\/#website\",\"url\":\"https:\\\/\\\/poesiaerestu.com\\\/revista\\\/\",\"name\":\"Poes\u00ed\u00ada eres t\u00fa (revista)\",\"description\":\"Revista de poes\u00eda y literatura\",\"potentialAction\":[{\"@type\":\"SearchAction\",\"target\":{\"@type\":\"EntryPoint\",\"urlTemplate\":\"https:\\\/\\\/poesiaerestu.com\\\/revista\\\/?s={search_term_string}\"},\"query-input\":{\"@type\":\"PropertyValueSpecification\",\"valueRequired\":true,\"valueName\":\"search_term_string\"}}],\"inLanguage\":\"en-US\"},{\"@type\":\"Person\",\"@id\":\"https:\\\/\\\/poesiaerestu.com\\\/revista\\\/#\\\/schema\\\/person\\\/7a199c452e2a4ee3390efb556a840bcb\",\"name\":\"Javier P\u00e9rez-Ayala\",\"image\":{\"@type\":\"ImageObject\",\"inLanguage\":\"en-US\",\"@id\":\"https:\\\/\\\/secure.gravatar.com\\\/avatar\\\/5b0972dd713008312099119b74945bc44bc4d969861adada93282427336a2cfb?s=96&d=mm&r=g\",\"url\":\"https:\\\/\\\/secure.gravatar.com\\\/avatar\\\/5b0972dd713008312099119b74945bc44bc4d969861adada93282427336a2cfb?s=96&d=mm&r=g\",\"contentUrl\":\"https:\\\/\\\/secure.gravatar.com\\\/avatar\\\/5b0972dd713008312099119b74945bc44bc4d969861adada93282427336a2cfb?s=96&d=mm&r=g\",\"caption\":\"Javier P\u00e9rez-Ayala\"},\"url\":\"https:\\\/\\\/poesiaerestu.com\\\/revista\\\/author\\\/javier-perez-ayala\\\/\"}]}<\/script>\n<!-- \/ Yoast SEO Premium plugin. -->","yoast_head_json":{"title":"\u00a1Jos\u00e9 Molina Melgarejo, Escritor del Mes en WriterAvenue! - Poes\u00ed\u00ada eres t\u00fa (revista)","description":"Jos\u00e9 Molina Melgarejo, Escritor del Mes en WriterAvenue. Descubre su trayectoria, entrevista y selecci\u00f3n de poemas imprescindibles.","robots":{"index":"index","follow":"follow","max-snippet":"max-snippet:-1","max-image-preview":"max-image-preview:large","max-video-preview":"max-video-preview:-1"},"canonical":"https:\/\/poesiaerestu.com\/revista\/jose-molina-melgarejo-escritor-del-mes-en-writeravenue\/","twitter_misc":{"Written by":"Javier P\u00e9rez-Ayala","Est. reading time":"2 minutes"},"schema":{"@context":"https:\/\/schema.org","@graph":[{"@type":"Article","@id":"https:\/\/poesiaerestu.com\/revista\/jose-molina-melgarejo-escritor-del-mes-en-writeravenue\/#article","isPartOf":{"@id":"https:\/\/poesiaerestu.com\/revista\/jose-molina-melgarejo-escritor-del-mes-en-writeravenue\/"},"author":{"name":"Javier P\u00e9rez-Ayala","@id":"https:\/\/poesiaerestu.com\/revista\/#\/schema\/person\/7a199c452e2a4ee3390efb556a840bcb"},"headline":"\u00a1Jos\u00e9 Molina Melgarejo, Escritor del Mes en WriterAvenue!","datePublished":"2025-09-03T10:00:31+00:00","dateModified":"2025-09-03T10:06:48+00:00","mainEntityOfPage":{"@id":"https:\/\/poesiaerestu.com\/revista\/jose-molina-melgarejo-escritor-del-mes-en-writeravenue\/"},"wordCount":172,"image":{"@id":"https:\/\/poesiaerestu.com\/revista\/jose-molina-melgarejo-escritor-del-mes-en-writeravenue\/#primaryimage"},"thumbnailUrl":"https:\/\/poesiaerestu.com\/revista\/wp-content\/uploads\/2025\/09\/Revista-Escritor-del-mes-agosto-4_Pagina_01-scaled.webp","articleSection":["Noticias"],"inLanguage":"en-US","copyrightYear":"2025","copyrightHolder":{"@id":"https:\/\/poesiaerestu.com\/revista\/#organization"}},{"@type":"WebPage","@id":"https:\/\/poesiaerestu.com\/revista\/jose-molina-melgarejo-escritor-del-mes-en-writeravenue\/","url":"https:\/\/poesiaerestu.com\/revista\/jose-molina-melgarejo-escritor-del-mes-en-writeravenue\/","name":"\u00a1Jos\u00e9 Molina Melgarejo, Escritor del Mes en WriterAvenue! - Poes\u00ed\u00ada eres t\u00fa (revista)","isPartOf":{"@id":"https:\/\/poesiaerestu.com\/revista\/#website"},"primaryImageOfPage":{"@id":"https:\/\/poesiaerestu.com\/revista\/jose-molina-melgarejo-escritor-del-mes-en-writeravenue\/#primaryimage"},"image":{"@id":"https:\/\/poesiaerestu.com\/revista\/jose-molina-melgarejo-escritor-del-mes-en-writeravenue\/#primaryimage"},"thumbnailUrl":"https:\/\/poesiaerestu.com\/revista\/wp-content\/uploads\/2025\/09\/Revista-Escritor-del-mes-agosto-4_Pagina_01-scaled.webp","datePublished":"2025-09-03T10:00:31+00:00","dateModified":"2025-09-03T10:06:48+00:00","author":{"@id":"https:\/\/poesiaerestu.com\/revista\/#\/schema\/person\/7a199c452e2a4ee3390efb556a840bcb"},"description":"Jos\u00e9 Molina Melgarejo, Escritor del Mes en WriterAvenue. Descubre su trayectoria, entrevista y selecci\u00f3n de poemas imprescindibles.","breadcrumb":{"@id":"https:\/\/poesiaerestu.com\/revista\/jose-molina-melgarejo-escritor-del-mes-en-writeravenue\/#breadcrumb"},"inLanguage":"en-US","potentialAction":[{"@type":"ReadAction","target":["https:\/\/poesiaerestu.com\/revista\/jose-molina-melgarejo-escritor-del-mes-en-writeravenue\/"]}]},{"@type":"ImageObject","inLanguage":"en-US","@id":"https:\/\/poesiaerestu.com\/revista\/jose-molina-melgarejo-escritor-del-mes-en-writeravenue\/#primaryimage","url":"https:\/\/poesiaerestu.com\/revista\/wp-content\/uploads\/2025\/09\/Revista-Escritor-del-mes-agosto-4_Pagina_01-scaled.webp","contentUrl":"https:\/\/poesiaerestu.com\/revista\/wp-content\/uploads\/2025\/09\/Revista-Escritor-del-mes-agosto-4_Pagina_01-scaled.webp","width":1024,"height":1448,"caption":"2. August 2025 issue of Poes\u00eda eres t\u00fa magazine highlights the writer of the month."},{"@type":"BreadcrumbList","@id":"https:\/\/poesiaerestu.com\/revista\/jose-molina-melgarejo-escritor-del-mes-en-writeravenue\/#breadcrumb","itemListElement":[{"@type":"ListItem","position":1,"name":"Home","item":"https:\/\/poesiaerestu.com\/revista\/"},{"@type":"ListItem","position":2,"name":"\u00a1Jos\u00e9 Molina Melgarejo, Escritor del Mes en WriterAvenue!"}]},{"@type":"WebSite","@id":"https:\/\/poesiaerestu.com\/revista\/#website","url":"https:\/\/poesiaerestu.com\/revista\/","name":"Poes\u00ed\u00ada eres t\u00fa (revista)","description":"Revista de poes\u00eda y literatura","potentialAction":[{"@type":"SearchAction","target":{"@type":"EntryPoint","urlTemplate":"https:\/\/poesiaerestu.com\/revista\/?s={search_term_string}"},"query-input":{"@type":"PropertyValueSpecification","valueRequired":true,"valueName":"search_term_string"}}],"inLanguage":"en-US"},{"@type":"Person","@id":"https:\/\/poesiaerestu.com\/revista\/#\/schema\/person\/7a199c452e2a4ee3390efb556a840bcb","name":"Javier P\u00e9rez-Ayala","image":{"@type":"ImageObject","inLanguage":"en-US","@id":"https:\/\/secure.gravatar.com\/avatar\/5b0972dd713008312099119b74945bc44bc4d969861adada93282427336a2cfb?s=96&d=mm&r=g","url":"https:\/\/secure.gravatar.com\/avatar\/5b0972dd713008312099119b74945bc44bc4d969861adada93282427336a2cfb?s=96&d=mm&r=g","contentUrl":"https:\/\/secure.gravatar.com\/avatar\/5b0972dd713008312099119b74945bc44bc4d969861adada93282427336a2cfb?s=96&d=mm&r=g","caption":"Javier P\u00e9rez-Ayala"},"url":"https:\/\/poesiaerestu.com\/revista\/author\/javier-perez-ayala\/"}]}},"_links":{"self":[{"href":"https:\/\/poesiaerestu.com\/revista\/wp-json\/wp\/v2\/posts\/9092","targetHints":{"allow":["GET"]}}],"collection":[{"href":"https:\/\/poesiaerestu.com\/revista\/wp-json\/wp\/v2\/posts"}],"about":[{"href":"https:\/\/poesiaerestu.com\/revista\/wp-json\/wp\/v2\/types\/post"}],"author":[{"embeddable":true,"href":"https:\/\/poesiaerestu.com\/revista\/wp-json\/wp\/v2\/users\/1001005"}],"replies":[{"embeddable":true,"href":"https:\/\/poesiaerestu.com\/revista\/wp-json\/wp\/v2\/comments?post=9092"}],"version-history":[{"count":5,"href":"https:\/\/poesiaerestu.com\/revista\/wp-json\/wp\/v2\/posts\/9092\/revisions"}],"predecessor-version":[{"id":9098,"href":"https:\/\/poesiaerestu.com\/revista\/wp-json\/wp\/v2\/posts\/9092\/revisions\/9098"}],"wp:featuredmedia":[{"embeddable":true,"href":"https:\/\/poesiaerestu.com\/revista\/wp-json\/wp\/v2\/media\/9093"}],"wp:attachment":[{"href":"https:\/\/poesiaerestu.com\/revista\/wp-json\/wp\/v2\/media?parent=9092"}],"wp:term":[{"taxonomy":"category","embeddable":true,"href":"https:\/\/poesiaerestu.com\/revista\/wp-json\/wp\/v2\/categories?post=9092"},{"taxonomy":"post_tag","embeddable":true,"href":"https:\/\/poesiaerestu.com\/revista\/wp-json\/wp\/v2\/tags?post=9092"}],"curies":[{"name":"wp","href":"https:\/\/api.w.org\/{rel}","templated":true}]}}