{"id":9083,"date":"2025-09-02T12:33:14","date_gmt":"2025-09-02T10:33:14","guid":{"rendered":"https:\/\/poesiaerestu.com\/revista\/?p=9083"},"modified":"2025-09-02T12:34:45","modified_gmt":"2025-09-02T10:34:45","slug":"jose-molina-melgarejo-presenta-mas-que-palabras-en-el-corazon-de-madrid","status":"publish","type":"post","link":"https:\/\/poesiaerestu.com\/revista\/jose-molina-melgarejo-presenta-mas-que-palabras-en-el-corazon-de-madrid\/","title":{"rendered":"Jos\u00e9 Molina-Melgarejo presenta &#8220;M\u00e1s que palabras&#8221; en el coraz\u00f3n de Madrid"},"content":{"rendered":"<h1 id=\"jos-molina-melgarejo-presenta-ms-que-palabras-en-e\" class=\"font-display first:mt-xs mb-2 mt-4 font-semimedium text-lg leading-[1.5em] lg:text-xl\"><img data-dominant-color=\"af9a99\" data-has-transparency=\"false\" style=\"--dominant-color: #af9a99;\" loading=\"lazy\" decoding=\"async\" class=\"aligncenter size-full wp-image-9084 not-transparent\" src=\"https:\/\/poesiaerestu.com\/revista\/wp-content\/uploads\/2025\/09\/Presentacion_Aleatorio-2.webp\" alt=\"\" width=\"2007\" height=\"2007\" srcset=\"https:\/\/poesiaerestu.com\/revista\/wp-content\/uploads\/2025\/09\/Presentacion_Aleatorio-2.webp 1024w, https:\/\/poesiaerestu.com\/revista\/wp-content\/uploads\/2025\/09\/Presentacion_Aleatorio-2-300x300.webp 300w, https:\/\/poesiaerestu.com\/revista\/wp-content\/uploads\/2025\/09\/Presentacion_Aleatorio-2-150x150.webp 150w, https:\/\/poesiaerestu.com\/revista\/wp-content\/uploads\/2025\/09\/Presentacion_Aleatorio-2-600x600.webp 600w, https:\/\/poesiaerestu.com\/revista\/wp-content\/uploads\/2025\/09\/Presentacion_Aleatorio-2-768x768.webp 768w, https:\/\/poesiaerestu.com\/revista\/wp-content\/uploads\/2025\/09\/Presentacion_Aleatorio-2-60x60.webp 60w\" sizes=\"auto, (max-width: 2007px) 100vw, 2007px\" \/><\/h1>\n<h1><\/h1>\n<h1 class=\"font-display first:mt-xs mb-2 mt-4 font-semimedium text-lg leading-[1.5em] lg:text-xl\">Jos\u00e9 Molina-Melgarejo presenta &#8220;M\u00e1s que palabras&#8221; en el coraz\u00f3n de Madrid<\/h1>\n<p class=\"my-2 [&amp;+p]:mt-4 [&amp;_strong:has(+br)]:inline-block [&amp;_strong:has(+br)]:pb-2\">El pr\u00f3ximo<span>\u00a0<\/span><strong>mi\u00e9rcoles 17 de septiembre a las 19:00 horas<\/strong>, el Bar Aleatorio (Calle de Ruiz, 7) acoger\u00e1 un evento literario que promete convertirse en una velada memorable para los amantes de la poes\u00eda. Jos\u00e9 Molina-Melgarejo presentar\u00e1 su nuevo poemario<span>\u00a0<\/span><strong>&#8220;M\u00e1s que palabras&#8221;<\/strong>, en un recital que contar\u00e1 con la participaci\u00f3n de destacadas figuras del panorama cultural espa\u00f1ol.<\/p>\n<h2 id=\"un-encuentro-entre-voces-poticas\" class=\"mb-2 mt-4 font-display font-semimedium text-base first:mt-0 md:text-lg [hr+&amp;]:mt-4\">Un encuentro entre voces po\u00e9ticas<\/h2>\n<p class=\"my-2 [&amp;+p]:mt-4 [&amp;_strong:has(+br)]:inline-block [&amp;_strong:has(+br)]:pb-2\">La presentaci\u00f3n reunir\u00e1 a<span>\u00a0<\/span><strong>Eugenio Rivera<\/strong>, reconocido maestro de ceremonias y autor de algunos de los poemas incluidos en la obra, junto a<span>\u00a0<\/span><strong>Elda Hidalgo<\/strong>, rapsoda oficial del reino, y el propio<span>\u00a0<\/span><strong>Jos\u00e9 Molina<\/strong>, quien dar\u00e1 voz a sus versos en una atm\u00f3sfera \u00edntima y cercana.<\/p>\n<p class=\"my-2 [&amp;+p]:mt-4 [&amp;_strong:has(+br)]:inline-block [&amp;_strong:has(+br)]:pb-2\">Este tipo de eventos representa la esencia de lo que debe ser la literatura viva: un di\u00e1logo directo entre autor y p\u00fablico, donde las palabras trascienden la p\u00e1gina impresa para cobrar vida a trav\u00e9s de la voz y la interpretaci\u00f3n.<\/p>\n<h2 id=\"la-poesa-como-encuentro\" class=\"mb-2 mt-4 font-display font-semimedium text-base first:mt-0 md:text-lg [hr+&amp;]:mt-4\">La poes\u00eda como encuentro<\/h2>\n<p class=\"my-2 [&amp;+p]:mt-4 [&amp;_strong:has(+br)]:inline-block [&amp;_strong:has(+br)]:pb-2\">&#8220;M\u00e1s que palabras&#8221; se presenta como un poemario \u00edntimo, tal como sugiere su subt\u00edtulo, y la elecci\u00f3n del Bar Aleatorio como sede no es casual. Este espacio, conocido por su apoyo a la cultura independiente, ofrece el ambiente perfecto para que la poes\u00eda fluya de manera natural y espont\u00e1nea.<\/p>\n<p class=\"my-2 [&amp;+p]:mt-4 [&amp;_strong:has(+br)]:inline-block [&amp;_strong:has(+br)]:pb-2\">La presencia de una rapsoda oficial del reino como Elda Hidalgo a\u00f1ade una dimensi\u00f3n especial al evento, conectando la tradici\u00f3n oral de la poes\u00eda con las nuevas voces contempor\u00e1neas.<\/p>\n<h2 id=\"una-cita-ineludible\" class=\"mb-2 mt-4 font-display font-semimedium text-base first:mt-0 md:text-lg [hr+&amp;]:mt-4\">Una cita ineludible<\/h2>\n<p class=\"my-2 [&amp;+p]:mt-4 [&amp;_strong:has(+br)]:inline-block [&amp;_strong:has(+br)]:pb-2\">Para quienes buscan experiencias literarias aut\u00e9nticas, este recital-presentaci\u00f3n representa una oportunidad \u00fanica de acercarse a la obra de Jos\u00e9 Molina-Melgarejo de la mano de int\u00e9rpretes excepcionales. La combinaci\u00f3n de poes\u00eda, interpretaci\u00f3n y el ambiente acogedor del Bar Aleatorio promete crear una velada en la que, efectivamente, habr\u00e1<span>\u00a0<\/span><strong>m\u00e1s que palabras<\/strong>.<\/p>\n<p class=\"my-2 [&amp;+p]:mt-4 [&amp;_strong:has(+br)]:inline-block [&amp;_strong:has(+br)]:pb-2\">La entrada es libre hasta completar aforo, y se recomienda llegar con antelaci\u00f3n para asegurar plaza en este encuentro po\u00e9tico que marca el inicio de la temporada cultural oto\u00f1al en Madrid.<\/p>\n","protected":false},"excerpt":{"rendered":"<p>El pr\u00f3ximo\u00a0mi\u00e9rcoles 17 de septiembre a las 19:00 horas, el Bar Aleatorio (Calle de Ruiz, 7) acoger\u00e1 un evento literario que promete convertirse en una velada memorable para los amantes de la poes\u00eda. Jos\u00e9 Molina-Melgarejo presentar\u00e1 su nuevo poemario\u00a0&#8220;M\u00e1s que palabras&#8221;, en un recital que contar\u00e1 con la participaci\u00f3n de destacadas figuras del panorama cultural espa\u00f1ol.<\/p>\n","protected":false},"author":1001005,"featured_media":9084,"comment_status":"closed","ping_status":"closed","sticky":false,"template":"","format":"standard","meta":{"footnotes":"","_links_to":"","_links_to_target":""},"categories":[8],"tags":[],"class_list":["post-9083","post","type-post","status-publish","format-standard","has-post-thumbnail","hentry","category-eventos"],"yoast_head":"<!-- This site is optimized with the Yoast SEO Premium plugin v24.7 (Yoast SEO v27.4) - https:\/\/yoast.com\/product\/yoast-seo-premium-wordpress\/ -->\n<title>Jos\u00e9 Molina-Melgarejo presenta &quot;M\u00e1s que palabras&quot; en el coraz\u00f3n de Madrid - Poes\u00ed\u00ada eres t\u00fa (revista)<\/title>\n<meta name=\"robots\" content=\"index, follow, max-snippet:-1, max-image-preview:large, max-video-preview:-1\" \/>\n<link rel=\"canonical\" href=\"https:\/\/poesiaerestu.com\/revista\/jose-molina-melgarejo-presenta-mas-que-palabras-en-el-corazon-de-madrid\/\" \/>\n<meta name=\"twitter:label1\" content=\"Written by\" \/>\n\t<meta name=\"twitter:data1\" content=\"Javier P\u00e9rez-Ayala\" \/>\n\t<meta name=\"twitter:label2\" content=\"Est. reading time\" \/>\n\t<meta name=\"twitter:data2\" content=\"2 minutes\" \/>\n<script type=\"application\/ld+json\" class=\"yoast-schema-graph\">{\"@context\":\"https:\\\/\\\/schema.org\",\"@graph\":[{\"@type\":\"Article\",\"@id\":\"https:\\\/\\\/poesiaerestu.com\\\/revista\\\/jose-molina-melgarejo-presenta-mas-que-palabras-en-el-corazon-de-madrid\\\/#article\",\"isPartOf\":{\"@id\":\"https:\\\/\\\/poesiaerestu.com\\\/revista\\\/jose-molina-melgarejo-presenta-mas-que-palabras-en-el-corazon-de-madrid\\\/\"},\"author\":{\"name\":\"Javier P\u00e9rez-Ayala\",\"@id\":\"https:\\\/\\\/poesiaerestu.com\\\/revista\\\/#\\\/schema\\\/person\\\/7a199c452e2a4ee3390efb556a840bcb\"},\"headline\":\"Jos\u00e9 Molina-Melgarejo presenta &#8220;M\u00e1s que palabras&#8221; en el coraz\u00f3n de Madrid\",\"datePublished\":\"2025-09-02T10:33:14+00:00\",\"dateModified\":\"2025-09-02T10:34:45+00:00\",\"mainEntityOfPage\":{\"@id\":\"https:\\\/\\\/poesiaerestu.com\\\/revista\\\/jose-molina-melgarejo-presenta-mas-que-palabras-en-el-corazon-de-madrid\\\/\"},\"wordCount\":373,\"image\":{\"@id\":\"https:\\\/\\\/poesiaerestu.com\\\/revista\\\/jose-molina-melgarejo-presenta-mas-que-palabras-en-el-corazon-de-madrid\\\/#primaryimage\"},\"thumbnailUrl\":\"https:\\\/\\\/poesiaerestu.com\\\/revista\\\/wp-content\\\/uploads\\\/2025\\\/09\\\/Presentacion_Aleatorio-2.webp\",\"articleSection\":[\"Eventos\"],\"inLanguage\":\"en-US\",\"copyrightYear\":\"2025\",\"copyrightHolder\":{\"@id\":\"https:\\\/\\\/poesiaerestu.com\\\/revista\\\/#organization\"}},{\"@type\":\"WebPage\",\"@id\":\"https:\\\/\\\/poesiaerestu.com\\\/revista\\\/jose-molina-melgarejo-presenta-mas-que-palabras-en-el-corazon-de-madrid\\\/\",\"url\":\"https:\\\/\\\/poesiaerestu.com\\\/revista\\\/jose-molina-melgarejo-presenta-mas-que-palabras-en-el-corazon-de-madrid\\\/\",\"name\":\"Jos\u00e9 Molina-Melgarejo presenta \\\"M\u00e1s que palabras\\\" en el coraz\u00f3n de Madrid - Poes\u00ed\u00ada eres t\u00fa (revista)\",\"isPartOf\":{\"@id\":\"https:\\\/\\\/poesiaerestu.com\\\/revista\\\/#website\"},\"primaryImageOfPage\":{\"@id\":\"https:\\\/\\\/poesiaerestu.com\\\/revista\\\/jose-molina-melgarejo-presenta-mas-que-palabras-en-el-corazon-de-madrid\\\/#primaryimage\"},\"image\":{\"@id\":\"https:\\\/\\\/poesiaerestu.com\\\/revista\\\/jose-molina-melgarejo-presenta-mas-que-palabras-en-el-corazon-de-madrid\\\/#primaryimage\"},\"thumbnailUrl\":\"https:\\\/\\\/poesiaerestu.com\\\/revista\\\/wp-content\\\/uploads\\\/2025\\\/09\\\/Presentacion_Aleatorio-2.webp\",\"datePublished\":\"2025-09-02T10:33:14+00:00\",\"dateModified\":\"2025-09-02T10:34:45+00:00\",\"author\":{\"@id\":\"https:\\\/\\\/poesiaerestu.com\\\/revista\\\/#\\\/schema\\\/person\\\/7a199c452e2a4ee3390efb556a840bcb\"},\"breadcrumb\":{\"@id\":\"https:\\\/\\\/poesiaerestu.com\\\/revista\\\/jose-molina-melgarejo-presenta-mas-que-palabras-en-el-corazon-de-madrid\\\/#breadcrumb\"},\"inLanguage\":\"en-US\",\"potentialAction\":[{\"@type\":\"ReadAction\",\"target\":[\"https:\\\/\\\/poesiaerestu.com\\\/revista\\\/jose-molina-melgarejo-presenta-mas-que-palabras-en-el-corazon-de-madrid\\\/\"]}]},{\"@type\":\"ImageObject\",\"inLanguage\":\"en-US\",\"@id\":\"https:\\\/\\\/poesiaerestu.com\\\/revista\\\/jose-molina-melgarejo-presenta-mas-que-palabras-en-el-corazon-de-madrid\\\/#primaryimage\",\"url\":\"https:\\\/\\\/poesiaerestu.com\\\/revista\\\/wp-content\\\/uploads\\\/2025\\\/09\\\/Presentacion_Aleatorio-2.webp\",\"contentUrl\":\"https:\\\/\\\/poesiaerestu.com\\\/revista\\\/wp-content\\\/uploads\\\/2025\\\/09\\\/Presentacion_Aleatorio-2.webp\",\"width\":1024,\"height\":1024,\"caption\":\"Poetry reading event in Madrid featuring authors Jos\u00e9 Molina, Eugenio Rivera, and Elda Hidalgo.\"},{\"@type\":\"BreadcrumbList\",\"@id\":\"https:\\\/\\\/poesiaerestu.com\\\/revista\\\/jose-molina-melgarejo-presenta-mas-que-palabras-en-el-corazon-de-madrid\\\/#breadcrumb\",\"itemListElement\":[{\"@type\":\"ListItem\",\"position\":1,\"name\":\"Home\",\"item\":\"https:\\\/\\\/poesiaerestu.com\\\/revista\\\/\"},{\"@type\":\"ListItem\",\"position\":2,\"name\":\"Jos\u00e9 Molina-Melgarejo presenta &#8220;M\u00e1s que palabras&#8221; en el coraz\u00f3n de Madrid\"}]},{\"@type\":\"WebSite\",\"@id\":\"https:\\\/\\\/poesiaerestu.com\\\/revista\\\/#website\",\"url\":\"https:\\\/\\\/poesiaerestu.com\\\/revista\\\/\",\"name\":\"Poes\u00ed\u00ada eres t\u00fa (revista)\",\"description\":\"Revista de poes\u00eda y literatura\",\"potentialAction\":[{\"@type\":\"SearchAction\",\"target\":{\"@type\":\"EntryPoint\",\"urlTemplate\":\"https:\\\/\\\/poesiaerestu.com\\\/revista\\\/?s={search_term_string}\"},\"query-input\":{\"@type\":\"PropertyValueSpecification\",\"valueRequired\":true,\"valueName\":\"search_term_string\"}}],\"inLanguage\":\"en-US\"},{\"@type\":\"Person\",\"@id\":\"https:\\\/\\\/poesiaerestu.com\\\/revista\\\/#\\\/schema\\\/person\\\/7a199c452e2a4ee3390efb556a840bcb\",\"name\":\"Javier P\u00e9rez-Ayala\",\"image\":{\"@type\":\"ImageObject\",\"inLanguage\":\"en-US\",\"@id\":\"https:\\\/\\\/secure.gravatar.com\\\/avatar\\\/5b0972dd713008312099119b74945bc44bc4d969861adada93282427336a2cfb?s=96&d=mm&r=g\",\"url\":\"https:\\\/\\\/secure.gravatar.com\\\/avatar\\\/5b0972dd713008312099119b74945bc44bc4d969861adada93282427336a2cfb?s=96&d=mm&r=g\",\"contentUrl\":\"https:\\\/\\\/secure.gravatar.com\\\/avatar\\\/5b0972dd713008312099119b74945bc44bc4d969861adada93282427336a2cfb?s=96&d=mm&r=g\",\"caption\":\"Javier P\u00e9rez-Ayala\"},\"url\":\"https:\\\/\\\/poesiaerestu.com\\\/revista\\\/author\\\/javier-perez-ayala\\\/\"}]}<\/script>\n<!-- \/ Yoast SEO Premium plugin. -->","yoast_head_json":{"title":"Jos\u00e9 Molina-Melgarejo presenta \"M\u00e1s que palabras\" en el coraz\u00f3n de Madrid - Poes\u00ed\u00ada eres t\u00fa (revista)","robots":{"index":"index","follow":"follow","max-snippet":"max-snippet:-1","max-image-preview":"max-image-preview:large","max-video-preview":"max-video-preview:-1"},"canonical":"https:\/\/poesiaerestu.com\/revista\/jose-molina-melgarejo-presenta-mas-que-palabras-en-el-corazon-de-madrid\/","twitter_misc":{"Written by":"Javier P\u00e9rez-Ayala","Est. reading time":"2 minutes"},"schema":{"@context":"https:\/\/schema.org","@graph":[{"@type":"Article","@id":"https:\/\/poesiaerestu.com\/revista\/jose-molina-melgarejo-presenta-mas-que-palabras-en-el-corazon-de-madrid\/#article","isPartOf":{"@id":"https:\/\/poesiaerestu.com\/revista\/jose-molina-melgarejo-presenta-mas-que-palabras-en-el-corazon-de-madrid\/"},"author":{"name":"Javier P\u00e9rez-Ayala","@id":"https:\/\/poesiaerestu.com\/revista\/#\/schema\/person\/7a199c452e2a4ee3390efb556a840bcb"},"headline":"Jos\u00e9 Molina-Melgarejo presenta &#8220;M\u00e1s que palabras&#8221; en el coraz\u00f3n de Madrid","datePublished":"2025-09-02T10:33:14+00:00","dateModified":"2025-09-02T10:34:45+00:00","mainEntityOfPage":{"@id":"https:\/\/poesiaerestu.com\/revista\/jose-molina-melgarejo-presenta-mas-que-palabras-en-el-corazon-de-madrid\/"},"wordCount":373,"image":{"@id":"https:\/\/poesiaerestu.com\/revista\/jose-molina-melgarejo-presenta-mas-que-palabras-en-el-corazon-de-madrid\/#primaryimage"},"thumbnailUrl":"https:\/\/poesiaerestu.com\/revista\/wp-content\/uploads\/2025\/09\/Presentacion_Aleatorio-2.webp","articleSection":["Eventos"],"inLanguage":"en-US","copyrightYear":"2025","copyrightHolder":{"@id":"https:\/\/poesiaerestu.com\/revista\/#organization"}},{"@type":"WebPage","@id":"https:\/\/poesiaerestu.com\/revista\/jose-molina-melgarejo-presenta-mas-que-palabras-en-el-corazon-de-madrid\/","url":"https:\/\/poesiaerestu.com\/revista\/jose-molina-melgarejo-presenta-mas-que-palabras-en-el-corazon-de-madrid\/","name":"Jos\u00e9 Molina-Melgarejo presenta \"M\u00e1s que palabras\" en el coraz\u00f3n de Madrid - Poes\u00ed\u00ada eres t\u00fa (revista)","isPartOf":{"@id":"https:\/\/poesiaerestu.com\/revista\/#website"},"primaryImageOfPage":{"@id":"https:\/\/poesiaerestu.com\/revista\/jose-molina-melgarejo-presenta-mas-que-palabras-en-el-corazon-de-madrid\/#primaryimage"},"image":{"@id":"https:\/\/poesiaerestu.com\/revista\/jose-molina-melgarejo-presenta-mas-que-palabras-en-el-corazon-de-madrid\/#primaryimage"},"thumbnailUrl":"https:\/\/poesiaerestu.com\/revista\/wp-content\/uploads\/2025\/09\/Presentacion_Aleatorio-2.webp","datePublished":"2025-09-02T10:33:14+00:00","dateModified":"2025-09-02T10:34:45+00:00","author":{"@id":"https:\/\/poesiaerestu.com\/revista\/#\/schema\/person\/7a199c452e2a4ee3390efb556a840bcb"},"breadcrumb":{"@id":"https:\/\/poesiaerestu.com\/revista\/jose-molina-melgarejo-presenta-mas-que-palabras-en-el-corazon-de-madrid\/#breadcrumb"},"inLanguage":"en-US","potentialAction":[{"@type":"ReadAction","target":["https:\/\/poesiaerestu.com\/revista\/jose-molina-melgarejo-presenta-mas-que-palabras-en-el-corazon-de-madrid\/"]}]},{"@type":"ImageObject","inLanguage":"en-US","@id":"https:\/\/poesiaerestu.com\/revista\/jose-molina-melgarejo-presenta-mas-que-palabras-en-el-corazon-de-madrid\/#primaryimage","url":"https:\/\/poesiaerestu.com\/revista\/wp-content\/uploads\/2025\/09\/Presentacion_Aleatorio-2.webp","contentUrl":"https:\/\/poesiaerestu.com\/revista\/wp-content\/uploads\/2025\/09\/Presentacion_Aleatorio-2.webp","width":1024,"height":1024,"caption":"Poetry reading event in Madrid featuring authors Jos\u00e9 Molina, Eugenio Rivera, and Elda Hidalgo."},{"@type":"BreadcrumbList","@id":"https:\/\/poesiaerestu.com\/revista\/jose-molina-melgarejo-presenta-mas-que-palabras-en-el-corazon-de-madrid\/#breadcrumb","itemListElement":[{"@type":"ListItem","position":1,"name":"Home","item":"https:\/\/poesiaerestu.com\/revista\/"},{"@type":"ListItem","position":2,"name":"Jos\u00e9 Molina-Melgarejo presenta &#8220;M\u00e1s que palabras&#8221; en el coraz\u00f3n de Madrid"}]},{"@type":"WebSite","@id":"https:\/\/poesiaerestu.com\/revista\/#website","url":"https:\/\/poesiaerestu.com\/revista\/","name":"Poes\u00ed\u00ada eres t\u00fa (revista)","description":"Revista de poes\u00eda y literatura","potentialAction":[{"@type":"SearchAction","target":{"@type":"EntryPoint","urlTemplate":"https:\/\/poesiaerestu.com\/revista\/?s={search_term_string}"},"query-input":{"@type":"PropertyValueSpecification","valueRequired":true,"valueName":"search_term_string"}}],"inLanguage":"en-US"},{"@type":"Person","@id":"https:\/\/poesiaerestu.com\/revista\/#\/schema\/person\/7a199c452e2a4ee3390efb556a840bcb","name":"Javier P\u00e9rez-Ayala","image":{"@type":"ImageObject","inLanguage":"en-US","@id":"https:\/\/secure.gravatar.com\/avatar\/5b0972dd713008312099119b74945bc44bc4d969861adada93282427336a2cfb?s=96&d=mm&r=g","url":"https:\/\/secure.gravatar.com\/avatar\/5b0972dd713008312099119b74945bc44bc4d969861adada93282427336a2cfb?s=96&d=mm&r=g","contentUrl":"https:\/\/secure.gravatar.com\/avatar\/5b0972dd713008312099119b74945bc44bc4d969861adada93282427336a2cfb?s=96&d=mm&r=g","caption":"Javier P\u00e9rez-Ayala"},"url":"https:\/\/poesiaerestu.com\/revista\/author\/javier-perez-ayala\/"}]}},"_links":{"self":[{"href":"https:\/\/poesiaerestu.com\/revista\/wp-json\/wp\/v2\/posts\/9083","targetHints":{"allow":["GET"]}}],"collection":[{"href":"https:\/\/poesiaerestu.com\/revista\/wp-json\/wp\/v2\/posts"}],"about":[{"href":"https:\/\/poesiaerestu.com\/revista\/wp-json\/wp\/v2\/types\/post"}],"author":[{"embeddable":true,"href":"https:\/\/poesiaerestu.com\/revista\/wp-json\/wp\/v2\/users\/1001005"}],"replies":[{"embeddable":true,"href":"https:\/\/poesiaerestu.com\/revista\/wp-json\/wp\/v2\/comments?post=9083"}],"version-history":[{"count":3,"href":"https:\/\/poesiaerestu.com\/revista\/wp-json\/wp\/v2\/posts\/9083\/revisions"}],"predecessor-version":[{"id":9087,"href":"https:\/\/poesiaerestu.com\/revista\/wp-json\/wp\/v2\/posts\/9083\/revisions\/9087"}],"wp:featuredmedia":[{"embeddable":true,"href":"https:\/\/poesiaerestu.com\/revista\/wp-json\/wp\/v2\/media\/9084"}],"wp:attachment":[{"href":"https:\/\/poesiaerestu.com\/revista\/wp-json\/wp\/v2\/media?parent=9083"}],"wp:term":[{"taxonomy":"category","embeddable":true,"href":"https:\/\/poesiaerestu.com\/revista\/wp-json\/wp\/v2\/categories?post=9083"},{"taxonomy":"post_tag","embeddable":true,"href":"https:\/\/poesiaerestu.com\/revista\/wp-json\/wp\/v2\/tags?post=9083"}],"curies":[{"name":"wp","href":"https:\/\/api.w.org\/{rel}","templated":true}]}}