{"id":895,"date":"2011-10-09T12:07:05","date_gmt":"2011-10-09T10:07:05","guid":{"rendered":"http:\/\/www.poesiaerestu.com\/revista\/?p=895"},"modified":"2011-10-08T12:14:38","modified_gmt":"2011-10-08T10:14:38","slug":"presentacion-de-los-libros-blanchot-espacio-del-desastre-y-peregrino-en-su-tierra","status":"publish","type":"post","link":"https:\/\/poesiaerestu.com\/revista\/presentacion-de-los-libros-blanchot-espacio-del-desastre-y-peregrino-en-su-tierra\/","title":{"rendered":"Presentaci\u00f3n de los libros: Blanchot, Espac\u00edo del desastre y Peregrino en su tierra"},"content":{"rendered":"<p>S\u00e1bado 15 de Octubre de 2011 a las 8.p.m.<\/p>\n<p>Presentaci\u00f3n de los libros:<\/p>\n<p>Blanchot especio del desastre de Jos\u00e9 Vidal Valicourt<br \/>\nPeregrino en su tierra de Mario Mart\u00edn Lera<\/p>\n<p><a ref=\"magnificPopup\" href=\"https:\/\/poesiaerestu.com\/revista\/wp-content\/uploads\/2011\/10\/presentacionBlanchotyperegrino.jpg\"><img loading=\"lazy\" decoding=\"async\" class=\"aligncenter size-full wp-image-896\" title=\"presentacionBlanchotyperegrino\" src=\"https:\/\/poesiaerestu.com\/revista\/wp-content\/uploads\/2011\/10\/presentacionBlanchotyperegrino.jpg\" alt=\"\" width=\"607\" height=\"569\" srcset=\"https:\/\/poesiaerestu.com\/revista\/wp-content\/uploads\/2011\/10\/presentacionBlanchotyperegrino.jpg 680w, https:\/\/poesiaerestu.com\/revista\/wp-content\/uploads\/2011\/10\/presentacionBlanchotyperegrino-300x281.jpg 300w, https:\/\/poesiaerestu.com\/revista\/wp-content\/uploads\/2011\/10\/presentacionBlanchotyperegrino-600x563.jpg 600w, https:\/\/poesiaerestu.com\/revista\/wp-content\/uploads\/2011\/10\/presentacionBlanchotyperegrino-64x60.jpg 64w\" sizes=\"auto, (max-width: 607px) 100vw, 607px\" \/><\/a><\/p>\n","protected":false},"excerpt":{"rendered":"<p>S\u00e1bado 15 de Octubre de 2011 a las 8.p.m. Presentaci\u00f3n de los libros: Blanchot especio del desastre de Jos\u00e9 Vidal Valicourt Peregrino en su tierra de Mario Mart\u00edn Lera<\/p>\n","protected":false},"author":1,"featured_media":896,"comment_status":"open","ping_status":"open","sticky":false,"template":"","format":"standard","meta":{"footnotes":"","_links_to":"","_links_to_target":""},"categories":[8],"tags":[],"class_list":["post-895","post","type-post","status-publish","format-standard","has-post-thumbnail","hentry","category-eventos"],"yoast_head":"<!-- This site is optimized with the Yoast SEO Premium plugin v24.7 (Yoast SEO v27.5) - https:\/\/yoast.com\/product\/yoast-seo-premium-wordpress\/ -->\n<title>Presentaci\u00f3n de los libros: Blanchot, Espac\u00edo del desastre y Peregrino en su tierra<\/title>\n<meta name=\"description\" content=\"S\u00e1bado 15 de Octubre de 2011 a las 8.p.m.\" \/>\n<meta name=\"robots\" content=\"index, follow, max-snippet:-1, max-image-preview:large, max-video-preview:-1\" \/>\n<link rel=\"canonical\" href=\"https:\/\/poesiaerestu.com\/revista\/presentacion-de-los-libros-blanchot-espacio-del-desastre-y-peregrino-en-su-tierra\/\" \/>\n<meta name=\"twitter:label1\" content=\"Written by\" \/>\n\t<meta name=\"twitter:data1\" content=\"admin\" \/>\n<script type=\"application\/ld+json\" class=\"yoast-schema-graph\">{\"@context\":\"https:\\\/\\\/schema.org\",\"@graph\":[{\"@type\":\"Article\",\"@id\":\"https:\\\/\\\/poesiaerestu.com\\\/revista\\\/presentacion-de-los-libros-blanchot-espacio-del-desastre-y-peregrino-en-su-tierra\\\/#article\",\"isPartOf\":{\"@id\":\"https:\\\/\\\/poesiaerestu.com\\\/revista\\\/presentacion-de-los-libros-blanchot-espacio-del-desastre-y-peregrino-en-su-tierra\\\/\"},\"author\":{\"name\":\"admin\",\"@id\":\"https:\\\/\\\/poesiaerestu.com\\\/revista\\\/#\\\/schema\\\/person\\\/fcb1a2122be3810bfdd0c071b4b3e9c4\"},\"headline\":\"Presentaci\u00f3n de los libros: Blanchot, Espac\u00edo del desastre y Peregrino en su tierra\",\"datePublished\":\"2011-10-09T10:07:05+00:00\",\"mainEntityOfPage\":{\"@id\":\"https:\\\/\\\/poesiaerestu.com\\\/revista\\\/presentacion-de-los-libros-blanchot-espacio-del-desastre-y-peregrino-en-su-tierra\\\/\"},\"wordCount\":46,\"commentCount\":0,\"image\":{\"@id\":\"https:\\\/\\\/poesiaerestu.com\\\/revista\\\/presentacion-de-los-libros-blanchot-espacio-del-desastre-y-peregrino-en-su-tierra\\\/#primaryimage\"},\"thumbnailUrl\":\"https:\\\/\\\/poesiaerestu.com\\\/revista\\\/wp-content\\\/uploads\\\/2011\\\/10\\\/presentacionBlanchotyperegrino.jpg\",\"articleSection\":[\"Eventos\"],\"inLanguage\":\"en-US\",\"copyrightYear\":\"2011\",\"copyrightHolder\":{\"@id\":\"https:\\\/\\\/poesiaerestu.com\\\/revista\\\/#organization\"}},{\"@type\":\"WebPage\",\"@id\":\"https:\\\/\\\/poesiaerestu.com\\\/revista\\\/presentacion-de-los-libros-blanchot-espacio-del-desastre-y-peregrino-en-su-tierra\\\/\",\"url\":\"https:\\\/\\\/poesiaerestu.com\\\/revista\\\/presentacion-de-los-libros-blanchot-espacio-del-desastre-y-peregrino-en-su-tierra\\\/\",\"name\":\"Presentaci\u00f3n de los libros: Blanchot, Espac\u00edo del desastre y Peregrino en su tierra\",\"isPartOf\":{\"@id\":\"https:\\\/\\\/poesiaerestu.com\\\/revista\\\/#website\"},\"primaryImageOfPage\":{\"@id\":\"https:\\\/\\\/poesiaerestu.com\\\/revista\\\/presentacion-de-los-libros-blanchot-espacio-del-desastre-y-peregrino-en-su-tierra\\\/#primaryimage\"},\"image\":{\"@id\":\"https:\\\/\\\/poesiaerestu.com\\\/revista\\\/presentacion-de-los-libros-blanchot-espacio-del-desastre-y-peregrino-en-su-tierra\\\/#primaryimage\"},\"thumbnailUrl\":\"https:\\\/\\\/poesiaerestu.com\\\/revista\\\/wp-content\\\/uploads\\\/2011\\\/10\\\/presentacionBlanchotyperegrino.jpg\",\"datePublished\":\"2011-10-09T10:07:05+00:00\",\"author\":{\"@id\":\"https:\\\/\\\/poesiaerestu.com\\\/revista\\\/#\\\/schema\\\/person\\\/fcb1a2122be3810bfdd0c071b4b3e9c4\"},\"description\":\"S\u00e1bado 15 de Octubre de 2011 a las 8.p.m.\",\"breadcrumb\":{\"@id\":\"https:\\\/\\\/poesiaerestu.com\\\/revista\\\/presentacion-de-los-libros-blanchot-espacio-del-desastre-y-peregrino-en-su-tierra\\\/#breadcrumb\"},\"inLanguage\":\"en-US\",\"potentialAction\":[{\"@type\":\"ReadAction\",\"target\":[\"https:\\\/\\\/poesiaerestu.com\\\/revista\\\/presentacion-de-los-libros-blanchot-espacio-del-desastre-y-peregrino-en-su-tierra\\\/\"]}]},{\"@type\":\"ImageObject\",\"inLanguage\":\"en-US\",\"@id\":\"https:\\\/\\\/poesiaerestu.com\\\/revista\\\/presentacion-de-los-libros-blanchot-espacio-del-desastre-y-peregrino-en-su-tierra\\\/#primaryimage\",\"url\":\"https:\\\/\\\/poesiaerestu.com\\\/revista\\\/wp-content\\\/uploads\\\/2011\\\/10\\\/presentacionBlanchotyperegrino.jpg\",\"contentUrl\":\"https:\\\/\\\/poesiaerestu.com\\\/revista\\\/wp-content\\\/uploads\\\/2011\\\/10\\\/presentacionBlanchotyperegrino.jpg\",\"width\":680,\"height\":638},{\"@type\":\"BreadcrumbList\",\"@id\":\"https:\\\/\\\/poesiaerestu.com\\\/revista\\\/presentacion-de-los-libros-blanchot-espacio-del-desastre-y-peregrino-en-su-tierra\\\/#breadcrumb\",\"itemListElement\":[{\"@type\":\"ListItem\",\"position\":1,\"name\":\"Home\",\"item\":\"https:\\\/\\\/poesiaerestu.com\\\/revista\\\/\"},{\"@type\":\"ListItem\",\"position\":2,\"name\":\"Presentaci\u00f3n de los libros: Blanchot, Espac\u00edo del desastre y Peregrino en su tierra\"}]},{\"@type\":\"WebSite\",\"@id\":\"https:\\\/\\\/poesiaerestu.com\\\/revista\\\/#website\",\"url\":\"https:\\\/\\\/poesiaerestu.com\\\/revista\\\/\",\"name\":\"Poes\u00ed\u00ada eres t\u00fa (revista)\",\"description\":\"Revista de poes\u00eda y literatura\",\"potentialAction\":[{\"@type\":\"SearchAction\",\"target\":{\"@type\":\"EntryPoint\",\"urlTemplate\":\"https:\\\/\\\/poesiaerestu.com\\\/revista\\\/?s={search_term_string}\"},\"query-input\":{\"@type\":\"PropertyValueSpecification\",\"valueRequired\":true,\"valueName\":\"search_term_string\"}}],\"inLanguage\":\"en-US\"},{\"@type\":\"Person\",\"@id\":\"https:\\\/\\\/poesiaerestu.com\\\/revista\\\/#\\\/schema\\\/person\\\/fcb1a2122be3810bfdd0c071b4b3e9c4\",\"name\":\"admin\",\"image\":{\"@type\":\"ImageObject\",\"inLanguage\":\"en-US\",\"@id\":\"https:\\\/\\\/secure.gravatar.com\\\/avatar\\\/1cb55a5bd8d6824519e46b552e84b03575857cc9c4d6333824d2f95d82129f50?s=96&d=mm&r=g\",\"url\":\"https:\\\/\\\/secure.gravatar.com\\\/avatar\\\/1cb55a5bd8d6824519e46b552e84b03575857cc9c4d6333824d2f95d82129f50?s=96&d=mm&r=g\",\"contentUrl\":\"https:\\\/\\\/secure.gravatar.com\\\/avatar\\\/1cb55a5bd8d6824519e46b552e84b03575857cc9c4d6333824d2f95d82129f50?s=96&d=mm&r=g\",\"caption\":\"admin\"},\"url\":\"https:\\\/\\\/poesiaerestu.com\\\/revista\\\/author\\\/admin\\\/\"}]}<\/script>\n<!-- \/ Yoast SEO Premium plugin. -->","yoast_head_json":{"title":"Presentaci\u00f3n de los libros: Blanchot, Espac\u00edo del desastre y Peregrino en su tierra","description":"S\u00e1bado 15 de Octubre de 2011 a las 8.p.m.","robots":{"index":"index","follow":"follow","max-snippet":"max-snippet:-1","max-image-preview":"max-image-preview:large","max-video-preview":"max-video-preview:-1"},"canonical":"https:\/\/poesiaerestu.com\/revista\/presentacion-de-los-libros-blanchot-espacio-del-desastre-y-peregrino-en-su-tierra\/","twitter_misc":{"Written by":"admin"},"schema":{"@context":"https:\/\/schema.org","@graph":[{"@type":"Article","@id":"https:\/\/poesiaerestu.com\/revista\/presentacion-de-los-libros-blanchot-espacio-del-desastre-y-peregrino-en-su-tierra\/#article","isPartOf":{"@id":"https:\/\/poesiaerestu.com\/revista\/presentacion-de-los-libros-blanchot-espacio-del-desastre-y-peregrino-en-su-tierra\/"},"author":{"name":"admin","@id":"https:\/\/poesiaerestu.com\/revista\/#\/schema\/person\/fcb1a2122be3810bfdd0c071b4b3e9c4"},"headline":"Presentaci\u00f3n de los libros: Blanchot, Espac\u00edo del desastre y Peregrino en su tierra","datePublished":"2011-10-09T10:07:05+00:00","mainEntityOfPage":{"@id":"https:\/\/poesiaerestu.com\/revista\/presentacion-de-los-libros-blanchot-espacio-del-desastre-y-peregrino-en-su-tierra\/"},"wordCount":46,"commentCount":0,"image":{"@id":"https:\/\/poesiaerestu.com\/revista\/presentacion-de-los-libros-blanchot-espacio-del-desastre-y-peregrino-en-su-tierra\/#primaryimage"},"thumbnailUrl":"https:\/\/poesiaerestu.com\/revista\/wp-content\/uploads\/2011\/10\/presentacionBlanchotyperegrino.jpg","articleSection":["Eventos"],"inLanguage":"en-US","copyrightYear":"2011","copyrightHolder":{"@id":"https:\/\/poesiaerestu.com\/revista\/#organization"}},{"@type":"WebPage","@id":"https:\/\/poesiaerestu.com\/revista\/presentacion-de-los-libros-blanchot-espacio-del-desastre-y-peregrino-en-su-tierra\/","url":"https:\/\/poesiaerestu.com\/revista\/presentacion-de-los-libros-blanchot-espacio-del-desastre-y-peregrino-en-su-tierra\/","name":"Presentaci\u00f3n de los libros: Blanchot, Espac\u00edo del desastre y Peregrino en su tierra","isPartOf":{"@id":"https:\/\/poesiaerestu.com\/revista\/#website"},"primaryImageOfPage":{"@id":"https:\/\/poesiaerestu.com\/revista\/presentacion-de-los-libros-blanchot-espacio-del-desastre-y-peregrino-en-su-tierra\/#primaryimage"},"image":{"@id":"https:\/\/poesiaerestu.com\/revista\/presentacion-de-los-libros-blanchot-espacio-del-desastre-y-peregrino-en-su-tierra\/#primaryimage"},"thumbnailUrl":"https:\/\/poesiaerestu.com\/revista\/wp-content\/uploads\/2011\/10\/presentacionBlanchotyperegrino.jpg","datePublished":"2011-10-09T10:07:05+00:00","author":{"@id":"https:\/\/poesiaerestu.com\/revista\/#\/schema\/person\/fcb1a2122be3810bfdd0c071b4b3e9c4"},"description":"S\u00e1bado 15 de Octubre de 2011 a las 8.p.m.","breadcrumb":{"@id":"https:\/\/poesiaerestu.com\/revista\/presentacion-de-los-libros-blanchot-espacio-del-desastre-y-peregrino-en-su-tierra\/#breadcrumb"},"inLanguage":"en-US","potentialAction":[{"@type":"ReadAction","target":["https:\/\/poesiaerestu.com\/revista\/presentacion-de-los-libros-blanchot-espacio-del-desastre-y-peregrino-en-su-tierra\/"]}]},{"@type":"ImageObject","inLanguage":"en-US","@id":"https:\/\/poesiaerestu.com\/revista\/presentacion-de-los-libros-blanchot-espacio-del-desastre-y-peregrino-en-su-tierra\/#primaryimage","url":"https:\/\/poesiaerestu.com\/revista\/wp-content\/uploads\/2011\/10\/presentacionBlanchotyperegrino.jpg","contentUrl":"https:\/\/poesiaerestu.com\/revista\/wp-content\/uploads\/2011\/10\/presentacionBlanchotyperegrino.jpg","width":680,"height":638},{"@type":"BreadcrumbList","@id":"https:\/\/poesiaerestu.com\/revista\/presentacion-de-los-libros-blanchot-espacio-del-desastre-y-peregrino-en-su-tierra\/#breadcrumb","itemListElement":[{"@type":"ListItem","position":1,"name":"Home","item":"https:\/\/poesiaerestu.com\/revista\/"},{"@type":"ListItem","position":2,"name":"Presentaci\u00f3n de los libros: Blanchot, Espac\u00edo del desastre y Peregrino en su tierra"}]},{"@type":"WebSite","@id":"https:\/\/poesiaerestu.com\/revista\/#website","url":"https:\/\/poesiaerestu.com\/revista\/","name":"Poes\u00ed\u00ada eres t\u00fa (revista)","description":"Revista de poes\u00eda y literatura","potentialAction":[{"@type":"SearchAction","target":{"@type":"EntryPoint","urlTemplate":"https:\/\/poesiaerestu.com\/revista\/?s={search_term_string}"},"query-input":{"@type":"PropertyValueSpecification","valueRequired":true,"valueName":"search_term_string"}}],"inLanguage":"en-US"},{"@type":"Person","@id":"https:\/\/poesiaerestu.com\/revista\/#\/schema\/person\/fcb1a2122be3810bfdd0c071b4b3e9c4","name":"admin","image":{"@type":"ImageObject","inLanguage":"en-US","@id":"https:\/\/secure.gravatar.com\/avatar\/1cb55a5bd8d6824519e46b552e84b03575857cc9c4d6333824d2f95d82129f50?s=96&d=mm&r=g","url":"https:\/\/secure.gravatar.com\/avatar\/1cb55a5bd8d6824519e46b552e84b03575857cc9c4d6333824d2f95d82129f50?s=96&d=mm&r=g","contentUrl":"https:\/\/secure.gravatar.com\/avatar\/1cb55a5bd8d6824519e46b552e84b03575857cc9c4d6333824d2f95d82129f50?s=96&d=mm&r=g","caption":"admin"},"url":"https:\/\/poesiaerestu.com\/revista\/author\/admin\/"}]}},"_links":{"self":[{"href":"https:\/\/poesiaerestu.com\/revista\/wp-json\/wp\/v2\/posts\/895","targetHints":{"allow":["GET"]}}],"collection":[{"href":"https:\/\/poesiaerestu.com\/revista\/wp-json\/wp\/v2\/posts"}],"about":[{"href":"https:\/\/poesiaerestu.com\/revista\/wp-json\/wp\/v2\/types\/post"}],"author":[{"embeddable":true,"href":"https:\/\/poesiaerestu.com\/revista\/wp-json\/wp\/v2\/users\/1"}],"replies":[{"embeddable":true,"href":"https:\/\/poesiaerestu.com\/revista\/wp-json\/wp\/v2\/comments?post=895"}],"version-history":[{"count":0,"href":"https:\/\/poesiaerestu.com\/revista\/wp-json\/wp\/v2\/posts\/895\/revisions"}],"wp:featuredmedia":[{"embeddable":true,"href":"https:\/\/poesiaerestu.com\/revista\/wp-json\/wp\/v2\/media\/896"}],"wp:attachment":[{"href":"https:\/\/poesiaerestu.com\/revista\/wp-json\/wp\/v2\/media?parent=895"}],"wp:term":[{"taxonomy":"category","embeddable":true,"href":"https:\/\/poesiaerestu.com\/revista\/wp-json\/wp\/v2\/categories?post=895"},{"taxonomy":"post_tag","embeddable":true,"href":"https:\/\/poesiaerestu.com\/revista\/wp-json\/wp\/v2\/tags?post=895"}],"curies":[{"name":"wp","href":"https:\/\/api.w.org\/{rel}","templated":true}]}}