{"id":8782,"date":"2025-06-30T20:23:30","date_gmt":"2025-06-30T18:23:30","guid":{"rendered":"https:\/\/poesiaerestu.com\/revista\/?p=8782"},"modified":"2025-06-30T20:23:30","modified_gmt":"2025-06-30T18:23:30","slug":"yo-soy-la-palabra-la-poeta-la-poesia-yoanna-mojon-eterno-color-de-otono","status":"publish","type":"post","link":"https:\/\/poesiaerestu.com\/revista\/yo-soy-la-palabra-la-poeta-la-poesia-yoanna-mojon-eterno-color-de-otono\/","title":{"rendered":"Yo soy la palabra, la poeta, la poes\u00eda. Yoanna Moj\u00f3n. Eterno color de oto\u00f1o"},"content":{"rendered":"<p>Yo soy la palabra, la poeta, la poes\u00eda<\/p>\n<p><em>Soy la bala, el gatillo y el agujero<br \/>\nEl dedo y su mente, el segundo y su impulso<br \/>\nSoy el cami\u00f3n de la basura recogiendo a todos los insomnes<\/em><\/p>\n<p><em>Si escribo la bala y disparo la poes\u00eda con el \u00edndice en blanco<br \/>\nSi acuno ojeras y decoro verdades tal vez sea una poeta de palabra<br \/>\nUn impulso que mata segundos a l\u00e1piz<\/em><\/p>\n<p><strong><em>Yoanna Moj\u00f3n<\/em><\/strong><em><br \/>\nEterno color de oto\u00f1o<\/em><\/p>\n<h1><strong>T\u00edtulo del an\u00e1lisis:<\/strong><br \/>\n<strong>La poeta como verdugo y sanadora<\/strong><\/h1>\n<p>Hay poemas que se disparan solos, que nacen de la tensi\u00f3n entre el silencio y el estruendo, y este es uno de ellos. Yoanna Moj\u00f3n se desdobla, se multiplica, juega a ser bala y herida a la vez, y en ese juego tr\u00e1gico y bello, la poeta se convierte en testigo de la noche, en recolectora de insomnios, en la mano que limpia y la que mancha. El verso \u201csoy la bala, el gatillo y el agujero\u201d es un acierto brutal, porque condensa en tres palabras la violencia de la creaci\u00f3n y la vulnerabilidad de quien escribe, la paradoja de quien dispara y es herida por su propio acto. La poeta se nombra a s\u00ed misma como acto y consecuencia, como causa y efecto, como verdugo y v\u00edctima, y en esa ambig\u00fcedad reside la fuerza del poema.<\/p>\n<p>La imagen del cami\u00f3n de la basura recogiendo insomnes es una met\u00e1fora poderosa, porque habla de la noche, de la ciudad, de la soledad que se acumula y se lleva, de la necesidad de limpiar el alma de los d\u00edas que no terminan nunca. Moj\u00f3n no se conforma con observar, se mete dentro del cami\u00f3n, se convierte en \u00e9l, y as\u00ed recoge a los que no pueden dormir, a los que padecen la vigilia y la incertidumbre.<\/p>\n<p>La segunda estrofa ahonda en la fragilidad y la ternura. \u201cSi escribo la bala y disparo la poes\u00eda con el \u00edndice en blanco\u201d es una l\u00ednea que duele y cura, porque habla del riesgo de escribir, de la posibilidad de quedarse vac\u00edo, de la angustia de la p\u00e1gina en blanco. La poeta acuna ojeras y decora verdades, mezcla el cansancio con la honestidad, y al final se reconoce como \u201cun impulso que mata segundos a l\u00e1piz\u201d, es decir, como una fuerza que transforma el tiempo, lo detiene, lo mata y lo revive en cada verso.<\/p>\n<p>Este poema es un ejercicio de autoconocimiento y de valent\u00eda. Moj\u00f3n no teme mostrarse vulnerable, ni violenta, ni tierna. Se permite ser todas las voces y todos los silencios, y en ese gesto reside la aut\u00e9ntica poes\u00eda. No es solo un poema sobre la escritura, sino sobre la vida, sobre la necesidad de nombrar lo que duele, lo que insiste, lo que no se deja olvidar. La poeta se convierte en la palabra misma, en la poes\u00eda que todo lo contiene y lo salva, incluso cuando parece que solo mata segundos, solo limpia insomnios, solo dispara al vac\u00edo.<\/p>\n<p><strong>Yoanna Moj\u00f3n<\/strong><br \/>\n<em>Eterno color de oto\u00f1o<\/em><\/p>\n","protected":false},"excerpt":{"rendered":"<p>Yo soy la palabra, la poeta, la poes\u00eda Soy la bala, el gatillo y el agujero El dedo y su mente, el segundo y su impulso Soy el cami\u00f3n de la basura recogiendo a todos los insomnes Si escribo la bala y disparo la poes\u00eda con el \u00edndice en blanco Si acuno ojeras y decoro&#8230;<\/p>\n","protected":false},"author":1,"featured_media":8783,"comment_status":"closed","ping_status":"closed","sticky":false,"template":"","format":"standard","meta":{"footnotes":"","_links_to":"","_links_to_target":""},"categories":[3],"tags":[],"class_list":["post-8782","post","type-post","status-publish","format-standard","has-post-thumbnail","hentry","category-poesia"],"yoast_head":"<!-- This site is optimized with the Yoast SEO Premium plugin v24.7 (Yoast SEO v27.5) - https:\/\/yoast.com\/product\/yoast-seo-premium-wordpress\/ -->\n<title>Yo soy la palabra, la poeta, la poes\u00eda. Yoanna Moj\u00f3n. Eterno color de oto\u00f1o - Poes\u00ed\u00ada eres t\u00fa (revista)<\/title>\n<meta name=\"robots\" content=\"index, follow, max-snippet:-1, max-image-preview:large, max-video-preview:-1\" \/>\n<link rel=\"canonical\" href=\"https:\/\/poesiaerestu.com\/revista\/yo-soy-la-palabra-la-poeta-la-poesia-yoanna-mojon-eterno-color-de-otono\/\" \/>\n<meta name=\"twitter:label1\" content=\"Written by\" \/>\n\t<meta name=\"twitter:data1\" content=\"admin\" \/>\n\t<meta name=\"twitter:label2\" content=\"Est. reading time\" \/>\n\t<meta name=\"twitter:data2\" content=\"3 minutes\" \/>\n<script type=\"application\/ld+json\" class=\"yoast-schema-graph\">{\"@context\":\"https:\\\/\\\/schema.org\",\"@graph\":[{\"@type\":\"Article\",\"@id\":\"https:\\\/\\\/poesiaerestu.com\\\/revista\\\/yo-soy-la-palabra-la-poeta-la-poesia-yoanna-mojon-eterno-color-de-otono\\\/#article\",\"isPartOf\":{\"@id\":\"https:\\\/\\\/poesiaerestu.com\\\/revista\\\/yo-soy-la-palabra-la-poeta-la-poesia-yoanna-mojon-eterno-color-de-otono\\\/\"},\"author\":{\"name\":\"admin\",\"@id\":\"https:\\\/\\\/poesiaerestu.com\\\/revista\\\/#\\\/schema\\\/person\\\/fcb1a2122be3810bfdd0c071b4b3e9c4\"},\"headline\":\"Yo soy la palabra, la poeta, la poes\u00eda. Yoanna Moj\u00f3n. Eterno color de oto\u00f1o\",\"datePublished\":\"2025-06-30T18:23:30+00:00\",\"mainEntityOfPage\":{\"@id\":\"https:\\\/\\\/poesiaerestu.com\\\/revista\\\/yo-soy-la-palabra-la-poeta-la-poesia-yoanna-mojon-eterno-color-de-otono\\\/\"},\"wordCount\":547,\"image\":{\"@id\":\"https:\\\/\\\/poesiaerestu.com\\\/revista\\\/yo-soy-la-palabra-la-poeta-la-poesia-yoanna-mojon-eterno-color-de-otono\\\/#primaryimage\"},\"thumbnailUrl\":\"https:\\\/\\\/poesiaerestu.com\\\/revista\\\/wp-content\\\/uploads\\\/2025\\\/06\\\/Imagen1-1.jpg\",\"articleSection\":[\"Poes\u00eda\"],\"inLanguage\":\"en-US\",\"copyrightYear\":\"2025\",\"copyrightHolder\":{\"@id\":\"https:\\\/\\\/poesiaerestu.com\\\/revista\\\/#organization\"}},{\"@type\":\"WebPage\",\"@id\":\"https:\\\/\\\/poesiaerestu.com\\\/revista\\\/yo-soy-la-palabra-la-poeta-la-poesia-yoanna-mojon-eterno-color-de-otono\\\/\",\"url\":\"https:\\\/\\\/poesiaerestu.com\\\/revista\\\/yo-soy-la-palabra-la-poeta-la-poesia-yoanna-mojon-eterno-color-de-otono\\\/\",\"name\":\"Yo soy la palabra, la poeta, la poes\u00eda. Yoanna Moj\u00f3n. Eterno color de oto\u00f1o - Poes\u00ed\u00ada eres t\u00fa (revista)\",\"isPartOf\":{\"@id\":\"https:\\\/\\\/poesiaerestu.com\\\/revista\\\/#website\"},\"primaryImageOfPage\":{\"@id\":\"https:\\\/\\\/poesiaerestu.com\\\/revista\\\/yo-soy-la-palabra-la-poeta-la-poesia-yoanna-mojon-eterno-color-de-otono\\\/#primaryimage\"},\"image\":{\"@id\":\"https:\\\/\\\/poesiaerestu.com\\\/revista\\\/yo-soy-la-palabra-la-poeta-la-poesia-yoanna-mojon-eterno-color-de-otono\\\/#primaryimage\"},\"thumbnailUrl\":\"https:\\\/\\\/poesiaerestu.com\\\/revista\\\/wp-content\\\/uploads\\\/2025\\\/06\\\/Imagen1-1.jpg\",\"datePublished\":\"2025-06-30T18:23:30+00:00\",\"author\":{\"@id\":\"https:\\\/\\\/poesiaerestu.com\\\/revista\\\/#\\\/schema\\\/person\\\/fcb1a2122be3810bfdd0c071b4b3e9c4\"},\"breadcrumb\":{\"@id\":\"https:\\\/\\\/poesiaerestu.com\\\/revista\\\/yo-soy-la-palabra-la-poeta-la-poesia-yoanna-mojon-eterno-color-de-otono\\\/#breadcrumb\"},\"inLanguage\":\"en-US\",\"potentialAction\":[{\"@type\":\"ReadAction\",\"target\":[\"https:\\\/\\\/poesiaerestu.com\\\/revista\\\/yo-soy-la-palabra-la-poeta-la-poesia-yoanna-mojon-eterno-color-de-otono\\\/\"]}]},{\"@type\":\"ImageObject\",\"inLanguage\":\"en-US\",\"@id\":\"https:\\\/\\\/poesiaerestu.com\\\/revista\\\/yo-soy-la-palabra-la-poeta-la-poesia-yoanna-mojon-eterno-color-de-otono\\\/#primaryimage\",\"url\":\"https:\\\/\\\/poesiaerestu.com\\\/revista\\\/wp-content\\\/uploads\\\/2025\\\/06\\\/Imagen1-1.jpg\",\"contentUrl\":\"https:\\\/\\\/poesiaerestu.com\\\/revista\\\/wp-content\\\/uploads\\\/2025\\\/06\\\/Imagen1-1.jpg\",\"width\":566,\"height\":849,\"caption\":\"Poetry and art collide in this captivating scene of a woman amidst dusk, highlighting poetic inspiration and artistic soul.\"},{\"@type\":\"BreadcrumbList\",\"@id\":\"https:\\\/\\\/poesiaerestu.com\\\/revista\\\/yo-soy-la-palabra-la-poeta-la-poesia-yoanna-mojon-eterno-color-de-otono\\\/#breadcrumb\",\"itemListElement\":[{\"@type\":\"ListItem\",\"position\":1,\"name\":\"Home\",\"item\":\"https:\\\/\\\/poesiaerestu.com\\\/revista\\\/\"},{\"@type\":\"ListItem\",\"position\":2,\"name\":\"Yo soy la palabra, la poeta, la poes\u00eda. Yoanna Moj\u00f3n. Eterno color de oto\u00f1o\"}]},{\"@type\":\"WebSite\",\"@id\":\"https:\\\/\\\/poesiaerestu.com\\\/revista\\\/#website\",\"url\":\"https:\\\/\\\/poesiaerestu.com\\\/revista\\\/\",\"name\":\"Poes\u00ed\u00ada eres t\u00fa (revista)\",\"description\":\"Revista de poes\u00eda y literatura\",\"potentialAction\":[{\"@type\":\"SearchAction\",\"target\":{\"@type\":\"EntryPoint\",\"urlTemplate\":\"https:\\\/\\\/poesiaerestu.com\\\/revista\\\/?s={search_term_string}\"},\"query-input\":{\"@type\":\"PropertyValueSpecification\",\"valueRequired\":true,\"valueName\":\"search_term_string\"}}],\"inLanguage\":\"en-US\"},{\"@type\":\"Person\",\"@id\":\"https:\\\/\\\/poesiaerestu.com\\\/revista\\\/#\\\/schema\\\/person\\\/fcb1a2122be3810bfdd0c071b4b3e9c4\",\"name\":\"admin\",\"image\":{\"@type\":\"ImageObject\",\"inLanguage\":\"en-US\",\"@id\":\"https:\\\/\\\/secure.gravatar.com\\\/avatar\\\/1cb55a5bd8d6824519e46b552e84b03575857cc9c4d6333824d2f95d82129f50?s=96&d=mm&r=g\",\"url\":\"https:\\\/\\\/secure.gravatar.com\\\/avatar\\\/1cb55a5bd8d6824519e46b552e84b03575857cc9c4d6333824d2f95d82129f50?s=96&d=mm&r=g\",\"contentUrl\":\"https:\\\/\\\/secure.gravatar.com\\\/avatar\\\/1cb55a5bd8d6824519e46b552e84b03575857cc9c4d6333824d2f95d82129f50?s=96&d=mm&r=g\",\"caption\":\"admin\"},\"url\":\"https:\\\/\\\/poesiaerestu.com\\\/revista\\\/author\\\/admin\\\/\"}]}<\/script>\n<!-- \/ Yoast SEO Premium plugin. -->","yoast_head_json":{"title":"Yo soy la palabra, la poeta, la poes\u00eda. Yoanna Moj\u00f3n. Eterno color de oto\u00f1o - Poes\u00ed\u00ada eres t\u00fa (revista)","robots":{"index":"index","follow":"follow","max-snippet":"max-snippet:-1","max-image-preview":"max-image-preview:large","max-video-preview":"max-video-preview:-1"},"canonical":"https:\/\/poesiaerestu.com\/revista\/yo-soy-la-palabra-la-poeta-la-poesia-yoanna-mojon-eterno-color-de-otono\/","twitter_misc":{"Written by":"admin","Est. reading time":"3 minutes"},"schema":{"@context":"https:\/\/schema.org","@graph":[{"@type":"Article","@id":"https:\/\/poesiaerestu.com\/revista\/yo-soy-la-palabra-la-poeta-la-poesia-yoanna-mojon-eterno-color-de-otono\/#article","isPartOf":{"@id":"https:\/\/poesiaerestu.com\/revista\/yo-soy-la-palabra-la-poeta-la-poesia-yoanna-mojon-eterno-color-de-otono\/"},"author":{"name":"admin","@id":"https:\/\/poesiaerestu.com\/revista\/#\/schema\/person\/fcb1a2122be3810bfdd0c071b4b3e9c4"},"headline":"Yo soy la palabra, la poeta, la poes\u00eda. Yoanna Moj\u00f3n. Eterno color de oto\u00f1o","datePublished":"2025-06-30T18:23:30+00:00","mainEntityOfPage":{"@id":"https:\/\/poesiaerestu.com\/revista\/yo-soy-la-palabra-la-poeta-la-poesia-yoanna-mojon-eterno-color-de-otono\/"},"wordCount":547,"image":{"@id":"https:\/\/poesiaerestu.com\/revista\/yo-soy-la-palabra-la-poeta-la-poesia-yoanna-mojon-eterno-color-de-otono\/#primaryimage"},"thumbnailUrl":"https:\/\/poesiaerestu.com\/revista\/wp-content\/uploads\/2025\/06\/Imagen1-1.jpg","articleSection":["Poes\u00eda"],"inLanguage":"en-US","copyrightYear":"2025","copyrightHolder":{"@id":"https:\/\/poesiaerestu.com\/revista\/#organization"}},{"@type":"WebPage","@id":"https:\/\/poesiaerestu.com\/revista\/yo-soy-la-palabra-la-poeta-la-poesia-yoanna-mojon-eterno-color-de-otono\/","url":"https:\/\/poesiaerestu.com\/revista\/yo-soy-la-palabra-la-poeta-la-poesia-yoanna-mojon-eterno-color-de-otono\/","name":"Yo soy la palabra, la poeta, la poes\u00eda. Yoanna Moj\u00f3n. Eterno color de oto\u00f1o - Poes\u00ed\u00ada eres t\u00fa (revista)","isPartOf":{"@id":"https:\/\/poesiaerestu.com\/revista\/#website"},"primaryImageOfPage":{"@id":"https:\/\/poesiaerestu.com\/revista\/yo-soy-la-palabra-la-poeta-la-poesia-yoanna-mojon-eterno-color-de-otono\/#primaryimage"},"image":{"@id":"https:\/\/poesiaerestu.com\/revista\/yo-soy-la-palabra-la-poeta-la-poesia-yoanna-mojon-eterno-color-de-otono\/#primaryimage"},"thumbnailUrl":"https:\/\/poesiaerestu.com\/revista\/wp-content\/uploads\/2025\/06\/Imagen1-1.jpg","datePublished":"2025-06-30T18:23:30+00:00","author":{"@id":"https:\/\/poesiaerestu.com\/revista\/#\/schema\/person\/fcb1a2122be3810bfdd0c071b4b3e9c4"},"breadcrumb":{"@id":"https:\/\/poesiaerestu.com\/revista\/yo-soy-la-palabra-la-poeta-la-poesia-yoanna-mojon-eterno-color-de-otono\/#breadcrumb"},"inLanguage":"en-US","potentialAction":[{"@type":"ReadAction","target":["https:\/\/poesiaerestu.com\/revista\/yo-soy-la-palabra-la-poeta-la-poesia-yoanna-mojon-eterno-color-de-otono\/"]}]},{"@type":"ImageObject","inLanguage":"en-US","@id":"https:\/\/poesiaerestu.com\/revista\/yo-soy-la-palabra-la-poeta-la-poesia-yoanna-mojon-eterno-color-de-otono\/#primaryimage","url":"https:\/\/poesiaerestu.com\/revista\/wp-content\/uploads\/2025\/06\/Imagen1-1.jpg","contentUrl":"https:\/\/poesiaerestu.com\/revista\/wp-content\/uploads\/2025\/06\/Imagen1-1.jpg","width":566,"height":849,"caption":"Poetry and art collide in this captivating scene of a woman amidst dusk, highlighting poetic inspiration and artistic soul."},{"@type":"BreadcrumbList","@id":"https:\/\/poesiaerestu.com\/revista\/yo-soy-la-palabra-la-poeta-la-poesia-yoanna-mojon-eterno-color-de-otono\/#breadcrumb","itemListElement":[{"@type":"ListItem","position":1,"name":"Home","item":"https:\/\/poesiaerestu.com\/revista\/"},{"@type":"ListItem","position":2,"name":"Yo soy la palabra, la poeta, la poes\u00eda. Yoanna Moj\u00f3n. Eterno color de oto\u00f1o"}]},{"@type":"WebSite","@id":"https:\/\/poesiaerestu.com\/revista\/#website","url":"https:\/\/poesiaerestu.com\/revista\/","name":"Poes\u00ed\u00ada eres t\u00fa (revista)","description":"Revista de poes\u00eda y literatura","potentialAction":[{"@type":"SearchAction","target":{"@type":"EntryPoint","urlTemplate":"https:\/\/poesiaerestu.com\/revista\/?s={search_term_string}"},"query-input":{"@type":"PropertyValueSpecification","valueRequired":true,"valueName":"search_term_string"}}],"inLanguage":"en-US"},{"@type":"Person","@id":"https:\/\/poesiaerestu.com\/revista\/#\/schema\/person\/fcb1a2122be3810bfdd0c071b4b3e9c4","name":"admin","image":{"@type":"ImageObject","inLanguage":"en-US","@id":"https:\/\/secure.gravatar.com\/avatar\/1cb55a5bd8d6824519e46b552e84b03575857cc9c4d6333824d2f95d82129f50?s=96&d=mm&r=g","url":"https:\/\/secure.gravatar.com\/avatar\/1cb55a5bd8d6824519e46b552e84b03575857cc9c4d6333824d2f95d82129f50?s=96&d=mm&r=g","contentUrl":"https:\/\/secure.gravatar.com\/avatar\/1cb55a5bd8d6824519e46b552e84b03575857cc9c4d6333824d2f95d82129f50?s=96&d=mm&r=g","caption":"admin"},"url":"https:\/\/poesiaerestu.com\/revista\/author\/admin\/"}]}},"_links":{"self":[{"href":"https:\/\/poesiaerestu.com\/revista\/wp-json\/wp\/v2\/posts\/8782","targetHints":{"allow":["GET"]}}],"collection":[{"href":"https:\/\/poesiaerestu.com\/revista\/wp-json\/wp\/v2\/posts"}],"about":[{"href":"https:\/\/poesiaerestu.com\/revista\/wp-json\/wp\/v2\/types\/post"}],"author":[{"embeddable":true,"href":"https:\/\/poesiaerestu.com\/revista\/wp-json\/wp\/v2\/users\/1"}],"replies":[{"embeddable":true,"href":"https:\/\/poesiaerestu.com\/revista\/wp-json\/wp\/v2\/comments?post=8782"}],"version-history":[{"count":0,"href":"https:\/\/poesiaerestu.com\/revista\/wp-json\/wp\/v2\/posts\/8782\/revisions"}],"wp:featuredmedia":[{"embeddable":true,"href":"https:\/\/poesiaerestu.com\/revista\/wp-json\/wp\/v2\/media\/8783"}],"wp:attachment":[{"href":"https:\/\/poesiaerestu.com\/revista\/wp-json\/wp\/v2\/media?parent=8782"}],"wp:term":[{"taxonomy":"category","embeddable":true,"href":"https:\/\/poesiaerestu.com\/revista\/wp-json\/wp\/v2\/categories?post=8782"},{"taxonomy":"post_tag","embeddable":true,"href":"https:\/\/poesiaerestu.com\/revista\/wp-json\/wp\/v2\/tags?post=8782"}],"curies":[{"name":"wp","href":"https:\/\/api.w.org\/{rel}","templated":true}]}}