{"id":8716,"date":"2025-06-11T17:54:19","date_gmt":"2025-06-11T15:54:19","guid":{"rendered":"https:\/\/poesiaerestu.com\/revista\/?p=8716"},"modified":"2025-06-19T10:15:16","modified_gmt":"2025-06-19T08:15:16","slug":"homenaje-a-manuel-alvarez-machado","status":"publish","type":"post","link":"https:\/\/poesiaerestu.com\/revista\/homenaje-a-manuel-alvarez-machado\/","title":{"rendered":"Homenaje a Manuel \u00c1lvarez Machado"},"content":{"rendered":"<p><img loading=\"lazy\" decoding=\"async\" class=\"aligncenter size-full wp-image-8717\" src=\"https:\/\/poesiaerestu.com\/revista\/wp-content\/uploads\/2025\/06\/Cartelhomenaje-scaled.webp\" alt=\"\" width=\"1834\" height=\"2560\" srcset=\"https:\/\/poesiaerestu.com\/revista\/wp-content\/uploads\/2025\/06\/Cartelhomenaje-scaled.webp 1024w, https:\/\/poesiaerestu.com\/revista\/wp-content\/uploads\/2025\/06\/Cartelhomenaje-scaled-215x300.webp 215w, https:\/\/poesiaerestu.com\/revista\/wp-content\/uploads\/2025\/06\/Cartelhomenaje-scaled-734x1024.webp 734w, https:\/\/poesiaerestu.com\/revista\/wp-content\/uploads\/2025\/06\/Cartelhomenaje-scaled-600x838.webp 600w, https:\/\/poesiaerestu.com\/revista\/wp-content\/uploads\/2025\/06\/Cartelhomenaje-scaled-768x1072.webp 768w, https:\/\/poesiaerestu.com\/revista\/wp-content\/uploads\/2025\/06\/Cartelhomenaje-scaled-43x60.webp 43w\" sizes=\"auto, (max-width: 1834px) 100vw, 1834px\" \/><\/p>\n<h1 id=\"homenaje-a-manuel-lvarez-machado-un-encuentro-con\" class=\"font-display first:mt-xs mb-3 mt-8 text-lg font-[500] leading-[1.5em] lg:text-xl dark:font-[475]\">Homenaje a Manuel \u00c1lvarez Machado: Un Encuentro con el Legado Machadiano<\/h1>\n<p class=\"my-0\">La Revista Poes\u00eda eres t\u00fa se complace en anunciar un evento de singular relevancia para el panorama literario espa\u00f1ol: el homenaje a Manuel \u00c1lvarez Machado, que tendr\u00e1 lugar el pr\u00f3ximo 13 de junio de 2025 a las 19:30 horas en la Casa de Castilla-La Mancha en Madrid (Calle de la Paz, 4). Este acto representa una oportunidad \u00fanica para rendir tributo a una figura esencial en la preservaci\u00f3n y difusi\u00f3n del legado machadiano, cuya labor investigadora y editorial ha enriquecido profundamente nuestro patrimonio literario. Manuel \u00c1lvarez Machado, fallecido el 18 de mayo de 2024, dedic\u00f3 las \u00faltimas dos d\u00e9cadas de su vida a desentra\u00f1ar los secretos de la &#8220;saga de los Machado&#8221;, convirti\u00e9ndose en el m\u00e1s importante custodio de la memoria familiar de estos gigantes de la poes\u00eda espa\u00f1ola<span class=\"whitespace-nowrap\">.<\/span><\/p>\n<h2 id=\"relevancia-del-evento-para-la-comunidad-literaria\" class=\"mb-2 mt-6 text-lg font-[500] first:mt-0 dark:font-[475] [hr+&amp;]:mt-4\">Relevancia del Evento para la Comunidad Literaria<\/h2>\n<p class=\"my-0\">Este homenaje trasciende la mera conmemoraci\u00f3n personal para convertirse en un evento de singular importancia para toda la comunidad literaria espa\u00f1ola. Manuel \u00c1lvarez Machado no fue solo un investigador m\u00e1s de la obra machadiana, sino que se constituy\u00f3 en el puente fundamental entre el patrimonio familiar de los Machado y la sociedad contempor\u00e1nea. Su trabajo permiti\u00f3 que documentos, cartas y manuscritos que permanec\u00edan en el \u00e1mbito privado familiar se convirtieran en patrimonio accesible para investigadores, estudiosos y lectores en general<span class=\"whitespace-nowrap\">.<\/span><\/p>\n<p class=\"my-0\">La dimensi\u00f3n p\u00fablica de su labor se evidencia en su participaci\u00f3n como Presidente del Patronato de Honor de la Fundaci\u00f3n Espa\u00f1ola Antonio Machado, desde donde colabor\u00f3 estrechamente con la sede nacional de la Fundaci\u00f3n en Soria<span class=\"whitespace-nowrap\">.<\/span><span>\u00a0<\/span>Su presencia en las conmemoraciones anuales del aniversario de la muerte del poeta y su participaci\u00f3n en m\u00faltiples actividades culturales lo convirtieron en una figura de referencia para todos aquellos interesados en el legado machadiano. Su ausencia en la conmemoraci\u00f3n de febrero de 2024, debido al inicio de su enfermedad, marc\u00f3 simb\u00f3licamente el final de una era en la investigaci\u00f3n machadiana<span class=\"whitespace-nowrap\">.<\/span><\/p>\n<p class=\"my-0\">La celebraci\u00f3n de este homenaje en la Casa de Castilla-La Mancha en Madrid resulta especialmente apropiada, dado que la instituci\u00f3n ha sido tradicionalmente un espacio de encuentro para la cultura castellano-manchega en la capital<span class=\"whitespace-nowrap\">.<\/span><span>\u00a0<\/span>El edificio, situado en la Calle de la Paz, 4, ha acogido durante d\u00e9cadas eventos culturales de primer nivel, convirti\u00e9ndose en un referente para la difusi\u00f3n de las manifestaciones art\u00edsticas y literarias de la regi\u00f3n. La elecci\u00f3n de este espacio subraya la dimensi\u00f3n institucional del homenaje y su reconocimiento oficial como evento de inter\u00e9s cultural.<\/p>\n<h2 id=\"conclusin-una-cita-imprescindible-con-la-cultura-l\" class=\"mb-2 mt-6 text-lg font-[500] first:mt-0 dark:font-[475] [hr+&amp;]:mt-4\">Conclusi\u00f3n: Una Cita Imprescindible con la Cultura Literaria<\/h2>\n<p class=\"my-0\">El homenaje a Manuel \u00c1lvarez Machado programado para el 13 de junio representa una oportunidad \u00fanica para la comunidad literaria madrile\u00f1a y espa\u00f1ola de rendir tributo a una figura esencial en la preservaci\u00f3n de nuestro patrimonio po\u00e9tico. La combinaci\u00f3n de intervenciones especializadas, dimensi\u00f3n musical y marco institucional adecuado promete convertir el evento en una experiencia enriquecedora tanto desde el punto de vista intelectual como emocional. La Revista Poes\u00eda eres t\u00fa, como medio de difusi\u00f3n del Grupo Editorial P\u00e9rez-Ayala, considera este homenaje como un acontecimiento de primera magnitud que honra la memoria de quien tanto contribuy\u00f3 a enriquecer nuestro conocimiento sobre los hermanos Machado y, por extensi\u00f3n, sobre uno de los per\u00edodos m\u00e1s brillantes de la poes\u00eda espa\u00f1ola<span class=\"whitespace-nowrap\">.<\/span><\/p>\n<p style=\"text-align: center;\"><iframe loading=\"lazy\" title=\"YouTube video player\" src=\"https:\/\/www.youtube.com\/embed\/h-lrRjj9BP8?si=_BOsu7x-TE09n0I9\" width=\"560\" height=\"315\" frameborder=\"0\" allowfullscreen=\"allowfullscreen\"><\/iframe><\/p>\n<p>&nbsp;<\/p>\n<hr \/>\n<h3><strong>Manuel \u00c1lvarez Machado: El Guardi\u00e1n Incansable del Legado Machado y Defensor de la Verdad Hist\u00f3rica<\/strong><\/h3>\n<p>El 13 de junio de 2025, la Casa de Castilla-La Mancha en Madrid fue el escenario de un emotivo homenaje a <strong>Manuel \u00c1lvarez Machado<\/strong>, quien falleci\u00f3 el 18 de mayo del a\u00f1o anterior [YouTube video title, 2]. Este evento rindi\u00f3 tributo a una figura fundamental en la preservaci\u00f3n del patrimonio de una de las familias literarias m\u00e1s importantes de Espa\u00f1a.<\/p>\n<h4><strong>Una Vida Dedicada a la Sabidur\u00eda y la Verdad<\/strong><\/h4>\n<p>Manuel \u00c1lvarez Machado, sobrino nieto de los poetas Manuel y Antonio Machado, dedic\u00f3 gran parte de su vida a investigar y preservar el legado literario de su familia, a pesar de haberse formado como abogado. Durante d\u00e9cadas, su labor principal fue <strong>ordenar, estudiar y clasificar los numerosos manuscritos familiares<\/strong> que atesoraban la obra de Antonio, Manuel y Francisco Machado, as\u00ed como la de su padre, Antonio Machado y \u00c1lvarez, m\u00e1s conocido por el seud\u00f3nimo Dem\u00f3filo.<\/p>\n<p>M\u00e1s all\u00e1 de su meticulosa investigaci\u00f3n, Manuel fue un <strong>firme defensor de la verdad hist\u00f3rica<\/strong>, combatiendo con sus pesquisas los mitos y leyendas tejidos alrededor de la figura de sus t\u00edos abuelos. Nunca, mientras su salud se lo permiti\u00f3, se neg\u00f3 a acudir a conferencias, eventos culturales o cualquier lugar donde se requiriera su presencia, siempre dispuesto a acercar la obra de sus ancestros y la suya propia a un p\u00fablico cada vez m\u00e1s curioso. Quienes le conocieron, como la editora de Risque, lo describen como un hombre de <strong>sabidur\u00eda, ingenio, perseverancia, tremenda humanidad, cercan\u00eda, humildad e infinita capacidad para sacar adelante proyectos<\/strong>. Jos\u00e9 Manuel Caballero Bonar lo describi\u00f3 como un hombre &#8220;bondadoso y pr\u00f3digo, siempre presto a extender su mano&#8221;.<\/p>\n<h4><strong>Una Obra Monumental, Incluso en Tiempos Dif\u00edciles<\/strong><\/h4>\n<p>El trabajo m\u00e1s ingente de Manuel se llev\u00f3 a cabo durante la pandemia. A pesar de las circunstancias y de no encontrarse ya bien de salud, demostr\u00f3 un &#8220;perseverante esfuerzo&#8221; para sacar a la luz <strong>seis libros fundamentales<\/strong> que abarcan las circunstancias que rodearon a la familia Machado Ruiz en la prensa desde 1929 hasta 1939. Estos vol\u00famenes representan un patrimonio vital para descifrar los acontecimientos que impactaron de lleno a la estirpe Machado.<\/p>\n<p>Entre las obras que vieron la luz gracias a su incansable labor se encuentran:<\/p>\n<ul>\n<li><em>Antonio Machado y la familia Landa<\/em><\/li>\n<li><em>Adriana Lecouvreur en el teatro de los hermanos Machado<\/em><\/li>\n<li><em>Antonio Machado Camino del estilo<\/em><\/li>\n<li><em>Antonio Machado su exilio en Collioure<\/em><\/li>\n<li><em>Manuel y Antonio Machado de Madrid 1932 a Collioure en 1939<\/em><\/li>\n<li><em>La \u00faltima cartera de Antonio Machado<\/em><\/li>\n<\/ul>\n<p>Detr\u00e1s de cada uno de estos textos hubo un esfuerzo tit\u00e1nico, que implic\u00f3 &#8220;innumerables horas visualizando archivos, escaneando recortes de prensa y realizando una labor exhaustiva de clasificaci\u00f3n&#8221;.<\/p>\n<h4><strong>Desentra\u00f1ando Misterios y Revelando Verdades Hist\u00f3ricas<\/strong><\/h4>\n<p>Una de las investigaciones que m\u00e1s apasion\u00f3 a Manuel fue la del <strong>viaje de Manuel Machado a Collioure<\/strong> tras la muerte de Antonio. A pesar de las dudas de muchos &#8220;entendidos&#8221;, Manuel \u00c1lvarez Machado estaba convencido de que su t\u00edo abuelo hab\u00eda estado all\u00ed. La clave de este misterio se desvel\u00f3 poco antes de su muerte con el descubrimiento de <strong>dos pasaportes fechados el 14 de febrero de 1939<\/strong> a nombre de Manuel Machado y Eulalia C\u00e1ceres en los documentos de Burgos, confirmando as\u00ed su presencia en el funeral de Antonio. Este hallazgo fue crucial, ya que se consideraba que Manuel Machado no hab\u00eda asistido.<\/p>\n<p>Se destaca que Manuel Machado, que hablaba muy bien franc\u00e9s (hasta el punto de ser confundido con un parisino), probablemente viaj\u00f3 a Par\u00eds, donde ten\u00eda muchos amigos y hab\u00eda trabajado como traductor para Garnier. En Collioure, tuvo discusiones con su hermano Jos\u00e9, quien, debido a que sus tres hijas hab\u00edan sido enviadas a Rusia en el \u00faltimo env\u00edo de ni\u00f1os, tem\u00eda las repercusiones de regresar a Espa\u00f1a y decidi\u00f3 exiliarse en Chile.<\/p>\n<p>Manuel \u00c1lvarez Machado tambi\u00e9n se dedic\u00f3 a clarificar otros aspectos del legado Machado:<\/p>\n<ul>\n<li>Combati\u00f3 el &#8220;absurdo debate&#8221; sobre si los hermanos eran &#8220;galgos o podencos&#8221;.<\/li>\n<li>Subray\u00f3 la importancia del <strong>teatro para la solvencia econ\u00f3mica de los Machado<\/strong>, destacando el \u00e9xito de obras como <em>La Lola se va a los puertos<\/em> en Espa\u00f1a y Argentina. Antonio Machado mismo enfatizaba que lo importante en el teatro era el movimiento de los personajes.<\/li>\n<li>Luch\u00f3 por sacar a Manuel Machado del &#8220;ostracismo&#8221; al que a veces se le relegaba.<\/li>\n<li>Desvel\u00f3 que el <strong>Himno de la Rep\u00fablica fue compuesto por \u00d3scar y Manuel Machado<\/strong>, y no por Antonio, como err\u00f3neamente se consigna en algunos lugares.<\/li>\n<li>Destac\u00f3 la valent\u00eda de <strong>Manuel Machado<\/strong> al regresar a ver a su familia en Burgos en julio de 1936, lo que le vali\u00f3 dos detenciones de las que fue liberado.<\/li>\n<li>Resalt\u00f3 el papel de Manuel \u00c1lvarez Machado en el regreso de su bisabuelo, <strong>Francisco Machado<\/strong>, a Espa\u00f1a sin ninguna m\u00e1cula en su expediente, a pesar de las dificultades y la resistencia inicial de su madre.<\/li>\n<li>Puso en valor la publicaci\u00f3n del art\u00edculo <strong>&#8220;El quinto no matar&#8221; de Manuel Machado<\/strong> en el ABC en 1946, un acto de gran valent\u00eda dada la fuerte censura y la proximidad al 1 de abril, d\u00eda de la victoria franquista.<\/li>\n<li>Record\u00f3 la profunda humanidad de <strong>Antonio Machado<\/strong>, quien, a pesar de las &#8220;cegueras&#8221;, &#8220;errores&#8221; e &#8220;injusticias&#8221; de sus adversarios, confes\u00f3 que &#8220;nunca pudo aborrecerlos&#8221; porque &#8220;eran espa\u00f1oles y el lazo fraterno&#8230; no pod\u00eda romperse&#8221;.<\/li>\n<li>Mencion\u00f3 los homenajes a Antonio Machado en Collioure, incluyendo uno en 1959 con personalidades como Picasso y Jean-Paul Sartre, y un poema en catal\u00e1n escrito por Gumersindo Gomila en 1942 durante la ocupaci\u00f3n francesa, siendo la \u00fanica manifestaci\u00f3n p\u00fablica en su memoria de 1940 a 1945.<\/li>\n<\/ul>\n<h4><strong>La Aventura de la Editorial Ediciones Machadianas<\/strong><\/h4>\n<p>Motivado por la necesidad de publicar los documentos de los hermanos Machado, Manuel \u00c1lvarez Machado impuls\u00f3 la creaci\u00f3n de la editorial Ediciones Machadianas. Lo que al principio parec\u00eda una &#8220;locura&#8221; \u2014&#8221;\u00bfc\u00f3mo vamos a hacer eso si eso los libros no tenemos que hacerlo?&#8221;\u2014 se convirti\u00f3 en una realidad gracias a su empuje y a la colaboraci\u00f3n de un equipo que se uni\u00f3 a su visi\u00f3n, incluyendo a Jes\u00fas en maquetaci\u00f3n, Mar como corrector, Alber como modulador y Marta en las portadas. La camarader\u00eda y el desinter\u00e9s por figurar fueron claves en este proyecto, donde siempre se prioriz\u00f3 la obra de los Machado.<\/p>\n<h4><strong>Un Recuerdo que Perdurar\u00e1<\/strong><\/h4>\n<p>La partida de Manuel \u00c1lvarez Machado ha dejado un profundo vac\u00edo; para la editora de ediciones Rilke, Madrid ha perdido &#8220;parte de su alma&#8221; desde su partida. Sin embargo, su recuerdo &#8220;perdurar\u00e1 inmaculable&#8221; en la memoria de quienes le conocieron y en la esencia de sus corazones. Su entusiasmo contagioso, su capacidad para convertir los sue\u00f1os en realidad y su habilidad para fortalecer y animar a quienes le rodeaban lo convirtieron en un &#8220;faro en la noche&#8221; y un &#8220;motor desbocado de potencia&#8221;.<\/p>\n<p>El homenaje concluy\u00f3 con la interpretaci\u00f3n de poemas de Antonio Machado, como &#8220;Coplas por la muerte de Guido&#8221; y &#8220;Retrato&#8221;, y de su abuelo, como &#8220;El reloj de la c\u00e1rcel&#8221;, adem\u00e1s de poemas dedicados al propio Manuel \u00c1lvarez Machado, evidenciando c\u00f3mo su legado sigue vivo a trav\u00e9s de la poes\u00eda que tanto am\u00f3 y protegi\u00f3. Su trabajo no ha sido en vano, y gracias a su &#8220;meticulosa labor investigadora&#8221;, hemos podido conocer numerosos documentos in\u00e9ditos, cartas, poemas y aspectos fundamentales de la memoria hist\u00f3rica.<\/p>\n<p><a href=\"https:\/\/poesiaerestu.com\/revista\/wp-content\/uploads\/2025\/06\/Transcripcion-del-evento.pdf\">Transcripci\u00f3n del evento<\/a><\/p>\n<hr \/>\n","protected":false},"excerpt":{"rendered":"<p>Homenaje a Manuel \u00c1lvarez Machado: Un Encuentro con el Legado Machadiano La Revista Poes\u00eda eres t\u00fa se complace en anunciar un evento de singular relevancia para el panorama literario espa\u00f1ol: el homenaje a Manuel \u00c1lvarez Machado, que tendr\u00e1 lugar el pr\u00f3ximo 13 de junio de 2025 a las 19:30 horas en la Casa de Castilla-La&#8230;<\/p>\n","protected":false},"author":1,"featured_media":8717,"comment_status":"closed","ping_status":"closed","sticky":false,"template":"","format":"standard","meta":{"footnotes":"","_links_to":"","_links_to_target":""},"categories":[8],"tags":[],"class_list":["post-8716","post","type-post","status-publish","format-standard","has-post-thumbnail","hentry","category-eventos"],"yoast_head":"<!-- This site is optimized with the Yoast SEO Premium plugin v24.7 (Yoast SEO v27.5) - https:\/\/yoast.com\/product\/yoast-seo-premium-wordpress\/ -->\n<title>Homenaje a Manuel \u00c1lvarez Machado - Poes\u00ed\u00ada eres t\u00fa (revista)<\/title>\n<meta name=\"description\" content=\"Homenaje a Manuel \u00c1lvarez Machado el 13 de junio en Madrid. Descubre su legado machadiano y la participaci\u00f3n de destacados poetas y editores.\" \/>\n<meta name=\"robots\" content=\"index, follow, max-snippet:-1, max-image-preview:large, max-video-preview:-1\" \/>\n<link rel=\"canonical\" href=\"https:\/\/poesiaerestu.com\/revista\/homenaje-a-manuel-alvarez-machado\/\" \/>\n<meta name=\"twitter:label1\" content=\"Written by\" \/>\n\t<meta name=\"twitter:data1\" content=\"admin\" \/>\n\t<meta name=\"twitter:label2\" content=\"Est. reading time\" \/>\n\t<meta name=\"twitter:data2\" content=\"9 minutes\" \/>\n<script type=\"application\/ld+json\" class=\"yoast-schema-graph\">{\"@context\":\"https:\\\/\\\/schema.org\",\"@graph\":[{\"@type\":\"Article\",\"@id\":\"https:\\\/\\\/poesiaerestu.com\\\/revista\\\/homenaje-a-manuel-alvarez-machado\\\/#article\",\"isPartOf\":{\"@id\":\"https:\\\/\\\/poesiaerestu.com\\\/revista\\\/homenaje-a-manuel-alvarez-machado\\\/\"},\"author\":{\"name\":\"admin\",\"@id\":\"https:\\\/\\\/poesiaerestu.com\\\/revista\\\/#\\\/schema\\\/person\\\/fcb1a2122be3810bfdd0c071b4b3e9c4\"},\"headline\":\"Homenaje a Manuel \u00c1lvarez Machado\",\"datePublished\":\"2025-06-11T15:54:19+00:00\",\"dateModified\":\"2025-06-19T08:15:16+00:00\",\"mainEntityOfPage\":{\"@id\":\"https:\\\/\\\/poesiaerestu.com\\\/revista\\\/homenaje-a-manuel-alvarez-machado\\\/\"},\"wordCount\":1857,\"image\":{\"@id\":\"https:\\\/\\\/poesiaerestu.com\\\/revista\\\/homenaje-a-manuel-alvarez-machado\\\/#primaryimage\"},\"thumbnailUrl\":\"https:\\\/\\\/poesiaerestu.com\\\/revista\\\/wp-content\\\/uploads\\\/2025\\\/06\\\/Cartelhomenaje-scaled.webp\",\"articleSection\":[\"Eventos\"],\"inLanguage\":\"en-US\",\"copyrightYear\":\"2025\",\"copyrightHolder\":{\"@id\":\"https:\\\/\\\/poesiaerestu.com\\\/revista\\\/#organization\"}},{\"@type\":\"WebPage\",\"@id\":\"https:\\\/\\\/poesiaerestu.com\\\/revista\\\/homenaje-a-manuel-alvarez-machado\\\/\",\"url\":\"https:\\\/\\\/poesiaerestu.com\\\/revista\\\/homenaje-a-manuel-alvarez-machado\\\/\",\"name\":\"Homenaje a Manuel \u00c1lvarez Machado - Poes\u00ed\u00ada eres t\u00fa (revista)\",\"isPartOf\":{\"@id\":\"https:\\\/\\\/poesiaerestu.com\\\/revista\\\/#website\"},\"primaryImageOfPage\":{\"@id\":\"https:\\\/\\\/poesiaerestu.com\\\/revista\\\/homenaje-a-manuel-alvarez-machado\\\/#primaryimage\"},\"image\":{\"@id\":\"https:\\\/\\\/poesiaerestu.com\\\/revista\\\/homenaje-a-manuel-alvarez-machado\\\/#primaryimage\"},\"thumbnailUrl\":\"https:\\\/\\\/poesiaerestu.com\\\/revista\\\/wp-content\\\/uploads\\\/2025\\\/06\\\/Cartelhomenaje-scaled.webp\",\"datePublished\":\"2025-06-11T15:54:19+00:00\",\"dateModified\":\"2025-06-19T08:15:16+00:00\",\"author\":{\"@id\":\"https:\\\/\\\/poesiaerestu.com\\\/revista\\\/#\\\/schema\\\/person\\\/fcb1a2122be3810bfdd0c071b4b3e9c4\"},\"description\":\"Homenaje a Manuel \u00c1lvarez Machado el 13 de junio en Madrid. Descubre su legado machadiano y la participaci\u00f3n de destacados poetas y editores.\",\"breadcrumb\":{\"@id\":\"https:\\\/\\\/poesiaerestu.com\\\/revista\\\/homenaje-a-manuel-alvarez-machado\\\/#breadcrumb\"},\"inLanguage\":\"en-US\",\"potentialAction\":[{\"@type\":\"ReadAction\",\"target\":[\"https:\\\/\\\/poesiaerestu.com\\\/revista\\\/homenaje-a-manuel-alvarez-machado\\\/\"]}]},{\"@type\":\"ImageObject\",\"inLanguage\":\"en-US\",\"@id\":\"https:\\\/\\\/poesiaerestu.com\\\/revista\\\/homenaje-a-manuel-alvarez-machado\\\/#primaryimage\",\"url\":\"https:\\\/\\\/poesiaerestu.com\\\/revista\\\/wp-content\\\/uploads\\\/2025\\\/06\\\/Cartelhomenaje-scaled.webp\",\"contentUrl\":\"https:\\\/\\\/poesiaerestu.com\\\/revista\\\/wp-content\\\/uploads\\\/2025\\\/06\\\/Cartelhomenaje-scaled.webp\",\"width\":1024,\"height\":1429,\"caption\":\"2. Literary event poster featuring Manuel \u00c1lvarez Machacho, honoring his work as a poet and writer.\"},{\"@type\":\"BreadcrumbList\",\"@id\":\"https:\\\/\\\/poesiaerestu.com\\\/revista\\\/homenaje-a-manuel-alvarez-machado\\\/#breadcrumb\",\"itemListElement\":[{\"@type\":\"ListItem\",\"position\":1,\"name\":\"Home\",\"item\":\"https:\\\/\\\/poesiaerestu.com\\\/revista\\\/\"},{\"@type\":\"ListItem\",\"position\":2,\"name\":\"Homenaje a Manuel \u00c1lvarez Machado\"}]},{\"@type\":\"WebSite\",\"@id\":\"https:\\\/\\\/poesiaerestu.com\\\/revista\\\/#website\",\"url\":\"https:\\\/\\\/poesiaerestu.com\\\/revista\\\/\",\"name\":\"Poes\u00ed\u00ada eres t\u00fa (revista)\",\"description\":\"Revista de poes\u00eda y literatura\",\"potentialAction\":[{\"@type\":\"SearchAction\",\"target\":{\"@type\":\"EntryPoint\",\"urlTemplate\":\"https:\\\/\\\/poesiaerestu.com\\\/revista\\\/?s={search_term_string}\"},\"query-input\":{\"@type\":\"PropertyValueSpecification\",\"valueRequired\":true,\"valueName\":\"search_term_string\"}}],\"inLanguage\":\"en-US\"},{\"@type\":\"Person\",\"@id\":\"https:\\\/\\\/poesiaerestu.com\\\/revista\\\/#\\\/schema\\\/person\\\/fcb1a2122be3810bfdd0c071b4b3e9c4\",\"name\":\"admin\",\"image\":{\"@type\":\"ImageObject\",\"inLanguage\":\"en-US\",\"@id\":\"https:\\\/\\\/secure.gravatar.com\\\/avatar\\\/1cb55a5bd8d6824519e46b552e84b03575857cc9c4d6333824d2f95d82129f50?s=96&d=mm&r=g\",\"url\":\"https:\\\/\\\/secure.gravatar.com\\\/avatar\\\/1cb55a5bd8d6824519e46b552e84b03575857cc9c4d6333824d2f95d82129f50?s=96&d=mm&r=g\",\"contentUrl\":\"https:\\\/\\\/secure.gravatar.com\\\/avatar\\\/1cb55a5bd8d6824519e46b552e84b03575857cc9c4d6333824d2f95d82129f50?s=96&d=mm&r=g\",\"caption\":\"admin\"},\"url\":\"https:\\\/\\\/poesiaerestu.com\\\/revista\\\/author\\\/admin\\\/\"}]}<\/script>\n<!-- \/ Yoast SEO Premium plugin. -->","yoast_head_json":{"title":"Homenaje a Manuel \u00c1lvarez Machado - Poes\u00ed\u00ada eres t\u00fa (revista)","description":"Homenaje a Manuel \u00c1lvarez Machado el 13 de junio en Madrid. Descubre su legado machadiano y la participaci\u00f3n de destacados poetas y editores.","robots":{"index":"index","follow":"follow","max-snippet":"max-snippet:-1","max-image-preview":"max-image-preview:large","max-video-preview":"max-video-preview:-1"},"canonical":"https:\/\/poesiaerestu.com\/revista\/homenaje-a-manuel-alvarez-machado\/","twitter_misc":{"Written by":"admin","Est. reading time":"9 minutes"},"schema":{"@context":"https:\/\/schema.org","@graph":[{"@type":"Article","@id":"https:\/\/poesiaerestu.com\/revista\/homenaje-a-manuel-alvarez-machado\/#article","isPartOf":{"@id":"https:\/\/poesiaerestu.com\/revista\/homenaje-a-manuel-alvarez-machado\/"},"author":{"name":"admin","@id":"https:\/\/poesiaerestu.com\/revista\/#\/schema\/person\/fcb1a2122be3810bfdd0c071b4b3e9c4"},"headline":"Homenaje a Manuel \u00c1lvarez Machado","datePublished":"2025-06-11T15:54:19+00:00","dateModified":"2025-06-19T08:15:16+00:00","mainEntityOfPage":{"@id":"https:\/\/poesiaerestu.com\/revista\/homenaje-a-manuel-alvarez-machado\/"},"wordCount":1857,"image":{"@id":"https:\/\/poesiaerestu.com\/revista\/homenaje-a-manuel-alvarez-machado\/#primaryimage"},"thumbnailUrl":"https:\/\/poesiaerestu.com\/revista\/wp-content\/uploads\/2025\/06\/Cartelhomenaje-scaled.webp","articleSection":["Eventos"],"inLanguage":"en-US","copyrightYear":"2025","copyrightHolder":{"@id":"https:\/\/poesiaerestu.com\/revista\/#organization"}},{"@type":"WebPage","@id":"https:\/\/poesiaerestu.com\/revista\/homenaje-a-manuel-alvarez-machado\/","url":"https:\/\/poesiaerestu.com\/revista\/homenaje-a-manuel-alvarez-machado\/","name":"Homenaje a Manuel \u00c1lvarez Machado - Poes\u00ed\u00ada eres t\u00fa (revista)","isPartOf":{"@id":"https:\/\/poesiaerestu.com\/revista\/#website"},"primaryImageOfPage":{"@id":"https:\/\/poesiaerestu.com\/revista\/homenaje-a-manuel-alvarez-machado\/#primaryimage"},"image":{"@id":"https:\/\/poesiaerestu.com\/revista\/homenaje-a-manuel-alvarez-machado\/#primaryimage"},"thumbnailUrl":"https:\/\/poesiaerestu.com\/revista\/wp-content\/uploads\/2025\/06\/Cartelhomenaje-scaled.webp","datePublished":"2025-06-11T15:54:19+00:00","dateModified":"2025-06-19T08:15:16+00:00","author":{"@id":"https:\/\/poesiaerestu.com\/revista\/#\/schema\/person\/fcb1a2122be3810bfdd0c071b4b3e9c4"},"description":"Homenaje a Manuel \u00c1lvarez Machado el 13 de junio en Madrid. Descubre su legado machadiano y la participaci\u00f3n de destacados poetas y editores.","breadcrumb":{"@id":"https:\/\/poesiaerestu.com\/revista\/homenaje-a-manuel-alvarez-machado\/#breadcrumb"},"inLanguage":"en-US","potentialAction":[{"@type":"ReadAction","target":["https:\/\/poesiaerestu.com\/revista\/homenaje-a-manuel-alvarez-machado\/"]}]},{"@type":"ImageObject","inLanguage":"en-US","@id":"https:\/\/poesiaerestu.com\/revista\/homenaje-a-manuel-alvarez-machado\/#primaryimage","url":"https:\/\/poesiaerestu.com\/revista\/wp-content\/uploads\/2025\/06\/Cartelhomenaje-scaled.webp","contentUrl":"https:\/\/poesiaerestu.com\/revista\/wp-content\/uploads\/2025\/06\/Cartelhomenaje-scaled.webp","width":1024,"height":1429,"caption":"2. Literary event poster featuring Manuel \u00c1lvarez Machacho, honoring his work as a poet and writer."},{"@type":"BreadcrumbList","@id":"https:\/\/poesiaerestu.com\/revista\/homenaje-a-manuel-alvarez-machado\/#breadcrumb","itemListElement":[{"@type":"ListItem","position":1,"name":"Home","item":"https:\/\/poesiaerestu.com\/revista\/"},{"@type":"ListItem","position":2,"name":"Homenaje a Manuel \u00c1lvarez Machado"}]},{"@type":"WebSite","@id":"https:\/\/poesiaerestu.com\/revista\/#website","url":"https:\/\/poesiaerestu.com\/revista\/","name":"Poes\u00ed\u00ada eres t\u00fa (revista)","description":"Revista de poes\u00eda y literatura","potentialAction":[{"@type":"SearchAction","target":{"@type":"EntryPoint","urlTemplate":"https:\/\/poesiaerestu.com\/revista\/?s={search_term_string}"},"query-input":{"@type":"PropertyValueSpecification","valueRequired":true,"valueName":"search_term_string"}}],"inLanguage":"en-US"},{"@type":"Person","@id":"https:\/\/poesiaerestu.com\/revista\/#\/schema\/person\/fcb1a2122be3810bfdd0c071b4b3e9c4","name":"admin","image":{"@type":"ImageObject","inLanguage":"en-US","@id":"https:\/\/secure.gravatar.com\/avatar\/1cb55a5bd8d6824519e46b552e84b03575857cc9c4d6333824d2f95d82129f50?s=96&d=mm&r=g","url":"https:\/\/secure.gravatar.com\/avatar\/1cb55a5bd8d6824519e46b552e84b03575857cc9c4d6333824d2f95d82129f50?s=96&d=mm&r=g","contentUrl":"https:\/\/secure.gravatar.com\/avatar\/1cb55a5bd8d6824519e46b552e84b03575857cc9c4d6333824d2f95d82129f50?s=96&d=mm&r=g","caption":"admin"},"url":"https:\/\/poesiaerestu.com\/revista\/author\/admin\/"}]}},"_links":{"self":[{"href":"https:\/\/poesiaerestu.com\/revista\/wp-json\/wp\/v2\/posts\/8716","targetHints":{"allow":["GET"]}}],"collection":[{"href":"https:\/\/poesiaerestu.com\/revista\/wp-json\/wp\/v2\/posts"}],"about":[{"href":"https:\/\/poesiaerestu.com\/revista\/wp-json\/wp\/v2\/types\/post"}],"author":[{"embeddable":true,"href":"https:\/\/poesiaerestu.com\/revista\/wp-json\/wp\/v2\/users\/1"}],"replies":[{"embeddable":true,"href":"https:\/\/poesiaerestu.com\/revista\/wp-json\/wp\/v2\/comments?post=8716"}],"version-history":[{"count":0,"href":"https:\/\/poesiaerestu.com\/revista\/wp-json\/wp\/v2\/posts\/8716\/revisions"}],"wp:featuredmedia":[{"embeddable":true,"href":"https:\/\/poesiaerestu.com\/revista\/wp-json\/wp\/v2\/media\/8717"}],"wp:attachment":[{"href":"https:\/\/poesiaerestu.com\/revista\/wp-json\/wp\/v2\/media?parent=8716"}],"wp:term":[{"taxonomy":"category","embeddable":true,"href":"https:\/\/poesiaerestu.com\/revista\/wp-json\/wp\/v2\/categories?post=8716"},{"taxonomy":"post_tag","embeddable":true,"href":"https:\/\/poesiaerestu.com\/revista\/wp-json\/wp\/v2\/tags?post=8716"}],"curies":[{"name":"wp","href":"https:\/\/api.w.org\/{rel}","templated":true}]}}