{"id":8697,"date":"2025-06-10T13:45:24","date_gmt":"2025-06-10T11:45:24","guid":{"rendered":"https:\/\/poesiaerestu.com\/revista\/?p=8697"},"modified":"2025-06-30T18:27:32","modified_gmt":"2025-06-30T16:27:32","slug":"mas-que-palabras-encuentro-con-la-poesia-intima-de-jose-molina-melgarejo","status":"publish","type":"post","link":"https:\/\/poesiaerestu.com\/revista\/mas-que-palabras-encuentro-con-la-poesia-intima-de-jose-molina-melgarejo\/","title":{"rendered":"&#8220;M\u00c1S QUE PALABRAS&#8221;: ENCUENTRO CON LA POES\u00cdA \u00cdNTIMA DE JOS\u00c9 MOLINA MELGAREJO"},"content":{"rendered":"<section class=\"l-section wpb_row height_medium\"><div class=\"l-section-h i-cf\"><div class=\"g-cols vc_row via_flex valign_top type_default stacking_default\"><div class=\"vc_col-sm-12 wpb_column vc_column_container\"><div class=\"vc_column-inner\"><div class=\"wpb_wrapper\"><div class=\"wpb_text_column\"><div class=\"wpb_wrapper\"><p><img loading=\"lazy\" decoding=\"async\" class=\"aligncenter size-full wp-image-8698\" src=\"https:\/\/poesiaerestu.com\/revista\/wp-content\/uploads\/2025\/06\/Presentacion_Arganda-Mediano.webp\" alt=\"\" width=\"768\" height=\"1084\" srcset=\"https:\/\/poesiaerestu.com\/revista\/wp-content\/uploads\/2025\/06\/Presentacion_Arganda-Mediano.webp 768w, https:\/\/poesiaerestu.com\/revista\/wp-content\/uploads\/2025\/06\/Presentacion_Arganda-Mediano-213x300.webp 213w, https:\/\/poesiaerestu.com\/revista\/wp-content\/uploads\/2025\/06\/Presentacion_Arganda-Mediano-725x1024.webp 725w, https:\/\/poesiaerestu.com\/revista\/wp-content\/uploads\/2025\/06\/Presentacion_Arganda-Mediano-600x847.webp 600w, https:\/\/poesiaerestu.com\/revista\/wp-content\/uploads\/2025\/06\/Presentacion_Arganda-Mediano-43x60.webp 43w\" sizes=\"auto, (max-width: 768px) 100vw, 768px\" \/><\/p>\n<p data-source-line=\"3-3\"><strong>&#8220;M\u00c1S QUE PALABRAS&#8221;: ENCUENTRO CON LA POES\u00cdA \u00cdNTIMA DE JOS\u00c9 MOLINA MELGAREJO<\/strong><\/p>\n<p data-source-line=\"5-5\">El pr\u00f3ximo viernes 27 de junio a las 19:00 horas, El Rinc\u00f3n de Antonia en Arganda del Rey se convertir\u00e1 en el escenario de una cita imprescindible con la poes\u00eda contempor\u00e1nea. La presentaci\u00f3n del poemario &#8220;M\u00e1s que palabras&#8221; de Jos\u00e9 Molina Melgarejo promete ser un evento que trasciende la mera lectura para adentrarse en los territorios m\u00e1s \u00edntimos de la creaci\u00f3n po\u00e9tica.<\/p>\n<p data-source-line=\"7-7\">Jos\u00e9 Molina Melgarejo nos presenta un poemario \u00edntimo donde las palabras se convierten en veh\u00edculo de exploraci\u00f3n personal y reflexi\u00f3n profunda. La obra, cuya portada evoca la inmersi\u00f3n en aguas de la memoria \u2014manos que se sumergen liberando letras\u2014, sugiere un ejercicio de catarsis literaria donde el autor desnuda su universo interior para ofrecernos una poes\u00eda de proximidad y autenticidad.<\/p>\n<p data-source-line=\"9-9\">El evento contar\u00e1 con la participaci\u00f3n de Eugenio Rivera, poeta de reconocida trayectoria en el panorama literario madrile\u00f1o, que enriquecer\u00e1 la velada con la lectura de sus propios versos. Rivera, conocido por su versatilidad creativa y su capacidad para conectar con diversos registros po\u00e9ticos, aportar\u00e1 un contrapunto que promete crear un di\u00e1logo literario de gran valor art\u00edstico.<\/p>\n<p data-source-line=\"11-11\">La presentaci\u00f3n ser\u00e1 conducida por Elda Hidalgo, veterana profesional de RTVE especializada en audiodescripci\u00f3n y reconocida rapsoda que ha convertido su voz en instrumento privilegiado para la transmisi\u00f3n po\u00e9tica. Su experiencia en dar vida a la palabra escrita garantiza una puesta en escena que maximizar\u00e1 el impacto emocional de los textos.<\/p>\n<p data-source-line=\"13-13\">La elecci\u00f3n del espacio no es casual. El Rinc\u00f3n de Antonia, ubicado en la Calle de la Plaza 9 de Arganda del Rey, ofrece el ambiente \u00edntimo necesario para este tipo de encuentros literarios donde la proximidad entre autores y p\u00fablico permite una experiencia m\u00e1s intensa y participativa.<\/p>\n<p data-source-line=\"15-15\">Este recital-presentaci\u00f3n se inscribe en una programaci\u00f3n cultural que viene consolidando Arganda del Rey como punto de referencia para la poes\u00eda contempor\u00e1nea en la Comunidad de Madrid, estableciendo puentes entre creadores locales y el p\u00fablico lector de la zona.<\/p>\n<p data-source-line=\"17-17\">La combinaci\u00f3n de la presentaci\u00f3n de una obra nueva con la participaci\u00f3n de voces consolidadas del panorama po\u00e9tico madrile\u00f1o configura una propuesta de notable inter\u00e9s tanto para el p\u00fablico especializado como para quienes se acercan por primera vez a este tipo de eventos literarios.<\/p>\n<\/div><\/div><\/div><\/div><\/div><\/div><\/div><\/section><section class=\"l-section wpb_row height_medium\"><div class=\"l-section-h i-cf\"><div class=\"g-cols vc_row via_flex valign_top type_default stacking_default\"><div class=\"vc_col-sm-12 wpb_column vc_column_container\"><div class=\"vc_column-inner\"><div class=\"wpb_wrapper\"><div class=\"w-video align_none ratio_16x9 has_iframe\"><div class=\"w-video-h\"><iframe title=\"Youtube video player\" src=\"\/\/www.youtube.com\/embed\/Uz5TCbCQbBc?autoplay=0&controls=1&origin=https:\/\/poesiaerestu.com\/revista&loop=0&mute=0\" allowfullscreen=\"1\" loading=\"lazy\"><\/iframe><\/div><\/div><div class=\"w-video align_none ratio_16x9 has_iframe\"><div class=\"w-video-h\"><iframe title=\"Youtube video player\" src=\"\/\/www.youtube.com\/embed\/E8s4HkPerWc?autoplay=0&controls=1&origin=https:\/\/poesiaerestu.com\/revista&loop=0&mute=0\" allowfullscreen=\"1\" loading=\"lazy\"><\/iframe><\/div><\/div><\/div><\/div><\/div><\/div><\/div><\/section>\n","protected":false},"excerpt":{"rendered":"&#8220;M\u00c1S QUE PALABRAS&#8221;: ENCUENTRO CON LA POES\u00cdA \u00cdNTIMA DE JOS\u00c9 MOLINA MELGAREJO El pr\u00f3ximo viernes 27 de junio a las 19:00 horas, El Rinc\u00f3n de Antonia en Arganda del Rey se convertir\u00e1 en el escenario de una cita imprescindible con la poes\u00eda contempor\u00e1nea. La presentaci\u00f3n del poemario &#8220;M\u00e1s que palabras&#8221; de Jos\u00e9 Molina Melgarejo promete...","protected":false},"author":1,"featured_media":8698,"comment_status":"closed","ping_status":"closed","sticky":false,"template":"","format":"standard","meta":{"footnotes":"","_links_to":"","_links_to_target":""},"categories":[8,5],"tags":[],"class_list":["post-8697","post","type-post","status-publish","format-standard","has-post-thumbnail","hentry","category-eventos","category-noticias"],"yoast_head":"<!-- This site is optimized with the Yoast SEO Premium plugin v24.7 (Yoast SEO v27.5) - https:\/\/yoast.com\/product\/yoast-seo-premium-wordpress\/ -->\n<title>&quot;M\u00c1S QUE PALABRAS&quot;: ENCUENTRO CON LA POES\u00cdA \u00cdNTIMA DE JOS\u00c9 MOLINA MELGAREJO - Poes\u00ed\u00ada eres t\u00fa (revista)<\/title>\n<meta name=\"description\" content=\"Presentaci\u00f3n del poemario &quot;M\u00e1s que palabras&quot; de Jos\u00e9 Molina con Eugenio Rivera y Elda Hidalgo. 27 junio, 19h, El Rinc\u00f3n de Antonia, Arganda del Rey.\" \/>\n<meta name=\"robots\" content=\"index, follow, max-snippet:-1, max-image-preview:large, max-video-preview:-1\" \/>\n<link rel=\"canonical\" href=\"https:\/\/poesiaerestu.com\/revista\/mas-que-palabras-encuentro-con-la-poesia-intima-de-jose-molina-melgarejo\/\" \/>\n<meta name=\"twitter:label1\" content=\"Written by\" \/>\n\t<meta name=\"twitter:data1\" content=\"admin\" \/>\n\t<meta name=\"twitter:label2\" content=\"Est. reading time\" \/>\n\t<meta name=\"twitter:data2\" content=\"3 minutes\" \/>\n<script type=\"application\/ld+json\" class=\"yoast-schema-graph\">{\"@context\":\"https:\\\/\\\/schema.org\",\"@graph\":[{\"@type\":\"Article\",\"@id\":\"https:\\\/\\\/poesiaerestu.com\\\/revista\\\/mas-que-palabras-encuentro-con-la-poesia-intima-de-jose-molina-melgarejo\\\/#article\",\"isPartOf\":{\"@id\":\"https:\\\/\\\/poesiaerestu.com\\\/revista\\\/mas-que-palabras-encuentro-con-la-poesia-intima-de-jose-molina-melgarejo\\\/\"},\"author\":{\"name\":\"admin\",\"@id\":\"https:\\\/\\\/poesiaerestu.com\\\/revista\\\/#\\\/schema\\\/person\\\/fcb1a2122be3810bfdd0c071b4b3e9c4\"},\"headline\":\"&#8220;M\u00c1S QUE PALABRAS&#8221;: ENCUENTRO CON LA POES\u00cdA \u00cdNTIMA DE JOS\u00c9 MOLINA MELGAREJO\",\"datePublished\":\"2025-06-10T11:45:24+00:00\",\"dateModified\":\"2025-06-30T16:27:32+00:00\",\"mainEntityOfPage\":{\"@id\":\"https:\\\/\\\/poesiaerestu.com\\\/revista\\\/mas-que-palabras-encuentro-con-la-poesia-intima-de-jose-molina-melgarejo\\\/\"},\"wordCount\":471,\"image\":{\"@id\":\"https:\\\/\\\/poesiaerestu.com\\\/revista\\\/mas-que-palabras-encuentro-con-la-poesia-intima-de-jose-molina-melgarejo\\\/#primaryimage\"},\"thumbnailUrl\":\"https:\\\/\\\/poesiaerestu.com\\\/revista\\\/wp-content\\\/uploads\\\/2025\\\/06\\\/Presentacion_Arganda-Mediano.webp\",\"articleSection\":[\"Eventos\",\"Noticias\"],\"inLanguage\":\"en-US\",\"copyrightYear\":\"2025\",\"copyrightHolder\":{\"@id\":\"https:\\\/\\\/poesiaerestu.com\\\/revista\\\/#organization\"}},{\"@type\":\"WebPage\",\"@id\":\"https:\\\/\\\/poesiaerestu.com\\\/revista\\\/mas-que-palabras-encuentro-con-la-poesia-intima-de-jose-molina-melgarejo\\\/\",\"url\":\"https:\\\/\\\/poesiaerestu.com\\\/revista\\\/mas-que-palabras-encuentro-con-la-poesia-intima-de-jose-molina-melgarejo\\\/\",\"name\":\"\\\"M\u00c1S QUE PALABRAS\\\": ENCUENTRO CON LA POES\u00cdA \u00cdNTIMA DE JOS\u00c9 MOLINA MELGAREJO - Poes\u00ed\u00ada eres t\u00fa (revista)\",\"isPartOf\":{\"@id\":\"https:\\\/\\\/poesiaerestu.com\\\/revista\\\/#website\"},\"primaryImageOfPage\":{\"@id\":\"https:\\\/\\\/poesiaerestu.com\\\/revista\\\/mas-que-palabras-encuentro-con-la-poesia-intima-de-jose-molina-melgarejo\\\/#primaryimage\"},\"image\":{\"@id\":\"https:\\\/\\\/poesiaerestu.com\\\/revista\\\/mas-que-palabras-encuentro-con-la-poesia-intima-de-jose-molina-melgarejo\\\/#primaryimage\"},\"thumbnailUrl\":\"https:\\\/\\\/poesiaerestu.com\\\/revista\\\/wp-content\\\/uploads\\\/2025\\\/06\\\/Presentacion_Arganda-Mediano.webp\",\"datePublished\":\"2025-06-10T11:45:24+00:00\",\"dateModified\":\"2025-06-30T16:27:32+00:00\",\"author\":{\"@id\":\"https:\\\/\\\/poesiaerestu.com\\\/revista\\\/#\\\/schema\\\/person\\\/fcb1a2122be3810bfdd0c071b4b3e9c4\"},\"description\":\"Presentaci\u00f3n del poemario \\\"M\u00e1s que palabras\\\" de Jos\u00e9 Molina con Eugenio Rivera y Elda Hidalgo. 27 junio, 19h, El Rinc\u00f3n de Antonia, Arganda del Rey.\",\"breadcrumb\":{\"@id\":\"https:\\\/\\\/poesiaerestu.com\\\/revista\\\/mas-que-palabras-encuentro-con-la-poesia-intima-de-jose-molina-melgarejo\\\/#breadcrumb\"},\"inLanguage\":\"en-US\",\"potentialAction\":[{\"@type\":\"ReadAction\",\"target\":[\"https:\\\/\\\/poesiaerestu.com\\\/revista\\\/mas-que-palabras-encuentro-con-la-poesia-intima-de-jose-molina-melgarejo\\\/\"]}]},{\"@type\":\"ImageObject\",\"inLanguage\":\"en-US\",\"@id\":\"https:\\\/\\\/poesiaerestu.com\\\/revista\\\/mas-que-palabras-encuentro-con-la-poesia-intima-de-jose-molina-melgarejo\\\/#primaryimage\",\"url\":\"https:\\\/\\\/poesiaerestu.com\\\/revista\\\/wp-content\\\/uploads\\\/2025\\\/06\\\/Presentacion_Arganda-Mediano.webp\",\"contentUrl\":\"https:\\\/\\\/poesiaerestu.com\\\/revista\\\/wp-content\\\/uploads\\\/2025\\\/06\\\/Presentacion_Arganda-Mediano.webp\",\"width\":768,\"height\":1084,\"caption\":\"Promotes a poetry evening featuring Jose Molina, Eugenio Rivera, and Elda Hidalgo in Arganda del Rey.\"},{\"@type\":\"BreadcrumbList\",\"@id\":\"https:\\\/\\\/poesiaerestu.com\\\/revista\\\/mas-que-palabras-encuentro-con-la-poesia-intima-de-jose-molina-melgarejo\\\/#breadcrumb\",\"itemListElement\":[{\"@type\":\"ListItem\",\"position\":1,\"name\":\"Home\",\"item\":\"https:\\\/\\\/poesiaerestu.com\\\/revista\\\/\"},{\"@type\":\"ListItem\",\"position\":2,\"name\":\"&#8220;M\u00c1S QUE PALABRAS&#8221;: ENCUENTRO CON LA POES\u00cdA \u00cdNTIMA DE JOS\u00c9 MOLINA MELGAREJO\"}]},{\"@type\":\"WebSite\",\"@id\":\"https:\\\/\\\/poesiaerestu.com\\\/revista\\\/#website\",\"url\":\"https:\\\/\\\/poesiaerestu.com\\\/revista\\\/\",\"name\":\"Poes\u00ed\u00ada eres t\u00fa (revista)\",\"description\":\"Revista de poes\u00eda y literatura\",\"potentialAction\":[{\"@type\":\"SearchAction\",\"target\":{\"@type\":\"EntryPoint\",\"urlTemplate\":\"https:\\\/\\\/poesiaerestu.com\\\/revista\\\/?s={search_term_string}\"},\"query-input\":{\"@type\":\"PropertyValueSpecification\",\"valueRequired\":true,\"valueName\":\"search_term_string\"}}],\"inLanguage\":\"en-US\"},{\"@type\":\"Person\",\"@id\":\"https:\\\/\\\/poesiaerestu.com\\\/revista\\\/#\\\/schema\\\/person\\\/fcb1a2122be3810bfdd0c071b4b3e9c4\",\"name\":\"admin\",\"image\":{\"@type\":\"ImageObject\",\"inLanguage\":\"en-US\",\"@id\":\"https:\\\/\\\/secure.gravatar.com\\\/avatar\\\/1cb55a5bd8d6824519e46b552e84b03575857cc9c4d6333824d2f95d82129f50?s=96&d=mm&r=g\",\"url\":\"https:\\\/\\\/secure.gravatar.com\\\/avatar\\\/1cb55a5bd8d6824519e46b552e84b03575857cc9c4d6333824d2f95d82129f50?s=96&d=mm&r=g\",\"contentUrl\":\"https:\\\/\\\/secure.gravatar.com\\\/avatar\\\/1cb55a5bd8d6824519e46b552e84b03575857cc9c4d6333824d2f95d82129f50?s=96&d=mm&r=g\",\"caption\":\"admin\"},\"url\":\"https:\\\/\\\/poesiaerestu.com\\\/revista\\\/author\\\/admin\\\/\"}]}<\/script>\n<!-- \/ Yoast SEO Premium plugin. -->","yoast_head_json":{"title":"\"M\u00c1S QUE PALABRAS\": ENCUENTRO CON LA POES\u00cdA \u00cdNTIMA DE JOS\u00c9 MOLINA MELGAREJO - Poes\u00ed\u00ada eres t\u00fa (revista)","description":"Presentaci\u00f3n del poemario \"M\u00e1s que palabras\" de Jos\u00e9 Molina con Eugenio Rivera y Elda Hidalgo. 27 junio, 19h, El Rinc\u00f3n de Antonia, Arganda del Rey.","robots":{"index":"index","follow":"follow","max-snippet":"max-snippet:-1","max-image-preview":"max-image-preview:large","max-video-preview":"max-video-preview:-1"},"canonical":"https:\/\/poesiaerestu.com\/revista\/mas-que-palabras-encuentro-con-la-poesia-intima-de-jose-molina-melgarejo\/","twitter_misc":{"Written by":"admin","Est. reading time":"3 minutes"},"schema":{"@context":"https:\/\/schema.org","@graph":[{"@type":"Article","@id":"https:\/\/poesiaerestu.com\/revista\/mas-que-palabras-encuentro-con-la-poesia-intima-de-jose-molina-melgarejo\/#article","isPartOf":{"@id":"https:\/\/poesiaerestu.com\/revista\/mas-que-palabras-encuentro-con-la-poesia-intima-de-jose-molina-melgarejo\/"},"author":{"name":"admin","@id":"https:\/\/poesiaerestu.com\/revista\/#\/schema\/person\/fcb1a2122be3810bfdd0c071b4b3e9c4"},"headline":"&#8220;M\u00c1S QUE PALABRAS&#8221;: ENCUENTRO CON LA POES\u00cdA \u00cdNTIMA DE JOS\u00c9 MOLINA MELGAREJO","datePublished":"2025-06-10T11:45:24+00:00","dateModified":"2025-06-30T16:27:32+00:00","mainEntityOfPage":{"@id":"https:\/\/poesiaerestu.com\/revista\/mas-que-palabras-encuentro-con-la-poesia-intima-de-jose-molina-melgarejo\/"},"wordCount":471,"image":{"@id":"https:\/\/poesiaerestu.com\/revista\/mas-que-palabras-encuentro-con-la-poesia-intima-de-jose-molina-melgarejo\/#primaryimage"},"thumbnailUrl":"https:\/\/poesiaerestu.com\/revista\/wp-content\/uploads\/2025\/06\/Presentacion_Arganda-Mediano.webp","articleSection":["Eventos","Noticias"],"inLanguage":"en-US","copyrightYear":"2025","copyrightHolder":{"@id":"https:\/\/poesiaerestu.com\/revista\/#organization"}},{"@type":"WebPage","@id":"https:\/\/poesiaerestu.com\/revista\/mas-que-palabras-encuentro-con-la-poesia-intima-de-jose-molina-melgarejo\/","url":"https:\/\/poesiaerestu.com\/revista\/mas-que-palabras-encuentro-con-la-poesia-intima-de-jose-molina-melgarejo\/","name":"\"M\u00c1S QUE PALABRAS\": ENCUENTRO CON LA POES\u00cdA \u00cdNTIMA DE JOS\u00c9 MOLINA MELGAREJO - Poes\u00ed\u00ada eres t\u00fa (revista)","isPartOf":{"@id":"https:\/\/poesiaerestu.com\/revista\/#website"},"primaryImageOfPage":{"@id":"https:\/\/poesiaerestu.com\/revista\/mas-que-palabras-encuentro-con-la-poesia-intima-de-jose-molina-melgarejo\/#primaryimage"},"image":{"@id":"https:\/\/poesiaerestu.com\/revista\/mas-que-palabras-encuentro-con-la-poesia-intima-de-jose-molina-melgarejo\/#primaryimage"},"thumbnailUrl":"https:\/\/poesiaerestu.com\/revista\/wp-content\/uploads\/2025\/06\/Presentacion_Arganda-Mediano.webp","datePublished":"2025-06-10T11:45:24+00:00","dateModified":"2025-06-30T16:27:32+00:00","author":{"@id":"https:\/\/poesiaerestu.com\/revista\/#\/schema\/person\/fcb1a2122be3810bfdd0c071b4b3e9c4"},"description":"Presentaci\u00f3n del poemario \"M\u00e1s que palabras\" de Jos\u00e9 Molina con Eugenio Rivera y Elda Hidalgo. 27 junio, 19h, El Rinc\u00f3n de Antonia, Arganda del Rey.","breadcrumb":{"@id":"https:\/\/poesiaerestu.com\/revista\/mas-que-palabras-encuentro-con-la-poesia-intima-de-jose-molina-melgarejo\/#breadcrumb"},"inLanguage":"en-US","potentialAction":[{"@type":"ReadAction","target":["https:\/\/poesiaerestu.com\/revista\/mas-que-palabras-encuentro-con-la-poesia-intima-de-jose-molina-melgarejo\/"]}]},{"@type":"ImageObject","inLanguage":"en-US","@id":"https:\/\/poesiaerestu.com\/revista\/mas-que-palabras-encuentro-con-la-poesia-intima-de-jose-molina-melgarejo\/#primaryimage","url":"https:\/\/poesiaerestu.com\/revista\/wp-content\/uploads\/2025\/06\/Presentacion_Arganda-Mediano.webp","contentUrl":"https:\/\/poesiaerestu.com\/revista\/wp-content\/uploads\/2025\/06\/Presentacion_Arganda-Mediano.webp","width":768,"height":1084,"caption":"Promotes a poetry evening featuring Jose Molina, Eugenio Rivera, and Elda Hidalgo in Arganda del Rey."},{"@type":"BreadcrumbList","@id":"https:\/\/poesiaerestu.com\/revista\/mas-que-palabras-encuentro-con-la-poesia-intima-de-jose-molina-melgarejo\/#breadcrumb","itemListElement":[{"@type":"ListItem","position":1,"name":"Home","item":"https:\/\/poesiaerestu.com\/revista\/"},{"@type":"ListItem","position":2,"name":"&#8220;M\u00c1S QUE PALABRAS&#8221;: ENCUENTRO CON LA POES\u00cdA \u00cdNTIMA DE JOS\u00c9 MOLINA MELGAREJO"}]},{"@type":"WebSite","@id":"https:\/\/poesiaerestu.com\/revista\/#website","url":"https:\/\/poesiaerestu.com\/revista\/","name":"Poes\u00ed\u00ada eres t\u00fa (revista)","description":"Revista de poes\u00eda y literatura","potentialAction":[{"@type":"SearchAction","target":{"@type":"EntryPoint","urlTemplate":"https:\/\/poesiaerestu.com\/revista\/?s={search_term_string}"},"query-input":{"@type":"PropertyValueSpecification","valueRequired":true,"valueName":"search_term_string"}}],"inLanguage":"en-US"},{"@type":"Person","@id":"https:\/\/poesiaerestu.com\/revista\/#\/schema\/person\/fcb1a2122be3810bfdd0c071b4b3e9c4","name":"admin","image":{"@type":"ImageObject","inLanguage":"en-US","@id":"https:\/\/secure.gravatar.com\/avatar\/1cb55a5bd8d6824519e46b552e84b03575857cc9c4d6333824d2f95d82129f50?s=96&d=mm&r=g","url":"https:\/\/secure.gravatar.com\/avatar\/1cb55a5bd8d6824519e46b552e84b03575857cc9c4d6333824d2f95d82129f50?s=96&d=mm&r=g","contentUrl":"https:\/\/secure.gravatar.com\/avatar\/1cb55a5bd8d6824519e46b552e84b03575857cc9c4d6333824d2f95d82129f50?s=96&d=mm&r=g","caption":"admin"},"url":"https:\/\/poesiaerestu.com\/revista\/author\/admin\/"}]}},"_links":{"self":[{"href":"https:\/\/poesiaerestu.com\/revista\/wp-json\/wp\/v2\/posts\/8697","targetHints":{"allow":["GET"]}}],"collection":[{"href":"https:\/\/poesiaerestu.com\/revista\/wp-json\/wp\/v2\/posts"}],"about":[{"href":"https:\/\/poesiaerestu.com\/revista\/wp-json\/wp\/v2\/types\/post"}],"author":[{"embeddable":true,"href":"https:\/\/poesiaerestu.com\/revista\/wp-json\/wp\/v2\/users\/1"}],"replies":[{"embeddable":true,"href":"https:\/\/poesiaerestu.com\/revista\/wp-json\/wp\/v2\/comments?post=8697"}],"version-history":[{"count":0,"href":"https:\/\/poesiaerestu.com\/revista\/wp-json\/wp\/v2\/posts\/8697\/revisions"}],"wp:featuredmedia":[{"embeddable":true,"href":"https:\/\/poesiaerestu.com\/revista\/wp-json\/wp\/v2\/media\/8698"}],"wp:attachment":[{"href":"https:\/\/poesiaerestu.com\/revista\/wp-json\/wp\/v2\/media?parent=8697"}],"wp:term":[{"taxonomy":"category","embeddable":true,"href":"https:\/\/poesiaerestu.com\/revista\/wp-json\/wp\/v2\/categories?post=8697"},{"taxonomy":"post_tag","embeddable":true,"href":"https:\/\/poesiaerestu.com\/revista\/wp-json\/wp\/v2\/tags?post=8697"}],"curies":[{"name":"wp","href":"https:\/\/api.w.org\/{rel}","templated":true}]}}