{"id":8664,"date":"2025-06-07T13:23:09","date_gmt":"2025-06-07T11:23:09","guid":{"rendered":"https:\/\/poesiaerestu.com\/revista\/?p=8664"},"modified":"2025-06-07T13:23:54","modified_gmt":"2025-06-07T11:23:54","slug":"critica-literaria-el-cielo-en-la-tierra-de-santiago-villar-pallas","status":"publish","type":"post","link":"https:\/\/poesiaerestu.com\/revista\/critica-literaria-el-cielo-en-la-tierra-de-santiago-villar-pallas\/","title":{"rendered":"CR\u00cdTICA LITERARIA: &#8220;EL CIELO EN LA TIERRA&#8221; DE SANTIAGO VILLAR PALL\u00c1S"},"content":{"rendered":"<p><img loading=\"lazy\" decoding=\"async\" class=\"aligncenter size-full wp-image-8665\" src=\"https:\/\/poesiaerestu.com\/revista\/wp-content\/uploads\/2025\/06\/0_Portada_Elcieloylatierra.jpg\" alt=\"Portada El cielo y la tierra\" width=\"559\" height=\"794\" srcset=\"https:\/\/poesiaerestu.com\/revista\/wp-content\/uploads\/2025\/06\/0_Portada_Elcieloylatierra.jpg 559w, https:\/\/poesiaerestu.com\/revista\/wp-content\/uploads\/2025\/06\/0_Portada_Elcieloylatierra-211x300.jpg 211w, https:\/\/poesiaerestu.com\/revista\/wp-content\/uploads\/2025\/06\/0_Portada_Elcieloylatierra-42x60.jpg 42w\" sizes=\"auto, (max-width: 559px) 100vw, 559px\" \/><\/p>\n<h1>Cr\u00edtica literaria: &#8220;El cielo en la tierra&#8221; de Santiago Villar Pall\u00e1s<\/h1>\n<h2>T\u00edtulo y Autor<\/h2>\n<p><strong>T\u00edtulo de la obra:<\/strong>\u00a0El cielo en la tierra<br \/>\n<strong>Autor:<\/strong>\u00a0Santiago Villar Pall\u00e1s, profesor de instituto, licenciado en Filosof\u00eda y Psicolog\u00eda por la Universidad de Barcelona. Con dos poemarios previos, este tercer libro consolida su voz como poeta que busca reconciliar lo cotidiano con lo eterno, explorando la belleza y el sentido en la fragilidad de la vida.<\/p>\n<h2>Resumen Breve<\/h2>\n<p>&#8220;El cielo en la tierra&#8221; es un poemario compuesto por 82 textos divididos en dos secciones: &#8220;La tierra&#8221; y &#8220;El cielo&#8221;. La obra explora la tensi\u00f3n entre lo material y lo trascendente, entre la experiencia cotidiana y la aspiraci\u00f3n a lo absoluto. Los poemas abordan temas universales como el amor, la soledad, la memoria, la naturaleza y la b\u00fasqueda de sentido, con una mirada que revela lo sagrado en lo inmediato y lo infinito en lo fugaz.<\/p>\n<h2>An\u00e1lisis de Elementos Literarios<\/h2>\n<p><strong>Trama<\/strong><br \/>\nEl poemario carece de una trama narrativa tradicional, pero su estructura bipartita funciona como un viaje: de la ra\u00edz a la ascensi\u00f3n, de lo tangible a lo contemplativo. Cada poema es una estaci\u00f3n de paso que, en conjunto, construye un itinerario emocional y filos\u00f3fico. La progresi\u00f3n tem\u00e1tica es coherente y org\u00e1nica, con transiciones suaves entre la introspecci\u00f3n personal y la reflexi\u00f3n universal.<\/p>\n<p><strong>Estilo y Lenguaje<\/strong><br \/>\nVillar Pall\u00e1s emplea un verso libre que privilegia la naturalidad y la musicalidad interna. El lenguaje es depurado, preciso y accesible, evitando el hermetismo y la ret\u00f3rica vac\u00eda. Destaca la riqueza de im\u00e1genes sensoriales y s\u00edmbolos (el agua, el viento, la tierra, el cielo, las estrellas), as\u00ed como el uso de recursos sonoros como la aliteraci\u00f3n y la asonancia. La repetici\u00f3n, el paralelismo y los encabalgamientos refuerzan la cadencia meditativa. La voz po\u00e9tica es \u00edntima y reflexiva, pero nunca egoc\u00e9ntrica: busca siempre tender puentes con el lector.<\/p>\n<p><strong>Ambientaci\u00f3n<\/strong><br \/>\nEl entorno es tanto f\u00edsico como existencial. Los paisajes naturales, los lugares de la memoria y los escenarios cotidianos sirven de marco para la exploraci\u00f3n interior. La naturaleza es m\u00e1s que un decorado: es correlato de los estados an\u00edmicos y s\u00edmbolo de la condici\u00f3n humana. El poemario logra que el lector perciba el cielo no como un lugar lejano, sino como una presencia en lo cotidiano.<\/p>\n<h2>Interpretaci\u00f3n y Juicio Cr\u00edtico<\/h2>\n<p><strong>Interpretaci\u00f3n<\/strong><br \/>\nLa obra utiliza la dualidad &#8220;cielo\/tierra&#8221; como met\u00e1fora central para abordar la complejidad de la existencia. El cielo representa la aspiraci\u00f3n, el misterio y la trascendencia; la tierra, el arraigo, la memoria y la experiencia. Ambos polos se reconcilian en una visi\u00f3n integradora que invita a descubrir lo sagrado en lo cotidiano. El simbolismo es sutil y polis\u00e9mico, permitiendo m\u00faltiples lecturas. El poemario es, en \u00faltima instancia, una meditaci\u00f3n sobre la vida, la muerte y la posibilidad de sentido.<\/p>\n<p><strong>Juicio Cr\u00edtico<\/strong><br \/>\n&#8220;El cielo en la tierra&#8221; destaca por su capacidad para renovar temas universales a trav\u00e9s de t\u00e9cnicas innovadoras que acercan la poes\u00eda al lector contempor\u00e1neo:<\/p>\n<ul>\n<li>Verso libre y lenguaje claro, que facilitan la identificaci\u00f3n y la emoci\u00f3n sin sacrificar profundidad.<\/li>\n<li>Im\u00e1genes sensoriales y s\u00edmbolos accesibles, que invitan a la participaci\u00f3n activa del lector.<\/li>\n<li>Estructura org\u00e1nica y progresiva, que evita la dispersi\u00f3n y favorece la unidad tem\u00e1tica.<\/li>\n<li>Di\u00e1logo expl\u00edcito con la tradici\u00f3n po\u00e9tica, pero desde una voz propia y actual.<\/li>\n<\/ul>\n<p>La obra logra un equilibrio entre originalidad y coherencia, entre emoci\u00f3n y reflexi\u00f3n. Su impacto emocional es sostenido y su contribuci\u00f3n al g\u00e9nero radica en su capacidad para universalizar la experiencia personal y hacerla resonar en lectores de diversa formaci\u00f3n.<\/p>\n<h2>Contexto Hist\u00f3rico y Cultural<\/h2>\n<p><strong>Contexto Hist\u00f3rico<\/strong><br \/>\nPublicado en 2025, el poemario surge en un momento de crisis de sentido y de b\u00fasqueda de nuevas formas de espiritualidad y pertenencia. La poes\u00eda contempor\u00e1nea espa\u00f1ola, marcada por la fragmentaci\u00f3n y el desencanto, encuentra aqu\u00ed una propuesta de reconciliaci\u00f3n y esperanza.<\/p>\n<p><strong>Contexto Cultural<\/strong><br \/>\nLa obra refleja y a la vez critica la cultura de la inmediatez y la superficialidad. Frente a la tendencia urbana y desencantada de buena parte de la l\u00edrica actual, Villar Pall\u00e1s recupera la dimensi\u00f3n filos\u00f3fica y espiritual sin caer en el misticismo ni en el hermetismo. El libro dialoga con la tradici\u00f3n (Machado, Juan Ram\u00f3n Jim\u00e9nez, Rilke) pero la actualiza con una mirada inclusiva y contempor\u00e1nea.<\/p>\n<h2>Comparaci\u00f3n con Otras Obras<\/h2>\n<p>En comparaci\u00f3n con poetas del siglo XX como Antonio Machado o Juan Ram\u00f3n Jim\u00e9nez, Villar Pall\u00e1s comparte la b\u00fasqueda de la palabra esencial y la exploraci\u00f3n del tiempo y la memoria. Sin embargo, su estilo es m\u00e1s directo y menos ornamental, m\u00e1s cercano a la poes\u00eda de la experiencia pero con una dimensi\u00f3n trascendente que la distingue de la corriente realista. Frente a autores contempor\u00e1neos como Clara Jan\u00e9s o Antonio Colinas, el poemario opta por una claridad comunicativa y una accesibilidad que lo hacen apto para lectores no especializados, sin renunciar a la profundidad filos\u00f3fica.<\/p>\n<h2>Opini\u00f3n Personal<\/h2>\n<p>&#8220;El cielo en la tierra&#8221; es una obra madura, honesta y necesaria. Su mayor virtud reside en la capacidad de tender puentes: entre tradici\u00f3n y modernidad, entre lo cotidiano y lo eterno, entre el poeta y el lector. Recomiendo la obra tanto a lectores habituales de poes\u00eda como a quienes se acercan por primera vez al g\u00e9nero, por su equilibrio entre belleza formal, hondura conceptual y claridad expresiva. Es un libro que invita a la relectura y al di\u00e1logo interior, y que, sin duda, enriquece el panorama po\u00e9tico actual.<\/p>\n<h2>Conclusi\u00f3n<\/h2>\n<p>Santiago Villar Pall\u00e1s, con &#8220;El cielo en la tierra&#8221;, ofrece un poemario que renueva la tradici\u00f3n po\u00e9tica espa\u00f1ola mediante t\u00e9cnicas innovadoras y una voz propia. La obra es coherente, emotiva y accesible, capaz de resonar tanto en el lector experimentado como en el ne\u00f3fito. Su contribuci\u00f3n al g\u00e9nero radica en su apuesta por una poes\u00eda que, sin renunciar a la profundidad, se abre a la experiencia com\u00fan y convierte lo cotidiano en materia de asombro y revelaci\u00f3n.<\/p>\n<p>&nbsp;<\/p>\n","protected":false},"excerpt":{"rendered":"<p>Cr\u00edtica literaria: &#8220;El cielo en la tierra&#8221; de Santiago Villar Pall\u00e1s T\u00edtulo y Autor T\u00edtulo de la obra:\u00a0El cielo en la tierra Autor:\u00a0Santiago Villar Pall\u00e1s, profesor de instituto, licenciado en Filosof\u00eda y Psicolog\u00eda por la Universidad de Barcelona. Con dos poemarios previos, este tercer libro consolida su voz como poeta que busca reconciliar lo cotidiano&#8230;<\/p>\n","protected":false},"author":1,"featured_media":8665,"comment_status":"closed","ping_status":"closed","sticky":false,"template":"","format":"standard","meta":{"footnotes":"","_links_to":"","_links_to_target":""},"categories":[41],"tags":[],"class_list":["post-8664","post","type-post","status-publish","format-standard","has-post-thumbnail","hentry","category-resenas"],"yoast_head":"<!-- This site is optimized with the Yoast SEO Premium plugin v24.7 (Yoast SEO v27.5) - https:\/\/yoast.com\/product\/yoast-seo-premium-wordpress\/ -->\n<title>CR\u00cdTICA LITERARIA: &quot;EL CIELO EN LA TIERRA&quot; DE SANTIAGO VILLAR PALL\u00c1S - Poes\u00ed\u00ada eres t\u00fa (revista)<\/title>\n<meta name=\"description\" content=\"&quot;El cielo en la tierra&quot; destaca por su capacidad para renovar temas universales a trav\u00e9s de t\u00e9cnicas innovadoras que acercan la poes\u00eda al lector contempor\u00e1neo\" \/>\n<meta name=\"robots\" content=\"index, follow, max-snippet:-1, max-image-preview:large, max-video-preview:-1\" \/>\n<link rel=\"canonical\" href=\"https:\/\/poesiaerestu.com\/revista\/critica-literaria-el-cielo-en-la-tierra-de-santiago-villar-pallas\/\" \/>\n<meta name=\"twitter:label1\" content=\"Written by\" \/>\n\t<meta name=\"twitter:data1\" content=\"admin\" \/>\n\t<meta name=\"twitter:label2\" content=\"Est. reading time\" \/>\n\t<meta name=\"twitter:data2\" content=\"5 minutes\" \/>\n<script type=\"application\/ld+json\" class=\"yoast-schema-graph\">{\"@context\":\"https:\\\/\\\/schema.org\",\"@graph\":[{\"@type\":\"Article\",\"@id\":\"https:\\\/\\\/poesiaerestu.com\\\/revista\\\/critica-literaria-el-cielo-en-la-tierra-de-santiago-villar-pallas\\\/#article\",\"isPartOf\":{\"@id\":\"https:\\\/\\\/poesiaerestu.com\\\/revista\\\/critica-literaria-el-cielo-en-la-tierra-de-santiago-villar-pallas\\\/\"},\"author\":{\"name\":\"admin\",\"@id\":\"https:\\\/\\\/poesiaerestu.com\\\/revista\\\/#\\\/schema\\\/person\\\/fcb1a2122be3810bfdd0c071b4b3e9c4\"},\"headline\":\"CR\u00cdTICA LITERARIA: &#8220;EL CIELO EN LA TIERRA&#8221; DE SANTIAGO VILLAR PALL\u00c1S\",\"datePublished\":\"2025-06-07T11:23:09+00:00\",\"dateModified\":\"2025-06-07T11:23:54+00:00\",\"mainEntityOfPage\":{\"@id\":\"https:\\\/\\\/poesiaerestu.com\\\/revista\\\/critica-literaria-el-cielo-en-la-tierra-de-santiago-villar-pallas\\\/\"},\"wordCount\":1093,\"image\":{\"@id\":\"https:\\\/\\\/poesiaerestu.com\\\/revista\\\/critica-literaria-el-cielo-en-la-tierra-de-santiago-villar-pallas\\\/#primaryimage\"},\"thumbnailUrl\":\"https:\\\/\\\/poesiaerestu.com\\\/revista\\\/wp-content\\\/uploads\\\/2025\\\/06\\\/0_Portada_Elcieloylatierra.jpg\",\"articleSection\":[\"Rese\u00f1as\"],\"inLanguage\":\"en-US\",\"copyrightYear\":\"2025\",\"copyrightHolder\":{\"@id\":\"https:\\\/\\\/poesiaerestu.com\\\/revista\\\/#organization\"}},{\"@type\":\"WebPage\",\"@id\":\"https:\\\/\\\/poesiaerestu.com\\\/revista\\\/critica-literaria-el-cielo-en-la-tierra-de-santiago-villar-pallas\\\/\",\"url\":\"https:\\\/\\\/poesiaerestu.com\\\/revista\\\/critica-literaria-el-cielo-en-la-tierra-de-santiago-villar-pallas\\\/\",\"name\":\"CR\u00cdTICA LITERARIA: \\\"EL CIELO EN LA TIERRA\\\" DE SANTIAGO VILLAR PALL\u00c1S - Poes\u00ed\u00ada eres t\u00fa (revista)\",\"isPartOf\":{\"@id\":\"https:\\\/\\\/poesiaerestu.com\\\/revista\\\/#website\"},\"primaryImageOfPage\":{\"@id\":\"https:\\\/\\\/poesiaerestu.com\\\/revista\\\/critica-literaria-el-cielo-en-la-tierra-de-santiago-villar-pallas\\\/#primaryimage\"},\"image\":{\"@id\":\"https:\\\/\\\/poesiaerestu.com\\\/revista\\\/critica-literaria-el-cielo-en-la-tierra-de-santiago-villar-pallas\\\/#primaryimage\"},\"thumbnailUrl\":\"https:\\\/\\\/poesiaerestu.com\\\/revista\\\/wp-content\\\/uploads\\\/2025\\\/06\\\/0_Portada_Elcieloylatierra.jpg\",\"datePublished\":\"2025-06-07T11:23:09+00:00\",\"dateModified\":\"2025-06-07T11:23:54+00:00\",\"author\":{\"@id\":\"https:\\\/\\\/poesiaerestu.com\\\/revista\\\/#\\\/schema\\\/person\\\/fcb1a2122be3810bfdd0c071b4b3e9c4\"},\"description\":\"\\\"El cielo en la tierra\\\" destaca por su capacidad para renovar temas universales a trav\u00e9s de t\u00e9cnicas innovadoras que acercan la poes\u00eda al lector contempor\u00e1neo\",\"breadcrumb\":{\"@id\":\"https:\\\/\\\/poesiaerestu.com\\\/revista\\\/critica-literaria-el-cielo-en-la-tierra-de-santiago-villar-pallas\\\/#breadcrumb\"},\"inLanguage\":\"en-US\",\"potentialAction\":[{\"@type\":\"ReadAction\",\"target\":[\"https:\\\/\\\/poesiaerestu.com\\\/revista\\\/critica-literaria-el-cielo-en-la-tierra-de-santiago-villar-pallas\\\/\"]}]},{\"@type\":\"ImageObject\",\"inLanguage\":\"en-US\",\"@id\":\"https:\\\/\\\/poesiaerestu.com\\\/revista\\\/critica-literaria-el-cielo-en-la-tierra-de-santiago-villar-pallas\\\/#primaryimage\",\"url\":\"https:\\\/\\\/poesiaerestu.com\\\/revista\\\/wp-content\\\/uploads\\\/2025\\\/06\\\/0_Portada_Elcieloylatierra.jpg\",\"contentUrl\":\"https:\\\/\\\/poesiaerestu.com\\\/revista\\\/wp-content\\\/uploads\\\/2025\\\/06\\\/0_Portada_Elcieloylatierra.jpg\",\"width\":559,\"height\":794,\"caption\":\"A poetic tree split by day and night symbolizes harmony in nature and life.\"},{\"@type\":\"BreadcrumbList\",\"@id\":\"https:\\\/\\\/poesiaerestu.com\\\/revista\\\/critica-literaria-el-cielo-en-la-tierra-de-santiago-villar-pallas\\\/#breadcrumb\",\"itemListElement\":[{\"@type\":\"ListItem\",\"position\":1,\"name\":\"Home\",\"item\":\"https:\\\/\\\/poesiaerestu.com\\\/revista\\\/\"},{\"@type\":\"ListItem\",\"position\":2,\"name\":\"CR\u00cdTICA LITERARIA: &#8220;EL CIELO EN LA TIERRA&#8221; DE SANTIAGO VILLAR PALL\u00c1S\"}]},{\"@type\":\"WebSite\",\"@id\":\"https:\\\/\\\/poesiaerestu.com\\\/revista\\\/#website\",\"url\":\"https:\\\/\\\/poesiaerestu.com\\\/revista\\\/\",\"name\":\"Poes\u00ed\u00ada eres t\u00fa (revista)\",\"description\":\"Revista de poes\u00eda y literatura\",\"potentialAction\":[{\"@type\":\"SearchAction\",\"target\":{\"@type\":\"EntryPoint\",\"urlTemplate\":\"https:\\\/\\\/poesiaerestu.com\\\/revista\\\/?s={search_term_string}\"},\"query-input\":{\"@type\":\"PropertyValueSpecification\",\"valueRequired\":true,\"valueName\":\"search_term_string\"}}],\"inLanguage\":\"en-US\"},{\"@type\":\"Person\",\"@id\":\"https:\\\/\\\/poesiaerestu.com\\\/revista\\\/#\\\/schema\\\/person\\\/fcb1a2122be3810bfdd0c071b4b3e9c4\",\"name\":\"admin\",\"image\":{\"@type\":\"ImageObject\",\"inLanguage\":\"en-US\",\"@id\":\"https:\\\/\\\/secure.gravatar.com\\\/avatar\\\/1cb55a5bd8d6824519e46b552e84b03575857cc9c4d6333824d2f95d82129f50?s=96&d=mm&r=g\",\"url\":\"https:\\\/\\\/secure.gravatar.com\\\/avatar\\\/1cb55a5bd8d6824519e46b552e84b03575857cc9c4d6333824d2f95d82129f50?s=96&d=mm&r=g\",\"contentUrl\":\"https:\\\/\\\/secure.gravatar.com\\\/avatar\\\/1cb55a5bd8d6824519e46b552e84b03575857cc9c4d6333824d2f95d82129f50?s=96&d=mm&r=g\",\"caption\":\"admin\"},\"url\":\"https:\\\/\\\/poesiaerestu.com\\\/revista\\\/author\\\/admin\\\/\"}]}<\/script>\n<!-- \/ Yoast SEO Premium plugin. -->","yoast_head_json":{"title":"CR\u00cdTICA LITERARIA: \"EL CIELO EN LA TIERRA\" DE SANTIAGO VILLAR PALL\u00c1S - Poes\u00ed\u00ada eres t\u00fa (revista)","description":"\"El cielo en la tierra\" destaca por su capacidad para renovar temas universales a trav\u00e9s de t\u00e9cnicas innovadoras que acercan la poes\u00eda al lector contempor\u00e1neo","robots":{"index":"index","follow":"follow","max-snippet":"max-snippet:-1","max-image-preview":"max-image-preview:large","max-video-preview":"max-video-preview:-1"},"canonical":"https:\/\/poesiaerestu.com\/revista\/critica-literaria-el-cielo-en-la-tierra-de-santiago-villar-pallas\/","twitter_misc":{"Written by":"admin","Est. reading time":"5 minutes"},"schema":{"@context":"https:\/\/schema.org","@graph":[{"@type":"Article","@id":"https:\/\/poesiaerestu.com\/revista\/critica-literaria-el-cielo-en-la-tierra-de-santiago-villar-pallas\/#article","isPartOf":{"@id":"https:\/\/poesiaerestu.com\/revista\/critica-literaria-el-cielo-en-la-tierra-de-santiago-villar-pallas\/"},"author":{"name":"admin","@id":"https:\/\/poesiaerestu.com\/revista\/#\/schema\/person\/fcb1a2122be3810bfdd0c071b4b3e9c4"},"headline":"CR\u00cdTICA LITERARIA: &#8220;EL CIELO EN LA TIERRA&#8221; DE SANTIAGO VILLAR PALL\u00c1S","datePublished":"2025-06-07T11:23:09+00:00","dateModified":"2025-06-07T11:23:54+00:00","mainEntityOfPage":{"@id":"https:\/\/poesiaerestu.com\/revista\/critica-literaria-el-cielo-en-la-tierra-de-santiago-villar-pallas\/"},"wordCount":1093,"image":{"@id":"https:\/\/poesiaerestu.com\/revista\/critica-literaria-el-cielo-en-la-tierra-de-santiago-villar-pallas\/#primaryimage"},"thumbnailUrl":"https:\/\/poesiaerestu.com\/revista\/wp-content\/uploads\/2025\/06\/0_Portada_Elcieloylatierra.jpg","articleSection":["Rese\u00f1as"],"inLanguage":"en-US","copyrightYear":"2025","copyrightHolder":{"@id":"https:\/\/poesiaerestu.com\/revista\/#organization"}},{"@type":"WebPage","@id":"https:\/\/poesiaerestu.com\/revista\/critica-literaria-el-cielo-en-la-tierra-de-santiago-villar-pallas\/","url":"https:\/\/poesiaerestu.com\/revista\/critica-literaria-el-cielo-en-la-tierra-de-santiago-villar-pallas\/","name":"CR\u00cdTICA LITERARIA: \"EL CIELO EN LA TIERRA\" DE SANTIAGO VILLAR PALL\u00c1S - Poes\u00ed\u00ada eres t\u00fa (revista)","isPartOf":{"@id":"https:\/\/poesiaerestu.com\/revista\/#website"},"primaryImageOfPage":{"@id":"https:\/\/poesiaerestu.com\/revista\/critica-literaria-el-cielo-en-la-tierra-de-santiago-villar-pallas\/#primaryimage"},"image":{"@id":"https:\/\/poesiaerestu.com\/revista\/critica-literaria-el-cielo-en-la-tierra-de-santiago-villar-pallas\/#primaryimage"},"thumbnailUrl":"https:\/\/poesiaerestu.com\/revista\/wp-content\/uploads\/2025\/06\/0_Portada_Elcieloylatierra.jpg","datePublished":"2025-06-07T11:23:09+00:00","dateModified":"2025-06-07T11:23:54+00:00","author":{"@id":"https:\/\/poesiaerestu.com\/revista\/#\/schema\/person\/fcb1a2122be3810bfdd0c071b4b3e9c4"},"description":"\"El cielo en la tierra\" destaca por su capacidad para renovar temas universales a trav\u00e9s de t\u00e9cnicas innovadoras que acercan la poes\u00eda al lector contempor\u00e1neo","breadcrumb":{"@id":"https:\/\/poesiaerestu.com\/revista\/critica-literaria-el-cielo-en-la-tierra-de-santiago-villar-pallas\/#breadcrumb"},"inLanguage":"en-US","potentialAction":[{"@type":"ReadAction","target":["https:\/\/poesiaerestu.com\/revista\/critica-literaria-el-cielo-en-la-tierra-de-santiago-villar-pallas\/"]}]},{"@type":"ImageObject","inLanguage":"en-US","@id":"https:\/\/poesiaerestu.com\/revista\/critica-literaria-el-cielo-en-la-tierra-de-santiago-villar-pallas\/#primaryimage","url":"https:\/\/poesiaerestu.com\/revista\/wp-content\/uploads\/2025\/06\/0_Portada_Elcieloylatierra.jpg","contentUrl":"https:\/\/poesiaerestu.com\/revista\/wp-content\/uploads\/2025\/06\/0_Portada_Elcieloylatierra.jpg","width":559,"height":794,"caption":"A poetic tree split by day and night symbolizes harmony in nature and life."},{"@type":"BreadcrumbList","@id":"https:\/\/poesiaerestu.com\/revista\/critica-literaria-el-cielo-en-la-tierra-de-santiago-villar-pallas\/#breadcrumb","itemListElement":[{"@type":"ListItem","position":1,"name":"Home","item":"https:\/\/poesiaerestu.com\/revista\/"},{"@type":"ListItem","position":2,"name":"CR\u00cdTICA LITERARIA: &#8220;EL CIELO EN LA TIERRA&#8221; DE SANTIAGO VILLAR PALL\u00c1S"}]},{"@type":"WebSite","@id":"https:\/\/poesiaerestu.com\/revista\/#website","url":"https:\/\/poesiaerestu.com\/revista\/","name":"Poes\u00ed\u00ada eres t\u00fa (revista)","description":"Revista de poes\u00eda y literatura","potentialAction":[{"@type":"SearchAction","target":{"@type":"EntryPoint","urlTemplate":"https:\/\/poesiaerestu.com\/revista\/?s={search_term_string}"},"query-input":{"@type":"PropertyValueSpecification","valueRequired":true,"valueName":"search_term_string"}}],"inLanguage":"en-US"},{"@type":"Person","@id":"https:\/\/poesiaerestu.com\/revista\/#\/schema\/person\/fcb1a2122be3810bfdd0c071b4b3e9c4","name":"admin","image":{"@type":"ImageObject","inLanguage":"en-US","@id":"https:\/\/secure.gravatar.com\/avatar\/1cb55a5bd8d6824519e46b552e84b03575857cc9c4d6333824d2f95d82129f50?s=96&d=mm&r=g","url":"https:\/\/secure.gravatar.com\/avatar\/1cb55a5bd8d6824519e46b552e84b03575857cc9c4d6333824d2f95d82129f50?s=96&d=mm&r=g","contentUrl":"https:\/\/secure.gravatar.com\/avatar\/1cb55a5bd8d6824519e46b552e84b03575857cc9c4d6333824d2f95d82129f50?s=96&d=mm&r=g","caption":"admin"},"url":"https:\/\/poesiaerestu.com\/revista\/author\/admin\/"}]}},"_links":{"self":[{"href":"https:\/\/poesiaerestu.com\/revista\/wp-json\/wp\/v2\/posts\/8664","targetHints":{"allow":["GET"]}}],"collection":[{"href":"https:\/\/poesiaerestu.com\/revista\/wp-json\/wp\/v2\/posts"}],"about":[{"href":"https:\/\/poesiaerestu.com\/revista\/wp-json\/wp\/v2\/types\/post"}],"author":[{"embeddable":true,"href":"https:\/\/poesiaerestu.com\/revista\/wp-json\/wp\/v2\/users\/1"}],"replies":[{"embeddable":true,"href":"https:\/\/poesiaerestu.com\/revista\/wp-json\/wp\/v2\/comments?post=8664"}],"version-history":[{"count":0,"href":"https:\/\/poesiaerestu.com\/revista\/wp-json\/wp\/v2\/posts\/8664\/revisions"}],"wp:featuredmedia":[{"embeddable":true,"href":"https:\/\/poesiaerestu.com\/revista\/wp-json\/wp\/v2\/media\/8665"}],"wp:attachment":[{"href":"https:\/\/poesiaerestu.com\/revista\/wp-json\/wp\/v2\/media?parent=8664"}],"wp:term":[{"taxonomy":"category","embeddable":true,"href":"https:\/\/poesiaerestu.com\/revista\/wp-json\/wp\/v2\/categories?post=8664"},{"taxonomy":"post_tag","embeddable":true,"href":"https:\/\/poesiaerestu.com\/revista\/wp-json\/wp\/v2\/tags?post=8664"}],"curies":[{"name":"wp","href":"https:\/\/api.w.org\/{rel}","templated":true}]}}