{"id":8659,"date":"2025-06-03T01:40:10","date_gmt":"2025-06-02T23:40:10","guid":{"rendered":"https:\/\/poesiaerestu.com\/revista\/?p=8659"},"modified":"2025-06-03T01:40:10","modified_gmt":"2025-06-02T23:40:10","slug":"elementos-destacados-de-un-libro-de-poesia-analisis-integral-para-el-siglo-xxi","status":"publish","type":"post","link":"https:\/\/poesiaerestu.com\/revista\/elementos-destacados-de-un-libro-de-poesia-analisis-integral-para-el-siglo-xxi\/","title":{"rendered":"Elementos Destacados de un Libro de Poes\u00eda: An\u00e1lisis Integral para el Siglo XXI"},"content":{"rendered":"<h1><strong>Elementos Destacados de un Libro de Poes\u00eda: An\u00e1lisis Integral para el Siglo XXI<\/strong><\/h1>\n<p>La poes\u00eda contempor\u00e1nea ha experimentado una transformaci\u00f3n radical en las \u00faltimas d\u00e9cadas, adapt\u00e1ndose a nuevos medios de difusi\u00f3n mientras mantiene su esencia art\u00edstica <a href=\"#fn1\"><sup>[1]<\/sup><\/a><a href=\"#fn2\"><sup>[2]<\/sup><\/a><a href=\"#fn3\"><sup>[3]<\/sup><\/a>. Los elementos que definen un libro de poes\u00eda exitoso en el panorama actual requieren un equilibrio cuidadoso entre tradici\u00f3n literaria e innovaci\u00f3n tecnol\u00f3gica <a href=\"#fn4\"><sup>[4]<\/sup><\/a><a href=\"#fn5\"><sup>[5]<\/sup><\/a>. Este an\u00e1lisis examina los diecis\u00e9is elementos fundamentales organizados en cuatro categor\u00edas esenciales para crear poes\u00eda que sea tanto significativa como accesible a audiencias diversas <a href=\"#fn6\"><sup>[6]<\/sup><\/a><a href=\"#fn7\"><sup>[7]<\/sup><\/a>.<\/p>\n<p><img loading=\"lazy\" decoding=\"async\" class=\"aligncenter size-full wp-image-8660\" src=\"https:\/\/poesiaerestu.com\/revista\/wp-content\/uploads\/2025\/06\/Imagen1.jpg\" alt=\"\" width=\"634\" height=\"423\" srcset=\"https:\/\/poesiaerestu.com\/revista\/wp-content\/uploads\/2025\/06\/Imagen1.jpg 634w, https:\/\/poesiaerestu.com\/revista\/wp-content\/uploads\/2025\/06\/Imagen1-300x200.jpg 300w, https:\/\/poesiaerestu.com\/revista\/wp-content\/uploads\/2025\/06\/Imagen1-600x400.jpg 600w\" sizes=\"auto, (max-width: 634px) 100vw, 634px\" \/>An\u00e1lisis de la aplicabilidad contempor\u00e1nea de elementos po\u00e9ticos clave<\/p>\n<h2><strong>Cualidades Po\u00e9ticas Fundamentales<\/strong><\/h2>\n<h3><strong>Imaginer\u00eda y Simbolismo<\/strong><\/h3>\n<p>La imaginer\u00eda y el simbolismo constituyen el n\u00facleo de la experiencia po\u00e9tica contempor\u00e1nea, evocando percepciones sensoriales m\u00faltiples que trascienden los l\u00edmites tradicionales <a href=\"#fn6\"><sup>[6]<\/sup><\/a><a href=\"#fn8\"><sup>[8]<\/sup><\/a>. En la poes\u00eda actual, los s\u00edmbolos establecen &#8220;correspondencias entre lo material y lo ideal, entre lo concreto y abstracto&#8221;, funcionando como mediadores entre la realidad f\u00edsica y la experiencia digital <a href=\"#fn8\"><sup>[8]<\/sup><\/a>. Los poetas contempor\u00e1neos utilizan t\u00e9cnicas como el simbolismo fon\u00e9tico y la poes\u00eda permutatoria para crear universos simb\u00f3licos que reflejan la complejidad de la era moderna <a href=\"#fn1\"><sup>[1]<\/sup><\/a><a href=\"#fn9\"><sup>[9]<\/sup><\/a>.<\/p>\n<h3><strong>Ritmo y M\u00e9trica<\/strong><\/h3>\n<p>La m\u00e9trica espa\u00f1ola mantiene su relevancia fundamental pero se adapta a nuevas formas expresivas que incluyen tanto estructuras cl\u00e1sicas como experimentaci\u00f3n contempor\u00e1nea <a href=\"#fn2\"><sup>[2]<\/sup><\/a><a href=\"#fn10\"><sup>[10]<\/sup><\/a>. El verso libre ha encontrado un desarrollo particular en la poes\u00eda espa\u00f1ola, donde &#8220;Juan Ram\u00f3n Jim\u00e9nez fue el primer poeta espa\u00f1ol que emple\u00f3 el verso libre con absoluta conciencia y voluntad&#8221; <a href=\"#fn2\"><sup>[2]<\/sup><\/a>. La musicalidad contempor\u00e1nea incorpora ritmos urbanos y digitales, creando cadencias que reflejan el habla actual sin perder la sofisticaci\u00f3n t\u00e9cnica <a href=\"#fn11\"><sup>[11]<\/sup><\/a><a href=\"#fn12\"><sup>[12]<\/sup><\/a>.<\/p>\n<h3><strong>Recursos Sonoros<\/strong><\/h3>\n<p>Los recursos sonoros como aliteraci\u00f3n, asonancia y onomatopeya mantienen su efectividad para crear efectos mel\u00f3dicos que funcionan tanto en lectura silenciosa como en performance <a href=\"#fn13\"><sup>[13]<\/sup><\/a><a href=\"#fn14\"><sup>[14]<\/sup><\/a>. La aliteraci\u00f3n moderna se adapta a formatos audiovisuales, donde &#8220;la repetici\u00f3n de sonidos dentro de una misma frase o un mismo verso&#8221; genera musicalidad que trasciende el medio impreso <a href=\"#fn13\"><sup>[13]<\/sup><\/a>. Estos recursos se han expandido para incluir sonoridades del entorno tecnol\u00f3gico y urbano, creando nuevas posibilidades expresivas <a href=\"#fn14\"><sup>[14]<\/sup><\/a><a href=\"#fn15\"><sup>[15]<\/sup><\/a>.<\/p>\n<h2><strong>Concisi\u00f3n y Precisi\u00f3n<\/strong><\/h2>\n<p>La era digital ha intensificado la importancia de la concisi\u00f3n, donde cada palabra debe justificar su presencia y maximizar el impacto emocional <a href=\"#fn15\"><sup>[15]<\/sup><\/a><a href=\"#fn16\"><sup>[16]<\/sup><\/a>. La selecci\u00f3n cuidadosa del lenguaje se vuelve crucial en un contexto donde la atenci\u00f3n del lector es limitada y fragmentada <a href=\"#fn17\"><sup>[17]<\/sup><\/a>. La densidad significativa permite crear m\u00faltiples capas de significado en espacios reducidos, caracter\u00edstica fundamental de la poes\u00eda contempor\u00e1nea exitosa <a href=\"#fn18\"><sup>[18]<\/sup><\/a><a href=\"#fn16\"><sup>[16]<\/sup><\/a>.<\/p>\n<h2><strong>T\u00e9cnicas para Captar y Mantener la Atenci\u00f3n<\/strong><\/h2>\n<h3><strong>Ganchos Literarios Efectivos<\/strong><\/h3>\n<p>Los ganchos literarios son cruciales en la era de la atenci\u00f3n fragmentada, utilizando t\u00e9cnicas de anticipaci\u00f3n, suspenso y sorpresa para capturar el inter\u00e9s inmediato del lector <a href=\"#fn19\"><sup>[19]<\/sup><\/a><a href=\"#fn20\"><sup>[20]<\/sup><\/a>. Un gancho efectivo &#8220;tiene el poder de abrir el apetito&#8221; del lector, proporcionando informaci\u00f3n parcial que genera curiosidad y deseo de completar la lectura <a href=\"#fn20\"><sup>[20]<\/sup><\/a>. Las estrategias incluyen comenzar &#8220;con una situaci\u00f3n intrigante, plantear una pregunta o misterio, presentar un conflicto o problema urgente&#8221; <a href=\"#fn19\"><sup>[19]<\/sup><\/a>.<\/p>\n<h3><strong>Preguntas Intrigantes<\/strong><\/h3>\n<p>Las preguntas ret\u00f3ricas mantienen al lector comprometido mediante interrogaciones filos\u00f3ficas, cuestionamientos \u00edntimos y enigmas contempor\u00e1neos <a href=\"#fn19\"><sup>[19]<\/sup><\/a><a href=\"#fn15\"><sup>[15]<\/sup><\/a>. Plantear preguntas que &#8220;inciten al lector a seguir leyendo para encontrar respuestas&#8221; crea un efecto de suspense que mantiene la tensi\u00f3n narrativa a lo largo del poema <a href=\"#fn19\"><sup>[19]<\/sup><\/a>. Esta t\u00e9cnica es especialmente efectiva cuando combina lo universal con lo particular, conectando experiencias individuales con preocupaciones colectivas <a href=\"#fn20\"><sup>[20]<\/sup><\/a>.<\/p>\n<h3><strong>Romper Expectativas<\/strong><\/h3>\n<p>La subversi\u00f3n de convenciones mantiene el inter\u00e9s mediante experimentaci\u00f3n formal, giros narrativos inesperados e hibridaci\u00f3n gen\u00e9rica <a href=\"#fn17\"><sup>[17]<\/sup><\/a><a href=\"#fn21\"><sup>[21]<\/sup><\/a>. Los poetas contempor\u00e1neos &#8220;desaf\u00edan las convenciones, abrazando la experimentaci\u00f3n y la libertad expresiva&#8221; para crear sorpresas que renuevan la experiencia lectora <a href=\"#fn4\"><sup>[4]<\/sup><\/a>. Esta estrategia es particularmente efectiva cuando equilibra innovaci\u00f3n con accesibilidad, evitando el hermetismo excesivo <a href=\"#fn17\"><sup>[17]<\/sup><\/a>.<\/p>\n<h3><strong>Profundidad Emocional<\/strong><\/h3>\n<p>La exploraci\u00f3n de emociones complejas es fundamental para evitar quedarse en la superficie, requiriendo autenticidad emocional y complejidad psicol\u00f3gica <a href=\"#fn22\"><sup>[22]<\/sup><\/a><a href=\"#fn17\"><sup>[17]<\/sup><\/a>. La poes\u00eda contempor\u00e1nea privilegia &#8220;la materializaci\u00f3n del sentimiento&#8221; donde cada verso &#8220;encubre un tipo de sentimiento&#8221; transformado conscientemente en arte <a href=\"#fn23\"><sup>[23]<\/sup><\/a><a href=\"#fn24\"><sup>[24]<\/sup><\/a>. Esta profundidad se logra mediante la expresi\u00f3n genuina que conecta experiencias espec\u00edficas con resonancias universales <a href=\"#fn15\"><sup>[15]<\/sup><\/a><a href=\"#fn23\"><sup>[23]<\/sup><\/a>.<\/p>\n<p><img loading=\"lazy\" decoding=\"async\" class=\"aligncenter size-full wp-image-8661\" src=\"https:\/\/poesiaerestu.com\/revista\/wp-content\/uploads\/2025\/06\/Imagen2.jpg\" alt=\"\" width=\"634\" height=\"423\" srcset=\"https:\/\/poesiaerestu.com\/revista\/wp-content\/uploads\/2025\/06\/Imagen2.jpg 634w, https:\/\/poesiaerestu.com\/revista\/wp-content\/uploads\/2025\/06\/Imagen2-300x200.jpg 300w, https:\/\/poesiaerestu.com\/revista\/wp-content\/uploads\/2025\/06\/Imagen2-600x400.jpg 600w, https:\/\/poesiaerestu.com\/revista\/wp-content\/uploads\/2025\/06\/Imagen2-90x60.jpg 90w\" sizes=\"auto, (max-width: 634px) 100vw, 634px\" \/>Distribuci\u00f3n proporcional de elementos po\u00e9ticos por categor\u00edas principales<\/p>\n<h2><strong>Contenido y Perspectiva<\/strong><\/h2>\n<h3><strong>Perspectiva Autobiogr\u00e1fica<\/strong><\/h3>\n<p>La perspectiva autobiogr\u00e1fica ha ganado relevancia excepcional en la poes\u00eda contempor\u00e1nea, generando cercan\u00eda mediante la expresi\u00f3n directa de la experiencia personal <a href=\"#fn25\"><sup>[25]<\/sup><\/a><a href=\"#fn22\"><sup>[22]<\/sup><\/a>. La &#8220;poes\u00eda de autor&#8221; establece v\u00ednculos expresos con la tradici\u00f3n autobiogr\u00e1fica, donde &#8220;la l\u00ednea delgada entre voz po\u00e9tica y autor&#8221; crea intimidad compartida <a href=\"#fn22\"><sup>[22]<\/sup><\/a>. Este enfoque permite que la vulnerabilidad se convierta en fortaleza art\u00edstica, utilizando la experiencia personal como material universalizable <a href=\"#fn25\"><sup>[25]<\/sup><\/a><a href=\"#fn23\"><sup>[23]<\/sup><\/a>.<\/p>\n<h3><strong>Belleza de lo Cotidiano<\/strong><\/h3>\n<p>La poetizaci\u00f3n de la experiencia diaria constituye una tendencia consolidada que encuentra lo extraordinario en lo ordinario <a href=\"#fn23\"><sup>[23]<\/sup><\/a><a href=\"#fn26\"><sup>[26]<\/sup><\/a>. Autores como Piedad Bonnett han desarrollado &#8220;una po\u00e9tica de lo cotidiano&#8221; que muestra &#8220;la belleza de lo ordinario, de lo transitorio y fugaz como eterno&#8221; <a href=\"#fn23\"><sup>[23]<\/sup><\/a>. Esta aproximaci\u00f3n transforma elementos dom\u00e9sticos y rutinarios en territorio po\u00e9tico, creando una &#8220;microscop\u00eda emocional&#8221; que amplifica momentos menores <a href=\"#fn27\"><sup>[27]<\/sup><\/a><a href=\"#fn28\"><sup>[28]<\/sup><\/a>.<\/p>\n<h3><strong>Posturas Sociales Relevantes<\/strong><\/h3>\n<p>El compromiso social mantiene relevancia variable en la poes\u00eda contempor\u00e1nea, funcionando como herramienta de cambio social y testimonio hist\u00f3rico <a href=\"#fn29\"><sup>[29]<\/sup><\/a><a href=\"#fn30\"><sup>[30]<\/sup><\/a>. Los poetas abordan &#8220;temas sociales relevantes que resuenen con los lectores&#8221; mediante activismo l\u00edrico y denuncia sutil a trav\u00e9s de la met\u00e1fora <a href=\"#fn31\"><sup>[31]<\/sup><\/a><a href=\"#fn4\"><sup>[4]<\/sup><\/a>. Esta dimensi\u00f3n social se equilibra cuidadosamente para evitar que el mensaje pol\u00edtico opaque la calidad est\u00e9tica <a href=\"#fn32\"><sup>[32]<\/sup><\/a><a href=\"#fn5\"><sup>[5]<\/sup><\/a>.<\/p>\n<h3><strong>Experimentaci\u00f3n Formal<\/strong><\/h3>\n<p>La experimentaci\u00f3n con diferentes formas y estilos mantiene la diversidad po\u00e9tica, aunque ha encontrado nichos espec\u00edficos dentro del panorama contempor\u00e1neo <a href=\"#fn33\"><sup>[33]<\/sup><\/a><a href=\"#fn21\"><sup>[21]<\/sup><\/a>. La poes\u00eda actual incorpora &#8220;elementos digitales&#8221; y &#8220;hibridaci\u00f3n medi\u00e1tica&#8221; que fusionan texto, imagen y sonido <a href=\"#fn21\"><sup>[21]<\/sup><\/a><a href=\"#fn30\"><sup>[30]<\/sup><\/a>. Esta experimentaci\u00f3n incluye desde &#8220;poes\u00eda digital&#8221; hasta &#8220;formas innovadoras&#8221; que crean estructuras po\u00e9ticas originales adaptadas a nuevos medios <a href=\"#fn34\"><sup>[34]<\/sup><\/a><a href=\"#fn9\"><sup>[9]<\/sup><\/a>.<\/p>\n<h2><strong>Presentaci\u00f3n Visual y Promoci\u00f3n<\/strong><\/h2>\n<h3><strong>Elementos Visuales<\/strong><\/h3>\n<p>La dimensi\u00f3n visual ha cobrado importancia creciente en la poes\u00eda contempor\u00e1nea, integrando texto e imagen de manera significativa <a href=\"#fn35\"><sup>[35]<\/sup><\/a><a href=\"#fn34\"><sup>[34]<\/sup><\/a>. La &#8220;poes\u00eda visual&#8221; trasciende &#8220;los l\u00edmites tradicionales del verso escrito al incorporar elementos como dise\u00f1o, color e im\u00e1genes&#8221; <a href=\"#fn34\"><sup>[34]<\/sup><\/a>. Esta integraci\u00f3n incluye el uso consciente del espacio en p\u00e1gina y la tipograf\u00eda como elemento expresivo <a href=\"#fn35\"><sup>[35]<\/sup><\/a><a href=\"#fn33\"><sup>[33]<\/sup><\/a>.<\/p>\n<h3><strong>Dise\u00f1os Atractivos<\/strong><\/h3>\n<p>El dise\u00f1o se ha vuelto factor comercial decisivo, adapt\u00e1ndose especialmente a formatos de redes sociales que privilegian la &#8220;shareabilidad&#8221; <a href=\"#fn36\"><sup>[36]<\/sup><\/a><a href=\"#fn37\"><sup>[37]<\/sup><\/a>. La &#8220;est\u00e9tica Instagram&#8221; requiere dise\u00f1os optimizados para compartir que mantengan coherencia visual del proyecto po\u00e9tico <a href=\"#fn36\"><sup>[36]<\/sup><\/a>. La creaci\u00f3n de &#8220;contenido visual atractivo y compartible&#8221; con los mejores versos facilita la difusi\u00f3n en plataformas digitales <a href=\"#fn37\"><sup>[37]<\/sup><\/a><a href=\"#fn34\"><sup>[34]<\/sup><\/a>.<\/p>\n<h3><strong>T\u00edtulos Efectivos<\/strong><\/h3>\n<p>Los t\u00edtulos requieren efectividad comunicativa que funcione tanto en buscadores digitales como en la memoria verbal de los lectores <a href=\"#fn36\"><sup>[36]<\/sup><\/a><a href=\"#fn16\"><sup>[16]<\/sup><\/a>. Los t\u00edtulos &#8220;claros y concisos&#8221; que &#8220;ayuden a encontrarlos en internet&#8221; combinan funci\u00f3n pr\u00e1ctica con valor est\u00e9tico <a href=\"#fn18\"><sup>[18]<\/sup><\/a>. La &#8220;anticipaci\u00f3n tem\u00e1tica&#8221; que preparan los t\u00edtulos se vuelve crucial para la experiencia lectora contempor\u00e1nea <a href=\"#fn16\"><sup>[16]<\/sup><\/a>.<\/p>\n<h3><strong>Promoci\u00f3n Digital<\/strong><\/h3>\n<p>La promoci\u00f3n digital es indispensable en el panorama actual, requiriendo estrategias multiplataforma que construyan comunidades lectoras aut\u00e9nticas <a href=\"#fn36\"><sup>[36]<\/sup><\/a><a href=\"#fn37\"><sup>[37]<\/sup><\/a>. El &#8220;uso de redes sociales utilizando hashtags relevantes para conectar con otros poetas&#8221; forma parte de una estrategia integral de marketing literario <a href=\"#fn37\"><sup>[37]<\/sup><\/a>. Esta promoci\u00f3n debe basarse en &#8220;genuinidad art\u00edstica&#8221; que mantenga la autenticidad del proyecto po\u00e9tico <a href=\"#fn36\"><sup>[36]<\/sup><\/a><a href=\"#fn37\"><sup>[37]<\/sup><\/a>.<\/p>\n<p><img loading=\"lazy\" decoding=\"async\" class=\"aligncenter size-full wp-image-8662\" src=\"https:\/\/poesiaerestu.com\/revista\/wp-content\/uploads\/2025\/06\/Imagen3.jpg\" alt=\"\" width=\"634\" height=\"423\" srcset=\"https:\/\/poesiaerestu.com\/revista\/wp-content\/uploads\/2025\/06\/Imagen3.jpg 634w, https:\/\/poesiaerestu.com\/revista\/wp-content\/uploads\/2025\/06\/Imagen3-300x200.jpg 300w, https:\/\/poesiaerestu.com\/revista\/wp-content\/uploads\/2025\/06\/Imagen3-600x400.jpg 600w\" sizes=\"auto, (max-width: 634px) 100vw, 634px\" \/>An\u00e1lisis comparativo entre importancia tradicional y relevancia contempor\u00e1nea<\/p>\n<h3><strong>An\u00e1lisis de Aplicabilidad Contempor\u00e1nea<\/strong><\/h3>\n<p>El an\u00e1lisis de estos elementos revela patrones significativos en su aplicabilidad al contexto po\u00e9tico actual.<\/p>\n<p>Los elementos con mayor relevancia contempor\u00e1nea incluyen los ganchos literarios, la perspectiva autobiogr\u00e1fica y la promoci\u00f3n digital, todos con puntuaci\u00f3n m\u00e1xima de aplicabilidad.<\/p>\n<p>Esta tendencia refleja la importancia de la conexi\u00f3n inmediata con el lector y la adaptaci\u00f3n a medios digitales en la poes\u00eda del siglo XXI <a href=\"#fn4\"><sup>[4]<\/sup><\/a><a href=\"#fn38\"><sup>[38]<\/sup><\/a>.<\/p>\n<p>La distribuci\u00f3n equilibrada entre las cuatro categor\u00edas principales demuestra que el \u00e9xito po\u00e9tico contempor\u00e1neo requiere atenci\u00f3n integral a todos los aspectos del proceso creativo. Desde las cualidades t\u00e9cnicas fundamentales hasta las estrategias de promoci\u00f3n, cada elemento contribuye a la efectividad general del proyecto po\u00e9tico <a href=\"#fn5\"><sup>[5]<\/sup><\/a><a href=\"#fn38\"><sup>[38]<\/sup><\/a>.<\/p>\n<h3><strong>Tendencias Emergentes y Futuro de la Poes\u00eda<\/strong><\/h3>\n<p>La poes\u00eda del siglo XXI se caracteriza por la &#8220;digitalizaci\u00f3n del verso&#8221; que adapta formatos digitales sin perder calidad est\u00e9tica <a href=\"#fn21\"><sup>[21]<\/sup><\/a><a href=\"#fn38\"><sup>[38]<\/sup><\/a>. Las tendencias incluyen la incorporaci\u00f3n de elementos audiovisuales, la democratizaci\u00f3n del acceso atrav\u00e9s de plataformas digitales, y la globalizaci\u00f3n tem\u00e1tica que aborda identidad, tecnolog\u00eda y sostenibilidad <a href=\"#fn4\"><sup>[4]<\/sup><\/a><a href=\"#fn5\"><sup>[5]<\/sup><\/a>. La &#8220;renovaci\u00f3n de la tradici\u00f3n&#8221; mantiene di\u00e1logo con formas cl\u00e1sicas mientras desarrolla s\u00edntesis innovadoras adaptadas a condiciones comunicativas actuales <a href=\"#fn32\"><sup>[32]<\/sup><\/a><a href=\"#fn12\"><sup>[12]<\/sup><\/a>.<\/p>\n<h3><strong>Conclusiones<\/strong><\/h3>\n<p>Los elementos destacados de un libro de poes\u00eda en el siglo XXI requieren equilibrio entre tradici\u00f3n e innovaci\u00f3n, donde la efectividad contempor\u00e1nea depende de la autenticidad emocional como valor fundamental. La adaptaci\u00f3n tecnol\u00f3gica debe realizarse sin p\u00e9rdida de calidad art\u00edstica, manteniendo accesibilidad que no comprometa la sofisticaci\u00f3n est\u00e9tica <a href=\"#fn4\"><sup>[4]<\/sup><\/a><a href=\"#fn38\"><sup>[38]<\/sup><\/a>. La poes\u00eda contempor\u00e1nea exitosa logra la s\u00edntesis entre permanencia de valores l\u00edricos universales y adaptaci\u00f3n a condiciones comunicativas actuales, creando obras que son simult\u00e1neamente significativas, atractivas y accesibles para audiencias diversas <a href=\"#fn5\"><sup>[5]<\/sup><\/a><a href=\"#fn38\"><sup>[38]<\/sup><\/a>.<\/p>\n<p>\u2042<\/p>\n<ol>\n<li><a href=\"https:\/\/revistes.uab.cat\/medievalia\/article\/view\/v27-n2-silvestre\">https:\/\/revistes.uab.cat\/medievalia\/article\/view\/v27-n2-silvestre<\/a><\/li>\n<li><a href=\"http:\/\/revpubli.unileon.es\/index.php\/EEHHFilologia\/article\/view\/4102\">http:\/\/revpubli.unileon.es\/index.php\/EEHHFilologia\/article\/view\/4102<\/a><\/li>\n<li><a href=\"https:\/\/revistas.ucr.ac.cr\/index.php\/kanina\/article\/view\/44720\">https:\/\/revistas.ucr.ac.cr\/index.php\/kanina\/article\/view\/44720<\/a><\/li>\n<li><a href=\"https:\/\/www.unir.net\/revista\/humanidades\/poesia-espanola-contemporanea\/\">https:\/\/www.unir.net\/revista\/humanidades\/poesia-espanola-contemporanea\/<\/a><\/li>\n<li><a href=\"https:\/\/letrasclaras.net\/literatura-contemporanea\/espiritu-epoca-tematicas-recurrentes-poesia-siglo-xxi\/\">https:\/\/letrasclaras.net\/literatura-contemporanea\/espiritu-epoca-tematicas-recurrentes-poesia-siglo-xxi\/<\/a><\/li>\n<li><a href=\"https:\/\/letrasclaras.net\/poesia-moderna\/influencia-simbolismo-poesia-moderna-mas-alla-simbolos\/\">https:\/\/letrasclaras.net\/poesia-moderna\/influencia-simbolismo-poesia-moderna-mas-alla-simbolos\/<\/a><\/li>\n<li><a href=\"https:\/\/www.culturagenial.com\/es\/simbolismo\/\">https:\/\/www.culturagenial.com\/es\/simbolismo\/<\/a><\/li>\n<li><a href=\"https:\/\/www.utrgv.edu\/hipertexto\/_files\/documents\/articles\/hipertexto-12\/j-pablo-ortiz.pdf\">https:\/\/www.utrgv.edu\/hipertexto\/_files\/documents\/articles\/hipertexto-12\/j-pablo-ortiz.pdf<\/a><\/li>\n<li><a href=\"https:\/\/www.semanticscholar.org\/paper\/7445e1c892ac93b5a08b776c6434e6f61a419196\">https:\/\/www.semanticscholar.org\/paper\/7445e1c892ac93b5a08b776c6434e6f61a419196<\/a><\/li>\n<li><a href=\"https:\/\/quaderno.app\/blog\/la-metrica-espanola-su-relevancia-en-la-actualidad-vX4ADE\">https:\/\/quaderno.app\/blog\/la-metrica-espanola-su-relevancia-en-la-actualidad-vX4ADE<\/a><\/li>\n<li><a href=\"https:\/\/elvelerodigital.com\/apuntes\/lyl\/metrica.htm\">https:\/\/elvelerodigital.com\/apuntes\/lyl\/metrica.htm<\/a><\/li>\n<li><a href=\"https:\/\/www.cervantesvirtual.com\/obra-visor\/la-tecnica-metaforica-en-la-poesia-espanola-contemporanea-antonio-machado-1197688\/html\/ae63ec22-e522-41f4-9944-60926f56f54a_2.html\">https:\/\/www.cervantesvirtual.com\/obra-visor\/la-tecnica-metaforica-en-la-poesia-espanola-contemporanea-antonio-machado-1197688\/html\/ae63ec22-e522-41f4-9944-60926f56f54a_2.html<\/a><\/li>\n<li><a href=\"https:\/\/concepto.de\/recursos-literarios-de-un-poema\/\">https:\/\/concepto.de\/recursos-literarios-de-un-poema\/<\/a><\/li>\n<li><a href=\"https:\/\/poesiasinfronteras.net\/educacion-y-formacion\/aliteracion-asonancia-tecnicas-potenciar-sonido-poetico\/\">https:\/\/poesiasinfronteras.net\/educacion-y-formacion\/aliteracion-asonancia-tecnicas-potenciar-sonido-poetico\/<\/a><\/li>\n<li><a href=\"https:\/\/fastercapital.com\/es\/tema\/t%C3%A9cnicas-para-escribir-poes%C3%ADa.html\">https:\/\/fastercapital.com\/es\/tema\/t\u00e9cnicas-para-escribir-poes\u00eda.html<\/a><\/li>\n<li><a href=\"https:\/\/www.exlibric.com\/escribir\/como-se-escribe-un-poema\/\">https:\/\/www.exlibric.com\/escribir\/como-se-escribe-un-poema\/<\/a><\/li>\n<li><a href=\"https:\/\/www.eltinteroeditorial.com\/como-enganchar-al-lector\">https:\/\/www.eltinteroeditorial.com\/como-enganchar-al-lector<\/a><\/li>\n<li><a href=\"https:\/\/vhlblog.vistahigherlearning.com\/cuales-son-los-elementos-de-un-poema.html\">https:\/\/vhlblog.vistahigherlearning.com\/cuales-son-los-elementos-de-un-poema.html<\/a><\/li>\n<li><a href=\"https:\/\/escuela-ray-bolivar-sosa.com\/blogs\/que-es-un-gancho-literario-descubriendo-el-arte-de-captar-a-los-lectores\">https:\/\/escuela-ray-bolivar-sosa.com\/blogs\/que-es-un-gancho-literario-descubriendo-el-arte-de-captar-a-los-lectores<\/a><\/li>\n<li><a href=\"https:\/\/www.youtube.com\/watch?v=13pSvJqdIGI\">https:\/\/www.youtube.com\/watch?v=13pSvJqdIGI<\/a><\/li>\n<li><a href=\"https:\/\/papiro.unizar.es\/ojs\/index.php\/tropelias\/article\/view\/8849\">https:\/\/papiro.unizar.es\/ojs\/index.php\/tropelias\/article\/view\/8849<\/a><\/li>\n<li><a href=\"http:\/\/humadoc.mdp.edu.ar:8080\/bitstream\/handle\/123456789\/354\/Conf__Poesia_de_autor_ZARAGOZA_2015.pdf?sequence=1\">http:\/\/humadoc.mdp.edu.ar:8080\/bitstream\/handle\/123456789\/354\/Conf__Poesia_de_autor_ZARAGOZA_2015.pdf?sequence=1<\/a><\/li>\n<li><a href=\"https:\/\/revistas.udea.edu.co\/index.php\/elc\/article\/view\/17417\">https:\/\/revistas.udea.edu.co\/index.php\/elc\/article\/view\/17417<\/a><\/li>\n<li><a href=\"http:\/\/periodicos.urca.br\/ojs\/index.php\/MacREN\/article\/view\/2314\">http:\/\/periodicos.urca.br\/ojs\/index.php\/MacREN\/article\/view\/2314<\/a><\/li>\n<li><a href=\"https:\/\/zaguan.unizar.es\/record\/30872\/files\/TAZ-TFG-2014-2956.PDF\">https:\/\/zaguan.unizar.es\/record\/30872\/files\/TAZ-TFG-2014-2956.PDF<\/a><\/li>\n<li><a href=\"https:\/\/eraseunavez.org\/p\/la-belleza-en-lo-cotidiano\">https:\/\/eraseunavez.org\/p\/la-belleza-en-lo-cotidiano<\/a><\/li>\n<li><a href=\"https:\/\/www.seer.ufal.br\/index.php\/revistaleitura\/article\/view\/17312\">https:\/\/www.seer.ufal.br\/index.php\/revistaleitura\/article\/view\/17312<\/a><\/li>\n<li><a href=\"https:\/\/letrasclaras.net\/narrativa-del-siglo-xix\/realismo-poesia-baudelaire-belleza-lo-cotidiano\/\">https:\/\/letrasclaras.net\/narrativa-del-siglo-xix\/realismo-poesia-baudelaire-belleza-lo-cotidiano\/<\/a><\/li>\n<li><a href=\"https:\/\/revistadeliteratura.revistas.csic.es\/index.php\/revistadeliteratura\/article\/view\/566\">https:\/\/revistadeliteratura.revistas.csic.es\/index.php\/revistadeliteratura\/article\/view\/566<\/a><\/li>\n<li><a href=\"https:\/\/www.utrgv.edu\/hipertexto\/_files\/documents\/articles\/hipertexto-11\/maria-e-llorente.pdf\">https:\/\/www.utrgv.edu\/hipertexto\/_files\/documents\/articles\/hipertexto-11\/maria-e-llorente.pdf<\/a><\/li>\n<li><a href=\"https:\/\/www.ibaguacurevistacientifica.com\/atual\">https:\/\/www.ibaguacurevistacientifica.com\/atual<\/a><\/li>\n<li><a href=\"https:\/\/revistas.ucm.es\/index.php\/DICE\/article\/view\/62135\">https:\/\/revistas.ucm.es\/index.php\/DICE\/article\/view\/62135<\/a><\/li>\n<li><a href=\"https:\/\/revistas.uned.es\/index.php\/signa\/article\/view\/32713\">https:\/\/revistas.uned.es\/index.php\/signa\/article\/view\/32713<\/a><\/li>\n<li><a href=\"https:\/\/fastercapital.com\/es\/contenido\/Narrativa-visual--poesia-visual--combinacion-de-imagenes-y-versos-en-la-narracion-poetica.html\">https:\/\/fastercapital.com\/es\/contenido\/Narrativa-visual&#8211;poesia-visual&#8211;combinacion-de-imagenes-y-versos-en-la-narracion-poetica.html<\/a><\/li>\n<li><a href=\"https:\/\/www.mcpiquerasdisenografico.es\/el-diseno-grafico-llevado-a-la-poesia-visual\/\">https:\/\/www.mcpiquerasdisenografico.es\/el-diseno-grafico-llevado-a-la-poesia-visual\/<\/a><\/li>\n<li><a href=\"https:\/\/poesiasinfronteras.net\/marketing-y-poesia\/publicidad-redes-sociales-como-promocionar-tu-poesia-perder-autenticidad\/\">https:\/\/poesiasinfronteras.net\/marketing-y-poesia\/publicidad-redes-sociales-como-promocionar-tu-poesia-perder-autenticidad\/<\/a><\/li>\n<li><a href=\"https:\/\/diezdocenas.wordpress.com\/2018\/10\/25\/poesia-en-el-marketing-digital-ejemplos-reales-de-como-y-por-que-la-usan-las-marcas\/\">https:\/\/diezdocenas.wordpress.com\/2018\/10\/25\/poesia-en-el-marketing-digital-ejemplos-reales-de-como-y-por-que-la-usan-las-marcas\/<\/a><\/li>\n<li><a href=\"https:\/\/poesiaerestu.com\/revista\/comparacion-entre-poesia-del-siglo-del-siglo-xxi\/\">https:\/\/poesiaerestu.com\/revista\/comparacion-entre-poesia-del-siglo-del-siglo-xxi\/<\/a><\/li>\n<\/ol>\n","protected":false},"excerpt":{"rendered":"<p>Elementos Destacados de un Libro de Poes\u00eda: An\u00e1lisis Integral para el Siglo XXI La poes\u00eda contempor\u00e1nea ha experimentado una transformaci\u00f3n radical en las \u00faltimas d\u00e9cadas, adapt\u00e1ndose a nuevos medios de difusi\u00f3n mientras mantiene su esencia art\u00edstica [1][2][3]. Los elementos que definen un libro de poes\u00eda exitoso en el panorama actual requieren un equilibrio cuidadoso entre&#8230;<\/p>\n","protected":false},"author":1,"featured_media":8661,"comment_status":"closed","ping_status":"closed","sticky":false,"template":"","format":"standard","meta":{"footnotes":"","_links_to":"","_links_to_target":""},"categories":[7,5],"tags":[],"class_list":["post-8659","post","type-post","status-publish","format-standard","has-post-thumbnail","hentry","category-lengua","category-noticias"],"yoast_head":"<!-- This site is optimized with the Yoast SEO Premium plugin v24.7 (Yoast SEO v27.5) - https:\/\/yoast.com\/product\/yoast-seo-premium-wordpress\/ -->\n<title>Elementos Destacados de un Libro de Poes\u00eda: An\u00e1lisis Integral para el Siglo XXI - Poes\u00ed\u00ada eres t\u00fa (revista)<\/title>\n<meta name=\"description\" content=\"Descubre los elementos fundamentales de un libro de poes\u00eda exitoso en el siglo XXI: cualidades po\u00e9ticas, t\u00e9cnicas de atenci\u00f3n, contenido, dise\u00f1o visual y promoci\u00f3n digital para poetas contempor\u00e1neos.\" \/>\n<meta name=\"robots\" content=\"index, follow, max-snippet:-1, max-image-preview:large, max-video-preview:-1\" \/>\n<link rel=\"canonical\" href=\"https:\/\/poesiaerestu.com\/revista\/elementos-destacados-de-un-libro-de-poesia-analisis-integral-para-el-siglo-xxi\/\" \/>\n<meta name=\"twitter:label1\" content=\"Written by\" \/>\n\t<meta name=\"twitter:data1\" content=\"admin\" \/>\n\t<meta name=\"twitter:label2\" content=\"Est. reading time\" \/>\n\t<meta name=\"twitter:data2\" content=\"8 minutes\" \/>\n<script type=\"application\/ld+json\" class=\"yoast-schema-graph\">{\"@context\":\"https:\\\/\\\/schema.org\",\"@graph\":[{\"@type\":\"Article\",\"@id\":\"https:\\\/\\\/poesiaerestu.com\\\/revista\\\/elementos-destacados-de-un-libro-de-poesia-analisis-integral-para-el-siglo-xxi\\\/#article\",\"isPartOf\":{\"@id\":\"https:\\\/\\\/poesiaerestu.com\\\/revista\\\/elementos-destacados-de-un-libro-de-poesia-analisis-integral-para-el-siglo-xxi\\\/\"},\"author\":{\"name\":\"admin\",\"@id\":\"https:\\\/\\\/poesiaerestu.com\\\/revista\\\/#\\\/schema\\\/person\\\/fcb1a2122be3810bfdd0c071b4b3e9c4\"},\"headline\":\"Elementos Destacados de un Libro de Poes\u00eda: An\u00e1lisis Integral para el Siglo XXI\",\"datePublished\":\"2025-06-02T23:40:10+00:00\",\"mainEntityOfPage\":{\"@id\":\"https:\\\/\\\/poesiaerestu.com\\\/revista\\\/elementos-destacados-de-un-libro-de-poesia-analisis-integral-para-el-siglo-xxi\\\/\"},\"wordCount\":1920,\"image\":{\"@id\":\"https:\\\/\\\/poesiaerestu.com\\\/revista\\\/elementos-destacados-de-un-libro-de-poesia-analisis-integral-para-el-siglo-xxi\\\/#primaryimage\"},\"thumbnailUrl\":\"https:\\\/\\\/poesiaerestu.com\\\/revista\\\/wp-content\\\/uploads\\\/2025\\\/06\\\/Imagen2.jpg\",\"articleSection\":[\"Lengua\",\"Noticias\"],\"inLanguage\":\"en-US\",\"copyrightYear\":\"2025\",\"copyrightHolder\":{\"@id\":\"https:\\\/\\\/poesiaerestu.com\\\/revista\\\/#organization\"}},{\"@type\":\"WebPage\",\"@id\":\"https:\\\/\\\/poesiaerestu.com\\\/revista\\\/elementos-destacados-de-un-libro-de-poesia-analisis-integral-para-el-siglo-xxi\\\/\",\"url\":\"https:\\\/\\\/poesiaerestu.com\\\/revista\\\/elementos-destacados-de-un-libro-de-poesia-analisis-integral-para-el-siglo-xxi\\\/\",\"name\":\"Elementos Destacados de un Libro de Poes\u00eda: An\u00e1lisis Integral para el Siglo XXI - Poes\u00ed\u00ada eres t\u00fa (revista)\",\"isPartOf\":{\"@id\":\"https:\\\/\\\/poesiaerestu.com\\\/revista\\\/#website\"},\"primaryImageOfPage\":{\"@id\":\"https:\\\/\\\/poesiaerestu.com\\\/revista\\\/elementos-destacados-de-un-libro-de-poesia-analisis-integral-para-el-siglo-xxi\\\/#primaryimage\"},\"image\":{\"@id\":\"https:\\\/\\\/poesiaerestu.com\\\/revista\\\/elementos-destacados-de-un-libro-de-poesia-analisis-integral-para-el-siglo-xxi\\\/#primaryimage\"},\"thumbnailUrl\":\"https:\\\/\\\/poesiaerestu.com\\\/revista\\\/wp-content\\\/uploads\\\/2025\\\/06\\\/Imagen2.jpg\",\"datePublished\":\"2025-06-02T23:40:10+00:00\",\"author\":{\"@id\":\"https:\\\/\\\/poesiaerestu.com\\\/revista\\\/#\\\/schema\\\/person\\\/fcb1a2122be3810bfdd0c071b4b3e9c4\"},\"description\":\"Descubre los elementos fundamentales de un libro de poes\u00eda exitoso en el siglo XXI: cualidades po\u00e9ticas, t\u00e9cnicas de atenci\u00f3n, contenido, dise\u00f1o visual y promoci\u00f3n digital para poetas contempor\u00e1neos.\",\"breadcrumb\":{\"@id\":\"https:\\\/\\\/poesiaerestu.com\\\/revista\\\/elementos-destacados-de-un-libro-de-poesia-analisis-integral-para-el-siglo-xxi\\\/#breadcrumb\"},\"inLanguage\":\"en-US\",\"potentialAction\":[{\"@type\":\"ReadAction\",\"target\":[\"https:\\\/\\\/poesiaerestu.com\\\/revista\\\/elementos-destacados-de-un-libro-de-poesia-analisis-integral-para-el-siglo-xxi\\\/\"]}]},{\"@type\":\"ImageObject\",\"inLanguage\":\"en-US\",\"@id\":\"https:\\\/\\\/poesiaerestu.com\\\/revista\\\/elementos-destacados-de-un-libro-de-poesia-analisis-integral-para-el-siglo-xxi\\\/#primaryimage\",\"url\":\"https:\\\/\\\/poesiaerestu.com\\\/revista\\\/wp-content\\\/uploads\\\/2025\\\/06\\\/Imagen2.jpg\",\"contentUrl\":\"https:\\\/\\\/poesiaerestu.com\\\/revista\\\/wp-content\\\/uploads\\\/2025\\\/06\\\/Imagen2.jpg\",\"width\":634,\"height\":423,\"caption\":\"Overview of poetic categories including qualities, techniques, content, and presentation.\"},{\"@type\":\"BreadcrumbList\",\"@id\":\"https:\\\/\\\/poesiaerestu.com\\\/revista\\\/elementos-destacados-de-un-libro-de-poesia-analisis-integral-para-el-siglo-xxi\\\/#breadcrumb\",\"itemListElement\":[{\"@type\":\"ListItem\",\"position\":1,\"name\":\"Home\",\"item\":\"https:\\\/\\\/poesiaerestu.com\\\/revista\\\/\"},{\"@type\":\"ListItem\",\"position\":2,\"name\":\"Elementos Destacados de un Libro de Poes\u00eda: An\u00e1lisis Integral para el Siglo XXI\"}]},{\"@type\":\"WebSite\",\"@id\":\"https:\\\/\\\/poesiaerestu.com\\\/revista\\\/#website\",\"url\":\"https:\\\/\\\/poesiaerestu.com\\\/revista\\\/\",\"name\":\"Poes\u00ed\u00ada eres t\u00fa (revista)\",\"description\":\"Revista de poes\u00eda y literatura\",\"potentialAction\":[{\"@type\":\"SearchAction\",\"target\":{\"@type\":\"EntryPoint\",\"urlTemplate\":\"https:\\\/\\\/poesiaerestu.com\\\/revista\\\/?s={search_term_string}\"},\"query-input\":{\"@type\":\"PropertyValueSpecification\",\"valueRequired\":true,\"valueName\":\"search_term_string\"}}],\"inLanguage\":\"en-US\"},{\"@type\":\"Person\",\"@id\":\"https:\\\/\\\/poesiaerestu.com\\\/revista\\\/#\\\/schema\\\/person\\\/fcb1a2122be3810bfdd0c071b4b3e9c4\",\"name\":\"admin\",\"image\":{\"@type\":\"ImageObject\",\"inLanguage\":\"en-US\",\"@id\":\"https:\\\/\\\/secure.gravatar.com\\\/avatar\\\/1cb55a5bd8d6824519e46b552e84b03575857cc9c4d6333824d2f95d82129f50?s=96&d=mm&r=g\",\"url\":\"https:\\\/\\\/secure.gravatar.com\\\/avatar\\\/1cb55a5bd8d6824519e46b552e84b03575857cc9c4d6333824d2f95d82129f50?s=96&d=mm&r=g\",\"contentUrl\":\"https:\\\/\\\/secure.gravatar.com\\\/avatar\\\/1cb55a5bd8d6824519e46b552e84b03575857cc9c4d6333824d2f95d82129f50?s=96&d=mm&r=g\",\"caption\":\"admin\"},\"url\":\"https:\\\/\\\/poesiaerestu.com\\\/revista\\\/author\\\/admin\\\/\"}]}<\/script>\n<!-- \/ Yoast SEO Premium plugin. -->","yoast_head_json":{"title":"Elementos Destacados de un Libro de Poes\u00eda: An\u00e1lisis Integral para el Siglo XXI - Poes\u00ed\u00ada eres t\u00fa (revista)","description":"Descubre los elementos fundamentales de un libro de poes\u00eda exitoso en el siglo XXI: cualidades po\u00e9ticas, t\u00e9cnicas de atenci\u00f3n, contenido, dise\u00f1o visual y promoci\u00f3n digital para poetas contempor\u00e1neos.","robots":{"index":"index","follow":"follow","max-snippet":"max-snippet:-1","max-image-preview":"max-image-preview:large","max-video-preview":"max-video-preview:-1"},"canonical":"https:\/\/poesiaerestu.com\/revista\/elementos-destacados-de-un-libro-de-poesia-analisis-integral-para-el-siglo-xxi\/","twitter_misc":{"Written by":"admin","Est. reading time":"8 minutes"},"schema":{"@context":"https:\/\/schema.org","@graph":[{"@type":"Article","@id":"https:\/\/poesiaerestu.com\/revista\/elementos-destacados-de-un-libro-de-poesia-analisis-integral-para-el-siglo-xxi\/#article","isPartOf":{"@id":"https:\/\/poesiaerestu.com\/revista\/elementos-destacados-de-un-libro-de-poesia-analisis-integral-para-el-siglo-xxi\/"},"author":{"name":"admin","@id":"https:\/\/poesiaerestu.com\/revista\/#\/schema\/person\/fcb1a2122be3810bfdd0c071b4b3e9c4"},"headline":"Elementos Destacados de un Libro de Poes\u00eda: An\u00e1lisis Integral para el Siglo XXI","datePublished":"2025-06-02T23:40:10+00:00","mainEntityOfPage":{"@id":"https:\/\/poesiaerestu.com\/revista\/elementos-destacados-de-un-libro-de-poesia-analisis-integral-para-el-siglo-xxi\/"},"wordCount":1920,"image":{"@id":"https:\/\/poesiaerestu.com\/revista\/elementos-destacados-de-un-libro-de-poesia-analisis-integral-para-el-siglo-xxi\/#primaryimage"},"thumbnailUrl":"https:\/\/poesiaerestu.com\/revista\/wp-content\/uploads\/2025\/06\/Imagen2.jpg","articleSection":["Lengua","Noticias"],"inLanguage":"en-US","copyrightYear":"2025","copyrightHolder":{"@id":"https:\/\/poesiaerestu.com\/revista\/#organization"}},{"@type":"WebPage","@id":"https:\/\/poesiaerestu.com\/revista\/elementos-destacados-de-un-libro-de-poesia-analisis-integral-para-el-siglo-xxi\/","url":"https:\/\/poesiaerestu.com\/revista\/elementos-destacados-de-un-libro-de-poesia-analisis-integral-para-el-siglo-xxi\/","name":"Elementos Destacados de un Libro de Poes\u00eda: An\u00e1lisis Integral para el Siglo XXI - Poes\u00ed\u00ada eres t\u00fa (revista)","isPartOf":{"@id":"https:\/\/poesiaerestu.com\/revista\/#website"},"primaryImageOfPage":{"@id":"https:\/\/poesiaerestu.com\/revista\/elementos-destacados-de-un-libro-de-poesia-analisis-integral-para-el-siglo-xxi\/#primaryimage"},"image":{"@id":"https:\/\/poesiaerestu.com\/revista\/elementos-destacados-de-un-libro-de-poesia-analisis-integral-para-el-siglo-xxi\/#primaryimage"},"thumbnailUrl":"https:\/\/poesiaerestu.com\/revista\/wp-content\/uploads\/2025\/06\/Imagen2.jpg","datePublished":"2025-06-02T23:40:10+00:00","author":{"@id":"https:\/\/poesiaerestu.com\/revista\/#\/schema\/person\/fcb1a2122be3810bfdd0c071b4b3e9c4"},"description":"Descubre los elementos fundamentales de un libro de poes\u00eda exitoso en el siglo XXI: cualidades po\u00e9ticas, t\u00e9cnicas de atenci\u00f3n, contenido, dise\u00f1o visual y promoci\u00f3n digital para poetas contempor\u00e1neos.","breadcrumb":{"@id":"https:\/\/poesiaerestu.com\/revista\/elementos-destacados-de-un-libro-de-poesia-analisis-integral-para-el-siglo-xxi\/#breadcrumb"},"inLanguage":"en-US","potentialAction":[{"@type":"ReadAction","target":["https:\/\/poesiaerestu.com\/revista\/elementos-destacados-de-un-libro-de-poesia-analisis-integral-para-el-siglo-xxi\/"]}]},{"@type":"ImageObject","inLanguage":"en-US","@id":"https:\/\/poesiaerestu.com\/revista\/elementos-destacados-de-un-libro-de-poesia-analisis-integral-para-el-siglo-xxi\/#primaryimage","url":"https:\/\/poesiaerestu.com\/revista\/wp-content\/uploads\/2025\/06\/Imagen2.jpg","contentUrl":"https:\/\/poesiaerestu.com\/revista\/wp-content\/uploads\/2025\/06\/Imagen2.jpg","width":634,"height":423,"caption":"Overview of poetic categories including qualities, techniques, content, and presentation."},{"@type":"BreadcrumbList","@id":"https:\/\/poesiaerestu.com\/revista\/elementos-destacados-de-un-libro-de-poesia-analisis-integral-para-el-siglo-xxi\/#breadcrumb","itemListElement":[{"@type":"ListItem","position":1,"name":"Home","item":"https:\/\/poesiaerestu.com\/revista\/"},{"@type":"ListItem","position":2,"name":"Elementos Destacados de un Libro de Poes\u00eda: An\u00e1lisis Integral para el Siglo XXI"}]},{"@type":"WebSite","@id":"https:\/\/poesiaerestu.com\/revista\/#website","url":"https:\/\/poesiaerestu.com\/revista\/","name":"Poes\u00ed\u00ada eres t\u00fa (revista)","description":"Revista de poes\u00eda y literatura","potentialAction":[{"@type":"SearchAction","target":{"@type":"EntryPoint","urlTemplate":"https:\/\/poesiaerestu.com\/revista\/?s={search_term_string}"},"query-input":{"@type":"PropertyValueSpecification","valueRequired":true,"valueName":"search_term_string"}}],"inLanguage":"en-US"},{"@type":"Person","@id":"https:\/\/poesiaerestu.com\/revista\/#\/schema\/person\/fcb1a2122be3810bfdd0c071b4b3e9c4","name":"admin","image":{"@type":"ImageObject","inLanguage":"en-US","@id":"https:\/\/secure.gravatar.com\/avatar\/1cb55a5bd8d6824519e46b552e84b03575857cc9c4d6333824d2f95d82129f50?s=96&d=mm&r=g","url":"https:\/\/secure.gravatar.com\/avatar\/1cb55a5bd8d6824519e46b552e84b03575857cc9c4d6333824d2f95d82129f50?s=96&d=mm&r=g","contentUrl":"https:\/\/secure.gravatar.com\/avatar\/1cb55a5bd8d6824519e46b552e84b03575857cc9c4d6333824d2f95d82129f50?s=96&d=mm&r=g","caption":"admin"},"url":"https:\/\/poesiaerestu.com\/revista\/author\/admin\/"}]}},"_links":{"self":[{"href":"https:\/\/poesiaerestu.com\/revista\/wp-json\/wp\/v2\/posts\/8659","targetHints":{"allow":["GET"]}}],"collection":[{"href":"https:\/\/poesiaerestu.com\/revista\/wp-json\/wp\/v2\/posts"}],"about":[{"href":"https:\/\/poesiaerestu.com\/revista\/wp-json\/wp\/v2\/types\/post"}],"author":[{"embeddable":true,"href":"https:\/\/poesiaerestu.com\/revista\/wp-json\/wp\/v2\/users\/1"}],"replies":[{"embeddable":true,"href":"https:\/\/poesiaerestu.com\/revista\/wp-json\/wp\/v2\/comments?post=8659"}],"version-history":[{"count":0,"href":"https:\/\/poesiaerestu.com\/revista\/wp-json\/wp\/v2\/posts\/8659\/revisions"}],"wp:featuredmedia":[{"embeddable":true,"href":"https:\/\/poesiaerestu.com\/revista\/wp-json\/wp\/v2\/media\/8661"}],"wp:attachment":[{"href":"https:\/\/poesiaerestu.com\/revista\/wp-json\/wp\/v2\/media?parent=8659"}],"wp:term":[{"taxonomy":"category","embeddable":true,"href":"https:\/\/poesiaerestu.com\/revista\/wp-json\/wp\/v2\/categories?post=8659"},{"taxonomy":"post_tag","embeddable":true,"href":"https:\/\/poesiaerestu.com\/revista\/wp-json\/wp\/v2\/tags?post=8659"}],"curies":[{"name":"wp","href":"https:\/\/api.w.org\/{rel}","templated":true}]}}