{"id":8600,"date":"2025-05-08T09:58:25","date_gmt":"2025-05-08T07:58:25","guid":{"rendered":"https:\/\/poesiaerestu.com\/revista\/?p=8600"},"modified":"2025-05-08T10:17:43","modified_gmt":"2025-05-08T08:17:43","slug":"entrevista-a-fernando-riquelme","status":"publish","type":"post","link":"https:\/\/poesiaerestu.com\/revista\/entrevista-a-fernando-riquelme\/","title":{"rendered":"Fernando Riquelme: &#8220;Me interesaba contar algo, no meras descripciones de las cosas de mi alrededor&#8221;"},"content":{"rendered":"<div id=\"ez-toc-container\" class=\"ez-toc-v2_0_82_2 counter-hierarchy ez-toc-counter ez-toc-grey ez-toc-container-direction\">\n<p class=\"ez-toc-title\" style=\"cursor:inherit\">\u00cdNDICE<\/p>\n<label for=\"ez-toc-cssicon-toggle-item-69f3c4de2427d\" class=\"ez-toc-cssicon-toggle-label\"><span class=\"\"><span class=\"eztoc-hide\" style=\"display:none;\">Toggle<\/span><span class=\"ez-toc-icon-toggle-span\"><svg style=\"fill: #81d742;color:#81d742\" xmlns=\"http:\/\/www.w3.org\/2000\/svg\" class=\"list-377408\" width=\"20px\" height=\"20px\" viewBox=\"0 0 24 24\" fill=\"none\"><path d=\"M6 6H4v2h2V6zm14 0H8v2h12V6zM4 11h2v2H4v-2zm16 0H8v2h12v-2zM4 16h2v2H4v-2zm16 0H8v2h12v-2z\" fill=\"currentColor\"><\/path><\/svg><svg style=\"fill: #81d742;color:#81d742\" class=\"arrow-unsorted-368013\" xmlns=\"http:\/\/www.w3.org\/2000\/svg\" width=\"10px\" height=\"10px\" viewBox=\"0 0 24 24\" version=\"1.2\" baseProfile=\"tiny\"><path d=\"M18.2 9.3l-6.2-6.3-6.2 6.3c-.2.2-.3.4-.3.7s.1.5.3.7c.2.2.4.3.7.3h11c.3 0 .5-.1.7-.3.2-.2.3-.5.3-.7s-.1-.5-.3-.7zM5.8 14.7l6.2 6.3 6.2-6.3c.2-.2.3-.5.3-.7s-.1-.5-.3-.7c-.2-.2-.4-.3-.7-.3h-11c-.3 0-.5.1-.7.3-.2.2-.3.5-.3.7s.1.5.3.7z\"\/><\/svg><\/span><\/span><\/label><input type=\"checkbox\"  id=\"ez-toc-cssicon-toggle-item-69f3c4de2427d\" checked aria-label=\"Toggle\" \/><nav><ul class='ez-toc-list ez-toc-list-level-1 ' ><li class='ez-toc-page-1 ez-toc-heading-level-1'><a class=\"ez-toc-link ez-toc-heading-1\" href=\"https:\/\/poesiaerestu.com\/revista\/entrevista-a-fernando-riquelme\/#Fernando_Riquelme_%E2%80%9CMe_interesaba_contar_algo_no_meras_descripciones_de_las_cosas_de_mi_alrededor%E2%80%9D\" >Fernando Riquelme: &#8220;Me interesaba contar algo, no meras descripciones de las cosas de mi alrededor&#8221;<\/a><ul class='ez-toc-list-level-2' ><li class='ez-toc-heading-level-2'><a class=\"ez-toc-link ez-toc-heading-2\" href=\"https:\/\/poesiaerestu.com\/revista\/entrevista-a-fernando-riquelme\/#Fernando_tu_libro_aborda_una_experiencia_limite_y_dolorosa_%C2%BFQue_te_impulso_a_transformar_esta_vivencia_en_poesia_y_no_en_otro_genero_literario\" >Fernando, tu libro aborda una experiencia l\u00edmite y dolorosa. \u00bfQu\u00e9 te impuls\u00f3 a transformar esta vivencia en poes\u00eda y no en otro g\u00e9nero literario?<\/a><\/li><li class='ez-toc-page-1 ez-toc-heading-level-2'><a class=\"ez-toc-link ez-toc-heading-3\" href=\"https:\/\/poesiaerestu.com\/revista\/entrevista-a-fernando-riquelme\/#%C2%BFCual_crees_que_es_el_papel_de_la_poesia_en_la_sociedad_contemporanea_%C2%BFPuede_la_poesia_ser_un_refugio_una_denuncia_una_herramienta_de_cambio\" >\u00bfCu\u00e1l crees que es el papel de la poes\u00eda en la sociedad contempor\u00e1nea? \u00bfPuede la poes\u00eda ser un refugio, una denuncia, una herramienta de cambio?<\/a><\/li><li class='ez-toc-page-1 ez-toc-heading-level-2'><a class=\"ez-toc-link ez-toc-heading-4\" href=\"https:\/\/poesiaerestu.com\/revista\/entrevista-a-fernando-riquelme\/#El_poemario_tiene_una_voz_muy_directa_y_cercana_%C2%BFComo_trabajaste_el_tono_y_la_estructura_para_que_el_lector_sintiera_esa_intimidad_y_urgencia\" >El poemario tiene una voz muy directa y cercana. \u00bfC\u00f3mo trabajaste el tono y la estructura para que el lector sintiera esa intimidad y urgencia?<\/a><\/li><li class='ez-toc-page-1 ez-toc-heading-level-2'><a class=\"ez-toc-link ez-toc-heading-5\" href=\"https:\/\/poesiaerestu.com\/revista\/entrevista-a-fernando-riquelme\/#En_la_actualidad_muchos_lectores_perciben_la_poesia_como_un_genero_dificil_o_inaccesible_%C2%BFQue_has_intentado_aportar_para_acercar_la_poesia_a_quienes_no_la_leen_habitualmente\" >En la actualidad, muchos lectores perciben la poes\u00eda como un g\u00e9nero dif\u00edcil o inaccesible. \u00bfQu\u00e9 has intentado aportar para acercar la poes\u00eda a quienes no la leen habitualmente?<\/a><\/li><li class='ez-toc-page-1 ez-toc-heading-level-2'><a class=\"ez-toc-link ez-toc-heading-6\" href=\"https:\/\/poesiaerestu.com\/revista\/entrevista-a-fernando-riquelme\/#La_obra_esta_impregnada_de_simbolismos_la_caja_de_Pandora_el_Ave_Fenix_las_cadenas%E2%80%A6_%C2%BFComo_surgieron_estas_imagenes_y_que_significado_personal_tienen_para_ti\" >La obra est\u00e1 impregnada de simbolismos (la caja de Pandora, el Ave F\u00e9nix, las cadenas\u2026). \u00bfC\u00f3mo surgieron estas im\u00e1genes y qu\u00e9 significado personal tienen para ti?<\/a><\/li><li class='ez-toc-page-1 ez-toc-heading-level-2'><a class=\"ez-toc-link ez-toc-heading-7\" href=\"https:\/\/poesiaerestu.com\/revista\/entrevista-a-fernando-riquelme\/#%C2%BFQue_autores_o_autoras_han_influido_en_tu_manera_de_entender_y_escribir_poesia_%C2%BFSientes_que_dialogas_con_alguna_tradicion_o_generacion_concreta\" >\u00bfQu\u00e9 autores o autoras han influido en tu manera de entender y escribir poes\u00eda? \u00bfSientes que dialogas con alguna tradici\u00f3n o generaci\u00f3n concreta?<\/a><\/li><li class='ez-toc-page-1 ez-toc-heading-level-2'><a class=\"ez-toc-link ez-toc-heading-8\" href=\"https:\/\/poesiaerestu.com\/revista\/entrevista-a-fernando-riquelme\/#%C2%BFComo_fue_el_proceso_emocional_de_escribir_este_libro_%C2%BFTe_ha_cambiado_como_escritor_y_como_persona\" >\u00bfC\u00f3mo fue el proceso emocional de escribir este libro? \u00bfTe ha cambiado como escritor y como persona?<\/a><\/li><li class='ez-toc-page-1 ez-toc-heading-level-2'><a class=\"ez-toc-link ez-toc-heading-9\" href=\"https:\/\/poesiaerestu.com\/revista\/entrevista-a-fernando-riquelme\/#El_poemario_aborda_la_violencia_de_genero_desde_una_perspectiva_testimonial_y_lirica_%C2%BFQue_responsabilidad_sientes_al_dar_voz_a_estas_experiencias\" >El poemario aborda la violencia de g\u00e9nero desde una perspectiva testimonial y l\u00edrica. \u00bfQu\u00e9 responsabilidad sientes al dar voz a estas experiencias?<\/a><\/li><li class='ez-toc-page-1 ez-toc-heading-level-2'><a class=\"ez-toc-link ez-toc-heading-10\" href=\"https:\/\/poesiaerestu.com\/revista\/entrevista-a-fernando-riquelme\/#%C2%BFCrees_que_la_literatura_y_en_particular_la_poesia_puede_contribuir_a_la_sanacion_individual_y_colectiva_frente_al_trauma\" >\u00bfCrees que la literatura, y en particular la poes\u00eda, puede contribuir a la sanaci\u00f3n individual y colectiva frente al trauma?<\/a><\/li><li class='ez-toc-page-1 ez-toc-heading-level-2'><a class=\"ez-toc-link ez-toc-heading-11\" href=\"https:\/\/poesiaerestu.com\/revista\/entrevista-a-fernando-riquelme\/#Has_publicado_novela_teatro_y_ahora_este_poemario_%C2%BFQue_diferencias_encuentras_en_el_proceso_creativo_de_cada_genero_y_que_te_aporta_la_poesia_que_no_encuentras_en_otros_formatos\" >Has publicado novela, teatro y ahora este poemario. \u00bfQu\u00e9 diferencias encuentras en el proceso creativo de cada g\u00e9nero y qu\u00e9 te aporta la poes\u00eda que no encuentras en otros formatos?<\/a><\/li><li class='ez-toc-page-1 ez-toc-heading-level-2'><a class=\"ez-toc-link ez-toc-heading-12\" href=\"https:\/\/poesiaerestu.com\/revista\/entrevista-a-fernando-riquelme\/#%C2%BFComo_imaginas_la_experiencia_del_lector_ante_este_libro_%C2%BFQue_te_gustaria_que_sintiera_o_pensara_al_cerrar_la_ultima_pagina\" >\u00bfC\u00f3mo imaginas la experiencia del lector ante este libro? \u00bfQu\u00e9 te gustar\u00eda que sintiera o pensara al cerrar la \u00faltima p\u00e1gina?<\/a><\/li><li class='ez-toc-page-1 ez-toc-heading-level-2'><a class=\"ez-toc-link ez-toc-heading-13\" href=\"https:\/\/poesiaerestu.com\/revista\/entrevista-a-fernando-riquelme\/#%C2%BFQue_retos_y_oportunidades_ves_actualmente_para_la_poesia_en_Espana_%C2%BFQue_te_gustaria_decirles_a_los_jovenes_poetas_y_a_quienes_se_acercan_por_primera_vez_al_genero\" >\u00bfQu\u00e9 retos y oportunidades ves actualmente para la poes\u00eda en Espa\u00f1a? \u00bfQu\u00e9 te gustar\u00eda decirles a los j\u00f3venes poetas y a quienes se acercan por primera vez al g\u00e9nero?<\/a><\/li><li class='ez-toc-page-1 ez-toc-heading-level-2'><a class=\"ez-toc-link ez-toc-heading-14\" href=\"https:\/\/poesiaerestu.com\/revista\/entrevista-a-fernando-riquelme\/#Finalmente_%C2%BFque_significa_para_ti_en_lo_personal_y_en_lo_literario_la_frase_que_da_titulo_al_libro_%E2%80%9CSi_aun_sigues_aqui_es_que_estas_viva%E2%80%9D\" >Finalmente, \u00bfqu\u00e9 significa para ti, en lo personal y en lo literario, la frase que da t\u00edtulo al libro: \u201cSi a\u00fan sigues aqu\u00ed, es que est\u00e1s viva\u201d?<\/a><\/li><\/ul><\/li><\/ul><\/nav><\/div>\n<p><strong><img loading=\"lazy\" decoding=\"async\" class=\"aligncenter size-full wp-image-8601\" src=\"https:\/\/poesiaerestu.com\/revista\/wp-content\/uploads\/2025\/05\/FichaAutor-scaled.jpg\" alt=\"\" width=\"2560\" height=\"1754\" srcset=\"https:\/\/poesiaerestu.com\/revista\/wp-content\/uploads\/2025\/05\/FichaAutor-scaled.jpg 1495w, https:\/\/poesiaerestu.com\/revista\/wp-content\/uploads\/2025\/05\/FichaAutor-scaled-300x206.jpg 300w, https:\/\/poesiaerestu.com\/revista\/wp-content\/uploads\/2025\/05\/FichaAutor-scaled-1024x702.jpg 1024w, https:\/\/poesiaerestu.com\/revista\/wp-content\/uploads\/2025\/05\/FichaAutor-scaled-600x411.jpg 600w, https:\/\/poesiaerestu.com\/revista\/wp-content\/uploads\/2025\/05\/FichaAutor-scaled-768x526.jpg 768w, https:\/\/poesiaerestu.com\/revista\/wp-content\/uploads\/2025\/05\/FichaAutor-scaled-88x60.jpg 88w\" sizes=\"auto, (max-width: 2560px) 100vw, 2560px\" \/><\/strong><\/p>\n<p>&nbsp;<\/p>\n<h1><span class=\"ez-toc-section\" id=\"Fernando_Riquelme_%E2%80%9CMe_interesaba_contar_algo_no_meras_descripciones_de_las_cosas_de_mi_alrededor%E2%80%9D\"><\/span>Fernando Riquelme: &#8220;Me interesaba contar algo, no meras descripciones de las cosas de mi alrededor&#8221;<span class=\"ez-toc-section-end\"><\/span><\/h1>\n<p class=\"my-0\">Fernando Riquelme, autor del poemario &#8220;Si a\u00fan sigues aqu\u00ed, es que est\u00e1s viva&#8221; (Ediciones Rilke, 2025), nos abre las puertas a su proceso creativo y su visi\u00f3n sobre la poes\u00eda contempor\u00e1nea. Esta obra, que aborda la experiencia de una mujer maltratada y su proceso de liberaci\u00f3n, ha sido reconocida por su fuerza emotiva y su capacidad para transmitir un mensaje de supervivencia y esperanza.<\/p>\n<p class=\"my-0\">En esta conversaci\u00f3n, el poeta barcelon\u00e9s reflexiona sobre su elecci\u00f3n del g\u00e9nero po\u00e9tico como veh\u00edculo para expresar emociones profundas, la responsabilidad de dar voz a experiencias traum\u00e1ticas y el poder transformador de la poes\u00eda en la sociedad actual. Con un lenguaje directo y cercano, Riquelme nos invita a descubrir c\u00f3mo la poes\u00eda puede ser &#8220;un arma cargada de futuro&#8221; y una herramienta para la sanaci\u00f3n individual y colectiva.<\/p>\n<p>&nbsp;<\/p>\n<ol>\n<li>\n<h2><span class=\"ez-toc-section\" id=\"Fernando_tu_libro_aborda_una_experiencia_limite_y_dolorosa_%C2%BFQue_te_impulso_a_transformar_esta_vivencia_en_poesia_y_no_en_otro_genero_literario\"><\/span><strong>Fernando, tu libro aborda una experiencia l\u00edmite y dolorosa. \u00bfQu\u00e9 te impuls\u00f3 a transformar esta vivencia en poes\u00eda y no en otro g\u00e9nero literario?<\/strong><span class=\"ez-toc-section-end\"><\/span><\/h2>\n<\/li>\n<\/ol>\n<h2><\/h2>\n<p>Quer\u00eda expresar emociones, sentimientos \u2014duda, miedo, inseguridad, angustia, determinaci\u00f3n, superaci\u00f3n\u2026\u2014, la historia en s\u00ed se sobreentiende, no se hace hincapi\u00e9 en ella, sino en lo que siente o en lo que est\u00e1 sintiendo la protagonista para superar su sufrimiento, su dolor. Me interes\u00f3 hablar m\u00e1s de t\u00fa a t\u00fa, de coraz\u00f3n a coraz\u00f3n, por eso escog\u00ed la poes\u00eda.<\/p>\n<p>&nbsp;<\/p>\n<ol start=\"2\">\n<li>\n<h2><span class=\"ez-toc-section\" id=\"%C2%BFCual_crees_que_es_el_papel_de_la_poesia_en_la_sociedad_contemporanea_%C2%BFPuede_la_poesia_ser_un_refugio_una_denuncia_una_herramienta_de_cambio\"><\/span><strong> \u00bfCu\u00e1l crees que es el papel de la poes\u00eda en la sociedad contempor\u00e1nea? \u00bfPuede la poes\u00eda ser un refugio, una denuncia, una herramienta de cambio? <\/strong><span class=\"ez-toc-section-end\"><\/span><\/h2>\n<\/li>\n<\/ol>\n<p>&nbsp;<\/p>\n<p>Yo creo, como Gabriel Celaya, que la poes\u00eda es un arma cargada de futuro y m\u00e1s ahora, en estos tiempos tan oscuros, en los que hace falta m\u00e1s que nunca la verdad. La poes\u00eda para subsistir tiene que dejar de ser neutral, una mera decoraci\u00f3n, un artilugio, para transformarse en un martillo pil\u00f3n, en una herramienta que levante nuestros corazones y nos d\u00e9 \u00e1nimo, fuerza, energ\u00eda para afrontar los retos que debemos superar cada d\u00eda. Debe ser un aliado, una compa\u00f1era, una c\u00f3mplice a nuestro lado.<\/p>\n<p>&nbsp;<\/p>\n<ol start=\"3\">\n<li>\n<h2><span class=\"ez-toc-section\" id=\"El_poemario_tiene_una_voz_muy_directa_y_cercana_%C2%BFComo_trabajaste_el_tono_y_la_estructura_para_que_el_lector_sintiera_esa_intimidad_y_urgencia\"><\/span><strong> El poemario tiene una voz muy directa y cercana. \u00bfC\u00f3mo trabajaste el tono y la estructura para que el lector sintiera esa intimidad y urgencia?<\/strong><span class=\"ez-toc-section-end\"><\/span><\/h2>\n<\/li>\n<\/ol>\n<p>&nbsp;<\/p>\n<p>Para m\u00ed era importante no utilizar un lenguaje, digamos m\u00e1s intelectual, sino un lenguaje pr\u00f3ximo, cercano, en el que tuviera importancia lo que se transmite. Intent\u00e9 no abusar de los adjetivos, no centrarme demasiado en el paisaje, en la apariencia, sino ir a lo esencial, a los sentimientos, a las emociones; sobre todo para transmitirlas, no para describirlas solamente. El esfuerzo mayor fue intentar no describir, sino transmitir, ponerme en el lugar del que recibe y no en el que cuenta la historia.<\/p>\n<p>&nbsp;<\/p>\n<ol start=\"4\">\n<li>\n<h2><span class=\"ez-toc-section\" id=\"En_la_actualidad_muchos_lectores_perciben_la_poesia_como_un_genero_dificil_o_inaccesible_%C2%BFQue_has_intentado_aportar_para_acercar_la_poesia_a_quienes_no_la_leen_habitualmente\"><\/span><strong> En la actualidad, muchos lectores perciben la poes\u00eda como un g\u00e9nero dif\u00edcil o inaccesible. \u00bfQu\u00e9 has intentado aportar para acercar la poes\u00eda a quienes no la leen habitualmente?<\/strong><span class=\"ez-toc-section-end\"><\/span><\/h2>\n<\/li>\n<\/ol>\n<p>&nbsp;<\/p>\n<p>Me interesaba contar algo, no meras descripciones de las cosas de mi alrededor. El poemario tiene una estructura profunda, un contenido, explica algo, aunque sea a trav\u00e9s de la mente, no del cuerpo, tiene una motivaci\u00f3n (que no es, en s\u00ed, explicar la historia de un maltrato, por ejemplo, sino comunicar la evoluci\u00f3n de una persona que lo ha sufrido). Es importante contar algo para que pueda interesar. Lo malo no es que la poes\u00eda sea un g\u00e9nero dif\u00edcil, lo malo es que no se cuente nada a trav\u00e9s de ella.<\/p>\n<p>&nbsp;<\/p>\n<ol start=\"5\">\n<li>\n<h2><span class=\"ez-toc-section\" id=\"La_obra_esta_impregnada_de_simbolismos_la_caja_de_Pandora_el_Ave_Fenix_las_cadenas%E2%80%A6_%C2%BFComo_surgieron_estas_imagenes_y_que_significado_personal_tienen_para_ti\"><\/span><strong> La obra est\u00e1 impregnada de simbolismos (la caja de Pandora, el Ave F\u00e9nix, las cadenas\u2026). \u00bfC\u00f3mo surgieron estas im\u00e1genes y qu\u00e9 significado personal tienen para ti?<\/strong><span class=\"ez-toc-section-end\"><\/span><\/h2>\n<\/li>\n<\/ol>\n<p>&nbsp;<\/p>\n<p>En realidad, lo que dirige mi obra es la relaci\u00f3n, a veces inestable o en desequilibrio, del individuo \u2014persona\u2014 con el colectivo, es decir, con la sociedad. En el caso concreto de este poemario, de manera subliminal enfrento a la protagonista, no s\u00f3lo con su c\u00f3nyuge maltratador, sino que hago que ese marido machista, sublime los valores patriarcales que rigen nuestra sociedad, con lo que no s\u00f3lo le ha enga\u00f1ado \u00e9l, poni\u00e9ndose una m\u00e1scara, sino que representa al inconsciente colectivo que nos enga\u00f1a a todos con unos valores hip\u00f3critas, competitivos, piramidales, mis\u00f3ginos o de explotaci\u00f3n de las personas, que nos condicionan a todos nosotros al desenvolvernos en la sociedad. El enemigo de ella, son los arquetipos que representan a los enemigos de todas. De ah\u00ed que utilice a veces el simbolismo o las im\u00e1genes que representen al colectivo o las ideas ancestrales utilizadas en literatura o en el arte que relacionan a ese individuo solo, en una sociedad que lo absorbe y lo aprisiona contra la que debe de luchar, como son la Caja de Pandora, el Ave F\u00e9nix, las cadenas, el grito de Munch, el cubo de Rubik o de una forma m\u00e1s cotidiana, las chisteras de los hombres con poder, el tambor, las trompetas, el circo el carnaval, el deber, el tren, la luna frente al mar, el baile, o la mujer y la diosa.<\/p>\n<p>&nbsp;<\/p>\n<ol start=\"6\">\n<li>\n<h2><span class=\"ez-toc-section\" id=\"%C2%BFQue_autores_o_autoras_han_influido_en_tu_manera_de_entender_y_escribir_poesia_%C2%BFSientes_que_dialogas_con_alguna_tradicion_o_generacion_concreta\"><\/span><strong> \u00bfQu\u00e9 autores o autoras han influido en tu manera de entender y escribir poes\u00eda? \u00bfSientes que dialogas con alguna tradici\u00f3n o generaci\u00f3n concreta?<\/strong><span class=\"ez-toc-section-end\"><\/span><\/h2>\n<\/li>\n<\/ol>\n<p>&nbsp;<\/p>\n<p>Me atrae mucho la poes\u00eda que cuestiona las costumbres colectivas de los individuos cuando est\u00e1n en sociedad, sobre todo las que cogen im\u00e1genes o ritos cotidianos y los elevan para expresar la idiotez humana. En ese sentido el americano Charles Bukowski es un maestro, duro, certero e inflexible. En poes\u00eda de guerra me atrae mucho Bertolt Brecht o el mismo Celaya, porque me hacen pensar en el entorno que nos rodea. Bob Dylan tiene un talento especial para combinar lo que describe con im\u00e1genes simb\u00f3licas o aleg\u00f3ricas que cortan la descripci\u00f3n, pero que, en el fondo, la ensalzan. De los poetas espa\u00f1oles los que m\u00e1s me han influido son Antonio Machado, Garc\u00eda Lorca o Gil de Biedma y por el uso de las im\u00e1genes en poes\u00eda me gustan Joan Brossa o Salvat Papasseit. Tengo una debilidad especial de siempre por el italiano Cessare Pavesse y su Lavorare Stanca. Sobre todo, me apasionan los poetas que evocan la realidad y la ti\u00f1en de emociones sobre esa misma realidad.<\/p>\n<p>&nbsp;<\/p>\n<ol start=\"7\">\n<li>\n<h2><span class=\"ez-toc-section\" id=\"%C2%BFComo_fue_el_proceso_emocional_de_escribir_este_libro_%C2%BFTe_ha_cambiado_como_escritor_y_como_persona\"><\/span><strong> \u00bfC\u00f3mo fue el proceso emocional de escribir este libro? \u00bfTe ha cambiado como escritor y como persona?<\/strong><span class=\"ez-toc-section-end\"><\/span><\/h2>\n<\/li>\n<\/ol>\n<p>&nbsp;<\/p>\n<p>Como poeta, este proyecto me ha concretado lo que he mencionado en apartados anteriores, que la poes\u00eda debe decir algo, contar algo, hacer sentir algo (m\u00e1s que vivir, hay que sentir que se vive) \u2014al menos, la poes\u00eda que me atrapa, la que intento escribir es as\u00ed\u2014. No creo que la poes\u00eda deba limitarse a describir im\u00e1genes o lugares, muy bien dicho, pero sin verdad. La imagen de un m\u00f3vil con un selfie, explicando al p\u00fablico que te est\u00e1s maquillando con tal o cual marca, ante un terremoto mortal que ha roto la tierra, no creo que sirva como poema. Desde luego, da tu versi\u00f3n personal de algo, pero es precisamente la versi\u00f3n que no interesa.<\/p>\n<p>&nbsp;<\/p>\n<p>En el tema personal, el hecho de preparar un proyecto po\u00e9tico compacto, con principio y fin, no de poemas sueltos que se van encadenando unos a otros, me ha servido para concebir los proyectos como algo vivo, entero, que crece y se acaba, pero que tienes que cuidar en su conjunto. No se puede uno conformar con genialidades sueltas, debe darse sentido al conjunto al completo.<\/p>\n<p><strong>\u00a0<\/strong><\/p>\n<ol start=\"8\">\n<li>\n<h2><span class=\"ez-toc-section\" id=\"El_poemario_aborda_la_violencia_de_genero_desde_una_perspectiva_testimonial_y_lirica_%C2%BFQue_responsabilidad_sientes_al_dar_voz_a_estas_experiencias\"><\/span><strong> El poemario aborda la violencia de g\u00e9nero desde una perspectiva testimonial y l\u00edrica. \u00bfQu\u00e9 responsabilidad sientes al dar voz a estas experiencias?<\/strong><span class=\"ez-toc-section-end\"><\/span><\/h2>\n<\/li>\n<\/ol>\n<p>&nbsp;<\/p>\n<p>Vivimos en un mundo injusto y desigual, que, en realidad, queda fuera de nuestro alcance y no podemos cambiar, salvo enfadarnos con \u00e9l o pasar. En este tipo de mundo, nuestra posici\u00f3n cuenta. De hecho, es lo \u00fanico que cuenta. No podemos hacer nada m\u00e1s que posicionarnos ante las injusticias, ante los abusos, ante la desigualdad, esa es nuestra \u00fanica actuaci\u00f3n posible en este mundo (incluso si no nos posicionamos, de hecho, esa ya es una posici\u00f3n) No podemos cambiar el mundo, pero nuestra implicaci\u00f3n en \u00e9l si que ha de ser clara, es lo \u00fanico que podemos hacer. Hag\u00e1moslo. Y, si no lo hacemos, tambi\u00e9n, de hecho, lo estamos haciendo.<\/p>\n<p>&nbsp;<\/p>\n<ol start=\"9\">\n<li>\n<h2><span class=\"ez-toc-section\" id=\"%C2%BFCrees_que_la_literatura_y_en_particular_la_poesia_puede_contribuir_a_la_sanacion_individual_y_colectiva_frente_al_trauma\"><\/span><strong> \u00bfCrees que la literatura, y en particular la poes\u00eda, puede contribuir a la sanaci\u00f3n individual y colectiva frente al trauma?<\/strong><span class=\"ez-toc-section-end\"><\/span><\/h2>\n<\/li>\n<\/ol>\n<p>&nbsp;<\/p>\n<p>Los traumas son territorios de la mente, de las emociones. Nuestra relaci\u00f3n con las emociones que sentimos, de hecho, es lo que marca nuestro \u201cyo\u201d. Hay que estar toda la vida aprendiendo, conociendo, moldeando nuestra mente, nuestro esp\u00edritu. Escoger y trabajar las motivaciones es lo que nos facilita el camino de nuestra sanaci\u00f3n, de nuestro presente y futuro. La lectura y la poes\u00eda son un puntal b\u00e1sico para reflexionar, para el conocimiento, para la autoconciencia, para ayudar a nuestra mente a escoger el camino correcto.<\/p>\n<p>&nbsp;<\/p>\n<ol start=\"10\">\n<li>\n<h2><span class=\"ez-toc-section\" id=\"Has_publicado_novela_teatro_y_ahora_este_poemario_%C2%BFQue_diferencias_encuentras_en_el_proceso_creativo_de_cada_genero_y_que_te_aporta_la_poesia_que_no_encuentras_en_otros_formatos\"><\/span><strong> Has publicado novela, teatro y ahora este poemario. \u00bfQu\u00e9 diferencias encuentras en el proceso creativo de cada g\u00e9nero y qu\u00e9 te aporta la poes\u00eda que no encuentras en otros formatos?<\/strong><span class=\"ez-toc-section-end\"><\/span><\/h2>\n<\/li>\n<\/ol>\n<p>&nbsp;<\/p>\n<p>Para m\u00ed la novela es contar una historia. El teatro es plantear un conflicto. La poes\u00eda es transmitir emociones. La poes\u00eda es una explosi\u00f3n. La novela es un r\u00edo que avanza. El teatro es una cascada que ruge sobre un lago tranquilo. Dir\u00eda que en la poes\u00eda me encuentro directamente con mi \u201cyo\u201d, cara a cara. Lo dif\u00edcil es que ese \u201cyo m\u00edo\u201d, llegue a ser el \u201cyo del otro\u201d, ah\u00ed est\u00e1 la dificultad, el riesgo, el \u00e9xito de la poes\u00eda: que mis emociones las sepa transmitir hasta el punto de que se conviertan en las emociones del otro. La novela te interesa. El teatro te posiciona. La poes\u00eda te conmueve.<\/p>\n<p>&nbsp;<\/p>\n<ol start=\"11\">\n<li>\n<h2><span class=\"ez-toc-section\" id=\"%C2%BFComo_imaginas_la_experiencia_del_lector_ante_este_libro_%C2%BFQue_te_gustaria_que_sintiera_o_pensara_al_cerrar_la_ultima_pagina\"><\/span><strong> \u00bfC\u00f3mo imaginas la experiencia del lector ante este libro? \u00bfQu\u00e9 te gustar\u00eda que sintiera o pensara al cerrar la \u00faltima p\u00e1gina?<\/strong><span class=\"ez-toc-section-end\"><\/span><\/h2>\n<\/li>\n<\/ol>\n<p>&nbsp;<\/p>\n<p>Me gustar\u00eda que el lector conectara con el poemario hasta el punto de transmitirle la fuerza de la seguridad en s\u00ed mismo. Desear\u00eda que le diera un chute de autoestima, de capacidad de reconstrucci\u00f3n, de \u00edmpetu para hacer cosas, para desarrollarse, para avanzar. No me gustar\u00eda que s\u00f3lo le gustara o no le interesara, sino que le diera un empuj\u00f3n para reafirmarse en s\u00ed, para construir proyectos, para llevarlos adelante, para disfrutar, para reconocer su pasi\u00f3n en todo lo que hace. Que sea un libro positivo, de acci\u00f3n, no s\u00f3lo contemplativo. Tal vez la frase ser\u00eda: \u201cno te rindas\u201d, pero ahora, al escribirla, \u201cno te rindas\u201d, me parece poco, porque parece un acto conformista, casi de lo anterior a la rendici\u00f3n y no, es un \u201cadelante, avanza\u201d. Que lloren ellos.<\/p>\n<p>&nbsp;<\/p>\n<ol start=\"12\">\n<li>\n<h2><span class=\"ez-toc-section\" id=\"%C2%BFQue_retos_y_oportunidades_ves_actualmente_para_la_poesia_en_Espana_%C2%BFQue_te_gustaria_decirles_a_los_jovenes_poetas_y_a_quienes_se_acercan_por_primera_vez_al_genero\"><\/span><strong> \u00bfQu\u00e9 retos y oportunidades ves actualmente para la poes\u00eda en Espa\u00f1a? \u00bfQu\u00e9 te gustar\u00eda decirles a los j\u00f3venes poetas y a quienes se acercan por primera vez al g\u00e9nero?<\/strong><span class=\"ez-toc-section-end\"><\/span><\/h2>\n<\/li>\n<\/ol>\n<p>&nbsp;<\/p>\n<p>En principio, les dir\u00eda como dijo Auden, creo, que al principio no hagan poemas de amor a alguien, que los guarden para luego. Es importante que al poeta le interese el mundo o, al menos, el mundo que le toca directamente a \u00e9l, el que siente como suyo. En ese mundo hay preocupaciones, miedos, alegr\u00edas, pasi\u00f3n, odio y amor, pero el amor visto desde dentro, desde el motor que genera ese amor, no por la persona en s\u00ed al que se dirige (que, en realidad, no es \u00e9l), sino el motor que le hace amar (que ese s\u00ed que forma parte de \u00e9l). El poeta debe descubrir el motor que le mueve en todo, el que le empuja al dolor, al sufrimiento, al placer, a la pasi\u00f3n. Debe ser consciente de que vive. Lo dicho antes: no es vivir lo que necesita el poeta, el poeta necesita sentir que vive.<\/p>\n<p>&nbsp;<\/p>\n<p>Y, desde luego, es importante que su poes\u00eda cuente algo.<\/p>\n<p>&nbsp;<\/p>\n<ol start=\"13\">\n<li>\n<h2><span class=\"ez-toc-section\" id=\"Finalmente_%C2%BFque_significa_para_ti_en_lo_personal_y_en_lo_literario_la_frase_que_da_titulo_al_libro_%E2%80%9CSi_aun_sigues_aqui_es_que_estas_viva%E2%80%9D\"><\/span><strong> Finalmente, \u00bfqu\u00e9 significa para ti, en lo personal y en lo literario, la frase que da t\u00edtulo al libro: \u201cSi a\u00fan sigues aqu\u00ed, es que est\u00e1s viva\u201d?<\/strong><span class=\"ez-toc-section-end\"><\/span><\/h2>\n<\/li>\n<\/ol>\n<p>&nbsp;<\/p>\n<p>Es una frase de optimismo, de avanzar, de darte cuenta de que est\u00e1s viva.<\/p>\n<p>&nbsp;<\/p>\n<p>Si sigues aqu\u00ed (si no te han matado), significa que est\u00e1s viva, que puedes vivir, que debes vivir por ti misma, para ti, por ti, no necesitas m\u00e1s razones.<\/p>\n","protected":false},"excerpt":{"rendered":"<p>&nbsp; Fernando Riquelme: &#8220;Me interesaba contar algo, no meras descripciones de las cosas de mi alrededor&#8221; Fernando Riquelme, autor del poemario &#8220;Si a\u00fan sigues aqu\u00ed, es que est\u00e1s viva&#8221; (Ediciones Rilke, 2025), nos abre las puertas a su proceso creativo y su visi\u00f3n sobre la poes\u00eda contempor\u00e1nea. Esta obra, que aborda la experiencia de una&#8230;<\/p>\n","protected":false},"author":1,"featured_media":8601,"comment_status":"closed","ping_status":"closed","sticky":false,"template":"","format":"standard","meta":{"footnotes":"","_links_to":"","_links_to_target":""},"categories":[4],"tags":[],"class_list":["post-8600","post","type-post","status-publish","format-standard","has-post-thumbnail","hentry","category-entrevistas"],"yoast_head":"<!-- This site is optimized with the Yoast SEO Premium plugin v24.7 (Yoast SEO v27.5) - https:\/\/yoast.com\/product\/yoast-seo-premium-wordpress\/ -->\n<title>Fernando Riquelme: &quot;Me interesaba contar algo, no meras descripciones de las cosas de mi alrededor&quot; - Poes\u00ed\u00ada eres t\u00fa (revista)<\/title>\n<meta name=\"description\" content=\"Entrevista a Fernando Riquelme autor de Si sigues ah\u00ed es que est\u00e1s viva. Publicado por Ediciones Rilke 2025.\" \/>\n<meta name=\"robots\" content=\"index, follow, max-snippet:-1, max-image-preview:large, max-video-preview:-1\" \/>\n<link rel=\"canonical\" href=\"https:\/\/poesiaerestu.com\/revista\/entrevista-a-fernando-riquelme\/\" \/>\n<meta name=\"twitter:label1\" content=\"Written by\" \/>\n\t<meta name=\"twitter:data1\" content=\"admin\" \/>\n\t<meta name=\"twitter:label2\" content=\"Est. reading time\" \/>\n\t<meta name=\"twitter:data2\" content=\"10 minutes\" \/>\n<script type=\"application\/ld+json\" class=\"yoast-schema-graph\">{\"@context\":\"https:\\\/\\\/schema.org\",\"@graph\":[{\"@type\":\"Article\",\"@id\":\"https:\\\/\\\/poesiaerestu.com\\\/revista\\\/entrevista-a-fernando-riquelme\\\/#article\",\"isPartOf\":{\"@id\":\"https:\\\/\\\/poesiaerestu.com\\\/revista\\\/entrevista-a-fernando-riquelme\\\/\"},\"author\":{\"name\":\"admin\",\"@id\":\"https:\\\/\\\/poesiaerestu.com\\\/revista\\\/#\\\/schema\\\/person\\\/fcb1a2122be3810bfdd0c071b4b3e9c4\"},\"headline\":\"Fernando Riquelme: &#8220;Me interesaba contar algo, no meras descripciones de las cosas de mi alrededor&#8221;\",\"datePublished\":\"2025-05-08T07:58:25+00:00\",\"dateModified\":\"2025-05-08T08:17:43+00:00\",\"mainEntityOfPage\":{\"@id\":\"https:\\\/\\\/poesiaerestu.com\\\/revista\\\/entrevista-a-fernando-riquelme\\\/\"},\"wordCount\":2199,\"image\":{\"@id\":\"https:\\\/\\\/poesiaerestu.com\\\/revista\\\/entrevista-a-fernando-riquelme\\\/#primaryimage\"},\"thumbnailUrl\":\"https:\\\/\\\/poesiaerestu.com\\\/revista\\\/wp-content\\\/uploads\\\/2025\\\/05\\\/FichaAutor-scaled.jpg\",\"articleSection\":[\"Entrevistas\"],\"inLanguage\":\"en-US\",\"copyrightYear\":\"2025\",\"copyrightHolder\":{\"@id\":\"https:\\\/\\\/poesiaerestu.com\\\/revista\\\/#organization\"}},{\"@type\":\"WebPage\",\"@id\":\"https:\\\/\\\/poesiaerestu.com\\\/revista\\\/entrevista-a-fernando-riquelme\\\/\",\"url\":\"https:\\\/\\\/poesiaerestu.com\\\/revista\\\/entrevista-a-fernando-riquelme\\\/\",\"name\":\"Fernando Riquelme: \\\"Me interesaba contar algo, no meras descripciones de las cosas de mi alrededor\\\" - Poes\u00ed\u00ada eres t\u00fa (revista)\",\"isPartOf\":{\"@id\":\"https:\\\/\\\/poesiaerestu.com\\\/revista\\\/#website\"},\"primaryImageOfPage\":{\"@id\":\"https:\\\/\\\/poesiaerestu.com\\\/revista\\\/entrevista-a-fernando-riquelme\\\/#primaryimage\"},\"image\":{\"@id\":\"https:\\\/\\\/poesiaerestu.com\\\/revista\\\/entrevista-a-fernando-riquelme\\\/#primaryimage\"},\"thumbnailUrl\":\"https:\\\/\\\/poesiaerestu.com\\\/revista\\\/wp-content\\\/uploads\\\/2025\\\/05\\\/FichaAutor-scaled.jpg\",\"datePublished\":\"2025-05-08T07:58:25+00:00\",\"dateModified\":\"2025-05-08T08:17:43+00:00\",\"author\":{\"@id\":\"https:\\\/\\\/poesiaerestu.com\\\/revista\\\/#\\\/schema\\\/person\\\/fcb1a2122be3810bfdd0c071b4b3e9c4\"},\"description\":\"Entrevista a Fernando Riquelme autor de Si sigues ah\u00ed es que est\u00e1s viva. Publicado por Ediciones Rilke 2025.\",\"breadcrumb\":{\"@id\":\"https:\\\/\\\/poesiaerestu.com\\\/revista\\\/entrevista-a-fernando-riquelme\\\/#breadcrumb\"},\"inLanguage\":\"en-US\",\"potentialAction\":[{\"@type\":\"ReadAction\",\"target\":[\"https:\\\/\\\/poesiaerestu.com\\\/revista\\\/entrevista-a-fernando-riquelme\\\/\"]}]},{\"@type\":\"ImageObject\",\"inLanguage\":\"en-US\",\"@id\":\"https:\\\/\\\/poesiaerestu.com\\\/revista\\\/entrevista-a-fernando-riquelme\\\/#primaryimage\",\"url\":\"https:\\\/\\\/poesiaerestu.com\\\/revista\\\/wp-content\\\/uploads\\\/2025\\\/05\\\/FichaAutor-scaled.jpg\",\"contentUrl\":\"https:\\\/\\\/poesiaerestu.com\\\/revista\\\/wp-content\\\/uploads\\\/2025\\\/05\\\/FichaAutor-scaled.jpg\",\"width\":1495,\"height\":1024,\"caption\":\"Literary poetry magazine showcasing poetic art, literature, and creative writing.\"},{\"@type\":\"BreadcrumbList\",\"@id\":\"https:\\\/\\\/poesiaerestu.com\\\/revista\\\/entrevista-a-fernando-riquelme\\\/#breadcrumb\",\"itemListElement\":[{\"@type\":\"ListItem\",\"position\":1,\"name\":\"Home\",\"item\":\"https:\\\/\\\/poesiaerestu.com\\\/revista\\\/\"},{\"@type\":\"ListItem\",\"position\":2,\"name\":\"Fernando Riquelme: &#8220;Me interesaba contar algo, no meras descripciones de las cosas de mi alrededor&#8221;\"}]},{\"@type\":\"WebSite\",\"@id\":\"https:\\\/\\\/poesiaerestu.com\\\/revista\\\/#website\",\"url\":\"https:\\\/\\\/poesiaerestu.com\\\/revista\\\/\",\"name\":\"Poes\u00ed\u00ada eres t\u00fa (revista)\",\"description\":\"Revista de poes\u00eda y literatura\",\"potentialAction\":[{\"@type\":\"SearchAction\",\"target\":{\"@type\":\"EntryPoint\",\"urlTemplate\":\"https:\\\/\\\/poesiaerestu.com\\\/revista\\\/?s={search_term_string}\"},\"query-input\":{\"@type\":\"PropertyValueSpecification\",\"valueRequired\":true,\"valueName\":\"search_term_string\"}}],\"inLanguage\":\"en-US\"},{\"@type\":\"Person\",\"@id\":\"https:\\\/\\\/poesiaerestu.com\\\/revista\\\/#\\\/schema\\\/person\\\/fcb1a2122be3810bfdd0c071b4b3e9c4\",\"name\":\"admin\",\"image\":{\"@type\":\"ImageObject\",\"inLanguage\":\"en-US\",\"@id\":\"https:\\\/\\\/secure.gravatar.com\\\/avatar\\\/1cb55a5bd8d6824519e46b552e84b03575857cc9c4d6333824d2f95d82129f50?s=96&d=mm&r=g\",\"url\":\"https:\\\/\\\/secure.gravatar.com\\\/avatar\\\/1cb55a5bd8d6824519e46b552e84b03575857cc9c4d6333824d2f95d82129f50?s=96&d=mm&r=g\",\"contentUrl\":\"https:\\\/\\\/secure.gravatar.com\\\/avatar\\\/1cb55a5bd8d6824519e46b552e84b03575857cc9c4d6333824d2f95d82129f50?s=96&d=mm&r=g\",\"caption\":\"admin\"},\"url\":\"https:\\\/\\\/poesiaerestu.com\\\/revista\\\/author\\\/admin\\\/\"}]}<\/script>\n<!-- \/ Yoast SEO Premium plugin. -->","yoast_head_json":{"title":"Fernando Riquelme: \"Me interesaba contar algo, no meras descripciones de las cosas de mi alrededor\" - Poes\u00ed\u00ada eres t\u00fa (revista)","description":"Entrevista a Fernando Riquelme autor de Si sigues ah\u00ed es que est\u00e1s viva. Publicado por Ediciones Rilke 2025.","robots":{"index":"index","follow":"follow","max-snippet":"max-snippet:-1","max-image-preview":"max-image-preview:large","max-video-preview":"max-video-preview:-1"},"canonical":"https:\/\/poesiaerestu.com\/revista\/entrevista-a-fernando-riquelme\/","twitter_misc":{"Written by":"admin","Est. reading time":"10 minutes"},"schema":{"@context":"https:\/\/schema.org","@graph":[{"@type":"Article","@id":"https:\/\/poesiaerestu.com\/revista\/entrevista-a-fernando-riquelme\/#article","isPartOf":{"@id":"https:\/\/poesiaerestu.com\/revista\/entrevista-a-fernando-riquelme\/"},"author":{"name":"admin","@id":"https:\/\/poesiaerestu.com\/revista\/#\/schema\/person\/fcb1a2122be3810bfdd0c071b4b3e9c4"},"headline":"Fernando Riquelme: &#8220;Me interesaba contar algo, no meras descripciones de las cosas de mi alrededor&#8221;","datePublished":"2025-05-08T07:58:25+00:00","dateModified":"2025-05-08T08:17:43+00:00","mainEntityOfPage":{"@id":"https:\/\/poesiaerestu.com\/revista\/entrevista-a-fernando-riquelme\/"},"wordCount":2199,"image":{"@id":"https:\/\/poesiaerestu.com\/revista\/entrevista-a-fernando-riquelme\/#primaryimage"},"thumbnailUrl":"https:\/\/poesiaerestu.com\/revista\/wp-content\/uploads\/2025\/05\/FichaAutor-scaled.jpg","articleSection":["Entrevistas"],"inLanguage":"en-US","copyrightYear":"2025","copyrightHolder":{"@id":"https:\/\/poesiaerestu.com\/revista\/#organization"}},{"@type":"WebPage","@id":"https:\/\/poesiaerestu.com\/revista\/entrevista-a-fernando-riquelme\/","url":"https:\/\/poesiaerestu.com\/revista\/entrevista-a-fernando-riquelme\/","name":"Fernando Riquelme: \"Me interesaba contar algo, no meras descripciones de las cosas de mi alrededor\" - Poes\u00ed\u00ada eres t\u00fa (revista)","isPartOf":{"@id":"https:\/\/poesiaerestu.com\/revista\/#website"},"primaryImageOfPage":{"@id":"https:\/\/poesiaerestu.com\/revista\/entrevista-a-fernando-riquelme\/#primaryimage"},"image":{"@id":"https:\/\/poesiaerestu.com\/revista\/entrevista-a-fernando-riquelme\/#primaryimage"},"thumbnailUrl":"https:\/\/poesiaerestu.com\/revista\/wp-content\/uploads\/2025\/05\/FichaAutor-scaled.jpg","datePublished":"2025-05-08T07:58:25+00:00","dateModified":"2025-05-08T08:17:43+00:00","author":{"@id":"https:\/\/poesiaerestu.com\/revista\/#\/schema\/person\/fcb1a2122be3810bfdd0c071b4b3e9c4"},"description":"Entrevista a Fernando Riquelme autor de Si sigues ah\u00ed es que est\u00e1s viva. Publicado por Ediciones Rilke 2025.","breadcrumb":{"@id":"https:\/\/poesiaerestu.com\/revista\/entrevista-a-fernando-riquelme\/#breadcrumb"},"inLanguage":"en-US","potentialAction":[{"@type":"ReadAction","target":["https:\/\/poesiaerestu.com\/revista\/entrevista-a-fernando-riquelme\/"]}]},{"@type":"ImageObject","inLanguage":"en-US","@id":"https:\/\/poesiaerestu.com\/revista\/entrevista-a-fernando-riquelme\/#primaryimage","url":"https:\/\/poesiaerestu.com\/revista\/wp-content\/uploads\/2025\/05\/FichaAutor-scaled.jpg","contentUrl":"https:\/\/poesiaerestu.com\/revista\/wp-content\/uploads\/2025\/05\/FichaAutor-scaled.jpg","width":1495,"height":1024,"caption":"Literary poetry magazine showcasing poetic art, literature, and creative writing."},{"@type":"BreadcrumbList","@id":"https:\/\/poesiaerestu.com\/revista\/entrevista-a-fernando-riquelme\/#breadcrumb","itemListElement":[{"@type":"ListItem","position":1,"name":"Home","item":"https:\/\/poesiaerestu.com\/revista\/"},{"@type":"ListItem","position":2,"name":"Fernando Riquelme: &#8220;Me interesaba contar algo, no meras descripciones de las cosas de mi alrededor&#8221;"}]},{"@type":"WebSite","@id":"https:\/\/poesiaerestu.com\/revista\/#website","url":"https:\/\/poesiaerestu.com\/revista\/","name":"Poes\u00ed\u00ada eres t\u00fa (revista)","description":"Revista de poes\u00eda y literatura","potentialAction":[{"@type":"SearchAction","target":{"@type":"EntryPoint","urlTemplate":"https:\/\/poesiaerestu.com\/revista\/?s={search_term_string}"},"query-input":{"@type":"PropertyValueSpecification","valueRequired":true,"valueName":"search_term_string"}}],"inLanguage":"en-US"},{"@type":"Person","@id":"https:\/\/poesiaerestu.com\/revista\/#\/schema\/person\/fcb1a2122be3810bfdd0c071b4b3e9c4","name":"admin","image":{"@type":"ImageObject","inLanguage":"en-US","@id":"https:\/\/secure.gravatar.com\/avatar\/1cb55a5bd8d6824519e46b552e84b03575857cc9c4d6333824d2f95d82129f50?s=96&d=mm&r=g","url":"https:\/\/secure.gravatar.com\/avatar\/1cb55a5bd8d6824519e46b552e84b03575857cc9c4d6333824d2f95d82129f50?s=96&d=mm&r=g","contentUrl":"https:\/\/secure.gravatar.com\/avatar\/1cb55a5bd8d6824519e46b552e84b03575857cc9c4d6333824d2f95d82129f50?s=96&d=mm&r=g","caption":"admin"},"url":"https:\/\/poesiaerestu.com\/revista\/author\/admin\/"}]}},"_links":{"self":[{"href":"https:\/\/poesiaerestu.com\/revista\/wp-json\/wp\/v2\/posts\/8600","targetHints":{"allow":["GET"]}}],"collection":[{"href":"https:\/\/poesiaerestu.com\/revista\/wp-json\/wp\/v2\/posts"}],"about":[{"href":"https:\/\/poesiaerestu.com\/revista\/wp-json\/wp\/v2\/types\/post"}],"author":[{"embeddable":true,"href":"https:\/\/poesiaerestu.com\/revista\/wp-json\/wp\/v2\/users\/1"}],"replies":[{"embeddable":true,"href":"https:\/\/poesiaerestu.com\/revista\/wp-json\/wp\/v2\/comments?post=8600"}],"version-history":[{"count":0,"href":"https:\/\/poesiaerestu.com\/revista\/wp-json\/wp\/v2\/posts\/8600\/revisions"}],"wp:featuredmedia":[{"embeddable":true,"href":"https:\/\/poesiaerestu.com\/revista\/wp-json\/wp\/v2\/media\/8601"}],"wp:attachment":[{"href":"https:\/\/poesiaerestu.com\/revista\/wp-json\/wp\/v2\/media?parent=8600"}],"wp:term":[{"taxonomy":"category","embeddable":true,"href":"https:\/\/poesiaerestu.com\/revista\/wp-json\/wp\/v2\/categories?post=8600"},{"taxonomy":"post_tag","embeddable":true,"href":"https:\/\/poesiaerestu.com\/revista\/wp-json\/wp\/v2\/tags?post=8600"}],"curies":[{"name":"wp","href":"https:\/\/api.w.org\/{rel}","templated":true}]}}