{"id":8597,"date":"2025-05-03T12:53:45","date_gmt":"2025-05-03T10:53:45","guid":{"rendered":"https:\/\/poesiaerestu.com\/revista\/?p=8597"},"modified":"2025-05-03T12:53:45","modified_gmt":"2025-05-03T10:53:45","slug":"xlvi-tu-independencia-es-su-fracaso-del-libro-si-aun-sigues-aqui-es-que-estas-viva","status":"publish","type":"post","link":"https:\/\/poesiaerestu.com\/revista\/xlvi-tu-independencia-es-su-fracaso-del-libro-si-aun-sigues-aqui-es-que-estas-viva\/","title":{"rendered":"XLVI Tu independencia es su fracaso del libro SI A\u00daN SIGUES AQU\u00cd, ES QUE EST\u00c1S VIVA"},"content":{"rendered":"<p><img loading=\"lazy\" decoding=\"async\" class=\"aligncenter size-full wp-image-8598\" src=\"https:\/\/poesiaerestu.com\/revista\/wp-content\/uploads\/2025\/05\/Gemini_Generated_Image_b4qjftb4qjftb4qj.jpeg\" alt=\"\" width=\"2048\" height=\"2048\" srcset=\"https:\/\/poesiaerestu.com\/revista\/wp-content\/uploads\/2025\/05\/Gemini_Generated_Image_b4qjftb4qjftb4qj.jpeg 1024w, https:\/\/poesiaerestu.com\/revista\/wp-content\/uploads\/2025\/05\/Gemini_Generated_Image_b4qjftb4qjftb4qj-150x150.jpeg 150w, https:\/\/poesiaerestu.com\/revista\/wp-content\/uploads\/2025\/05\/Gemini_Generated_Image_b4qjftb4qjftb4qj-300x300.jpeg 300w, https:\/\/poesiaerestu.com\/revista\/wp-content\/uploads\/2025\/05\/Gemini_Generated_Image_b4qjftb4qjftb4qj-600x600.jpeg 600w, https:\/\/poesiaerestu.com\/revista\/wp-content\/uploads\/2025\/05\/Gemini_Generated_Image_b4qjftb4qjftb4qj-768x768.jpeg 768w, https:\/\/poesiaerestu.com\/revista\/wp-content\/uploads\/2025\/05\/Gemini_Generated_Image_b4qjftb4qjftb4qj-60x60.jpeg 60w\" sizes=\"auto, (max-width: 2048px) 100vw, 2048px\" \/><\/p>\n<p>XLVI<\/p>\n<p>Tu independencia es su fracaso<br \/>\nTu victoria, su rabia<\/p>\n<p>El camino es tuyo,<br \/>\ns\u00f3lo temen que te des cuenta<\/p>\n<p>No regales ese camino a quien no lo merece<br \/>\nAvanza por ti misma, no esperes su ayuda<br \/>\nla de nadie<\/p>\n<p>Tienes la potencia necesaria, el car\u00e1cter para hacerlo<br \/>\nla raz\u00f3n de tu parte<br \/>\nLa luz<\/p>\n<p>S\u00f3lo te necesitas a ti para conseguirlo<\/p>\n<p>T\u00fa,<br \/>\nContigo<br \/>\nCon tu fuerza<br \/>\nTu energ\u00eda<br \/>\nTu poder<br \/>\nES SUFICIENTE<\/p>\n<p>Recon\u00f3cete en ti:<br \/>\nSi a\u00fan sigues aqu\u00ed, es que est\u00e1s viva<\/p>\n<p>Fernando Riquelme<br \/>\n<em>Si a\u00fan sigues aqu\u00ed, es que est\u00e1s viva<\/em><\/p>\n<p><strong>&nbsp;<\/strong><\/p>\n<h2>La luz irrenunciable: an\u00e1lisis de un renacimiento<\/h2>\n<p>En este poema, que cierra el libro y le da sentido, Fernando Riquelme condensa la esencia de todo el viaje: el tr\u00e1nsito de la opresi\u00f3n a la autonom\u00eda, de la herida a la dignidad. Cada verso es un pelda\u00f1o hacia la conciencia de la propia fuerza, un recordatorio de que la libertad interior no se mendiga ni se delega, sino que se conquista y se reconoce en soledad, en la intimidad de la propia voz.<\/p>\n<p>El poema late con una energ\u00eda contenida y, a la vez, expansiva. La independencia de la protagonista no es solo un acto de ruptura, sino una afirmaci\u00f3n que incomoda a quienes la rodean: \u201cTu independencia es su fracaso \/ Tu victoria, su rabia\u201d. El yo l\u00edrico se dirige a s\u00ed misma, y a todas, en una segunda persona que es espejo y abrazo, empuje y consuelo. El camino, s\u00edmbolo de la vida y de la elecci\u00f3n, se revela como un territorio propio, inalienable, que solo teme el poder ajeno cuando la protagonista no es consciente de su derecho a recorrerlo.<\/p>\n<p>Riquelme utiliza la an\u00e1fora (\u201cT\u00fa, \/ Contigo \/ Con tu fuerza \/ Tu energ\u00eda \/ Tu poder\u201d) para construir una letan\u00eda de autoafirmaci\u00f3n, una suerte de mantra que va despojando a la protagonista de las cadenas impuestas por la culpa, la dependencia o el miedo. El poema es, en s\u00ed mismo, un acto de restituci\u00f3n: la protagonista se reconoce suficiente, digna, capaz. La luz, que aparece como met\u00e1fora de la raz\u00f3n y de la esperanza, no viene de fuera, sino que brota de la propia conciencia.<\/p>\n<p>El verso final, que da t\u00edtulo al libro, resuena como un eco de supervivencia y de celebraci\u00f3n: \u201cSi a\u00fan sigues aqu\u00ed, es que est\u00e1s viva\u201d. No es un consuelo menor, sino la constataci\u00f3n de una victoria cotidiana, silenciosa y, sin embargo, inmensa. El poema, y con \u00e9l el libro, se cierra como se cierran las heridas que han aprendido a no doler: con la certeza de que la vida, pese a todo, sigue siendo posible, deseable y propia.<\/p>\n<p style=\"text-align: center;\"><a class=\"fasc-button fasc-size-xlarge fasc-type-glossy fasc-rounded-medium\" style=\"background-color: #3f494d; color: #ffffff;\" href=\"https:\/\/edicionesrilke.com\/si-aun-sigues-aqui-es-que-estas-viva-fernando-riquelme\/\">CONOCE EL LIBRO<\/a><\/p>\n","protected":false},"excerpt":{"rendered":"<p>XLVI Tu independencia es su fracaso Tu victoria, su rabia El camino es tuyo, s\u00f3lo temen que te des cuenta No regales ese camino a quien no lo merece Avanza por ti misma, no esperes su ayuda la de nadie Tienes la potencia necesaria, el car\u00e1cter para hacerlo la raz\u00f3n de tu parte La luz&#8230;<\/p>\n","protected":false},"author":1,"featured_media":8598,"comment_status":"closed","ping_status":"closed","sticky":false,"template":"","format":"standard","meta":{"footnotes":"","_links_to":"","_links_to_target":""},"categories":[3],"tags":[],"class_list":["post-8597","post","type-post","status-publish","format-standard","has-post-thumbnail","hentry","category-poesia"],"yoast_head":"<!-- This site is optimized with the Yoast SEO Premium plugin v24.7 (Yoast SEO v27.5) - https:\/\/yoast.com\/product\/yoast-seo-premium-wordpress\/ -->\n<title>XLVI Tu independencia es su fracaso del libro SI A\u00daN SIGUES AQU\u00cd, ES QUE EST\u00c1S VIVA - Poes\u00ed\u00ada eres t\u00fa (revista)<\/title>\n<meta name=\"description\" content=\"Poes\u00eda del libro SI A\u00daN SIGUES AQU\u00cd, ES QUE EST\u00c1S VIVA de Fernando Riquelme. Ed. Rilke 2025. &quot;Tu independencia es su fracaso&quot;\" \/>\n<meta name=\"robots\" content=\"index, follow, max-snippet:-1, max-image-preview:large, max-video-preview:-1\" \/>\n<link rel=\"canonical\" href=\"https:\/\/poesiaerestu.com\/revista\/xlvi-tu-independencia-es-su-fracaso-del-libro-si-aun-sigues-aqui-es-que-estas-viva\/\" \/>\n<meta name=\"twitter:label1\" content=\"Written by\" \/>\n\t<meta name=\"twitter:data1\" content=\"admin\" \/>\n\t<meta name=\"twitter:label2\" content=\"Est. reading time\" \/>\n\t<meta name=\"twitter:data2\" content=\"3 minutes\" \/>\n<script type=\"application\/ld+json\" class=\"yoast-schema-graph\">{\"@context\":\"https:\\\/\\\/schema.org\",\"@graph\":[{\"@type\":\"Article\",\"@id\":\"https:\\\/\\\/poesiaerestu.com\\\/revista\\\/xlvi-tu-independencia-es-su-fracaso-del-libro-si-aun-sigues-aqui-es-que-estas-viva\\\/#article\",\"isPartOf\":{\"@id\":\"https:\\\/\\\/poesiaerestu.com\\\/revista\\\/xlvi-tu-independencia-es-su-fracaso-del-libro-si-aun-sigues-aqui-es-que-estas-viva\\\/\"},\"author\":{\"name\":\"admin\",\"@id\":\"https:\\\/\\\/poesiaerestu.com\\\/revista\\\/#\\\/schema\\\/person\\\/fcb1a2122be3810bfdd0c071b4b3e9c4\"},\"headline\":\"XLVI Tu independencia es su fracaso del libro SI A\u00daN SIGUES AQU\u00cd, ES QUE EST\u00c1S VIVA\",\"datePublished\":\"2025-05-03T10:53:45+00:00\",\"mainEntityOfPage\":{\"@id\":\"https:\\\/\\\/poesiaerestu.com\\\/revista\\\/xlvi-tu-independencia-es-su-fracaso-del-libro-si-aun-sigues-aqui-es-que-estas-viva\\\/\"},\"wordCount\":489,\"image\":{\"@id\":\"https:\\\/\\\/poesiaerestu.com\\\/revista\\\/xlvi-tu-independencia-es-su-fracaso-del-libro-si-aun-sigues-aqui-es-que-estas-viva\\\/#primaryimage\"},\"thumbnailUrl\":\"https:\\\/\\\/poesiaerestu.com\\\/revista\\\/wp-content\\\/uploads\\\/2025\\\/05\\\/Gemini_Generated_Image_b4qjftb4qjftb4qj.jpeg\",\"articleSection\":[\"Poes\u00eda\"],\"inLanguage\":\"en-US\",\"copyrightYear\":\"2025\",\"copyrightHolder\":{\"@id\":\"https:\\\/\\\/poesiaerestu.com\\\/revista\\\/#organization\"}},{\"@type\":\"WebPage\",\"@id\":\"https:\\\/\\\/poesiaerestu.com\\\/revista\\\/xlvi-tu-independencia-es-su-fracaso-del-libro-si-aun-sigues-aqui-es-que-estas-viva\\\/\",\"url\":\"https:\\\/\\\/poesiaerestu.com\\\/revista\\\/xlvi-tu-independencia-es-su-fracaso-del-libro-si-aun-sigues-aqui-es-que-estas-viva\\\/\",\"name\":\"XLVI Tu independencia es su fracaso del libro SI A\u00daN SIGUES AQU\u00cd, ES QUE EST\u00c1S VIVA - Poes\u00ed\u00ada eres t\u00fa (revista)\",\"isPartOf\":{\"@id\":\"https:\\\/\\\/poesiaerestu.com\\\/revista\\\/#website\"},\"primaryImageOfPage\":{\"@id\":\"https:\\\/\\\/poesiaerestu.com\\\/revista\\\/xlvi-tu-independencia-es-su-fracaso-del-libro-si-aun-sigues-aqui-es-que-estas-viva\\\/#primaryimage\"},\"image\":{\"@id\":\"https:\\\/\\\/poesiaerestu.com\\\/revista\\\/xlvi-tu-independencia-es-su-fracaso-del-libro-si-aun-sigues-aqui-es-que-estas-viva\\\/#primaryimage\"},\"thumbnailUrl\":\"https:\\\/\\\/poesiaerestu.com\\\/revista\\\/wp-content\\\/uploads\\\/2025\\\/05\\\/Gemini_Generated_Image_b4qjftb4qjftb4qj.jpeg\",\"datePublished\":\"2025-05-03T10:53:45+00:00\",\"author\":{\"@id\":\"https:\\\/\\\/poesiaerestu.com\\\/revista\\\/#\\\/schema\\\/person\\\/fcb1a2122be3810bfdd0c071b4b3e9c4\"},\"description\":\"Poes\u00eda del libro SI A\u00daN SIGUES AQU\u00cd, ES QUE EST\u00c1S VIVA de Fernando Riquelme. Ed. Rilke 2025. \\\"Tu independencia es su fracaso\\\"\",\"breadcrumb\":{\"@id\":\"https:\\\/\\\/poesiaerestu.com\\\/revista\\\/xlvi-tu-independencia-es-su-fracaso-del-libro-si-aun-sigues-aqui-es-que-estas-viva\\\/#breadcrumb\"},\"inLanguage\":\"en-US\",\"potentialAction\":[{\"@type\":\"ReadAction\",\"target\":[\"https:\\\/\\\/poesiaerestu.com\\\/revista\\\/xlvi-tu-independencia-es-su-fracaso-del-libro-si-aun-sigues-aqui-es-que-estas-viva\\\/\"]}]},{\"@type\":\"ImageObject\",\"inLanguage\":\"en-US\",\"@id\":\"https:\\\/\\\/poesiaerestu.com\\\/revista\\\/xlvi-tu-independencia-es-su-fracaso-del-libro-si-aun-sigues-aqui-es-que-estas-viva\\\/#primaryimage\",\"url\":\"https:\\\/\\\/poesiaerestu.com\\\/revista\\\/wp-content\\\/uploads\\\/2025\\\/05\\\/Gemini_Generated_Image_b4qjftb4qjftb4qj.jpeg\",\"contentUrl\":\"https:\\\/\\\/poesiaerestu.com\\\/revista\\\/wp-content\\\/uploads\\\/2025\\\/05\\\/Gemini_Generated_Image_b4qjftb4qjftb4qj.jpeg\",\"width\":1024,\"height\":1024,\"caption\":\"A woman walks through a field at sunset, her silhouette outlined by the radiant sun rays breaking through dramatic clouds, evoking poetic and artistic inspiration.\"},{\"@type\":\"BreadcrumbList\",\"@id\":\"https:\\\/\\\/poesiaerestu.com\\\/revista\\\/xlvi-tu-independencia-es-su-fracaso-del-libro-si-aun-sigues-aqui-es-que-estas-viva\\\/#breadcrumb\",\"itemListElement\":[{\"@type\":\"ListItem\",\"position\":1,\"name\":\"Home\",\"item\":\"https:\\\/\\\/poesiaerestu.com\\\/revista\\\/\"},{\"@type\":\"ListItem\",\"position\":2,\"name\":\"XLVI Tu independencia es su fracaso del libro SI A\u00daN SIGUES AQU\u00cd, ES QUE EST\u00c1S VIVA\"}]},{\"@type\":\"WebSite\",\"@id\":\"https:\\\/\\\/poesiaerestu.com\\\/revista\\\/#website\",\"url\":\"https:\\\/\\\/poesiaerestu.com\\\/revista\\\/\",\"name\":\"Poes\u00ed\u00ada eres t\u00fa (revista)\",\"description\":\"Revista de poes\u00eda y literatura\",\"potentialAction\":[{\"@type\":\"SearchAction\",\"target\":{\"@type\":\"EntryPoint\",\"urlTemplate\":\"https:\\\/\\\/poesiaerestu.com\\\/revista\\\/?s={search_term_string}\"},\"query-input\":{\"@type\":\"PropertyValueSpecification\",\"valueRequired\":true,\"valueName\":\"search_term_string\"}}],\"inLanguage\":\"en-US\"},{\"@type\":\"Person\",\"@id\":\"https:\\\/\\\/poesiaerestu.com\\\/revista\\\/#\\\/schema\\\/person\\\/fcb1a2122be3810bfdd0c071b4b3e9c4\",\"name\":\"admin\",\"image\":{\"@type\":\"ImageObject\",\"inLanguage\":\"en-US\",\"@id\":\"https:\\\/\\\/secure.gravatar.com\\\/avatar\\\/1cb55a5bd8d6824519e46b552e84b03575857cc9c4d6333824d2f95d82129f50?s=96&d=mm&r=g\",\"url\":\"https:\\\/\\\/secure.gravatar.com\\\/avatar\\\/1cb55a5bd8d6824519e46b552e84b03575857cc9c4d6333824d2f95d82129f50?s=96&d=mm&r=g\",\"contentUrl\":\"https:\\\/\\\/secure.gravatar.com\\\/avatar\\\/1cb55a5bd8d6824519e46b552e84b03575857cc9c4d6333824d2f95d82129f50?s=96&d=mm&r=g\",\"caption\":\"admin\"},\"url\":\"https:\\\/\\\/poesiaerestu.com\\\/revista\\\/author\\\/admin\\\/\"}]}<\/script>\n<!-- \/ Yoast SEO Premium plugin. -->","yoast_head_json":{"title":"XLVI Tu independencia es su fracaso del libro SI A\u00daN SIGUES AQU\u00cd, ES QUE EST\u00c1S VIVA - Poes\u00ed\u00ada eres t\u00fa (revista)","description":"Poes\u00eda del libro SI A\u00daN SIGUES AQU\u00cd, ES QUE EST\u00c1S VIVA de Fernando Riquelme. Ed. Rilke 2025. \"Tu independencia es su fracaso\"","robots":{"index":"index","follow":"follow","max-snippet":"max-snippet:-1","max-image-preview":"max-image-preview:large","max-video-preview":"max-video-preview:-1"},"canonical":"https:\/\/poesiaerestu.com\/revista\/xlvi-tu-independencia-es-su-fracaso-del-libro-si-aun-sigues-aqui-es-que-estas-viva\/","twitter_misc":{"Written by":"admin","Est. reading time":"3 minutes"},"schema":{"@context":"https:\/\/schema.org","@graph":[{"@type":"Article","@id":"https:\/\/poesiaerestu.com\/revista\/xlvi-tu-independencia-es-su-fracaso-del-libro-si-aun-sigues-aqui-es-que-estas-viva\/#article","isPartOf":{"@id":"https:\/\/poesiaerestu.com\/revista\/xlvi-tu-independencia-es-su-fracaso-del-libro-si-aun-sigues-aqui-es-que-estas-viva\/"},"author":{"name":"admin","@id":"https:\/\/poesiaerestu.com\/revista\/#\/schema\/person\/fcb1a2122be3810bfdd0c071b4b3e9c4"},"headline":"XLVI Tu independencia es su fracaso del libro SI A\u00daN SIGUES AQU\u00cd, ES QUE EST\u00c1S VIVA","datePublished":"2025-05-03T10:53:45+00:00","mainEntityOfPage":{"@id":"https:\/\/poesiaerestu.com\/revista\/xlvi-tu-independencia-es-su-fracaso-del-libro-si-aun-sigues-aqui-es-que-estas-viva\/"},"wordCount":489,"image":{"@id":"https:\/\/poesiaerestu.com\/revista\/xlvi-tu-independencia-es-su-fracaso-del-libro-si-aun-sigues-aqui-es-que-estas-viva\/#primaryimage"},"thumbnailUrl":"https:\/\/poesiaerestu.com\/revista\/wp-content\/uploads\/2025\/05\/Gemini_Generated_Image_b4qjftb4qjftb4qj.jpeg","articleSection":["Poes\u00eda"],"inLanguage":"en-US","copyrightYear":"2025","copyrightHolder":{"@id":"https:\/\/poesiaerestu.com\/revista\/#organization"}},{"@type":"WebPage","@id":"https:\/\/poesiaerestu.com\/revista\/xlvi-tu-independencia-es-su-fracaso-del-libro-si-aun-sigues-aqui-es-que-estas-viva\/","url":"https:\/\/poesiaerestu.com\/revista\/xlvi-tu-independencia-es-su-fracaso-del-libro-si-aun-sigues-aqui-es-que-estas-viva\/","name":"XLVI Tu independencia es su fracaso del libro SI A\u00daN SIGUES AQU\u00cd, ES QUE EST\u00c1S VIVA - Poes\u00ed\u00ada eres t\u00fa (revista)","isPartOf":{"@id":"https:\/\/poesiaerestu.com\/revista\/#website"},"primaryImageOfPage":{"@id":"https:\/\/poesiaerestu.com\/revista\/xlvi-tu-independencia-es-su-fracaso-del-libro-si-aun-sigues-aqui-es-que-estas-viva\/#primaryimage"},"image":{"@id":"https:\/\/poesiaerestu.com\/revista\/xlvi-tu-independencia-es-su-fracaso-del-libro-si-aun-sigues-aqui-es-que-estas-viva\/#primaryimage"},"thumbnailUrl":"https:\/\/poesiaerestu.com\/revista\/wp-content\/uploads\/2025\/05\/Gemini_Generated_Image_b4qjftb4qjftb4qj.jpeg","datePublished":"2025-05-03T10:53:45+00:00","author":{"@id":"https:\/\/poesiaerestu.com\/revista\/#\/schema\/person\/fcb1a2122be3810bfdd0c071b4b3e9c4"},"description":"Poes\u00eda del libro SI A\u00daN SIGUES AQU\u00cd, ES QUE EST\u00c1S VIVA de Fernando Riquelme. Ed. Rilke 2025. \"Tu independencia es su fracaso\"","breadcrumb":{"@id":"https:\/\/poesiaerestu.com\/revista\/xlvi-tu-independencia-es-su-fracaso-del-libro-si-aun-sigues-aqui-es-que-estas-viva\/#breadcrumb"},"inLanguage":"en-US","potentialAction":[{"@type":"ReadAction","target":["https:\/\/poesiaerestu.com\/revista\/xlvi-tu-independencia-es-su-fracaso-del-libro-si-aun-sigues-aqui-es-que-estas-viva\/"]}]},{"@type":"ImageObject","inLanguage":"en-US","@id":"https:\/\/poesiaerestu.com\/revista\/xlvi-tu-independencia-es-su-fracaso-del-libro-si-aun-sigues-aqui-es-que-estas-viva\/#primaryimage","url":"https:\/\/poesiaerestu.com\/revista\/wp-content\/uploads\/2025\/05\/Gemini_Generated_Image_b4qjftb4qjftb4qj.jpeg","contentUrl":"https:\/\/poesiaerestu.com\/revista\/wp-content\/uploads\/2025\/05\/Gemini_Generated_Image_b4qjftb4qjftb4qj.jpeg","width":1024,"height":1024,"caption":"A woman walks through a field at sunset, her silhouette outlined by the radiant sun rays breaking through dramatic clouds, evoking poetic and artistic inspiration."},{"@type":"BreadcrumbList","@id":"https:\/\/poesiaerestu.com\/revista\/xlvi-tu-independencia-es-su-fracaso-del-libro-si-aun-sigues-aqui-es-que-estas-viva\/#breadcrumb","itemListElement":[{"@type":"ListItem","position":1,"name":"Home","item":"https:\/\/poesiaerestu.com\/revista\/"},{"@type":"ListItem","position":2,"name":"XLVI Tu independencia es su fracaso del libro SI A\u00daN SIGUES AQU\u00cd, ES QUE EST\u00c1S VIVA"}]},{"@type":"WebSite","@id":"https:\/\/poesiaerestu.com\/revista\/#website","url":"https:\/\/poesiaerestu.com\/revista\/","name":"Poes\u00ed\u00ada eres t\u00fa (revista)","description":"Revista de poes\u00eda y literatura","potentialAction":[{"@type":"SearchAction","target":{"@type":"EntryPoint","urlTemplate":"https:\/\/poesiaerestu.com\/revista\/?s={search_term_string}"},"query-input":{"@type":"PropertyValueSpecification","valueRequired":true,"valueName":"search_term_string"}}],"inLanguage":"en-US"},{"@type":"Person","@id":"https:\/\/poesiaerestu.com\/revista\/#\/schema\/person\/fcb1a2122be3810bfdd0c071b4b3e9c4","name":"admin","image":{"@type":"ImageObject","inLanguage":"en-US","@id":"https:\/\/secure.gravatar.com\/avatar\/1cb55a5bd8d6824519e46b552e84b03575857cc9c4d6333824d2f95d82129f50?s=96&d=mm&r=g","url":"https:\/\/secure.gravatar.com\/avatar\/1cb55a5bd8d6824519e46b552e84b03575857cc9c4d6333824d2f95d82129f50?s=96&d=mm&r=g","contentUrl":"https:\/\/secure.gravatar.com\/avatar\/1cb55a5bd8d6824519e46b552e84b03575857cc9c4d6333824d2f95d82129f50?s=96&d=mm&r=g","caption":"admin"},"url":"https:\/\/poesiaerestu.com\/revista\/author\/admin\/"}]}},"_links":{"self":[{"href":"https:\/\/poesiaerestu.com\/revista\/wp-json\/wp\/v2\/posts\/8597","targetHints":{"allow":["GET"]}}],"collection":[{"href":"https:\/\/poesiaerestu.com\/revista\/wp-json\/wp\/v2\/posts"}],"about":[{"href":"https:\/\/poesiaerestu.com\/revista\/wp-json\/wp\/v2\/types\/post"}],"author":[{"embeddable":true,"href":"https:\/\/poesiaerestu.com\/revista\/wp-json\/wp\/v2\/users\/1"}],"replies":[{"embeddable":true,"href":"https:\/\/poesiaerestu.com\/revista\/wp-json\/wp\/v2\/comments?post=8597"}],"version-history":[{"count":0,"href":"https:\/\/poesiaerestu.com\/revista\/wp-json\/wp\/v2\/posts\/8597\/revisions"}],"wp:featuredmedia":[{"embeddable":true,"href":"https:\/\/poesiaerestu.com\/revista\/wp-json\/wp\/v2\/media\/8598"}],"wp:attachment":[{"href":"https:\/\/poesiaerestu.com\/revista\/wp-json\/wp\/v2\/media?parent=8597"}],"wp:term":[{"taxonomy":"category","embeddable":true,"href":"https:\/\/poesiaerestu.com\/revista\/wp-json\/wp\/v2\/categories?post=8597"},{"taxonomy":"post_tag","embeddable":true,"href":"https:\/\/poesiaerestu.com\/revista\/wp-json\/wp\/v2\/tags?post=8597"}],"curies":[{"name":"wp","href":"https:\/\/api.w.org\/{rel}","templated":true}]}}