{"id":8590,"date":"2025-04-28T11:52:35","date_gmt":"2025-04-28T09:52:35","guid":{"rendered":"https:\/\/poesiaerestu.com\/revista\/?p=8590"},"modified":"2025-04-28T11:52:35","modified_gmt":"2025-04-28T09:52:35","slug":"los-peces-que-han-nacido-obligados-a-ser","status":"publish","type":"post","link":"https:\/\/poesiaerestu.com\/revista\/los-peces-que-han-nacido-obligados-a-ser\/","title":{"rendered":"&#8220;Los peces que han nacido obligados a ser&#8221; de Juan Manuel Leiva"},"content":{"rendered":"<p><img loading=\"lazy\" decoding=\"async\" class=\"aligncenter size-full wp-image-8591\" src=\"https:\/\/poesiaerestu.com\/revista\/wp-content\/uploads\/2025\/04\/Gemini_Generated_Image_x0m4uqx0m4uqx0m4.jpeg\" alt=\"\" width=\"2048\" height=\"2048\" srcset=\"https:\/\/poesiaerestu.com\/revista\/wp-content\/uploads\/2025\/04\/Gemini_Generated_Image_x0m4uqx0m4uqx0m4.jpeg 1024w, https:\/\/poesiaerestu.com\/revista\/wp-content\/uploads\/2025\/04\/Gemini_Generated_Image_x0m4uqx0m4uqx0m4-150x150.jpeg 150w, https:\/\/poesiaerestu.com\/revista\/wp-content\/uploads\/2025\/04\/Gemini_Generated_Image_x0m4uqx0m4uqx0m4-300x300.jpeg 300w, https:\/\/poesiaerestu.com\/revista\/wp-content\/uploads\/2025\/04\/Gemini_Generated_Image_x0m4uqx0m4uqx0m4-600x600.jpeg 600w, https:\/\/poesiaerestu.com\/revista\/wp-content\/uploads\/2025\/04\/Gemini_Generated_Image_x0m4uqx0m4uqx0m4-768x768.jpeg 768w, https:\/\/poesiaerestu.com\/revista\/wp-content\/uploads\/2025\/04\/Gemini_Generated_Image_x0m4uqx0m4uqx0m4-60x60.jpeg 60w\" sizes=\"auto, (max-width: 2048px) 100vw, 2048px\" \/><\/p>\n<p><strong>Los peces que han nacido obligados a ser<\/strong><br \/>\n<em>-dentro de una pecera-<\/em><br \/>\n<em>no son conscientes del r\u00edo<\/em><br \/>\n<em>que como un hogar seguro<\/em><br \/>\n<em>desemboca en el mar<\/em><br \/>\n<em>de la libertad de ser uno mismo.<\/em><\/p>\n<p><em>Juan Manuel Leiva, &#8220;Cambio de plano&#8221;<\/em><\/p>\n<p><strong>An\u00e1lisis:\u00a0La pecera y el mar: un viaje de pieles abandonadas<\/strong><\/p>\n<p>El poema respira en el silencio entre la jaula y el horizonte. La pecera, fr\u00e1gil y transparente, se vuelve prisi\u00f3n invisible: sus l\u00edmites son tan claros que los peces olvidan incluso la existencia del agua libre. Leiva talla aqu\u00ed una met\u00e1fora afilada sobre las identidades que heredamos sin cuestionar, esos moldes que confundimos con la vida misma. El verso &#8220;obligados a ser&#8221; golpea como un diagn\u00f3stico de \u00e9poca: \u00bfcu\u00e1ntas veces nacemos en biograf\u00edas prefabricadas, en rutinas que se disfrazan de destino?<\/p>\n<p>El r\u00edo aparece como un susurro de posibilidad, un camino l\u00edquido que los peces no imaginan. Es curioso: el agua que los rodea podr\u00eda ser la misma que fluye hacia el mar, pero la pecera la convierte en estanque. Leiva juega con la paradoja de la seguridad como c\u00e1rcel, esa comodidad que nos aleja de nuestro nombre verdadero. El mar, al final, no es un lugar geogr\u00e1fico sino un verbo:\u00a0<em>ser uno mismo<\/em>, una marea de libertad que solo llega cuando rompemos el cristal de lo establecido.<\/p>\n<p>El poeta no juzga, solo muestra. Su lenguaje -sencillo como un guijarro- esconde profundidades oce\u00e1nicas. Cada l\u00ednea es un espejo: \u00bfcu\u00e1ntas peceras habitamos sin saberlo? \u00bfQu\u00e9 r\u00edos nos esperan m\u00e1s all\u00e1 de los muros que llamamos &#8220;hogar&#8221;? La respuesta late en ese\u00a0<em>desembocar<\/em>\u00a0final, donde la identidad deja de ser un recipiente para convertirse en corriente.<\/p>\n<p><em>An\u00e1lisis escrito con tinta de mar y cristales rotos.<\/em><\/p>\n","protected":false},"excerpt":{"rendered":"<p>Los peces que han nacido obligados a ser -dentro de una pecera- no son conscientes del r\u00edo que como un hogar seguro desemboca en el mar de la libertad de ser uno mismo. Juan Manuel Leiva, &#8220;Cambio de plano&#8221; An\u00e1lisis:\u00a0La pecera y el mar: un viaje de pieles abandonadas El poema respira en el silencio&#8230;<\/p>\n","protected":false},"author":1,"featured_media":8591,"comment_status":"closed","ping_status":"closed","sticky":false,"template":"","format":"standard","meta":{"footnotes":"","_links_to":"","_links_to_target":""},"categories":[3],"tags":[],"class_list":["post-8590","post","type-post","status-publish","format-standard","has-post-thumbnail","hentry","category-poesia"],"yoast_head":"<!-- This site is optimized with the Yoast SEO Premium plugin v24.7 (Yoast SEO v27.5) - https:\/\/yoast.com\/product\/yoast-seo-premium-wordpress\/ -->\n<title>&quot;Los peces que han nacido obligados a ser&quot; de Juan Manuel Leiva - Poes\u00ed\u00ada eres t\u00fa (revista)<\/title>\n<meta name=\"description\" content=\"Descubre el poema \u201cLos peces que han nacido obligados a ser\u201d de Juan Manuel Leiva, una met\u00e1fora sobre la libertad y la b\u00fasqueda de identidad.\" \/>\n<meta name=\"robots\" content=\"index, follow, max-snippet:-1, max-image-preview:large, max-video-preview:-1\" \/>\n<link rel=\"canonical\" href=\"https:\/\/poesiaerestu.com\/revista\/los-peces-que-han-nacido-obligados-a-ser\/\" \/>\n<meta name=\"twitter:label1\" content=\"Written by\" \/>\n\t<meta name=\"twitter:data1\" content=\"admin\" \/>\n\t<meta name=\"twitter:label2\" content=\"Est. reading time\" \/>\n\t<meta name=\"twitter:data2\" content=\"2 minutes\" \/>\n<script type=\"application\/ld+json\" class=\"yoast-schema-graph\">{\"@context\":\"https:\\\/\\\/schema.org\",\"@graph\":[{\"@type\":\"Article\",\"@id\":\"https:\\\/\\\/poesiaerestu.com\\\/revista\\\/los-peces-que-han-nacido-obligados-a-ser\\\/#article\",\"isPartOf\":{\"@id\":\"https:\\\/\\\/poesiaerestu.com\\\/revista\\\/los-peces-que-han-nacido-obligados-a-ser\\\/\"},\"author\":{\"name\":\"admin\",\"@id\":\"https:\\\/\\\/poesiaerestu.com\\\/revista\\\/#\\\/schema\\\/person\\\/fcb1a2122be3810bfdd0c071b4b3e9c4\"},\"headline\":\"&#8220;Los peces que han nacido obligados a ser&#8221; de Juan Manuel Leiva\",\"datePublished\":\"2025-04-28T09:52:35+00:00\",\"mainEntityOfPage\":{\"@id\":\"https:\\\/\\\/poesiaerestu.com\\\/revista\\\/los-peces-que-han-nacido-obligados-a-ser\\\/\"},\"wordCount\":315,\"image\":{\"@id\":\"https:\\\/\\\/poesiaerestu.com\\\/revista\\\/los-peces-que-han-nacido-obligados-a-ser\\\/#primaryimage\"},\"thumbnailUrl\":\"https:\\\/\\\/poesiaerestu.com\\\/revista\\\/wp-content\\\/uploads\\\/2025\\\/04\\\/Gemini_Generated_Image_x0m4uqx0m4uqx0m4.jpeg\",\"articleSection\":[\"Poes\u00eda\"],\"inLanguage\":\"en-US\",\"copyrightYear\":\"2025\",\"copyrightHolder\":{\"@id\":\"https:\\\/\\\/poesiaerestu.com\\\/revista\\\/#organization\"}},{\"@type\":\"WebPage\",\"@id\":\"https:\\\/\\\/poesiaerestu.com\\\/revista\\\/los-peces-que-han-nacido-obligados-a-ser\\\/\",\"url\":\"https:\\\/\\\/poesiaerestu.com\\\/revista\\\/los-peces-que-han-nacido-obligados-a-ser\\\/\",\"name\":\"\\\"Los peces que han nacido obligados a ser\\\" de Juan Manuel Leiva - Poes\u00ed\u00ada eres t\u00fa (revista)\",\"isPartOf\":{\"@id\":\"https:\\\/\\\/poesiaerestu.com\\\/revista\\\/#website\"},\"primaryImageOfPage\":{\"@id\":\"https:\\\/\\\/poesiaerestu.com\\\/revista\\\/los-peces-que-han-nacido-obligados-a-ser\\\/#primaryimage\"},\"image\":{\"@id\":\"https:\\\/\\\/poesiaerestu.com\\\/revista\\\/los-peces-que-han-nacido-obligados-a-ser\\\/#primaryimage\"},\"thumbnailUrl\":\"https:\\\/\\\/poesiaerestu.com\\\/revista\\\/wp-content\\\/uploads\\\/2025\\\/04\\\/Gemini_Generated_Image_x0m4uqx0m4uqx0m4.jpeg\",\"datePublished\":\"2025-04-28T09:52:35+00:00\",\"author\":{\"@id\":\"https:\\\/\\\/poesiaerestu.com\\\/revista\\\/#\\\/schema\\\/person\\\/fcb1a2122be3810bfdd0c071b4b3e9c4\"},\"description\":\"Descubre el poema \u201cLos peces que han nacido obligados a ser\u201d de Juan Manuel Leiva, una met\u00e1fora sobre la libertad y la b\u00fasqueda de identidad.\",\"breadcrumb\":{\"@id\":\"https:\\\/\\\/poesiaerestu.com\\\/revista\\\/los-peces-que-han-nacido-obligados-a-ser\\\/#breadcrumb\"},\"inLanguage\":\"en-US\",\"potentialAction\":[{\"@type\":\"ReadAction\",\"target\":[\"https:\\\/\\\/poesiaerestu.com\\\/revista\\\/los-peces-que-han-nacido-obligados-a-ser\\\/\"]}]},{\"@type\":\"ImageObject\",\"inLanguage\":\"en-US\",\"@id\":\"https:\\\/\\\/poesiaerestu.com\\\/revista\\\/los-peces-que-han-nacido-obligados-a-ser\\\/#primaryimage\",\"url\":\"https:\\\/\\\/poesiaerestu.com\\\/revista\\\/wp-content\\\/uploads\\\/2025\\\/04\\\/Gemini_Generated_Image_x0m4uqx0m4uqx0m4.jpeg\",\"contentUrl\":\"https:\\\/\\\/poesiaerestu.com\\\/revista\\\/wp-content\\\/uploads\\\/2025\\\/04\\\/Gemini_Generated_Image_x0m4uqx0m4uqx0m4.jpeg\",\"width\":1024,\"height\":1024,\"caption\":\"Colorful goldfish swimming in a clear glass bowl near river at sunset, highlighting themes of poetry and nature.\"},{\"@type\":\"BreadcrumbList\",\"@id\":\"https:\\\/\\\/poesiaerestu.com\\\/revista\\\/los-peces-que-han-nacido-obligados-a-ser\\\/#breadcrumb\",\"itemListElement\":[{\"@type\":\"ListItem\",\"position\":1,\"name\":\"Home\",\"item\":\"https:\\\/\\\/poesiaerestu.com\\\/revista\\\/\"},{\"@type\":\"ListItem\",\"position\":2,\"name\":\"&#8220;Los peces que han nacido obligados a ser&#8221; de Juan Manuel Leiva\"}]},{\"@type\":\"WebSite\",\"@id\":\"https:\\\/\\\/poesiaerestu.com\\\/revista\\\/#website\",\"url\":\"https:\\\/\\\/poesiaerestu.com\\\/revista\\\/\",\"name\":\"Poes\u00ed\u00ada eres t\u00fa (revista)\",\"description\":\"Revista de poes\u00eda y literatura\",\"potentialAction\":[{\"@type\":\"SearchAction\",\"target\":{\"@type\":\"EntryPoint\",\"urlTemplate\":\"https:\\\/\\\/poesiaerestu.com\\\/revista\\\/?s={search_term_string}\"},\"query-input\":{\"@type\":\"PropertyValueSpecification\",\"valueRequired\":true,\"valueName\":\"search_term_string\"}}],\"inLanguage\":\"en-US\"},{\"@type\":\"Person\",\"@id\":\"https:\\\/\\\/poesiaerestu.com\\\/revista\\\/#\\\/schema\\\/person\\\/fcb1a2122be3810bfdd0c071b4b3e9c4\",\"name\":\"admin\",\"image\":{\"@type\":\"ImageObject\",\"inLanguage\":\"en-US\",\"@id\":\"https:\\\/\\\/secure.gravatar.com\\\/avatar\\\/1cb55a5bd8d6824519e46b552e84b03575857cc9c4d6333824d2f95d82129f50?s=96&d=mm&r=g\",\"url\":\"https:\\\/\\\/secure.gravatar.com\\\/avatar\\\/1cb55a5bd8d6824519e46b552e84b03575857cc9c4d6333824d2f95d82129f50?s=96&d=mm&r=g\",\"contentUrl\":\"https:\\\/\\\/secure.gravatar.com\\\/avatar\\\/1cb55a5bd8d6824519e46b552e84b03575857cc9c4d6333824d2f95d82129f50?s=96&d=mm&r=g\",\"caption\":\"admin\"},\"url\":\"https:\\\/\\\/poesiaerestu.com\\\/revista\\\/author\\\/admin\\\/\"}]}<\/script>\n<!-- \/ Yoast SEO Premium plugin. -->","yoast_head_json":{"title":"\"Los peces que han nacido obligados a ser\" de Juan Manuel Leiva - Poes\u00ed\u00ada eres t\u00fa (revista)","description":"Descubre el poema \u201cLos peces que han nacido obligados a ser\u201d de Juan Manuel Leiva, una met\u00e1fora sobre la libertad y la b\u00fasqueda de identidad.","robots":{"index":"index","follow":"follow","max-snippet":"max-snippet:-1","max-image-preview":"max-image-preview:large","max-video-preview":"max-video-preview:-1"},"canonical":"https:\/\/poesiaerestu.com\/revista\/los-peces-que-han-nacido-obligados-a-ser\/","twitter_misc":{"Written by":"admin","Est. reading time":"2 minutes"},"schema":{"@context":"https:\/\/schema.org","@graph":[{"@type":"Article","@id":"https:\/\/poesiaerestu.com\/revista\/los-peces-que-han-nacido-obligados-a-ser\/#article","isPartOf":{"@id":"https:\/\/poesiaerestu.com\/revista\/los-peces-que-han-nacido-obligados-a-ser\/"},"author":{"name":"admin","@id":"https:\/\/poesiaerestu.com\/revista\/#\/schema\/person\/fcb1a2122be3810bfdd0c071b4b3e9c4"},"headline":"&#8220;Los peces que han nacido obligados a ser&#8221; de Juan Manuel Leiva","datePublished":"2025-04-28T09:52:35+00:00","mainEntityOfPage":{"@id":"https:\/\/poesiaerestu.com\/revista\/los-peces-que-han-nacido-obligados-a-ser\/"},"wordCount":315,"image":{"@id":"https:\/\/poesiaerestu.com\/revista\/los-peces-que-han-nacido-obligados-a-ser\/#primaryimage"},"thumbnailUrl":"https:\/\/poesiaerestu.com\/revista\/wp-content\/uploads\/2025\/04\/Gemini_Generated_Image_x0m4uqx0m4uqx0m4.jpeg","articleSection":["Poes\u00eda"],"inLanguage":"en-US","copyrightYear":"2025","copyrightHolder":{"@id":"https:\/\/poesiaerestu.com\/revista\/#organization"}},{"@type":"WebPage","@id":"https:\/\/poesiaerestu.com\/revista\/los-peces-que-han-nacido-obligados-a-ser\/","url":"https:\/\/poesiaerestu.com\/revista\/los-peces-que-han-nacido-obligados-a-ser\/","name":"\"Los peces que han nacido obligados a ser\" de Juan Manuel Leiva - Poes\u00ed\u00ada eres t\u00fa (revista)","isPartOf":{"@id":"https:\/\/poesiaerestu.com\/revista\/#website"},"primaryImageOfPage":{"@id":"https:\/\/poesiaerestu.com\/revista\/los-peces-que-han-nacido-obligados-a-ser\/#primaryimage"},"image":{"@id":"https:\/\/poesiaerestu.com\/revista\/los-peces-que-han-nacido-obligados-a-ser\/#primaryimage"},"thumbnailUrl":"https:\/\/poesiaerestu.com\/revista\/wp-content\/uploads\/2025\/04\/Gemini_Generated_Image_x0m4uqx0m4uqx0m4.jpeg","datePublished":"2025-04-28T09:52:35+00:00","author":{"@id":"https:\/\/poesiaerestu.com\/revista\/#\/schema\/person\/fcb1a2122be3810bfdd0c071b4b3e9c4"},"description":"Descubre el poema \u201cLos peces que han nacido obligados a ser\u201d de Juan Manuel Leiva, una met\u00e1fora sobre la libertad y la b\u00fasqueda de identidad.","breadcrumb":{"@id":"https:\/\/poesiaerestu.com\/revista\/los-peces-que-han-nacido-obligados-a-ser\/#breadcrumb"},"inLanguage":"en-US","potentialAction":[{"@type":"ReadAction","target":["https:\/\/poesiaerestu.com\/revista\/los-peces-que-han-nacido-obligados-a-ser\/"]}]},{"@type":"ImageObject","inLanguage":"en-US","@id":"https:\/\/poesiaerestu.com\/revista\/los-peces-que-han-nacido-obligados-a-ser\/#primaryimage","url":"https:\/\/poesiaerestu.com\/revista\/wp-content\/uploads\/2025\/04\/Gemini_Generated_Image_x0m4uqx0m4uqx0m4.jpeg","contentUrl":"https:\/\/poesiaerestu.com\/revista\/wp-content\/uploads\/2025\/04\/Gemini_Generated_Image_x0m4uqx0m4uqx0m4.jpeg","width":1024,"height":1024,"caption":"Colorful goldfish swimming in a clear glass bowl near river at sunset, highlighting themes of poetry and nature."},{"@type":"BreadcrumbList","@id":"https:\/\/poesiaerestu.com\/revista\/los-peces-que-han-nacido-obligados-a-ser\/#breadcrumb","itemListElement":[{"@type":"ListItem","position":1,"name":"Home","item":"https:\/\/poesiaerestu.com\/revista\/"},{"@type":"ListItem","position":2,"name":"&#8220;Los peces que han nacido obligados a ser&#8221; de Juan Manuel Leiva"}]},{"@type":"WebSite","@id":"https:\/\/poesiaerestu.com\/revista\/#website","url":"https:\/\/poesiaerestu.com\/revista\/","name":"Poes\u00ed\u00ada eres t\u00fa (revista)","description":"Revista de poes\u00eda y literatura","potentialAction":[{"@type":"SearchAction","target":{"@type":"EntryPoint","urlTemplate":"https:\/\/poesiaerestu.com\/revista\/?s={search_term_string}"},"query-input":{"@type":"PropertyValueSpecification","valueRequired":true,"valueName":"search_term_string"}}],"inLanguage":"en-US"},{"@type":"Person","@id":"https:\/\/poesiaerestu.com\/revista\/#\/schema\/person\/fcb1a2122be3810bfdd0c071b4b3e9c4","name":"admin","image":{"@type":"ImageObject","inLanguage":"en-US","@id":"https:\/\/secure.gravatar.com\/avatar\/1cb55a5bd8d6824519e46b552e84b03575857cc9c4d6333824d2f95d82129f50?s=96&d=mm&r=g","url":"https:\/\/secure.gravatar.com\/avatar\/1cb55a5bd8d6824519e46b552e84b03575857cc9c4d6333824d2f95d82129f50?s=96&d=mm&r=g","contentUrl":"https:\/\/secure.gravatar.com\/avatar\/1cb55a5bd8d6824519e46b552e84b03575857cc9c4d6333824d2f95d82129f50?s=96&d=mm&r=g","caption":"admin"},"url":"https:\/\/poesiaerestu.com\/revista\/author\/admin\/"}]}},"_links":{"self":[{"href":"https:\/\/poesiaerestu.com\/revista\/wp-json\/wp\/v2\/posts\/8590","targetHints":{"allow":["GET"]}}],"collection":[{"href":"https:\/\/poesiaerestu.com\/revista\/wp-json\/wp\/v2\/posts"}],"about":[{"href":"https:\/\/poesiaerestu.com\/revista\/wp-json\/wp\/v2\/types\/post"}],"author":[{"embeddable":true,"href":"https:\/\/poesiaerestu.com\/revista\/wp-json\/wp\/v2\/users\/1"}],"replies":[{"embeddable":true,"href":"https:\/\/poesiaerestu.com\/revista\/wp-json\/wp\/v2\/comments?post=8590"}],"version-history":[{"count":0,"href":"https:\/\/poesiaerestu.com\/revista\/wp-json\/wp\/v2\/posts\/8590\/revisions"}],"wp:featuredmedia":[{"embeddable":true,"href":"https:\/\/poesiaerestu.com\/revista\/wp-json\/wp\/v2\/media\/8591"}],"wp:attachment":[{"href":"https:\/\/poesiaerestu.com\/revista\/wp-json\/wp\/v2\/media?parent=8590"}],"wp:term":[{"taxonomy":"category","embeddable":true,"href":"https:\/\/poesiaerestu.com\/revista\/wp-json\/wp\/v2\/categories?post=8590"},{"taxonomy":"post_tag","embeddable":true,"href":"https:\/\/poesiaerestu.com\/revista\/wp-json\/wp\/v2\/tags?post=8590"}],"curies":[{"name":"wp","href":"https:\/\/api.w.org\/{rel}","templated":true}]}}