{"id":8551,"date":"2025-04-06T11:11:40","date_gmt":"2025-04-06T09:11:40","guid":{"rendered":"https:\/\/poesiaerestu.com\/revista\/?p=8551"},"modified":"2025-04-06T11:11:40","modified_gmt":"2025-04-06T09:11:40","slug":"manzana-dorada-y-celeste-llama-de-el-jardin-de-las-hesperides-guillem-rojo-i-gallego","status":"publish","type":"post","link":"https:\/\/poesiaerestu.com\/revista\/manzana-dorada-y-celeste-llama-de-el-jardin-de-las-hesperides-guillem-rojo-i-gallego\/","title":{"rendered":"&#8220;Manzana dorada&#8221; y &#8220;Celeste llama&#8221; de EL JARD\u00cdN DE LAS HESP\u00c9RIDES. GUILLEM ROJO I GALLEGO"},"content":{"rendered":"<p>&nbsp;<\/p>\n<h1><strong><img loading=\"lazy\" decoding=\"async\" class=\"aligncenter size-full wp-image-8553\" src=\"https:\/\/poesiaerestu.com\/revista\/wp-content\/uploads\/2025\/04\/Gemini_Generated_Image_zcrwigzcrwigzcrw.jpg\" alt=\"\" width=\"2048\" height=\"2048\" srcset=\"https:\/\/poesiaerestu.com\/revista\/wp-content\/uploads\/2025\/04\/Gemini_Generated_Image_zcrwigzcrwigzcrw.jpg 1024w, https:\/\/poesiaerestu.com\/revista\/wp-content\/uploads\/2025\/04\/Gemini_Generated_Image_zcrwigzcrwigzcrw-150x150.jpg 150w, https:\/\/poesiaerestu.com\/revista\/wp-content\/uploads\/2025\/04\/Gemini_Generated_Image_zcrwigzcrwigzcrw-300x300.jpg 300w, https:\/\/poesiaerestu.com\/revista\/wp-content\/uploads\/2025\/04\/Gemini_Generated_Image_zcrwigzcrwigzcrw-600x600.jpg 600w, https:\/\/poesiaerestu.com\/revista\/wp-content\/uploads\/2025\/04\/Gemini_Generated_Image_zcrwigzcrwigzcrw-768x768.jpg 768w, https:\/\/poesiaerestu.com\/revista\/wp-content\/uploads\/2025\/04\/Gemini_Generated_Image_zcrwigzcrwigzcrw-60x60.jpg 60w\" sizes=\"auto, (max-width: 2048px) 100vw, 2048px\" \/>Manzana dorada<\/strong><\/h1>\n<p>Y al convite del nacimiento, del amado de Patroclo,<br \/>\ncuyo cuerpo fue moldeado por los dioses,<br \/>\ny su valor lo proclam\u00f3 leyenda,<br \/>\nse desdijo Eris, la \u00fanica no invitada.<\/p>\n<p>Tetis con su solemnidad,<br \/>\nprocur\u00f3 por todos los medios que, su querido hijo,<br \/>\nfuera uno m\u00e1s de su propia estirpe,<br \/>\ny Peleo sigui\u00f3 los pasos sabios,<br \/>\nque le condujeron el centauro Quir\u00f3n.<\/p>\n<p>Del jard\u00edn de las Hesp\u00e9rides,<br \/>\n\u00c9ride quiso sustraer la fruta dulce pom\u00e1cea,<br \/>\ncon \u00e1ureo resplandor, que de hecho,<br \/>\nera el c\u00edtrico por excelencia,<br \/>\ntras su desdicha por la marginaci\u00f3n.<\/p>\n<p><em>Kallisti, kallisti&#8230;<\/em><\/p>\n<p>S\u00f3lo la apol\u00ednea persona podr\u00e1 saborear su jugo,<br \/>\ncompuesto de sangre del P\u00e9lida,<br \/>\ny tras siglos de historia y mitos,<br \/>\nel citro sigue rondando por el ocaso,<br \/>\nplagando de luz cobriza a las hijas del atardecer,<br \/>\nllevando consigo lo mejor del d\u00eda,<br \/>\ny mutando a la ma\u00f1ana siguiente.<\/p>\n<p>\u2014Guillem Rojo i Gallego,&nbsp;<em>El Jard\u00edn de las Hesp\u00e9rides<\/em>.<\/p>\n<p>&nbsp;<\/p>\n<p>&nbsp;<\/p>\n<h2><strong>La savia del mito en la ra\u00edz del deseo<\/strong><\/h2>\n<p>Este poema es un r\u00edo donde confluyen la ira de los dioses y la sed humana. Rojo i Gallego no solo evoca el mito de la manzana de la discordia, sino que la transforma en un c\u00edtrico ardiente, jugoso de contradicciones. La&nbsp;<em>Kallisti<\/em>&nbsp;\u2014aquella inscripci\u00f3n que desat\u00f3 guerras\u2014 aqu\u00ed ya no es objeto de vanidad, sino s\u00edmbolo de un deseo que trasciende el tiempo. La sangre de Aquiles se mezcla con el zumo \u00e1ureo, creando un brebaje donde lo eterno y lo ef\u00edmero se funden.<\/p>\n<p>El poeta baila entre versos como si tejiera una coreograf\u00eda de sombras hel\u00e9nicas: Eris, la diosa olvidada, resurge en cada s\u00edlaba con la fuerza de quien reclama su lugar en el banquete de la existencia. La fruta prohibida ya no es pecado, sino un acto de resistencia contra el olvido. \u00bfAcaso no es el amor, como este c\u00edtrico, una sustancia que quema al morderla pero ilumina el ocaso?<\/p>\n<p>En cada estrofa hay un pulso entre la carne y el mito. La luz cobriza que ti\u00f1e a las Hesp\u00e9rides no es solo el crep\u00fasculo, sino el resplandor de los cuerpos que aman, luchan y se desintegran. Rojo i Gallego nos recuerda que todo jard\u00edn tiene su serpiente, y todo deseo, su costado de sombra. La manzana dorada no es un final, sino un principio: ese instante en que la savia del mito empapa nuestra ra\u00edz m\u00e1s terrenal.<\/p>\n<h1><strong><img loading=\"lazy\" decoding=\"async\" class=\"aligncenter size-full wp-image-8554\" src=\"https:\/\/poesiaerestu.com\/revista\/wp-content\/uploads\/2025\/04\/Gemini_Generated_Image_exgze0exgze0exgz.jpg\" alt=\"\" width=\"2048\" height=\"2048\" srcset=\"https:\/\/poesiaerestu.com\/revista\/wp-content\/uploads\/2025\/04\/Gemini_Generated_Image_exgze0exgze0exgz.jpg 1024w, https:\/\/poesiaerestu.com\/revista\/wp-content\/uploads\/2025\/04\/Gemini_Generated_Image_exgze0exgze0exgz-300x300.jpg 300w, https:\/\/poesiaerestu.com\/revista\/wp-content\/uploads\/2025\/04\/Gemini_Generated_Image_exgze0exgze0exgz-150x150.jpg 150w, https:\/\/poesiaerestu.com\/revista\/wp-content\/uploads\/2025\/04\/Gemini_Generated_Image_exgze0exgze0exgz-600x600.jpg 600w, https:\/\/poesiaerestu.com\/revista\/wp-content\/uploads\/2025\/04\/Gemini_Generated_Image_exgze0exgze0exgz-768x768.jpg 768w\" sizes=\"auto, (max-width: 2048px) 100vw, 2048px\" \/><\/strong><\/h1>\n<h1><strong>Celeste llama<\/strong><\/h1>\n<p>Las Hesp\u00e9rides anuncian el final,<br \/>\naunque la ma\u00f1ana no ha llegado a tocar el cielo,<br \/>\ny el manto c\u00f3smico envuelve mis pensamientos de supremac\u00eda infinita,<br \/>\nconjugados por un beso al alba de celeste llama,<br \/>\nencendiendo tesoros del alma viva,<br \/>\noleada de hidr\u00f3geno en helio, n\u00facleo sid\u00e9reo en mi vientre.<\/p>\n<p>Cada musa recoge el primer y \u00faltimo c\u00edtrico,<br \/>\n\u00e9poca de ra\u00edces paralelas de visiones y posibilidades,<br \/>\ndando valor al fruto que, durante una temporada,<br \/>\nfue un germen \u00e1ureo,<br \/>\ndando campanadas al aire de enero matizado,<br \/>\ncon esencia de rayo soleado en invierno.<\/p>\n<p>Desplegando baldosas de tierra roja en el ocaso del ayer,<br \/>\npara emprender el viaje del habla fundida al \u00e1nima,<br \/>\nsiendo descubierto por un nuevo r\u00edo carn\u00edvoro de deseo,<br \/>\nun impulso de aproximaci\u00f3n de los cuerpos,<br \/>\nnacidos de la fascinaci\u00f3n del gemido sexual,<br \/>\nuna respuesta hecha de placer al nuevo tacto,<br \/>\njunto al esposo que se hace verdadero,<br \/>\ncuna de reconfortantes brazos donde morder y lamer,<br \/>\nsiempre en libertad de ensue\u00f1o, nuestra elevaci\u00f3n simult\u00e1nea<br \/>\nal emanamiento del jugo en el cielo de esos c\u00edtricos,<br \/>\nque las musas pensaron un d\u00eda para m\u00ed, para ti y para todos<br \/>\nofreciendo suspiro de confianza, de espuma dulce y dedos entrelazados.<\/p>\n<p><em>Guillem Rojo i Gallego, &#8220;El Jard\u00edn de las Hesp\u00e9rides&#8221;<\/em><\/p>\n<p><strong>La danza c\u00f3smica del deseo<\/strong><\/p>\n<p>Me pierdo entre los versos de &#8220;Celeste llama&#8221; como quien se deja envolver por un manto de estrellas en una noche de verano. Guillem Rojo nos regala aqu\u00ed una culminaci\u00f3n, un broche que cierra y a la vez abre todas las puertas del jard\u00edn m\u00edtico que ha creado. Las Hesp\u00e9rides, esas ninfas del ocaso, no anuncian solo un final sino un nuevo comienzo \u2014como todo atardecer promete un amanecer. El poema respira a trav\u00e9s de contrastes delicados: lo c\u00f3smico y lo \u00edntimo, lo mitol\u00f3gico y lo carnal, el pasado y el futuro que se encuentran en un presente brillante como una fruta reci\u00e9n cortada.<\/p>\n<p>Siento c\u00f3mo el poeta transmuta la astrof\u00edsica en met\u00e1fora del deseo: esa &#8220;oleada de hidr\u00f3geno en helio&#8221; que tambi\u00e9n es la transformaci\u00f3n alqu\u00edmica del encuentro amoroso. El cuerpo, ese jard\u00edn de sensaciones, se convierte en un universo entero donde los frutos dorados \u2014los c\u00edtricos que las musas recogen\u2014 son tanto los momentos de placer como la memoria y promesa de estos.<\/p>\n<p>La tierra roja (Erit\u00eda) se despliega como baldosas de un camino que conduce irremediablemente hacia el otro, hacia ese &#8220;r\u00edo carn\u00edvoro de deseo&#8221; que devora distancias y soledades. Qu\u00e9 hermoso ese momento en que el tacto se transforma en &#8220;respuesta hecha de placer&#8221;, como si el cuerpo tuviera su propio lenguaje de piel y suspiros, m\u00e1s elocuente que cualquier palabra.<\/p>\n<p>El final del poema se eleva \u2014como los amantes en su uni\u00f3n\u2014 hacia una dimensi\u00f3n universal: lo que parec\u00eda \u00edntimo se expande, y comprendemos que este jard\u00edn secreto est\u00e1 abierto para todos, que esos frutos dorados del deseo y la conexi\u00f3n est\u00e1n al alcance de cualquiera que se atreva a morder la manzana del conocimiento sensorial.<\/p>\n<p>Rojo i Gallego consigue en estos versos algo extraordinario: hacer que lo mitol\u00f3gico palpite con la urgencia de lo presente, y que lo carnal adquiera la trascendencia de lo sagrado. Un poema donde el cielo y la tierra se besan, donde las estrellas tienen sabor a c\u00edtrico, y donde los dedos entrelazados forman la constelaci\u00f3n m\u00e1s brillante del firmamento humano.<\/p>\n<p>&nbsp;<\/p>\n<p style=\"text-align: center;\"><a class=\"fasc-button fasc-size-xlarge fasc-type-glossy fasc-rounded-medium\" style=\"background-color: #2a2e30; color: #ffffff;\" href=\"https:\/\/poesiaerestu.com\/el-jardin-de-las-hesperides-guillem-rojo-i-gallego\/\">COMPRAR EL LIBRO<\/a><\/p>\n","protected":false},"excerpt":{"rendered":"<p>&nbsp; Manzana dorada Y al convite del nacimiento, del amado de Patroclo, cuyo cuerpo fue moldeado por los dioses, y su valor lo proclam\u00f3 leyenda, se desdijo Eris, la \u00fanica no invitada. Tetis con su solemnidad, procur\u00f3 por todos los medios que, su querido hijo, fuera uno m\u00e1s de su propia estirpe, y Peleo sigui\u00f3&#8230;<\/p>\n","protected":false},"author":1,"featured_media":8553,"comment_status":"closed","ping_status":"closed","sticky":false,"template":"","format":"standard","meta":{"footnotes":"","_links_to":"","_links_to_target":""},"categories":[3],"tags":[],"class_list":["post-8551","post","type-post","status-publish","format-standard","has-post-thumbnail","hentry","category-poesia"],"yoast_head":"<!-- This site is optimized with the Yoast SEO Premium plugin v24.7 (Yoast SEO v27.5) - https:\/\/yoast.com\/product\/yoast-seo-premium-wordpress\/ -->\n<title>&quot;Manzana dorada&quot; y &quot;Celeste llama&quot; de EL JARD\u00cdN DE LAS HESP\u00c9RIDES. GUILLEM ROJO I GALLEGO - Poes\u00ed\u00ada eres t\u00fa (revista)<\/title>\n<meta name=\"description\" content=\"Dos poes\u00edas del libro EL JARD\u00cdN DE LAS HESP\u00c9RIDES de GUILLEM ROJO I GALLEGO. Editorial Poes\u00eda eres t\u00fa 2025.\" \/>\n<meta name=\"robots\" content=\"index, follow, max-snippet:-1, max-image-preview:large, max-video-preview:-1\" \/>\n<link rel=\"canonical\" href=\"https:\/\/poesiaerestu.com\/revista\/manzana-dorada-y-celeste-llama-de-el-jardin-de-las-hesperides-guillem-rojo-i-gallego\/\" \/>\n<meta name=\"twitter:label1\" content=\"Written by\" \/>\n\t<meta name=\"twitter:data1\" content=\"admin\" \/>\n\t<meta name=\"twitter:label2\" content=\"Est. reading time\" \/>\n\t<meta name=\"twitter:data2\" content=\"5 minutes\" \/>\n<script type=\"application\/ld+json\" class=\"yoast-schema-graph\">{\"@context\":\"https:\\\/\\\/schema.org\",\"@graph\":[{\"@type\":\"Article\",\"@id\":\"https:\\\/\\\/poesiaerestu.com\\\/revista\\\/manzana-dorada-y-celeste-llama-de-el-jardin-de-las-hesperides-guillem-rojo-i-gallego\\\/#article\",\"isPartOf\":{\"@id\":\"https:\\\/\\\/poesiaerestu.com\\\/revista\\\/manzana-dorada-y-celeste-llama-de-el-jardin-de-las-hesperides-guillem-rojo-i-gallego\\\/\"},\"author\":{\"name\":\"admin\",\"@id\":\"https:\\\/\\\/poesiaerestu.com\\\/revista\\\/#\\\/schema\\\/person\\\/fcb1a2122be3810bfdd0c071b4b3e9c4\"},\"headline\":\"&#8220;Manzana dorada&#8221; y &#8220;Celeste llama&#8221; de EL JARD\u00cdN DE LAS HESP\u00c9RIDES. GUILLEM ROJO I GALLEGO\",\"datePublished\":\"2025-04-06T09:11:40+00:00\",\"mainEntityOfPage\":{\"@id\":\"https:\\\/\\\/poesiaerestu.com\\\/revista\\\/manzana-dorada-y-celeste-llama-de-el-jardin-de-las-hesperides-guillem-rojo-i-gallego\\\/\"},\"wordCount\":1054,\"image\":{\"@id\":\"https:\\\/\\\/poesiaerestu.com\\\/revista\\\/manzana-dorada-y-celeste-llama-de-el-jardin-de-las-hesperides-guillem-rojo-i-gallego\\\/#primaryimage\"},\"thumbnailUrl\":\"https:\\\/\\\/poesiaerestu.com\\\/revista\\\/wp-content\\\/uploads\\\/2025\\\/04\\\/Gemini_Generated_Image_zcrwigzcrwigzcrw.jpg\",\"articleSection\":[\"Poes\u00eda\"],\"inLanguage\":\"en-US\",\"copyrightYear\":\"2025\",\"copyrightHolder\":{\"@id\":\"https:\\\/\\\/poesiaerestu.com\\\/revista\\\/#organization\"}},{\"@type\":\"WebPage\",\"@id\":\"https:\\\/\\\/poesiaerestu.com\\\/revista\\\/manzana-dorada-y-celeste-llama-de-el-jardin-de-las-hesperides-guillem-rojo-i-gallego\\\/\",\"url\":\"https:\\\/\\\/poesiaerestu.com\\\/revista\\\/manzana-dorada-y-celeste-llama-de-el-jardin-de-las-hesperides-guillem-rojo-i-gallego\\\/\",\"name\":\"\\\"Manzana dorada\\\" y \\\"Celeste llama\\\" de EL JARD\u00cdN DE LAS HESP\u00c9RIDES. GUILLEM ROJO I GALLEGO - Poes\u00ed\u00ada eres t\u00fa (revista)\",\"isPartOf\":{\"@id\":\"https:\\\/\\\/poesiaerestu.com\\\/revista\\\/#website\"},\"primaryImageOfPage\":{\"@id\":\"https:\\\/\\\/poesiaerestu.com\\\/revista\\\/manzana-dorada-y-celeste-llama-de-el-jardin-de-las-hesperides-guillem-rojo-i-gallego\\\/#primaryimage\"},\"image\":{\"@id\":\"https:\\\/\\\/poesiaerestu.com\\\/revista\\\/manzana-dorada-y-celeste-llama-de-el-jardin-de-las-hesperides-guillem-rojo-i-gallego\\\/#primaryimage\"},\"thumbnailUrl\":\"https:\\\/\\\/poesiaerestu.com\\\/revista\\\/wp-content\\\/uploads\\\/2025\\\/04\\\/Gemini_Generated_Image_zcrwigzcrwigzcrw.jpg\",\"datePublished\":\"2025-04-06T09:11:40+00:00\",\"author\":{\"@id\":\"https:\\\/\\\/poesiaerestu.com\\\/revista\\\/#\\\/schema\\\/person\\\/fcb1a2122be3810bfdd0c071b4b3e9c4\"},\"description\":\"Dos poes\u00edas del libro EL JARD\u00cdN DE LAS HESP\u00c9RIDES de GUILLEM ROJO I GALLEGO. Editorial Poes\u00eda eres t\u00fa 2025.\",\"breadcrumb\":{\"@id\":\"https:\\\/\\\/poesiaerestu.com\\\/revista\\\/manzana-dorada-y-celeste-llama-de-el-jardin-de-las-hesperides-guillem-rojo-i-gallego\\\/#breadcrumb\"},\"inLanguage\":\"en-US\",\"potentialAction\":[{\"@type\":\"ReadAction\",\"target\":[\"https:\\\/\\\/poesiaerestu.com\\\/revista\\\/manzana-dorada-y-celeste-llama-de-el-jardin-de-las-hesperides-guillem-rojo-i-gallego\\\/\"]}]},{\"@type\":\"ImageObject\",\"inLanguage\":\"en-US\",\"@id\":\"https:\\\/\\\/poesiaerestu.com\\\/revista\\\/manzana-dorada-y-celeste-llama-de-el-jardin-de-las-hesperides-guillem-rojo-i-gallego\\\/#primaryimage\",\"url\":\"https:\\\/\\\/poesiaerestu.com\\\/revista\\\/wp-content\\\/uploads\\\/2025\\\/04\\\/Gemini_Generated_Image_zcrwigzcrwigzcrw.jpg\",\"contentUrl\":\"https:\\\/\\\/poesiaerestu.com\\\/revista\\\/wp-content\\\/uploads\\\/2025\\\/04\\\/Gemini_Generated_Image_zcrwigzcrwigzcrw.jpg\",\"width\":1024,\"height\":1024,\"caption\":\"Lemons hanging from tree over water at night, artistic surreal image representing poetry and inspiration, with a starry sky background.\"},{\"@type\":\"BreadcrumbList\",\"@id\":\"https:\\\/\\\/poesiaerestu.com\\\/revista\\\/manzana-dorada-y-celeste-llama-de-el-jardin-de-las-hesperides-guillem-rojo-i-gallego\\\/#breadcrumb\",\"itemListElement\":[{\"@type\":\"ListItem\",\"position\":1,\"name\":\"Home\",\"item\":\"https:\\\/\\\/poesiaerestu.com\\\/revista\\\/\"},{\"@type\":\"ListItem\",\"position\":2,\"name\":\"&#8220;Manzana dorada&#8221; y &#8220;Celeste llama&#8221; de EL JARD\u00cdN DE LAS HESP\u00c9RIDES. GUILLEM ROJO I GALLEGO\"}]},{\"@type\":\"WebSite\",\"@id\":\"https:\\\/\\\/poesiaerestu.com\\\/revista\\\/#website\",\"url\":\"https:\\\/\\\/poesiaerestu.com\\\/revista\\\/\",\"name\":\"Poes\u00ed\u00ada eres t\u00fa (revista)\",\"description\":\"Revista de poes\u00eda y literatura\",\"potentialAction\":[{\"@type\":\"SearchAction\",\"target\":{\"@type\":\"EntryPoint\",\"urlTemplate\":\"https:\\\/\\\/poesiaerestu.com\\\/revista\\\/?s={search_term_string}\"},\"query-input\":{\"@type\":\"PropertyValueSpecification\",\"valueRequired\":true,\"valueName\":\"search_term_string\"}}],\"inLanguage\":\"en-US\"},{\"@type\":\"Person\",\"@id\":\"https:\\\/\\\/poesiaerestu.com\\\/revista\\\/#\\\/schema\\\/person\\\/fcb1a2122be3810bfdd0c071b4b3e9c4\",\"name\":\"admin\",\"image\":{\"@type\":\"ImageObject\",\"inLanguage\":\"en-US\",\"@id\":\"https:\\\/\\\/secure.gravatar.com\\\/avatar\\\/1cb55a5bd8d6824519e46b552e84b03575857cc9c4d6333824d2f95d82129f50?s=96&d=mm&r=g\",\"url\":\"https:\\\/\\\/secure.gravatar.com\\\/avatar\\\/1cb55a5bd8d6824519e46b552e84b03575857cc9c4d6333824d2f95d82129f50?s=96&d=mm&r=g\",\"contentUrl\":\"https:\\\/\\\/secure.gravatar.com\\\/avatar\\\/1cb55a5bd8d6824519e46b552e84b03575857cc9c4d6333824d2f95d82129f50?s=96&d=mm&r=g\",\"caption\":\"admin\"},\"url\":\"https:\\\/\\\/poesiaerestu.com\\\/revista\\\/author\\\/admin\\\/\"}]}<\/script>\n<!-- \/ Yoast SEO Premium plugin. -->","yoast_head_json":{"title":"\"Manzana dorada\" y \"Celeste llama\" de EL JARD\u00cdN DE LAS HESP\u00c9RIDES. GUILLEM ROJO I GALLEGO - Poes\u00ed\u00ada eres t\u00fa (revista)","description":"Dos poes\u00edas del libro EL JARD\u00cdN DE LAS HESP\u00c9RIDES de GUILLEM ROJO I GALLEGO. Editorial Poes\u00eda eres t\u00fa 2025.","robots":{"index":"index","follow":"follow","max-snippet":"max-snippet:-1","max-image-preview":"max-image-preview:large","max-video-preview":"max-video-preview:-1"},"canonical":"https:\/\/poesiaerestu.com\/revista\/manzana-dorada-y-celeste-llama-de-el-jardin-de-las-hesperides-guillem-rojo-i-gallego\/","twitter_misc":{"Written by":"admin","Est. reading time":"5 minutes"},"schema":{"@context":"https:\/\/schema.org","@graph":[{"@type":"Article","@id":"https:\/\/poesiaerestu.com\/revista\/manzana-dorada-y-celeste-llama-de-el-jardin-de-las-hesperides-guillem-rojo-i-gallego\/#article","isPartOf":{"@id":"https:\/\/poesiaerestu.com\/revista\/manzana-dorada-y-celeste-llama-de-el-jardin-de-las-hesperides-guillem-rojo-i-gallego\/"},"author":{"name":"admin","@id":"https:\/\/poesiaerestu.com\/revista\/#\/schema\/person\/fcb1a2122be3810bfdd0c071b4b3e9c4"},"headline":"&#8220;Manzana dorada&#8221; y &#8220;Celeste llama&#8221; de EL JARD\u00cdN DE LAS HESP\u00c9RIDES. GUILLEM ROJO I GALLEGO","datePublished":"2025-04-06T09:11:40+00:00","mainEntityOfPage":{"@id":"https:\/\/poesiaerestu.com\/revista\/manzana-dorada-y-celeste-llama-de-el-jardin-de-las-hesperides-guillem-rojo-i-gallego\/"},"wordCount":1054,"image":{"@id":"https:\/\/poesiaerestu.com\/revista\/manzana-dorada-y-celeste-llama-de-el-jardin-de-las-hesperides-guillem-rojo-i-gallego\/#primaryimage"},"thumbnailUrl":"https:\/\/poesiaerestu.com\/revista\/wp-content\/uploads\/2025\/04\/Gemini_Generated_Image_zcrwigzcrwigzcrw.jpg","articleSection":["Poes\u00eda"],"inLanguage":"en-US","copyrightYear":"2025","copyrightHolder":{"@id":"https:\/\/poesiaerestu.com\/revista\/#organization"}},{"@type":"WebPage","@id":"https:\/\/poesiaerestu.com\/revista\/manzana-dorada-y-celeste-llama-de-el-jardin-de-las-hesperides-guillem-rojo-i-gallego\/","url":"https:\/\/poesiaerestu.com\/revista\/manzana-dorada-y-celeste-llama-de-el-jardin-de-las-hesperides-guillem-rojo-i-gallego\/","name":"\"Manzana dorada\" y \"Celeste llama\" de EL JARD\u00cdN DE LAS HESP\u00c9RIDES. GUILLEM ROJO I GALLEGO - Poes\u00ed\u00ada eres t\u00fa (revista)","isPartOf":{"@id":"https:\/\/poesiaerestu.com\/revista\/#website"},"primaryImageOfPage":{"@id":"https:\/\/poesiaerestu.com\/revista\/manzana-dorada-y-celeste-llama-de-el-jardin-de-las-hesperides-guillem-rojo-i-gallego\/#primaryimage"},"image":{"@id":"https:\/\/poesiaerestu.com\/revista\/manzana-dorada-y-celeste-llama-de-el-jardin-de-las-hesperides-guillem-rojo-i-gallego\/#primaryimage"},"thumbnailUrl":"https:\/\/poesiaerestu.com\/revista\/wp-content\/uploads\/2025\/04\/Gemini_Generated_Image_zcrwigzcrwigzcrw.jpg","datePublished":"2025-04-06T09:11:40+00:00","author":{"@id":"https:\/\/poesiaerestu.com\/revista\/#\/schema\/person\/fcb1a2122be3810bfdd0c071b4b3e9c4"},"description":"Dos poes\u00edas del libro EL JARD\u00cdN DE LAS HESP\u00c9RIDES de GUILLEM ROJO I GALLEGO. Editorial Poes\u00eda eres t\u00fa 2025.","breadcrumb":{"@id":"https:\/\/poesiaerestu.com\/revista\/manzana-dorada-y-celeste-llama-de-el-jardin-de-las-hesperides-guillem-rojo-i-gallego\/#breadcrumb"},"inLanguage":"en-US","potentialAction":[{"@type":"ReadAction","target":["https:\/\/poesiaerestu.com\/revista\/manzana-dorada-y-celeste-llama-de-el-jardin-de-las-hesperides-guillem-rojo-i-gallego\/"]}]},{"@type":"ImageObject","inLanguage":"en-US","@id":"https:\/\/poesiaerestu.com\/revista\/manzana-dorada-y-celeste-llama-de-el-jardin-de-las-hesperides-guillem-rojo-i-gallego\/#primaryimage","url":"https:\/\/poesiaerestu.com\/revista\/wp-content\/uploads\/2025\/04\/Gemini_Generated_Image_zcrwigzcrwigzcrw.jpg","contentUrl":"https:\/\/poesiaerestu.com\/revista\/wp-content\/uploads\/2025\/04\/Gemini_Generated_Image_zcrwigzcrwigzcrw.jpg","width":1024,"height":1024,"caption":"Lemons hanging from tree over water at night, artistic surreal image representing poetry and inspiration, with a starry sky background."},{"@type":"BreadcrumbList","@id":"https:\/\/poesiaerestu.com\/revista\/manzana-dorada-y-celeste-llama-de-el-jardin-de-las-hesperides-guillem-rojo-i-gallego\/#breadcrumb","itemListElement":[{"@type":"ListItem","position":1,"name":"Home","item":"https:\/\/poesiaerestu.com\/revista\/"},{"@type":"ListItem","position":2,"name":"&#8220;Manzana dorada&#8221; y &#8220;Celeste llama&#8221; de EL JARD\u00cdN DE LAS HESP\u00c9RIDES. GUILLEM ROJO I GALLEGO"}]},{"@type":"WebSite","@id":"https:\/\/poesiaerestu.com\/revista\/#website","url":"https:\/\/poesiaerestu.com\/revista\/","name":"Poes\u00ed\u00ada eres t\u00fa (revista)","description":"Revista de poes\u00eda y literatura","potentialAction":[{"@type":"SearchAction","target":{"@type":"EntryPoint","urlTemplate":"https:\/\/poesiaerestu.com\/revista\/?s={search_term_string}"},"query-input":{"@type":"PropertyValueSpecification","valueRequired":true,"valueName":"search_term_string"}}],"inLanguage":"en-US"},{"@type":"Person","@id":"https:\/\/poesiaerestu.com\/revista\/#\/schema\/person\/fcb1a2122be3810bfdd0c071b4b3e9c4","name":"admin","image":{"@type":"ImageObject","inLanguage":"en-US","@id":"https:\/\/secure.gravatar.com\/avatar\/1cb55a5bd8d6824519e46b552e84b03575857cc9c4d6333824d2f95d82129f50?s=96&d=mm&r=g","url":"https:\/\/secure.gravatar.com\/avatar\/1cb55a5bd8d6824519e46b552e84b03575857cc9c4d6333824d2f95d82129f50?s=96&d=mm&r=g","contentUrl":"https:\/\/secure.gravatar.com\/avatar\/1cb55a5bd8d6824519e46b552e84b03575857cc9c4d6333824d2f95d82129f50?s=96&d=mm&r=g","caption":"admin"},"url":"https:\/\/poesiaerestu.com\/revista\/author\/admin\/"}]}},"_links":{"self":[{"href":"https:\/\/poesiaerestu.com\/revista\/wp-json\/wp\/v2\/posts\/8551","targetHints":{"allow":["GET"]}}],"collection":[{"href":"https:\/\/poesiaerestu.com\/revista\/wp-json\/wp\/v2\/posts"}],"about":[{"href":"https:\/\/poesiaerestu.com\/revista\/wp-json\/wp\/v2\/types\/post"}],"author":[{"embeddable":true,"href":"https:\/\/poesiaerestu.com\/revista\/wp-json\/wp\/v2\/users\/1"}],"replies":[{"embeddable":true,"href":"https:\/\/poesiaerestu.com\/revista\/wp-json\/wp\/v2\/comments?post=8551"}],"version-history":[{"count":0,"href":"https:\/\/poesiaerestu.com\/revista\/wp-json\/wp\/v2\/posts\/8551\/revisions"}],"wp:featuredmedia":[{"embeddable":true,"href":"https:\/\/poesiaerestu.com\/revista\/wp-json\/wp\/v2\/media\/8553"}],"wp:attachment":[{"href":"https:\/\/poesiaerestu.com\/revista\/wp-json\/wp\/v2\/media?parent=8551"}],"wp:term":[{"taxonomy":"category","embeddable":true,"href":"https:\/\/poesiaerestu.com\/revista\/wp-json\/wp\/v2\/categories?post=8551"},{"taxonomy":"post_tag","embeddable":true,"href":"https:\/\/poesiaerestu.com\/revista\/wp-json\/wp\/v2\/tags?post=8551"}],"curies":[{"name":"wp","href":"https:\/\/api.w.org\/{rel}","templated":true}]}}