{"id":8509,"date":"2025-03-10T17:54:37","date_gmt":"2025-03-10T16:54:37","guid":{"rendered":"https:\/\/poesiaerestu.com\/revista\/?p=8509"},"modified":"2025-03-10T17:54:37","modified_gmt":"2025-03-10T16:54:37","slug":"alma-perfumada-aran-f-s-del-libro-esencia-ed-agencia-del-libro-2023","status":"publish","type":"post","link":"https:\/\/poesiaerestu.com\/revista\/alma-perfumada-aran-f-s-del-libro-esencia-ed-agencia-del-libro-2023\/","title":{"rendered":"MI ALMA YA PERFUMADA de Aran F.S. del libro EN ESENCIA. Ed. Agencia del libro 2023"},"content":{"rendered":"<h1><a name=\"_Toc149295166\"><\/a>MI ALMA YA PERFUMADA<\/h1>\n<p>&nbsp;<\/p>\n<p>Sobrevolaba el cuervo<\/p>\n<p>el vasto Cielo,<\/p>\n<p>cual ave siniestra<\/p>\n<p>en pleno duelo.<\/p>\n<p>&nbsp;<\/p>\n<p>Y viendo que yo muero,<\/p>\n<p>su oscura estela<\/p>\n<p>marcaba mi tiempo<\/p>\n<p>en duermevela.<\/p>\n<p>&nbsp;<\/p>\n<p>La noche no era,<\/p>\n<p>no fue como esperaba,<\/p>\n<p>y pendiendo de un hilo,<\/p>\n<p>mi vida me amenazaba.<\/p>\n<p>&nbsp;<\/p>\n<p>Mi Alma ya perfumada<\/p>\n<p>suplicaba por m\u00ed misma,<\/p>\n<p>prometiendo olvidar penas,<\/p>\n<p>estampando bien su firma.<\/p>\n<p>&nbsp;<\/p>\n<p>Y viendo desde otro prisma<\/p>\n<p>enseguida me di cuenta,<\/p>\n<p>que mi muerte ya se fue,<\/p>\n<p>que ya se dio \u201cella\u201d la vuelta\u2026<\/p>\n<p>&nbsp;<\/p>\n<p><strong>Mi Alma ya perfumada<\/strong>. Explicaci\u00f3n de la autora: Normalmente uno se perfuma cuando ya est\u00e1 arreglado y a punto de salir de casa. Decir que tengo el Alma perfumada es decir que mi Alma est\u00e1 preparada para abandonar mi cuerpo. Soy de las que piensa que cuando una persona &#8220;muere&#8221; emocionalmente, puede hacerlo f\u00edsicamente, por el deterioro que sufre. As\u00ed que &#8220;ver desde otro prisma y que mi muerte se de la vuelta&#8221;, significa que al cambiar mi perspectiva de las cosas, ya no muero emocionalmente, por tanto f\u00edsicamente tampoco.<\/p>\n<h1 class=\"my-0\"><strong>&#8220;El perfume del alma: un renacer desde las sombras&#8221;<\/strong><\/h1>\n<p class=\"my-0\">En este poema, el alma se convierte en un jard\u00edn secreto, perfumado y listo para abandonar su morada terrenal. La imagen del cuervo sobrevolando el vasto cielo es un presagio oscuro, un eco de Poe que trae consigo la sombra de la muerte emocional, esa que consume lentamente hasta amenazar con lo f\u00edsico. Pero aqu\u00ed, la muerte no es un final irrevocable; es un espejo que refleja la posibilidad de cambio.<\/p>\n<p class=\"my-0\">La noche, escenario de duelo y desvelo, se presenta como una enemiga traicionera, no como se esperaba. Sin embargo, en su fragilidad, el alma perfumada se alza como un acto de resistencia, una s\u00faplica por s\u00ed misma. El perfume no es solo un adorno, sino un s\u00edmbolo de preparaci\u00f3n y dignidad ante lo inevitable. Es el aroma de quien ha decidido enfrentar sus penas y firmar su renuncia a ellas.<\/p>\n<p class=\"my-0\">El giro llega cuando el prisma cambia. La muerte, que parec\u00eda ineludible, da la vuelta. Este cambio de perspectiva es el coraz\u00f3n del poema: la revelaci\u00f3n de que no todo est\u00e1 perdido. Es una danza entre la desesperanza y la redenci\u00f3n, donde el simple acto de mirar desde otro \u00e1ngulo puede devolvernos a la vida.<\/p>\n<p class=\"my-0\">El lenguaje del poema est\u00e1 impregnado de met\u00e1foras que invitan a sentir m\u00e1s all\u00e1 de las palabras. El cuervo no solo es un ave; es el peso del duelo. El perfume no solo es fragancia; es la esencia del alma lista para trascender. Y la noche no es solo oscuridad; es el espacio donde se libra la batalla m\u00e1s \u00edntima.<\/p>\n<p class=\"my-0\">Este poema nos habla de c\u00f3mo la muerte emocional puede ser derrotada con un cambio interno. Nos recuerda que incluso en los momentos m\u00e1s oscuros, cuando todo parece perdido, hay una posibilidad de renacer si somos capaces de mirar con nuevos ojos. Es un canto a la resiliencia del alma humana, esa que, aunque perfumada y lista para partir, puede encontrar razones para quedarse y florecer nuevamente.<\/p>\n<p>&nbsp;<\/p>\n<p style=\"text-align: center;\"><a class=\"fasc-button fasc-size-xlarge fasc-type-glossy fasc-rounded-medium\" style=\"background-color: #33809e; color: #ffffff;\" href=\"https:\/\/agenciadellibro.com\/producto\/en-esencia-aran-f-s\/\">COMPRAR EL LIBRO<\/a><\/p>\n","protected":false},"excerpt":{"rendered":"<p>MI ALMA YA PERFUMADA &nbsp; Sobrevolaba el cuervo el vasto Cielo, cual ave siniestra en pleno duelo. &nbsp; Y viendo que yo muero, su oscura estela marcaba mi tiempo en duermevela. &nbsp; La noche no era, no fue como esperaba, y pendiendo de un hilo, mi vida me amenazaba. &nbsp; Mi Alma ya perfumada suplicaba&#8230;<\/p>\n","protected":false},"author":1,"featured_media":8510,"comment_status":"closed","ping_status":"closed","sticky":false,"template":"","format":"standard","meta":{"footnotes":"","_links_to":"","_links_to_target":""},"categories":[3],"tags":[],"class_list":["post-8509","post","type-post","status-publish","format-standard","has-post-thumbnail","hentry","category-poesia"],"yoast_head":"<!-- This site is optimized with the Yoast SEO Premium plugin v24.7 (Yoast SEO v27.5) - https:\/\/yoast.com\/product\/yoast-seo-premium-wordpress\/ -->\n<title>MI ALMA YA PERFUMADA de Aran F.S. del libro EN ESENCIA. Ed. Agencia del libro 2023 - Poes\u00ed\u00ada eres t\u00fa (revista)<\/title>\n<meta name=\"description\" content=\"Descubre el an\u00e1lisis po\u00e9tico de &#039;Mi Alma ya perfumada&#039;. Explora temas de muerte emocional y renacimiento.\" \/>\n<meta name=\"robots\" content=\"index, follow, max-snippet:-1, max-image-preview:large, max-video-preview:-1\" \/>\n<link rel=\"canonical\" href=\"https:\/\/poesiaerestu.com\/revista\/alma-perfumada-aran-f-s-del-libro-esencia-ed-agencia-del-libro-2023\/\" \/>\n<meta name=\"twitter:label1\" content=\"Written by\" \/>\n\t<meta name=\"twitter:data1\" content=\"admin\" \/>\n\t<meta name=\"twitter:label2\" content=\"Est. reading time\" \/>\n\t<meta name=\"twitter:data2\" content=\"3 minutes\" \/>\n<script type=\"application\/ld+json\" class=\"yoast-schema-graph\">{\"@context\":\"https:\\\/\\\/schema.org\",\"@graph\":[{\"@type\":\"Article\",\"@id\":\"https:\\\/\\\/poesiaerestu.com\\\/revista\\\/alma-perfumada-aran-f-s-del-libro-esencia-ed-agencia-del-libro-2023\\\/#article\",\"isPartOf\":{\"@id\":\"https:\\\/\\\/poesiaerestu.com\\\/revista\\\/alma-perfumada-aran-f-s-del-libro-esencia-ed-agencia-del-libro-2023\\\/\"},\"author\":{\"name\":\"admin\",\"@id\":\"https:\\\/\\\/poesiaerestu.com\\\/revista\\\/#\\\/schema\\\/person\\\/fcb1a2122be3810bfdd0c071b4b3e9c4\"},\"headline\":\"MI ALMA YA PERFUMADA de Aran F.S. del libro EN ESENCIA. Ed. Agencia del libro 2023\",\"datePublished\":\"2025-03-10T16:54:37+00:00\",\"mainEntityOfPage\":{\"@id\":\"https:\\\/\\\/poesiaerestu.com\\\/revista\\\/alma-perfumada-aran-f-s-del-libro-esencia-ed-agencia-del-libro-2023\\\/\"},\"wordCount\":548,\"image\":{\"@id\":\"https:\\\/\\\/poesiaerestu.com\\\/revista\\\/alma-perfumada-aran-f-s-del-libro-esencia-ed-agencia-del-libro-2023\\\/#primaryimage\"},\"thumbnailUrl\":\"https:\\\/\\\/poesiaerestu.com\\\/revista\\\/wp-content\\\/uploads\\\/2025\\\/03\\\/adkxekfv8ytipacb8ptn.png\",\"articleSection\":[\"Poes\u00eda\"],\"inLanguage\":\"en-US\",\"copyrightYear\":\"2025\",\"copyrightHolder\":{\"@id\":\"https:\\\/\\\/poesiaerestu.com\\\/revista\\\/#organization\"}},{\"@type\":\"WebPage\",\"@id\":\"https:\\\/\\\/poesiaerestu.com\\\/revista\\\/alma-perfumada-aran-f-s-del-libro-esencia-ed-agencia-del-libro-2023\\\/\",\"url\":\"https:\\\/\\\/poesiaerestu.com\\\/revista\\\/alma-perfumada-aran-f-s-del-libro-esencia-ed-agencia-del-libro-2023\\\/\",\"name\":\"MI ALMA YA PERFUMADA de Aran F.S. del libro EN ESENCIA. Ed. Agencia del libro 2023 - Poes\u00ed\u00ada eres t\u00fa (revista)\",\"isPartOf\":{\"@id\":\"https:\\\/\\\/poesiaerestu.com\\\/revista\\\/#website\"},\"primaryImageOfPage\":{\"@id\":\"https:\\\/\\\/poesiaerestu.com\\\/revista\\\/alma-perfumada-aran-f-s-del-libro-esencia-ed-agencia-del-libro-2023\\\/#primaryimage\"},\"image\":{\"@id\":\"https:\\\/\\\/poesiaerestu.com\\\/revista\\\/alma-perfumada-aran-f-s-del-libro-esencia-ed-agencia-del-libro-2023\\\/#primaryimage\"},\"thumbnailUrl\":\"https:\\\/\\\/poesiaerestu.com\\\/revista\\\/wp-content\\\/uploads\\\/2025\\\/03\\\/adkxekfv8ytipacb8ptn.png\",\"datePublished\":\"2025-03-10T16:54:37+00:00\",\"author\":{\"@id\":\"https:\\\/\\\/poesiaerestu.com\\\/revista\\\/#\\\/schema\\\/person\\\/fcb1a2122be3810bfdd0c071b4b3e9c4\"},\"description\":\"Descubre el an\u00e1lisis po\u00e9tico de 'Mi Alma ya perfumada'. Explora temas de muerte emocional y renacimiento.\",\"breadcrumb\":{\"@id\":\"https:\\\/\\\/poesiaerestu.com\\\/revista\\\/alma-perfumada-aran-f-s-del-libro-esencia-ed-agencia-del-libro-2023\\\/#breadcrumb\"},\"inLanguage\":\"en-US\",\"potentialAction\":[{\"@type\":\"ReadAction\",\"target\":[\"https:\\\/\\\/poesiaerestu.com\\\/revista\\\/alma-perfumada-aran-f-s-del-libro-esencia-ed-agencia-del-libro-2023\\\/\"]}]},{\"@type\":\"ImageObject\",\"inLanguage\":\"en-US\",\"@id\":\"https:\\\/\\\/poesiaerestu.com\\\/revista\\\/alma-perfumada-aran-f-s-del-libro-esencia-ed-agencia-del-libro-2023\\\/#primaryimage\",\"url\":\"https:\\\/\\\/poesiaerestu.com\\\/revista\\\/wp-content\\\/uploads\\\/2025\\\/03\\\/adkxekfv8ytipacb8ptn.png\",\"contentUrl\":\"https:\\\/\\\/poesiaerestu.com\\\/revista\\\/wp-content\\\/uploads\\\/2025\\\/03\\\/adkxekfv8ytipacb8ptn.png\",\"width\":1024,\"height\":768,\"caption\":\"Peaceful dove in flight amidst blooming orange flowers, symbolizing hope and serenity in nature scenes.\"},{\"@type\":\"BreadcrumbList\",\"@id\":\"https:\\\/\\\/poesiaerestu.com\\\/revista\\\/alma-perfumada-aran-f-s-del-libro-esencia-ed-agencia-del-libro-2023\\\/#breadcrumb\",\"itemListElement\":[{\"@type\":\"ListItem\",\"position\":1,\"name\":\"Home\",\"item\":\"https:\\\/\\\/poesiaerestu.com\\\/revista\\\/\"},{\"@type\":\"ListItem\",\"position\":2,\"name\":\"MI ALMA YA PERFUMADA de Aran F.S. del libro EN ESENCIA. Ed. Agencia del libro 2023\"}]},{\"@type\":\"WebSite\",\"@id\":\"https:\\\/\\\/poesiaerestu.com\\\/revista\\\/#website\",\"url\":\"https:\\\/\\\/poesiaerestu.com\\\/revista\\\/\",\"name\":\"Poes\u00ed\u00ada eres t\u00fa (revista)\",\"description\":\"Revista de poes\u00eda y literatura\",\"potentialAction\":[{\"@type\":\"SearchAction\",\"target\":{\"@type\":\"EntryPoint\",\"urlTemplate\":\"https:\\\/\\\/poesiaerestu.com\\\/revista\\\/?s={search_term_string}\"},\"query-input\":{\"@type\":\"PropertyValueSpecification\",\"valueRequired\":true,\"valueName\":\"search_term_string\"}}],\"inLanguage\":\"en-US\"},{\"@type\":\"Person\",\"@id\":\"https:\\\/\\\/poesiaerestu.com\\\/revista\\\/#\\\/schema\\\/person\\\/fcb1a2122be3810bfdd0c071b4b3e9c4\",\"name\":\"admin\",\"image\":{\"@type\":\"ImageObject\",\"inLanguage\":\"en-US\",\"@id\":\"https:\\\/\\\/secure.gravatar.com\\\/avatar\\\/1cb55a5bd8d6824519e46b552e84b03575857cc9c4d6333824d2f95d82129f50?s=96&d=mm&r=g\",\"url\":\"https:\\\/\\\/secure.gravatar.com\\\/avatar\\\/1cb55a5bd8d6824519e46b552e84b03575857cc9c4d6333824d2f95d82129f50?s=96&d=mm&r=g\",\"contentUrl\":\"https:\\\/\\\/secure.gravatar.com\\\/avatar\\\/1cb55a5bd8d6824519e46b552e84b03575857cc9c4d6333824d2f95d82129f50?s=96&d=mm&r=g\",\"caption\":\"admin\"},\"url\":\"https:\\\/\\\/poesiaerestu.com\\\/revista\\\/author\\\/admin\\\/\"}]}<\/script>\n<!-- \/ Yoast SEO Premium plugin. -->","yoast_head_json":{"title":"MI ALMA YA PERFUMADA de Aran F.S. del libro EN ESENCIA. Ed. Agencia del libro 2023 - Poes\u00ed\u00ada eres t\u00fa (revista)","description":"Descubre el an\u00e1lisis po\u00e9tico de 'Mi Alma ya perfumada'. Explora temas de muerte emocional y renacimiento.","robots":{"index":"index","follow":"follow","max-snippet":"max-snippet:-1","max-image-preview":"max-image-preview:large","max-video-preview":"max-video-preview:-1"},"canonical":"https:\/\/poesiaerestu.com\/revista\/alma-perfumada-aran-f-s-del-libro-esencia-ed-agencia-del-libro-2023\/","twitter_misc":{"Written by":"admin","Est. reading time":"3 minutes"},"schema":{"@context":"https:\/\/schema.org","@graph":[{"@type":"Article","@id":"https:\/\/poesiaerestu.com\/revista\/alma-perfumada-aran-f-s-del-libro-esencia-ed-agencia-del-libro-2023\/#article","isPartOf":{"@id":"https:\/\/poesiaerestu.com\/revista\/alma-perfumada-aran-f-s-del-libro-esencia-ed-agencia-del-libro-2023\/"},"author":{"name":"admin","@id":"https:\/\/poesiaerestu.com\/revista\/#\/schema\/person\/fcb1a2122be3810bfdd0c071b4b3e9c4"},"headline":"MI ALMA YA PERFUMADA de Aran F.S. del libro EN ESENCIA. Ed. Agencia del libro 2023","datePublished":"2025-03-10T16:54:37+00:00","mainEntityOfPage":{"@id":"https:\/\/poesiaerestu.com\/revista\/alma-perfumada-aran-f-s-del-libro-esencia-ed-agencia-del-libro-2023\/"},"wordCount":548,"image":{"@id":"https:\/\/poesiaerestu.com\/revista\/alma-perfumada-aran-f-s-del-libro-esencia-ed-agencia-del-libro-2023\/#primaryimage"},"thumbnailUrl":"https:\/\/poesiaerestu.com\/revista\/wp-content\/uploads\/2025\/03\/adkxekfv8ytipacb8ptn.png","articleSection":["Poes\u00eda"],"inLanguage":"en-US","copyrightYear":"2025","copyrightHolder":{"@id":"https:\/\/poesiaerestu.com\/revista\/#organization"}},{"@type":"WebPage","@id":"https:\/\/poesiaerestu.com\/revista\/alma-perfumada-aran-f-s-del-libro-esencia-ed-agencia-del-libro-2023\/","url":"https:\/\/poesiaerestu.com\/revista\/alma-perfumada-aran-f-s-del-libro-esencia-ed-agencia-del-libro-2023\/","name":"MI ALMA YA PERFUMADA de Aran F.S. del libro EN ESENCIA. Ed. Agencia del libro 2023 - Poes\u00ed\u00ada eres t\u00fa (revista)","isPartOf":{"@id":"https:\/\/poesiaerestu.com\/revista\/#website"},"primaryImageOfPage":{"@id":"https:\/\/poesiaerestu.com\/revista\/alma-perfumada-aran-f-s-del-libro-esencia-ed-agencia-del-libro-2023\/#primaryimage"},"image":{"@id":"https:\/\/poesiaerestu.com\/revista\/alma-perfumada-aran-f-s-del-libro-esencia-ed-agencia-del-libro-2023\/#primaryimage"},"thumbnailUrl":"https:\/\/poesiaerestu.com\/revista\/wp-content\/uploads\/2025\/03\/adkxekfv8ytipacb8ptn.png","datePublished":"2025-03-10T16:54:37+00:00","author":{"@id":"https:\/\/poesiaerestu.com\/revista\/#\/schema\/person\/fcb1a2122be3810bfdd0c071b4b3e9c4"},"description":"Descubre el an\u00e1lisis po\u00e9tico de 'Mi Alma ya perfumada'. Explora temas de muerte emocional y renacimiento.","breadcrumb":{"@id":"https:\/\/poesiaerestu.com\/revista\/alma-perfumada-aran-f-s-del-libro-esencia-ed-agencia-del-libro-2023\/#breadcrumb"},"inLanguage":"en-US","potentialAction":[{"@type":"ReadAction","target":["https:\/\/poesiaerestu.com\/revista\/alma-perfumada-aran-f-s-del-libro-esencia-ed-agencia-del-libro-2023\/"]}]},{"@type":"ImageObject","inLanguage":"en-US","@id":"https:\/\/poesiaerestu.com\/revista\/alma-perfumada-aran-f-s-del-libro-esencia-ed-agencia-del-libro-2023\/#primaryimage","url":"https:\/\/poesiaerestu.com\/revista\/wp-content\/uploads\/2025\/03\/adkxekfv8ytipacb8ptn.png","contentUrl":"https:\/\/poesiaerestu.com\/revista\/wp-content\/uploads\/2025\/03\/adkxekfv8ytipacb8ptn.png","width":1024,"height":768,"caption":"Peaceful dove in flight amidst blooming orange flowers, symbolizing hope and serenity in nature scenes."},{"@type":"BreadcrumbList","@id":"https:\/\/poesiaerestu.com\/revista\/alma-perfumada-aran-f-s-del-libro-esencia-ed-agencia-del-libro-2023\/#breadcrumb","itemListElement":[{"@type":"ListItem","position":1,"name":"Home","item":"https:\/\/poesiaerestu.com\/revista\/"},{"@type":"ListItem","position":2,"name":"MI ALMA YA PERFUMADA de Aran F.S. del libro EN ESENCIA. Ed. Agencia del libro 2023"}]},{"@type":"WebSite","@id":"https:\/\/poesiaerestu.com\/revista\/#website","url":"https:\/\/poesiaerestu.com\/revista\/","name":"Poes\u00ed\u00ada eres t\u00fa (revista)","description":"Revista de poes\u00eda y literatura","potentialAction":[{"@type":"SearchAction","target":{"@type":"EntryPoint","urlTemplate":"https:\/\/poesiaerestu.com\/revista\/?s={search_term_string}"},"query-input":{"@type":"PropertyValueSpecification","valueRequired":true,"valueName":"search_term_string"}}],"inLanguage":"en-US"},{"@type":"Person","@id":"https:\/\/poesiaerestu.com\/revista\/#\/schema\/person\/fcb1a2122be3810bfdd0c071b4b3e9c4","name":"admin","image":{"@type":"ImageObject","inLanguage":"en-US","@id":"https:\/\/secure.gravatar.com\/avatar\/1cb55a5bd8d6824519e46b552e84b03575857cc9c4d6333824d2f95d82129f50?s=96&d=mm&r=g","url":"https:\/\/secure.gravatar.com\/avatar\/1cb55a5bd8d6824519e46b552e84b03575857cc9c4d6333824d2f95d82129f50?s=96&d=mm&r=g","contentUrl":"https:\/\/secure.gravatar.com\/avatar\/1cb55a5bd8d6824519e46b552e84b03575857cc9c4d6333824d2f95d82129f50?s=96&d=mm&r=g","caption":"admin"},"url":"https:\/\/poesiaerestu.com\/revista\/author\/admin\/"}]}},"_links":{"self":[{"href":"https:\/\/poesiaerestu.com\/revista\/wp-json\/wp\/v2\/posts\/8509","targetHints":{"allow":["GET"]}}],"collection":[{"href":"https:\/\/poesiaerestu.com\/revista\/wp-json\/wp\/v2\/posts"}],"about":[{"href":"https:\/\/poesiaerestu.com\/revista\/wp-json\/wp\/v2\/types\/post"}],"author":[{"embeddable":true,"href":"https:\/\/poesiaerestu.com\/revista\/wp-json\/wp\/v2\/users\/1"}],"replies":[{"embeddable":true,"href":"https:\/\/poesiaerestu.com\/revista\/wp-json\/wp\/v2\/comments?post=8509"}],"version-history":[{"count":0,"href":"https:\/\/poesiaerestu.com\/revista\/wp-json\/wp\/v2\/posts\/8509\/revisions"}],"wp:featuredmedia":[{"embeddable":true,"href":"https:\/\/poesiaerestu.com\/revista\/wp-json\/wp\/v2\/media\/8510"}],"wp:attachment":[{"href":"https:\/\/poesiaerestu.com\/revista\/wp-json\/wp\/v2\/media?parent=8509"}],"wp:term":[{"taxonomy":"category","embeddable":true,"href":"https:\/\/poesiaerestu.com\/revista\/wp-json\/wp\/v2\/categories?post=8509"},{"taxonomy":"post_tag","embeddable":true,"href":"https:\/\/poesiaerestu.com\/revista\/wp-json\/wp\/v2\/tags?post=8509"}],"curies":[{"name":"wp","href":"https:\/\/api.w.org\/{rel}","templated":true}]}}