{"id":8455,"date":"2025-02-23T11:26:44","date_gmt":"2025-02-23T10:26:44","guid":{"rendered":"https:\/\/poesiaerestu.com\/revista\/?p=8455"},"modified":"2025-02-23T11:50:52","modified_gmt":"2025-02-23T10:50:52","slug":"critica-literaria-tiempo-reves-adriana-gordillo","status":"publish","type":"post","link":"https:\/\/poesiaerestu.com\/revista\/critica-literaria-tiempo-reves-adriana-gordillo\/","title":{"rendered":"Cr\u00edtica literaria: El tiempo al rev\u00e9s de Adriana I. Gordillo"},"content":{"rendered":"<p><img loading=\"lazy\" decoding=\"async\" class=\"aligncenter size-full wp-image-8457\" src=\"https:\/\/poesiaerestu.com\/revista\/wp-content\/uploads\/2025\/02\/nuestrosescritores_0_Portada_Eltiempoalreves.webp\" alt=\"\" width=\"559\" height=\"794\" srcset=\"https:\/\/poesiaerestu.com\/revista\/wp-content\/uploads\/2025\/02\/nuestrosescritores_0_Portada_Eltiempoalreves.webp 559w, https:\/\/poesiaerestu.com\/revista\/wp-content\/uploads\/2025\/02\/nuestrosescritores_0_Portada_Eltiempoalreves-211x300.webp 211w, https:\/\/poesiaerestu.com\/revista\/wp-content\/uploads\/2025\/02\/nuestrosescritores_0_Portada_Eltiempoalreves-42x60.webp 42w\" sizes=\"auto, (max-width: 559px) 100vw, 559px\" \/><\/p>\n<h1><strong>Cr\u00edtica literaria:&nbsp;<em>El tiempo al rev\u00e9s<\/em>&nbsp;de Adriana I. Gordillo<\/strong><\/h1>\n<h2><strong>T\u00edtulo y Autor<\/strong><\/h2>\n<p><em>El tiempo al rev\u00e9s<\/em>&nbsp;(2025), de la poeta y acad\u00e9mica colombiana Adriana I. Gordillo (Cali, 1976), es un poemario que navega entre la intimidad dom\u00e9stica y la vastedad c\u00f3smica. Gordillo, radicada en Minnesota (EE. UU.), fusiona en su obra la reflexi\u00f3n acad\u00e9mica sobre mitos y memoria con una sensibilidad art\u00edstica que trasciende formatos, explorando tanto la palabra como las artes visuales y textiles. Su voz, premiada y reconocida en revistas internacionales, se consolida aqu\u00ed como un puente entre tradici\u00f3n y experimentaci\u00f3n.<\/p>\n<h2><strong>Resumen Breve<\/strong><\/h2>\n<p>El libro es un viaje l\u00edrico estructurado en cinco secciones tem\u00e1ticas que dialogan con elementos naturales y conceptos cient\u00edficos:&nbsp;<em>Poemas de tiempo<\/em>&nbsp;(memoria e identidad),&nbsp;<em>Poemas gal\u00e1cticos<\/em>&nbsp;(cosmolog\u00eda y soledad),&nbsp;<em>Poemas de agua<\/em>&nbsp;(fluidez y duelo),&nbsp;<em>Poemas fr\u00edos<\/em>&nbsp;(desarraigo geogr\u00e1fico) y&nbsp;<em>Tiempo de poemas<\/em>&nbsp;(metapoes\u00eda). A trav\u00e9s de versos libres, haikus y prosa po\u00e9tica, Gordillo entrelaza recuerdos familiares con fen\u00f3menos astrof\u00edsicos, convirtiendo una m\u00e1quina de coser en telescopio y un agujero negro en met\u00e1fora del luto.<\/p>\n<h2><strong>An\u00e1lisis de Elementos Literarios<\/strong><\/h2>\n<p><strong>Trama y Estructura<\/strong><br \/>\nEl poemario carece de una trama lineal, pero su arquitectura tem\u00e1tica imita el movimiento orbital: ciclos que parten de lo cotidiano (<em>Pedacitos de tiempo<\/em>) para expandirse hacia lo c\u00f3smico (<em>De c\u00f3mo nace un agujero negro<\/em>) y regresar transformados (<em>Terapia<\/em>). Cada secci\u00f3n funciona como una \u201cestaci\u00f3n emocional\u201d, creando un ritmo ascendente y descendente que refleja la relatividad einsteniana.<\/p>\n<p><strong>Personajes<\/strong><br \/>\nLos protagonistas son entidades no humanas que encarnan emociones:<\/p>\n<ul>\n<li><em>La abuela<\/em>: representada por agujas e hilos, simboliza la herencia intergeneracional.<\/li>\n<li><em>El \u00e1rbol vecino<\/em>: testigo silencioso que interpela a la voz po\u00e9tica desde su ventana en Minneapolis.<\/li>\n<li><em>Amaterasu<\/em>: part\u00edcula c\u00f3smica que personifica la migraci\u00f3n y el misterio.<br \/>\nEstos \u201cpersonajes\u201d construyen un universo animista donde hasta el viento (<em>Muerte lejana<\/em>) carga historias de galaxias distantes.<\/li>\n<\/ul>\n<p><strong>Temas Centrales<\/strong><\/p>\n<ul>\n<li><strong>Tiempo no lineal<\/strong>:&nbsp;<em>&#8220;Ayer me perd\u00ed \/ en un laberinto de tiempo \/ y cuando sal\u00ed ma\u00f1ana \/ entend\u00ed que estoy \/ a\u00fan hoy \/ en el mismo segundo&#8221;<\/em>&nbsp;(<em>Relatividad<\/em>).<\/li>\n<li><strong>Memoria textil<\/strong>: La costura como acto de resistencia y reconstrucci\u00f3n identitaria.<\/li>\n<li><strong>Desarraigo<\/strong>: El fr\u00edo de Minnesota se vuelve met\u00e1fora del exilio interior (<em>Estatuas del sur<\/em>).<\/li>\n<li><strong>Cosmolog\u00eda afectiva<\/strong>: Agujeros negros, nebulosas y r\u00edos se equiparan a procesos emocionales.<\/li>\n<\/ul>\n<p><strong>Estilo y Lenguaje<\/strong><br \/>\nGordillo emplea un lenguaje h\u00edbrido que fusiona t\u00e9rminos cient\u00edficos (<em>licuefacci\u00f3n<\/em>,&nbsp;<em>p\u00falsar<\/em>) con im\u00e1genes dom\u00e9sticas (<em>tazas de caf\u00e9<\/em>,&nbsp;<em>hojas secas<\/em>). Destacan:<\/p>\n<ul>\n<li><strong>Hip\u00e1lage c\u00f3smica<\/strong>: Atribuir cualidades humanas a fen\u00f3menos astrales:&nbsp;<em>&#8220;Un sol peque\u00f1ito resolvi\u00f3 volverse el centro de una galaxia&#8221;<\/em>&nbsp;(<em>De c\u00f3mo nace un agujero negro<\/em>).<\/li>\n<li><strong>Haikus invernales<\/strong>: Brevedad que condensa emociones complejas:&nbsp;<em>&#8220;Hojas secas \/ Hay tranquilidad \/ en este d\u00eda triste&#8221;<\/em>.<\/li>\n<li><strong>Met\u00e1foras sinest\u00e9sicas<\/strong>:&nbsp;<em>&#8220;El olor del tiempo&#8221;<\/em>&nbsp;evoca memoria a trav\u00e9s de lo olfativo.<\/li>\n<\/ul>\n<p><strong>Ambientaci\u00f3n<\/strong><br \/>\nEl espacio f\u00edsico oscila entre Minnesota (<em>Invierno en Minneapolis<\/em>) y escenarios mitol\u00f3gicos (<em>Pers\u00e9fone<\/em>). La cocina, el jard\u00edn y el espacio interestelar se funden, creando una geograf\u00eda donde lo \u00edntimo y lo universal coexisten.<\/p>\n<h2><strong>Interpretaci\u00f3n y Juicio Cr\u00edtico<\/strong><\/h2>\n<p><strong>Simbolismos Clave<\/strong><\/p>\n<ul>\n<li><strong>Agujas<\/strong>: V\u00ednculos intergeneracionales y heridas cicatrizadas (<em>Pedacitos de tiempo<\/em>).<\/li>\n<li><strong>Agua<\/strong>: Flujo de la conciencia y duelo l\u00edquido (<em>Licuefacci\u00f3n<\/em>).<\/li>\n<li><strong>Nebulosas<\/strong>: Procesos creativos y transformaci\u00f3n personal (<em>Artesan\u00eda gal\u00e1ctica<\/em>).<\/li>\n<\/ul>\n<p><strong>Originalidad y Coherencia<\/strong><br \/>\nGordillo destaca por su habilidad para convertir ecuaciones en versos sin caer en lo did\u00e1ctico. Aunque algunos poemas gal\u00e1cticos (<em>El Gran Vac\u00edo<\/em>) pueden desorientar por su abstracci\u00f3n, la obra mantiene coherencia mediante s\u00edmbolos recurrentes (hilos, estaciones).<\/p>\n<p><strong>Impacto Emocional<\/strong><br \/>\nEl poemario logra conmover al vincular el microcosmos dom\u00e9stico con preguntas existenciales:&nbsp;<em>&#8220;\u00bfC\u00f3mo medir el duelo en a\u00f1os luz?&#8221;<\/em>&nbsp;(<em>Muerte lejana<\/em>).<\/p>\n<p><strong>Contexto Hist\u00f3rico y Cultural<\/strong><\/p>\n<p>Escrito desde la di\u00e1spora latinoamericana en EE. UU., el libro refleja la experiencia migrante a trav\u00e9s de met\u00e1foras clim\u00e1ticas (<em>fr\u00edo vs. tr\u00f3pico<\/em>). Adem\u00e1s, responde a una era donde ciencia y poes\u00eda buscan di\u00e1logos, alej\u00e1ndose de la dicotom\u00eda raz\u00f3n\/emoci\u00f3n.<\/p>\n<p><strong>Comparaci\u00f3n con Otras Obras<\/strong><\/p>\n<ul>\n<li><strong>Vicente Huidobro<\/strong>: Comparte la cosmovisi\u00f3n creadora (<em>Altazor<\/em>), pero Gordillo sustituye el vanguardismo por intimidad textil.<\/li>\n<li><strong>Clarice Lispector<\/strong>: Similar exploraci\u00f3n de la fluidez identitaria, aunque Lispector usa prosa y Gordillo, versos cient\u00edficos.<\/li>\n<li><strong>Wislawa Szymborska<\/strong>: Ambas humanizan conceptos abstractos, pero Szymborska prioriza el humor, mientras Gordillo se inclina hacia el lirismo.<\/li>\n<\/ul>\n<h2><strong>Opini\u00f3n Personal y Recomendaci\u00f3n<\/strong><\/h2>\n<p><em>El tiempo al rev\u00e9s<\/em>&nbsp;es un logro po\u00e9tico que transforma lo cotidiano en artefacto filos\u00f3fico. Destaco&nbsp;<em>Pedacitos de tiempo<\/em>, donde los hilos de coser tejen un puente transgeneracional, y&nbsp;<em>Licuefacci\u00f3n<\/em>, poema que equipara el duelo a un cambio de estado f\u00edsico.<\/p>\n<p><strong>Recomendado para<\/strong>: Lectores que disfruten de la poes\u00eda reflexiva, interesados en intersecciones entre ciencia y arte, o quienes busquen explorar la identidad desde el desarraigo.<\/p>\n<h2><strong>Conclusi\u00f3n<\/strong><\/h2>\n<p>Adriana I. Gordillo ha creado un universo donde regar plantas o coser un bot\u00f3n se vuelven actos c\u00f3smicos. Su obra, aunque exigente, recompensa con revelaciones que resuenan tanto en el coraz\u00f3n como en la mente.&nbsp;<em>El tiempo al rev\u00e9s<\/em>&nbsp;no solo cuestiona nuestra percepci\u00f3n temporal, sino que celebra la poes\u00eda como herramienta para tejer nuevos mundos.<\/p>\n<p><strong>Citas Destacadas<\/strong><\/p>\n<ul>\n<li><em>&#8220;Somos pedacitos de tiempo \/ trocitos de historias \/ hiladas con agujas ciegas&#8221;<\/em>&nbsp;(<em>Pedacitos de tiempo<\/em>).<\/li>\n<li><em>&#8220;El universo es una simulaci\u00f3n \/ dijo el astrof\u00edsico. \/\/ El universo es una flor \/ dijo el poeta&#8221;<\/em>&nbsp;(<em>Poema en un aeropuerto<\/em>).<\/li>\n<li><em>&#8220;Nos movemos lento \/ se nos congela el alma&#8221;<\/em>&nbsp;(<em>Estatuas del sur<\/em>).<\/li>\n<\/ul>\n<p><strong>Redacci\u00f3n y Formato<\/strong><\/p>\n<p>El texto mantiene un tono accesible sin sacrificar profundidad, con p\u00e1rrafos breves y ejemplos concretos que gu\u00edan al lector a trav\u00e9s de la complejidad tem\u00e1tica.<\/p>\n<p style=\"text-align: center;\"><a class=\"fasc-button fasc-size-xlarge fasc-type-glossy fasc-rounded-medium\" style=\"background-color: #33809e; color: #ffffff;\" href=\"https:\/\/gepa.es\/producto\/el-tiempo-al-reves-adriana-i-gordillo\/\">COMPRAR EL LIBRO<\/a><\/p>\n","protected":false},"excerpt":{"rendered":"<p>Cr\u00edtica literaria:&nbsp;El tiempo al rev\u00e9s&nbsp;de Adriana I. Gordillo T\u00edtulo y Autor El tiempo al rev\u00e9s&nbsp;(2025), de la poeta y acad\u00e9mica colombiana Adriana I. Gordillo (Cali, 1976), es un poemario que navega entre la intimidad dom\u00e9stica y la vastedad c\u00f3smica. Gordillo, radicada en Minnesota (EE. UU.), fusiona en su obra la reflexi\u00f3n acad\u00e9mica sobre mitos y&#8230;<\/p>\n","protected":false},"author":1,"featured_media":8457,"comment_status":"closed","ping_status":"closed","sticky":false,"template":"","format":"standard","meta":{"footnotes":"","_links_to":"","_links_to_target":""},"categories":[6,41],"tags":[],"class_list":["post-8455","post","type-post","status-publish","format-standard","has-post-thumbnail","hentry","category-libros","category-resenas"],"yoast_head":"<!-- This site is optimized with the Yoast SEO Premium plugin v24.7 (Yoast SEO v27.5) - https:\/\/yoast.com\/product\/yoast-seo-premium-wordpress\/ -->\n<title>Cr\u00edtica literaria: El tiempo al rev\u00e9s de Adriana I. Gordillo<\/title>\n<meta name=\"description\" content=\"EL TIEMPO AL REV\u00c9S es un viaje l\u00edrico estructurado en cinco secciones tem\u00e1ticas que dialogan con elementos naturales y conceptos cient\u00edficos.\" \/>\n<meta name=\"robots\" content=\"index, follow, max-snippet:-1, max-image-preview:large, max-video-preview:-1\" \/>\n<link rel=\"canonical\" href=\"https:\/\/poesiaerestu.com\/revista\/critica-literaria-tiempo-reves-adriana-gordillo\/\" \/>\n<meta name=\"twitter:label1\" content=\"Written by\" \/>\n\t<meta name=\"twitter:data1\" content=\"admin\" \/>\n\t<meta name=\"twitter:label2\" content=\"Est. reading time\" \/>\n\t<meta name=\"twitter:data2\" content=\"5 minutes\" \/>\n<script type=\"application\/ld+json\" class=\"yoast-schema-graph\">{\"@context\":\"https:\\\/\\\/schema.org\",\"@graph\":[{\"@type\":\"Article\",\"@id\":\"https:\\\/\\\/poesiaerestu.com\\\/revista\\\/critica-literaria-tiempo-reves-adriana-gordillo\\\/#article\",\"isPartOf\":{\"@id\":\"https:\\\/\\\/poesiaerestu.com\\\/revista\\\/critica-literaria-tiempo-reves-adriana-gordillo\\\/\"},\"author\":{\"name\":\"admin\",\"@id\":\"https:\\\/\\\/poesiaerestu.com\\\/revista\\\/#\\\/schema\\\/person\\\/fcb1a2122be3810bfdd0c071b4b3e9c4\"},\"headline\":\"Cr\u00edtica literaria: El tiempo al rev\u00e9s de Adriana I. Gordillo\",\"datePublished\":\"2025-02-23T10:26:44+00:00\",\"dateModified\":\"2025-02-23T10:50:52+00:00\",\"mainEntityOfPage\":{\"@id\":\"https:\\\/\\\/poesiaerestu.com\\\/revista\\\/critica-literaria-tiempo-reves-adriana-gordillo\\\/\"},\"wordCount\":1031,\"image\":{\"@id\":\"https:\\\/\\\/poesiaerestu.com\\\/revista\\\/critica-literaria-tiempo-reves-adriana-gordillo\\\/#primaryimage\"},\"thumbnailUrl\":\"https:\\\/\\\/poesiaerestu.com\\\/revista\\\/wp-content\\\/uploads\\\/2025\\\/02\\\/nuestrosescritores_0_Portada_Eltiempoalreves.webp\",\"articleSection\":[\"Libros\",\"Rese\u00f1as\"],\"inLanguage\":\"en-US\",\"copyrightYear\":\"2025\",\"copyrightHolder\":{\"@id\":\"https:\\\/\\\/poesiaerestu.com\\\/revista\\\/#organization\"}},{\"@type\":\"WebPage\",\"@id\":\"https:\\\/\\\/poesiaerestu.com\\\/revista\\\/critica-literaria-tiempo-reves-adriana-gordillo\\\/\",\"url\":\"https:\\\/\\\/poesiaerestu.com\\\/revista\\\/critica-literaria-tiempo-reves-adriana-gordillo\\\/\",\"name\":\"Cr\u00edtica literaria: El tiempo al rev\u00e9s de Adriana I. Gordillo\",\"isPartOf\":{\"@id\":\"https:\\\/\\\/poesiaerestu.com\\\/revista\\\/#website\"},\"primaryImageOfPage\":{\"@id\":\"https:\\\/\\\/poesiaerestu.com\\\/revista\\\/critica-literaria-tiempo-reves-adriana-gordillo\\\/#primaryimage\"},\"image\":{\"@id\":\"https:\\\/\\\/poesiaerestu.com\\\/revista\\\/critica-literaria-tiempo-reves-adriana-gordillo\\\/#primaryimage\"},\"thumbnailUrl\":\"https:\\\/\\\/poesiaerestu.com\\\/revista\\\/wp-content\\\/uploads\\\/2025\\\/02\\\/nuestrosescritores_0_Portada_Eltiempoalreves.webp\",\"datePublished\":\"2025-02-23T10:26:44+00:00\",\"dateModified\":\"2025-02-23T10:50:52+00:00\",\"author\":{\"@id\":\"https:\\\/\\\/poesiaerestu.com\\\/revista\\\/#\\\/schema\\\/person\\\/fcb1a2122be3810bfdd0c071b4b3e9c4\"},\"description\":\"EL TIEMPO AL REV\u00c9S es un viaje l\u00edrico estructurado en cinco secciones tem\u00e1ticas que dialogan con elementos naturales y conceptos cient\u00edficos.\",\"breadcrumb\":{\"@id\":\"https:\\\/\\\/poesiaerestu.com\\\/revista\\\/critica-literaria-tiempo-reves-adriana-gordillo\\\/#breadcrumb\"},\"inLanguage\":\"en-US\",\"potentialAction\":[{\"@type\":\"ReadAction\",\"target\":[\"https:\\\/\\\/poesiaerestu.com\\\/revista\\\/critica-literaria-tiempo-reves-adriana-gordillo\\\/\"]}]},{\"@type\":\"ImageObject\",\"inLanguage\":\"en-US\",\"@id\":\"https:\\\/\\\/poesiaerestu.com\\\/revista\\\/critica-literaria-tiempo-reves-adriana-gordillo\\\/#primaryimage\",\"url\":\"https:\\\/\\\/poesiaerestu.com\\\/revista\\\/wp-content\\\/uploads\\\/2025\\\/02\\\/nuestrosescritores_0_Portada_Eltiempoalreves.webp\",\"contentUrl\":\"https:\\\/\\\/poesiaerestu.com\\\/revista\\\/wp-content\\\/uploads\\\/2025\\\/02\\\/nuestrosescritores_0_Portada_Eltiempoalreves.webp\",\"width\":559,\"height\":794,\"caption\":\"A colorful, artistic image representing the fusion of poetry and visual art in the \\\"Poes\u00ed\u00ada eres t\u00fa\\\" magazine.\"},{\"@type\":\"BreadcrumbList\",\"@id\":\"https:\\\/\\\/poesiaerestu.com\\\/revista\\\/critica-literaria-tiempo-reves-adriana-gordillo\\\/#breadcrumb\",\"itemListElement\":[{\"@type\":\"ListItem\",\"position\":1,\"name\":\"Home\",\"item\":\"https:\\\/\\\/poesiaerestu.com\\\/revista\\\/\"},{\"@type\":\"ListItem\",\"position\":2,\"name\":\"Cr\u00edtica literaria: El tiempo al rev\u00e9s de Adriana I. Gordillo\"}]},{\"@type\":\"WebSite\",\"@id\":\"https:\\\/\\\/poesiaerestu.com\\\/revista\\\/#website\",\"url\":\"https:\\\/\\\/poesiaerestu.com\\\/revista\\\/\",\"name\":\"Poes\u00ed\u00ada eres t\u00fa (revista)\",\"description\":\"Revista de poes\u00eda y literatura\",\"potentialAction\":[{\"@type\":\"SearchAction\",\"target\":{\"@type\":\"EntryPoint\",\"urlTemplate\":\"https:\\\/\\\/poesiaerestu.com\\\/revista\\\/?s={search_term_string}\"},\"query-input\":{\"@type\":\"PropertyValueSpecification\",\"valueRequired\":true,\"valueName\":\"search_term_string\"}}],\"inLanguage\":\"en-US\"},{\"@type\":\"Person\",\"@id\":\"https:\\\/\\\/poesiaerestu.com\\\/revista\\\/#\\\/schema\\\/person\\\/fcb1a2122be3810bfdd0c071b4b3e9c4\",\"name\":\"admin\",\"image\":{\"@type\":\"ImageObject\",\"inLanguage\":\"en-US\",\"@id\":\"https:\\\/\\\/secure.gravatar.com\\\/avatar\\\/1cb55a5bd8d6824519e46b552e84b03575857cc9c4d6333824d2f95d82129f50?s=96&d=mm&r=g\",\"url\":\"https:\\\/\\\/secure.gravatar.com\\\/avatar\\\/1cb55a5bd8d6824519e46b552e84b03575857cc9c4d6333824d2f95d82129f50?s=96&d=mm&r=g\",\"contentUrl\":\"https:\\\/\\\/secure.gravatar.com\\\/avatar\\\/1cb55a5bd8d6824519e46b552e84b03575857cc9c4d6333824d2f95d82129f50?s=96&d=mm&r=g\",\"caption\":\"admin\"},\"url\":\"https:\\\/\\\/poesiaerestu.com\\\/revista\\\/author\\\/admin\\\/\"}]}<\/script>\n<!-- \/ Yoast SEO Premium plugin. -->","yoast_head_json":{"title":"Cr\u00edtica literaria: El tiempo al rev\u00e9s de Adriana I. Gordillo","description":"EL TIEMPO AL REV\u00c9S es un viaje l\u00edrico estructurado en cinco secciones tem\u00e1ticas que dialogan con elementos naturales y conceptos cient\u00edficos.","robots":{"index":"index","follow":"follow","max-snippet":"max-snippet:-1","max-image-preview":"max-image-preview:large","max-video-preview":"max-video-preview:-1"},"canonical":"https:\/\/poesiaerestu.com\/revista\/critica-literaria-tiempo-reves-adriana-gordillo\/","twitter_misc":{"Written by":"admin","Est. reading time":"5 minutes"},"schema":{"@context":"https:\/\/schema.org","@graph":[{"@type":"Article","@id":"https:\/\/poesiaerestu.com\/revista\/critica-literaria-tiempo-reves-adriana-gordillo\/#article","isPartOf":{"@id":"https:\/\/poesiaerestu.com\/revista\/critica-literaria-tiempo-reves-adriana-gordillo\/"},"author":{"name":"admin","@id":"https:\/\/poesiaerestu.com\/revista\/#\/schema\/person\/fcb1a2122be3810bfdd0c071b4b3e9c4"},"headline":"Cr\u00edtica literaria: El tiempo al rev\u00e9s de Adriana I. Gordillo","datePublished":"2025-02-23T10:26:44+00:00","dateModified":"2025-02-23T10:50:52+00:00","mainEntityOfPage":{"@id":"https:\/\/poesiaerestu.com\/revista\/critica-literaria-tiempo-reves-adriana-gordillo\/"},"wordCount":1031,"image":{"@id":"https:\/\/poesiaerestu.com\/revista\/critica-literaria-tiempo-reves-adriana-gordillo\/#primaryimage"},"thumbnailUrl":"https:\/\/poesiaerestu.com\/revista\/wp-content\/uploads\/2025\/02\/nuestrosescritores_0_Portada_Eltiempoalreves.webp","articleSection":["Libros","Rese\u00f1as"],"inLanguage":"en-US","copyrightYear":"2025","copyrightHolder":{"@id":"https:\/\/poesiaerestu.com\/revista\/#organization"}},{"@type":"WebPage","@id":"https:\/\/poesiaerestu.com\/revista\/critica-literaria-tiempo-reves-adriana-gordillo\/","url":"https:\/\/poesiaerestu.com\/revista\/critica-literaria-tiempo-reves-adriana-gordillo\/","name":"Cr\u00edtica literaria: El tiempo al rev\u00e9s de Adriana I. Gordillo","isPartOf":{"@id":"https:\/\/poesiaerestu.com\/revista\/#website"},"primaryImageOfPage":{"@id":"https:\/\/poesiaerestu.com\/revista\/critica-literaria-tiempo-reves-adriana-gordillo\/#primaryimage"},"image":{"@id":"https:\/\/poesiaerestu.com\/revista\/critica-literaria-tiempo-reves-adriana-gordillo\/#primaryimage"},"thumbnailUrl":"https:\/\/poesiaerestu.com\/revista\/wp-content\/uploads\/2025\/02\/nuestrosescritores_0_Portada_Eltiempoalreves.webp","datePublished":"2025-02-23T10:26:44+00:00","dateModified":"2025-02-23T10:50:52+00:00","author":{"@id":"https:\/\/poesiaerestu.com\/revista\/#\/schema\/person\/fcb1a2122be3810bfdd0c071b4b3e9c4"},"description":"EL TIEMPO AL REV\u00c9S es un viaje l\u00edrico estructurado en cinco secciones tem\u00e1ticas que dialogan con elementos naturales y conceptos cient\u00edficos.","breadcrumb":{"@id":"https:\/\/poesiaerestu.com\/revista\/critica-literaria-tiempo-reves-adriana-gordillo\/#breadcrumb"},"inLanguage":"en-US","potentialAction":[{"@type":"ReadAction","target":["https:\/\/poesiaerestu.com\/revista\/critica-literaria-tiempo-reves-adriana-gordillo\/"]}]},{"@type":"ImageObject","inLanguage":"en-US","@id":"https:\/\/poesiaerestu.com\/revista\/critica-literaria-tiempo-reves-adriana-gordillo\/#primaryimage","url":"https:\/\/poesiaerestu.com\/revista\/wp-content\/uploads\/2025\/02\/nuestrosescritores_0_Portada_Eltiempoalreves.webp","contentUrl":"https:\/\/poesiaerestu.com\/revista\/wp-content\/uploads\/2025\/02\/nuestrosescritores_0_Portada_Eltiempoalreves.webp","width":559,"height":794,"caption":"A colorful, artistic image representing the fusion of poetry and visual art in the \"Poes\u00ed\u00ada eres t\u00fa\" magazine."},{"@type":"BreadcrumbList","@id":"https:\/\/poesiaerestu.com\/revista\/critica-literaria-tiempo-reves-adriana-gordillo\/#breadcrumb","itemListElement":[{"@type":"ListItem","position":1,"name":"Home","item":"https:\/\/poesiaerestu.com\/revista\/"},{"@type":"ListItem","position":2,"name":"Cr\u00edtica literaria: El tiempo al rev\u00e9s de Adriana I. Gordillo"}]},{"@type":"WebSite","@id":"https:\/\/poesiaerestu.com\/revista\/#website","url":"https:\/\/poesiaerestu.com\/revista\/","name":"Poes\u00ed\u00ada eres t\u00fa (revista)","description":"Revista de poes\u00eda y literatura","potentialAction":[{"@type":"SearchAction","target":{"@type":"EntryPoint","urlTemplate":"https:\/\/poesiaerestu.com\/revista\/?s={search_term_string}"},"query-input":{"@type":"PropertyValueSpecification","valueRequired":true,"valueName":"search_term_string"}}],"inLanguage":"en-US"},{"@type":"Person","@id":"https:\/\/poesiaerestu.com\/revista\/#\/schema\/person\/fcb1a2122be3810bfdd0c071b4b3e9c4","name":"admin","image":{"@type":"ImageObject","inLanguage":"en-US","@id":"https:\/\/secure.gravatar.com\/avatar\/1cb55a5bd8d6824519e46b552e84b03575857cc9c4d6333824d2f95d82129f50?s=96&d=mm&r=g","url":"https:\/\/secure.gravatar.com\/avatar\/1cb55a5bd8d6824519e46b552e84b03575857cc9c4d6333824d2f95d82129f50?s=96&d=mm&r=g","contentUrl":"https:\/\/secure.gravatar.com\/avatar\/1cb55a5bd8d6824519e46b552e84b03575857cc9c4d6333824d2f95d82129f50?s=96&d=mm&r=g","caption":"admin"},"url":"https:\/\/poesiaerestu.com\/revista\/author\/admin\/"}]}},"_links":{"self":[{"href":"https:\/\/poesiaerestu.com\/revista\/wp-json\/wp\/v2\/posts\/8455","targetHints":{"allow":["GET"]}}],"collection":[{"href":"https:\/\/poesiaerestu.com\/revista\/wp-json\/wp\/v2\/posts"}],"about":[{"href":"https:\/\/poesiaerestu.com\/revista\/wp-json\/wp\/v2\/types\/post"}],"author":[{"embeddable":true,"href":"https:\/\/poesiaerestu.com\/revista\/wp-json\/wp\/v2\/users\/1"}],"replies":[{"embeddable":true,"href":"https:\/\/poesiaerestu.com\/revista\/wp-json\/wp\/v2\/comments?post=8455"}],"version-history":[{"count":0,"href":"https:\/\/poesiaerestu.com\/revista\/wp-json\/wp\/v2\/posts\/8455\/revisions"}],"wp:featuredmedia":[{"embeddable":true,"href":"https:\/\/poesiaerestu.com\/revista\/wp-json\/wp\/v2\/media\/8457"}],"wp:attachment":[{"href":"https:\/\/poesiaerestu.com\/revista\/wp-json\/wp\/v2\/media?parent=8455"}],"wp:term":[{"taxonomy":"category","embeddable":true,"href":"https:\/\/poesiaerestu.com\/revista\/wp-json\/wp\/v2\/categories?post=8455"},{"taxonomy":"post_tag","embeddable":true,"href":"https:\/\/poesiaerestu.com\/revista\/wp-json\/wp\/v2\/tags?post=8455"}],"curies":[{"name":"wp","href":"https:\/\/api.w.org\/{rel}","templated":true}]}}