{"id":8313,"date":"2024-12-04T23:25:01","date_gmt":"2024-12-04T22:25:01","guid":{"rendered":"https:\/\/poesiaerestu.com\/revista\/?p=8313"},"modified":"2024-12-05T00:29:22","modified_gmt":"2024-12-04T23:29:22","slug":"generaciones-poesia-que-debes-conocer-gusta-poesia","status":"publish","type":"post","link":"https:\/\/poesiaerestu.com\/revista\/generaciones-poesia-que-debes-conocer-gusta-poesia\/","title":{"rendered":"6 GENERACIONES DE POES\u00cdA QUE DEBES CONOCER SI TE GUSTA LA POES\u00cdA"},"content":{"rendered":"<div id=\"ez-toc-container\" class=\"ez-toc-v2_0_82_2 counter-hierarchy ez-toc-counter ez-toc-grey ez-toc-container-direction\">\n<p class=\"ez-toc-title\" style=\"cursor:inherit\">\u00cdNDICE<\/p>\n<label for=\"ez-toc-cssicon-toggle-item-69f485ec5e412\" class=\"ez-toc-cssicon-toggle-label\"><span class=\"\"><span class=\"eztoc-hide\" style=\"display:none;\">Toggle<\/span><span class=\"ez-toc-icon-toggle-span\"><svg style=\"fill: #81d742;color:#81d742\" xmlns=\"http:\/\/www.w3.org\/2000\/svg\" class=\"list-377408\" width=\"20px\" height=\"20px\" viewBox=\"0 0 24 24\" fill=\"none\"><path d=\"M6 6H4v2h2V6zm14 0H8v2h12V6zM4 11h2v2H4v-2zm16 0H8v2h12v-2zM4 16h2v2H4v-2zm16 0H8v2h12v-2z\" fill=\"currentColor\"><\/path><\/svg><svg style=\"fill: #81d742;color:#81d742\" class=\"arrow-unsorted-368013\" xmlns=\"http:\/\/www.w3.org\/2000\/svg\" width=\"10px\" height=\"10px\" viewBox=\"0 0 24 24\" version=\"1.2\" baseProfile=\"tiny\"><path d=\"M18.2 9.3l-6.2-6.3-6.2 6.3c-.2.2-.3.4-.3.7s.1.5.3.7c.2.2.4.3.7.3h11c.3 0 .5-.1.7-.3.2-.2.3-.5.3-.7s-.1-.5-.3-.7zM5.8 14.7l6.2 6.3 6.2-6.3c.2-.2.3-.5.3-.7s-.1-.5-.3-.7c-.2-.2-.4-.3-.7-.3h-11c-.3 0-.5.1-.7.3-.2.2-.3.5-.3.7s.1.5.3.7z\"\/><\/svg><\/span><\/span><\/label><input type=\"checkbox\"  id=\"ez-toc-cssicon-toggle-item-69f485ec5e412\" checked aria-label=\"Toggle\" \/><nav><ul class='ez-toc-list ez-toc-list-level-1 ' ><li class='ez-toc-page-1 ez-toc-heading-level-1'><a class=\"ez-toc-link ez-toc-heading-1\" href=\"https:\/\/poesiaerestu.com\/revista\/generaciones-poesia-que-debes-conocer-gusta-poesia\/#6_GENERACIONES_DE_POESIA_QUE_DEBES_CONOCER_SI_TE_GUSTA_LA_POESIA\" >6 GENERACIONES DE POES\u00cdA QUE DEBES CONOCER SI TE GUSTA LA POES\u00cdA<\/a><ul class='ez-toc-list-level-2' ><li class='ez-toc-heading-level-2'><a class=\"ez-toc-link ez-toc-heading-2\" href=\"https:\/\/poesiaerestu.com\/revista\/generaciones-poesia-que-debes-conocer-gusta-poesia\/#1_Generacion_del_98_La_crisis_y_el_alma_de_Espana\" >1. Generaci\u00f3n del 98: La crisis y el alma de Espa\u00f1a<\/a><\/li><li class='ez-toc-page-1 ez-toc-heading-level-2'><a class=\"ez-toc-link ez-toc-heading-3\" href=\"https:\/\/poesiaerestu.com\/revista\/generaciones-poesia-que-debes-conocer-gusta-poesia\/#2_Generacion_del_27_Tradicion_y_vanguardia\" >2. Generaci\u00f3n del 27: Tradici\u00f3n y vanguardia<\/a><\/li><li class='ez-toc-page-1 ez-toc-heading-level-2'><a class=\"ez-toc-link ez-toc-heading-4\" href=\"https:\/\/poesiaerestu.com\/revista\/generaciones-poesia-que-debes-conocer-gusta-poesia\/#3_Generacion_del_36_La_poesia_en_tiempos_de_guerra\" >3. Generaci\u00f3n del 36: La poes\u00eda en tiempos de guerra<\/a><\/li><li class='ez-toc-page-1 ez-toc-heading-level-2'><a class=\"ez-toc-link ez-toc-heading-5\" href=\"https:\/\/poesiaerestu.com\/revista\/generaciones-poesia-que-debes-conocer-gusta-poesia\/#4_Generacion_del_50_Los_%E2%80%9Cninos_de_la_guerra%E2%80%9D\" >4. Generaci\u00f3n del 50: Los &#8220;ni\u00f1os de la guerra&#8221;<\/a><\/li><li class='ez-toc-page-1 ez-toc-heading-level-2'><a class=\"ez-toc-link ez-toc-heading-6\" href=\"https:\/\/poesiaerestu.com\/revista\/generaciones-poesia-que-debes-conocer-gusta-poesia\/#5_Generacion_del_68_o_Novisimos_La_ruptura_experimental\" >5. Generaci\u00f3n del 68 o Nov\u00edsimos: La ruptura experimental<\/a><\/li><li class='ez-toc-page-1 ez-toc-heading-level-2'><a class=\"ez-toc-link ez-toc-heading-7\" href=\"https:\/\/poesiaerestu.com\/revista\/generaciones-poesia-que-debes-conocer-gusta-poesia\/#6_Generacion_de_los_90_Pluralidad_tematica\" >6. Generaci\u00f3n de los 90: Pluralidad tem\u00e1tica<\/a><\/li><li class='ez-toc-page-1 ez-toc-heading-level-2'><a class=\"ez-toc-link ez-toc-heading-8\" href=\"https:\/\/poesiaerestu.com\/revista\/generaciones-poesia-que-debes-conocer-gusta-poesia\/#Conclusion\" >Conclusi\u00f3n<\/a><\/li><\/ul><\/li><\/ul><\/nav><\/div>\n<p><img loading=\"lazy\" decoding=\"async\" class=\"aligncenter wp-image-8314\" src=\"https:\/\/poesiaerestu.com\/revista\/wp-content\/uploads\/2024\/12\/autumn-season-still-life-Mediano.jpg\" alt=\"\" width=\"278\" height=\"488\" srcset=\"https:\/\/poesiaerestu.com\/revista\/wp-content\/uploads\/2024\/12\/autumn-season-still-life-Mediano.jpg 768w, https:\/\/poesiaerestu.com\/revista\/wp-content\/uploads\/2024\/12\/autumn-season-still-life-Mediano-171x300.jpg 171w, https:\/\/poesiaerestu.com\/revista\/wp-content\/uploads\/2024\/12\/autumn-season-still-life-Mediano-584x1024.jpg 584w, https:\/\/poesiaerestu.com\/revista\/wp-content\/uploads\/2024\/12\/autumn-season-still-life-Mediano-600x1052.jpg 600w, https:\/\/poesiaerestu.com\/revista\/wp-content\/uploads\/2024\/12\/autumn-season-still-life-Mediano-34x60.jpg 34w\" sizes=\"auto, (max-width: 278px) 100vw, 278px\" \/><\/p>\n<h1><span class=\"ez-toc-section\" id=\"6_GENERACIONES_DE_POESIA_QUE_DEBES_CONOCER_SI_TE_GUSTA_LA_POESIA\"><\/span>6 GENERACIONES DE POES\u00cdA QUE DEBES CONOCER SI TE GUSTA LA POES\u00cdA<span class=\"ez-toc-section-end\"><\/span><\/h1>\n<p>La poes\u00eda espa\u00f1ola ha sido testigo de una evoluci\u00f3n constante a lo largo de los siglos, marcada por generaciones que han dejado su huella en la literatura. Cada una de estas generaciones ha reflejado el contexto hist\u00f3rico, social y cultural de su tiempo, abordando temas universales como la identidad, el amor, la muerte y la b\u00fasqueda de sentido. En este art\u00edculo exploraremos seis generaciones fundamentales que todo amante de la poes\u00eda deber\u00eda conocer, desde la Generaci\u00f3n del 98 hasta la Generaci\u00f3n de los 90.<\/p>\n<h2><span class=\"ez-toc-section\" id=\"1_Generacion_del_98_La_crisis_y_el_alma_de_Espana\"><\/span>1. Generaci\u00f3n del 98: La crisis y el alma de Espa\u00f1a<span class=\"ez-toc-section-end\"><\/span><\/h2>\n<p>La Generaci\u00f3n del 98 surgi\u00f3 como respuesta a la profunda crisis nacional provocada por la p\u00e9rdida de las \u00faltimas colonias espa\u00f1olas en 1898 (Cuba, Puerto Rico y Filipinas). Estos poetas y escritores se dedicaron a reflexionar sobre el &#8220;problema de Espa\u00f1a&#8221; desde un enfoque existencial y regeneracionista.<\/p>\n<p><strong>Autores destacados:<\/strong><\/p>\n<p>Antonio Machado: Su obra, como Campos de Castilla, refleja un lirismo profundo y una conexi\u00f3n con los paisajes castellanos.<\/p>\n<p>Miguel de Unamuno: Su poes\u00eda aborda cuestiones filos\u00f3ficas y existenciales.<\/p>\n<p>Ram\u00f3n Mar\u00eda del Valle-Incl\u00e1n: Aunque m\u00e1s conocido por su teatro, tambi\u00e9n escribi\u00f3 poes\u00eda cargada de simbolismo.<\/p>\n<p><strong>Temas principales:<\/strong><\/p>\n<p>Identidad nacional y regeneraci\u00f3n espiritual.<\/p>\n<p>Paisajes castellanos como met\u00e1fora del alma espa\u00f1ola.<\/p>\n<p>Reflexiones sobre la vida, la muerte y el tiempo.<\/p>\n<h2><span class=\"ez-toc-section\" id=\"2_Generacion_del_27_Tradicion_y_vanguardia\"><\/span>2. Generaci\u00f3n del 27: Tradici\u00f3n y vanguardia<span class=\"ez-toc-section-end\"><\/span><\/h2>\n<p>La Generaci\u00f3n del 27 es una de las m\u00e1s ricas en la historia literaria espa\u00f1ola. Surgi\u00f3 en los a\u00f1os 20 con el objetivo de combinar tradici\u00f3n y modernidad, rindiendo homenaje a Luis de G\u00f3ngora en su tercer centenario. Estos poetas integraron influencias cl\u00e1sicas con las vanguardias europeas.<\/p>\n<p><strong>Autores destacados:<\/strong><\/p>\n<p>Federico Garc\u00eda Lorca: Maestro del simbolismo y el surrealismo.<\/p>\n<p>Rafael Alberti: Conocido por su versatilidad tem\u00e1tica y estil\u00edstica.<\/p>\n<p>Vicente Aleixandre: Premio Nobel de Literatura, explor\u00f3 el surrealismo y el existencialismo.<\/p>\n<p><strong>Temas principales:<\/strong><\/p>\n<p>Amor, muerte y naturaleza.<\/p>\n<p>Experimentaci\u00f3n formal e innovaci\u00f3n est\u00e9tica.<\/p>\n<p>Influencia del surrealismo y las corrientes vanguardistas.<\/p>\n<h2><span class=\"ez-toc-section\" id=\"3_Generacion_del_36_La_poesia_en_tiempos_de_guerra\"><\/span>3. Generaci\u00f3n del 36: La poes\u00eda en tiempos de guerra<span class=\"ez-toc-section-end\"><\/span><\/h2>\n<p>La Guerra Civil Espa\u00f1ola marc\u00f3 profundamente a los poetas de esta generaci\u00f3n. Divididos entre poes\u00eda arraigada (af\u00edn al franquismo) y desarraigada (cr\u00edtica al r\u00e9gimen), estos autores reflejaron las tensiones sociales y pol\u00edticas de su tiempo.<\/p>\n<p><strong>Autores destacados:<\/strong><\/p>\n<p>Miguel Hern\u00e1ndez: Poeta comprometido cuya obra combina lirismo con denuncia social (El rayo que no cesa).<\/p>\n<p>Luis Rosales: Representante de la poes\u00eda arraigada.<\/p>\n<p>Jos\u00e9 Hierro: Figura clave en la poes\u00eda desarraigada, con un tono existencialista.<\/p>\n<p><strong>Temas principales:<\/strong><\/p>\n<p>La guerra, el exilio y la muerte.<\/p>\n<p>Reflexi\u00f3n sobre la condici\u00f3n humana en tiempos convulsos.<\/p>\n<h2><span class=\"ez-toc-section\" id=\"4_Generacion_del_50_Los_%E2%80%9Cninos_de_la_guerra%E2%80%9D\"><\/span>4. Generaci\u00f3n del 50: Los &#8220;ni\u00f1os de la guerra&#8221;<span class=\"ez-toc-section-end\"><\/span><\/h2>\n<p>Conocida como la generaci\u00f3n de los &#8220;ni\u00f1os de la guerra&#8221;, estos poetas comenzaron a publicar en los a\u00f1os 50. Su obra combina tradici\u00f3n con modernidad, adoptando un tono m\u00e1s intimista pero sin abandonar una cr\u00edtica social.<\/p>\n<p><strong>Autores destacados:<\/strong><\/p>\n<p>Jaime Gil de Biedma: Maestro del coloquialismo ir\u00f3nico.<\/p>\n<p>\u00c1ngel Gonz\u00e1lez: Poeta intimista con una fuerte conciencia social.<\/p>\n<p>Jos\u00e9 \u00c1ngel Valente: Su obra es profundamente filos\u00f3fica.<\/p>\n<p><strong>Temas principales:<\/strong><\/p>\n<p>Reflexi\u00f3n sobre lo cotidiano.<\/p>\n<p>Cr\u00edtica social desde una perspectiva personal.<\/p>\n<p>El paso del tiempo y el desencanto.<\/p>\n<h2><span class=\"ez-toc-section\" id=\"5_Generacion_del_68_o_Novisimos_La_ruptura_experimental\"><\/span>5. Generaci\u00f3n del 68 o Nov\u00edsimos: La ruptura experimental<span class=\"ez-toc-section-end\"><\/span><\/h2>\n<p>Tambi\u00e9n conocida como los &#8220;Nov\u00edsimos&#8221;, esta generaci\u00f3n se caracteriza por su experimentaci\u00f3n formal y su cosmopolitismo. Influenciados por las corrientes contraculturales internacionales, sus obras rompieron con las tradiciones anteriores.<\/p>\n<p><strong>Autores destacados:<\/strong><\/p>\n<p>Pere Gimferrer: Poeta experimental con influencias cinematogr\u00e1ficas.<\/p>\n<p>Manuel V\u00e1zquez Montalb\u00e1n: Autor polifac\u00e9tico que combin\u00f3 poes\u00eda con narrativa.<\/p>\n<p>Ana Mar\u00eda Moix: \u00danica mujer incluida en Nueve nov\u00edsimos poetas espa\u00f1oles.<\/p>\n<p><strong>Temas principales:<\/strong><\/p>\n<p>Cultura pop, cine y referencias internacionales.<\/p>\n<p>Innovaci\u00f3n formal e intertextualidad.<\/p>\n<h2><span class=\"ez-toc-section\" id=\"6_Generacion_de_los_90_Pluralidad_tematica\"><\/span>6. Generaci\u00f3n de los 90: Pluralidad tem\u00e1tica<span class=\"ez-toc-section-end\"><\/span><\/h2>\n<p>La Generaci\u00f3n de los 90 se caracteriza por su diversidad estil\u00edstica y tem\u00e1tica. Estos poetas retoman elementos cl\u00e1sicos mientras integran nuevas preocupaciones sociales, pol\u00edticas e individuales.<\/p>\n<p><strong>Autores destacados:<\/strong><\/p>\n<p>Luis Garc\u00eda Montero: Figura clave en la &#8220;poes\u00eda de la experiencia&#8221;.<\/p>\n<p>Benjam\u00edn Prado: Poeta urbano con un lenguaje directo.<\/p>\n<p>Ana Rossetti: Conocida por su erotismo l\u00edrico.<\/p>\n<p><strong>Temas principales:<\/strong><\/p>\n<p>Lo cotidiano como eje central.<\/p>\n<p>Reflexi\u00f3n sobre las relaciones humanas.<\/p>\n<p>Influencia del contexto urbano contempor\u00e1neo.<\/p>\n<h2><span class=\"ez-toc-section\" id=\"Conclusion\"><\/span>Conclusi\u00f3n<span class=\"ez-toc-section-end\"><\/span><\/h2>\n<p>Estas seis generaciones representan un recorrido fascinante por la evoluci\u00f3n de la poes\u00eda espa\u00f1ola desde finales del siglo XIX hasta finales del siglo XX. Cada una aporta una visi\u00f3n \u00fanica sobre el mundo que les toc\u00f3 vivir, dejando un legado imprescindible para cualquier amante de las letras. Conocerlas es adentrarse en un universo donde tradici\u00f3n e innovaci\u00f3n se entrelazan para dar forma a algunas de las obras m\u00e1s bellas e influyentes de nuestra literatura.<\/p>\n","protected":false},"excerpt":{"rendered":"<p>6 GENERACIONES DE POES\u00cdA QUE DEBES CONOCER SI TE GUSTA LA POES\u00cdA La poes\u00eda espa\u00f1ola ha sido testigo de una evoluci\u00f3n constante a lo largo de los siglos, marcada por generaciones que han dejado su huella en la literatura. Cada una de estas generaciones ha reflejado el contexto hist\u00f3rico, social y cultural de su tiempo,&#8230;<\/p>\n","protected":false},"author":1,"featured_media":8314,"comment_status":"closed","ping_status":"closed","sticky":false,"template":"","format":"standard","meta":{"footnotes":"","_links_to":"","_links_to_target":""},"categories":[5],"tags":[],"class_list":["post-8313","post","type-post","status-publish","format-standard","has-post-thumbnail","hentry","category-noticias"],"yoast_head":"<!-- This site is optimized with the Yoast SEO Premium plugin v24.7 (Yoast SEO v27.5) - https:\/\/yoast.com\/product\/yoast-seo-premium-wordpress\/ -->\n<title>6 GENERACIONES DE POES\u00cdA QUE DEBES CONOCER SI TE GUSTA LA POES\u00cdA - Poes\u00ed\u00ada eres t\u00fa (revista)<\/title>\n<meta name=\"robots\" content=\"index, follow, max-snippet:-1, max-image-preview:large, max-video-preview:-1\" \/>\n<link rel=\"canonical\" href=\"https:\/\/poesiaerestu.com\/revista\/generaciones-poesia-que-debes-conocer-gusta-poesia\/\" \/>\n<meta name=\"twitter:label1\" content=\"Written by\" \/>\n\t<meta name=\"twitter:data1\" content=\"admin\" \/>\n\t<meta name=\"twitter:label2\" content=\"Est. reading time\" \/>\n\t<meta name=\"twitter:data2\" content=\"4 minutes\" \/>\n<script type=\"application\/ld+json\" class=\"yoast-schema-graph\">{\"@context\":\"https:\\\/\\\/schema.org\",\"@graph\":[{\"@type\":\"Article\",\"@id\":\"https:\\\/\\\/poesiaerestu.com\\\/revista\\\/generaciones-poesia-que-debes-conocer-gusta-poesia\\\/#article\",\"isPartOf\":{\"@id\":\"https:\\\/\\\/poesiaerestu.com\\\/revista\\\/generaciones-poesia-que-debes-conocer-gusta-poesia\\\/\"},\"author\":{\"name\":\"admin\",\"@id\":\"https:\\\/\\\/poesiaerestu.com\\\/revista\\\/#\\\/schema\\\/person\\\/fcb1a2122be3810bfdd0c071b4b3e9c4\"},\"headline\":\"6 GENERACIONES DE POES\u00cdA QUE DEBES CONOCER SI TE GUSTA LA POES\u00cdA\",\"datePublished\":\"2024-12-04T22:25:01+00:00\",\"dateModified\":\"2024-12-04T23:29:22+00:00\",\"mainEntityOfPage\":{\"@id\":\"https:\\\/\\\/poesiaerestu.com\\\/revista\\\/generaciones-poesia-que-debes-conocer-gusta-poesia\\\/\"},\"wordCount\":851,\"image\":{\"@id\":\"https:\\\/\\\/poesiaerestu.com\\\/revista\\\/generaciones-poesia-que-debes-conocer-gusta-poesia\\\/#primaryimage\"},\"thumbnailUrl\":\"https:\\\/\\\/poesiaerestu.com\\\/revista\\\/wp-content\\\/uploads\\\/2024\\\/12\\\/autumn-season-still-life-Mediano.jpg\",\"articleSection\":[\"Noticias\"],\"inLanguage\":\"en-US\",\"copyrightYear\":\"2024\",\"copyrightHolder\":{\"@id\":\"https:\\\/\\\/poesiaerestu.com\\\/revista\\\/#organization\"}},{\"@type\":\"WebPage\",\"@id\":\"https:\\\/\\\/poesiaerestu.com\\\/revista\\\/generaciones-poesia-que-debes-conocer-gusta-poesia\\\/\",\"url\":\"https:\\\/\\\/poesiaerestu.com\\\/revista\\\/generaciones-poesia-que-debes-conocer-gusta-poesia\\\/\",\"name\":\"6 GENERACIONES DE POES\u00cdA QUE DEBES CONOCER SI TE GUSTA LA POES\u00cdA - Poes\u00ed\u00ada eres t\u00fa (revista)\",\"isPartOf\":{\"@id\":\"https:\\\/\\\/poesiaerestu.com\\\/revista\\\/#website\"},\"primaryImageOfPage\":{\"@id\":\"https:\\\/\\\/poesiaerestu.com\\\/revista\\\/generaciones-poesia-que-debes-conocer-gusta-poesia\\\/#primaryimage\"},\"image\":{\"@id\":\"https:\\\/\\\/poesiaerestu.com\\\/revista\\\/generaciones-poesia-que-debes-conocer-gusta-poesia\\\/#primaryimage\"},\"thumbnailUrl\":\"https:\\\/\\\/poesiaerestu.com\\\/revista\\\/wp-content\\\/uploads\\\/2024\\\/12\\\/autumn-season-still-life-Mediano.jpg\",\"datePublished\":\"2024-12-04T22:25:01+00:00\",\"dateModified\":\"2024-12-04T23:29:22+00:00\",\"author\":{\"@id\":\"https:\\\/\\\/poesiaerestu.com\\\/revista\\\/#\\\/schema\\\/person\\\/fcb1a2122be3810bfdd0c071b4b3e9c4\"},\"breadcrumb\":{\"@id\":\"https:\\\/\\\/poesiaerestu.com\\\/revista\\\/generaciones-poesia-que-debes-conocer-gusta-poesia\\\/#breadcrumb\"},\"inLanguage\":\"en-US\",\"potentialAction\":[{\"@type\":\"ReadAction\",\"target\":[\"https:\\\/\\\/poesiaerestu.com\\\/revista\\\/generaciones-poesia-que-debes-conocer-gusta-poesia\\\/\"]}]},{\"@type\":\"ImageObject\",\"inLanguage\":\"en-US\",\"@id\":\"https:\\\/\\\/poesiaerestu.com\\\/revista\\\/generaciones-poesia-que-debes-conocer-gusta-poesia\\\/#primaryimage\",\"url\":\"https:\\\/\\\/poesiaerestu.com\\\/revista\\\/wp-content\\\/uploads\\\/2024\\\/12\\\/autumn-season-still-life-Mediano.jpg\",\"contentUrl\":\"https:\\\/\\\/poesiaerestu.com\\\/revista\\\/wp-content\\\/uploads\\\/2024\\\/12\\\/autumn-season-still-life-Mediano.jpg\",\"width\":768,\"height\":1347,\"caption\":\"2. Inviting bookstore atmosphere captured during fall, perfect for literature and poetry lovers.\"},{\"@type\":\"BreadcrumbList\",\"@id\":\"https:\\\/\\\/poesiaerestu.com\\\/revista\\\/generaciones-poesia-que-debes-conocer-gusta-poesia\\\/#breadcrumb\",\"itemListElement\":[{\"@type\":\"ListItem\",\"position\":1,\"name\":\"Home\",\"item\":\"https:\\\/\\\/poesiaerestu.com\\\/revista\\\/\"},{\"@type\":\"ListItem\",\"position\":2,\"name\":\"6 GENERACIONES DE POES\u00cdA QUE DEBES CONOCER SI TE GUSTA LA POES\u00cdA\"}]},{\"@type\":\"WebSite\",\"@id\":\"https:\\\/\\\/poesiaerestu.com\\\/revista\\\/#website\",\"url\":\"https:\\\/\\\/poesiaerestu.com\\\/revista\\\/\",\"name\":\"Poes\u00ed\u00ada eres t\u00fa (revista)\",\"description\":\"Revista de poes\u00eda y literatura\",\"potentialAction\":[{\"@type\":\"SearchAction\",\"target\":{\"@type\":\"EntryPoint\",\"urlTemplate\":\"https:\\\/\\\/poesiaerestu.com\\\/revista\\\/?s={search_term_string}\"},\"query-input\":{\"@type\":\"PropertyValueSpecification\",\"valueRequired\":true,\"valueName\":\"search_term_string\"}}],\"inLanguage\":\"en-US\"},{\"@type\":\"Person\",\"@id\":\"https:\\\/\\\/poesiaerestu.com\\\/revista\\\/#\\\/schema\\\/person\\\/fcb1a2122be3810bfdd0c071b4b3e9c4\",\"name\":\"admin\",\"image\":{\"@type\":\"ImageObject\",\"inLanguage\":\"en-US\",\"@id\":\"https:\\\/\\\/secure.gravatar.com\\\/avatar\\\/1cb55a5bd8d6824519e46b552e84b03575857cc9c4d6333824d2f95d82129f50?s=96&d=mm&r=g\",\"url\":\"https:\\\/\\\/secure.gravatar.com\\\/avatar\\\/1cb55a5bd8d6824519e46b552e84b03575857cc9c4d6333824d2f95d82129f50?s=96&d=mm&r=g\",\"contentUrl\":\"https:\\\/\\\/secure.gravatar.com\\\/avatar\\\/1cb55a5bd8d6824519e46b552e84b03575857cc9c4d6333824d2f95d82129f50?s=96&d=mm&r=g\",\"caption\":\"admin\"},\"url\":\"https:\\\/\\\/poesiaerestu.com\\\/revista\\\/author\\\/admin\\\/\"}]}<\/script>\n<!-- \/ Yoast SEO Premium plugin. -->","yoast_head_json":{"title":"6 GENERACIONES DE POES\u00cdA QUE DEBES CONOCER SI TE GUSTA LA POES\u00cdA - Poes\u00ed\u00ada eres t\u00fa (revista)","robots":{"index":"index","follow":"follow","max-snippet":"max-snippet:-1","max-image-preview":"max-image-preview:large","max-video-preview":"max-video-preview:-1"},"canonical":"https:\/\/poesiaerestu.com\/revista\/generaciones-poesia-que-debes-conocer-gusta-poesia\/","twitter_misc":{"Written by":"admin","Est. reading time":"4 minutes"},"schema":{"@context":"https:\/\/schema.org","@graph":[{"@type":"Article","@id":"https:\/\/poesiaerestu.com\/revista\/generaciones-poesia-que-debes-conocer-gusta-poesia\/#article","isPartOf":{"@id":"https:\/\/poesiaerestu.com\/revista\/generaciones-poesia-que-debes-conocer-gusta-poesia\/"},"author":{"name":"admin","@id":"https:\/\/poesiaerestu.com\/revista\/#\/schema\/person\/fcb1a2122be3810bfdd0c071b4b3e9c4"},"headline":"6 GENERACIONES DE POES\u00cdA QUE DEBES CONOCER SI TE GUSTA LA POES\u00cdA","datePublished":"2024-12-04T22:25:01+00:00","dateModified":"2024-12-04T23:29:22+00:00","mainEntityOfPage":{"@id":"https:\/\/poesiaerestu.com\/revista\/generaciones-poesia-que-debes-conocer-gusta-poesia\/"},"wordCount":851,"image":{"@id":"https:\/\/poesiaerestu.com\/revista\/generaciones-poesia-que-debes-conocer-gusta-poesia\/#primaryimage"},"thumbnailUrl":"https:\/\/poesiaerestu.com\/revista\/wp-content\/uploads\/2024\/12\/autumn-season-still-life-Mediano.jpg","articleSection":["Noticias"],"inLanguage":"en-US","copyrightYear":"2024","copyrightHolder":{"@id":"https:\/\/poesiaerestu.com\/revista\/#organization"}},{"@type":"WebPage","@id":"https:\/\/poesiaerestu.com\/revista\/generaciones-poesia-que-debes-conocer-gusta-poesia\/","url":"https:\/\/poesiaerestu.com\/revista\/generaciones-poesia-que-debes-conocer-gusta-poesia\/","name":"6 GENERACIONES DE POES\u00cdA QUE DEBES CONOCER SI TE GUSTA LA POES\u00cdA - Poes\u00ed\u00ada eres t\u00fa (revista)","isPartOf":{"@id":"https:\/\/poesiaerestu.com\/revista\/#website"},"primaryImageOfPage":{"@id":"https:\/\/poesiaerestu.com\/revista\/generaciones-poesia-que-debes-conocer-gusta-poesia\/#primaryimage"},"image":{"@id":"https:\/\/poesiaerestu.com\/revista\/generaciones-poesia-que-debes-conocer-gusta-poesia\/#primaryimage"},"thumbnailUrl":"https:\/\/poesiaerestu.com\/revista\/wp-content\/uploads\/2024\/12\/autumn-season-still-life-Mediano.jpg","datePublished":"2024-12-04T22:25:01+00:00","dateModified":"2024-12-04T23:29:22+00:00","author":{"@id":"https:\/\/poesiaerestu.com\/revista\/#\/schema\/person\/fcb1a2122be3810bfdd0c071b4b3e9c4"},"breadcrumb":{"@id":"https:\/\/poesiaerestu.com\/revista\/generaciones-poesia-que-debes-conocer-gusta-poesia\/#breadcrumb"},"inLanguage":"en-US","potentialAction":[{"@type":"ReadAction","target":["https:\/\/poesiaerestu.com\/revista\/generaciones-poesia-que-debes-conocer-gusta-poesia\/"]}]},{"@type":"ImageObject","inLanguage":"en-US","@id":"https:\/\/poesiaerestu.com\/revista\/generaciones-poesia-que-debes-conocer-gusta-poesia\/#primaryimage","url":"https:\/\/poesiaerestu.com\/revista\/wp-content\/uploads\/2024\/12\/autumn-season-still-life-Mediano.jpg","contentUrl":"https:\/\/poesiaerestu.com\/revista\/wp-content\/uploads\/2024\/12\/autumn-season-still-life-Mediano.jpg","width":768,"height":1347,"caption":"2. Inviting bookstore atmosphere captured during fall, perfect for literature and poetry lovers."},{"@type":"BreadcrumbList","@id":"https:\/\/poesiaerestu.com\/revista\/generaciones-poesia-que-debes-conocer-gusta-poesia\/#breadcrumb","itemListElement":[{"@type":"ListItem","position":1,"name":"Home","item":"https:\/\/poesiaerestu.com\/revista\/"},{"@type":"ListItem","position":2,"name":"6 GENERACIONES DE POES\u00cdA QUE DEBES CONOCER SI TE GUSTA LA POES\u00cdA"}]},{"@type":"WebSite","@id":"https:\/\/poesiaerestu.com\/revista\/#website","url":"https:\/\/poesiaerestu.com\/revista\/","name":"Poes\u00ed\u00ada eres t\u00fa (revista)","description":"Revista de poes\u00eda y literatura","potentialAction":[{"@type":"SearchAction","target":{"@type":"EntryPoint","urlTemplate":"https:\/\/poesiaerestu.com\/revista\/?s={search_term_string}"},"query-input":{"@type":"PropertyValueSpecification","valueRequired":true,"valueName":"search_term_string"}}],"inLanguage":"en-US"},{"@type":"Person","@id":"https:\/\/poesiaerestu.com\/revista\/#\/schema\/person\/fcb1a2122be3810bfdd0c071b4b3e9c4","name":"admin","image":{"@type":"ImageObject","inLanguage":"en-US","@id":"https:\/\/secure.gravatar.com\/avatar\/1cb55a5bd8d6824519e46b552e84b03575857cc9c4d6333824d2f95d82129f50?s=96&d=mm&r=g","url":"https:\/\/secure.gravatar.com\/avatar\/1cb55a5bd8d6824519e46b552e84b03575857cc9c4d6333824d2f95d82129f50?s=96&d=mm&r=g","contentUrl":"https:\/\/secure.gravatar.com\/avatar\/1cb55a5bd8d6824519e46b552e84b03575857cc9c4d6333824d2f95d82129f50?s=96&d=mm&r=g","caption":"admin"},"url":"https:\/\/poesiaerestu.com\/revista\/author\/admin\/"}]}},"_links":{"self":[{"href":"https:\/\/poesiaerestu.com\/revista\/wp-json\/wp\/v2\/posts\/8313","targetHints":{"allow":["GET"]}}],"collection":[{"href":"https:\/\/poesiaerestu.com\/revista\/wp-json\/wp\/v2\/posts"}],"about":[{"href":"https:\/\/poesiaerestu.com\/revista\/wp-json\/wp\/v2\/types\/post"}],"author":[{"embeddable":true,"href":"https:\/\/poesiaerestu.com\/revista\/wp-json\/wp\/v2\/users\/1"}],"replies":[{"embeddable":true,"href":"https:\/\/poesiaerestu.com\/revista\/wp-json\/wp\/v2\/comments?post=8313"}],"version-history":[{"count":0,"href":"https:\/\/poesiaerestu.com\/revista\/wp-json\/wp\/v2\/posts\/8313\/revisions"}],"wp:featuredmedia":[{"embeddable":true,"href":"https:\/\/poesiaerestu.com\/revista\/wp-json\/wp\/v2\/media\/8314"}],"wp:attachment":[{"href":"https:\/\/poesiaerestu.com\/revista\/wp-json\/wp\/v2\/media?parent=8313"}],"wp:term":[{"taxonomy":"category","embeddable":true,"href":"https:\/\/poesiaerestu.com\/revista\/wp-json\/wp\/v2\/categories?post=8313"},{"taxonomy":"post_tag","embeddable":true,"href":"https:\/\/poesiaerestu.com\/revista\/wp-json\/wp\/v2\/tags?post=8313"}],"curies":[{"name":"wp","href":"https:\/\/api.w.org\/{rel}","templated":true}]}}