{"id":7791,"date":"2023-05-22T12:33:07","date_gmt":"2023-05-22T10:33:07","guid":{"rendered":"https:\/\/poesiaerestu.com\/revista\/?p=7791"},"modified":"2023-05-22T12:42:01","modified_gmt":"2023-05-22T10:42:01","slug":"francisco-delgado-iribarren-la-naturaleza-aporta-quietud-paz-armonia-belleza","status":"publish","type":"post","link":"https:\/\/poesiaerestu.com\/revista\/francisco-delgado-iribarren-la-naturaleza-aporta-quietud-paz-armonia-belleza\/","title":{"rendered":"Francisco Delgado-Iribarren: &#8220;La naturaleza me aporta quietud y paz, armon\u00eda y belleza&#8221;"},"content":{"rendered":"<section class=\"l-section wpb_row height_medium\"><div class=\"l-section-h i-cf\"><div class=\"g-cols vc_row via_flex valign_top type_default stacking_default\"><div class=\"vc_col-sm-12 wpb_column vc_column_container\"><div class=\"vc_column-inner\"><div class=\"wpb_wrapper\"><div class=\"wpb_text_column\"><div class=\"wpb_wrapper\"><h4><span class=\"ez-toc-section\" id=\"Francisco_Delgado-Iribarren_Cruz_es_el_autor_de_El_pescador_de_haikus_su_segundo_libro_de_haikus_tras_El_cazador_de_haikus\"><\/span>Francisco Delgado-Iribarren Cruz es el autor de <em>El pescador de haikus,<\/em> su segundo libro de haikus tras <em>El cazador de haikus<\/em>.<span class=\"ez-toc-section-end\"><\/span><\/h4><div id=\"ez-toc-container\" class=\"ez-toc-v2_0_82_2 counter-hierarchy ez-toc-counter ez-toc-grey ez-toc-container-direction\">\n<p class=\"ez-toc-title\" style=\"cursor:inherit\">\u00cdndice<\/p>\n<label for=\"ez-toc-cssicon-toggle-item-69f59e84314ca\" class=\"ez-toc-cssicon-toggle-label\"><span class=\"\"><span class=\"eztoc-hide\" style=\"display:none;\">Toggle<\/span><span class=\"ez-toc-icon-toggle-span\"><svg style=\"fill: #81d742;color:#81d742\" xmlns=\"http:\/\/www.w3.org\/2000\/svg\" class=\"list-377408\" width=\"20px\" height=\"20px\" viewBox=\"0 0 24 24\" fill=\"none\"><path d=\"M6 6H4v2h2V6zm14 0H8v2h12V6zM4 11h2v2H4v-2zm16 0H8v2h12v-2zM4 16h2v2H4v-2zm16 0H8v2h12v-2z\" fill=\"currentColor\"><\/path><\/svg><svg style=\"fill: #81d742;color:#81d742\" class=\"arrow-unsorted-368013\" xmlns=\"http:\/\/www.w3.org\/2000\/svg\" width=\"10px\" height=\"10px\" viewBox=\"0 0 24 24\" version=\"1.2\" baseProfile=\"tiny\"><path d=\"M18.2 9.3l-6.2-6.3-6.2 6.3c-.2.2-.3.4-.3.7s.1.5.3.7c.2.2.4.3.7.3h11c.3 0 .5-.1.7-.3.2-.2.3-.5.3-.7s-.1-.5-.3-.7zM5.8 14.7l6.2 6.3 6.2-6.3c.2-.2.3-.5.3-.7s-.1-.5-.3-.7c-.2-.2-.4-.3-.7-.3h-11c-.3 0-.5.1-.7.3-.2.2-.3.5-.3.7s.1.5.3.7z\"\/><\/svg><\/span><\/span><\/label><input type=\"checkbox\"  id=\"ez-toc-cssicon-toggle-item-69f59e84314ca\" checked aria-label=\"Toggle\" \/><nav><ul class='ez-toc-list ez-toc-list-level-1 ' ><li class='ez-toc-page-1 ez-toc-heading-level-4'><a class=\"ez-toc-link ez-toc-heading-1\" href=\"https:\/\/poesiaerestu.com\/revista\/francisco-delgado-iribarren-la-naturaleza-aporta-quietud-paz-armonia-belleza\/#Francisco_Delgado-Iribarren_Cruz_es_el_autor_de_El_pescador_de_haikus_su_segundo_libro_de_haikus_tras_El_cazador_de_haikus\" >Francisco Delgado-Iribarren Cruz es el autor de El pescador de haikus, su segundo libro de haikus tras El cazador de haikus.<\/a><\/li><li class='ez-toc-page-1 ez-toc-heading-level-4'><a class=\"ez-toc-link ez-toc-heading-2\" href=\"https:\/\/poesiaerestu.com\/revista\/francisco-delgado-iribarren-la-naturaleza-aporta-quietud-paz-armonia-belleza\/#P-_%C2%BFEs_El_pescador_Haikus_la_segunda_parte_de_El_cazador_de_haikus\" >P.- \u00bfEs El pescador Haikus la segunda parte de El cazador de haikus?<\/a><\/li><li class='ez-toc-page-1 ez-toc-heading-level-4'><a class=\"ez-toc-link ez-toc-heading-3\" href=\"https:\/\/poesiaerestu.com\/revista\/francisco-delgado-iribarren-la-naturaleza-aporta-quietud-paz-armonia-belleza\/#P-_%C2%BFPor_que_esta_segunda_entrega\" >P.- \u00bfPor qu\u00e9 esta segunda entrega?<\/a><\/li><li class='ez-toc-page-1 ez-toc-heading-level-4'><a class=\"ez-toc-link ez-toc-heading-4\" href=\"https:\/\/poesiaerestu.com\/revista\/francisco-delgado-iribarren-la-naturaleza-aporta-quietud-paz-armonia-belleza\/#P-_El_pescador_de_haikus_tiene_su_origen_en_Africa_%C2%BFque_relacion_tiene_con_este_continente_y_como_lo_escribiste_durante_tu_viaje_despues_del_viaje\" >P.- El pescador de haikus tiene su origen en \u00c1frica, \u00bfqu\u00e9 relaci\u00f3n tiene con este continente y como lo escribiste (durante tu viaje, despu\u00e9s del viaje)?<\/a><\/li><li class='ez-toc-page-1 ez-toc-heading-level-4'><a class=\"ez-toc-link ez-toc-heading-5\" href=\"https:\/\/poesiaerestu.com\/revista\/francisco-delgado-iribarren-la-naturaleza-aporta-quietud-paz-armonia-belleza\/#P-_En_El_pesador_de_haikus_aparecen_muchos_elementos_de_la_naturaleza_que_se_repiten_en_tus_poemas_Luna_noche_playa_mar_%C2%BFLa_naturaleza_te_inspira_a_escribir\" >P.- En El pesador de haikus aparecen muchos elementos de la naturaleza que se repiten en tus poemas: Luna, noche, playa, mar. \u00bfLa naturaleza te inspira a escribir?<\/a><\/li><li class='ez-toc-page-1 ez-toc-heading-level-4'><a class=\"ez-toc-link ez-toc-heading-6\" href=\"https:\/\/poesiaerestu.com\/revista\/francisco-delgado-iribarren-la-naturaleza-aporta-quietud-paz-armonia-belleza\/#P-_Hay_una_historia_de_amor_o_de_desamor_en_El_pescador_de_haikus_que_conduce_a_la_soledad_del_poeta_%C2%BFComo_es_ese_proceso_que_inspira_al_poeta\" >P.- Hay una historia de amor o de desamor en El pescador de haikus que conduce a la soledad del poeta. \u00bfC\u00f3mo es ese proceso que inspira al poeta?<\/a><\/li><li class='ez-toc-page-1 ez-toc-heading-level-4'><a class=\"ez-toc-link ez-toc-heading-7\" href=\"https:\/\/poesiaerestu.com\/revista\/francisco-delgado-iribarren-la-naturaleza-aporta-quietud-paz-armonia-belleza\/#P-_Me_resulta_inevitable_preguntar_si_estas_trabajando_en_otro_libro_o_hay_una_pausa_tras_El_pescador_haikus\" >P.- Me resulta inevitable preguntar si est\u00e1s trabajando en otro libro o hay una pausa tras El pescador haikus.<\/a><\/li><\/ul><\/nav><\/div>\n\n<p>&nbsp;<\/p>\n<h4><span class=\"ez-toc-section\" id=\"P-_%C2%BFEs_El_pescador_Haikus_la_segunda_parte_de_El_cazador_de_haikus\"><\/span>P.- \u00bfEs <em>El pescador Haikus<\/em> la segunda parte de <em>El cazador de haikus<\/em>?<span class=\"ez-toc-section-end\"><\/span><\/h4>\n<p>R.- S\u00ed. Como suelo decir, son hermanos. Isabel Ramos escribe en el pr\u00f3logo que son hermanos mellizos, que no gemelos, mientras que yo escribo en la solapa que <em>El cazador <\/em>es el hermano mayor de <em>El pescador.<\/em> De lo que no cabe duda es de que son hermanos de un mismo padre, que soy yo, el autor, y de una misma madre, que es la musa de los haikus.<\/p>\n<p>&nbsp;<\/p>\n<h4><span class=\"ez-toc-section\" id=\"P-_%C2%BFPor_que_esta_segunda_entrega\"><\/span>P.- \u00bfPor qu\u00e9 esta segunda entrega?<span class=\"ez-toc-section-end\"><\/span><\/h4>\n<p>R.- Mi romance con la musa de los haikus fue muy fruct\u00edfero, hasta el punto que entre los dos concebimos unos trescientos de ellos. Pens\u00e9 que cien era la dosis adecuada para cada libro. Eso significa que a\u00fan tengo m\u00e1s de cien posibles haikus in\u00e9ditos en mi ordenador. Son algo as\u00ed como los \u00f3vulos guardados en el congelador, para m\u00e1s adelante, quiz\u00e1.<\/p>\n<p>&nbsp;<\/p>\n<h4><span class=\"ez-toc-section\" id=\"P-_El_pescador_de_haikus_tiene_su_origen_en_Africa_%C2%BFque_relacion_tiene_con_este_continente_y_como_lo_escribiste_durante_tu_viaje_despues_del_viaje\"><\/span>P.- <em>El pescador de haikus<\/em> tiene su origen en \u00c1frica, \u00bfqu\u00e9 relaci\u00f3n tiene con este continente y como lo escribiste (durante tu viaje, despu\u00e9s del viaje)?<span class=\"ez-toc-section-end\"><\/span><\/h4>\n<p>R.- Un buen n\u00famero de los haikus est\u00e1n escritos en \u00c1frica, como ya sucede en <em>El cazador.<\/em> En concreto, en la costa keniana, adonde me han llevado el amor y la literatura. Mombasa ha sido una ciudad de poetas durante siglos, al menos eso dice la <em>Lonely Planet,<\/em> y yo ten\u00eda que sumarme a su n\u00f3mina. En Mombasa me cas\u00e9 mientras conceb\u00eda este libro y en Lamu, otro enclave suajili de Kenia, viv\u00ed mi luna de miel, reflejada en los \u00faltimos cinco haikus.<\/p>\n<p>Pero tambi\u00e9n hay haikus escritos en Madrid, Valencia, Benicasim, en un tren o en un avi\u00f3n. Lo bueno de los haikus es que se pueden escribir en un periquete; incluso aunque no tengas un cuaderno a mano (que yo lo suelo tener), es muy f\u00e1cil retenerlos en la memoria.<\/p>\n<p>Fue a mi vuelta a Espa\u00f1a cuando hice la selecci\u00f3n y ordenaci\u00f3n definitivas.<\/p>\n<p>&nbsp;<\/p>\n<h4><span class=\"ez-toc-section\" id=\"P-_En_El_pesador_de_haikus_aparecen_muchos_elementos_de_la_naturaleza_que_se_repiten_en_tus_poemas_Luna_noche_playa_mar_%C2%BFLa_naturaleza_te_inspira_a_escribir\"><\/span>P.- En <em>El pesador de haikus<\/em> aparecen muchos elementos de la naturaleza que se repiten en tus poemas: Luna, noche, playa, mar. \u00bfLa naturaleza te inspira a escribir?<span class=\"ez-toc-section-end\"><\/span><\/h4>\n<p>R.- Much\u00edsimo. La naturaleza me aporta quietud y paz, armon\u00eda y belleza\u2026 las necesarias para escribir haikus. Hay que tener en cuenta que, originalmente, los haikus japoneses pretenden la plasmaci\u00f3n de una imagen o suceso de la naturaleza. Adem\u00e1s, la naturaleza me ayuda a conectar con la espiritualidad, con mi conciencia profunda.<\/p>\n<p>Particularmente, el mar, la playa, la noche y la luna me inspiran de manera especial. Me pasa como a Serrat, que nac\u00ed en el Mediterr\u00e1neo. Aunque yo en Valencia, no en Barcelona. Nac\u00ed en la calle Manuel Candela, a dos kil\u00f3metros del mar. Yo tambi\u00e9n tengo alma de marinero y algunas otras de las caracter\u00edsticas que canta Serrat en <em>Mediterr\u00e1neo.<\/em><\/p>\n<p>&nbsp;<\/p>\n<h4><span class=\"ez-toc-section\" id=\"P-_Hay_una_historia_de_amor_o_de_desamor_en_El_pescador_de_haikus_que_conduce_a_la_soledad_del_poeta_%C2%BFComo_es_ese_proceso_que_inspira_al_poeta\"><\/span>P.- Hay una historia de amor o de desamor en <em>El pescador de haikus<\/em> que conduce a la soledad del poeta. \u00bfC\u00f3mo es ese proceso que inspira al poeta?<span class=\"ez-toc-section-end\"><\/span><\/h4>\n<p>R.- Tanto en <em>El cazador<\/em> como en <em>El pescador<\/em> se mezclan haikus de amor y desamor, junto con otros sentimientos. Los haikus hablan de distintas personas que est\u00e1n en mi coraz\u00f3n y me producen sentimientos diversos. Yo siempre he pensado, como luego escuch\u00e9 decir a Borges, que un artista es alguien que transforma su experiencia en arte. Cuando cog\u00ed el truco a los haikus, de forma natural emple\u00e9 esta forma m\u00e9trica para dar salida a mucho de lo que ten\u00eda por expresar. Esto hace que pueda estar escribiendo en el mismo poemario sobre un amor del presente y un desamor del pasado.<\/p>\n<p>&nbsp;<\/p>\n<h4><span class=\"ez-toc-section\" id=\"P-_Me_resulta_inevitable_preguntar_si_estas_trabajando_en_otro_libro_o_hay_una_pausa_tras_El_pescador_haikus\"><\/span>P.- Me resulta inevitable preguntar si est\u00e1s trabajando en otro libro o hay una pausa tras <em>El pescador haikus.<\/em><span class=\"ez-toc-section-end\"><\/span><\/h4>\n<p>R.- Llevo tiempo trabajando en una novela\u2026 Pero ya se sabe que las novelas llevan su tiempo. En cuanto a poes\u00eda, sigo escribiendo poemas con m\u00e9trica y con rima, y ya vislumbro un poemario solo de amor, sin ninguna canci\u00f3n desesperada.<\/p>\n<\/div><\/div><div class=\"w-popup us_custom_eb849559 w-btn-wrapper align_none\"><button type=\"button\" aria-label=\"EL PESCADOR DE HAIKUS\" class=\"w-popup-trigger type_btn w-btn us-btn-style_1\"><span class=\"w-btn-label\">EL PESCADOR DE HAIKUS<\/span><\/button><div class=\"w-popup-overlay\" style=\"background:rgba(0,0,0,0.85);\"><\/div><div class=\"w-popup-wrap layout_default\" role=\"dialog\" aria-modal=\"true\" aria-label=\"EL PESCADOR DE HAIKUS\" style=\"--title-color:var(--color-content-heading);--title-bg-color:var(--color-content-bg-alt);--content-color:var(--color-content-text);--content-bg-color:var(--color-content-bg);--popup-width:600px;--popup-padding:5%;\"><button aria-label=\"Close\" class=\"w-popup-closer\" type=\"button\"><\/button><div class=\"w-popup-box animation_fadeIn closerpos_outside with_title\"><div class=\"w-popup-box-h\"><div class=\"w-popup-box-title\">EL PESCADOR DE HAIKUS<\/div><div class=\"w-popup-box-content\"><p><a href=\"https:\/\/edicionesrilke.com\/pescador-haikus-francisco-delgado-iribarren-cruz\/\">EL PESCADOR DE HAIKUS<\/a><\/p>\n<p><strong><img loading=\"lazy\" decoding=\"async\" src=\"https:\/\/poesiaerestu.com\/revista\/wp-content\/uploads\/2023\/05\/book1.png\" height=\"794\" width=\"839\" class=\"aligncenter size-full wp-image-7796\" alt=\"1. Portada del libro &quot;El Pescador de Haikus&quot; de Francisco Delgado-Iribarren Cruz.\" srcset=\"https:\/\/poesiaerestu.com\/revista\/wp-content\/uploads\/2023\/05\/book1.png 839w, https:\/\/poesiaerestu.com\/revista\/wp-content\/uploads\/2023\/05\/book1-300x284.png 300w, https:\/\/poesiaerestu.com\/revista\/wp-content\/uploads\/2023\/05\/book1-600x568.png 600w, https:\/\/poesiaerestu.com\/revista\/wp-content\/uploads\/2023\/05\/book1-768x727.png 768w, https:\/\/poesiaerestu.com\/revista\/wp-content\/uploads\/2023\/05\/book1-700x662.png 700w\" sizes=\"auto, (max-width: 839px) 100vw, 839px\" \/> T\u00edtulo:<\/strong> EL PESCADOR DE HAIKUS<\/p>\n<p><strong>\u00a0<\/strong><\/p>\n<p><strong>Autor:<\/strong> FRANCISCO DELGADO-IRIBARREN CRUZ<\/p>\n<p><a href=\"https:\/\/nuestrosescritores.com\/franciscodelgado-iribarrencruz\/\">https:\/\/nuestrosescritores.com\/franciscodelgado-iribarrencruz\/<\/a><\/p>\n<p>\u00a0<\/p>\n<p>A\u00f1o de Publicaci\u00f3n: 2022<\/p>\n<p>Colecci\u00f3n: Poes\u00eda<\/p>\n<p>\u00a0<\/p>\n<p>ISBN-13: 978-84-18566-31-8<\/p>\n<p>\u00a0<\/p>\n<p>Editorial: Rilke<\/p>\n<p><a href=\"http:\/\/edicionesrilke.com\">http:\/\/edicionesrilke.com<\/a><\/p>\n<p>\u00a0<\/p>\n<p>PVP: 12 Euros (IVA Incluido).<\/p>\n<p>\u00a0<\/p>\n<p>P\u00e1gs. 114<\/p>\n<p><strong>\u00a0<\/strong><\/p>\n<p><strong>\u00a0<\/strong><\/p>\n<p><strong>\u00a0<\/strong><\/p>\n<p><strong>RESE\u00d1A:<\/strong><\/p>\n<p>\u00a0<\/p>\n<p><em>El pescador<\/em> es hermano mellizo, que no gemelo, de <em>El cazador,<\/em> y sigue su estela de estrofas potentes y evocadoras. Francisco es observador y sensible, de ah\u00ed sus haikus precisos y elegantes. Es un poeta del desamor que busca el amor perfecto sin quimeras, y va a encontrarlo en \u00c1frica\u2026 En medio del amor que inunda el poemario, emergen tambi\u00e9n sus desvelos, el pesar por el dolor ajeno, la conciencia del paso del tiempo\u2026 (Pr\u00f3logo de Isabel Ramos)<\/p>\n<\/div><\/div><\/div><\/div><\/div><\/div><\/div><\/div><\/div><\/div><\/section>\n","protected":false},"excerpt":{"rendered":"Francisco Delgado-Iribarren Cruz es el autor de El pescador de haikus, su segundo libro de haikus tras El cazador de haikus. &nbsp; P.- \u00bfEs El pescador Haikus la segunda parte de El cazador de haikus? R.- S\u00ed. Como suelo decir, son hermanos. Isabel Ramos escribe en el pr\u00f3logo que son hermanos mellizos, que no gemelos,...","protected":false},"author":1,"featured_media":7643,"comment_status":"closed","ping_status":"closed","sticky":false,"template":"","format":"standard","meta":{"footnotes":"","_links_to":"","_links_to_target":""},"categories":[4],"tags":[],"class_list":["post-7791","post","type-post","status-publish","format-standard","has-post-thumbnail","hentry","category-entrevistas"],"yoast_head":"<!-- This site is optimized with the Yoast SEO Premium plugin v24.7 (Yoast SEO v27.5) - https:\/\/yoast.com\/product\/yoast-seo-premium-wordpress\/ -->\n<title>Francisco Delgado-Iribarren: &quot;La naturaleza me aporta quietud y paz, armon\u00eda y belleza&quot; - Poes\u00ed\u00ada eres t\u00fa (revista)<\/title>\n<meta name=\"robots\" content=\"index, follow, max-snippet:-1, max-image-preview:large, max-video-preview:-1\" \/>\n<link rel=\"canonical\" href=\"https:\/\/poesiaerestu.com\/revista\/francisco-delgado-iribarren-la-naturaleza-aporta-quietud-paz-armonia-belleza\/\" \/>\n<meta name=\"twitter:label1\" content=\"Written by\" \/>\n\t<meta name=\"twitter:data1\" content=\"admin\" \/>\n\t<meta name=\"twitter:label2\" content=\"Est. reading time\" \/>\n\t<meta name=\"twitter:data2\" content=\"4 minutes\" \/>\n<script type=\"application\/ld+json\" class=\"yoast-schema-graph\">{\"@context\":\"https:\\\/\\\/schema.org\",\"@graph\":[{\"@type\":\"Article\",\"@id\":\"https:\\\/\\\/poesiaerestu.com\\\/revista\\\/francisco-delgado-iribarren-la-naturaleza-aporta-quietud-paz-armonia-belleza\\\/#article\",\"isPartOf\":{\"@id\":\"https:\\\/\\\/poesiaerestu.com\\\/revista\\\/francisco-delgado-iribarren-la-naturaleza-aporta-quietud-paz-armonia-belleza\\\/\"},\"author\":{\"name\":\"admin\",\"@id\":\"https:\\\/\\\/poesiaerestu.com\\\/revista\\\/#\\\/schema\\\/person\\\/fcb1a2122be3810bfdd0c071b4b3e9c4\"},\"headline\":\"Francisco Delgado-Iribarren: &#8220;La naturaleza me aporta quietud y paz, armon\u00eda y belleza&#8221;\",\"datePublished\":\"2023-05-22T10:33:07+00:00\",\"dateModified\":\"2023-05-22T10:42:01+00:00\",\"mainEntityOfPage\":{\"@id\":\"https:\\\/\\\/poesiaerestu.com\\\/revista\\\/francisco-delgado-iribarren-la-naturaleza-aporta-quietud-paz-armonia-belleza\\\/\"},\"wordCount\":905,\"image\":{\"@id\":\"https:\\\/\\\/poesiaerestu.com\\\/revista\\\/francisco-delgado-iribarren-la-naturaleza-aporta-quietud-paz-armonia-belleza\\\/#primaryimage\"},\"thumbnailUrl\":\"https:\\\/\\\/poesiaerestu.com\\\/revista\\\/wp-content\\\/uploads\\\/2020\\\/05\\\/FichaAutor-scaled.png\",\"articleSection\":[\"Entrevistas\"],\"inLanguage\":\"en-US\",\"copyrightYear\":\"2023\",\"copyrightHolder\":{\"@id\":\"https:\\\/\\\/poesiaerestu.com\\\/revista\\\/#organization\"}},{\"@type\":\"WebPage\",\"@id\":\"https:\\\/\\\/poesiaerestu.com\\\/revista\\\/francisco-delgado-iribarren-la-naturaleza-aporta-quietud-paz-armonia-belleza\\\/\",\"url\":\"https:\\\/\\\/poesiaerestu.com\\\/revista\\\/francisco-delgado-iribarren-la-naturaleza-aporta-quietud-paz-armonia-belleza\\\/\",\"name\":\"Francisco Delgado-Iribarren: \\\"La naturaleza me aporta quietud y paz, armon\u00eda y belleza\\\" - Poes\u00ed\u00ada eres t\u00fa (revista)\",\"isPartOf\":{\"@id\":\"https:\\\/\\\/poesiaerestu.com\\\/revista\\\/#website\"},\"primaryImageOfPage\":{\"@id\":\"https:\\\/\\\/poesiaerestu.com\\\/revista\\\/francisco-delgado-iribarren-la-naturaleza-aporta-quietud-paz-armonia-belleza\\\/#primaryimage\"},\"image\":{\"@id\":\"https:\\\/\\\/poesiaerestu.com\\\/revista\\\/francisco-delgado-iribarren-la-naturaleza-aporta-quietud-paz-armonia-belleza\\\/#primaryimage\"},\"thumbnailUrl\":\"https:\\\/\\\/poesiaerestu.com\\\/revista\\\/wp-content\\\/uploads\\\/2020\\\/05\\\/FichaAutor-scaled.png\",\"datePublished\":\"2023-05-22T10:33:07+00:00\",\"dateModified\":\"2023-05-22T10:42:01+00:00\",\"author\":{\"@id\":\"https:\\\/\\\/poesiaerestu.com\\\/revista\\\/#\\\/schema\\\/person\\\/fcb1a2122be3810bfdd0c071b4b3e9c4\"},\"breadcrumb\":{\"@id\":\"https:\\\/\\\/poesiaerestu.com\\\/revista\\\/francisco-delgado-iribarren-la-naturaleza-aporta-quietud-paz-armonia-belleza\\\/#breadcrumb\"},\"inLanguage\":\"en-US\",\"potentialAction\":[{\"@type\":\"ReadAction\",\"target\":[\"https:\\\/\\\/poesiaerestu.com\\\/revista\\\/francisco-delgado-iribarren-la-naturaleza-aporta-quietud-paz-armonia-belleza\\\/\"]}]},{\"@type\":\"ImageObject\",\"inLanguage\":\"en-US\",\"@id\":\"https:\\\/\\\/poesiaerestu.com\\\/revista\\\/francisco-delgado-iribarren-la-naturaleza-aporta-quietud-paz-armonia-belleza\\\/#primaryimage\",\"url\":\"https:\\\/\\\/poesiaerestu.com\\\/revista\\\/wp-content\\\/uploads\\\/2020\\\/05\\\/FichaAutor-scaled.png\",\"contentUrl\":\"https:\\\/\\\/poesiaerestu.com\\\/revista\\\/wp-content\\\/uploads\\\/2020\\\/05\\\/FichaAutor-scaled.png\",\"width\":1456,\"height\":1024,\"caption\":\"Revista Poes\u00ed\u00ada eres t\u00fa: publicaci\u00f3n de poes\u00eda moderna y art\u00edstica.\"},{\"@type\":\"BreadcrumbList\",\"@id\":\"https:\\\/\\\/poesiaerestu.com\\\/revista\\\/francisco-delgado-iribarren-la-naturaleza-aporta-quietud-paz-armonia-belleza\\\/#breadcrumb\",\"itemListElement\":[{\"@type\":\"ListItem\",\"position\":1,\"name\":\"Home\",\"item\":\"https:\\\/\\\/poesiaerestu.com\\\/revista\\\/\"},{\"@type\":\"ListItem\",\"position\":2,\"name\":\"Francisco Delgado-Iribarren: &#8220;La naturaleza me aporta quietud y paz, armon\u00eda y belleza&#8221;\"}]},{\"@type\":\"WebSite\",\"@id\":\"https:\\\/\\\/poesiaerestu.com\\\/revista\\\/#website\",\"url\":\"https:\\\/\\\/poesiaerestu.com\\\/revista\\\/\",\"name\":\"Poes\u00ed\u00ada eres t\u00fa (revista)\",\"description\":\"Revista de poes\u00eda y literatura\",\"potentialAction\":[{\"@type\":\"SearchAction\",\"target\":{\"@type\":\"EntryPoint\",\"urlTemplate\":\"https:\\\/\\\/poesiaerestu.com\\\/revista\\\/?s={search_term_string}\"},\"query-input\":{\"@type\":\"PropertyValueSpecification\",\"valueRequired\":true,\"valueName\":\"search_term_string\"}}],\"inLanguage\":\"en-US\"},{\"@type\":\"Person\",\"@id\":\"https:\\\/\\\/poesiaerestu.com\\\/revista\\\/#\\\/schema\\\/person\\\/fcb1a2122be3810bfdd0c071b4b3e9c4\",\"name\":\"admin\",\"image\":{\"@type\":\"ImageObject\",\"inLanguage\":\"en-US\",\"@id\":\"https:\\\/\\\/secure.gravatar.com\\\/avatar\\\/1cb55a5bd8d6824519e46b552e84b03575857cc9c4d6333824d2f95d82129f50?s=96&d=mm&r=g\",\"url\":\"https:\\\/\\\/secure.gravatar.com\\\/avatar\\\/1cb55a5bd8d6824519e46b552e84b03575857cc9c4d6333824d2f95d82129f50?s=96&d=mm&r=g\",\"contentUrl\":\"https:\\\/\\\/secure.gravatar.com\\\/avatar\\\/1cb55a5bd8d6824519e46b552e84b03575857cc9c4d6333824d2f95d82129f50?s=96&d=mm&r=g\",\"caption\":\"admin\"},\"url\":\"https:\\\/\\\/poesiaerestu.com\\\/revista\\\/author\\\/admin\\\/\"}]}<\/script>\n<!-- \/ Yoast SEO Premium plugin. -->","yoast_head_json":{"title":"Francisco Delgado-Iribarren: \"La naturaleza me aporta quietud y paz, armon\u00eda y belleza\" - Poes\u00ed\u00ada eres t\u00fa (revista)","robots":{"index":"index","follow":"follow","max-snippet":"max-snippet:-1","max-image-preview":"max-image-preview:large","max-video-preview":"max-video-preview:-1"},"canonical":"https:\/\/poesiaerestu.com\/revista\/francisco-delgado-iribarren-la-naturaleza-aporta-quietud-paz-armonia-belleza\/","twitter_misc":{"Written by":"admin","Est. reading time":"4 minutes"},"schema":{"@context":"https:\/\/schema.org","@graph":[{"@type":"Article","@id":"https:\/\/poesiaerestu.com\/revista\/francisco-delgado-iribarren-la-naturaleza-aporta-quietud-paz-armonia-belleza\/#article","isPartOf":{"@id":"https:\/\/poesiaerestu.com\/revista\/francisco-delgado-iribarren-la-naturaleza-aporta-quietud-paz-armonia-belleza\/"},"author":{"name":"admin","@id":"https:\/\/poesiaerestu.com\/revista\/#\/schema\/person\/fcb1a2122be3810bfdd0c071b4b3e9c4"},"headline":"Francisco Delgado-Iribarren: &#8220;La naturaleza me aporta quietud y paz, armon\u00eda y belleza&#8221;","datePublished":"2023-05-22T10:33:07+00:00","dateModified":"2023-05-22T10:42:01+00:00","mainEntityOfPage":{"@id":"https:\/\/poesiaerestu.com\/revista\/francisco-delgado-iribarren-la-naturaleza-aporta-quietud-paz-armonia-belleza\/"},"wordCount":905,"image":{"@id":"https:\/\/poesiaerestu.com\/revista\/francisco-delgado-iribarren-la-naturaleza-aporta-quietud-paz-armonia-belleza\/#primaryimage"},"thumbnailUrl":"https:\/\/poesiaerestu.com\/revista\/wp-content\/uploads\/2020\/05\/FichaAutor-scaled.png","articleSection":["Entrevistas"],"inLanguage":"en-US","copyrightYear":"2023","copyrightHolder":{"@id":"https:\/\/poesiaerestu.com\/revista\/#organization"}},{"@type":"WebPage","@id":"https:\/\/poesiaerestu.com\/revista\/francisco-delgado-iribarren-la-naturaleza-aporta-quietud-paz-armonia-belleza\/","url":"https:\/\/poesiaerestu.com\/revista\/francisco-delgado-iribarren-la-naturaleza-aporta-quietud-paz-armonia-belleza\/","name":"Francisco Delgado-Iribarren: \"La naturaleza me aporta quietud y paz, armon\u00eda y belleza\" - Poes\u00ed\u00ada eres t\u00fa (revista)","isPartOf":{"@id":"https:\/\/poesiaerestu.com\/revista\/#website"},"primaryImageOfPage":{"@id":"https:\/\/poesiaerestu.com\/revista\/francisco-delgado-iribarren-la-naturaleza-aporta-quietud-paz-armonia-belleza\/#primaryimage"},"image":{"@id":"https:\/\/poesiaerestu.com\/revista\/francisco-delgado-iribarren-la-naturaleza-aporta-quietud-paz-armonia-belleza\/#primaryimage"},"thumbnailUrl":"https:\/\/poesiaerestu.com\/revista\/wp-content\/uploads\/2020\/05\/FichaAutor-scaled.png","datePublished":"2023-05-22T10:33:07+00:00","dateModified":"2023-05-22T10:42:01+00:00","author":{"@id":"https:\/\/poesiaerestu.com\/revista\/#\/schema\/person\/fcb1a2122be3810bfdd0c071b4b3e9c4"},"breadcrumb":{"@id":"https:\/\/poesiaerestu.com\/revista\/francisco-delgado-iribarren-la-naturaleza-aporta-quietud-paz-armonia-belleza\/#breadcrumb"},"inLanguage":"en-US","potentialAction":[{"@type":"ReadAction","target":["https:\/\/poesiaerestu.com\/revista\/francisco-delgado-iribarren-la-naturaleza-aporta-quietud-paz-armonia-belleza\/"]}]},{"@type":"ImageObject","inLanguage":"en-US","@id":"https:\/\/poesiaerestu.com\/revista\/francisco-delgado-iribarren-la-naturaleza-aporta-quietud-paz-armonia-belleza\/#primaryimage","url":"https:\/\/poesiaerestu.com\/revista\/wp-content\/uploads\/2020\/05\/FichaAutor-scaled.png","contentUrl":"https:\/\/poesiaerestu.com\/revista\/wp-content\/uploads\/2020\/05\/FichaAutor-scaled.png","width":1456,"height":1024,"caption":"Revista Poes\u00ed\u00ada eres t\u00fa: publicaci\u00f3n de poes\u00eda moderna y art\u00edstica."},{"@type":"BreadcrumbList","@id":"https:\/\/poesiaerestu.com\/revista\/francisco-delgado-iribarren-la-naturaleza-aporta-quietud-paz-armonia-belleza\/#breadcrumb","itemListElement":[{"@type":"ListItem","position":1,"name":"Home","item":"https:\/\/poesiaerestu.com\/revista\/"},{"@type":"ListItem","position":2,"name":"Francisco Delgado-Iribarren: &#8220;La naturaleza me aporta quietud y paz, armon\u00eda y belleza&#8221;"}]},{"@type":"WebSite","@id":"https:\/\/poesiaerestu.com\/revista\/#website","url":"https:\/\/poesiaerestu.com\/revista\/","name":"Poes\u00ed\u00ada eres t\u00fa (revista)","description":"Revista de poes\u00eda y literatura","potentialAction":[{"@type":"SearchAction","target":{"@type":"EntryPoint","urlTemplate":"https:\/\/poesiaerestu.com\/revista\/?s={search_term_string}"},"query-input":{"@type":"PropertyValueSpecification","valueRequired":true,"valueName":"search_term_string"}}],"inLanguage":"en-US"},{"@type":"Person","@id":"https:\/\/poesiaerestu.com\/revista\/#\/schema\/person\/fcb1a2122be3810bfdd0c071b4b3e9c4","name":"admin","image":{"@type":"ImageObject","inLanguage":"en-US","@id":"https:\/\/secure.gravatar.com\/avatar\/1cb55a5bd8d6824519e46b552e84b03575857cc9c4d6333824d2f95d82129f50?s=96&d=mm&r=g","url":"https:\/\/secure.gravatar.com\/avatar\/1cb55a5bd8d6824519e46b552e84b03575857cc9c4d6333824d2f95d82129f50?s=96&d=mm&r=g","contentUrl":"https:\/\/secure.gravatar.com\/avatar\/1cb55a5bd8d6824519e46b552e84b03575857cc9c4d6333824d2f95d82129f50?s=96&d=mm&r=g","caption":"admin"},"url":"https:\/\/poesiaerestu.com\/revista\/author\/admin\/"}]}},"_links":{"self":[{"href":"https:\/\/poesiaerestu.com\/revista\/wp-json\/wp\/v2\/posts\/7791","targetHints":{"allow":["GET"]}}],"collection":[{"href":"https:\/\/poesiaerestu.com\/revista\/wp-json\/wp\/v2\/posts"}],"about":[{"href":"https:\/\/poesiaerestu.com\/revista\/wp-json\/wp\/v2\/types\/post"}],"author":[{"embeddable":true,"href":"https:\/\/poesiaerestu.com\/revista\/wp-json\/wp\/v2\/users\/1"}],"replies":[{"embeddable":true,"href":"https:\/\/poesiaerestu.com\/revista\/wp-json\/wp\/v2\/comments?post=7791"}],"version-history":[{"count":0,"href":"https:\/\/poesiaerestu.com\/revista\/wp-json\/wp\/v2\/posts\/7791\/revisions"}],"wp:featuredmedia":[{"embeddable":true,"href":"https:\/\/poesiaerestu.com\/revista\/wp-json\/wp\/v2\/media\/7643"}],"wp:attachment":[{"href":"https:\/\/poesiaerestu.com\/revista\/wp-json\/wp\/v2\/media?parent=7791"}],"wp:term":[{"taxonomy":"category","embeddable":true,"href":"https:\/\/poesiaerestu.com\/revista\/wp-json\/wp\/v2\/categories?post=7791"},{"taxonomy":"post_tag","embeddable":true,"href":"https:\/\/poesiaerestu.com\/revista\/wp-json\/wp\/v2\/tags?post=7791"}],"curies":[{"name":"wp","href":"https:\/\/api.w.org\/{rel}","templated":true}]}}