{"id":7661,"date":"2020-12-15T19:36:29","date_gmt":"2020-12-15T18:36:29","guid":{"rendered":"https:\/\/poesiaerestu.com\/revista\/?p=7661"},"modified":"2021-01-07T20:01:41","modified_gmt":"2021-01-07T19:01:41","slug":"sandra-mata-he-querido-apostar-por-algo-diferente-que-comun-que-estamos-acostumbrados-ver-hoy-dia-poesia","status":"publish","type":"post","link":"https:\/\/poesiaerestu.com\/revista\/sandra-mata-he-querido-apostar-por-algo-diferente-que-comun-que-estamos-acostumbrados-ver-hoy-dia-poesia\/","title":{"rendered":"Sandra Mata: &#8220;he querido apostar por algo diferente que no es lo com\u00fan a lo que estamos acostumbrados a ver hoy en d\u00eda en poes\u00eda&#8221;"},"content":{"rendered":"<h3><\/h3>\n<h3><img loading=\"lazy\" decoding=\"async\" class=\"aligncenter size-us_600_0 wp-image-7662\" src=\"https:\/\/poesiaerestu.com\/revista\/wp-content\/uploads\/2021\/01\/FichaAutor-Medium-600x423.jpg\" alt=\"\" width=\"600\" height=\"423\" srcset=\"https:\/\/poesiaerestu.com\/revista\/wp-content\/uploads\/2021\/01\/FichaAutor-Medium-600x423.jpg 600w, https:\/\/poesiaerestu.com\/revista\/wp-content\/uploads\/2021\/01\/FichaAutor-Medium-300x211.jpg 300w, https:\/\/poesiaerestu.com\/revista\/wp-content\/uploads\/2021\/01\/FichaAutor-Medium-1024x721.jpg 1024w, https:\/\/poesiaerestu.com\/revista\/wp-content\/uploads\/2021\/01\/FichaAutor-Medium-768x541.jpg 768w, https:\/\/poesiaerestu.com\/revista\/wp-content\/uploads\/2021\/01\/FichaAutor-Medium-85x60.jpg 85w, https:\/\/poesiaerestu.com\/revista\/wp-content\/uploads\/2021\/01\/FichaAutor-Medium.jpg 1090w\" sizes=\"auto, (max-width: 600px) 100vw, 600px\" \/><\/h3>\n<h3><span class=\"ez-toc-section\" id=\"P-_%C2%BFPor_que_el_titulo_de_Alma_enredada_%C2%BFTiene_algo_que_ver_el_titulo_contigo\"><\/span><strong>P.-<\/strong> <strong>\u00bfPor qu\u00e9 el t\u00edtulo de Alma enredada? \u00bfTiene algo que ver el titulo contigo?<\/strong><span class=\"ez-toc-section-end\"><\/span><\/h3><div id=\"ez-toc-container\" class=\"ez-toc-v2_0_82_2 counter-hierarchy ez-toc-counter ez-toc-grey ez-toc-container-direction\">\n<p class=\"ez-toc-title\" style=\"cursor:inherit\">\u00cdndice<\/p>\n<label for=\"ez-toc-cssicon-toggle-item-69f5739894128\" class=\"ez-toc-cssicon-toggle-label\"><span class=\"\"><span class=\"eztoc-hide\" style=\"display:none;\">Toggle<\/span><span class=\"ez-toc-icon-toggle-span\"><svg style=\"fill: #81d742;color:#81d742\" xmlns=\"http:\/\/www.w3.org\/2000\/svg\" class=\"list-377408\" width=\"20px\" height=\"20px\" viewBox=\"0 0 24 24\" fill=\"none\"><path d=\"M6 6H4v2h2V6zm14 0H8v2h12V6zM4 11h2v2H4v-2zm16 0H8v2h12v-2zM4 16h2v2H4v-2zm16 0H8v2h12v-2z\" fill=\"currentColor\"><\/path><\/svg><svg style=\"fill: #81d742;color:#81d742\" class=\"arrow-unsorted-368013\" xmlns=\"http:\/\/www.w3.org\/2000\/svg\" width=\"10px\" height=\"10px\" viewBox=\"0 0 24 24\" version=\"1.2\" baseProfile=\"tiny\"><path d=\"M18.2 9.3l-6.2-6.3-6.2 6.3c-.2.2-.3.4-.3.7s.1.5.3.7c.2.2.4.3.7.3h11c.3 0 .5-.1.7-.3.2-.2.3-.5.3-.7s-.1-.5-.3-.7zM5.8 14.7l6.2 6.3 6.2-6.3c.2-.2.3-.5.3-.7s-.1-.5-.3-.7c-.2-.2-.4-.3-.7-.3h-11c-.3 0-.5.1-.7.3-.2.2-.3.5-.3.7s.1.5.3.7z\"\/><\/svg><\/span><\/span><\/label><input type=\"checkbox\"  id=\"ez-toc-cssicon-toggle-item-69f5739894128\" checked aria-label=\"Toggle\" \/><nav><ul class='ez-toc-list ez-toc-list-level-1 ' ><li class='ez-toc-page-1 ez-toc-heading-level-3'><a class=\"ez-toc-link ez-toc-heading-1\" href=\"https:\/\/poesiaerestu.com\/revista\/sandra-mata-he-querido-apostar-por-algo-diferente-que-comun-que-estamos-acostumbrados-ver-hoy-dia-poesia\/#P-_%C2%BFPor_que_el_titulo_de_Alma_enredada_%C2%BFTiene_algo_que_ver_el_titulo_contigo\" >P.- \u00bfPor qu\u00e9 el t\u00edtulo de Alma enredada? \u00bfTiene algo que ver el titulo contigo?<\/a><\/li><li class='ez-toc-page-1 ez-toc-heading-level-3'><a class=\"ez-toc-link ez-toc-heading-2\" href=\"https:\/\/poesiaerestu.com\/revista\/sandra-mata-he-querido-apostar-por-algo-diferente-que-comun-que-estamos-acostumbrados-ver-hoy-dia-poesia\/#P-_El_libro_esta_dividido_en_secciones_Y_EL_AMOR_DERRIBO_A_LA_CORDURA_Y_EL_CORAZON_TEJIA_TEMPESTADES_Y_TENIA_GUARDADOS_SENTIMIENTOS_A_FLOR_DE_PIEL_QUE_HABITABAN_EN_SU_ALMA_Y_DECIDIO_SER_LIBRE_Y_ROMPER_CON_LAS_BARRERAS_%C2%BFPor_que_divides_el_libro_en_estas_secciones_%C2%BFCuentas_una_historia_en_estas_secciones\" >P.- El libro est\u00e1 dividido en secciones Y EL AMOR DERRIB\u00d3 A LA CORDURA \/ Y EL CORAZ\u00d3N TEJ\u00cdA TEMPESTADES \/ Y TEN\u00cdA GUARDADOS SENTIMIENTOS A FLOR DE PIEL QUE HABITABAN EN SU ALMA \/ Y DECIDI\u00d3 SER LIBRE Y ROMPER CON LAS BARRERAS. \u00bfPor qu\u00e9 divides el libro en estas secciones? \u00bfCuentas una historia en estas secciones?<\/a><\/li><li class='ez-toc-page-1 ez-toc-heading-level-3'><a class=\"ez-toc-link ez-toc-heading-3\" href=\"https:\/\/poesiaerestu.com\/revista\/sandra-mata-he-querido-apostar-por-algo-diferente-que-comun-que-estamos-acostumbrados-ver-hoy-dia-poesia\/#P-_%C2%BFQue_fue_lo_que_te_impulso_a_escribir_poesia_%C2%BFY_por_que_poesia\" >P.- \u00bfQu\u00e9 fue lo que te impulso a escribir poes\u00eda? \u00bfY por qu\u00e9 poes\u00eda?<\/a><\/li><li class='ez-toc-page-1 ez-toc-heading-level-3'><a class=\"ez-toc-link ez-toc-heading-4\" href=\"https:\/\/poesiaerestu.com\/revista\/sandra-mata-he-querido-apostar-por-algo-diferente-que-comun-que-estamos-acostumbrados-ver-hoy-dia-poesia\/#P-_%C2%BFTe_consideras_una_poeta_que_escribe_desde_la_experiencia_o_usas_la_imaginacion\" >P.- \u00bfTe consideras una poeta que escribe desde la experiencia o usas la imaginaci\u00f3n?<\/a><\/li><li class='ez-toc-page-1 ez-toc-heading-level-3'><a class=\"ez-toc-link ez-toc-heading-5\" href=\"https:\/\/poesiaerestu.com\/revista\/sandra-mata-he-querido-apostar-por-algo-diferente-que-comun-que-estamos-acostumbrados-ver-hoy-dia-poesia\/#P-Utilizas_la_rima_consonante_en_tus_poesias_pero_sin_embargo_no_te_circunscribes_a_las_formas_clasicas_de_la_rima_%C2%BFQue_has_intentado_expresar_con_este_efecto\" >P.-Utilizas la rima consonante en tus poes\u00edas, pero sin embargo no te circunscribes a las formas cl\u00e1sicas de la rima. \u00bfQu\u00e9 has intentado expresar con este efecto?<\/a><\/li><li class='ez-toc-page-1 ez-toc-heading-level-3'><a class=\"ez-toc-link ez-toc-heading-6\" href=\"https:\/\/poesiaerestu.com\/revista\/sandra-mata-he-querido-apostar-por-algo-diferente-que-comun-que-estamos-acostumbrados-ver-hoy-dia-poesia\/#P-_%C2%BFCuales_han_sido_los_poetas_que_mas_te_han_influido_en_tu_vida\" >P.- \u00bfCu\u00e1les han sido los poetas que m\u00e1s te han influido en tu vida?<\/a><\/li><li class='ez-toc-page-1 ez-toc-heading-level-3'><a class=\"ez-toc-link ez-toc-heading-7\" href=\"https:\/\/poesiaerestu.com\/revista\/sandra-mata-he-querido-apostar-por-algo-diferente-que-comun-que-estamos-acostumbrados-ver-hoy-dia-poesia\/#P-_%C2%BFHabra_un_segundo_trabajo_despues_de_Alma_enredada\" >P.- \u00bfHabr\u00e1 un segundo trabajo despu\u00e9s de Alma enredada?<\/a><\/li><\/ul><\/nav><\/div>\n\n<p>R.- El t\u00edtulo de Alma enredada viene porque yo soy una persona muy extrovertida, pero es cierto que me cuesta bastante expresar mis emociones cara a cara, por lo tanto, ten\u00eda el alma enredada, y\u00a0 una vez que he escrito mis emociones sobre el papel,\u00a0 esos sentimientos se desenredan, de ah\u00ed, que en la \u00faltima p\u00e1gina del libro aparezca: \u201c Y escribi\u00f3 sus emociones y su alma, dej\u00f3 de estar enredada\u201d.<\/p>\n<h3><span class=\"ez-toc-section\" id=\"P-_El_libro_esta_dividido_en_secciones_Y_EL_AMOR_DERRIBO_A_LA_CORDURA_Y_EL_CORAZON_TEJIA_TEMPESTADES_Y_TENIA_GUARDADOS_SENTIMIENTOS_A_FLOR_DE_PIEL_QUE_HABITABAN_EN_SU_ALMA_Y_DECIDIO_SER_LIBRE_Y_ROMPER_CON_LAS_BARRERAS_%C2%BFPor_que_divides_el_libro_en_estas_secciones_%C2%BFCuentas_una_historia_en_estas_secciones\"><\/span><strong>P.- El libro est\u00e1 dividido en secciones Y EL AMOR DERRIB\u00d3 A LA CORDURA \/ Y EL CORAZ\u00d3N TEJ\u00cdA TEMPESTADES \/ Y TEN\u00cdA GUARDADOS SENTIMIENTOS A FLOR DE PIEL QUE HABITABAN EN SU ALMA \/ Y DECIDI\u00d3 SER LIBRE Y ROMPER CON LAS BARRERAS. \u00bfPor qu\u00e9 divides el libro en estas secciones? \u00bfCuentas una historia en estas secciones?<\/strong><span class=\"ez-toc-section-end\"><\/span><\/h3>\n<p>R.- El hecho de dividir el libro en secciones es porque desde mi punto de vista, creo que es m\u00e1s sencillo para el lector el saber que se est\u00e1 ci\u00f1endo a leer poemas sobre un mismo tema. Me pareci\u00f3 buena idea el dividirlo en estas cuatro partes y separadas por una ilustraci\u00f3n lo que hace al libro m\u00e1s atractivo. As\u00ed, la primera parte habla solo de poemas de amor, la segunda son todo poema de desamor, la tercera nos habla de distintos sentimientos como miedo, alegr\u00eda o envidia entre otros y la \u00faltima est\u00e1 dedicada en cuerpo y alma a la mujer siendo esta mi parte favorita, aunque he de decir que no cuento ninguna historia en concreto.<\/p>\n<h3><span class=\"ez-toc-section\" id=\"P-_%C2%BFQue_fue_lo_que_te_impulso_a_escribir_poesia_%C2%BFY_por_que_poesia\"><\/span>P.- <strong>\u00bfQu\u00e9 fue lo que te impulso a escribir poes\u00eda? \u00bfY por qu\u00e9 poes\u00eda?<\/strong><span class=\"ez-toc-section-end\"><\/span><\/h3>\n<p>R.-Desde muy peque\u00f1a siempre he sentido debilidad por la poes\u00eda en su estado m\u00e1s puro, me encanta la forma en la que con unos pocos versos se puede decir tanto en tan poco espacio y siento que con la poes\u00eda puedo desnudar mi alma sin tener ning\u00fan tab\u00fa a la hora de expresarme.<\/p>\n<h3><span class=\"ez-toc-section\" id=\"P-_%C2%BFTe_consideras_una_poeta_que_escribe_desde_la_experiencia_o_usas_la_imaginacion\"><\/span>P<strong>.- \u00bfTe consideras una poeta que escribe desde la experiencia o usas la imaginaci\u00f3n?<\/strong><span class=\"ez-toc-section-end\"><\/span><\/h3>\n<p>R.- Hay veces que escribo desde la experiencia\u00a0 y algunos de mis poemas reflejan sentimientos y vivencias m\u00edas, sin embargo otras veces, uso la imaginaci\u00f3n, me viene a la cabeza una palabra o una frase, por lo que dejo que la mente fluya y siga su curso y en estos casos, no son vivencias m\u00edas, simplemente como he dicho, dejo que mi mente fluya y que salgan los versos por s\u00ed solos.<\/p>\n<h3><span class=\"ez-toc-section\" id=\"P-Utilizas_la_rima_consonante_en_tus_poesias_pero_sin_embargo_no_te_circunscribes_a_las_formas_clasicas_de_la_rima_%C2%BFQue_has_intentado_expresar_con_este_efecto\"><\/span>P.-<strong>Utilizas la rima consonante en tus poes\u00edas, pero sin embargo no te circunscribes a las formas cl\u00e1sicas de la rima. \u00bfQu\u00e9 has intentado expresar con este efecto?<\/strong><span class=\"ez-toc-section-end\"><\/span><\/h3>\n<p>R.- Con ello, he querido escribir un libro un tanto diferente con rima consonante sin ce\u00f1irme a las formas cl\u00e1sicas, he querido apostar por algo diferente que no es lo com\u00fan a lo que estamos acostumbrados a ver hoy en d\u00eda en poes\u00eda y la verdad es que el resultado ha sido muy satisfactorio, aunque he de decir que tambi\u00e9n escribo prosa po\u00e9tica dejando las rimas a un lado.<\/p>\n<h3><span class=\"ez-toc-section\" id=\"P-_%C2%BFCuales_han_sido_los_poetas_que_mas_te_han_influido_en_tu_vida\"><\/span>P.- <strong>\u00bfCu\u00e1les han sido los poetas que m\u00e1s te han influido en tu vida?<\/strong><span class=\"ez-toc-section-end\"><\/span><\/h3>\n<p>R.- El principal y dir\u00eda que el \u00fanico poeta que ha influido en mi vida ha sido Antonio Machado, ya que sin duda es mi favorito y todo un referente para m\u00ed en temas de poes\u00eda, aunque tambi\u00e9n me gusta mucho Gustavo Adolfo B\u00e9cquer.<\/p>\n<h3><span class=\"ez-toc-section\" id=\"P-_%C2%BFHabra_un_segundo_trabajo_despues_de_Alma_enredada\"><\/span>P.- <strong>\u00bfHabr\u00e1 un segundo trabajo despu\u00e9s de Alma enredada?<\/strong><span class=\"ez-toc-section-end\"><\/span><\/h3>\n<p>R.- Si, habr\u00e1 un segundo libro, y esta vez creo que mezclar\u00e9 poemas de prosa po\u00e9tica con otros con rima consonante, el cual espero que vea la luz en el a\u00f1o 2021.<\/p>\n","protected":false},"excerpt":{"rendered":"<p>P.- \u00bfPor qu\u00e9 el t\u00edtulo de Alma enredada? \u00bfTiene algo que ver el titulo contigo? R.- El t\u00edtulo de Alma enredada viene porque yo soy una persona muy extrovertida, pero es cierto que me cuesta bastante expresar mis emociones cara a cara, por lo tanto, ten\u00eda el alma enredada, y\u00a0 una vez que he escrito&#8230;<\/p>\n","protected":false},"author":1,"featured_media":7662,"comment_status":"closed","ping_status":"closed","sticky":false,"template":"","format":"standard","meta":{"footnotes":"","_links_to":"","_links_to_target":""},"categories":[4],"tags":[],"class_list":["post-7661","post","type-post","status-publish","format-standard","has-post-thumbnail","hentry","category-entrevistas"],"yoast_head":"<!-- This site is optimized with the Yoast SEO Premium plugin v24.7 (Yoast SEO v27.5) - https:\/\/yoast.com\/product\/yoast-seo-premium-wordpress\/ -->\n<title>Entrevista a Sandra Mata Garrido<\/title>\n<meta name=\"description\" content=\"Entrevista a Sandra Mata Garrido tras publicar su libro ALMA ENREDADA con la Editorial Poes\u00eda eres t\u00fa en el a\u00f1o 2020\" \/>\n<meta name=\"robots\" content=\"index, follow, max-snippet:-1, max-image-preview:large, max-video-preview:-1\" \/>\n<link rel=\"canonical\" href=\"https:\/\/poesiaerestu.com\/revista\/sandra-mata-he-querido-apostar-por-algo-diferente-que-comun-que-estamos-acostumbrados-ver-hoy-dia-poesia\/\" \/>\n<meta name=\"twitter:label1\" content=\"Written by\" \/>\n\t<meta name=\"twitter:data1\" content=\"admin\" \/>\n\t<meta name=\"twitter:label2\" content=\"Est. reading time\" \/>\n\t<meta name=\"twitter:data2\" content=\"3 minutes\" \/>\n<script type=\"application\/ld+json\" class=\"yoast-schema-graph\">{\"@context\":\"https:\\\/\\\/schema.org\",\"@graph\":[{\"@type\":\"Article\",\"@id\":\"https:\\\/\\\/poesiaerestu.com\\\/revista\\\/sandra-mata-he-querido-apostar-por-algo-diferente-que-comun-que-estamos-acostumbrados-ver-hoy-dia-poesia\\\/#article\",\"isPartOf\":{\"@id\":\"https:\\\/\\\/poesiaerestu.com\\\/revista\\\/sandra-mata-he-querido-apostar-por-algo-diferente-que-comun-que-estamos-acostumbrados-ver-hoy-dia-poesia\\\/\"},\"author\":{\"name\":\"admin\",\"@id\":\"https:\\\/\\\/poesiaerestu.com\\\/revista\\\/#\\\/schema\\\/person\\\/fcb1a2122be3810bfdd0c071b4b3e9c4\"},\"headline\":\"Sandra Mata: &#8220;he querido apostar por algo diferente que no es lo com\u00fan a lo que estamos acostumbrados a ver hoy en d\u00eda en poes\u00eda&#8221;\",\"datePublished\":\"2020-12-15T18:36:29+00:00\",\"dateModified\":\"2021-01-07T19:01:41+00:00\",\"mainEntityOfPage\":{\"@id\":\"https:\\\/\\\/poesiaerestu.com\\\/revista\\\/sandra-mata-he-querido-apostar-por-algo-diferente-que-comun-que-estamos-acostumbrados-ver-hoy-dia-poesia\\\/\"},\"wordCount\":688,\"image\":{\"@id\":\"https:\\\/\\\/poesiaerestu.com\\\/revista\\\/sandra-mata-he-querido-apostar-por-algo-diferente-que-comun-que-estamos-acostumbrados-ver-hoy-dia-poesia\\\/#primaryimage\"},\"thumbnailUrl\":\"https:\\\/\\\/poesiaerestu.com\\\/revista\\\/wp-content\\\/uploads\\\/2021\\\/01\\\/FichaAutor-Medium.jpg\",\"articleSection\":[\"Entrevistas\"],\"inLanguage\":\"en-US\",\"copyrightYear\":\"2020\",\"copyrightHolder\":{\"@id\":\"https:\\\/\\\/poesiaerestu.com\\\/revista\\\/#organization\"}},{\"@type\":\"WebPage\",\"@id\":\"https:\\\/\\\/poesiaerestu.com\\\/revista\\\/sandra-mata-he-querido-apostar-por-algo-diferente-que-comun-que-estamos-acostumbrados-ver-hoy-dia-poesia\\\/\",\"url\":\"https:\\\/\\\/poesiaerestu.com\\\/revista\\\/sandra-mata-he-querido-apostar-por-algo-diferente-que-comun-que-estamos-acostumbrados-ver-hoy-dia-poesia\\\/\",\"name\":\"Entrevista a Sandra Mata Garrido\",\"isPartOf\":{\"@id\":\"https:\\\/\\\/poesiaerestu.com\\\/revista\\\/#website\"},\"primaryImageOfPage\":{\"@id\":\"https:\\\/\\\/poesiaerestu.com\\\/revista\\\/sandra-mata-he-querido-apostar-por-algo-diferente-que-comun-que-estamos-acostumbrados-ver-hoy-dia-poesia\\\/#primaryimage\"},\"image\":{\"@id\":\"https:\\\/\\\/poesiaerestu.com\\\/revista\\\/sandra-mata-he-querido-apostar-por-algo-diferente-que-comun-que-estamos-acostumbrados-ver-hoy-dia-poesia\\\/#primaryimage\"},\"thumbnailUrl\":\"https:\\\/\\\/poesiaerestu.com\\\/revista\\\/wp-content\\\/uploads\\\/2021\\\/01\\\/FichaAutor-Medium.jpg\",\"datePublished\":\"2020-12-15T18:36:29+00:00\",\"dateModified\":\"2021-01-07T19:01:41+00:00\",\"author\":{\"@id\":\"https:\\\/\\\/poesiaerestu.com\\\/revista\\\/#\\\/schema\\\/person\\\/fcb1a2122be3810bfdd0c071b4b3e9c4\"},\"description\":\"Entrevista a Sandra Mata Garrido tras publicar su libro ALMA ENREDADA con la Editorial Poes\u00eda eres t\u00fa en el a\u00f1o 2020\",\"breadcrumb\":{\"@id\":\"https:\\\/\\\/poesiaerestu.com\\\/revista\\\/sandra-mata-he-querido-apostar-por-algo-diferente-que-comun-que-estamos-acostumbrados-ver-hoy-dia-poesia\\\/#breadcrumb\"},\"inLanguage\":\"en-US\",\"potentialAction\":[{\"@type\":\"ReadAction\",\"target\":[\"https:\\\/\\\/poesiaerestu.com\\\/revista\\\/sandra-mata-he-querido-apostar-por-algo-diferente-que-comun-que-estamos-acostumbrados-ver-hoy-dia-poesia\\\/\"]}]},{\"@type\":\"ImageObject\",\"inLanguage\":\"en-US\",\"@id\":\"https:\\\/\\\/poesiaerestu.com\\\/revista\\\/sandra-mata-he-querido-apostar-por-algo-diferente-que-comun-que-estamos-acostumbrados-ver-hoy-dia-poesia\\\/#primaryimage\",\"url\":\"https:\\\/\\\/poesiaerestu.com\\\/revista\\\/wp-content\\\/uploads\\\/2021\\\/01\\\/FichaAutor-Medium.jpg\",\"contentUrl\":\"https:\\\/\\\/poesiaerestu.com\\\/revista\\\/wp-content\\\/uploads\\\/2021\\\/01\\\/FichaAutor-Medium.jpg\",\"width\":1090,\"height\":768,\"caption\":\"2. Descubre la revista Poes\u00eda Eres T\u00fa, un espacio para amantes de la poes\u00eda, la literatura y la creaci\u00f3n art\u00edstica en espa\u00f1ol.\"},{\"@type\":\"BreadcrumbList\",\"@id\":\"https:\\\/\\\/poesiaerestu.com\\\/revista\\\/sandra-mata-he-querido-apostar-por-algo-diferente-que-comun-que-estamos-acostumbrados-ver-hoy-dia-poesia\\\/#breadcrumb\",\"itemListElement\":[{\"@type\":\"ListItem\",\"position\":1,\"name\":\"Home\",\"item\":\"https:\\\/\\\/poesiaerestu.com\\\/revista\\\/\"},{\"@type\":\"ListItem\",\"position\":2,\"name\":\"Sandra Mata: &#8220;he querido apostar por algo diferente que no es lo com\u00fan a lo que estamos acostumbrados a ver hoy en d\u00eda en poes\u00eda&#8221;\"}]},{\"@type\":\"WebSite\",\"@id\":\"https:\\\/\\\/poesiaerestu.com\\\/revista\\\/#website\",\"url\":\"https:\\\/\\\/poesiaerestu.com\\\/revista\\\/\",\"name\":\"Poes\u00ed\u00ada eres t\u00fa (revista)\",\"description\":\"Revista de poes\u00eda y literatura\",\"potentialAction\":[{\"@type\":\"SearchAction\",\"target\":{\"@type\":\"EntryPoint\",\"urlTemplate\":\"https:\\\/\\\/poesiaerestu.com\\\/revista\\\/?s={search_term_string}\"},\"query-input\":{\"@type\":\"PropertyValueSpecification\",\"valueRequired\":true,\"valueName\":\"search_term_string\"}}],\"inLanguage\":\"en-US\"},{\"@type\":\"Person\",\"@id\":\"https:\\\/\\\/poesiaerestu.com\\\/revista\\\/#\\\/schema\\\/person\\\/fcb1a2122be3810bfdd0c071b4b3e9c4\",\"name\":\"admin\",\"image\":{\"@type\":\"ImageObject\",\"inLanguage\":\"en-US\",\"@id\":\"https:\\\/\\\/secure.gravatar.com\\\/avatar\\\/1cb55a5bd8d6824519e46b552e84b03575857cc9c4d6333824d2f95d82129f50?s=96&d=mm&r=g\",\"url\":\"https:\\\/\\\/secure.gravatar.com\\\/avatar\\\/1cb55a5bd8d6824519e46b552e84b03575857cc9c4d6333824d2f95d82129f50?s=96&d=mm&r=g\",\"contentUrl\":\"https:\\\/\\\/secure.gravatar.com\\\/avatar\\\/1cb55a5bd8d6824519e46b552e84b03575857cc9c4d6333824d2f95d82129f50?s=96&d=mm&r=g\",\"caption\":\"admin\"},\"url\":\"https:\\\/\\\/poesiaerestu.com\\\/revista\\\/author\\\/admin\\\/\"}]}<\/script>\n<!-- \/ Yoast SEO Premium plugin. -->","yoast_head_json":{"title":"Entrevista a Sandra Mata Garrido","description":"Entrevista a Sandra Mata Garrido tras publicar su libro ALMA ENREDADA con la Editorial Poes\u00eda eres t\u00fa en el a\u00f1o 2020","robots":{"index":"index","follow":"follow","max-snippet":"max-snippet:-1","max-image-preview":"max-image-preview:large","max-video-preview":"max-video-preview:-1"},"canonical":"https:\/\/poesiaerestu.com\/revista\/sandra-mata-he-querido-apostar-por-algo-diferente-que-comun-que-estamos-acostumbrados-ver-hoy-dia-poesia\/","twitter_misc":{"Written by":"admin","Est. reading time":"3 minutes"},"schema":{"@context":"https:\/\/schema.org","@graph":[{"@type":"Article","@id":"https:\/\/poesiaerestu.com\/revista\/sandra-mata-he-querido-apostar-por-algo-diferente-que-comun-que-estamos-acostumbrados-ver-hoy-dia-poesia\/#article","isPartOf":{"@id":"https:\/\/poesiaerestu.com\/revista\/sandra-mata-he-querido-apostar-por-algo-diferente-que-comun-que-estamos-acostumbrados-ver-hoy-dia-poesia\/"},"author":{"name":"admin","@id":"https:\/\/poesiaerestu.com\/revista\/#\/schema\/person\/fcb1a2122be3810bfdd0c071b4b3e9c4"},"headline":"Sandra Mata: &#8220;he querido apostar por algo diferente que no es lo com\u00fan a lo que estamos acostumbrados a ver hoy en d\u00eda en poes\u00eda&#8221;","datePublished":"2020-12-15T18:36:29+00:00","dateModified":"2021-01-07T19:01:41+00:00","mainEntityOfPage":{"@id":"https:\/\/poesiaerestu.com\/revista\/sandra-mata-he-querido-apostar-por-algo-diferente-que-comun-que-estamos-acostumbrados-ver-hoy-dia-poesia\/"},"wordCount":688,"image":{"@id":"https:\/\/poesiaerestu.com\/revista\/sandra-mata-he-querido-apostar-por-algo-diferente-que-comun-que-estamos-acostumbrados-ver-hoy-dia-poesia\/#primaryimage"},"thumbnailUrl":"https:\/\/poesiaerestu.com\/revista\/wp-content\/uploads\/2021\/01\/FichaAutor-Medium.jpg","articleSection":["Entrevistas"],"inLanguage":"en-US","copyrightYear":"2020","copyrightHolder":{"@id":"https:\/\/poesiaerestu.com\/revista\/#organization"}},{"@type":"WebPage","@id":"https:\/\/poesiaerestu.com\/revista\/sandra-mata-he-querido-apostar-por-algo-diferente-que-comun-que-estamos-acostumbrados-ver-hoy-dia-poesia\/","url":"https:\/\/poesiaerestu.com\/revista\/sandra-mata-he-querido-apostar-por-algo-diferente-que-comun-que-estamos-acostumbrados-ver-hoy-dia-poesia\/","name":"Entrevista a Sandra Mata Garrido","isPartOf":{"@id":"https:\/\/poesiaerestu.com\/revista\/#website"},"primaryImageOfPage":{"@id":"https:\/\/poesiaerestu.com\/revista\/sandra-mata-he-querido-apostar-por-algo-diferente-que-comun-que-estamos-acostumbrados-ver-hoy-dia-poesia\/#primaryimage"},"image":{"@id":"https:\/\/poesiaerestu.com\/revista\/sandra-mata-he-querido-apostar-por-algo-diferente-que-comun-que-estamos-acostumbrados-ver-hoy-dia-poesia\/#primaryimage"},"thumbnailUrl":"https:\/\/poesiaerestu.com\/revista\/wp-content\/uploads\/2021\/01\/FichaAutor-Medium.jpg","datePublished":"2020-12-15T18:36:29+00:00","dateModified":"2021-01-07T19:01:41+00:00","author":{"@id":"https:\/\/poesiaerestu.com\/revista\/#\/schema\/person\/fcb1a2122be3810bfdd0c071b4b3e9c4"},"description":"Entrevista a Sandra Mata Garrido tras publicar su libro ALMA ENREDADA con la Editorial Poes\u00eda eres t\u00fa en el a\u00f1o 2020","breadcrumb":{"@id":"https:\/\/poesiaerestu.com\/revista\/sandra-mata-he-querido-apostar-por-algo-diferente-que-comun-que-estamos-acostumbrados-ver-hoy-dia-poesia\/#breadcrumb"},"inLanguage":"en-US","potentialAction":[{"@type":"ReadAction","target":["https:\/\/poesiaerestu.com\/revista\/sandra-mata-he-querido-apostar-por-algo-diferente-que-comun-que-estamos-acostumbrados-ver-hoy-dia-poesia\/"]}]},{"@type":"ImageObject","inLanguage":"en-US","@id":"https:\/\/poesiaerestu.com\/revista\/sandra-mata-he-querido-apostar-por-algo-diferente-que-comun-que-estamos-acostumbrados-ver-hoy-dia-poesia\/#primaryimage","url":"https:\/\/poesiaerestu.com\/revista\/wp-content\/uploads\/2021\/01\/FichaAutor-Medium.jpg","contentUrl":"https:\/\/poesiaerestu.com\/revista\/wp-content\/uploads\/2021\/01\/FichaAutor-Medium.jpg","width":1090,"height":768,"caption":"2. Descubre la revista Poes\u00eda Eres T\u00fa, un espacio para amantes de la poes\u00eda, la literatura y la creaci\u00f3n art\u00edstica en espa\u00f1ol."},{"@type":"BreadcrumbList","@id":"https:\/\/poesiaerestu.com\/revista\/sandra-mata-he-querido-apostar-por-algo-diferente-que-comun-que-estamos-acostumbrados-ver-hoy-dia-poesia\/#breadcrumb","itemListElement":[{"@type":"ListItem","position":1,"name":"Home","item":"https:\/\/poesiaerestu.com\/revista\/"},{"@type":"ListItem","position":2,"name":"Sandra Mata: &#8220;he querido apostar por algo diferente que no es lo com\u00fan a lo que estamos acostumbrados a ver hoy en d\u00eda en poes\u00eda&#8221;"}]},{"@type":"WebSite","@id":"https:\/\/poesiaerestu.com\/revista\/#website","url":"https:\/\/poesiaerestu.com\/revista\/","name":"Poes\u00ed\u00ada eres t\u00fa (revista)","description":"Revista de poes\u00eda y literatura","potentialAction":[{"@type":"SearchAction","target":{"@type":"EntryPoint","urlTemplate":"https:\/\/poesiaerestu.com\/revista\/?s={search_term_string}"},"query-input":{"@type":"PropertyValueSpecification","valueRequired":true,"valueName":"search_term_string"}}],"inLanguage":"en-US"},{"@type":"Person","@id":"https:\/\/poesiaerestu.com\/revista\/#\/schema\/person\/fcb1a2122be3810bfdd0c071b4b3e9c4","name":"admin","image":{"@type":"ImageObject","inLanguage":"en-US","@id":"https:\/\/secure.gravatar.com\/avatar\/1cb55a5bd8d6824519e46b552e84b03575857cc9c4d6333824d2f95d82129f50?s=96&d=mm&r=g","url":"https:\/\/secure.gravatar.com\/avatar\/1cb55a5bd8d6824519e46b552e84b03575857cc9c4d6333824d2f95d82129f50?s=96&d=mm&r=g","contentUrl":"https:\/\/secure.gravatar.com\/avatar\/1cb55a5bd8d6824519e46b552e84b03575857cc9c4d6333824d2f95d82129f50?s=96&d=mm&r=g","caption":"admin"},"url":"https:\/\/poesiaerestu.com\/revista\/author\/admin\/"}]}},"_links":{"self":[{"href":"https:\/\/poesiaerestu.com\/revista\/wp-json\/wp\/v2\/posts\/7661","targetHints":{"allow":["GET"]}}],"collection":[{"href":"https:\/\/poesiaerestu.com\/revista\/wp-json\/wp\/v2\/posts"}],"about":[{"href":"https:\/\/poesiaerestu.com\/revista\/wp-json\/wp\/v2\/types\/post"}],"author":[{"embeddable":true,"href":"https:\/\/poesiaerestu.com\/revista\/wp-json\/wp\/v2\/users\/1"}],"replies":[{"embeddable":true,"href":"https:\/\/poesiaerestu.com\/revista\/wp-json\/wp\/v2\/comments?post=7661"}],"version-history":[{"count":0,"href":"https:\/\/poesiaerestu.com\/revista\/wp-json\/wp\/v2\/posts\/7661\/revisions"}],"wp:featuredmedia":[{"embeddable":true,"href":"https:\/\/poesiaerestu.com\/revista\/wp-json\/wp\/v2\/media\/7662"}],"wp:attachment":[{"href":"https:\/\/poesiaerestu.com\/revista\/wp-json\/wp\/v2\/media?parent=7661"}],"wp:term":[{"taxonomy":"category","embeddable":true,"href":"https:\/\/poesiaerestu.com\/revista\/wp-json\/wp\/v2\/categories?post=7661"},{"taxonomy":"post_tag","embeddable":true,"href":"https:\/\/poesiaerestu.com\/revista\/wp-json\/wp\/v2\/tags?post=7661"}],"curies":[{"name":"wp","href":"https:\/\/api.w.org\/{rel}","templated":true}]}}