{"id":7647,"date":"2020-07-01T19:54:14","date_gmt":"2020-07-01T17:54:14","guid":{"rendered":"https:\/\/poesiaerestu.com\/revista\/?p=7647"},"modified":"2020-07-01T19:54:15","modified_gmt":"2020-07-01T17:54:15","slug":"nana-una-madre-feria-del-libro-online-jaen","status":"publish","type":"post","link":"https:\/\/poesiaerestu.com\/revista\/nana-una-madre-feria-del-libro-online-jaen\/","title":{"rendered":"Nana a una madre. Feria del libro online de Ja\u00e9n"},"content":{"rendered":"<p><a href=\"https:\/\/poesiaerestu.com\/revista\/nana-una-madre-feria-del-libro-online-jaen\/whatsapp-image-2020-07-01-at-19-46-37\/\" rel=\"attachment wp-att-7648\"><img loading=\"lazy\" decoding=\"async\" src=\"https:\/\/poesiaerestu.com\/revista\/wp-content\/uploads\/2020\/07\/WhatsApp-Image-2020-07-01-at-19.46.37.jpeg\" height=\"1019\" width=\"720\" class=\"aligncenter size-full wp-image-7648\" alt=\"Poeta presenta libro &quot;Nana a una madre&quot; en feria del libro online de Ja\u00e9n en Revista Poes\u00eda eres t\u00fa.\" srcset=\"https:\/\/poesiaerestu.com\/revista\/wp-content\/uploads\/2020\/07\/WhatsApp-Image-2020-07-01-at-19.46.37.jpeg 720w, https:\/\/poesiaerestu.com\/revista\/wp-content\/uploads\/2020\/07\/WhatsApp-Image-2020-07-01-at-19.46.37-212x300.jpeg 212w, https:\/\/poesiaerestu.com\/revista\/wp-content\/uploads\/2020\/07\/WhatsApp-Image-2020-07-01-at-19.46.37-600x849.jpeg 600w, https:\/\/poesiaerestu.com\/revista\/wp-content\/uploads\/2020\/07\/WhatsApp-Image-2020-07-01-at-19.46.37-42x60.jpeg 42w\" sizes=\"auto, (max-width: 720px) 100vw, 720px\" \/> <\/a><\/p>\n","protected":false},"excerpt":{"rendered":"","protected":false},"author":1,"featured_media":7648,"comment_status":"closed","ping_status":"closed","sticky":false,"template":"","format":"standard","meta":{"footnotes":"","_links_to":"","_links_to_target":""},"categories":[8],"tags":[],"class_list":["post-7647","post","type-post","status-publish","format-standard","has-post-thumbnail","hentry","category-eventos"],"yoast_head":"<!-- This site is optimized with the Yoast SEO Premium plugin v24.7 (Yoast SEO v27.5) - https:\/\/yoast.com\/product\/yoast-seo-premium-wordpress\/ -->\n<title>Nana a una madre. Feria del libro online de Ja\u00e9n - Poes\u00ed\u00ada eres t\u00fa (revista)<\/title>\n<meta name=\"robots\" content=\"index, follow, max-snippet:-1, max-image-preview:large, max-video-preview:-1\" \/>\n<link rel=\"canonical\" href=\"https:\/\/poesiaerestu.com\/revista\/nana-una-madre-feria-del-libro-online-jaen\/\" \/>\n<meta name=\"twitter:label1\" content=\"Written by\" \/>\n\t<meta name=\"twitter:data1\" content=\"admin\" \/>\n<script type=\"application\/ld+json\" class=\"yoast-schema-graph\">{\"@context\":\"https:\\\/\\\/schema.org\",\"@graph\":[{\"@type\":\"Article\",\"@id\":\"https:\\\/\\\/poesiaerestu.com\\\/revista\\\/nana-una-madre-feria-del-libro-online-jaen\\\/#article\",\"isPartOf\":{\"@id\":\"https:\\\/\\\/poesiaerestu.com\\\/revista\\\/nana-una-madre-feria-del-libro-online-jaen\\\/\"},\"author\":{\"name\":\"admin\",\"@id\":\"https:\\\/\\\/poesiaerestu.com\\\/revista\\\/#\\\/schema\\\/person\\\/fcb1a2122be3810bfdd0c071b4b3e9c4\"},\"headline\":\"Nana a una madre. Feria del libro online de Ja\u00e9n\",\"datePublished\":\"2020-07-01T17:54:14+00:00\",\"dateModified\":\"2020-07-01T17:54:15+00:00\",\"mainEntityOfPage\":{\"@id\":\"https:\\\/\\\/poesiaerestu.com\\\/revista\\\/nana-una-madre-feria-del-libro-online-jaen\\\/\"},\"wordCount\":11,\"image\":{\"@id\":\"https:\\\/\\\/poesiaerestu.com\\\/revista\\\/nana-una-madre-feria-del-libro-online-jaen\\\/#primaryimage\"},\"thumbnailUrl\":\"https:\\\/\\\/poesiaerestu.com\\\/revista\\\/wp-content\\\/uploads\\\/2020\\\/07\\\/WhatsApp-Image-2020-07-01-at-19.46.37.jpeg\",\"articleSection\":[\"Eventos\"],\"inLanguage\":\"en-US\",\"copyrightYear\":\"2020\",\"copyrightHolder\":{\"@id\":\"https:\\\/\\\/poesiaerestu.com\\\/revista\\\/#organization\"}},{\"@type\":\"WebPage\",\"@id\":\"https:\\\/\\\/poesiaerestu.com\\\/revista\\\/nana-una-madre-feria-del-libro-online-jaen\\\/\",\"url\":\"https:\\\/\\\/poesiaerestu.com\\\/revista\\\/nana-una-madre-feria-del-libro-online-jaen\\\/\",\"name\":\"Nana a una madre. Feria del libro online de Ja\u00e9n - Poes\u00ed\u00ada eres t\u00fa (revista)\",\"isPartOf\":{\"@id\":\"https:\\\/\\\/poesiaerestu.com\\\/revista\\\/#website\"},\"primaryImageOfPage\":{\"@id\":\"https:\\\/\\\/poesiaerestu.com\\\/revista\\\/nana-una-madre-feria-del-libro-online-jaen\\\/#primaryimage\"},\"image\":{\"@id\":\"https:\\\/\\\/poesiaerestu.com\\\/revista\\\/nana-una-madre-feria-del-libro-online-jaen\\\/#primaryimage\"},\"thumbnailUrl\":\"https:\\\/\\\/poesiaerestu.com\\\/revista\\\/wp-content\\\/uploads\\\/2020\\\/07\\\/WhatsApp-Image-2020-07-01-at-19.46.37.jpeg\",\"datePublished\":\"2020-07-01T17:54:14+00:00\",\"dateModified\":\"2020-07-01T17:54:15+00:00\",\"author\":{\"@id\":\"https:\\\/\\\/poesiaerestu.com\\\/revista\\\/#\\\/schema\\\/person\\\/fcb1a2122be3810bfdd0c071b4b3e9c4\"},\"breadcrumb\":{\"@id\":\"https:\\\/\\\/poesiaerestu.com\\\/revista\\\/nana-una-madre-feria-del-libro-online-jaen\\\/#breadcrumb\"},\"inLanguage\":\"en-US\",\"potentialAction\":[{\"@type\":\"ReadAction\",\"target\":[\"https:\\\/\\\/poesiaerestu.com\\\/revista\\\/nana-una-madre-feria-del-libro-online-jaen\\\/\"]}]},{\"@type\":\"ImageObject\",\"inLanguage\":\"en-US\",\"@id\":\"https:\\\/\\\/poesiaerestu.com\\\/revista\\\/nana-una-madre-feria-del-libro-online-jaen\\\/#primaryimage\",\"url\":\"https:\\\/\\\/poesiaerestu.com\\\/revista\\\/wp-content\\\/uploads\\\/2020\\\/07\\\/WhatsApp-Image-2020-07-01-at-19.46.37.jpeg\",\"contentUrl\":\"https:\\\/\\\/poesiaerestu.com\\\/revista\\\/wp-content\\\/uploads\\\/2020\\\/07\\\/WhatsApp-Image-2020-07-01-at-19.46.37.jpeg\",\"width\":720,\"height\":1019,\"caption\":\"2. Evento de poes\u00eda y literatura online en JA\u00c9N con presentaci\u00f3n de \\\"Nana a una madre\\\" por Mart\u00edn Paredes Aparicio.\"},{\"@type\":\"BreadcrumbList\",\"@id\":\"https:\\\/\\\/poesiaerestu.com\\\/revista\\\/nana-una-madre-feria-del-libro-online-jaen\\\/#breadcrumb\",\"itemListElement\":[{\"@type\":\"ListItem\",\"position\":1,\"name\":\"Home\",\"item\":\"https:\\\/\\\/poesiaerestu.com\\\/revista\\\/\"},{\"@type\":\"ListItem\",\"position\":2,\"name\":\"Nana a una madre. Feria del libro online de Ja\u00e9n\"}]},{\"@type\":\"WebSite\",\"@id\":\"https:\\\/\\\/poesiaerestu.com\\\/revista\\\/#website\",\"url\":\"https:\\\/\\\/poesiaerestu.com\\\/revista\\\/\",\"name\":\"Poes\u00ed\u00ada eres t\u00fa (revista)\",\"description\":\"Revista de poes\u00eda y literatura\",\"potentialAction\":[{\"@type\":\"SearchAction\",\"target\":{\"@type\":\"EntryPoint\",\"urlTemplate\":\"https:\\\/\\\/poesiaerestu.com\\\/revista\\\/?s={search_term_string}\"},\"query-input\":{\"@type\":\"PropertyValueSpecification\",\"valueRequired\":true,\"valueName\":\"search_term_string\"}}],\"inLanguage\":\"en-US\"},{\"@type\":\"Person\",\"@id\":\"https:\\\/\\\/poesiaerestu.com\\\/revista\\\/#\\\/schema\\\/person\\\/fcb1a2122be3810bfdd0c071b4b3e9c4\",\"name\":\"admin\",\"image\":{\"@type\":\"ImageObject\",\"inLanguage\":\"en-US\",\"@id\":\"https:\\\/\\\/secure.gravatar.com\\\/avatar\\\/1cb55a5bd8d6824519e46b552e84b03575857cc9c4d6333824d2f95d82129f50?s=96&d=mm&r=g\",\"url\":\"https:\\\/\\\/secure.gravatar.com\\\/avatar\\\/1cb55a5bd8d6824519e46b552e84b03575857cc9c4d6333824d2f95d82129f50?s=96&d=mm&r=g\",\"contentUrl\":\"https:\\\/\\\/secure.gravatar.com\\\/avatar\\\/1cb55a5bd8d6824519e46b552e84b03575857cc9c4d6333824d2f95d82129f50?s=96&d=mm&r=g\",\"caption\":\"admin\"},\"url\":\"https:\\\/\\\/poesiaerestu.com\\\/revista\\\/author\\\/admin\\\/\"}]}<\/script>\n<!-- \/ Yoast SEO Premium plugin. -->","yoast_head_json":{"title":"Nana a una madre. Feria del libro online de Ja\u00e9n - Poes\u00ed\u00ada eres t\u00fa (revista)","robots":{"index":"index","follow":"follow","max-snippet":"max-snippet:-1","max-image-preview":"max-image-preview:large","max-video-preview":"max-video-preview:-1"},"canonical":"https:\/\/poesiaerestu.com\/revista\/nana-una-madre-feria-del-libro-online-jaen\/","twitter_misc":{"Written by":"admin"},"schema":{"@context":"https:\/\/schema.org","@graph":[{"@type":"Article","@id":"https:\/\/poesiaerestu.com\/revista\/nana-una-madre-feria-del-libro-online-jaen\/#article","isPartOf":{"@id":"https:\/\/poesiaerestu.com\/revista\/nana-una-madre-feria-del-libro-online-jaen\/"},"author":{"name":"admin","@id":"https:\/\/poesiaerestu.com\/revista\/#\/schema\/person\/fcb1a2122be3810bfdd0c071b4b3e9c4"},"headline":"Nana a una madre. Feria del libro online de Ja\u00e9n","datePublished":"2020-07-01T17:54:14+00:00","dateModified":"2020-07-01T17:54:15+00:00","mainEntityOfPage":{"@id":"https:\/\/poesiaerestu.com\/revista\/nana-una-madre-feria-del-libro-online-jaen\/"},"wordCount":11,"image":{"@id":"https:\/\/poesiaerestu.com\/revista\/nana-una-madre-feria-del-libro-online-jaen\/#primaryimage"},"thumbnailUrl":"https:\/\/poesiaerestu.com\/revista\/wp-content\/uploads\/2020\/07\/WhatsApp-Image-2020-07-01-at-19.46.37.jpeg","articleSection":["Eventos"],"inLanguage":"en-US","copyrightYear":"2020","copyrightHolder":{"@id":"https:\/\/poesiaerestu.com\/revista\/#organization"}},{"@type":"WebPage","@id":"https:\/\/poesiaerestu.com\/revista\/nana-una-madre-feria-del-libro-online-jaen\/","url":"https:\/\/poesiaerestu.com\/revista\/nana-una-madre-feria-del-libro-online-jaen\/","name":"Nana a una madre. Feria del libro online de Ja\u00e9n - Poes\u00ed\u00ada eres t\u00fa (revista)","isPartOf":{"@id":"https:\/\/poesiaerestu.com\/revista\/#website"},"primaryImageOfPage":{"@id":"https:\/\/poesiaerestu.com\/revista\/nana-una-madre-feria-del-libro-online-jaen\/#primaryimage"},"image":{"@id":"https:\/\/poesiaerestu.com\/revista\/nana-una-madre-feria-del-libro-online-jaen\/#primaryimage"},"thumbnailUrl":"https:\/\/poesiaerestu.com\/revista\/wp-content\/uploads\/2020\/07\/WhatsApp-Image-2020-07-01-at-19.46.37.jpeg","datePublished":"2020-07-01T17:54:14+00:00","dateModified":"2020-07-01T17:54:15+00:00","author":{"@id":"https:\/\/poesiaerestu.com\/revista\/#\/schema\/person\/fcb1a2122be3810bfdd0c071b4b3e9c4"},"breadcrumb":{"@id":"https:\/\/poesiaerestu.com\/revista\/nana-una-madre-feria-del-libro-online-jaen\/#breadcrumb"},"inLanguage":"en-US","potentialAction":[{"@type":"ReadAction","target":["https:\/\/poesiaerestu.com\/revista\/nana-una-madre-feria-del-libro-online-jaen\/"]}]},{"@type":"ImageObject","inLanguage":"en-US","@id":"https:\/\/poesiaerestu.com\/revista\/nana-una-madre-feria-del-libro-online-jaen\/#primaryimage","url":"https:\/\/poesiaerestu.com\/revista\/wp-content\/uploads\/2020\/07\/WhatsApp-Image-2020-07-01-at-19.46.37.jpeg","contentUrl":"https:\/\/poesiaerestu.com\/revista\/wp-content\/uploads\/2020\/07\/WhatsApp-Image-2020-07-01-at-19.46.37.jpeg","width":720,"height":1019,"caption":"2. Evento de poes\u00eda y literatura online en JA\u00c9N con presentaci\u00f3n de \"Nana a una madre\" por Mart\u00edn Paredes Aparicio."},{"@type":"BreadcrumbList","@id":"https:\/\/poesiaerestu.com\/revista\/nana-una-madre-feria-del-libro-online-jaen\/#breadcrumb","itemListElement":[{"@type":"ListItem","position":1,"name":"Home","item":"https:\/\/poesiaerestu.com\/revista\/"},{"@type":"ListItem","position":2,"name":"Nana a una madre. Feria del libro online de Ja\u00e9n"}]},{"@type":"WebSite","@id":"https:\/\/poesiaerestu.com\/revista\/#website","url":"https:\/\/poesiaerestu.com\/revista\/","name":"Poes\u00ed\u00ada eres t\u00fa (revista)","description":"Revista de poes\u00eda y literatura","potentialAction":[{"@type":"SearchAction","target":{"@type":"EntryPoint","urlTemplate":"https:\/\/poesiaerestu.com\/revista\/?s={search_term_string}"},"query-input":{"@type":"PropertyValueSpecification","valueRequired":true,"valueName":"search_term_string"}}],"inLanguage":"en-US"},{"@type":"Person","@id":"https:\/\/poesiaerestu.com\/revista\/#\/schema\/person\/fcb1a2122be3810bfdd0c071b4b3e9c4","name":"admin","image":{"@type":"ImageObject","inLanguage":"en-US","@id":"https:\/\/secure.gravatar.com\/avatar\/1cb55a5bd8d6824519e46b552e84b03575857cc9c4d6333824d2f95d82129f50?s=96&d=mm&r=g","url":"https:\/\/secure.gravatar.com\/avatar\/1cb55a5bd8d6824519e46b552e84b03575857cc9c4d6333824d2f95d82129f50?s=96&d=mm&r=g","contentUrl":"https:\/\/secure.gravatar.com\/avatar\/1cb55a5bd8d6824519e46b552e84b03575857cc9c4d6333824d2f95d82129f50?s=96&d=mm&r=g","caption":"admin"},"url":"https:\/\/poesiaerestu.com\/revista\/author\/admin\/"}]}},"_links":{"self":[{"href":"https:\/\/poesiaerestu.com\/revista\/wp-json\/wp\/v2\/posts\/7647","targetHints":{"allow":["GET"]}}],"collection":[{"href":"https:\/\/poesiaerestu.com\/revista\/wp-json\/wp\/v2\/posts"}],"about":[{"href":"https:\/\/poesiaerestu.com\/revista\/wp-json\/wp\/v2\/types\/post"}],"author":[{"embeddable":true,"href":"https:\/\/poesiaerestu.com\/revista\/wp-json\/wp\/v2\/users\/1"}],"replies":[{"embeddable":true,"href":"https:\/\/poesiaerestu.com\/revista\/wp-json\/wp\/v2\/comments?post=7647"}],"version-history":[{"count":0,"href":"https:\/\/poesiaerestu.com\/revista\/wp-json\/wp\/v2\/posts\/7647\/revisions"}],"wp:featuredmedia":[{"embeddable":true,"href":"https:\/\/poesiaerestu.com\/revista\/wp-json\/wp\/v2\/media\/7648"}],"wp:attachment":[{"href":"https:\/\/poesiaerestu.com\/revista\/wp-json\/wp\/v2\/media?parent=7647"}],"wp:term":[{"taxonomy":"category","embeddable":true,"href":"https:\/\/poesiaerestu.com\/revista\/wp-json\/wp\/v2\/categories?post=7647"},{"taxonomy":"post_tag","embeddable":true,"href":"https:\/\/poesiaerestu.com\/revista\/wp-json\/wp\/v2\/tags?post=7647"}],"curies":[{"name":"wp","href":"https:\/\/api.w.org\/{rel}","templated":true}]}}