{"id":7625,"date":"2020-01-30T13:23:48","date_gmt":"2020-01-30T12:23:48","guid":{"rendered":"https:\/\/poesiaerestu.com\/revista\/?p=7625"},"modified":"2020-01-30T13:24:18","modified_gmt":"2020-01-30T12:24:18","slug":"presentacion-nana-una-madre-martin-paredes-aparicio-febrero-las-1230","status":"publish","type":"post","link":"https:\/\/poesiaerestu.com\/revista\/presentacion-nana-una-madre-martin-paredes-aparicio-febrero-las-1230\/","title":{"rendered":"Presentaci\u00f3n de NANA A UNA MADRE de Mart\u00edn Paredes Aparicio 1 de Febrero a las 12:30"},"content":{"rendered":"<p><a href=\"https:\/\/poesiaerestu.com\/revista\/presentacion-nana-una-madre-martin-paredes-aparicio-febrero-las-1230\/cartelnana\/\" rel=\"attachment wp-att-7626\"><img loading=\"lazy\" decoding=\"async\" src=\"https:\/\/poesiaerestu.com\/revista\/wp-content\/uploads\/2020\/01\/CartelNANA-600x840.jpg\" height=\"840\" width=\"600\" class=\"aligncenter size-us_600_0 wp-image-7626\" alt=\"Poes\u00eda y literatura en C\u00e1diz, lanzamiento de &quot;Nana a una Madre&quot; por Mart\u00edn Paredes Aparicio.\" srcset=\"https:\/\/poesiaerestu.com\/revista\/wp-content\/uploads\/2020\/01\/CartelNANA-600x840.jpg 600w, https:\/\/poesiaerestu.com\/revista\/wp-content\/uploads\/2020\/01\/CartelNANA-214x300.jpg 214w, https:\/\/poesiaerestu.com\/revista\/wp-content\/uploads\/2020\/01\/CartelNANA-731x1024.jpg 731w, https:\/\/poesiaerestu.com\/revista\/wp-content\/uploads\/2020\/01\/CartelNANA-768x1075.jpg 768w, https:\/\/poesiaerestu.com\/revista\/wp-content\/uploads\/2020\/01\/CartelNANA-43x60.jpg 43w, https:\/\/poesiaerestu.com\/revista\/wp-content\/uploads\/2020\/01\/CartelNANA.jpg 1024w\" sizes=\"auto, (max-width: 600px) 100vw, 600px\" \/> <\/a><\/p>\n","protected":false},"excerpt":{"rendered":"","protected":false},"author":1,"featured_media":7626,"comment_status":"closed","ping_status":"closed","sticky":false,"template":"","format":"standard","meta":{"footnotes":"","_links_to":"","_links_to_target":""},"categories":[8],"tags":[],"class_list":["post-7625","post","type-post","status-publish","format-standard","has-post-thumbnail","hentry","category-eventos"],"yoast_head":"<!-- This site is optimized with the Yoast SEO Premium plugin v24.7 (Yoast SEO v27.5) - https:\/\/yoast.com\/product\/yoast-seo-premium-wordpress\/ -->\n<title>Presentaci\u00f3n de NANA A UNA MADRE de Mart\u00edn Paredes Aparicio 1 de Febrero a las 12:30 - Poes\u00ed\u00ada eres t\u00fa (revista)<\/title>\n<meta name=\"robots\" content=\"index, follow, max-snippet:-1, max-image-preview:large, max-video-preview:-1\" \/>\n<link rel=\"canonical\" href=\"https:\/\/poesiaerestu.com\/revista\/presentacion-nana-una-madre-martin-paredes-aparicio-febrero-las-1230\/\" \/>\n<meta name=\"twitter:label1\" content=\"Written by\" \/>\n\t<meta name=\"twitter:data1\" content=\"admin\" \/>\n<script type=\"application\/ld+json\" class=\"yoast-schema-graph\">{\"@context\":\"https:\\\/\\\/schema.org\",\"@graph\":[{\"@type\":\"Article\",\"@id\":\"https:\\\/\\\/poesiaerestu.com\\\/revista\\\/presentacion-nana-una-madre-martin-paredes-aparicio-febrero-las-1230\\\/#article\",\"isPartOf\":{\"@id\":\"https:\\\/\\\/poesiaerestu.com\\\/revista\\\/presentacion-nana-una-madre-martin-paredes-aparicio-febrero-las-1230\\\/\"},\"author\":{\"name\":\"admin\",\"@id\":\"https:\\\/\\\/poesiaerestu.com\\\/revista\\\/#\\\/schema\\\/person\\\/fcb1a2122be3810bfdd0c071b4b3e9c4\"},\"headline\":\"Presentaci\u00f3n de NANA A UNA MADRE de Mart\u00edn Paredes Aparicio 1 de Febrero a las 12:30\",\"datePublished\":\"2020-01-30T12:23:48+00:00\",\"dateModified\":\"2020-01-30T12:24:18+00:00\",\"mainEntityOfPage\":{\"@id\":\"https:\\\/\\\/poesiaerestu.com\\\/revista\\\/presentacion-nana-una-madre-martin-paredes-aparicio-febrero-las-1230\\\/\"},\"wordCount\":16,\"image\":{\"@id\":\"https:\\\/\\\/poesiaerestu.com\\\/revista\\\/presentacion-nana-una-madre-martin-paredes-aparicio-febrero-las-1230\\\/#primaryimage\"},\"thumbnailUrl\":\"https:\\\/\\\/poesiaerestu.com\\\/revista\\\/wp-content\\\/uploads\\\/2020\\\/01\\\/CartelNANA.jpg\",\"articleSection\":[\"Eventos\"],\"inLanguage\":\"en-US\",\"copyrightYear\":\"2020\",\"copyrightHolder\":{\"@id\":\"https:\\\/\\\/poesiaerestu.com\\\/revista\\\/#organization\"}},{\"@type\":\"WebPage\",\"@id\":\"https:\\\/\\\/poesiaerestu.com\\\/revista\\\/presentacion-nana-una-madre-martin-paredes-aparicio-febrero-las-1230\\\/\",\"url\":\"https:\\\/\\\/poesiaerestu.com\\\/revista\\\/presentacion-nana-una-madre-martin-paredes-aparicio-febrero-las-1230\\\/\",\"name\":\"Presentaci\u00f3n de NANA A UNA MADRE de Mart\u00edn Paredes Aparicio 1 de Febrero a las 12:30 - Poes\u00ed\u00ada eres t\u00fa (revista)\",\"isPartOf\":{\"@id\":\"https:\\\/\\\/poesiaerestu.com\\\/revista\\\/#website\"},\"primaryImageOfPage\":{\"@id\":\"https:\\\/\\\/poesiaerestu.com\\\/revista\\\/presentacion-nana-una-madre-martin-paredes-aparicio-febrero-las-1230\\\/#primaryimage\"},\"image\":{\"@id\":\"https:\\\/\\\/poesiaerestu.com\\\/revista\\\/presentacion-nana-una-madre-martin-paredes-aparicio-febrero-las-1230\\\/#primaryimage\"},\"thumbnailUrl\":\"https:\\\/\\\/poesiaerestu.com\\\/revista\\\/wp-content\\\/uploads\\\/2020\\\/01\\\/CartelNANA.jpg\",\"datePublished\":\"2020-01-30T12:23:48+00:00\",\"dateModified\":\"2020-01-30T12:24:18+00:00\",\"author\":{\"@id\":\"https:\\\/\\\/poesiaerestu.com\\\/revista\\\/#\\\/schema\\\/person\\\/fcb1a2122be3810bfdd0c071b4b3e9c4\"},\"breadcrumb\":{\"@id\":\"https:\\\/\\\/poesiaerestu.com\\\/revista\\\/presentacion-nana-una-madre-martin-paredes-aparicio-febrero-las-1230\\\/#breadcrumb\"},\"inLanguage\":\"en-US\",\"potentialAction\":[{\"@type\":\"ReadAction\",\"target\":[\"https:\\\/\\\/poesiaerestu.com\\\/revista\\\/presentacion-nana-una-madre-martin-paredes-aparicio-febrero-las-1230\\\/\"]}]},{\"@type\":\"ImageObject\",\"inLanguage\":\"en-US\",\"@id\":\"https:\\\/\\\/poesiaerestu.com\\\/revista\\\/presentacion-nana-una-madre-martin-paredes-aparicio-febrero-las-1230\\\/#primaryimage\",\"url\":\"https:\\\/\\\/poesiaerestu.com\\\/revista\\\/wp-content\\\/uploads\\\/2020\\\/01\\\/CartelNANA.jpg\",\"contentUrl\":\"https:\\\/\\\/poesiaerestu.com\\\/revista\\\/wp-content\\\/uploads\\\/2020\\\/01\\\/CartelNANA.jpg\",\"width\":1024,\"height\":1434,\"caption\":\"Presentaci\u00f3n del poema \\\"Nana a una Madre\\\" de Mart\u00edn Paredes Aparicio en C\u00e1diz.\"},{\"@type\":\"BreadcrumbList\",\"@id\":\"https:\\\/\\\/poesiaerestu.com\\\/revista\\\/presentacion-nana-una-madre-martin-paredes-aparicio-febrero-las-1230\\\/#breadcrumb\",\"itemListElement\":[{\"@type\":\"ListItem\",\"position\":1,\"name\":\"Home\",\"item\":\"https:\\\/\\\/poesiaerestu.com\\\/revista\\\/\"},{\"@type\":\"ListItem\",\"position\":2,\"name\":\"Presentaci\u00f3n de NANA A UNA MADRE de Mart\u00edn Paredes Aparicio 1 de Febrero a las 12:30\"}]},{\"@type\":\"WebSite\",\"@id\":\"https:\\\/\\\/poesiaerestu.com\\\/revista\\\/#website\",\"url\":\"https:\\\/\\\/poesiaerestu.com\\\/revista\\\/\",\"name\":\"Poes\u00ed\u00ada eres t\u00fa (revista)\",\"description\":\"Revista de poes\u00eda y literatura\",\"potentialAction\":[{\"@type\":\"SearchAction\",\"target\":{\"@type\":\"EntryPoint\",\"urlTemplate\":\"https:\\\/\\\/poesiaerestu.com\\\/revista\\\/?s={search_term_string}\"},\"query-input\":{\"@type\":\"PropertyValueSpecification\",\"valueRequired\":true,\"valueName\":\"search_term_string\"}}],\"inLanguage\":\"en-US\"},{\"@type\":\"Person\",\"@id\":\"https:\\\/\\\/poesiaerestu.com\\\/revista\\\/#\\\/schema\\\/person\\\/fcb1a2122be3810bfdd0c071b4b3e9c4\",\"name\":\"admin\",\"image\":{\"@type\":\"ImageObject\",\"inLanguage\":\"en-US\",\"@id\":\"https:\\\/\\\/secure.gravatar.com\\\/avatar\\\/1cb55a5bd8d6824519e46b552e84b03575857cc9c4d6333824d2f95d82129f50?s=96&d=mm&r=g\",\"url\":\"https:\\\/\\\/secure.gravatar.com\\\/avatar\\\/1cb55a5bd8d6824519e46b552e84b03575857cc9c4d6333824d2f95d82129f50?s=96&d=mm&r=g\",\"contentUrl\":\"https:\\\/\\\/secure.gravatar.com\\\/avatar\\\/1cb55a5bd8d6824519e46b552e84b03575857cc9c4d6333824d2f95d82129f50?s=96&d=mm&r=g\",\"caption\":\"admin\"},\"url\":\"https:\\\/\\\/poesiaerestu.com\\\/revista\\\/author\\\/admin\\\/\"}]}<\/script>\n<!-- \/ Yoast SEO Premium plugin. -->","yoast_head_json":{"title":"Presentaci\u00f3n de NANA A UNA MADRE de Mart\u00edn Paredes Aparicio 1 de Febrero a las 12:30 - Poes\u00ed\u00ada eres t\u00fa (revista)","robots":{"index":"index","follow":"follow","max-snippet":"max-snippet:-1","max-image-preview":"max-image-preview:large","max-video-preview":"max-video-preview:-1"},"canonical":"https:\/\/poesiaerestu.com\/revista\/presentacion-nana-una-madre-martin-paredes-aparicio-febrero-las-1230\/","twitter_misc":{"Written by":"admin"},"schema":{"@context":"https:\/\/schema.org","@graph":[{"@type":"Article","@id":"https:\/\/poesiaerestu.com\/revista\/presentacion-nana-una-madre-martin-paredes-aparicio-febrero-las-1230\/#article","isPartOf":{"@id":"https:\/\/poesiaerestu.com\/revista\/presentacion-nana-una-madre-martin-paredes-aparicio-febrero-las-1230\/"},"author":{"name":"admin","@id":"https:\/\/poesiaerestu.com\/revista\/#\/schema\/person\/fcb1a2122be3810bfdd0c071b4b3e9c4"},"headline":"Presentaci\u00f3n de NANA A UNA MADRE de Mart\u00edn Paredes Aparicio 1 de Febrero a las 12:30","datePublished":"2020-01-30T12:23:48+00:00","dateModified":"2020-01-30T12:24:18+00:00","mainEntityOfPage":{"@id":"https:\/\/poesiaerestu.com\/revista\/presentacion-nana-una-madre-martin-paredes-aparicio-febrero-las-1230\/"},"wordCount":16,"image":{"@id":"https:\/\/poesiaerestu.com\/revista\/presentacion-nana-una-madre-martin-paredes-aparicio-febrero-las-1230\/#primaryimage"},"thumbnailUrl":"https:\/\/poesiaerestu.com\/revista\/wp-content\/uploads\/2020\/01\/CartelNANA.jpg","articleSection":["Eventos"],"inLanguage":"en-US","copyrightYear":"2020","copyrightHolder":{"@id":"https:\/\/poesiaerestu.com\/revista\/#organization"}},{"@type":"WebPage","@id":"https:\/\/poesiaerestu.com\/revista\/presentacion-nana-una-madre-martin-paredes-aparicio-febrero-las-1230\/","url":"https:\/\/poesiaerestu.com\/revista\/presentacion-nana-una-madre-martin-paredes-aparicio-febrero-las-1230\/","name":"Presentaci\u00f3n de NANA A UNA MADRE de Mart\u00edn Paredes Aparicio 1 de Febrero a las 12:30 - Poes\u00ed\u00ada eres t\u00fa (revista)","isPartOf":{"@id":"https:\/\/poesiaerestu.com\/revista\/#website"},"primaryImageOfPage":{"@id":"https:\/\/poesiaerestu.com\/revista\/presentacion-nana-una-madre-martin-paredes-aparicio-febrero-las-1230\/#primaryimage"},"image":{"@id":"https:\/\/poesiaerestu.com\/revista\/presentacion-nana-una-madre-martin-paredes-aparicio-febrero-las-1230\/#primaryimage"},"thumbnailUrl":"https:\/\/poesiaerestu.com\/revista\/wp-content\/uploads\/2020\/01\/CartelNANA.jpg","datePublished":"2020-01-30T12:23:48+00:00","dateModified":"2020-01-30T12:24:18+00:00","author":{"@id":"https:\/\/poesiaerestu.com\/revista\/#\/schema\/person\/fcb1a2122be3810bfdd0c071b4b3e9c4"},"breadcrumb":{"@id":"https:\/\/poesiaerestu.com\/revista\/presentacion-nana-una-madre-martin-paredes-aparicio-febrero-las-1230\/#breadcrumb"},"inLanguage":"en-US","potentialAction":[{"@type":"ReadAction","target":["https:\/\/poesiaerestu.com\/revista\/presentacion-nana-una-madre-martin-paredes-aparicio-febrero-las-1230\/"]}]},{"@type":"ImageObject","inLanguage":"en-US","@id":"https:\/\/poesiaerestu.com\/revista\/presentacion-nana-una-madre-martin-paredes-aparicio-febrero-las-1230\/#primaryimage","url":"https:\/\/poesiaerestu.com\/revista\/wp-content\/uploads\/2020\/01\/CartelNANA.jpg","contentUrl":"https:\/\/poesiaerestu.com\/revista\/wp-content\/uploads\/2020\/01\/CartelNANA.jpg","width":1024,"height":1434,"caption":"Presentaci\u00f3n del poema \"Nana a una Madre\" de Mart\u00edn Paredes Aparicio en C\u00e1diz."},{"@type":"BreadcrumbList","@id":"https:\/\/poesiaerestu.com\/revista\/presentacion-nana-una-madre-martin-paredes-aparicio-febrero-las-1230\/#breadcrumb","itemListElement":[{"@type":"ListItem","position":1,"name":"Home","item":"https:\/\/poesiaerestu.com\/revista\/"},{"@type":"ListItem","position":2,"name":"Presentaci\u00f3n de NANA A UNA MADRE de Mart\u00edn Paredes Aparicio 1 de Febrero a las 12:30"}]},{"@type":"WebSite","@id":"https:\/\/poesiaerestu.com\/revista\/#website","url":"https:\/\/poesiaerestu.com\/revista\/","name":"Poes\u00ed\u00ada eres t\u00fa (revista)","description":"Revista de poes\u00eda y literatura","potentialAction":[{"@type":"SearchAction","target":{"@type":"EntryPoint","urlTemplate":"https:\/\/poesiaerestu.com\/revista\/?s={search_term_string}"},"query-input":{"@type":"PropertyValueSpecification","valueRequired":true,"valueName":"search_term_string"}}],"inLanguage":"en-US"},{"@type":"Person","@id":"https:\/\/poesiaerestu.com\/revista\/#\/schema\/person\/fcb1a2122be3810bfdd0c071b4b3e9c4","name":"admin","image":{"@type":"ImageObject","inLanguage":"en-US","@id":"https:\/\/secure.gravatar.com\/avatar\/1cb55a5bd8d6824519e46b552e84b03575857cc9c4d6333824d2f95d82129f50?s=96&d=mm&r=g","url":"https:\/\/secure.gravatar.com\/avatar\/1cb55a5bd8d6824519e46b552e84b03575857cc9c4d6333824d2f95d82129f50?s=96&d=mm&r=g","contentUrl":"https:\/\/secure.gravatar.com\/avatar\/1cb55a5bd8d6824519e46b552e84b03575857cc9c4d6333824d2f95d82129f50?s=96&d=mm&r=g","caption":"admin"},"url":"https:\/\/poesiaerestu.com\/revista\/author\/admin\/"}]}},"_links":{"self":[{"href":"https:\/\/poesiaerestu.com\/revista\/wp-json\/wp\/v2\/posts\/7625","targetHints":{"allow":["GET"]}}],"collection":[{"href":"https:\/\/poesiaerestu.com\/revista\/wp-json\/wp\/v2\/posts"}],"about":[{"href":"https:\/\/poesiaerestu.com\/revista\/wp-json\/wp\/v2\/types\/post"}],"author":[{"embeddable":true,"href":"https:\/\/poesiaerestu.com\/revista\/wp-json\/wp\/v2\/users\/1"}],"replies":[{"embeddable":true,"href":"https:\/\/poesiaerestu.com\/revista\/wp-json\/wp\/v2\/comments?post=7625"}],"version-history":[{"count":0,"href":"https:\/\/poesiaerestu.com\/revista\/wp-json\/wp\/v2\/posts\/7625\/revisions"}],"wp:featuredmedia":[{"embeddable":true,"href":"https:\/\/poesiaerestu.com\/revista\/wp-json\/wp\/v2\/media\/7626"}],"wp:attachment":[{"href":"https:\/\/poesiaerestu.com\/revista\/wp-json\/wp\/v2\/media?parent=7625"}],"wp:term":[{"taxonomy":"category","embeddable":true,"href":"https:\/\/poesiaerestu.com\/revista\/wp-json\/wp\/v2\/categories?post=7625"},{"taxonomy":"post_tag","embeddable":true,"href":"https:\/\/poesiaerestu.com\/revista\/wp-json\/wp\/v2\/tags?post=7625"}],"curies":[{"name":"wp","href":"https:\/\/api.w.org\/{rel}","templated":true}]}}