{"id":762,"date":"2011-03-07T18:54:30","date_gmt":"2011-03-07T17:54:30","guid":{"rendered":"http:\/\/www.poesiaerestu.com\/revista\/?p=762"},"modified":"2011-03-07T18:54:30","modified_gmt":"2011-03-07T17:54:30","slug":"david-romero-%e2%80%9cla-poesia-debe-ser-al-pueblo-lo-que-el-arma-a-la-revolucion%e2%80%9d","status":"publish","type":"post","link":"https:\/\/poesiaerestu.com\/revista\/david-romero-%e2%80%9cla-poesia-debe-ser-al-pueblo-lo-que-el-arma-a-la-revolucion%e2%80%9d\/","title":{"rendered":"David Romero: \u201cla poes\u00eda debe ser al pueblo, lo que el arma a la revoluci\u00f3n\u201d"},"content":{"rendered":"<p><a ref=\"magnificPopup\" href=\"https:\/\/poesiaerestu.com\/revista\/wp-content\/uploads\/2011\/03\/DSCF3594.jpg\"><img loading=\"lazy\" decoding=\"async\" class=\"alignleft size-medium wp-image-763\" title=\"DSCF3594\" src=\"https:\/\/poesiaerestu.com\/revista\/wp-content\/uploads\/2011\/03\/DSCF3594-300x160.jpg\" alt=\"\" width=\"300\" height=\"160\" srcset=\"https:\/\/poesiaerestu.com\/revista\/wp-content\/uploads\/2011\/03\/DSCF3594-300x160.jpg 300w, https:\/\/poesiaerestu.com\/revista\/wp-content\/uploads\/2011\/03\/DSCF3594-113x60.jpg 113w, https:\/\/poesiaerestu.com\/revista\/wp-content\/uploads\/2011\/03\/DSCF3594.jpg 570w\" sizes=\"auto, (max-width: 300px) 100vw, 300px\" \/><\/a>David Romero es un joven poeta gaditano que con su poemario, \u201cLa hija descalza\u201d, trata un tema tan sensible y tal actual como el de la memoria de las personas y familias \u2013algunas conocidas, otras an\u00f3nimas\u2013 que sufrieron la guerra civil. Una poes\u00eda militante procedente de un poeta que busca devolver los versos al pueblo.<\/p>\n<p><strong>\u00a0\u00a0\u00a0\u00a0\u00a0\u00a0\u00a0\u00a0\u00a0\u00a0\u00a0\u00a0\u00a0\u00a0\u00a0\u00a0\u00a0\u00a0\u00a0\u00a0\u00a0\u00a0\u00a0\u00a0\u00a0<br \/>\n\u00bfC\u00f3mo se te ocurri\u00f3 la idea de poetizar la historia de la Rep\u00fablica y la Guerra Civil?<\/strong><\/p>\n<p>Quiz\u00e1s no sea ocurrir el verbo m\u00e1s adecuado, ya que denota que hay una intenci\u00f3n previa. Prefiero decir que fue una idea que surge, que brota, que no es buscada. De hecho, recuerdo que cuando comenc\u00e9 a conocer la historia de Espa\u00f1a del siglo XX, la historia que han intentado borrar, tapar, callar, sellar&#8230; sent\u00eda la necesidad de transmitir esa historia, de escribir para darla a conocer. As\u00ed es como van surgiendo los primeros versos en una \u00e9poca en la que a\u00fan no se hablaba ni de memoria hist\u00f3rica ni de su recuperaci\u00f3n.<\/p>\n<p><strong>\u00bfHas hecho alg\u00fan trabajo documental para el libro?<\/strong><\/p>\n<p>Si como trabajo documental hay que entender un trabajo minucioso y constante, no, no es as\u00ed, mas bien ha sido un trabajo basado, principalmente, en \u00e1mbitos que me fascinan como son los libros, el cine o la m\u00fasica. A ra\u00edz de participar en recitales po\u00e9ticos y, sobre todo, a partir de las presentaciones de mi primer libro, si he tenido la oportunidad de conocer historias en primera persona, de escuchar historias que han conseguido emocionarme y de ah\u00ed es de donde surgen poemas basados en hechos concretos sucedidos en ciudades como Valladolid o Chiclana.<\/p>\n<p><strong>Te has centrado mucho (la cita de Walter Benjamin que abre el libro ya se\u00f1ala en esa direcci\u00f3n) en la historia de la gente com\u00fan, que padeci\u00f3 la guerra, fusilamiento de familiares, etc. \u00bfHay que rescatar sus \u201cpeque\u00f1as historias\u201d?<\/strong><\/p>\n<p>En el libro se entremezclan dos historias: la historia de los poetas que sufrieron la represi\u00f3n y ellos si tienen nombres y apellidos; y las \u201cpeque\u00f1as historias\u201d sin nombre pues detr\u00e1s de cada poema se pueden ver reflejadas decenas de vivencias similares como puede ser el caso de las mujeres rapadas, violadas, vejadas, maltratadas&#8230; Son historias muy necesarias y que deber\u00edan aparecer en los libros de historia y no en libros que son al final peque\u00f1as islas de investigaci\u00f3n.<\/p>\n<p><strong>\u00bfLes has dejado leer tus poemas a alguna de esas familias? \u00bfQu\u00e9 te han dicho?<\/strong><\/p>\n<p>He tenido la oportunidad de darlos a conocer en mi misma voz y entablar una lectura rec\u00edproca, una lectura que da un poco a esas personas que sufrieron de forma directa o indirecta esos a\u00f1os y me devuelven mucho. He podido ver a hombres llorar y emocionarse como ni\u00f1os.<\/p>\n<p><strong>Estamos claramente ante unos poemas militantes. Entendemos que crees que a\u00fan es necesaria este tipo de poes\u00eda: \u00bfPor qu\u00e9? \u00bfQu\u00e9 papel crees que puede jugar en el escenario actual de la poes\u00eda?<\/strong><\/p>\n<p>Vivimos en una \u00e9poca apol\u00edtica, a\u00fan as\u00ed, la poes\u00eda debe ser al pueblo, lo que el arma a la revoluci\u00f3n. Es el papel que jug\u00f3 desde 1931 hasta 1939. Y as\u00ed es como deber\u00eda ser, poes\u00eda por y para el pueblo, con sus palabras, con sus necesidades, con sus problemas&#8230;<\/p>\n<p><strong>Sabr\u00e1s que muchos consideran \u201cagotado\u201d el tema de la guerra civil, sin embargo, no dejan de salir autores j\u00f3venes, que ni siquiera vivieron el franquismo y que se interesan y rescatan ese tema: \u00bfA qu\u00e9 crees que se debe?<\/strong><\/p>\n<p>Somos la primera generaci\u00f3n que ha nacido en \u201cdemocracia\u201d, en \u201clibertad\u201d y podemos situarnos fuera del siglo XX, podemos ver la historia con unos ojos diferentes, podemos verla con la raz\u00f3n, aunque el coraz\u00f3n marque el ritmo. Adem\u00e1s, queremos saber, queremos conocer esas historias, queremos recuperar la vida de nuestros padres, de nuestros abuelos. Dejar de aprender de los silencios y para ello tenemos que hablar de la II Rep\u00fablica, de la Guerra Civil y de la Dictadura que apag\u00f3 Espa\u00f1a durante tantos a\u00f1os.<\/p>\n<p><strong>\u00bfQu\u00e9 poetas te han inspirado para realizar este libro?<\/strong><\/p>\n<p>Tendr\u00eda que hacer un gran listado de poetas y de libros y, a\u00fan as\u00ed, acabar\u00eda olvidando alguno. Son peque\u00f1os caminos dentro de un bosque y como no s\u00e9 cu\u00e1l elegir, acabo qued\u00e1ndome en el bosque. Por eso en este libro se entremezcla la influencia de poetas como Miguel Hern\u00e1ndez, Federico Garc\u00eda Lorca, Antonio Machado, Rafael Alberti&#8230; y de libros como \u201cRomancero libertario\u201d o \u201cRomancero de la Guerra Civil Espa\u00f1ola\u201d.<\/p>\n","protected":false},"excerpt":{"rendered":"<p>David Romero es un joven poeta gaditano que con su poemario, \u201cLa hija descalza\u201d, trata un tema tan sensible y tal actual como el de la memoria de las personas y familias \u2013algunas conocidas, otras an\u00f3nimas\u2013 que sufrieron la guerra civil. Una poes\u00eda militante procedente de un poeta que busca devolver los versos al pueblo&#8230;.<\/p>\n","protected":false},"author":1,"featured_media":763,"comment_status":"open","ping_status":"open","sticky":false,"template":"","format":"standard","meta":{"footnotes":"","_links_to":"","_links_to_target":""},"categories":[1],"tags":[],"class_list":["post-762","post","type-post","status-publish","format-standard","has-post-thumbnail","hentry","category-uncategorized"],"yoast_head":"<!-- This site is optimized with the Yoast SEO Premium plugin v24.7 (Yoast SEO v27.5) - https:\/\/yoast.com\/product\/yoast-seo-premium-wordpress\/ -->\n<title>David Romero: \u201cla poes\u00eda debe ser al pueblo, lo que el arma a la revoluci\u00f3n\u201d<\/title>\n<meta name=\"description\" content=\"David Romero es un joven poeta gaditano que con su poemario, \u201cLa hija descalza\u201d, trata un tema tan sensible y tal actual como el de la memoria de las person\" \/>\n<meta name=\"robots\" content=\"index, follow, max-snippet:-1, max-image-preview:large, max-video-preview:-1\" \/>\n<link rel=\"canonical\" href=\"https:\/\/poesiaerestu.com\/revista\/david-romero-\u201cla-poesia-debe-ser-al-pueblo-lo-que-el-arma-a-la-revolucion\u201d\/\" \/>\n<meta name=\"twitter:label1\" content=\"Written by\" \/>\n\t<meta name=\"twitter:data1\" content=\"admin\" \/>\n\t<meta name=\"twitter:label2\" content=\"Est. reading time\" \/>\n\t<meta name=\"twitter:data2\" content=\"4 minutes\" \/>\n<script type=\"application\/ld+json\" class=\"yoast-schema-graph\">{\"@context\":\"https:\\\/\\\/schema.org\",\"@graph\":[{\"@type\":\"Article\",\"@id\":\"https:\\\/\\\/poesiaerestu.com\\\/revista\\\/david-romero-%e2%80%9cla-poesia-debe-ser-al-pueblo-lo-que-el-arma-a-la-revolucion%e2%80%9d\\\/#article\",\"isPartOf\":{\"@id\":\"https:\\\/\\\/poesiaerestu.com\\\/revista\\\/david-romero-%e2%80%9cla-poesia-debe-ser-al-pueblo-lo-que-el-arma-a-la-revolucion%e2%80%9d\\\/\"},\"author\":{\"name\":\"admin\",\"@id\":\"https:\\\/\\\/poesiaerestu.com\\\/revista\\\/#\\\/schema\\\/person\\\/fcb1a2122be3810bfdd0c071b4b3e9c4\"},\"headline\":\"David Romero: \u201cla poes\u00eda debe ser al pueblo, lo que el arma a la revoluci\u00f3n\u201d\",\"datePublished\":\"2011-03-07T17:54:30+00:00\",\"mainEntityOfPage\":{\"@id\":\"https:\\\/\\\/poesiaerestu.com\\\/revista\\\/david-romero-%e2%80%9cla-poesia-debe-ser-al-pueblo-lo-que-el-arma-a-la-revolucion%e2%80%9d\\\/\"},\"wordCount\":803,\"commentCount\":0,\"image\":{\"@id\":\"https:\\\/\\\/poesiaerestu.com\\\/revista\\\/david-romero-%e2%80%9cla-poesia-debe-ser-al-pueblo-lo-que-el-arma-a-la-revolucion%e2%80%9d\\\/#primaryimage\"},\"thumbnailUrl\":\"https:\\\/\\\/poesiaerestu.com\\\/revista\\\/wp-content\\\/uploads\\\/2011\\\/03\\\/DSCF3594.jpg\",\"articleSection\":[\"Otros\"],\"inLanguage\":\"en-US\",\"copyrightYear\":\"2011\",\"copyrightHolder\":{\"@id\":\"https:\\\/\\\/poesiaerestu.com\\\/revista\\\/#organization\"}},{\"@type\":\"WebPage\",\"@id\":\"https:\\\/\\\/poesiaerestu.com\\\/revista\\\/david-romero-%e2%80%9cla-poesia-debe-ser-al-pueblo-lo-que-el-arma-a-la-revolucion%e2%80%9d\\\/\",\"url\":\"https:\\\/\\\/poesiaerestu.com\\\/revista\\\/david-romero-%e2%80%9cla-poesia-debe-ser-al-pueblo-lo-que-el-arma-a-la-revolucion%e2%80%9d\\\/\",\"name\":\"David Romero: \u201cla poes\u00eda debe ser al pueblo, lo que el arma a la revoluci\u00f3n\u201d\",\"isPartOf\":{\"@id\":\"https:\\\/\\\/poesiaerestu.com\\\/revista\\\/#website\"},\"primaryImageOfPage\":{\"@id\":\"https:\\\/\\\/poesiaerestu.com\\\/revista\\\/david-romero-%e2%80%9cla-poesia-debe-ser-al-pueblo-lo-que-el-arma-a-la-revolucion%e2%80%9d\\\/#primaryimage\"},\"image\":{\"@id\":\"https:\\\/\\\/poesiaerestu.com\\\/revista\\\/david-romero-%e2%80%9cla-poesia-debe-ser-al-pueblo-lo-que-el-arma-a-la-revolucion%e2%80%9d\\\/#primaryimage\"},\"thumbnailUrl\":\"https:\\\/\\\/poesiaerestu.com\\\/revista\\\/wp-content\\\/uploads\\\/2011\\\/03\\\/DSCF3594.jpg\",\"datePublished\":\"2011-03-07T17:54:30+00:00\",\"author\":{\"@id\":\"https:\\\/\\\/poesiaerestu.com\\\/revista\\\/#\\\/schema\\\/person\\\/fcb1a2122be3810bfdd0c071b4b3e9c4\"},\"description\":\"David Romero es un joven poeta gaditano que con su poemario, \u201cLa hija descalza\u201d, trata un tema tan sensible y tal actual como el de la memoria de las person\",\"breadcrumb\":{\"@id\":\"https:\\\/\\\/poesiaerestu.com\\\/revista\\\/david-romero-%e2%80%9cla-poesia-debe-ser-al-pueblo-lo-que-el-arma-a-la-revolucion%e2%80%9d\\\/#breadcrumb\"},\"inLanguage\":\"en-US\",\"potentialAction\":[{\"@type\":\"ReadAction\",\"target\":[\"https:\\\/\\\/poesiaerestu.com\\\/revista\\\/david-romero-%e2%80%9cla-poesia-debe-ser-al-pueblo-lo-que-el-arma-a-la-revolucion%e2%80%9d\\\/\"]}]},{\"@type\":\"ImageObject\",\"inLanguage\":\"en-US\",\"@id\":\"https:\\\/\\\/poesiaerestu.com\\\/revista\\\/david-romero-%e2%80%9cla-poesia-debe-ser-al-pueblo-lo-que-el-arma-a-la-revolucion%e2%80%9d\\\/#primaryimage\",\"url\":\"https:\\\/\\\/poesiaerestu.com\\\/revista\\\/wp-content\\\/uploads\\\/2011\\\/03\\\/DSCF3594.jpg\",\"contentUrl\":\"https:\\\/\\\/poesiaerestu.com\\\/revista\\\/wp-content\\\/uploads\\\/2011\\\/03\\\/DSCF3594.jpg\",\"width\":570,\"height\":304},{\"@type\":\"BreadcrumbList\",\"@id\":\"https:\\\/\\\/poesiaerestu.com\\\/revista\\\/david-romero-%e2%80%9cla-poesia-debe-ser-al-pueblo-lo-que-el-arma-a-la-revolucion%e2%80%9d\\\/#breadcrumb\",\"itemListElement\":[{\"@type\":\"ListItem\",\"position\":1,\"name\":\"Home\",\"item\":\"https:\\\/\\\/poesiaerestu.com\\\/revista\\\/\"},{\"@type\":\"ListItem\",\"position\":2,\"name\":\"David Romero: \u201cla poes\u00eda debe ser al pueblo, lo que el arma a la revoluci\u00f3n\u201d\"}]},{\"@type\":\"WebSite\",\"@id\":\"https:\\\/\\\/poesiaerestu.com\\\/revista\\\/#website\",\"url\":\"https:\\\/\\\/poesiaerestu.com\\\/revista\\\/\",\"name\":\"Poes\u00ed\u00ada eres t\u00fa (revista)\",\"description\":\"Revista de poes\u00eda y literatura\",\"potentialAction\":[{\"@type\":\"SearchAction\",\"target\":{\"@type\":\"EntryPoint\",\"urlTemplate\":\"https:\\\/\\\/poesiaerestu.com\\\/revista\\\/?s={search_term_string}\"},\"query-input\":{\"@type\":\"PropertyValueSpecification\",\"valueRequired\":true,\"valueName\":\"search_term_string\"}}],\"inLanguage\":\"en-US\"},{\"@type\":\"Person\",\"@id\":\"https:\\\/\\\/poesiaerestu.com\\\/revista\\\/#\\\/schema\\\/person\\\/fcb1a2122be3810bfdd0c071b4b3e9c4\",\"name\":\"admin\",\"image\":{\"@type\":\"ImageObject\",\"inLanguage\":\"en-US\",\"@id\":\"https:\\\/\\\/secure.gravatar.com\\\/avatar\\\/1cb55a5bd8d6824519e46b552e84b03575857cc9c4d6333824d2f95d82129f50?s=96&d=mm&r=g\",\"url\":\"https:\\\/\\\/secure.gravatar.com\\\/avatar\\\/1cb55a5bd8d6824519e46b552e84b03575857cc9c4d6333824d2f95d82129f50?s=96&d=mm&r=g\",\"contentUrl\":\"https:\\\/\\\/secure.gravatar.com\\\/avatar\\\/1cb55a5bd8d6824519e46b552e84b03575857cc9c4d6333824d2f95d82129f50?s=96&d=mm&r=g\",\"caption\":\"admin\"},\"url\":\"https:\\\/\\\/poesiaerestu.com\\\/revista\\\/author\\\/admin\\\/\"}]}<\/script>\n<!-- \/ Yoast SEO Premium plugin. -->","yoast_head_json":{"title":"David Romero: \u201cla poes\u00eda debe ser al pueblo, lo que el arma a la revoluci\u00f3n\u201d","description":"David Romero es un joven poeta gaditano que con su poemario, \u201cLa hija descalza\u201d, trata un tema tan sensible y tal actual como el de la memoria de las person","robots":{"index":"index","follow":"follow","max-snippet":"max-snippet:-1","max-image-preview":"max-image-preview:large","max-video-preview":"max-video-preview:-1"},"canonical":"https:\/\/poesiaerestu.com\/revista\/david-romero-\u201cla-poesia-debe-ser-al-pueblo-lo-que-el-arma-a-la-revolucion\u201d\/","twitter_misc":{"Written by":"admin","Est. reading time":"4 minutes"},"schema":{"@context":"https:\/\/schema.org","@graph":[{"@type":"Article","@id":"https:\/\/poesiaerestu.com\/revista\/david-romero-%e2%80%9cla-poesia-debe-ser-al-pueblo-lo-que-el-arma-a-la-revolucion%e2%80%9d\/#article","isPartOf":{"@id":"https:\/\/poesiaerestu.com\/revista\/david-romero-%e2%80%9cla-poesia-debe-ser-al-pueblo-lo-que-el-arma-a-la-revolucion%e2%80%9d\/"},"author":{"name":"admin","@id":"https:\/\/poesiaerestu.com\/revista\/#\/schema\/person\/fcb1a2122be3810bfdd0c071b4b3e9c4"},"headline":"David Romero: \u201cla poes\u00eda debe ser al pueblo, lo que el arma a la revoluci\u00f3n\u201d","datePublished":"2011-03-07T17:54:30+00:00","mainEntityOfPage":{"@id":"https:\/\/poesiaerestu.com\/revista\/david-romero-%e2%80%9cla-poesia-debe-ser-al-pueblo-lo-que-el-arma-a-la-revolucion%e2%80%9d\/"},"wordCount":803,"commentCount":0,"image":{"@id":"https:\/\/poesiaerestu.com\/revista\/david-romero-%e2%80%9cla-poesia-debe-ser-al-pueblo-lo-que-el-arma-a-la-revolucion%e2%80%9d\/#primaryimage"},"thumbnailUrl":"https:\/\/poesiaerestu.com\/revista\/wp-content\/uploads\/2011\/03\/DSCF3594.jpg","articleSection":["Otros"],"inLanguage":"en-US","copyrightYear":"2011","copyrightHolder":{"@id":"https:\/\/poesiaerestu.com\/revista\/#organization"}},{"@type":"WebPage","@id":"https:\/\/poesiaerestu.com\/revista\/david-romero-%e2%80%9cla-poesia-debe-ser-al-pueblo-lo-que-el-arma-a-la-revolucion%e2%80%9d\/","url":"https:\/\/poesiaerestu.com\/revista\/david-romero-%e2%80%9cla-poesia-debe-ser-al-pueblo-lo-que-el-arma-a-la-revolucion%e2%80%9d\/","name":"David Romero: \u201cla poes\u00eda debe ser al pueblo, lo que el arma a la revoluci\u00f3n\u201d","isPartOf":{"@id":"https:\/\/poesiaerestu.com\/revista\/#website"},"primaryImageOfPage":{"@id":"https:\/\/poesiaerestu.com\/revista\/david-romero-%e2%80%9cla-poesia-debe-ser-al-pueblo-lo-que-el-arma-a-la-revolucion%e2%80%9d\/#primaryimage"},"image":{"@id":"https:\/\/poesiaerestu.com\/revista\/david-romero-%e2%80%9cla-poesia-debe-ser-al-pueblo-lo-que-el-arma-a-la-revolucion%e2%80%9d\/#primaryimage"},"thumbnailUrl":"https:\/\/poesiaerestu.com\/revista\/wp-content\/uploads\/2011\/03\/DSCF3594.jpg","datePublished":"2011-03-07T17:54:30+00:00","author":{"@id":"https:\/\/poesiaerestu.com\/revista\/#\/schema\/person\/fcb1a2122be3810bfdd0c071b4b3e9c4"},"description":"David Romero es un joven poeta gaditano que con su poemario, \u201cLa hija descalza\u201d, trata un tema tan sensible y tal actual como el de la memoria de las person","breadcrumb":{"@id":"https:\/\/poesiaerestu.com\/revista\/david-romero-%e2%80%9cla-poesia-debe-ser-al-pueblo-lo-que-el-arma-a-la-revolucion%e2%80%9d\/#breadcrumb"},"inLanguage":"en-US","potentialAction":[{"@type":"ReadAction","target":["https:\/\/poesiaerestu.com\/revista\/david-romero-%e2%80%9cla-poesia-debe-ser-al-pueblo-lo-que-el-arma-a-la-revolucion%e2%80%9d\/"]}]},{"@type":"ImageObject","inLanguage":"en-US","@id":"https:\/\/poesiaerestu.com\/revista\/david-romero-%e2%80%9cla-poesia-debe-ser-al-pueblo-lo-que-el-arma-a-la-revolucion%e2%80%9d\/#primaryimage","url":"https:\/\/poesiaerestu.com\/revista\/wp-content\/uploads\/2011\/03\/DSCF3594.jpg","contentUrl":"https:\/\/poesiaerestu.com\/revista\/wp-content\/uploads\/2011\/03\/DSCF3594.jpg","width":570,"height":304},{"@type":"BreadcrumbList","@id":"https:\/\/poesiaerestu.com\/revista\/david-romero-%e2%80%9cla-poesia-debe-ser-al-pueblo-lo-que-el-arma-a-la-revolucion%e2%80%9d\/#breadcrumb","itemListElement":[{"@type":"ListItem","position":1,"name":"Home","item":"https:\/\/poesiaerestu.com\/revista\/"},{"@type":"ListItem","position":2,"name":"David Romero: \u201cla poes\u00eda debe ser al pueblo, lo que el arma a la revoluci\u00f3n\u201d"}]},{"@type":"WebSite","@id":"https:\/\/poesiaerestu.com\/revista\/#website","url":"https:\/\/poesiaerestu.com\/revista\/","name":"Poes\u00ed\u00ada eres t\u00fa (revista)","description":"Revista de poes\u00eda y literatura","potentialAction":[{"@type":"SearchAction","target":{"@type":"EntryPoint","urlTemplate":"https:\/\/poesiaerestu.com\/revista\/?s={search_term_string}"},"query-input":{"@type":"PropertyValueSpecification","valueRequired":true,"valueName":"search_term_string"}}],"inLanguage":"en-US"},{"@type":"Person","@id":"https:\/\/poesiaerestu.com\/revista\/#\/schema\/person\/fcb1a2122be3810bfdd0c071b4b3e9c4","name":"admin","image":{"@type":"ImageObject","inLanguage":"en-US","@id":"https:\/\/secure.gravatar.com\/avatar\/1cb55a5bd8d6824519e46b552e84b03575857cc9c4d6333824d2f95d82129f50?s=96&d=mm&r=g","url":"https:\/\/secure.gravatar.com\/avatar\/1cb55a5bd8d6824519e46b552e84b03575857cc9c4d6333824d2f95d82129f50?s=96&d=mm&r=g","contentUrl":"https:\/\/secure.gravatar.com\/avatar\/1cb55a5bd8d6824519e46b552e84b03575857cc9c4d6333824d2f95d82129f50?s=96&d=mm&r=g","caption":"admin"},"url":"https:\/\/poesiaerestu.com\/revista\/author\/admin\/"}]}},"_links":{"self":[{"href":"https:\/\/poesiaerestu.com\/revista\/wp-json\/wp\/v2\/posts\/762","targetHints":{"allow":["GET"]}}],"collection":[{"href":"https:\/\/poesiaerestu.com\/revista\/wp-json\/wp\/v2\/posts"}],"about":[{"href":"https:\/\/poesiaerestu.com\/revista\/wp-json\/wp\/v2\/types\/post"}],"author":[{"embeddable":true,"href":"https:\/\/poesiaerestu.com\/revista\/wp-json\/wp\/v2\/users\/1"}],"replies":[{"embeddable":true,"href":"https:\/\/poesiaerestu.com\/revista\/wp-json\/wp\/v2\/comments?post=762"}],"version-history":[{"count":0,"href":"https:\/\/poesiaerestu.com\/revista\/wp-json\/wp\/v2\/posts\/762\/revisions"}],"wp:featuredmedia":[{"embeddable":true,"href":"https:\/\/poesiaerestu.com\/revista\/wp-json\/wp\/v2\/media\/763"}],"wp:attachment":[{"href":"https:\/\/poesiaerestu.com\/revista\/wp-json\/wp\/v2\/media?parent=762"}],"wp:term":[{"taxonomy":"category","embeddable":true,"href":"https:\/\/poesiaerestu.com\/revista\/wp-json\/wp\/v2\/categories?post=762"},{"taxonomy":"post_tag","embeddable":true,"href":"https:\/\/poesiaerestu.com\/revista\/wp-json\/wp\/v2\/tags?post=762"}],"curies":[{"name":"wp","href":"https:\/\/api.w.org\/{rel}","templated":true}]}}