{"id":7585,"date":"2019-10-24T10:44:50","date_gmt":"2019-10-24T08:44:50","guid":{"rendered":"https:\/\/poesiaerestu.com\/revista\/?p=7585"},"modified":"2019-10-24T10:44:51","modified_gmt":"2019-10-24T08:44:51","slug":"maricel-hoz-la-poesia-solo-que-escribe-sino-que-dibuja-corazon-del-que-lee","status":"publish","type":"post","link":"https:\/\/poesiaerestu.com\/revista\/maricel-hoz-la-poesia-solo-que-escribe-sino-que-dibuja-corazon-del-que-lee\/","title":{"rendered":"Maricel de la Hoz: &#8220;La poes\u00eda no es solo lo que se escribe, sino lo que dibuja en el coraz\u00f3n del que la lee&#8221;."},"content":{"rendered":"<h2><span class=\"ez-toc-section\" id=\"El_Canto_dibujado_es_el_primer_libro_de_Maricel_de_la_Hoz_y_ha_sido_publicado_por_la_Editorial_Poesia_eres_tu_en_el_ano_2016\"><\/span><em>El Canto dibujado<\/em> es el primer libro de Maricel de la Hoz y ha sido publicado por la Editorial Poes\u00eda eres t\u00fa en el a\u00f1o 2016.<span class=\"ez-toc-section-end\"><\/span><\/h2><div id=\"ez-toc-container\" class=\"ez-toc-v2_0_82_2 counter-hierarchy ez-toc-counter ez-toc-grey ez-toc-container-direction\">\n<p class=\"ez-toc-title\" style=\"cursor:inherit\">\u00cdndice<\/p>\n<label for=\"ez-toc-cssicon-toggle-item-69f57492a9556\" class=\"ez-toc-cssicon-toggle-label\"><span class=\"\"><span class=\"eztoc-hide\" style=\"display:none;\">Toggle<\/span><span class=\"ez-toc-icon-toggle-span\"><svg style=\"fill: #81d742;color:#81d742\" xmlns=\"http:\/\/www.w3.org\/2000\/svg\" class=\"list-377408\" width=\"20px\" height=\"20px\" viewBox=\"0 0 24 24\" fill=\"none\"><path d=\"M6 6H4v2h2V6zm14 0H8v2h12V6zM4 11h2v2H4v-2zm16 0H8v2h12v-2zM4 16h2v2H4v-2zm16 0H8v2h12v-2z\" fill=\"currentColor\"><\/path><\/svg><svg style=\"fill: #81d742;color:#81d742\" class=\"arrow-unsorted-368013\" xmlns=\"http:\/\/www.w3.org\/2000\/svg\" width=\"10px\" height=\"10px\" viewBox=\"0 0 24 24\" version=\"1.2\" baseProfile=\"tiny\"><path d=\"M18.2 9.3l-6.2-6.3-6.2 6.3c-.2.2-.3.4-.3.7s.1.5.3.7c.2.2.4.3.7.3h11c.3 0 .5-.1.7-.3.2-.2.3-.5.3-.7s-.1-.5-.3-.7zM5.8 14.7l6.2 6.3 6.2-6.3c.2-.2.3-.5.3-.7s-.1-.5-.3-.7c-.2-.2-.4-.3-.7-.3h-11c-.3 0-.5.1-.7.3-.2.2-.3.5-.3.7s.1.5.3.7z\"\/><\/svg><\/span><\/span><\/label><input type=\"checkbox\"  id=\"ez-toc-cssicon-toggle-item-69f57492a9556\" checked aria-label=\"Toggle\" \/><nav><ul class='ez-toc-list ez-toc-list-level-1 ' ><li class='ez-toc-page-1 ez-toc-heading-level-2'><a class=\"ez-toc-link ez-toc-heading-1\" href=\"https:\/\/poesiaerestu.com\/revista\/maricel-hoz-la-poesia-solo-que-escribe-sino-que-dibuja-corazon-del-que-lee\/#El_Canto_dibujado_es_el_primer_libro_de_Maricel_de_la_Hoz_y_ha_sido_publicado_por_la_Editorial_Poesia_eres_tu_en_el_ano_2016\" >El Canto dibujado es el primer libro de Maricel de la Hoz y ha sido publicado por la Editorial Poes\u00eda eres t\u00fa en el a\u00f1o 2016.<\/a><ul class='ez-toc-list-level-3' ><li class='ez-toc-heading-level-3'><a class=\"ez-toc-link ez-toc-heading-2\" href=\"https:\/\/poesiaerestu.com\/revista\/maricel-hoz-la-poesia-solo-que-escribe-sino-que-dibuja-corazon-del-que-lee\/#P-_%C2%BFPor_que_el_titulo_El_Canto_dibujado\" >P.- \u00bfPor qu\u00e9 el t\u00edtulo El Canto dibujado?<\/a><\/li><li class='ez-toc-page-1 ez-toc-heading-level-3'><a class=\"ez-toc-link ez-toc-heading-3\" href=\"https:\/\/poesiaerestu.com\/revista\/maricel-hoz-la-poesia-solo-que-escribe-sino-que-dibuja-corazon-del-que-lee\/#P-_En_El_Canto_dibujado_encontramos_muchas_referencias_a_la_naturaleza_y_a_la_tierra_%C2%BFTe_inspira_la_naturaleza_y_la_tierra_de_donde_eres\" >P.- En El Canto dibujado encontramos muchas referencias a la naturaleza y a la tierra. \u00bfTe inspira la naturaleza y la tierra de d\u00f3nde eres?<\/a><\/li><li class='ez-toc-page-1 ez-toc-heading-level-3'><a class=\"ez-toc-link ez-toc-heading-4\" href=\"https:\/\/poesiaerestu.com\/revista\/maricel-hoz-la-poesia-solo-que-escribe-sino-que-dibuja-corazon-del-que-lee\/#P-_Cristales_y_ventanas_son_referencias_que_aparecen_en_algunos_de_tus_poemas_muchos_pensamos_que_el_arte_es_otra_forma_de_ver_el_mundo_como_si_lo_mirasemos_a_traves_de_un_cristal_que_nos_la_hace_ver_de_manera_diferente_%C2%BFCrees_que_el_arte_debe_trasformar_la_realidad_que_hay_fuera_%C2%BFPor_que_aparecen_las_ventanas_en_algunos_de_tus_poemas_son_una_barrera_con_el_exterior_del_artista\" >P.- Cristales y ventanas son referencias que aparecen en algunos de tus poemas, muchos pensamos que el arte es otra forma de ver el mundo como si lo mir\u00e1semos a trav\u00e9s de un cristal que nos la hace ver de manera diferente. \u00bfCrees que el arte debe trasformar la realidad que hay fuera? \u00bfPor qu\u00e9 aparecen las ventanas en algunos de tus poemas, son una barrera con el exterior del artista?<\/a><\/li><li class='ez-toc-page-1 ez-toc-heading-level-3'><a class=\"ez-toc-link ez-toc-heading-5\" href=\"https:\/\/poesiaerestu.com\/revista\/maricel-hoz-la-poesia-solo-que-escribe-sino-que-dibuja-corazon-del-que-lee\/#P-Hay_un_poema_sobrecogedor_que_se_titula_%E2%80%9CAire_que_fuiste%E2%80%9D_%E2%80%9CSe_fue_madre_Se_lo_llevaron_palomas_blancas_por_la_ventana_Partio_triste_Queria_cabalgar_el_tiempo_Ser_en_ti_aire_Aliento_que_fuiste_Robaron_la_luna_y_el_sol_vuestra_despedida_En_mi_sentir_quedo_su_apenado_vuelo_Tu_mirada_buscaba_en_vano_El_fuego_que_prendia_su_llama_Por_la_ventana_madre_se_lo_llevaron_Por_la_ventana_madre_se_van_tus_ojos%E2%80%9D_La_enfermedad_de_tu_madre_esta_latente_en_todo_el_poema_%C2%BFComo_fue_el_proceso_creativo_que_te_llevo_a_escribir_este_poema_%C2%BFQue_hay_detras_del_poema\" >P.-Hay un poema sobrecogedor que se titula \u201cAire que fuiste\u201d \u201cSe fue madre \/ Se lo llevaron \/ palomas blancas por la ventana \/ Parti\u00f3 triste \/ Quer\u00eda cabalgar el tiempo \/ Ser en ti aire \/ Aliento que fuiste \/ Robaron la luna y el sol vuestra despedida \/ En mi sentir qued\u00f3 su apenado vuelo \/ Tu mirada buscaba en vano \/ El fuego que prend\u00eda su llama \/ Por la ventana madre se lo llevaron \/ Por la ventana madre se van tus ojos\u201d. La enfermedad de tu madre est\u00e1 latente en todo el poema. \u00bfC\u00f3mo fue el proceso creativo que te llevo a escribir este poema? \u00bfQu\u00e9 hay detr\u00e1s del poema?<\/a><\/li><li class='ez-toc-page-1 ez-toc-heading-level-3'><a class=\"ez-toc-link ez-toc-heading-6\" href=\"https:\/\/poesiaerestu.com\/revista\/maricel-hoz-la-poesia-solo-que-escribe-sino-que-dibuja-corazon-del-que-lee\/#P-_Eres_una_persona_reservada_%C2%BFUtilizas_la_poesia_para_mostrar_a_los_demas_la_otra_parte_de_Maricel_de_la_Hoz_que_no_se_atreve_a_mostrarse_en_publico_%C2%BFSe_puede_llegar_a_conocer_a_una_persona_a_traves_de_su_poesia\" >P.- Eres una persona reservada \u00bfUtilizas la poes\u00eda para mostrar a los dem\u00e1s la otra parte de Maricel de la Hoz que no se atreve a mostrarse en p\u00fablico? \u00bfSe puede llegar a conocer a una persona a trav\u00e9s de su poes\u00eda?<\/a><\/li><li class='ez-toc-page-1 ez-toc-heading-level-3'><a class=\"ez-toc-link ez-toc-heading-7\" href=\"https:\/\/poesiaerestu.com\/revista\/maricel-hoz-la-poesia-solo-que-escribe-sino-que-dibuja-corazon-del-que-lee\/#P-_Tus_poemas_empiezan_siempre_con_mayusculas_y_no_tienen_puntuacion_%C2%BFPor_que_esta_licencia_poetica\" >P.- Tus poemas empiezan siempre con may\u00fasculas y no tienen puntuaci\u00f3n. \u00bfPor qu\u00e9 esta licencia po\u00e9tica?<\/a><\/li><li class='ez-toc-page-1 ez-toc-heading-level-3'><a class=\"ez-toc-link ez-toc-heading-8\" href=\"https:\/\/poesiaerestu.com\/revista\/maricel-hoz-la-poesia-solo-que-escribe-sino-que-dibuja-corazon-del-que-lee\/#P-_%C2%BFCuales_son_los_poetas_que_mas_te_han_gustado_y_los_que_te_han_servido_de_inspiracion_%C2%BFHabra_un_segundo_poemario_despues_de_El_Canto_dibujado\" >P.- \u00bfCu\u00e1les son los poetas que m\u00e1s te han gustado y los que te han servido de inspiraci\u00f3n? \u00bfHabr\u00e1 un segundo poemario despu\u00e9s de El Canto dibujado?<\/a><\/li><\/ul><\/li><\/ul><\/nav><\/div>\n\n<p><a href=\"https:\/\/poesiaerestu.com\/revista\/maricel-hoz-la-poesia-solo-que-escribe-sino-que-dibuja-corazon-del-que-lee\/fichaautor-20\/\" rel=\"attachment wp-att-7586\"><img loading=\"lazy\" decoding=\"async\" class=\"aligncenter size-large wp-image-7586\" src=\"https:\/\/spcdn.shortpixel.ai\/spio\/ret_img,q_cdnize,to_auto,s_webp:avif\/poesiaerestu.com\/revista\/wp-content\/uploads\/2019\/10\/FichaAutor-1024x724.jpg\" alt=\"\" width=\"640\" height=\"453\" srcset=\"https:\/\/spcdn.shortpixel.ai\/spio\/ret_img,q_cdnize,to_auto,s_webp:avif\/poesiaerestu.com\/revista\/wp-content\/uploads\/2019\/10\/FichaAutor-1024x724.jpg 1024w, https:\/\/spcdn.shortpixel.ai\/spio\/ret_img,q_cdnize,to_auto,s_webp:avif\/poesiaerestu.com\/revista\/wp-content\/uploads\/2019\/10\/FichaAutor-300x212.jpg 300w, https:\/\/spcdn.shortpixel.ai\/spio\/ret_img,q_cdnize,to_auto,s_webp:avif\/poesiaerestu.com\/revista\/wp-content\/uploads\/2019\/10\/FichaAutor-600x424.jpg 600w, https:\/\/spcdn.shortpixel.ai\/spio\/ret_img,q_cdnize,to_auto,s_webp:avif\/poesiaerestu.com\/revista\/wp-content\/uploads\/2019\/10\/FichaAutor-768x543.jpg 768w, https:\/\/spcdn.shortpixel.ai\/spio\/ret_img,q_cdnize,to_auto,s_webp:avif\/poesiaerestu.com\/revista\/wp-content\/uploads\/2019\/10\/FichaAutor-85x60.jpg 85w, https:\/\/spcdn.shortpixel.ai\/spio\/ret_img,q_cdnize,to_auto,s_webp:avif\/poesiaerestu.com\/revista\/wp-content\/uploads\/2019\/10\/FichaAutor-scaled.jpg 1449w\" sizes=\"auto, (max-width: 640px) 100vw, 640px\" \/><\/a><\/p>\n<h3><span class=\"ez-toc-section\" id=\"P-_%C2%BFPor_que_el_titulo_El_Canto_dibujado\"><\/span><strong>P.- \u00bfPor qu\u00e9 el t\u00edtulo <em>El Canto dibujado<\/em>?<\/strong><span class=\"ez-toc-section-end\"><\/span><\/h3>\n<p>&nbsp;<\/p>\n<p>R.- Cuando la poes\u00eda canta, la podemos visualizar.<\/p>\n<p>La poes\u00eda no es solo lo que se escribe, sino lo que dibuja en el coraz\u00f3n del que la lee.<\/p>\n<p>Todo ser vivo que transmite y emite belleza dando color en sentido a nuestras vidas, nos ofrece en su figura la fuerza divina; es el caso para m\u00ed del ruise\u00f1or, en el poema titulado, \u201cEl Canto dibujado\u201d.<\/p>\n[bctt tweet=&#8221;Cuando la poes\u00eda canta, la podemos visualizar.&#8221; username=&#8221;poesiaerestu&#8221;]\n<h3><span class=\"ez-toc-section\" id=\"P-_En_El_Canto_dibujado_encontramos_muchas_referencias_a_la_naturaleza_y_a_la_tierra_%C2%BFTe_inspira_la_naturaleza_y_la_tierra_de_donde_eres\"><\/span><strong>P.- En <em>El Canto dibujado<\/em> encontramos muchas referencias a la naturaleza y a la tierra. \u00bfTe inspira la naturaleza y la tierra de d\u00f3nde eres?<\/strong><span class=\"ez-toc-section-end\"><\/span><\/h3>\n<p>&nbsp;<\/p>\n<p>R.- Serrana de Cuenca soy; por aguas y nieves de crudos y ricos inviernos mis pies se deslizaron. Rompedoras primaveras desbordaron mis ojos ante campos y monta\u00f1as de flores silvestres. Vientos y ventiscas de juguetonas danzas, con fragancias a resina y pinos me bordeaban rugientes y tronantes. \u00a1Arrancarme quer\u00edan para s\u00ed! \u00a1\u00bfC\u00f3mo no voy a hacer alusi\u00f3n a la naturaleza?! \u00a1Yo en plenitud lo soy!<\/p>\n[bctt tweet=&#8221;\u00bfC\u00f3mo no voy a hacer alusi\u00f3n a la naturaleza?! \u00a1Yo en plenitud lo soy!&#8221; username=&#8221;poesiaerestu&#8221;]\n<h3><span class=\"ez-toc-section\" id=\"P-_Cristales_y_ventanas_son_referencias_que_aparecen_en_algunos_de_tus_poemas_muchos_pensamos_que_el_arte_es_otra_forma_de_ver_el_mundo_como_si_lo_mirasemos_a_traves_de_un_cristal_que_nos_la_hace_ver_de_manera_diferente_%C2%BFCrees_que_el_arte_debe_trasformar_la_realidad_que_hay_fuera_%C2%BFPor_que_aparecen_las_ventanas_en_algunos_de_tus_poemas_son_una_barrera_con_el_exterior_del_artista\"><\/span>P.- <strong>Cristales y ventanas son referencias que aparecen en algunos de tus poemas, muchos pensamos que el arte es otra forma de ver el mundo como si lo mir\u00e1semos a trav\u00e9s de un cristal que nos la hace ver de manera diferente. \u00bfCrees que el arte debe trasformar la realidad que hay fuera? \u00bfPor qu\u00e9 aparecen las ventanas en algunos de tus poemas, son una barrera con el exterior del artista?<\/strong><span class=\"ez-toc-section-end\"><\/span><\/h3>\n<p>&nbsp;<\/p>\n<ol>\n<li>1\u00aa El arte nos transforma a nosotros, haci\u00e9ndonos ver con m\u00e1s precisi\u00f3n la realidad que hay dentro y fuera. Las bellas artes nos hacen entrar en dimensiones inexplicables e intangibles pero ciertas; en cambios para bien que podemos lograr.<\/li>\n<\/ol>\n<p>&nbsp;<\/p>\n<ol>\n<li>2\u00aa Las ventanas en mis poemas son entrada y salida de luz, aperturas por donde yo asciendo y desciendo a la diversidad de paisajes que nos ofrece el mundo y la vida.<\/li>\n<\/ol>\n[bctt tweet=&#8221;El arte nos transforma a nosotros, haci\u00e9ndonos ver con m\u00e1s precisi\u00f3n la realidad que hay dentro y fuera.&#8221; username=&#8221;poesiaerestu&#8221;]\n<h3><span class=\"ez-toc-section\" id=\"P-Hay_un_poema_sobrecogedor_que_se_titula_%E2%80%9CAire_que_fuiste%E2%80%9D_%E2%80%9CSe_fue_madre_Se_lo_llevaron_palomas_blancas_por_la_ventana_Partio_triste_Queria_cabalgar_el_tiempo_Ser_en_ti_aire_Aliento_que_fuiste_Robaron_la_luna_y_el_sol_vuestra_despedida_En_mi_sentir_quedo_su_apenado_vuelo_Tu_mirada_buscaba_en_vano_El_fuego_que_prendia_su_llama_Por_la_ventana_madre_se_lo_llevaron_Por_la_ventana_madre_se_van_tus_ojos%E2%80%9D_La_enfermedad_de_tu_madre_esta_latente_en_todo_el_poema_%C2%BFComo_fue_el_proceso_creativo_que_te_llevo_a_escribir_este_poema_%C2%BFQue_hay_detras_del_poema\"><\/span><strong>P.-Hay un poema sobrecogedor que se titula \u201cAire que fuiste\u201d \u201c<em>Se fue madre \/ Se lo llevaron \/ palomas blancas por la ventana \/ Parti\u00f3 triste \/ Quer\u00eda cabalgar el tiempo \/ Ser en ti aire \/ Aliento que fuiste \/ Robaron la luna y el sol vuestra despedida \/ En mi sentir qued\u00f3 su apenado vuelo \/ Tu mirada buscaba en vano \/ El fuego que prend\u00eda su llama \/ Por la ventana madre se lo llevaron \/ Por la ventana madre se van tus ojos<\/em>\u201d. La enfermedad de tu madre est\u00e1 latente en todo el poema. \u00bfC\u00f3mo fue el proceso creativo que te llevo a escribir este poema? \u00bfQu\u00e9 hay detr\u00e1s del poema?<\/strong><span class=\"ez-toc-section-end\"><\/span><\/h3>\n<p>&nbsp;<\/p>\n<p>R.- Detr\u00e1s de este poema est\u00e1 el misterio; la trascendencia de la VIDA, LA MUERTE Y EL AMOR POR SOBRE TODAS LAS COSAS.<\/p>\n<p>&nbsp;<\/p>\n<p>Fue en la madrugada del 13 de enero de 1995, donde en una habitaci\u00f3n de hospital vi, sent\u00ed y sufr\u00ed el adi\u00f3s m\u00e1s triste de mi padre a la vida, cuando muy agitado se incorpor\u00f3 de la cama dici\u00e9ndome repetidas veces: \u00a1No vamos a llegar! \u00a1No vamos a llegar! (Pues esa ma\u00f1ana se desplazaba mi hermano Javier con mi madre para que viera a mi padre y estuviera con \u00e9l en el hospital). Lo recost\u00e9; y calm\u00e1ndolo le dije que era muy pronto y que estaba muy nervioso. \u00c9l me contest\u00f3: \u00a1\u00bfC\u00f3mo no voy a estar nervioso si hay muchas manos blancas que me quieren llevar?! Lo volv\u00ed a calmar y se qued\u00f3 tranquilo, pero a los pocos minutos, se levant\u00f3 de la cama precipitadamente, corr\u00ed hacia \u00e9l para sujetarlo abraz\u00e1ndolo, y se desplom\u00f3 sobre mi pecho. Ped\u00ed ayuda gritando muy fuerte, ya que est\u00e1bamos solos en la habitaci\u00f3n, \u2014la puerta estaba entreabierta\u2014 vinieron r\u00e1pido las enfermeras y detr\u00e1s los m\u00e9dicos, pero no consiguieron reanimarlo. Sufri\u00f3 una parada cardiorespiratoria; estaba diagnosticado de fibrosis pulmonar. Cuando lleg\u00f3 mi madre \u2014que todav\u00eda no estaba totalmente afectada de su Alzheimer\u2014, no hubo consuelo para ella.<\/p>\n[bctt tweet=&#8221;Detr\u00e1s de este poema est\u00e1 el misterio; la trascendencia de la VIDA, LA MUERTE Y EL AMOR POR SOBRE TODAS LAS COSAS.&#8221; username=&#8221;poesiaerestu&#8221;]\n<h3><span class=\"ez-toc-section\" id=\"P-_Eres_una_persona_reservada_%C2%BFUtilizas_la_poesia_para_mostrar_a_los_demas_la_otra_parte_de_Maricel_de_la_Hoz_que_no_se_atreve_a_mostrarse_en_publico_%C2%BFSe_puede_llegar_a_conocer_a_una_persona_a_traves_de_su_poesia\"><\/span><strong>P.- Eres una persona reservada \u00bfUtilizas la poes\u00eda para mostrar a los dem\u00e1s la otra parte de Maricel de la Hoz que no se atreve a mostrarse en p\u00fablico? \u00bfSe puede llegar a conocer a una persona a trav\u00e9s de su poes\u00eda?<\/strong><span class=\"ez-toc-section-end\"><\/span><\/h3>\n<p>&nbsp;<\/p>\n<p>R.- 1\u00aa S\u00ed, soy muy reservada, pero abierta totalmente al mundo que me rodea. Amo; \u00a1adoro al ser humano!, y me entrego plenamente. Siendo mi \u00fanico reclamo la SINCERIDAD con may\u00fasculas.<\/p>\n<p>Necesito de ese espacio para poder fluir.<\/p>\n<p>&nbsp;<\/p>\n<ol>\n<li>2\u00aa En cuanto a la pregunta. Creo que no; pienso que la poes\u00eda me utiliza a m\u00ed para ofrecerse. Siento su llamada en todo momento.<\/li>\n<\/ol>\n<p>&nbsp;<\/p>\n<ol>\n<li>3\u00aa Por supuesto que se puede conocer a una persona por su poes\u00eda. Incluso m\u00e1s plenamente.<\/li>\n<\/ol>\n<p>&nbsp;<\/p>\n<p>El verdadero poeta<\/p>\n<p>Se desnuda en cada palabra<\/p>\n<p>Deja correr su sangre en cada verso<\/p>\n<p>Respira entrega<\/p>\n<p>La poes\u00eda mi amor<\/p>\n<p>Tiene ra\u00edces en el alma<\/p>\n<p>No hay lugar donde ocultarse<\/p>\n[bctt tweet=&#8221;El verdadero poeta \/ Se desnuda en cada palabra&#8221; username=&#8221;poesiaerestu&#8221;]\n<h3><span class=\"ez-toc-section\" id=\"P-_Tus_poemas_empiezan_siempre_con_mayusculas_y_no_tienen_puntuacion_%C2%BFPor_que_esta_licencia_poetica\"><\/span><strong>P.- Tus poemas empiezan siempre con may\u00fasculas y no tienen puntuaci\u00f3n. \u00bfPor qu\u00e9 esta licencia po\u00e9tica?<\/strong><span class=\"ez-toc-section-end\"><\/span><\/h3>\n<p>&nbsp;<\/p>\n<p>R.- Empiezo con may\u00fasculas, porque siempre lo he sentido as\u00ed desde que empec\u00e9 a escribir, es como dar impulso y fuerza a los versos \u2014son como mis hijos\u2014.<\/p>\n<p>No me gusta puntuar; prefiero que vuelen las palabras y sea el lector quien entre en sus ritmos.<\/p>\n[bctt tweet=&#8221;No me gusta puntuar; prefiero que vuelen las palabras y sea el lector quien entre en sus ritmos.&#8221; username=&#8221;poesiaerestu&#8221;]\n<h3><span class=\"ez-toc-section\" id=\"P-_%C2%BFCuales_son_los_poetas_que_mas_te_han_gustado_y_los_que_te_han_servido_de_inspiracion_%C2%BFHabra_un_segundo_poemario_despues_de_El_Canto_dibujado\"><\/span><strong>P.- \u00bfCu\u00e1les son los poetas que m\u00e1s te han gustado y los que te han servido de inspiraci\u00f3n? \u00bfHabr\u00e1 un segundo poemario despu\u00e9s de <em>El Canto dibujado<\/em>?<\/strong><span class=\"ez-toc-section-end\"><\/span><\/h3>\n<p>&nbsp;<\/p>\n<p>R.- 1\u00aa He le\u00eddo muy poca poes\u00eda. Me gusta mucho Pablo Neruda, Miguel Hern\u00e1ndez, Juan Ram\u00f3n Jim\u00e9nez, Federico Garc\u00eda Lorca y muchos m\u00e1s, pues; \u00a1todos los grandes poetas me emocionan intensamente! Pero te vuelvo a decir; he le\u00eddo muy poca poes\u00eda.<\/p>\n<p>&nbsp;<\/p>\n<ol>\n<li>2\u00aa No me inspiro en ning\u00fan autor a la hora de escribir, la poes\u00eda es un sentimiento \u00fanico en cada persona y, por lo tanto una interpretaci\u00f3n \u00fanica.<\/li>\n<\/ol>\n<p>&nbsp;<\/p>\n<ol>\n<li>3\u00aa S\u00ed, habr\u00e1 un segundo libro, y el t\u00edtulo con el que lo intentar\u00e9 ser\u00e1 el de AMARANTOS.<\/li>\n<\/ol>\n[bctt tweet=&#8221;\u00a1todos los grandes poetas me emocionan intensamente!&#8221; username=&#8221;poesiaerestu&#8221;]\n","protected":false},"excerpt":{"rendered":"<p>El Canto dibujado es el primer libro de Maricel de la Hoz y ha sido publicado por la Editorial Poes\u00eda eres t\u00fa en el a\u00f1o 2016. P.- \u00bfPor qu\u00e9 el t\u00edtulo El Canto dibujado? &nbsp; R.- Cuando la poes\u00eda canta, la podemos visualizar. La poes\u00eda no es solo lo que se escribe, sino lo que&#8230;<\/p>\n","protected":false},"author":1,"featured_media":7586,"comment_status":"closed","ping_status":"closed","sticky":false,"template":"","format":"standard","meta":{"footnotes":"","_links_to":"","_links_to_target":""},"categories":[4],"tags":[],"class_list":["post-7585","post","type-post","status-publish","format-standard","has-post-thumbnail","hentry","category-entrevistas"],"yoast_head":"<!-- This site is optimized with the Yoast SEO Premium plugin v24.7 (Yoast SEO v27.5) - https:\/\/yoast.com\/product\/yoast-seo-premium-wordpress\/ -->\n<title>Entrevista a Maricel de la Hoz escritora de El canto dibujado.<\/title>\n<meta name=\"description\" content=\"Entrevista a Maricel de la Hoz escritora de el canto dibujado, publicado por la Editorial Poes\u00eda eres t\u00fa en el a\u00f1o 2016.\" \/>\n<meta name=\"robots\" content=\"index, follow, max-snippet:-1, max-image-preview:large, max-video-preview:-1\" \/>\n<link rel=\"canonical\" href=\"https:\/\/poesiaerestu.com\/revista\/maricel-hoz-la-poesia-solo-que-escribe-sino-que-dibuja-corazon-del-que-lee\/\" \/>\n<meta name=\"twitter:label1\" content=\"Written by\" \/>\n\t<meta name=\"twitter:data1\" content=\"admin\" \/>\n\t<meta name=\"twitter:label2\" content=\"Est. reading time\" \/>\n\t<meta name=\"twitter:data2\" content=\"6 minutes\" \/>\n<script type=\"application\/ld+json\" class=\"yoast-schema-graph\">{\"@context\":\"https:\\\/\\\/schema.org\",\"@graph\":[{\"@type\":\"Article\",\"@id\":\"https:\\\/\\\/poesiaerestu.com\\\/revista\\\/maricel-hoz-la-poesia-solo-que-escribe-sino-que-dibuja-corazon-del-que-lee\\\/#article\",\"isPartOf\":{\"@id\":\"https:\\\/\\\/poesiaerestu.com\\\/revista\\\/maricel-hoz-la-poesia-solo-que-escribe-sino-que-dibuja-corazon-del-que-lee\\\/\"},\"author\":{\"name\":\"admin\",\"@id\":\"https:\\\/\\\/poesiaerestu.com\\\/revista\\\/#\\\/schema\\\/person\\\/fcb1a2122be3810bfdd0c071b4b3e9c4\"},\"headline\":\"Maricel de la Hoz: &#8220;La poes\u00eda no es solo lo que se escribe, sino lo que dibuja en el coraz\u00f3n del que la lee&#8221;.\",\"datePublished\":\"2019-10-24T08:44:50+00:00\",\"dateModified\":\"2019-10-24T08:44:51+00:00\",\"mainEntityOfPage\":{\"@id\":\"https:\\\/\\\/poesiaerestu.com\\\/revista\\\/maricel-hoz-la-poesia-solo-que-escribe-sino-que-dibuja-corazon-del-que-lee\\\/\"},\"wordCount\":1216,\"image\":{\"@id\":\"https:\\\/\\\/poesiaerestu.com\\\/revista\\\/maricel-hoz-la-poesia-solo-que-escribe-sino-que-dibuja-corazon-del-que-lee\\\/#primaryimage\"},\"thumbnailUrl\":\"https:\\\/\\\/poesiaerestu.com\\\/revista\\\/wp-content\\\/uploads\\\/2019\\\/10\\\/FichaAutor-scaled.jpg\",\"articleSection\":[\"Entrevistas\"],\"inLanguage\":\"en-US\",\"copyrightYear\":\"2019\",\"copyrightHolder\":{\"@id\":\"https:\\\/\\\/poesiaerestu.com\\\/revista\\\/#organization\"}},{\"@type\":\"WebPage\",\"@id\":\"https:\\\/\\\/poesiaerestu.com\\\/revista\\\/maricel-hoz-la-poesia-solo-que-escribe-sino-que-dibuja-corazon-del-que-lee\\\/\",\"url\":\"https:\\\/\\\/poesiaerestu.com\\\/revista\\\/maricel-hoz-la-poesia-solo-que-escribe-sino-que-dibuja-corazon-del-que-lee\\\/\",\"name\":\"Entrevista a Maricel de la Hoz escritora de El canto dibujado.\",\"isPartOf\":{\"@id\":\"https:\\\/\\\/poesiaerestu.com\\\/revista\\\/#website\"},\"primaryImageOfPage\":{\"@id\":\"https:\\\/\\\/poesiaerestu.com\\\/revista\\\/maricel-hoz-la-poesia-solo-que-escribe-sino-que-dibuja-corazon-del-que-lee\\\/#primaryimage\"},\"image\":{\"@id\":\"https:\\\/\\\/poesiaerestu.com\\\/revista\\\/maricel-hoz-la-poesia-solo-que-escribe-sino-que-dibuja-corazon-del-que-lee\\\/#primaryimage\"},\"thumbnailUrl\":\"https:\\\/\\\/poesiaerestu.com\\\/revista\\\/wp-content\\\/uploads\\\/2019\\\/10\\\/FichaAutor-scaled.jpg\",\"datePublished\":\"2019-10-24T08:44:50+00:00\",\"dateModified\":\"2019-10-24T08:44:51+00:00\",\"author\":{\"@id\":\"https:\\\/\\\/poesiaerestu.com\\\/revista\\\/#\\\/schema\\\/person\\\/fcb1a2122be3810bfdd0c071b4b3e9c4\"},\"description\":\"Entrevista a Maricel de la Hoz escritora de el canto dibujado, publicado por la Editorial Poes\u00eda eres t\u00fa en el a\u00f1o 2016.\",\"breadcrumb\":{\"@id\":\"https:\\\/\\\/poesiaerestu.com\\\/revista\\\/maricel-hoz-la-poesia-solo-que-escribe-sino-que-dibuja-corazon-del-que-lee\\\/#breadcrumb\"},\"inLanguage\":\"en-US\",\"potentialAction\":[{\"@type\":\"ReadAction\",\"target\":[\"https:\\\/\\\/poesiaerestu.com\\\/revista\\\/maricel-hoz-la-poesia-solo-que-escribe-sino-que-dibuja-corazon-del-que-lee\\\/\"]}]},{\"@type\":\"ImageObject\",\"inLanguage\":\"en-US\",\"@id\":\"https:\\\/\\\/poesiaerestu.com\\\/revista\\\/maricel-hoz-la-poesia-solo-que-escribe-sino-que-dibuja-corazon-del-que-lee\\\/#primaryimage\",\"url\":\"https:\\\/\\\/poesiaerestu.com\\\/revista\\\/wp-content\\\/uploads\\\/2019\\\/10\\\/FichaAutor-scaled.jpg\",\"contentUrl\":\"https:\\\/\\\/poesiaerestu.com\\\/revista\\\/wp-content\\\/uploads\\\/2019\\\/10\\\/FichaAutor-scaled.jpg\",\"width\":1449,\"height\":1024,\"caption\":\"Retrato de mujer en la revista Poes\u00ed\u00ada eres t\u00fa, resaltando la belleza y la poesia para enriquecer el SEO de la publicaci\u00f3n.\"},{\"@type\":\"BreadcrumbList\",\"@id\":\"https:\\\/\\\/poesiaerestu.com\\\/revista\\\/maricel-hoz-la-poesia-solo-que-escribe-sino-que-dibuja-corazon-del-que-lee\\\/#breadcrumb\",\"itemListElement\":[{\"@type\":\"ListItem\",\"position\":1,\"name\":\"Home\",\"item\":\"https:\\\/\\\/poesiaerestu.com\\\/revista\\\/\"},{\"@type\":\"ListItem\",\"position\":2,\"name\":\"Maricel de la Hoz: &#8220;La poes\u00eda no es solo lo que se escribe, sino lo que dibuja en el coraz\u00f3n del que la lee&#8221;.\"}]},{\"@type\":\"WebSite\",\"@id\":\"https:\\\/\\\/poesiaerestu.com\\\/revista\\\/#website\",\"url\":\"https:\\\/\\\/poesiaerestu.com\\\/revista\\\/\",\"name\":\"Poes\u00ed\u00ada eres t\u00fa (revista)\",\"description\":\"Revista de poes\u00eda y literatura\",\"potentialAction\":[{\"@type\":\"SearchAction\",\"target\":{\"@type\":\"EntryPoint\",\"urlTemplate\":\"https:\\\/\\\/poesiaerestu.com\\\/revista\\\/?s={search_term_string}\"},\"query-input\":{\"@type\":\"PropertyValueSpecification\",\"valueRequired\":true,\"valueName\":\"search_term_string\"}}],\"inLanguage\":\"en-US\"},{\"@type\":\"Person\",\"@id\":\"https:\\\/\\\/poesiaerestu.com\\\/revista\\\/#\\\/schema\\\/person\\\/fcb1a2122be3810bfdd0c071b4b3e9c4\",\"name\":\"admin\",\"image\":{\"@type\":\"ImageObject\",\"inLanguage\":\"en-US\",\"@id\":\"https:\\\/\\\/secure.gravatar.com\\\/avatar\\\/1cb55a5bd8d6824519e46b552e84b03575857cc9c4d6333824d2f95d82129f50?s=96&d=mm&r=g\",\"url\":\"https:\\\/\\\/secure.gravatar.com\\\/avatar\\\/1cb55a5bd8d6824519e46b552e84b03575857cc9c4d6333824d2f95d82129f50?s=96&d=mm&r=g\",\"contentUrl\":\"https:\\\/\\\/secure.gravatar.com\\\/avatar\\\/1cb55a5bd8d6824519e46b552e84b03575857cc9c4d6333824d2f95d82129f50?s=96&d=mm&r=g\",\"caption\":\"admin\"},\"url\":\"https:\\\/\\\/poesiaerestu.com\\\/revista\\\/author\\\/admin\\\/\"}]}<\/script>\n<!-- \/ Yoast SEO Premium plugin. -->","yoast_head_json":{"title":"Entrevista a Maricel de la Hoz escritora de El canto dibujado.","description":"Entrevista a Maricel de la Hoz escritora de el canto dibujado, publicado por la Editorial Poes\u00eda eres t\u00fa en el a\u00f1o 2016.","robots":{"index":"index","follow":"follow","max-snippet":"max-snippet:-1","max-image-preview":"max-image-preview:large","max-video-preview":"max-video-preview:-1"},"canonical":"https:\/\/poesiaerestu.com\/revista\/maricel-hoz-la-poesia-solo-que-escribe-sino-que-dibuja-corazon-del-que-lee\/","twitter_misc":{"Written by":"admin","Est. reading time":"6 minutes"},"schema":{"@context":"https:\/\/schema.org","@graph":[{"@type":"Article","@id":"https:\/\/poesiaerestu.com\/revista\/maricel-hoz-la-poesia-solo-que-escribe-sino-que-dibuja-corazon-del-que-lee\/#article","isPartOf":{"@id":"https:\/\/poesiaerestu.com\/revista\/maricel-hoz-la-poesia-solo-que-escribe-sino-que-dibuja-corazon-del-que-lee\/"},"author":{"name":"admin","@id":"https:\/\/poesiaerestu.com\/revista\/#\/schema\/person\/fcb1a2122be3810bfdd0c071b4b3e9c4"},"headline":"Maricel de la Hoz: &#8220;La poes\u00eda no es solo lo que se escribe, sino lo que dibuja en el coraz\u00f3n del que la lee&#8221;.","datePublished":"2019-10-24T08:44:50+00:00","dateModified":"2019-10-24T08:44:51+00:00","mainEntityOfPage":{"@id":"https:\/\/poesiaerestu.com\/revista\/maricel-hoz-la-poesia-solo-que-escribe-sino-que-dibuja-corazon-del-que-lee\/"},"wordCount":1216,"image":{"@id":"https:\/\/poesiaerestu.com\/revista\/maricel-hoz-la-poesia-solo-que-escribe-sino-que-dibuja-corazon-del-que-lee\/#primaryimage"},"thumbnailUrl":"https:\/\/poesiaerestu.com\/revista\/wp-content\/uploads\/2019\/10\/FichaAutor-scaled.jpg","articleSection":["Entrevistas"],"inLanguage":"en-US","copyrightYear":"2019","copyrightHolder":{"@id":"https:\/\/poesiaerestu.com\/revista\/#organization"}},{"@type":"WebPage","@id":"https:\/\/poesiaerestu.com\/revista\/maricel-hoz-la-poesia-solo-que-escribe-sino-que-dibuja-corazon-del-que-lee\/","url":"https:\/\/poesiaerestu.com\/revista\/maricel-hoz-la-poesia-solo-que-escribe-sino-que-dibuja-corazon-del-que-lee\/","name":"Entrevista a Maricel de la Hoz escritora de El canto dibujado.","isPartOf":{"@id":"https:\/\/poesiaerestu.com\/revista\/#website"},"primaryImageOfPage":{"@id":"https:\/\/poesiaerestu.com\/revista\/maricel-hoz-la-poesia-solo-que-escribe-sino-que-dibuja-corazon-del-que-lee\/#primaryimage"},"image":{"@id":"https:\/\/poesiaerestu.com\/revista\/maricel-hoz-la-poesia-solo-que-escribe-sino-que-dibuja-corazon-del-que-lee\/#primaryimage"},"thumbnailUrl":"https:\/\/poesiaerestu.com\/revista\/wp-content\/uploads\/2019\/10\/FichaAutor-scaled.jpg","datePublished":"2019-10-24T08:44:50+00:00","dateModified":"2019-10-24T08:44:51+00:00","author":{"@id":"https:\/\/poesiaerestu.com\/revista\/#\/schema\/person\/fcb1a2122be3810bfdd0c071b4b3e9c4"},"description":"Entrevista a Maricel de la Hoz escritora de el canto dibujado, publicado por la Editorial Poes\u00eda eres t\u00fa en el a\u00f1o 2016.","breadcrumb":{"@id":"https:\/\/poesiaerestu.com\/revista\/maricel-hoz-la-poesia-solo-que-escribe-sino-que-dibuja-corazon-del-que-lee\/#breadcrumb"},"inLanguage":"en-US","potentialAction":[{"@type":"ReadAction","target":["https:\/\/poesiaerestu.com\/revista\/maricel-hoz-la-poesia-solo-que-escribe-sino-que-dibuja-corazon-del-que-lee\/"]}]},{"@type":"ImageObject","inLanguage":"en-US","@id":"https:\/\/poesiaerestu.com\/revista\/maricel-hoz-la-poesia-solo-que-escribe-sino-que-dibuja-corazon-del-que-lee\/#primaryimage","url":"https:\/\/poesiaerestu.com\/revista\/wp-content\/uploads\/2019\/10\/FichaAutor-scaled.jpg","contentUrl":"https:\/\/poesiaerestu.com\/revista\/wp-content\/uploads\/2019\/10\/FichaAutor-scaled.jpg","width":1449,"height":1024,"caption":"Retrato de mujer en la revista Poes\u00ed\u00ada eres t\u00fa, resaltando la belleza y la poesia para enriquecer el SEO de la publicaci\u00f3n."},{"@type":"BreadcrumbList","@id":"https:\/\/poesiaerestu.com\/revista\/maricel-hoz-la-poesia-solo-que-escribe-sino-que-dibuja-corazon-del-que-lee\/#breadcrumb","itemListElement":[{"@type":"ListItem","position":1,"name":"Home","item":"https:\/\/poesiaerestu.com\/revista\/"},{"@type":"ListItem","position":2,"name":"Maricel de la Hoz: &#8220;La poes\u00eda no es solo lo que se escribe, sino lo que dibuja en el coraz\u00f3n del que la lee&#8221;."}]},{"@type":"WebSite","@id":"https:\/\/poesiaerestu.com\/revista\/#website","url":"https:\/\/poesiaerestu.com\/revista\/","name":"Poes\u00ed\u00ada eres t\u00fa (revista)","description":"Revista de poes\u00eda y literatura","potentialAction":[{"@type":"SearchAction","target":{"@type":"EntryPoint","urlTemplate":"https:\/\/poesiaerestu.com\/revista\/?s={search_term_string}"},"query-input":{"@type":"PropertyValueSpecification","valueRequired":true,"valueName":"search_term_string"}}],"inLanguage":"en-US"},{"@type":"Person","@id":"https:\/\/poesiaerestu.com\/revista\/#\/schema\/person\/fcb1a2122be3810bfdd0c071b4b3e9c4","name":"admin","image":{"@type":"ImageObject","inLanguage":"en-US","@id":"https:\/\/secure.gravatar.com\/avatar\/1cb55a5bd8d6824519e46b552e84b03575857cc9c4d6333824d2f95d82129f50?s=96&d=mm&r=g","url":"https:\/\/secure.gravatar.com\/avatar\/1cb55a5bd8d6824519e46b552e84b03575857cc9c4d6333824d2f95d82129f50?s=96&d=mm&r=g","contentUrl":"https:\/\/secure.gravatar.com\/avatar\/1cb55a5bd8d6824519e46b552e84b03575857cc9c4d6333824d2f95d82129f50?s=96&d=mm&r=g","caption":"admin"},"url":"https:\/\/poesiaerestu.com\/revista\/author\/admin\/"}]}},"_links":{"self":[{"href":"https:\/\/poesiaerestu.com\/revista\/wp-json\/wp\/v2\/posts\/7585","targetHints":{"allow":["GET"]}}],"collection":[{"href":"https:\/\/poesiaerestu.com\/revista\/wp-json\/wp\/v2\/posts"}],"about":[{"href":"https:\/\/poesiaerestu.com\/revista\/wp-json\/wp\/v2\/types\/post"}],"author":[{"embeddable":true,"href":"https:\/\/poesiaerestu.com\/revista\/wp-json\/wp\/v2\/users\/1"}],"replies":[{"embeddable":true,"href":"https:\/\/poesiaerestu.com\/revista\/wp-json\/wp\/v2\/comments?post=7585"}],"version-history":[{"count":0,"href":"https:\/\/poesiaerestu.com\/revista\/wp-json\/wp\/v2\/posts\/7585\/revisions"}],"wp:featuredmedia":[{"embeddable":true,"href":"https:\/\/poesiaerestu.com\/revista\/wp-json\/wp\/v2\/media\/7586"}],"wp:attachment":[{"href":"https:\/\/poesiaerestu.com\/revista\/wp-json\/wp\/v2\/media?parent=7585"}],"wp:term":[{"taxonomy":"category","embeddable":true,"href":"https:\/\/poesiaerestu.com\/revista\/wp-json\/wp\/v2\/categories?post=7585"},{"taxonomy":"post_tag","embeddable":true,"href":"https:\/\/poesiaerestu.com\/revista\/wp-json\/wp\/v2\/tags?post=7585"}],"curies":[{"name":"wp","href":"https:\/\/api.w.org\/{rel}","templated":true}]}}