{"id":7569,"date":"2019-05-30T12:35:13","date_gmt":"2019-05-30T10:35:13","guid":{"rendered":"https:\/\/poesiaerestu.com\/revista\/?p=7569"},"modified":"2019-05-30T12:36:14","modified_gmt":"2019-05-30T10:36:14","slug":"pedro-paricio-damian-el-amor-lugar-comun-para-toda-persona-que-escribe-poesia","status":"publish","type":"post","link":"https:\/\/poesiaerestu.com\/revista\/pedro-paricio-damian-el-amor-lugar-comun-para-toda-persona-que-escribe-poesia\/","title":{"rendered":"Pedro Paricio Damian: &#8220;El amor es lugar com\u00fan para toda persona que escribe poes\u00eda&#8221;"},"content":{"rendered":"<h2><span class=\"ez-toc-section\" id=\"Pedro_Paricio_Damian_es_el_autor_de_MIEDO_ESCENICO_publicado_por_la_Editorial_Poesia_eres_tu_en_el_ano_2018\"><\/span>Pedro Paricio Damian es el autor de MIEDO ESC\u00c9NICO publicado por la Editorial Poes\u00eda eres t\u00fa en el a\u00f1o 2018<span class=\"ez-toc-section-end\"><\/span><\/h2><div id=\"ez-toc-container\" class=\"ez-toc-v2_0_82_2 counter-hierarchy ez-toc-counter ez-toc-grey ez-toc-container-direction\">\n<p class=\"ez-toc-title\" style=\"cursor:inherit\">\u00cdndice<\/p>\n<label for=\"ez-toc-cssicon-toggle-item-69f2b9e5d5708\" class=\"ez-toc-cssicon-toggle-label\"><span class=\"\"><span class=\"eztoc-hide\" style=\"display:none;\">Toggle<\/span><span class=\"ez-toc-icon-toggle-span\"><svg style=\"fill: #81d742;color:#81d742\" xmlns=\"http:\/\/www.w3.org\/2000\/svg\" class=\"list-377408\" width=\"20px\" height=\"20px\" viewBox=\"0 0 24 24\" fill=\"none\"><path d=\"M6 6H4v2h2V6zm14 0H8v2h12V6zM4 11h2v2H4v-2zm16 0H8v2h12v-2zM4 16h2v2H4v-2zm16 0H8v2h12v-2z\" fill=\"currentColor\"><\/path><\/svg><svg style=\"fill: #81d742;color:#81d742\" class=\"arrow-unsorted-368013\" xmlns=\"http:\/\/www.w3.org\/2000\/svg\" width=\"10px\" height=\"10px\" viewBox=\"0 0 24 24\" version=\"1.2\" baseProfile=\"tiny\"><path d=\"M18.2 9.3l-6.2-6.3-6.2 6.3c-.2.2-.3.4-.3.7s.1.5.3.7c.2.2.4.3.7.3h11c.3 0 .5-.1.7-.3.2-.2.3-.5.3-.7s-.1-.5-.3-.7zM5.8 14.7l6.2 6.3 6.2-6.3c.2-.2.3-.5.3-.7s-.1-.5-.3-.7c-.2-.2-.4-.3-.7-.3h-11c-.3 0-.5.1-.7.3-.2.2-.3.5-.3.7s.1.5.3.7z\"\/><\/svg><\/span><\/span><\/label><input type=\"checkbox\"  id=\"ez-toc-cssicon-toggle-item-69f2b9e5d5708\" checked aria-label=\"Toggle\" \/><nav><ul class='ez-toc-list ez-toc-list-level-1 ' ><li class='ez-toc-page-1 ez-toc-heading-level-2'><a class=\"ez-toc-link ez-toc-heading-1\" href=\"https:\/\/poesiaerestu.com\/revista\/pedro-paricio-damian-el-amor-lugar-comun-para-toda-persona-que-escribe-poesia\/#Pedro_Paricio_Damian_es_el_autor_de_MIEDO_ESCENICO_publicado_por_la_Editorial_Poesia_eres_tu_en_el_ano_2018\" >Pedro Paricio Damian es el autor de MIEDO ESC\u00c9NICO publicado por la Editorial Poes\u00eda eres t\u00fa en el a\u00f1o 2018<\/a><ul class='ez-toc-list-level-3' ><li class='ez-toc-heading-level-3'><a class=\"ez-toc-link ez-toc-heading-2\" href=\"https:\/\/poesiaerestu.com\/revista\/pedro-paricio-damian-el-amor-lugar-comun-para-toda-persona-que-escribe-poesia\/#P-%C2%BFPor_que_el_titulo_de_Miedo_escenico_%C2%BFSufres_de_miedo_escenico\" >P.-\u00bfPor qu\u00e9 el t\u00edtulo de Miedo esc\u00e9nico? \u00bfSufres de miedo esc\u00e9nico?<\/a><\/li><li class='ez-toc-page-1 ez-toc-heading-level-3'><a class=\"ez-toc-link ez-toc-heading-3\" href=\"https:\/\/poesiaerestu.com\/revista\/pedro-paricio-damian-el-amor-lugar-comun-para-toda-persona-que-escribe-poesia\/#P-Miedo_escenico_esta_dividido_en_secciones_como_si_fuese_una_obra_de_teatro_dividida_en_dos_actos_%C2%BFPor_que_esa_division_de_la_obra_%C2%BFQue_tienen_de_diferente_una_secciones_de_otras\" >P.-Miedo esc\u00e9nico est\u00e1 dividido en secciones como si fuese una obra de teatro dividida en dos actos. \u00bfPor qu\u00e9 esa divisi\u00f3n de la obra? \u00bfQu\u00e9 tienen de diferente una secciones de otras?<\/a><\/li><li class='ez-toc-page-1 ez-toc-heading-level-3'><a class=\"ez-toc-link ez-toc-heading-4\" href=\"https:\/\/poesiaerestu.com\/revista\/pedro-paricio-damian-el-amor-lugar-comun-para-toda-persona-que-escribe-poesia\/#P-%C2%BFCuando_empezaste_a_escribir_y_por_que_empezaste_a_escribir\" >P.-\u00bfCu\u00e1ndo empezaste a escribir y por qu\u00e9 empezaste a escribir?<\/a><\/li><li class='ez-toc-page-1 ez-toc-heading-level-3'><a class=\"ez-toc-link ez-toc-heading-5\" href=\"https:\/\/poesiaerestu.com\/revista\/pedro-paricio-damian-el-amor-lugar-comun-para-toda-persona-que-escribe-poesia\/#P-%C2%BFQue_es_lo_que_te_inspira_a_escribir_%C2%BFDe_donde_nace_esa_necesidad_de_escribir_poesia\" >P.-\u00bfQu\u00e9 es lo que te inspira a escribir? \u00bfDe d\u00f3nde nace esa necesidad de escribir poes\u00eda?<\/a><\/li><li class='ez-toc-page-1 ez-toc-heading-level-3'><a class=\"ez-toc-link ez-toc-heading-6\" href=\"https:\/\/poesiaerestu.com\/revista\/pedro-paricio-damian-el-amor-lugar-comun-para-toda-persona-que-escribe-poesia\/#P-%C2%BFEs_Percy_el_seudonimo_de_tu_alter_ego_%C2%BFPor_que_aparece_en_el_libro_tachado\" >P.-\u00bfEs Percy el seud\u00f3nimo de tu alter ego? \u00bfPor qu\u00e9 aparece en el libro tachado?<\/a><\/li><li class='ez-toc-page-1 ez-toc-heading-level-3'><a class=\"ez-toc-link ez-toc-heading-7\" href=\"https:\/\/poesiaerestu.com\/revista\/pedro-paricio-damian-el-amor-lugar-comun-para-toda-persona-que-escribe-poesia\/#P-En_Miedo_escenico_hay_varias_alusiones_a_Joaquin_Sabina_%C2%BFHa_influido_su_musica_sobre_tu_poesia\" >P.-En Miedo esc\u00e9nico hay varias alusiones a Joaquin Sabina. \u00bfHa influido su m\u00fasica sobre tu poes\u00eda?<\/a><\/li><li class='ez-toc-page-1 ez-toc-heading-level-3'><a class=\"ez-toc-link ez-toc-heading-8\" href=\"https:\/\/poesiaerestu.com\/revista\/pedro-paricio-damian-el-amor-lugar-comun-para-toda-persona-que-escribe-poesia\/#P-%C2%BFQue_poetas_son_los_que_mas_te_han_gustado_y_cuales_los_libros_que_recomendarias\" >P.-\u00bfQu\u00e9 poetas son los que m\u00e1s te han gustado y cu\u00e1les los libros que recomendar\u00edas?<\/a><\/li><li class='ez-toc-page-1 ez-toc-heading-level-3'><a class=\"ez-toc-link ez-toc-heading-9\" href=\"https:\/\/poesiaerestu.com\/revista\/pedro-paricio-damian-el-amor-lugar-comun-para-toda-persona-que-escribe-poesia\/#P-%C2%BFHas_seguido_escribiendo_despues_de_la_publicacion_de_Miedo_escenico_%C2%BFHabra_un_segundo_libro\" >P.-\u00bfHas seguido escribiendo despu\u00e9s de la publicaci\u00f3n de Miedo esc\u00e9nico? \u00bfHabr\u00e1 un segundo libro?<\/a><\/li><\/ul><\/li><\/ul><\/nav><\/div>\n\n<p><a href=\"https:\/\/poesiaerestu.com\/revista\/pedro-paricio-damian-el-amor-lugar-comun-para-toda-persona-que-escribe-poesia\/fichaautor-19\/\" rel=\"attachment wp-att-7570\"><br \/>\n<img loading=\"lazy\" decoding=\"async\" class=\"aligncenter wp-image-7570\" src=\"https:\/\/spcdn.shortpixel.ai\/spio\/ret_img,q_cdnize,to_auto,s_webp:avif\/poesiaerestu.com\/revista\/wp-content\/uploads\/2019\/05\/FichaAutor-1024x726.png\" alt=\"\" width=\"680\" height=\"482\" srcset=\"https:\/\/spcdn.shortpixel.ai\/spio\/ret_img,q_cdnize,to_auto,s_webp:avif\/poesiaerestu.com\/revista\/wp-content\/uploads\/2019\/05\/FichaAutor-1024x726.png 1024w, https:\/\/spcdn.shortpixel.ai\/spio\/ret_img,q_cdnize,to_auto,s_webp:avif\/poesiaerestu.com\/revista\/wp-content\/uploads\/2019\/05\/FichaAutor-768x544.png 768w, https:\/\/spcdn.shortpixel.ai\/spio\/ret_img,q_cdnize,to_auto,s_webp:avif\/poesiaerestu.com\/revista\/wp-content\/uploads\/2019\/05\/FichaAutor-300x213.png 300w, https:\/\/spcdn.shortpixel.ai\/spio\/ret_img,q_cdnize,to_auto,s_webp:avif\/poesiaerestu.com\/revista\/wp-content\/uploads\/2019\/05\/FichaAutor-600x425.png 600w, https:\/\/spcdn.shortpixel.ai\/spio\/ret_img,q_cdnize,to_auto,s_webp:avif\/poesiaerestu.com\/revista\/wp-content\/uploads\/2019\/05\/FichaAutor-85x60.png 85w, https:\/\/spcdn.shortpixel.ai\/spio\/ret_img,q_cdnize,to_auto,s_webp:avif\/poesiaerestu.com\/revista\/wp-content\/uploads\/2019\/05\/FichaAutor-scaled.png 1444w\" sizes=\"auto, (max-width: 680px) 100vw, 680px\" \/><\/a><\/p>\n<p>&nbsp;<\/p>\n<h3><span class=\"ez-toc-section\" id=\"P-%C2%BFPor_que_el_titulo_de_Miedo_escenico_%C2%BFSufres_de_miedo_escenico\"><\/span><strong>P.-\u00bfPor qu\u00e9 el t\u00edtulo de <em>Miedo esc\u00e9nico<\/em>? \u00bfSufres de miedo esc\u00e9nico?<\/strong><span class=\"ez-toc-section-end\"><\/span><\/h3>\n<p>R.- Solo cuando no estoy seguro de m\u00ed mismo, que es casi siempre. El t\u00edtulo viene del miedo que ten\u00eda a publicar los poemas por el <em>qu\u00e9 dir\u00e1n<\/em>. En la ciudad de la que vengo nos conocemos casi todos, y esta faceta no era conocida en ninguno de mis c\u00edrculos de amistad (a excepci\u00f3n de unas pocas personas). Esto hizo que esa inseguridad aumentara y que se convirtiera en miedo a que me pusieran en el foco y ser el tema de conversaci\u00f3n.<\/p>\n[bctt tweet=&#8221;El t\u00edtulo viene del miedo que ten\u00eda a publicar los poemas por el qu\u00e9 dir\u00e1n.&#8221; username=&#8221;poesiaerestu&#8221;]\n<h3><span class=\"ez-toc-section\" id=\"P-Miedo_escenico_esta_dividido_en_secciones_como_si_fuese_una_obra_de_teatro_dividida_en_dos_actos_%C2%BFPor_que_esa_division_de_la_obra_%C2%BFQue_tienen_de_diferente_una_secciones_de_otras\"><\/span>P.-<strong><em>Miedo esc\u00e9nico<\/em> est\u00e1 dividido en secciones como si fuese una obra de teatro dividida en dos actos. \u00bfPor qu\u00e9 esa divisi\u00f3n de la obra? \u00bfQu\u00e9 tienen de diferente una secciones de otras?<\/strong><span class=\"ez-toc-section-end\"><\/span><\/h3>\n<p>R.- En realidad son tres los actos que lo componen. La verdad es que me ven\u00eda genial el t\u00edtulo para que hiciera de hilo conductor con el formato del texto. No quer\u00eda que fuese un poemario m\u00e1s, a veces inconexo, que diferenciara unos sentimientos de otros por qui\u00e9n sabe qu\u00e9. As\u00ed que relacion\u00e9 el t\u00edtulo <em>Miedo esc\u00e9nico<\/em> con una obra de teatro, en la que cada acto fuese una persona por la que sent\u00ed mucho, y cada bajada de tel\u00f3n fuese el periodo de transici\u00f3n entre personas.<\/p>\n[bctt tweet=&#8221;Relacion\u00e9 el t\u00edtulo Miedo esc\u00e9nico con una obra de teatro, en la que cada acto fuese una persona por la que sent\u00ed mucho&#8221; username=&#8221;poesiaerestu&#8221;]\n<h3><span class=\"ez-toc-section\" id=\"P-%C2%BFCuando_empezaste_a_escribir_y_por_que_empezaste_a_escribir\"><\/span><strong>P.-\u00bfCu\u00e1ndo empezaste a escribir y por qu\u00e9 empezaste a escribir?<\/strong><span class=\"ez-toc-section-end\"><\/span><\/h3>\n<p>R.- Empec\u00e9 a escribir hace algo m\u00e1s de cuatro a\u00f1os, cuando empezaba a ser m\u00e1s que visible la llamada <em>edad del pavo<\/em>. Lo hice porque buscaba una liberaci\u00f3n a mis complejos, hablar con alguien que no me juzgase y poder desahogarme. En esa edad (alrededor de los 15-16 a\u00f1os) es importante hacerlo, y si no tienes a varias personas con una confianza suficiente, escribir puede ser muy \u00fatil.<\/p>\n[bctt tweet=&#8221;Empec\u00e9 a escribir &#8230; porque buscaba una liberaci\u00f3n a mis complejos&#8221; username=&#8221;poesiaerestu&#8221;]\n<h3><span class=\"ez-toc-section\" id=\"P-%C2%BFQue_es_lo_que_te_inspira_a_escribir_%C2%BFDe_donde_nace_esa_necesidad_de_escribir_poesia\"><\/span><strong>P.-\u00bfQu\u00e9 es lo que te inspira a escribir? \u00bfDe d\u00f3nde nace esa necesidad de escribir poes\u00eda?<\/strong><span class=\"ez-toc-section-end\"><\/span><\/h3>\n<p>R.- Me inspira el desamor, la tristeza, el dolor\u2026 el sufrimiento en general. Aunque el amor es lugar com\u00fan para toda persona que escribe poes\u00eda, as\u00ed que tambi\u00e9n puedo considerar que me inspira. Cuando necesito desahogo y ordenarme, escribo. Cuando quiero hablar sin tab\u00faes, escribo. Cuando quiero encontrar las palabras para asimilar mis sentimientos, escribo. Cuando no percibo nada que me haga sentir, escribo para despejarme. La necesidad de escribir, al fin y al cabo, la creo yo mismo en el momento en el que considero que nadie m\u00e1s me puede ayudar y que me tengo que ordenar yo mismo.<\/p>\n[bctt tweet=&#8221;Me inspira el desamor, la tristeza, el dolor\u2026 el sufrimiento en general.&#8221; username=&#8221;poesiaerestu&#8221;]\n<h3><span class=\"ez-toc-section\" id=\"P-%C2%BFEs_Percy_el_seudonimo_de_tu_alter_ego_%C2%BFPor_que_aparece_en_el_libro_tachado\"><\/span><strong>P.-\u00bfEs Percy el seud\u00f3nimo d<\/strong><strong>e tu alter ego? \u00bfPor qu\u00e9 aparece en el libro tachado?<\/strong><span class=\"ez-toc-section-end\"><\/span><\/h3>\n<p>R.- Percy naci\u00f3 cuando empec\u00e9 a publicar algunos escritos y poemas en \u201cAltibajos Desordenados\u201d, blog que sigo manteniendo. Naci\u00f3 del miedo del que habl\u00e1bamos anteriormente, una especie de alter ego para que mi entorno no me reconociera. As\u00ed que cuando publiqu\u00e9 el libro comprend\u00ed que ese pseud\u00f3nimo ten\u00eda que morir, porque ya no ten\u00eda sentido seguir ocult\u00e1ndome. Lo tach\u00e9 simbolizando esa muerte. Con la publicaci\u00f3n de <em>Miedo esc\u00e9nico<\/em> cerr\u00e9 ese c\u00edrculo.<\/p>\n[bctt tweet=&#8221;Percy naci\u00f3 cuando empec\u00e9 a publicar algunos escritos y poemas en Altibajos Desordenados&#8221; username=&#8221;poesiaerestu&#8221;]\n<h3><span class=\"ez-toc-section\" id=\"P-En_Miedo_escenico_hay_varias_alusiones_a_Joaquin_Sabina_%C2%BFHa_influido_su_musica_sobre_tu_poesia\"><\/span><strong>P.-En <em>Miedo esc\u00e9nico<\/em> hay varias alusiones a Joaquin Sabina. \u00bfHa influido su m\u00fasica sobre tu poes\u00eda?<\/strong><span class=\"ez-toc-section-end\"><\/span><\/h3>\n<p>R.- Por supuesto que s\u00ed. Considero a Joaqu\u00edn Sabina una referencia en el mundo de las letras. He escuchado la gran mayor\u00eda de sus canciones y he le\u00eddo muchos de sus sonetos, y me parecen impresionantes. La mayor\u00eda de sus versos solo los podr\u00eda escribir \u00e9l mismo, por eso lo considero referente.<\/p>\n[bctt tweet=&#8221;Considero a Joaqu\u00edn Sabina una referencia en el mundo de las letras.&#8221; username=&#8221;poesiaerestu&#8221;]\n<h3><span class=\"ez-toc-section\" id=\"P-%C2%BFQue_poetas_son_los_que_mas_te_han_gustado_y_cuales_los_libros_que_recomendarias\"><\/span><strong>P.-\u00bfQu\u00e9 poetas son los que m\u00e1s te han gustado y cu\u00e1les los libros que recomendar\u00edas?<\/strong><span class=\"ez-toc-section-end\"><\/span><\/h3>\n<p>R.- Lo cierto es que me sumerg\u00ed en el mundo de la poes\u00eda al escuchar en YouTube poemas de una escritora novel, en aquel momento, como era Loreto Sesma, hoy de gran \u00e9xito. No segu\u00ed mucho m\u00e1s su trayectoria, aunque s\u00e9 que tiene muchos seguidores en redes sociales. Una vez entras en este mundo descubres la gran variedad de estilos y poetas que hay. De los poetas de hoy en d\u00eda me gusta el trabajo de Carlos Salem y Escandar Algeet con sus poemas, y dando voz a j\u00f3venes escritores. Tambi\u00e9n Pablo Benavente y Sharif Fern\u00e1ndez son muy recomendables. Actualmente he descubierto a Pedro Diego Varela, un chico de veinte a\u00f1os que ha creado la corriente literaria del inane\u00edsmo, y me parece muy interesante. Y de los de siempre Lorca, Pessoa, Benedetti, Neruda\u2026 Son los maestros de cualquiera que le guste la poes\u00eda.<\/p>\n[bctt tweet=&#8221;Me gusta el trabajo de Carlos Salem y Escandar Algeet con sus poemas&#8221; username=&#8221;poesiaerestu&#8221;]\n<h3><span class=\"ez-toc-section\" id=\"P-%C2%BFHas_seguido_escribiendo_despues_de_la_publicacion_de_Miedo_escenico_%C2%BFHabra_un_segundo_libro\"><\/span><strong>P.-\u00bfHas seguido escribiendo despu\u00e9s de la publicaci\u00f3n de <em>Miedo esc\u00e9nico<\/em>? \u00bfHabr\u00e1 un segundo libro?<\/strong><span class=\"ez-toc-section-end\"><\/span><\/h3>\n<p>R.- Sigo teniendo proyectos, por supuesto. Aunque me lo estoy tomando con calma. Sigo escribiendo y pensando c\u00f3mo hacerlo la pr\u00f3xima vez. Lo m\u00e1s cercano es un poemario que tengo ya en mente y que llevo bien encaminado, aunque tengo muchas ideas, desde un fanzine hasta una novela. Aun as\u00ed, soy consciente de mis limitaciones y s\u00e9 que me queda mucho por leer y aprender para llegar a cometer esos proyectos.<\/p>\n[bctt tweet=&#8221;Soy consciente de mis limitaciones y s\u00e9 que me queda mucho por leer y aprender&#8221; username=&#8221;poesiaerestu&#8221;]\n","protected":false},"excerpt":{"rendered":"<p>Pedro Paricio Damian es el autor de MIEDO ESC\u00c9NICO publicado por la Editorial Poes\u00eda eres t\u00fa en el a\u00f1o 2018 &nbsp; P.-\u00bfPor qu\u00e9 el t\u00edtulo de Miedo esc\u00e9nico? \u00bfSufres de miedo esc\u00e9nico? R.- Solo cuando no estoy seguro de m\u00ed mismo, que es casi siempre. El t\u00edtulo viene del miedo que ten\u00eda a publicar los&#8230;<\/p>\n","protected":false},"author":1,"featured_media":7570,"comment_status":"closed","ping_status":"closed","sticky":false,"template":"","format":"standard","meta":{"footnotes":"","_links_to":"","_links_to_target":""},"categories":[4],"tags":[],"class_list":["post-7569","post","type-post","status-publish","format-standard","has-post-thumbnail","hentry","category-entrevistas"],"yoast_head":"<!-- This site is optimized with the Yoast SEO Premium plugin v24.7 (Yoast SEO v27.5) - https:\/\/yoast.com\/product\/yoast-seo-premium-wordpress\/ -->\n<title>Entrevista a Pedro Paricio Damian tras publicar Miedo esc\u00e9nico<\/title>\n<meta name=\"description\" content=\"Entrevista a Pedro Paricio Damian tras la publicaci\u00f3n de su libro Miedo esc\u00e9nico con la Editorial Poes\u00eda eres t\u00fa (2018)\" \/>\n<meta name=\"robots\" content=\"index, follow, max-snippet:-1, max-image-preview:large, max-video-preview:-1\" \/>\n<link rel=\"canonical\" href=\"https:\/\/poesiaerestu.com\/revista\/pedro-paricio-damian-el-amor-lugar-comun-para-toda-persona-que-escribe-poesia\/\" \/>\n<meta name=\"twitter:label1\" content=\"Written by\" \/>\n\t<meta name=\"twitter:data1\" content=\"admin\" \/>\n\t<meta name=\"twitter:label2\" content=\"Est. reading time\" \/>\n\t<meta name=\"twitter:data2\" content=\"5 minutes\" \/>\n<script type=\"application\/ld+json\" class=\"yoast-schema-graph\">{\"@context\":\"https:\\\/\\\/schema.org\",\"@graph\":[{\"@type\":\"Article\",\"@id\":\"https:\\\/\\\/poesiaerestu.com\\\/revista\\\/pedro-paricio-damian-el-amor-lugar-comun-para-toda-persona-que-escribe-poesia\\\/#article\",\"isPartOf\":{\"@id\":\"https:\\\/\\\/poesiaerestu.com\\\/revista\\\/pedro-paricio-damian-el-amor-lugar-comun-para-toda-persona-que-escribe-poesia\\\/\"},\"author\":{\"name\":\"admin\",\"@id\":\"https:\\\/\\\/poesiaerestu.com\\\/revista\\\/#\\\/schema\\\/person\\\/fcb1a2122be3810bfdd0c071b4b3e9c4\"},\"headline\":\"Pedro Paricio Damian: &#8220;El amor es lugar com\u00fan para toda persona que escribe poes\u00eda&#8221;\",\"datePublished\":\"2019-05-30T10:35:13+00:00\",\"dateModified\":\"2019-05-30T10:36:14+00:00\",\"mainEntityOfPage\":{\"@id\":\"https:\\\/\\\/poesiaerestu.com\\\/revista\\\/pedro-paricio-damian-el-amor-lugar-comun-para-toda-persona-que-escribe-poesia\\\/\"},\"wordCount\":1087,\"image\":{\"@id\":\"https:\\\/\\\/poesiaerestu.com\\\/revista\\\/pedro-paricio-damian-el-amor-lugar-comun-para-toda-persona-que-escribe-poesia\\\/#primaryimage\"},\"thumbnailUrl\":\"https:\\\/\\\/poesiaerestu.com\\\/revista\\\/wp-content\\\/uploads\\\/2019\\\/05\\\/FichaAutor-scaled.png\",\"articleSection\":[\"Entrevistas\"],\"inLanguage\":\"en-US\",\"copyrightYear\":\"2019\",\"copyrightHolder\":{\"@id\":\"https:\\\/\\\/poesiaerestu.com\\\/revista\\\/#organization\"}},{\"@type\":\"WebPage\",\"@id\":\"https:\\\/\\\/poesiaerestu.com\\\/revista\\\/pedro-paricio-damian-el-amor-lugar-comun-para-toda-persona-que-escribe-poesia\\\/\",\"url\":\"https:\\\/\\\/poesiaerestu.com\\\/revista\\\/pedro-paricio-damian-el-amor-lugar-comun-para-toda-persona-que-escribe-poesia\\\/\",\"name\":\"Entrevista a Pedro Paricio Damian tras publicar Miedo esc\u00e9nico\",\"isPartOf\":{\"@id\":\"https:\\\/\\\/poesiaerestu.com\\\/revista\\\/#website\"},\"primaryImageOfPage\":{\"@id\":\"https:\\\/\\\/poesiaerestu.com\\\/revista\\\/pedro-paricio-damian-el-amor-lugar-comun-para-toda-persona-que-escribe-poesia\\\/#primaryimage\"},\"image\":{\"@id\":\"https:\\\/\\\/poesiaerestu.com\\\/revista\\\/pedro-paricio-damian-el-amor-lugar-comun-para-toda-persona-que-escribe-poesia\\\/#primaryimage\"},\"thumbnailUrl\":\"https:\\\/\\\/poesiaerestu.com\\\/revista\\\/wp-content\\\/uploads\\\/2019\\\/05\\\/FichaAutor-scaled.png\",\"datePublished\":\"2019-05-30T10:35:13+00:00\",\"dateModified\":\"2019-05-30T10:36:14+00:00\",\"author\":{\"@id\":\"https:\\\/\\\/poesiaerestu.com\\\/revista\\\/#\\\/schema\\\/person\\\/fcb1a2122be3810bfdd0c071b4b3e9c4\"},\"description\":\"Entrevista a Pedro Paricio Damian tras la publicaci\u00f3n de su libro Miedo esc\u00e9nico con la Editorial Poes\u00eda eres t\u00fa (2018)\",\"breadcrumb\":{\"@id\":\"https:\\\/\\\/poesiaerestu.com\\\/revista\\\/pedro-paricio-damian-el-amor-lugar-comun-para-toda-persona-que-escribe-poesia\\\/#breadcrumb\"},\"inLanguage\":\"en-US\",\"potentialAction\":[{\"@type\":\"ReadAction\",\"target\":[\"https:\\\/\\\/poesiaerestu.com\\\/revista\\\/pedro-paricio-damian-el-amor-lugar-comun-para-toda-persona-que-escribe-poesia\\\/\"]}]},{\"@type\":\"ImageObject\",\"inLanguage\":\"en-US\",\"@id\":\"https:\\\/\\\/poesiaerestu.com\\\/revista\\\/pedro-paricio-damian-el-amor-lugar-comun-para-toda-persona-que-escribe-poesia\\\/#primaryimage\",\"url\":\"https:\\\/\\\/poesiaerestu.com\\\/revista\\\/wp-content\\\/uploads\\\/2019\\\/05\\\/FichaAutor-scaled.png\",\"contentUrl\":\"https:\\\/\\\/poesiaerestu.com\\\/revista\\\/wp-content\\\/uploads\\\/2019\\\/05\\\/FichaAutor-scaled.png\",\"width\":1444,\"height\":1024,\"caption\":\"Retrato de joven con fondo de poema rom\u00e1ntico en cursiva, estilo art\u00edstico para revista de poes\u00eda.\"},{\"@type\":\"BreadcrumbList\",\"@id\":\"https:\\\/\\\/poesiaerestu.com\\\/revista\\\/pedro-paricio-damian-el-amor-lugar-comun-para-toda-persona-que-escribe-poesia\\\/#breadcrumb\",\"itemListElement\":[{\"@type\":\"ListItem\",\"position\":1,\"name\":\"Home\",\"item\":\"https:\\\/\\\/poesiaerestu.com\\\/revista\\\/\"},{\"@type\":\"ListItem\",\"position\":2,\"name\":\"Pedro Paricio Damian: &#8220;El amor es lugar com\u00fan para toda persona que escribe poes\u00eda&#8221;\"}]},{\"@type\":\"WebSite\",\"@id\":\"https:\\\/\\\/poesiaerestu.com\\\/revista\\\/#website\",\"url\":\"https:\\\/\\\/poesiaerestu.com\\\/revista\\\/\",\"name\":\"Poes\u00ed\u00ada eres t\u00fa (revista)\",\"description\":\"Revista de poes\u00eda y literatura\",\"potentialAction\":[{\"@type\":\"SearchAction\",\"target\":{\"@type\":\"EntryPoint\",\"urlTemplate\":\"https:\\\/\\\/poesiaerestu.com\\\/revista\\\/?s={search_term_string}\"},\"query-input\":{\"@type\":\"PropertyValueSpecification\",\"valueRequired\":true,\"valueName\":\"search_term_string\"}}],\"inLanguage\":\"en-US\"},{\"@type\":\"Person\",\"@id\":\"https:\\\/\\\/poesiaerestu.com\\\/revista\\\/#\\\/schema\\\/person\\\/fcb1a2122be3810bfdd0c071b4b3e9c4\",\"name\":\"admin\",\"image\":{\"@type\":\"ImageObject\",\"inLanguage\":\"en-US\",\"@id\":\"https:\\\/\\\/secure.gravatar.com\\\/avatar\\\/1cb55a5bd8d6824519e46b552e84b03575857cc9c4d6333824d2f95d82129f50?s=96&d=mm&r=g\",\"url\":\"https:\\\/\\\/secure.gravatar.com\\\/avatar\\\/1cb55a5bd8d6824519e46b552e84b03575857cc9c4d6333824d2f95d82129f50?s=96&d=mm&r=g\",\"contentUrl\":\"https:\\\/\\\/secure.gravatar.com\\\/avatar\\\/1cb55a5bd8d6824519e46b552e84b03575857cc9c4d6333824d2f95d82129f50?s=96&d=mm&r=g\",\"caption\":\"admin\"},\"url\":\"https:\\\/\\\/poesiaerestu.com\\\/revista\\\/author\\\/admin\\\/\"}]}<\/script>\n<!-- \/ Yoast SEO Premium plugin. -->","yoast_head_json":{"title":"Entrevista a Pedro Paricio Damian tras publicar Miedo esc\u00e9nico","description":"Entrevista a Pedro Paricio Damian tras la publicaci\u00f3n de su libro Miedo esc\u00e9nico con la Editorial Poes\u00eda eres t\u00fa (2018)","robots":{"index":"index","follow":"follow","max-snippet":"max-snippet:-1","max-image-preview":"max-image-preview:large","max-video-preview":"max-video-preview:-1"},"canonical":"https:\/\/poesiaerestu.com\/revista\/pedro-paricio-damian-el-amor-lugar-comun-para-toda-persona-que-escribe-poesia\/","twitter_misc":{"Written by":"admin","Est. reading time":"5 minutes"},"schema":{"@context":"https:\/\/schema.org","@graph":[{"@type":"Article","@id":"https:\/\/poesiaerestu.com\/revista\/pedro-paricio-damian-el-amor-lugar-comun-para-toda-persona-que-escribe-poesia\/#article","isPartOf":{"@id":"https:\/\/poesiaerestu.com\/revista\/pedro-paricio-damian-el-amor-lugar-comun-para-toda-persona-que-escribe-poesia\/"},"author":{"name":"admin","@id":"https:\/\/poesiaerestu.com\/revista\/#\/schema\/person\/fcb1a2122be3810bfdd0c071b4b3e9c4"},"headline":"Pedro Paricio Damian: &#8220;El amor es lugar com\u00fan para toda persona que escribe poes\u00eda&#8221;","datePublished":"2019-05-30T10:35:13+00:00","dateModified":"2019-05-30T10:36:14+00:00","mainEntityOfPage":{"@id":"https:\/\/poesiaerestu.com\/revista\/pedro-paricio-damian-el-amor-lugar-comun-para-toda-persona-que-escribe-poesia\/"},"wordCount":1087,"image":{"@id":"https:\/\/poesiaerestu.com\/revista\/pedro-paricio-damian-el-amor-lugar-comun-para-toda-persona-que-escribe-poesia\/#primaryimage"},"thumbnailUrl":"https:\/\/poesiaerestu.com\/revista\/wp-content\/uploads\/2019\/05\/FichaAutor-scaled.png","articleSection":["Entrevistas"],"inLanguage":"en-US","copyrightYear":"2019","copyrightHolder":{"@id":"https:\/\/poesiaerestu.com\/revista\/#organization"}},{"@type":"WebPage","@id":"https:\/\/poesiaerestu.com\/revista\/pedro-paricio-damian-el-amor-lugar-comun-para-toda-persona-que-escribe-poesia\/","url":"https:\/\/poesiaerestu.com\/revista\/pedro-paricio-damian-el-amor-lugar-comun-para-toda-persona-que-escribe-poesia\/","name":"Entrevista a Pedro Paricio Damian tras publicar Miedo esc\u00e9nico","isPartOf":{"@id":"https:\/\/poesiaerestu.com\/revista\/#website"},"primaryImageOfPage":{"@id":"https:\/\/poesiaerestu.com\/revista\/pedro-paricio-damian-el-amor-lugar-comun-para-toda-persona-que-escribe-poesia\/#primaryimage"},"image":{"@id":"https:\/\/poesiaerestu.com\/revista\/pedro-paricio-damian-el-amor-lugar-comun-para-toda-persona-que-escribe-poesia\/#primaryimage"},"thumbnailUrl":"https:\/\/poesiaerestu.com\/revista\/wp-content\/uploads\/2019\/05\/FichaAutor-scaled.png","datePublished":"2019-05-30T10:35:13+00:00","dateModified":"2019-05-30T10:36:14+00:00","author":{"@id":"https:\/\/poesiaerestu.com\/revista\/#\/schema\/person\/fcb1a2122be3810bfdd0c071b4b3e9c4"},"description":"Entrevista a Pedro Paricio Damian tras la publicaci\u00f3n de su libro Miedo esc\u00e9nico con la Editorial Poes\u00eda eres t\u00fa (2018)","breadcrumb":{"@id":"https:\/\/poesiaerestu.com\/revista\/pedro-paricio-damian-el-amor-lugar-comun-para-toda-persona-que-escribe-poesia\/#breadcrumb"},"inLanguage":"en-US","potentialAction":[{"@type":"ReadAction","target":["https:\/\/poesiaerestu.com\/revista\/pedro-paricio-damian-el-amor-lugar-comun-para-toda-persona-que-escribe-poesia\/"]}]},{"@type":"ImageObject","inLanguage":"en-US","@id":"https:\/\/poesiaerestu.com\/revista\/pedro-paricio-damian-el-amor-lugar-comun-para-toda-persona-que-escribe-poesia\/#primaryimage","url":"https:\/\/poesiaerestu.com\/revista\/wp-content\/uploads\/2019\/05\/FichaAutor-scaled.png","contentUrl":"https:\/\/poesiaerestu.com\/revista\/wp-content\/uploads\/2019\/05\/FichaAutor-scaled.png","width":1444,"height":1024,"caption":"Retrato de joven con fondo de poema rom\u00e1ntico en cursiva, estilo art\u00edstico para revista de poes\u00eda."},{"@type":"BreadcrumbList","@id":"https:\/\/poesiaerestu.com\/revista\/pedro-paricio-damian-el-amor-lugar-comun-para-toda-persona-que-escribe-poesia\/#breadcrumb","itemListElement":[{"@type":"ListItem","position":1,"name":"Home","item":"https:\/\/poesiaerestu.com\/revista\/"},{"@type":"ListItem","position":2,"name":"Pedro Paricio Damian: &#8220;El amor es lugar com\u00fan para toda persona que escribe poes\u00eda&#8221;"}]},{"@type":"WebSite","@id":"https:\/\/poesiaerestu.com\/revista\/#website","url":"https:\/\/poesiaerestu.com\/revista\/","name":"Poes\u00ed\u00ada eres t\u00fa (revista)","description":"Revista de poes\u00eda y literatura","potentialAction":[{"@type":"SearchAction","target":{"@type":"EntryPoint","urlTemplate":"https:\/\/poesiaerestu.com\/revista\/?s={search_term_string}"},"query-input":{"@type":"PropertyValueSpecification","valueRequired":true,"valueName":"search_term_string"}}],"inLanguage":"en-US"},{"@type":"Person","@id":"https:\/\/poesiaerestu.com\/revista\/#\/schema\/person\/fcb1a2122be3810bfdd0c071b4b3e9c4","name":"admin","image":{"@type":"ImageObject","inLanguage":"en-US","@id":"https:\/\/secure.gravatar.com\/avatar\/1cb55a5bd8d6824519e46b552e84b03575857cc9c4d6333824d2f95d82129f50?s=96&d=mm&r=g","url":"https:\/\/secure.gravatar.com\/avatar\/1cb55a5bd8d6824519e46b552e84b03575857cc9c4d6333824d2f95d82129f50?s=96&d=mm&r=g","contentUrl":"https:\/\/secure.gravatar.com\/avatar\/1cb55a5bd8d6824519e46b552e84b03575857cc9c4d6333824d2f95d82129f50?s=96&d=mm&r=g","caption":"admin"},"url":"https:\/\/poesiaerestu.com\/revista\/author\/admin\/"}]}},"_links":{"self":[{"href":"https:\/\/poesiaerestu.com\/revista\/wp-json\/wp\/v2\/posts\/7569","targetHints":{"allow":["GET"]}}],"collection":[{"href":"https:\/\/poesiaerestu.com\/revista\/wp-json\/wp\/v2\/posts"}],"about":[{"href":"https:\/\/poesiaerestu.com\/revista\/wp-json\/wp\/v2\/types\/post"}],"author":[{"embeddable":true,"href":"https:\/\/poesiaerestu.com\/revista\/wp-json\/wp\/v2\/users\/1"}],"replies":[{"embeddable":true,"href":"https:\/\/poesiaerestu.com\/revista\/wp-json\/wp\/v2\/comments?post=7569"}],"version-history":[{"count":0,"href":"https:\/\/poesiaerestu.com\/revista\/wp-json\/wp\/v2\/posts\/7569\/revisions"}],"wp:featuredmedia":[{"embeddable":true,"href":"https:\/\/poesiaerestu.com\/revista\/wp-json\/wp\/v2\/media\/7570"}],"wp:attachment":[{"href":"https:\/\/poesiaerestu.com\/revista\/wp-json\/wp\/v2\/media?parent=7569"}],"wp:term":[{"taxonomy":"category","embeddable":true,"href":"https:\/\/poesiaerestu.com\/revista\/wp-json\/wp\/v2\/categories?post=7569"},{"taxonomy":"post_tag","embeddable":true,"href":"https:\/\/poesiaerestu.com\/revista\/wp-json\/wp\/v2\/tags?post=7569"}],"curies":[{"name":"wp","href":"https:\/\/api.w.org\/{rel}","templated":true}]}}