{"id":7460,"date":"2018-12-30T18:49:50","date_gmt":"2018-12-30T17:49:50","guid":{"rendered":"https:\/\/poesiaerestu.com\/revista\/?p=7460"},"modified":"2018-12-31T20:07:09","modified_gmt":"2018-12-31T19:07:09","slug":"los-mejores-libros-poesia-del-ano-2018","status":"publish","type":"post","link":"https:\/\/poesiaerestu.com\/revista\/los-mejores-libros-poesia-del-ano-2018\/","title":{"rendered":"Los 12 mejores libros de poes\u00eda del a\u00f1o 2018"},"content":{"rendered":"<p><a href=\"https:\/\/poesiaerestu.com\/revista\/los-mejores-libros-poesia-del-ano-2018\/libreosrecomedado2018_revistapoesiaerestu\/\" rel=\"attachment wp-att-7440\"><img loading=\"lazy\" decoding=\"async\" class=\"aligncenter size-large wp-image-7440\" src=\"https:\/\/poesiaerestu.com\/revista\/wp-content\/uploads\/2018\/12\/Libreosrecomedado2018_RevistaPoes\u00edaerest\u00fa-1024x729.jpg\" alt=\"\" width=\"1024\" height=\"729\" srcset=\"https:\/\/poesiaerestu.com\/revista\/wp-content\/uploads\/2018\/12\/Libreosrecomedado2018_RevistaPoes\u00edaerest\u00fa-1024x729.jpg 1024w, https:\/\/poesiaerestu.com\/revista\/wp-content\/uploads\/2018\/12\/Libreosrecomedado2018_RevistaPoes\u00edaerest\u00fa-300x214.jpg 300w, https:\/\/poesiaerestu.com\/revista\/wp-content\/uploads\/2018\/12\/Libreosrecomedado2018_RevistaPoes\u00edaerest\u00fa-600x427.jpg 600w, https:\/\/poesiaerestu.com\/revista\/wp-content\/uploads\/2018\/12\/Libreosrecomedado2018_RevistaPoes\u00edaerest\u00fa-768x547.jpg 768w, https:\/\/poesiaerestu.com\/revista\/wp-content\/uploads\/2018\/12\/Libreosrecomedado2018_RevistaPoes\u00edaerest\u00fa-84x60.jpg 84w, https:\/\/poesiaerestu.com\/revista\/wp-content\/uploads\/2018\/12\/Libreosrecomedado2018_RevistaPoes\u00edaerest\u00fa-scaled.jpg 1438w\" sizes=\"auto, (max-width: 1024px) 100vw, 1024px\" \/><\/a><\/p>\r\n<p>Como todos los a\u00f1os la <a href=\"https:\/\/editorespoesia.com\">Asociaci\u00f3n de editores de poes\u00eda (A.E.P.)<\/a> emite un listado de libros recomendados para su lectura. Son <strong>libros que conviene leer<\/strong> porque son una selecci\u00f3n de los editores. Es <strong>una ocasi\u00f3n \u00fanica para estar en la actualidad de la poes\u00eda<\/strong>. Adem\u00e1s, este a\u00f1o ha sido el ganador del premio de la Asociaci\u00f3n de editores de poes\u00eda el libro <em>No quedan ruise\u00f1ores junto al r\u00edo<\/em> del poeta granadino Luis de la Rosa Fern\u00e1ndez. &nbsp; &nbsp;<\/p>\r\n<p style=\"text-align: center;\"><a class=\"fasc-button fasc-size-xlarge fasc-type-glossy fasc-rounded-medium\" style=\"background-color: #219919; color: #ffffff;\" href=\"https:\/\/librodepoesia.com\/\">COMPRAR LIBROS<\/a><\/p>\r\n\r\n<div class=\"wp-block-columns has-2-columns is-layout-flex wp-container-core-columns-is-layout-9d6595d7 wp-block-columns-is-layout-flex\">\r\n<div class=\"wp-block-column is-layout-flow wp-block-column-is-layout-flow\"> 1.- <strong><em><a href=\"https:\/\/poesiaerestu.com\/revista\/museo-clase-obrera\/\">MUSEO DE LA CLASE OBRERA<\/a><\/em><\/strong>, de <strong>Juan Carlos Mestre<\/strong>. Calambur Editorial, Colecci\u00f3n Poes\u00eda, n\u00ba 164. 112 p\u00e1ginas. <\/div>\r\n\r\n\r\n\r\n<div class=\"wp-block-column is-layout-flow wp-block-column-is-layout-flow\">\r\n<figure class=\"wp-block-image\"><a href=\"https:\/\/poesiaerestu.com\/revista\/museo-clase-obrera\/\"><img loading=\"lazy\" decoding=\"async\" width=\"257\" height=\"409\" sizes=\"auto, (max-width: 257px) 100vw, 257px\" class=\"wp-image-7449\" src=\"https:\/\/poesiaerestu.com\/revista\/wp-content\/uploads\/2018\/12\/Museodelaclaseobrera-5.png\" alt=\"\" srcset=\"https:\/\/poesiaerestu.com\/revista\/wp-content\/uploads\/2018\/12\/Museodelaclaseobrera-5.png 257w, https:\/\/poesiaerestu.com\/revista\/wp-content\/uploads\/2018\/12\/Museodelaclaseobrera-5-189x300.png 189w\" \/><\/a><\/figure>\r\n\r\n\r\n\r\n\r\n\r\n<div class=\"wp-block-spacer\" style=\"height: 100px;\" aria-hidden=\"true\">&nbsp;<\/div>\r\n<\/div>\r\n<\/div>\r\n\r\n\r\n\r\n<div class=\"wp-block-columns has-2-columns is-layout-flex wp-container-core-columns-is-layout-9d6595d7 wp-block-columns-is-layout-flex\">\r\n<div class=\"wp-block-column is-layout-flow wp-block-column-is-layout-flow\">\r\n\r\n 2.- <strong><em><a href=\"https:\/\/poesiaerestu.com\/revista\/para-una-teoria-las-distancias\/\">PARA UNA TEOR\u00cdA DE LAS DISTANCIAS<\/a><\/em><\/strong>, \r\n\r\n de <strong>Lorenzo Oliv\u00e1n<\/strong>. \r\n\r\n Tusquets Editores, \r\n\r\n Marginales, n\u00b0 301. Colecci\u00f3n \u201cNuevos textos sagrados\u201d. \r\n\r\n 128 p\u00e1ginas. <\/div>\r\n\r\n\r\n\r\n<div class=\"wp-block-column is-layout-flow wp-block-column-is-layout-flow\">\r\n<figure class=\"wp-block-image\"><a href=\"https:\/\/poesiaerestu.com\/revista\/para-una-teoria-las-distancias\/\"><img loading=\"lazy\" decoding=\"async\" width=\"252\" height=\"384\" sizes=\"auto, (max-width: 252px) 100vw, 252px\" class=\"wp-image-7447\" src=\"https:\/\/poesiaerestu.com\/revista\/wp-content\/uploads\/2018\/12\/para-una-teoria-de-las-distancias_lorenzo-olivan_201803221751-1.jpg\" alt=\"\" srcset=\"https:\/\/poesiaerestu.com\/revista\/wp-content\/uploads\/2018\/12\/para-una-teoria-de-las-distancias_lorenzo-olivan_201803221751-1.jpg 252w, https:\/\/poesiaerestu.com\/revista\/wp-content\/uploads\/2018\/12\/para-una-teoria-de-las-distancias_lorenzo-olivan_201803221751-1-197x300.jpg 197w\" \/><\/a><\/figure>\r\n<\/div>\r\n<\/div>\r\n\r\n\r\n\r\n<div class=\"wp-block-columns has-2-columns is-layout-flex wp-container-core-columns-is-layout-9d6595d7 wp-block-columns-is-layout-flex\">\r\n<div class=\"wp-block-column is-layout-flow wp-block-column-is-layout-flow\"> 3.- <strong><em><a href=\"https:\/\/poesiaerestu.com\/revista\/actores-vestidos-calle\/\">ACTORES VESTIDOS DE CALLE<\/a><\/em><\/strong>, \r\n\r\n de <strong>Luisa Castro<\/strong>. \r\n\r\n Visor Libros, Colecci\u00f3n Visor de Poes\u00eda, n\u00ba 1.038. \r\n\r\n 104 p\u00e1ginas. <\/div>\r\n\r\n\r\n\r\n<div class=\"wp-block-column is-layout-flow wp-block-column-is-layout-flow\">\r\n<figure class=\"wp-block-image\"><a href=\"https:\/\/poesiaerestu.com\/revista\/actores-vestidos-calle\/\"><img loading=\"lazy\" decoding=\"async\" width=\"212\" height=\"349\" sizes=\"auto, (max-width: 212px) 100vw, 212px\" class=\"wp-image-7396\" src=\"https:\/\/poesiaerestu.com\/revista\/wp-content\/uploads\/2018\/12\/Actoresvestidosdecalle_.jpg\" alt=\"\" srcset=\"https:\/\/poesiaerestu.com\/revista\/wp-content\/uploads\/2018\/12\/Actoresvestidosdecalle_.jpg 212w, https:\/\/poesiaerestu.com\/revista\/wp-content\/uploads\/2018\/12\/Actoresvestidosdecalle_-182x300.jpg 182w, https:\/\/poesiaerestu.com\/revista\/wp-content\/uploads\/2018\/12\/Actoresvestidosdecalle_-36x60.jpg 36w\" \/><\/a><\/figure>\r\n<\/div>\r\n<\/div>\r\n\r\n\r\n\r\n<div class=\"wp-block-columns has-2-columns is-layout-flex wp-container-core-columns-is-layout-9d6595d7 wp-block-columns-is-layout-flex\">\r\n<div class=\"wp-block-column is-layout-flow wp-block-column-is-layout-flow\"> 4.- <strong><em><a href=\"https:\/\/poesiaerestu.com\/revista\/caminante-luna\/\">EL CAMINANTE Y LA LUNA<\/a><\/em><\/strong> \r\n\r\n <strong><em>&nbsp;&nbsp;&nbsp;&nbsp; Cancionero (1966-2016)<\/em><\/strong><em>,<\/em> \r\n\r\n de <strong>Hilario Mart\u00ednez Nebreda<\/strong>. \r\n\r\n Ediciones Vitruvio, Colecci\u00f3n \u201cBa\u00f1os del Carmen\u201d, n\u00ba 723. \r\n\r\n 274 p\u00e1ginas. \r\n\r\n . <\/div>\r\n\r\n\r\n\r\n<div class=\"wp-block-column is-layout-flow wp-block-column-is-layout-flow\">\r\n<figure class=\"wp-block-image\"><a href=\"https:\/\/poesiaerestu.com\/revista\/caminante-luna\/\"><img loading=\"lazy\" decoding=\"async\" width=\"724\" height=\"1024\" sizes=\"auto, (max-width: 1024px) 100vw, 1024px\" class=\"wp-image-7450\" src=\"https:\/\/poesiaerestu.com\/revista\/wp-content\/uploads\/2018\/12\/Elcaminateylaluna-1-724x1024.jpg\" alt=\"\" srcset=\"https:\/\/poesiaerestu.com\/revista\/wp-content\/uploads\/2018\/12\/Elcaminateylaluna-1-724x1024.jpg 724w, https:\/\/poesiaerestu.com\/revista\/wp-content\/uploads\/2018\/12\/Elcaminateylaluna-1-212x300.jpg 212w, https:\/\/poesiaerestu.com\/revista\/wp-content\/uploads\/2018\/12\/Elcaminateylaluna-1-600x848.jpg 600w, https:\/\/poesiaerestu.com\/revista\/wp-content\/uploads\/2018\/12\/Elcaminateylaluna-1-768x1086.jpg 768w, https:\/\/poesiaerestu.com\/revista\/wp-content\/uploads\/2018\/12\/Elcaminateylaluna-1-495x700.jpg 495w, https:\/\/poesiaerestu.com\/revista\/wp-content\/uploads\/2018\/12\/Elcaminateylaluna-1.jpg 1024w\" \/><\/a><\/figure>\r\n\r\n\r\n<\/div>\r\n<\/div>\r\n\r\n\r\n\r\n<div class=\"wp-block-columns has-2-columns is-layout-flex wp-container-core-columns-is-layout-9d6595d7 wp-block-columns-is-layout-flex\">\r\n<div class=\"wp-block-column is-layout-flow wp-block-column-is-layout-flow\"> 5.- <strong><em><a href=\"https:\/\/poesiaerestu.com\/revista\/cuarto-del-siroco\/\">EL CUARTO DEL SIROCO<\/a><\/em><\/strong><a href=\"https:\/\/poesiaerestu.com\/revista\/cuarto-del-siroco\/\">,<\/a> \r\n\r\n de <strong>\u00c1lvaro Valverde<\/strong>. \r\n\r\n Tusquets Editores, \r\n\r\n Marginales, n\u00b0 303. Colecci\u00f3n \u201cNuevos textos sagrados\u201d. \r\n\r\n 176 p\u00e1ginas. \r\n\r\n<\/div>\r\n\r\n\r\n\r\n<div class=\"wp-block-column is-layout-flow wp-block-column-is-layout-flow\">\r\n<figure class=\"wp-block-image\"><a href=\"https:\/\/poesiaerestu.com\/revista\/cuarto-del-siroco\/\"><img loading=\"lazy\" decoding=\"async\" width=\"252\" height=\"384\" sizes=\"auto, (max-width: 252px) 100vw, 252px\" class=\"wp-image-7404\" src=\"https:\/\/poesiaerestu.com\/revista\/wp-content\/uploads\/2018\/12\/el-cuarto-del-siroco_alvaro-valverde.jpg\" alt=\"\" srcset=\"https:\/\/poesiaerestu.com\/revista\/wp-content\/uploads\/2018\/12\/el-cuarto-del-siroco_alvaro-valverde.jpg 252w, https:\/\/poesiaerestu.com\/revista\/wp-content\/uploads\/2018\/12\/el-cuarto-del-siroco_alvaro-valverde-197x300.jpg 197w, https:\/\/poesiaerestu.com\/revista\/wp-content\/uploads\/2018\/12\/el-cuarto-del-siroco_alvaro-valverde-39x60.jpg 39w\" \/><\/a><\/figure>\r\n\r\n\r\n<\/div>\r\n<\/div>\r\n\r\n\r\n\r\n<div class=\"wp-block-columns has-2-columns is-layout-flex wp-container-core-columns-is-layout-9d6595d7 wp-block-columns-is-layout-flex\">\r\n<div class=\"wp-block-column is-layout-flow wp-block-column-is-layout-flow\"> 6.- <strong><em><a href=\"https:\/\/poesiaerestu.com\/revista\/modo-ser-arbol\/\">MI MODO DE SER \u00c1RBOL<\/a><\/em><\/strong>, \r\n\r\n de <strong>Javier Olalde<\/strong>. \r\n\r\n Ediciones Vitruvio, Colecci\u00f3n \u201cBa\u00f1os del Carmen\u201d, n\u00ba 697. \r\n\r\n 94 p\u00e1ginas. <\/div>\r\n\r\n\r\n\r\n<div class=\"wp-block-column is-layout-flow wp-block-column-is-layout-flow\">\r\n<figure class=\"wp-block-image\"><a href=\"https:\/\/poesiaerestu.com\/revista\/modo-ser-arbol\/\"><img loading=\"lazy\" decoding=\"async\" width=\"629\" height=\"1024\" sizes=\"auto, (max-width: 1024px) 100vw, 1024px\" class=\"wp-image-7407\" src=\"https:\/\/poesiaerestu.com\/revista\/wp-content\/uploads\/2018\/12\/Mimododeserarbol-629x1024.jpg\" alt=\"\" srcset=\"https:\/\/poesiaerestu.com\/revista\/wp-content\/uploads\/2018\/12\/Mimododeserarbol-629x1024.jpg 629w, https:\/\/poesiaerestu.com\/revista\/wp-content\/uploads\/2018\/12\/Mimododeserarbol-184x300.jpg 184w, https:\/\/poesiaerestu.com\/revista\/wp-content\/uploads\/2018\/12\/Mimododeserarbol-600x977.jpg 600w, https:\/\/poesiaerestu.com\/revista\/wp-content\/uploads\/2018\/12\/Mimododeserarbol-768x1251.jpg 768w, https:\/\/poesiaerestu.com\/revista\/wp-content\/uploads\/2018\/12\/Mimododeserarbol-37x60.jpg 37w, https:\/\/poesiaerestu.com\/revista\/wp-content\/uploads\/2018\/12\/Mimododeserarbol.jpg 1024w\" \/><\/a><\/figure>\r\n\r\n\r\n<\/div>\r\n<\/div>\r\n\r\n\r\n\r\n<div class=\"wp-block-columns has-2-columns is-layout-flex wp-container-core-columns-is-layout-9d6595d7 wp-block-columns-is-layout-flex\">\r\n<div class=\"wp-block-column is-layout-flow wp-block-column-is-layout-flow\"> 7.- <strong><em><a href=\"https:\/\/poesiaerestu.com\/revista\/esperando-las-noticias-del-agua\/\">ESPERANDO LAS NOTICIAS DEL AGUA<\/a><\/em><\/strong><a href=\"https:\/\/poesiaerestu.com\/revista\/esperando-las-noticias-del-agua\/\">,<\/a> \r\n\r\n de <strong>Basilio S\u00e1nchez<\/strong>. \r\n\r\n Editorial Pre-Textos, Colecci\u00f3n \u201cLa Cruz del Sur\u201d, n\u00ba 1.514. \r\n\r\n 68 p\u00e1ginas. <\/div>\r\n\r\n\r\n\r\n<div class=\"wp-block-column is-layout-flow wp-block-column-is-layout-flow\">\r\n<figure class=\"wp-block-image\"><a href=\"https:\/\/poesiaerestu.com\/revista\/esperando-las-noticias-del-agua\/\"><img loading=\"lazy\" decoding=\"async\" width=\"368\" height=\"600\" sizes=\"auto, (max-width: 368px) 100vw, 368px\" class=\"wp-image-7452\" src=\"https:\/\/poesiaerestu.com\/revista\/wp-content\/uploads\/2018\/12\/Esperandolasnoticiasdelagua-1.jpg\" alt=\"\" srcset=\"https:\/\/poesiaerestu.com\/revista\/wp-content\/uploads\/2018\/12\/Esperandolasnoticiasdelagua-1.jpg 368w, https:\/\/poesiaerestu.com\/revista\/wp-content\/uploads\/2018\/12\/Esperandolasnoticiasdelagua-1-184x300.jpg 184w\" \/><\/a><\/figure>\r\n\r\n\r\n<\/div>\r\n<\/div>\r\n\r\n\r\n\r\n<div class=\"wp-block-columns has-2-columns is-layout-flex wp-container-core-columns-is-layout-9d6595d7 wp-block-columns-is-layout-flex\">\r\n<div class=\"wp-block-column is-layout-flow wp-block-column-is-layout-flow\"> 8.- <strong><em><a href=\"https:\/\/poesiaerestu.com\/revista\/la-voz-de-los-callados\/\">LA VOZ DE LOS CALLADOS<\/a><\/em><\/strong>, \r\n\r\n de <strong>Mart\u00edn Paredes Aparicio<\/strong>. \r\n\r\n Editorial Poes\u00eda eres t\u00fa. Colecci\u00f3n \u201cPoes\u00eda eres t\u00fa\u201d. \r\n\r\n 80 p\u00e1ginas. <\/div>\r\n\r\n\r\n\r\n<div class=\"wp-block-column is-layout-flow wp-block-column-is-layout-flow\">\r\n<figure class=\"wp-block-image\"><a href=\"https:\/\/poesiaerestu.com\/revista\/la-voz-de-los-callados\/\"><img loading=\"lazy\" decoding=\"async\" width=\"559\" height=\"794\" sizes=\"auto, (max-width: 559px) 100vw, 559px\" class=\"wp-image-7414\" src=\"https:\/\/poesiaerestu.com\/revista\/wp-content\/uploads\/2018\/12\/0PortadaLavozdeloscallados.jpg\" alt=\"La voz de los callados\" srcset=\"https:\/\/poesiaerestu.com\/revista\/wp-content\/uploads\/2018\/12\/0PortadaLavozdeloscallados.jpg 559w, https:\/\/poesiaerestu.com\/revista\/wp-content\/uploads\/2018\/12\/0PortadaLavozdeloscallados-211x300.jpg 211w, https:\/\/poesiaerestu.com\/revista\/wp-content\/uploads\/2018\/12\/0PortadaLavozdeloscallados-42x60.jpg 42w\" \/><\/a><\/figure>\r\n\r\n\r\n<\/div>\r\n<\/div>\r\n\r\n\r\n\r\n<div class=\"wp-block-columns has-2-columns is-layout-flex wp-container-core-columns-is-layout-9d6595d7 wp-block-columns-is-layout-flex\">\r\n<div class=\"wp-block-column is-layout-flow wp-block-column-is-layout-flow\"> 9.- <strong><em><a href=\"https:\/\/poesiaerestu.com\/revista\/concierto-para-violin-cuerpo-roto\/\">CONCIERTO PARA VIOL\u00cdN Y CUERPO ROTO<\/a><\/em><\/strong><a href=\"https:\/\/poesiaerestu.com\/revista\/concierto-para-violin-cuerpo-roto\/\">,<\/a> \r\n\r\n de <strong>Ana Isabel Conejo<\/strong>. \r\n\r\n Ediciones Hiperi\u00f3n, Colecci\u00f3n Poes\u00eda, n\u00ba 735. \r\n\r\n 72 p\u00e1ginas. <\/div>\r\n\r\n\r\n\r\n<div class=\"wp-block-column is-layout-flow wp-block-column-is-layout-flow\">\r\n<figure class=\"wp-block-image\"><a href=\"https:\/\/poesiaerestu.com\/revista\/concierto-para-violin-cuerpo-roto\/\"><img loading=\"lazy\" decoding=\"async\" width=\"699\" height=\"1024\" sizes=\"auto, (max-width: 1024px) 100vw, 1024px\" class=\"wp-image-7419\" src=\"https:\/\/poesiaerestu.com\/revista\/wp-content\/uploads\/2018\/12\/conciertoparaviolinycuerporoto-699x1024.jpg\" alt=\"\" srcset=\"https:\/\/poesiaerestu.com\/revista\/wp-content\/uploads\/2018\/12\/conciertoparaviolinycuerporoto-699x1024.jpg 699w, https:\/\/poesiaerestu.com\/revista\/wp-content\/uploads\/2018\/12\/conciertoparaviolinycuerporoto-205x300.jpg 205w, https:\/\/poesiaerestu.com\/revista\/wp-content\/uploads\/2018\/12\/conciertoparaviolinycuerporoto-600x879.jpg 600w, https:\/\/poesiaerestu.com\/revista\/wp-content\/uploads\/2018\/12\/conciertoparaviolinycuerporoto-768x1126.jpg 768w, https:\/\/poesiaerestu.com\/revista\/wp-content\/uploads\/2018\/12\/conciertoparaviolinycuerporoto-41x60.jpg 41w, https:\/\/poesiaerestu.com\/revista\/wp-content\/uploads\/2018\/12\/conciertoparaviolinycuerporoto.jpg 1024w\" \/><\/a><\/figure>\r\n\r\n\r\n<\/div>\r\n<\/div>\r\n\r\n\r\n\r\n<div class=\"wp-block-columns has-2-columns is-layout-flex wp-container-core-columns-is-layout-9d6595d7 wp-block-columns-is-layout-flex\">\r\n<div class=\"wp-block-column is-layout-flow wp-block-column-is-layout-flow\"> 10.- <strong><em>\u2026<a href=\"https:\/\/poesiaerestu.com\/revista\/ahora-somos-tres\/\">Y AHORA SOMOS TRES<\/a><\/em><\/strong> \r\n\r\n de <strong>Luis Miguel Sanmart\u00edn<\/strong>. \r\n\r\n Editorial Poes\u00eda eres t\u00fa. Colecci\u00f3n \u201cPoes\u00eda eres t\u00fa\u201d. \r\n\r\n 126 p\u00e1ginas. <\/div>\r\n\r\n\r\n\r\n<div class=\"wp-block-column is-layout-flow wp-block-column-is-layout-flow\">\r\n<figure class=\"wp-block-image\"><a href=\"https:\/\/poesiaerestu.com\/revista\/ahora-somos-tres\/\"><img loading=\"lazy\" decoding=\"async\" width=\"212\" height=\"300\" sizes=\"auto, (max-width: 212px) 100vw, 212px\" class=\"wp-image-7424\" src=\"https:\/\/poesiaerestu.com\/revista\/wp-content\/uploads\/2018\/12\/0_PortadaYahorasomostres.jpg\" alt=\"\" srcset=\"https:\/\/poesiaerestu.com\/revista\/wp-content\/uploads\/2018\/12\/0_PortadaYahorasomostres.jpg 212w, https:\/\/poesiaerestu.com\/revista\/wp-content\/uploads\/2018\/12\/0_PortadaYahorasomostres-42x60.jpg 42w\" \/><\/a><\/figure>\r\n\r\n\r\n<\/div>\r\n<\/div>\r\n\r\n\r\n\r\n<div class=\"wp-block-columns has-2-columns is-layout-flex wp-container-core-columns-is-layout-9d6595d7 wp-block-columns-is-layout-flex\">\r\n<div class=\"wp-block-column is-layout-flow wp-block-column-is-layout-flow\"> 11.- <strong><em><a href=\"https:\/\/poesiaerestu.com\/revista\/los-dias-que-queremos\/\">LOS D\u00cdAS QUE NO QUEREMOS<\/a><\/em><\/strong><a href=\"https:\/\/poesiaerestu.com\/revista\/los-dias-que-queremos\/\">,<\/a> \r\n\r\n de <strong>Miguel Roll\u00f3n<\/strong>. \r\n\r\n Valpara\u00edso Ediciones, Colecci\u00f3n de Poes\u00eda, n\u00ba 138. \r\n\r\n 84 p\u00e1ginas. <\/div>\r\n\r\n\r\n\r\n<div class=\"wp-block-column is-layout-flow wp-block-column-is-layout-flow\">\r\n<figure class=\"wp-block-image\"><a href=\"https:\/\/poesiaerestu.com\/revista\/los-dias-que-queremos\/\"><img loading=\"lazy\" decoding=\"async\" width=\"439\" height=\"604\" sizes=\"auto, (max-width: 439px) 100vw, 439px\" class=\"wp-image-7429\" src=\"https:\/\/poesiaerestu.com\/revista\/wp-content\/uploads\/2018\/12\/los-dias-que-no-queremos.jpg\" alt=\"\" srcset=\"https:\/\/poesiaerestu.com\/revista\/wp-content\/uploads\/2018\/12\/los-dias-que-no-queremos.jpg 439w, https:\/\/poesiaerestu.com\/revista\/wp-content\/uploads\/2018\/12\/los-dias-que-no-queremos-218x300.jpg 218w, https:\/\/poesiaerestu.com\/revista\/wp-content\/uploads\/2018\/12\/los-dias-que-no-queremos-44x60.jpg 44w\" \/><\/a><\/figure>\r\n\r\n\r\n<\/div>\r\n<\/div>\r\n\r\n\r\n\r\n<div class=\"wp-block-columns has-2-columns is-layout-flex wp-container-core-columns-is-layout-9d6595d7 wp-block-columns-is-layout-flex\">\r\n<div class=\"wp-block-column\">12.- <strong><em><a href=\"https:\/\/poesiaerestu.com\/revista\/retirada\/\">RETIRADA<\/a><\/em><\/strong>, de <strong>Pureza Canelo<\/strong>. 64 p\u00e1ginas. Editorial Pre-Textos, Colecci\u00f3n Poes\u00eda, n\u00ba 1.521.<\/div>\r\n<div class=\"wp-block-column\">\r\n<figure class=\"wp-block-image\"><a href=\"https:\/\/poesiaerestu.com\/revista\/retirada\/\"><img loading=\"lazy\" decoding=\"async\" width=\"366\" height=\"600\" class=\"wp-image-7435\" src=\"https:\/\/poesiaerestu.com\/revista\/wp-content\/uploads\/2018\/12\/Retirada.jpg\" alt=\"\" srcset=\"https:\/\/poesiaerestu.com\/revista\/wp-content\/uploads\/2018\/12\/Retirada.jpg 366w, https:\/\/poesiaerestu.com\/revista\/wp-content\/uploads\/2018\/12\/Retirada-183x300.jpg 183w, https:\/\/poesiaerestu.com\/revista\/wp-content\/uploads\/2018\/12\/Retirada-37x60.jpg 37w\" sizes=\"auto, (max-width: 366px) 100vw, 366px\" \/><\/a><\/figure>\r\n<\/div>\r\n<\/div>\r\n<p>&nbsp;<\/p>\r\n<p>&nbsp;<\/p>\r\n<div class=\"wp-block-columns has-2-columns\">\r\n<p style=\"text-align: center;\"><a class=\"fasc-button fasc-size-xlarge fasc-type-glossy fasc-rounded-medium\" style=\"background-color: #219919; color: #ffffff;\" href=\"https:\/\/librodepoesia.com\/\">COMPRAR LIBROS<\/a><\/p>\r\n<p>&nbsp;<\/p>\r\n<\/div>","protected":false},"excerpt":{"rendered":"<p>Como todos los a\u00f1os la Asociaci\u00f3n de editores de poes\u00eda (A.E.P.) emite un listado de libros recomendados para su lectura. Son libros que conviene leer porque son una selecci\u00f3n de los editores. Es una ocasi\u00f3n \u00fanica para estar en la actualidad de la poes\u00eda. Adem\u00e1s, este a\u00f1o ha sido el ganador del premio de la&#8230;<\/p>\n","protected":false},"author":1,"featured_media":7440,"comment_status":"closed","ping_status":"closed","sticky":false,"template":"","format":"standard","meta":{"footnotes":"","_links_to":"","_links_to_target":""},"categories":[4,5],"tags":[42],"class_list":["post-7460","post","type-post","status-publish","format-standard","has-post-thumbnail","hentry","category-entrevistas","category-noticias","tag-libro-recomendado-aep-2018"],"yoast_head":"<!-- This site is optimized with the Yoast SEO Premium plugin v24.7 (Yoast SEO v27.5) - https:\/\/yoast.com\/product\/yoast-seo-premium-wordpress\/ -->\n<title>Los 12 mejores libros de poes\u00eda del a\u00f1o 2018<\/title>\n<meta name=\"description\" content=\"Como todos los a\u00f1os la Asociaci\u00f3n de editores de poes\u00eda (A.E.P.) emite un listado de libros recomendados para su lectura. Son libros que conviene leer porque\" \/>\n<meta name=\"robots\" content=\"index, follow, max-snippet:-1, max-image-preview:large, max-video-preview:-1\" \/>\n<link rel=\"canonical\" href=\"https:\/\/poesiaerestu.com\/revista\/los-mejores-libros-poesia-del-ano-2018\/\" \/>\n<meta name=\"twitter:label1\" content=\"Written by\" \/>\n\t<meta name=\"twitter:data1\" content=\"admin\" \/>\n\t<meta name=\"twitter:label2\" content=\"Est. reading time\" \/>\n\t<meta name=\"twitter:data2\" content=\"2 minutes\" \/>\n<script type=\"application\/ld+json\" class=\"yoast-schema-graph\">{\"@context\":\"https:\\\/\\\/schema.org\",\"@graph\":[{\"@type\":\"Article\",\"@id\":\"https:\\\/\\\/poesiaerestu.com\\\/revista\\\/los-mejores-libros-poesia-del-ano-2018\\\/#article\",\"isPartOf\":{\"@id\":\"https:\\\/\\\/poesiaerestu.com\\\/revista\\\/los-mejores-libros-poesia-del-ano-2018\\\/\"},\"author\":{\"name\":\"admin\",\"@id\":\"https:\\\/\\\/poesiaerestu.com\\\/revista\\\/#\\\/schema\\\/person\\\/fcb1a2122be3810bfdd0c071b4b3e9c4\"},\"headline\":\"Los 12 mejores libros de poes\u00eda del a\u00f1o 2018\",\"datePublished\":\"2018-12-30T17:49:50+00:00\",\"dateModified\":\"2018-12-31T19:07:09+00:00\",\"mainEntityOfPage\":{\"@id\":\"https:\\\/\\\/poesiaerestu.com\\\/revista\\\/los-mejores-libros-poesia-del-ano-2018\\\/\"},\"wordCount\":364,\"image\":{\"@id\":\"https:\\\/\\\/poesiaerestu.com\\\/revista\\\/los-mejores-libros-poesia-del-ano-2018\\\/#primaryimage\"},\"thumbnailUrl\":\"https:\\\/\\\/poesiaerestu.com\\\/revista\\\/wp-content\\\/uploads\\\/2018\\\/12\\\/Libreosrecomedado2018_RevistaPoes\u00edaerest\u00fa-scaled.jpg\",\"keywords\":[\"Libro recomendado AEP 2018\"],\"articleSection\":[\"Entrevistas\",\"Noticias\"],\"inLanguage\":\"en-US\",\"copyrightYear\":\"2018\",\"copyrightHolder\":{\"@id\":\"https:\\\/\\\/poesiaerestu.com\\\/revista\\\/#organization\"}},{\"@type\":\"WebPage\",\"@id\":\"https:\\\/\\\/poesiaerestu.com\\\/revista\\\/los-mejores-libros-poesia-del-ano-2018\\\/\",\"url\":\"https:\\\/\\\/poesiaerestu.com\\\/revista\\\/los-mejores-libros-poesia-del-ano-2018\\\/\",\"name\":\"Los 12 mejores libros de poes\u00eda del a\u00f1o 2018\",\"isPartOf\":{\"@id\":\"https:\\\/\\\/poesiaerestu.com\\\/revista\\\/#website\"},\"primaryImageOfPage\":{\"@id\":\"https:\\\/\\\/poesiaerestu.com\\\/revista\\\/los-mejores-libros-poesia-del-ano-2018\\\/#primaryimage\"},\"image\":{\"@id\":\"https:\\\/\\\/poesiaerestu.com\\\/revista\\\/los-mejores-libros-poesia-del-ano-2018\\\/#primaryimage\"},\"thumbnailUrl\":\"https:\\\/\\\/poesiaerestu.com\\\/revista\\\/wp-content\\\/uploads\\\/2018\\\/12\\\/Libreosrecomedado2018_RevistaPoes\u00edaerest\u00fa-scaled.jpg\",\"datePublished\":\"2018-12-30T17:49:50+00:00\",\"dateModified\":\"2018-12-31T19:07:09+00:00\",\"author\":{\"@id\":\"https:\\\/\\\/poesiaerestu.com\\\/revista\\\/#\\\/schema\\\/person\\\/fcb1a2122be3810bfdd0c071b4b3e9c4\"},\"description\":\"Como todos los a\u00f1os la Asociaci\u00f3n de editores de poes\u00eda (A.E.P.) emite un listado de libros recomendados para su lectura. Son libros que conviene leer porque\",\"breadcrumb\":{\"@id\":\"https:\\\/\\\/poesiaerestu.com\\\/revista\\\/los-mejores-libros-poesia-del-ano-2018\\\/#breadcrumb\"},\"inLanguage\":\"en-US\",\"potentialAction\":[{\"@type\":\"ReadAction\",\"target\":[\"https:\\\/\\\/poesiaerestu.com\\\/revista\\\/los-mejores-libros-poesia-del-ano-2018\\\/\"]}]},{\"@type\":\"ImageObject\",\"inLanguage\":\"en-US\",\"@id\":\"https:\\\/\\\/poesiaerestu.com\\\/revista\\\/los-mejores-libros-poesia-del-ano-2018\\\/#primaryimage\",\"url\":\"https:\\\/\\\/poesiaerestu.com\\\/revista\\\/wp-content\\\/uploads\\\/2018\\\/12\\\/Libreosrecomedado2018_RevistaPoes\u00edaerest\u00fa-scaled.jpg\",\"contentUrl\":\"https:\\\/\\\/poesiaerestu.com\\\/revista\\\/wp-content\\\/uploads\\\/2018\\\/12\\\/Libreosrecomedado2018_RevistaPoes\u00edaerest\u00fa-scaled.jpg\",\"width\":1438,\"height\":1024},{\"@type\":\"BreadcrumbList\",\"@id\":\"https:\\\/\\\/poesiaerestu.com\\\/revista\\\/los-mejores-libros-poesia-del-ano-2018\\\/#breadcrumb\",\"itemListElement\":[{\"@type\":\"ListItem\",\"position\":1,\"name\":\"Home\",\"item\":\"https:\\\/\\\/poesiaerestu.com\\\/revista\\\/\"},{\"@type\":\"ListItem\",\"position\":2,\"name\":\"Los 12 mejores libros de poes\u00eda del a\u00f1o 2018\"}]},{\"@type\":\"WebSite\",\"@id\":\"https:\\\/\\\/poesiaerestu.com\\\/revista\\\/#website\",\"url\":\"https:\\\/\\\/poesiaerestu.com\\\/revista\\\/\",\"name\":\"Poes\u00ed\u00ada eres t\u00fa (revista)\",\"description\":\"Revista de poes\u00eda y literatura\",\"potentialAction\":[{\"@type\":\"SearchAction\",\"target\":{\"@type\":\"EntryPoint\",\"urlTemplate\":\"https:\\\/\\\/poesiaerestu.com\\\/revista\\\/?s={search_term_string}\"},\"query-input\":{\"@type\":\"PropertyValueSpecification\",\"valueRequired\":true,\"valueName\":\"search_term_string\"}}],\"inLanguage\":\"en-US\"},{\"@type\":\"Person\",\"@id\":\"https:\\\/\\\/poesiaerestu.com\\\/revista\\\/#\\\/schema\\\/person\\\/fcb1a2122be3810bfdd0c071b4b3e9c4\",\"name\":\"admin\",\"image\":{\"@type\":\"ImageObject\",\"inLanguage\":\"en-US\",\"@id\":\"https:\\\/\\\/secure.gravatar.com\\\/avatar\\\/1cb55a5bd8d6824519e46b552e84b03575857cc9c4d6333824d2f95d82129f50?s=96&d=mm&r=g\",\"url\":\"https:\\\/\\\/secure.gravatar.com\\\/avatar\\\/1cb55a5bd8d6824519e46b552e84b03575857cc9c4d6333824d2f95d82129f50?s=96&d=mm&r=g\",\"contentUrl\":\"https:\\\/\\\/secure.gravatar.com\\\/avatar\\\/1cb55a5bd8d6824519e46b552e84b03575857cc9c4d6333824d2f95d82129f50?s=96&d=mm&r=g\",\"caption\":\"admin\"},\"url\":\"https:\\\/\\\/poesiaerestu.com\\\/revista\\\/author\\\/admin\\\/\"}]}<\/script>\n<!-- \/ Yoast SEO Premium plugin. -->","yoast_head_json":{"title":"Los 12 mejores libros de poes\u00eda del a\u00f1o 2018","description":"Como todos los a\u00f1os la Asociaci\u00f3n de editores de poes\u00eda (A.E.P.) emite un listado de libros recomendados para su lectura. Son libros que conviene leer porque","robots":{"index":"index","follow":"follow","max-snippet":"max-snippet:-1","max-image-preview":"max-image-preview:large","max-video-preview":"max-video-preview:-1"},"canonical":"https:\/\/poesiaerestu.com\/revista\/los-mejores-libros-poesia-del-ano-2018\/","twitter_misc":{"Written by":"admin","Est. reading time":"2 minutes"},"schema":{"@context":"https:\/\/schema.org","@graph":[{"@type":"Article","@id":"https:\/\/poesiaerestu.com\/revista\/los-mejores-libros-poesia-del-ano-2018\/#article","isPartOf":{"@id":"https:\/\/poesiaerestu.com\/revista\/los-mejores-libros-poesia-del-ano-2018\/"},"author":{"name":"admin","@id":"https:\/\/poesiaerestu.com\/revista\/#\/schema\/person\/fcb1a2122be3810bfdd0c071b4b3e9c4"},"headline":"Los 12 mejores libros de poes\u00eda del a\u00f1o 2018","datePublished":"2018-12-30T17:49:50+00:00","dateModified":"2018-12-31T19:07:09+00:00","mainEntityOfPage":{"@id":"https:\/\/poesiaerestu.com\/revista\/los-mejores-libros-poesia-del-ano-2018\/"},"wordCount":364,"image":{"@id":"https:\/\/poesiaerestu.com\/revista\/los-mejores-libros-poesia-del-ano-2018\/#primaryimage"},"thumbnailUrl":"https:\/\/poesiaerestu.com\/revista\/wp-content\/uploads\/2018\/12\/Libreosrecomedado2018_RevistaPoes\u00edaerest\u00fa-scaled.jpg","keywords":["Libro recomendado AEP 2018"],"articleSection":["Entrevistas","Noticias"],"inLanguage":"en-US","copyrightYear":"2018","copyrightHolder":{"@id":"https:\/\/poesiaerestu.com\/revista\/#organization"}},{"@type":"WebPage","@id":"https:\/\/poesiaerestu.com\/revista\/los-mejores-libros-poesia-del-ano-2018\/","url":"https:\/\/poesiaerestu.com\/revista\/los-mejores-libros-poesia-del-ano-2018\/","name":"Los 12 mejores libros de poes\u00eda del a\u00f1o 2018","isPartOf":{"@id":"https:\/\/poesiaerestu.com\/revista\/#website"},"primaryImageOfPage":{"@id":"https:\/\/poesiaerestu.com\/revista\/los-mejores-libros-poesia-del-ano-2018\/#primaryimage"},"image":{"@id":"https:\/\/poesiaerestu.com\/revista\/los-mejores-libros-poesia-del-ano-2018\/#primaryimage"},"thumbnailUrl":"https:\/\/poesiaerestu.com\/revista\/wp-content\/uploads\/2018\/12\/Libreosrecomedado2018_RevistaPoes\u00edaerest\u00fa-scaled.jpg","datePublished":"2018-12-30T17:49:50+00:00","dateModified":"2018-12-31T19:07:09+00:00","author":{"@id":"https:\/\/poesiaerestu.com\/revista\/#\/schema\/person\/fcb1a2122be3810bfdd0c071b4b3e9c4"},"description":"Como todos los a\u00f1os la Asociaci\u00f3n de editores de poes\u00eda (A.E.P.) emite un listado de libros recomendados para su lectura. Son libros que conviene leer porque","breadcrumb":{"@id":"https:\/\/poesiaerestu.com\/revista\/los-mejores-libros-poesia-del-ano-2018\/#breadcrumb"},"inLanguage":"en-US","potentialAction":[{"@type":"ReadAction","target":["https:\/\/poesiaerestu.com\/revista\/los-mejores-libros-poesia-del-ano-2018\/"]}]},{"@type":"ImageObject","inLanguage":"en-US","@id":"https:\/\/poesiaerestu.com\/revista\/los-mejores-libros-poesia-del-ano-2018\/#primaryimage","url":"https:\/\/poesiaerestu.com\/revista\/wp-content\/uploads\/2018\/12\/Libreosrecomedado2018_RevistaPoes\u00edaerest\u00fa-scaled.jpg","contentUrl":"https:\/\/poesiaerestu.com\/revista\/wp-content\/uploads\/2018\/12\/Libreosrecomedado2018_RevistaPoes\u00edaerest\u00fa-scaled.jpg","width":1438,"height":1024},{"@type":"BreadcrumbList","@id":"https:\/\/poesiaerestu.com\/revista\/los-mejores-libros-poesia-del-ano-2018\/#breadcrumb","itemListElement":[{"@type":"ListItem","position":1,"name":"Home","item":"https:\/\/poesiaerestu.com\/revista\/"},{"@type":"ListItem","position":2,"name":"Los 12 mejores libros de poes\u00eda del a\u00f1o 2018"}]},{"@type":"WebSite","@id":"https:\/\/poesiaerestu.com\/revista\/#website","url":"https:\/\/poesiaerestu.com\/revista\/","name":"Poes\u00ed\u00ada eres t\u00fa (revista)","description":"Revista de poes\u00eda y literatura","potentialAction":[{"@type":"SearchAction","target":{"@type":"EntryPoint","urlTemplate":"https:\/\/poesiaerestu.com\/revista\/?s={search_term_string}"},"query-input":{"@type":"PropertyValueSpecification","valueRequired":true,"valueName":"search_term_string"}}],"inLanguage":"en-US"},{"@type":"Person","@id":"https:\/\/poesiaerestu.com\/revista\/#\/schema\/person\/fcb1a2122be3810bfdd0c071b4b3e9c4","name":"admin","image":{"@type":"ImageObject","inLanguage":"en-US","@id":"https:\/\/secure.gravatar.com\/avatar\/1cb55a5bd8d6824519e46b552e84b03575857cc9c4d6333824d2f95d82129f50?s=96&d=mm&r=g","url":"https:\/\/secure.gravatar.com\/avatar\/1cb55a5bd8d6824519e46b552e84b03575857cc9c4d6333824d2f95d82129f50?s=96&d=mm&r=g","contentUrl":"https:\/\/secure.gravatar.com\/avatar\/1cb55a5bd8d6824519e46b552e84b03575857cc9c4d6333824d2f95d82129f50?s=96&d=mm&r=g","caption":"admin"},"url":"https:\/\/poesiaerestu.com\/revista\/author\/admin\/"}]}},"_links":{"self":[{"href":"https:\/\/poesiaerestu.com\/revista\/wp-json\/wp\/v2\/posts\/7460","targetHints":{"allow":["GET"]}}],"collection":[{"href":"https:\/\/poesiaerestu.com\/revista\/wp-json\/wp\/v2\/posts"}],"about":[{"href":"https:\/\/poesiaerestu.com\/revista\/wp-json\/wp\/v2\/types\/post"}],"author":[{"embeddable":true,"href":"https:\/\/poesiaerestu.com\/revista\/wp-json\/wp\/v2\/users\/1"}],"replies":[{"embeddable":true,"href":"https:\/\/poesiaerestu.com\/revista\/wp-json\/wp\/v2\/comments?post=7460"}],"version-history":[{"count":0,"href":"https:\/\/poesiaerestu.com\/revista\/wp-json\/wp\/v2\/posts\/7460\/revisions"}],"wp:featuredmedia":[{"embeddable":true,"href":"https:\/\/poesiaerestu.com\/revista\/wp-json\/wp\/v2\/media\/7440"}],"wp:attachment":[{"href":"https:\/\/poesiaerestu.com\/revista\/wp-json\/wp\/v2\/media?parent=7460"}],"wp:term":[{"taxonomy":"category","embeddable":true,"href":"https:\/\/poesiaerestu.com\/revista\/wp-json\/wp\/v2\/categories?post=7460"},{"taxonomy":"post_tag","embeddable":true,"href":"https:\/\/poesiaerestu.com\/revista\/wp-json\/wp\/v2\/tags?post=7460"}],"curies":[{"name":"wp","href":"https:\/\/api.w.org\/{rel}","templated":true}]}}