{"id":7428,"date":"2018-12-30T12:27:31","date_gmt":"2018-12-30T11:27:31","guid":{"rendered":"https:\/\/poesiaerestu.com\/revista\/?p=7428"},"modified":"2018-12-30T12:29:05","modified_gmt":"2018-12-30T11:29:05","slug":"los-dias-que-queremos","status":"publish","type":"post","link":"https:\/\/poesiaerestu.com\/revista\/los-dias-que-queremos\/","title":{"rendered":"LOS D\u00cdAS QUE NO QUEREMOS"},"content":{"rendered":"<p><strong><em><a href=\"https:\/\/poesiaerestu.com\/revista\/los-dias-que-queremos\/los-dias-que-no-queremos\/\" rel=\"attachment wp-att-7429\"><img loading=\"lazy\" decoding=\"async\" class=\"size-medium wp-image-7429 alignleft\" src=\"https:\/\/spcdn.shortpixel.ai\/spio\/ret_img,q_cdnize,to_auto,s_webp:avif\/poesiaerestu.com\/revista\/wp-content\/uploads\/2018\/12\/los-dias-que-no-queremos-218x300.jpg\" alt=\"\" width=\"218\" height=\"300\" srcset=\"https:\/\/spcdn.shortpixel.ai\/spio\/ret_img,q_cdnize,to_auto,s_webp:avif\/poesiaerestu.com\/revista\/wp-content\/uploads\/2018\/12\/los-dias-que-no-queremos-218x300.jpg 218w, https:\/\/spcdn.shortpixel.ai\/spio\/ret_img,q_cdnize,to_auto,s_webp:avif\/poesiaerestu.com\/revista\/wp-content\/uploads\/2018\/12\/los-dias-que-no-queremos-44x60.jpg 44w, https:\/\/spcdn.shortpixel.ai\/spio\/ret_img,q_cdnize,to_auto,s_webp:avif\/poesiaerestu.com\/revista\/wp-content\/uploads\/2018\/12\/los-dias-que-no-queremos.jpg 439w\" sizes=\"auto, (max-width: 218px) 100vw, 218px\" \/><\/a>LOS D\u00cdAS QUE NO QUEREMOS<\/em><\/strong>,<a href=\"https:\/\/poesiaerestu.com\/revista\/museo-clase-obrera\/librorecomendado-1\/\" rel=\"attachment wp-att-7389\"><img loading=\"lazy\" decoding=\"async\" class=\"size-medium wp-image-7389 alignright\" src=\"https:\/\/spcdn.shortpixel.ai\/spio\/ret_img,q_cdnize,to_auto,s_webp:avif\/poesiaerestu.com\/revista\/wp-content\/uploads\/2018\/12\/Librorecomendado-1-300x278.jpg\" alt=\"\" width=\"300\" height=\"278\" srcset=\"https:\/\/spcdn.shortpixel.ai\/spio\/ret_img,q_cdnize,to_auto,s_webp:avif\/poesiaerestu.com\/revista\/wp-content\/uploads\/2018\/12\/Librorecomendado-1-300x278.jpg 300w, https:\/\/spcdn.shortpixel.ai\/spio\/ret_img,q_cdnize,to_auto,s_webp:avif\/poesiaerestu.com\/revista\/wp-content\/uploads\/2018\/12\/Librorecomendado-1.jpg 317w\" sizes=\"auto, (max-width: 300px) 100vw, 300px\" \/><\/a><\/p>\n<p>de <strong>Miguel Roll\u00f3n<\/strong>.<\/p>\n<p>Valpara\u00edso Ediciones, Colecci\u00f3n de Poes\u00eda, n\u00ba 138.<\/p>\n<p>84 p\u00e1ginas.<\/p>\n<p><a class=\"fasc-button fasc-size-xlarge fasc-type-glossy fasc-rounded-medium\" style=\"background-color: #219919; color: #ffffff;\" href=\"https:\/\/librodepoesia.com\/producto\/los-dias-que-no-queremos-miguel-rollon\/\">COMPRAR LIBRO DE POES\u00cdA<\/a><\/p>\n<p><em>Los d\u00edas que no queremos<\/em> es la esperada \u00f3pera prima de Miguel Roll\u00f3n (Navatalgordo, \u00c1vila, 1963), abogado y funcionario de la administraci\u00f3n local, pero sobre todo una presencia conocida y reconocida en el \u00e1mbito de la gesti\u00f3n y dinamizaci\u00f3n cultural madrile\u00f1a. Tambi\u00e9n actor y autor de canciones de g\u00e9nero \u201cpop-rock\u201d para grupos espa\u00f1oles y alemanes, la aparici\u00f3n de su primer libro \u2013en la colecci\u00f3n de poes\u00eda del granadino sello Valpara\u00edso- supone la feliz decantaci\u00f3n de una serie de intuiciones art\u00edsticas; logrado fruto que, haciendo gala de un fuerte sentido generacional, no vacila en repasar algunos temas universales como la conciencia del paso del tiempo, la p\u00e9rdida, la muerte o el amor.<\/p>\n<p>&nbsp;<\/p>\n<p>\u201cQuiz\u00e1s soy una puerta \/ que no se debe abrir\u201d, confiesa el sujeto po\u00e9tico de <em>Los d\u00edas que no queremos<\/em>. Pero ni la ansiedad \u2013\u201cdolor que nada sabe de palabras\u201d- ni la melancol\u00eda \u2013a la que, \u201cde noche\u201d, \u201cda miedo llamar (\u2026)\u201d- disuade a esta voz l\u00edrica de cumplirse en su sino: \u201cNo entiendo la vida \/ sin pararme, detenerme\u201d. Detenerse, por supuesto y a fin de cuentas, en la clarividencia posible de lo verbal, sabiendo que \u201cescribir es aprender a perder\u201d, y m\u00e1s todav\u00eda que \u201ccada palabra significa \/ un pacto de verdad, \/ una apuesta sagrada \/ por no mentirle al mundo\u201d. Para no mentir, pues, Miguel Roll\u00f3n construye un poemario profundamente emocional, lo que no excluye la gran precisi\u00f3n, en su brevedad, de textos como \u201cBando municipal\u201d o \u201cImagin\u00e9\u201d. \u201cMadre\u201d o \u201cMujeres\u201d aportan una conmovedora exploraci\u00f3n del universo femenino, mientras que el sentimiento amoroso aflora aqu\u00ed o all\u00e1 deparando momentos tan inspirados como \u201c\u00bfQu\u00e9 estamos haciendo aqu\u00ed?\u201d, donde se canta su posibilidad dolorosa al no ser correspondido. Y cabe subrayar nuevamente la expl\u00edcita conciencia generacional de la que el sujeto po\u00e9tico nos hace part\u00edcipes, no s\u00f3lo en lo que se refiere a \u201cla d\u00e9cada de la transgresi\u00f3n\u201d, al fresco de los a\u00f1os 80 propuesto sin ambages \u2013\u201cMi generaci\u00f3n fue la de una pandilla \/ de chicos de asfalto\u201d-, sino tambi\u00e9n al \u00e9xodo, el desarraigo y la derrota, con un homenaje final a los emigrantes espa\u00f1oles de posguerra desde la perspectiva de sus hijos, de los ni\u00f1os de entonces.<\/p>\n<p style=\"text-align: center;\"><a class=\"fasc-button fasc-size-xlarge fasc-type-glossy fasc-rounded-medium\" style=\"background-color: #219919; color: #ffffff;\" href=\"https:\/\/librodepoesia.com\/producto\/los-dias-que-no-queremos-miguel-rollon\/\">COMPRAR LIBRO DE POES\u00cdA<\/a><\/p>\n","protected":false},"excerpt":{"rendered":"<p>LOS D\u00cdAS QUE NO QUEREMOS, de Miguel Roll\u00f3n. Valpara\u00edso Ediciones, Colecci\u00f3n de Poes\u00eda, n\u00ba 138. 84 p\u00e1ginas. COMPRAR LIBRO DE POES\u00cdA Los d\u00edas que no queremos es la esperada \u00f3pera prima de Miguel Roll\u00f3n (Navatalgordo, \u00c1vila, 1963), abogado y funcionario de la administraci\u00f3n local, pero sobre todo una presencia conocida y reconocida en el \u00e1mbito&#8230;<\/p>\n","protected":false},"author":1,"featured_media":7429,"comment_status":"closed","ping_status":"closed","sticky":false,"template":"","format":"standard","meta":{"footnotes":"","_links_to":"","_links_to_target":""},"categories":[41],"tags":[42],"class_list":["post-7428","post","type-post","status-publish","format-standard","has-post-thumbnail","hentry","category-resenas","tag-libro-recomendado-aep-2018"],"yoast_head":"<!-- This site is optimized with the Yoast SEO Premium plugin v24.7 (Yoast SEO v27.5) - https:\/\/yoast.com\/product\/yoast-seo-premium-wordpress\/ -->\n<title>LOS D\u00cdAS QUE NO QUEREMOS<\/title>\n<meta name=\"description\" content=\"LOS D\u00cdAS QUE NO QUEREMOS,\" \/>\n<meta name=\"robots\" content=\"index, follow, max-snippet:-1, max-image-preview:large, max-video-preview:-1\" \/>\n<link rel=\"canonical\" href=\"https:\/\/poesiaerestu.com\/revista\/los-dias-que-queremos\/\" \/>\n<meta name=\"twitter:label1\" content=\"Written by\" \/>\n\t<meta name=\"twitter:data1\" content=\"admin\" \/>\n\t<meta name=\"twitter:label2\" content=\"Est. reading time\" \/>\n\t<meta name=\"twitter:data2\" content=\"2 minutes\" \/>\n<script type=\"application\/ld+json\" class=\"yoast-schema-graph\">{\"@context\":\"https:\\\/\\\/schema.org\",\"@graph\":[{\"@type\":\"Article\",\"@id\":\"https:\\\/\\\/poesiaerestu.com\\\/revista\\\/los-dias-que-queremos\\\/#article\",\"isPartOf\":{\"@id\":\"https:\\\/\\\/poesiaerestu.com\\\/revista\\\/los-dias-que-queremos\\\/\"},\"author\":{\"name\":\"admin\",\"@id\":\"https:\\\/\\\/poesiaerestu.com\\\/revista\\\/#\\\/schema\\\/person\\\/fcb1a2122be3810bfdd0c071b4b3e9c4\"},\"headline\":\"LOS D\u00cdAS QUE NO QUEREMOS\",\"datePublished\":\"2018-12-30T11:27:31+00:00\",\"dateModified\":\"2018-12-30T11:29:05+00:00\",\"mainEntityOfPage\":{\"@id\":\"https:\\\/\\\/poesiaerestu.com\\\/revista\\\/los-dias-que-queremos\\\/\"},\"wordCount\":431,\"image\":{\"@id\":\"https:\\\/\\\/poesiaerestu.com\\\/revista\\\/los-dias-que-queremos\\\/#primaryimage\"},\"thumbnailUrl\":\"https:\\\/\\\/poesiaerestu.com\\\/revista\\\/wp-content\\\/uploads\\\/2018\\\/12\\\/los-dias-que-no-queremos.jpg\",\"keywords\":[\"Libro recomendado AEP 2018\"],\"articleSection\":[\"Rese\u00f1as\"],\"inLanguage\":\"en-US\",\"copyrightYear\":\"2018\",\"copyrightHolder\":{\"@id\":\"https:\\\/\\\/poesiaerestu.com\\\/revista\\\/#organization\"}},{\"@type\":\"WebPage\",\"@id\":\"https:\\\/\\\/poesiaerestu.com\\\/revista\\\/los-dias-que-queremos\\\/\",\"url\":\"https:\\\/\\\/poesiaerestu.com\\\/revista\\\/los-dias-que-queremos\\\/\",\"name\":\"LOS D\u00cdAS QUE NO QUEREMOS\",\"isPartOf\":{\"@id\":\"https:\\\/\\\/poesiaerestu.com\\\/revista\\\/#website\"},\"primaryImageOfPage\":{\"@id\":\"https:\\\/\\\/poesiaerestu.com\\\/revista\\\/los-dias-que-queremos\\\/#primaryimage\"},\"image\":{\"@id\":\"https:\\\/\\\/poesiaerestu.com\\\/revista\\\/los-dias-que-queremos\\\/#primaryimage\"},\"thumbnailUrl\":\"https:\\\/\\\/poesiaerestu.com\\\/revista\\\/wp-content\\\/uploads\\\/2018\\\/12\\\/los-dias-que-no-queremos.jpg\",\"datePublished\":\"2018-12-30T11:27:31+00:00\",\"dateModified\":\"2018-12-30T11:29:05+00:00\",\"author\":{\"@id\":\"https:\\\/\\\/poesiaerestu.com\\\/revista\\\/#\\\/schema\\\/person\\\/fcb1a2122be3810bfdd0c071b4b3e9c4\"},\"description\":\"LOS D\u00cdAS QUE NO QUEREMOS,\",\"breadcrumb\":{\"@id\":\"https:\\\/\\\/poesiaerestu.com\\\/revista\\\/los-dias-que-queremos\\\/#breadcrumb\"},\"inLanguage\":\"en-US\",\"potentialAction\":[{\"@type\":\"ReadAction\",\"target\":[\"https:\\\/\\\/poesiaerestu.com\\\/revista\\\/los-dias-que-queremos\\\/\"]}]},{\"@type\":\"ImageObject\",\"inLanguage\":\"en-US\",\"@id\":\"https:\\\/\\\/poesiaerestu.com\\\/revista\\\/los-dias-que-queremos\\\/#primaryimage\",\"url\":\"https:\\\/\\\/poesiaerestu.com\\\/revista\\\/wp-content\\\/uploads\\\/2018\\\/12\\\/los-dias-que-no-queremos.jpg\",\"contentUrl\":\"https:\\\/\\\/poesiaerestu.com\\\/revista\\\/wp-content\\\/uploads\\\/2018\\\/12\\\/los-dias-que-no-queremos.jpg\",\"width\":439,\"height\":604},{\"@type\":\"BreadcrumbList\",\"@id\":\"https:\\\/\\\/poesiaerestu.com\\\/revista\\\/los-dias-que-queremos\\\/#breadcrumb\",\"itemListElement\":[{\"@type\":\"ListItem\",\"position\":1,\"name\":\"Home\",\"item\":\"https:\\\/\\\/poesiaerestu.com\\\/revista\\\/\"},{\"@type\":\"ListItem\",\"position\":2,\"name\":\"LOS D\u00cdAS QUE NO QUEREMOS\"}]},{\"@type\":\"WebSite\",\"@id\":\"https:\\\/\\\/poesiaerestu.com\\\/revista\\\/#website\",\"url\":\"https:\\\/\\\/poesiaerestu.com\\\/revista\\\/\",\"name\":\"Poes\u00ed\u00ada eres t\u00fa (revista)\",\"description\":\"Revista de poes\u00eda y literatura\",\"potentialAction\":[{\"@type\":\"SearchAction\",\"target\":{\"@type\":\"EntryPoint\",\"urlTemplate\":\"https:\\\/\\\/poesiaerestu.com\\\/revista\\\/?s={search_term_string}\"},\"query-input\":{\"@type\":\"PropertyValueSpecification\",\"valueRequired\":true,\"valueName\":\"search_term_string\"}}],\"inLanguage\":\"en-US\"},{\"@type\":\"Person\",\"@id\":\"https:\\\/\\\/poesiaerestu.com\\\/revista\\\/#\\\/schema\\\/person\\\/fcb1a2122be3810bfdd0c071b4b3e9c4\",\"name\":\"admin\",\"image\":{\"@type\":\"ImageObject\",\"inLanguage\":\"en-US\",\"@id\":\"https:\\\/\\\/secure.gravatar.com\\\/avatar\\\/1cb55a5bd8d6824519e46b552e84b03575857cc9c4d6333824d2f95d82129f50?s=96&d=mm&r=g\",\"url\":\"https:\\\/\\\/secure.gravatar.com\\\/avatar\\\/1cb55a5bd8d6824519e46b552e84b03575857cc9c4d6333824d2f95d82129f50?s=96&d=mm&r=g\",\"contentUrl\":\"https:\\\/\\\/secure.gravatar.com\\\/avatar\\\/1cb55a5bd8d6824519e46b552e84b03575857cc9c4d6333824d2f95d82129f50?s=96&d=mm&r=g\",\"caption\":\"admin\"},\"url\":\"https:\\\/\\\/poesiaerestu.com\\\/revista\\\/author\\\/admin\\\/\"}]}<\/script>\n<!-- \/ Yoast SEO Premium plugin. -->","yoast_head_json":{"title":"LOS D\u00cdAS QUE NO QUEREMOS","description":"LOS D\u00cdAS QUE NO QUEREMOS,","robots":{"index":"index","follow":"follow","max-snippet":"max-snippet:-1","max-image-preview":"max-image-preview:large","max-video-preview":"max-video-preview:-1"},"canonical":"https:\/\/poesiaerestu.com\/revista\/los-dias-que-queremos\/","twitter_misc":{"Written by":"admin","Est. reading time":"2 minutes"},"schema":{"@context":"https:\/\/schema.org","@graph":[{"@type":"Article","@id":"https:\/\/poesiaerestu.com\/revista\/los-dias-que-queremos\/#article","isPartOf":{"@id":"https:\/\/poesiaerestu.com\/revista\/los-dias-que-queremos\/"},"author":{"name":"admin","@id":"https:\/\/poesiaerestu.com\/revista\/#\/schema\/person\/fcb1a2122be3810bfdd0c071b4b3e9c4"},"headline":"LOS D\u00cdAS QUE NO QUEREMOS","datePublished":"2018-12-30T11:27:31+00:00","dateModified":"2018-12-30T11:29:05+00:00","mainEntityOfPage":{"@id":"https:\/\/poesiaerestu.com\/revista\/los-dias-que-queremos\/"},"wordCount":431,"image":{"@id":"https:\/\/poesiaerestu.com\/revista\/los-dias-que-queremos\/#primaryimage"},"thumbnailUrl":"https:\/\/poesiaerestu.com\/revista\/wp-content\/uploads\/2018\/12\/los-dias-que-no-queremos.jpg","keywords":["Libro recomendado AEP 2018"],"articleSection":["Rese\u00f1as"],"inLanguage":"en-US","copyrightYear":"2018","copyrightHolder":{"@id":"https:\/\/poesiaerestu.com\/revista\/#organization"}},{"@type":"WebPage","@id":"https:\/\/poesiaerestu.com\/revista\/los-dias-que-queremos\/","url":"https:\/\/poesiaerestu.com\/revista\/los-dias-que-queremos\/","name":"LOS D\u00cdAS QUE NO QUEREMOS","isPartOf":{"@id":"https:\/\/poesiaerestu.com\/revista\/#website"},"primaryImageOfPage":{"@id":"https:\/\/poesiaerestu.com\/revista\/los-dias-que-queremos\/#primaryimage"},"image":{"@id":"https:\/\/poesiaerestu.com\/revista\/los-dias-que-queremos\/#primaryimage"},"thumbnailUrl":"https:\/\/poesiaerestu.com\/revista\/wp-content\/uploads\/2018\/12\/los-dias-que-no-queremos.jpg","datePublished":"2018-12-30T11:27:31+00:00","dateModified":"2018-12-30T11:29:05+00:00","author":{"@id":"https:\/\/poesiaerestu.com\/revista\/#\/schema\/person\/fcb1a2122be3810bfdd0c071b4b3e9c4"},"description":"LOS D\u00cdAS QUE NO QUEREMOS,","breadcrumb":{"@id":"https:\/\/poesiaerestu.com\/revista\/los-dias-que-queremos\/#breadcrumb"},"inLanguage":"en-US","potentialAction":[{"@type":"ReadAction","target":["https:\/\/poesiaerestu.com\/revista\/los-dias-que-queremos\/"]}]},{"@type":"ImageObject","inLanguage":"en-US","@id":"https:\/\/poesiaerestu.com\/revista\/los-dias-que-queremos\/#primaryimage","url":"https:\/\/poesiaerestu.com\/revista\/wp-content\/uploads\/2018\/12\/los-dias-que-no-queremos.jpg","contentUrl":"https:\/\/poesiaerestu.com\/revista\/wp-content\/uploads\/2018\/12\/los-dias-que-no-queremos.jpg","width":439,"height":604},{"@type":"BreadcrumbList","@id":"https:\/\/poesiaerestu.com\/revista\/los-dias-que-queremos\/#breadcrumb","itemListElement":[{"@type":"ListItem","position":1,"name":"Home","item":"https:\/\/poesiaerestu.com\/revista\/"},{"@type":"ListItem","position":2,"name":"LOS D\u00cdAS QUE NO QUEREMOS"}]},{"@type":"WebSite","@id":"https:\/\/poesiaerestu.com\/revista\/#website","url":"https:\/\/poesiaerestu.com\/revista\/","name":"Poes\u00ed\u00ada eres t\u00fa (revista)","description":"Revista de poes\u00eda y literatura","potentialAction":[{"@type":"SearchAction","target":{"@type":"EntryPoint","urlTemplate":"https:\/\/poesiaerestu.com\/revista\/?s={search_term_string}"},"query-input":{"@type":"PropertyValueSpecification","valueRequired":true,"valueName":"search_term_string"}}],"inLanguage":"en-US"},{"@type":"Person","@id":"https:\/\/poesiaerestu.com\/revista\/#\/schema\/person\/fcb1a2122be3810bfdd0c071b4b3e9c4","name":"admin","image":{"@type":"ImageObject","inLanguage":"en-US","@id":"https:\/\/secure.gravatar.com\/avatar\/1cb55a5bd8d6824519e46b552e84b03575857cc9c4d6333824d2f95d82129f50?s=96&d=mm&r=g","url":"https:\/\/secure.gravatar.com\/avatar\/1cb55a5bd8d6824519e46b552e84b03575857cc9c4d6333824d2f95d82129f50?s=96&d=mm&r=g","contentUrl":"https:\/\/secure.gravatar.com\/avatar\/1cb55a5bd8d6824519e46b552e84b03575857cc9c4d6333824d2f95d82129f50?s=96&d=mm&r=g","caption":"admin"},"url":"https:\/\/poesiaerestu.com\/revista\/author\/admin\/"}]}},"_links":{"self":[{"href":"https:\/\/poesiaerestu.com\/revista\/wp-json\/wp\/v2\/posts\/7428","targetHints":{"allow":["GET"]}}],"collection":[{"href":"https:\/\/poesiaerestu.com\/revista\/wp-json\/wp\/v2\/posts"}],"about":[{"href":"https:\/\/poesiaerestu.com\/revista\/wp-json\/wp\/v2\/types\/post"}],"author":[{"embeddable":true,"href":"https:\/\/poesiaerestu.com\/revista\/wp-json\/wp\/v2\/users\/1"}],"replies":[{"embeddable":true,"href":"https:\/\/poesiaerestu.com\/revista\/wp-json\/wp\/v2\/comments?post=7428"}],"version-history":[{"count":0,"href":"https:\/\/poesiaerestu.com\/revista\/wp-json\/wp\/v2\/posts\/7428\/revisions"}],"wp:featuredmedia":[{"embeddable":true,"href":"https:\/\/poesiaerestu.com\/revista\/wp-json\/wp\/v2\/media\/7429"}],"wp:attachment":[{"href":"https:\/\/poesiaerestu.com\/revista\/wp-json\/wp\/v2\/media?parent=7428"}],"wp:term":[{"taxonomy":"category","embeddable":true,"href":"https:\/\/poesiaerestu.com\/revista\/wp-json\/wp\/v2\/categories?post=7428"},{"taxonomy":"post_tag","embeddable":true,"href":"https:\/\/poesiaerestu.com\/revista\/wp-json\/wp\/v2\/tags?post=7428"}],"curies":[{"name":"wp","href":"https:\/\/api.w.org\/{rel}","templated":true}]}}