{"id":7399,"date":"2018-12-29T23:31:48","date_gmt":"2018-12-29T22:31:48","guid":{"rendered":"https:\/\/poesiaerestu.com\/revista\/?p=7399"},"modified":"2018-12-29T23:32:45","modified_gmt":"2018-12-29T22:32:45","slug":"caminante-luna","status":"publish","type":"post","link":"https:\/\/poesiaerestu.com\/revista\/caminante-luna\/","title":{"rendered":"EL CAMINANTE Y LA LUNA"},"content":{"rendered":"<p><strong><em><a href=\"https:\/\/poesiaerestu.com\/revista\/caminante-luna\/elcaminateylaluna\/\" rel=\"attachment wp-att-7401\"><img loading=\"lazy\" decoding=\"async\" class=\"size-medium wp-image-7401 alignleft\" src=\"https:\/\/spcdn.shortpixel.ai\/spio\/ret_img,q_cdnize,to_auto,s_webp:avif\/poesiaerestu.com\/revista\/wp-content\/uploads\/2018\/12\/Elcaminateylaluna-212x300.jpg\" alt=\"\" width=\"212\" height=\"300\" srcset=\"https:\/\/spcdn.shortpixel.ai\/spio\/ret_img,q_cdnize,to_auto,s_webp:avif\/poesiaerestu.com\/revista\/wp-content\/uploads\/2018\/12\/Elcaminateylaluna-212x300.jpg 212w, https:\/\/spcdn.shortpixel.ai\/spio\/ret_img,q_cdnize,to_auto,s_webp:avif\/poesiaerestu.com\/revista\/wp-content\/uploads\/2018\/12\/Elcaminateylaluna-600x848.jpg 600w, https:\/\/spcdn.shortpixel.ai\/spio\/ret_img,q_cdnize,to_auto,s_webp:avif\/poesiaerestu.com\/revista\/wp-content\/uploads\/2018\/12\/Elcaminateylaluna-724x1024.jpg 724w, https:\/\/spcdn.shortpixel.ai\/spio\/ret_img,q_cdnize,to_auto,s_webp:avif\/poesiaerestu.com\/revista\/wp-content\/uploads\/2018\/12\/Elcaminateylaluna-768x1086.jpg 768w, https:\/\/spcdn.shortpixel.ai\/spio\/ret_img,q_cdnize,to_auto,s_webp:avif\/poesiaerestu.com\/revista\/wp-content\/uploads\/2018\/12\/Elcaminateylaluna-42x60.jpg 42w, https:\/\/spcdn.shortpixel.ai\/spio\/ret_img,q_cdnize,to_auto,s_webp:avif\/poesiaerestu.com\/revista\/wp-content\/uploads\/2018\/12\/Elcaminateylaluna-scaled.jpg 1024w\" sizes=\"auto, (max-width: 212px) 100vw, 212px\" \/><\/a>EL CAMINANTE Y LA LUNA<a href=\"https:\/\/poesiaerestu.com\/revista\/museo-clase-obrera\/librorecomendado-1\/\" rel=\"attachment wp-att-7389\"><img loading=\"lazy\" decoding=\"async\" class=\"size-medium wp-image-7389 alignright\" src=\"https:\/\/spcdn.shortpixel.ai\/spio\/ret_img,q_cdnize,to_auto,s_webp:avif\/poesiaerestu.com\/revista\/wp-content\/uploads\/2018\/12\/Librorecomendado-1-300x278.jpg\" alt=\"\" width=\"300\" height=\"278\" srcset=\"https:\/\/spcdn.shortpixel.ai\/spio\/ret_img,q_cdnize,to_auto,s_webp:avif\/poesiaerestu.com\/revista\/wp-content\/uploads\/2018\/12\/Librorecomendado-1-300x278.jpg 300w, https:\/\/spcdn.shortpixel.ai\/spio\/ret_img,q_cdnize,to_auto,s_webp:avif\/poesiaerestu.com\/revista\/wp-content\/uploads\/2018\/12\/Librorecomendado-1.jpg 317w\" sizes=\"auto, (max-width: 300px) 100vw, 300px\" \/><\/a><\/em><\/strong><\/p>\n<p><strong><em>Cancionero (1966-2016)<\/em><\/strong><em>,<\/em><\/p>\n<p>de <strong>Hilario Mart\u00ednez Nebreda<\/strong>.<\/p>\n<p>Ediciones Vitruvio, Colecci\u00f3n \u201cBa\u00f1os del Carmen\u201d, n\u00ba 723.<\/p>\n<p>274 p\u00e1ginas.<\/p>\n<p><a class=\"fasc-button fasc-size-xlarge fasc-type-glossy fasc-rounded-medium\" style=\"background-color: #219919; color: #ffffff;\" href=\"https:\/\/librodepoesia.com\/producto\/el-caminante-y-la-luna-hilario-martinez-nebreda\/\">Comprar libro de poes\u00eda<\/a><\/p>\n<p>&nbsp;&nbsp;&nbsp;&nbsp;&nbsp;&nbsp;&nbsp;&nbsp;&nbsp;&nbsp;&nbsp;&nbsp;&nbsp;&nbsp;&nbsp;&nbsp;&nbsp;&nbsp; Poetizar como una forma privilegiada de comunicaci\u00f3n, dado que ata\u00f1e al di\u00e1logo interno con la palabra que en primera instancia el autor acomete. \u201cEn tanto que la palabra funda el ser, me encuentro en la profundidad del ser en esa tarea\u201d, ha declarado Hilario Mart\u00ednez Nebreda (Burgos, 1945), quien debut\u00f3 en el panorama editorial en el a\u00f1o 2000, con la publicaci\u00f3n del amplio volumen titulado <em>Almanaque de piedra<\/em>, y que despu\u00e9s, ya bajo el sello de Vitruvio, ha podido ir entregando sus obras a los lectores no s\u00f3lo regularmente, sino tambi\u00e9n de manera generosa, en un despliegue de encomiable fecundidad: <em>Hombres del esparto y la ballena<\/em> (2012), <em>Llagas en el mar<\/em> (2013), <em>Esbozos de Plat\u00f3n en los labios de una musa<\/em> (2014), <em>Es-cupido de mis cantares<\/em> (asimismo de 2014), <em>Cantar de m\u00edo cantar<\/em> (2015), <em>Heridas de piedra<\/em> (2016) y <em>Or\u00e1culo de K\u00edos<\/em> (2017). Ahora, <em>El caminante y la luna<\/em> prosigue una trayectoria de gran coherencia creativa, con el aliciente de que nos hallamos ante un cancionero construido a lo largo de cinco d\u00e9cadas, nada menos: de 1966 a 2016.<\/p>\n<p>&nbsp;<\/p>\n<p>&nbsp;&nbsp;&nbsp;&nbsp;&nbsp;&nbsp;&nbsp;&nbsp;&nbsp;&nbsp;&nbsp;&nbsp;&nbsp;&nbsp;&nbsp;&nbsp;&nbsp;&nbsp;&nbsp;&nbsp;&nbsp;&nbsp;&nbsp; Como no pod\u00eda ser de otro modo en un volumen cercano a las 300 p\u00e1ginas, y de las caracter\u00edsticas se\u00f1aladas antes, <em>El caminante y la luna<\/em> presenta a los lectores un contenido acertadamente estructurado para facilitar su desentra\u00f1amiento. As\u00ed, una sencilla obertura da paso a seis amplias secciones de t\u00edtulos bien sugerentes: \u201cDe tierra y mar\u201d (subdividida en \u201cCanciones de la memoria\u201d, \u201cCanciones del camino\u201d y \u201cCanciones a la orilla del mar\u201d), \u201cEl animal y la novia\u201d, \u201cEl ni\u00f1o y la mar\u201d, \u201cLunadas\u201d, \u201cEl juglar y la momia\u201d y \u201cRomancero del afilador\u201d. Vertebraci\u00f3n tem\u00e1tica, seg\u00fan puede apreciarse a simple vista, capaz de dar vuelo a los hallazgos tan frecuentes en la poes\u00eda de Hilario Mart\u00ednez Nebreda \u2013\u201cLas horas copularon \/ con los murci\u00e9lagos, \/ en un rinc\u00f3n de ara\u00f1as. \/ Rumias de un p\u00e9ndulo\u201d; poes\u00eda tan afinada como imaginativa, exploradora de singularidades \u2013bien lo demuestran las dos \u00faltimas secciones del libro- y totalmente consciente de su personalidad propia: \u201c\u00a1Andares! Tres los caminos: \/ bueno y malo. Otro, el m\u00edo\u201d. Aqu\u00ed, adem\u00e1s, el autor hace alarde de un h\u00e1bil manejo de la extrema diversidad formal con la que su cancionero se edifica, desde el haiku \u2013\u201cEn la veleta, \/ el lucero del gallo \/ rasga la niebla\u201d- hasta el d\u00edptico de sonetos titulado \u201cLa Rioja\u201d, pasando por la d\u00e9cima \u2013al respecto, \u201cMiryam\u201d resulta un ejemplo impecable-, la seguidilla \u2013\u201c\u00a1Ah, del pueblo! Noticias \/ espera al alba. \/ Con el lucero bebe \/ palabra clara\u201d- y esa copla de sabor machadiano que dice: \u201c\u00a1Verdades!&#8230; pero mentira \/ que no llamamos verdad \/ porque la vida nos miente \/ verdades, al despertar\u201d. Con una m\u00fasica de fondo predominante, la de las estructuras arromanzadas bien urdidas, Hilario Mart\u00ednez Nebreda nos ofrece un cancionero personal\u00edsimo, completamente integrado en su po\u00e9tica.<\/p>\n<p style=\"text-align: center;\"><a class=\"fasc-button fasc-size-xlarge fasc-type-glossy fasc-rounded-medium\" style=\"background-color: #219919; color: #ffffff;\" href=\"https:\/\/librodepoesia.com\/producto\/el-caminante-y-la-luna-hilario-martinez-nebreda\/\">Comprar libro de poes\u00eda<\/a><\/p>\n","protected":false},"excerpt":{"rendered":"<p>EL CAMINANTE Y LA LUNA Cancionero (1966-2016), de Hilario Mart\u00ednez Nebreda. Ediciones Vitruvio, Colecci\u00f3n \u201cBa\u00f1os del Carmen\u201d, n\u00ba 723. 274 p\u00e1ginas. Comprar libro de poes\u00eda &nbsp;&nbsp;&nbsp;&nbsp;&nbsp;&nbsp;&nbsp;&nbsp;&nbsp;&nbsp;&nbsp;&nbsp;&nbsp;&nbsp;&nbsp;&nbsp;&nbsp;&nbsp; Poetizar como una forma privilegiada de comunicaci\u00f3n, dado que ata\u00f1e al di\u00e1logo interno con la palabra que en primera instancia el autor acomete. \u201cEn tanto que la palabra funda&#8230;<\/p>\n","protected":false},"author":1,"featured_media":7401,"comment_status":"closed","ping_status":"closed","sticky":false,"template":"","format":"standard","meta":{"footnotes":"","_links_to":"","_links_to_target":""},"categories":[41],"tags":[],"class_list":["post-7399","post","type-post","status-publish","format-standard","has-post-thumbnail","hentry","category-resenas"],"yoast_head":"<!-- This site is optimized with the Yoast SEO Premium plugin v24.7 (Yoast SEO v27.5) - https:\/\/yoast.com\/product\/yoast-seo-premium-wordpress\/ -->\n<title>EL CAMINANTE Y LA LUNA<\/title>\n<meta name=\"description\" content=\"EL CAMINANTE Y LA LUNA\" \/>\n<meta name=\"robots\" content=\"index, follow, max-snippet:-1, max-image-preview:large, max-video-preview:-1\" \/>\n<link rel=\"canonical\" href=\"https:\/\/poesiaerestu.com\/revista\/caminante-luna\/\" \/>\n<meta name=\"twitter:label1\" content=\"Written by\" \/>\n\t<meta name=\"twitter:data1\" content=\"admin\" \/>\n\t<meta name=\"twitter:label2\" content=\"Est. reading time\" \/>\n\t<meta name=\"twitter:data2\" content=\"3 minutes\" \/>\n<script type=\"application\/ld+json\" class=\"yoast-schema-graph\">{\"@context\":\"https:\\\/\\\/schema.org\",\"@graph\":[{\"@type\":\"Article\",\"@id\":\"https:\\\/\\\/poesiaerestu.com\\\/revista\\\/caminante-luna\\\/#article\",\"isPartOf\":{\"@id\":\"https:\\\/\\\/poesiaerestu.com\\\/revista\\\/caminante-luna\\\/\"},\"author\":{\"name\":\"admin\",\"@id\":\"https:\\\/\\\/poesiaerestu.com\\\/revista\\\/#\\\/schema\\\/person\\\/fcb1a2122be3810bfdd0c071b4b3e9c4\"},\"headline\":\"EL CAMINANTE Y LA LUNA\",\"datePublished\":\"2018-12-29T22:31:48+00:00\",\"dateModified\":\"2018-12-29T22:32:45+00:00\",\"mainEntityOfPage\":{\"@id\":\"https:\\\/\\\/poesiaerestu.com\\\/revista\\\/caminante-luna\\\/\"},\"wordCount\":572,\"image\":{\"@id\":\"https:\\\/\\\/poesiaerestu.com\\\/revista\\\/caminante-luna\\\/#primaryimage\"},\"thumbnailUrl\":\"https:\\\/\\\/poesiaerestu.com\\\/revista\\\/wp-content\\\/uploads\\\/2018\\\/12\\\/Elcaminateylaluna-scaled.jpg\",\"articleSection\":[\"Rese\u00f1as\"],\"inLanguage\":\"en-US\",\"copyrightYear\":\"2018\",\"copyrightHolder\":{\"@id\":\"https:\\\/\\\/poesiaerestu.com\\\/revista\\\/#organization\"}},{\"@type\":\"WebPage\",\"@id\":\"https:\\\/\\\/poesiaerestu.com\\\/revista\\\/caminante-luna\\\/\",\"url\":\"https:\\\/\\\/poesiaerestu.com\\\/revista\\\/caminante-luna\\\/\",\"name\":\"EL CAMINANTE Y LA LUNA\",\"isPartOf\":{\"@id\":\"https:\\\/\\\/poesiaerestu.com\\\/revista\\\/#website\"},\"primaryImageOfPage\":{\"@id\":\"https:\\\/\\\/poesiaerestu.com\\\/revista\\\/caminante-luna\\\/#primaryimage\"},\"image\":{\"@id\":\"https:\\\/\\\/poesiaerestu.com\\\/revista\\\/caminante-luna\\\/#primaryimage\"},\"thumbnailUrl\":\"https:\\\/\\\/poesiaerestu.com\\\/revista\\\/wp-content\\\/uploads\\\/2018\\\/12\\\/Elcaminateylaluna-scaled.jpg\",\"datePublished\":\"2018-12-29T22:31:48+00:00\",\"dateModified\":\"2018-12-29T22:32:45+00:00\",\"author\":{\"@id\":\"https:\\\/\\\/poesiaerestu.com\\\/revista\\\/#\\\/schema\\\/person\\\/fcb1a2122be3810bfdd0c071b4b3e9c4\"},\"description\":\"EL CAMINANTE Y LA LUNA\",\"breadcrumb\":{\"@id\":\"https:\\\/\\\/poesiaerestu.com\\\/revista\\\/caminante-luna\\\/#breadcrumb\"},\"inLanguage\":\"en-US\",\"potentialAction\":[{\"@type\":\"ReadAction\",\"target\":[\"https:\\\/\\\/poesiaerestu.com\\\/revista\\\/caminante-luna\\\/\"]}]},{\"@type\":\"ImageObject\",\"inLanguage\":\"en-US\",\"@id\":\"https:\\\/\\\/poesiaerestu.com\\\/revista\\\/caminante-luna\\\/#primaryimage\",\"url\":\"https:\\\/\\\/poesiaerestu.com\\\/revista\\\/wp-content\\\/uploads\\\/2018\\\/12\\\/Elcaminateylaluna-scaled.jpg\",\"contentUrl\":\"https:\\\/\\\/poesiaerestu.com\\\/revista\\\/wp-content\\\/uploads\\\/2018\\\/12\\\/Elcaminateylaluna-scaled.jpg\",\"width\":1024,\"height\":1448},{\"@type\":\"BreadcrumbList\",\"@id\":\"https:\\\/\\\/poesiaerestu.com\\\/revista\\\/caminante-luna\\\/#breadcrumb\",\"itemListElement\":[{\"@type\":\"ListItem\",\"position\":1,\"name\":\"Home\",\"item\":\"https:\\\/\\\/poesiaerestu.com\\\/revista\\\/\"},{\"@type\":\"ListItem\",\"position\":2,\"name\":\"EL CAMINANTE Y LA LUNA\"}]},{\"@type\":\"WebSite\",\"@id\":\"https:\\\/\\\/poesiaerestu.com\\\/revista\\\/#website\",\"url\":\"https:\\\/\\\/poesiaerestu.com\\\/revista\\\/\",\"name\":\"Poes\u00ed\u00ada eres t\u00fa (revista)\",\"description\":\"Revista de poes\u00eda y literatura\",\"potentialAction\":[{\"@type\":\"SearchAction\",\"target\":{\"@type\":\"EntryPoint\",\"urlTemplate\":\"https:\\\/\\\/poesiaerestu.com\\\/revista\\\/?s={search_term_string}\"},\"query-input\":{\"@type\":\"PropertyValueSpecification\",\"valueRequired\":true,\"valueName\":\"search_term_string\"}}],\"inLanguage\":\"en-US\"},{\"@type\":\"Person\",\"@id\":\"https:\\\/\\\/poesiaerestu.com\\\/revista\\\/#\\\/schema\\\/person\\\/fcb1a2122be3810bfdd0c071b4b3e9c4\",\"name\":\"admin\",\"image\":{\"@type\":\"ImageObject\",\"inLanguage\":\"en-US\",\"@id\":\"https:\\\/\\\/secure.gravatar.com\\\/avatar\\\/1cb55a5bd8d6824519e46b552e84b03575857cc9c4d6333824d2f95d82129f50?s=96&d=mm&r=g\",\"url\":\"https:\\\/\\\/secure.gravatar.com\\\/avatar\\\/1cb55a5bd8d6824519e46b552e84b03575857cc9c4d6333824d2f95d82129f50?s=96&d=mm&r=g\",\"contentUrl\":\"https:\\\/\\\/secure.gravatar.com\\\/avatar\\\/1cb55a5bd8d6824519e46b552e84b03575857cc9c4d6333824d2f95d82129f50?s=96&d=mm&r=g\",\"caption\":\"admin\"},\"url\":\"https:\\\/\\\/poesiaerestu.com\\\/revista\\\/author\\\/admin\\\/\"}]}<\/script>\n<!-- \/ Yoast SEO Premium plugin. -->","yoast_head_json":{"title":"EL CAMINANTE Y LA LUNA","description":"EL CAMINANTE Y LA LUNA","robots":{"index":"index","follow":"follow","max-snippet":"max-snippet:-1","max-image-preview":"max-image-preview:large","max-video-preview":"max-video-preview:-1"},"canonical":"https:\/\/poesiaerestu.com\/revista\/caminante-luna\/","twitter_misc":{"Written by":"admin","Est. reading time":"3 minutes"},"schema":{"@context":"https:\/\/schema.org","@graph":[{"@type":"Article","@id":"https:\/\/poesiaerestu.com\/revista\/caminante-luna\/#article","isPartOf":{"@id":"https:\/\/poesiaerestu.com\/revista\/caminante-luna\/"},"author":{"name":"admin","@id":"https:\/\/poesiaerestu.com\/revista\/#\/schema\/person\/fcb1a2122be3810bfdd0c071b4b3e9c4"},"headline":"EL CAMINANTE Y LA LUNA","datePublished":"2018-12-29T22:31:48+00:00","dateModified":"2018-12-29T22:32:45+00:00","mainEntityOfPage":{"@id":"https:\/\/poesiaerestu.com\/revista\/caminante-luna\/"},"wordCount":572,"image":{"@id":"https:\/\/poesiaerestu.com\/revista\/caminante-luna\/#primaryimage"},"thumbnailUrl":"https:\/\/poesiaerestu.com\/revista\/wp-content\/uploads\/2018\/12\/Elcaminateylaluna-scaled.jpg","articleSection":["Rese\u00f1as"],"inLanguage":"en-US","copyrightYear":"2018","copyrightHolder":{"@id":"https:\/\/poesiaerestu.com\/revista\/#organization"}},{"@type":"WebPage","@id":"https:\/\/poesiaerestu.com\/revista\/caminante-luna\/","url":"https:\/\/poesiaerestu.com\/revista\/caminante-luna\/","name":"EL CAMINANTE Y LA LUNA","isPartOf":{"@id":"https:\/\/poesiaerestu.com\/revista\/#website"},"primaryImageOfPage":{"@id":"https:\/\/poesiaerestu.com\/revista\/caminante-luna\/#primaryimage"},"image":{"@id":"https:\/\/poesiaerestu.com\/revista\/caminante-luna\/#primaryimage"},"thumbnailUrl":"https:\/\/poesiaerestu.com\/revista\/wp-content\/uploads\/2018\/12\/Elcaminateylaluna-scaled.jpg","datePublished":"2018-12-29T22:31:48+00:00","dateModified":"2018-12-29T22:32:45+00:00","author":{"@id":"https:\/\/poesiaerestu.com\/revista\/#\/schema\/person\/fcb1a2122be3810bfdd0c071b4b3e9c4"},"description":"EL CAMINANTE Y LA LUNA","breadcrumb":{"@id":"https:\/\/poesiaerestu.com\/revista\/caminante-luna\/#breadcrumb"},"inLanguage":"en-US","potentialAction":[{"@type":"ReadAction","target":["https:\/\/poesiaerestu.com\/revista\/caminante-luna\/"]}]},{"@type":"ImageObject","inLanguage":"en-US","@id":"https:\/\/poesiaerestu.com\/revista\/caminante-luna\/#primaryimage","url":"https:\/\/poesiaerestu.com\/revista\/wp-content\/uploads\/2018\/12\/Elcaminateylaluna-scaled.jpg","contentUrl":"https:\/\/poesiaerestu.com\/revista\/wp-content\/uploads\/2018\/12\/Elcaminateylaluna-scaled.jpg","width":1024,"height":1448},{"@type":"BreadcrumbList","@id":"https:\/\/poesiaerestu.com\/revista\/caminante-luna\/#breadcrumb","itemListElement":[{"@type":"ListItem","position":1,"name":"Home","item":"https:\/\/poesiaerestu.com\/revista\/"},{"@type":"ListItem","position":2,"name":"EL CAMINANTE Y LA LUNA"}]},{"@type":"WebSite","@id":"https:\/\/poesiaerestu.com\/revista\/#website","url":"https:\/\/poesiaerestu.com\/revista\/","name":"Poes\u00ed\u00ada eres t\u00fa (revista)","description":"Revista de poes\u00eda y literatura","potentialAction":[{"@type":"SearchAction","target":{"@type":"EntryPoint","urlTemplate":"https:\/\/poesiaerestu.com\/revista\/?s={search_term_string}"},"query-input":{"@type":"PropertyValueSpecification","valueRequired":true,"valueName":"search_term_string"}}],"inLanguage":"en-US"},{"@type":"Person","@id":"https:\/\/poesiaerestu.com\/revista\/#\/schema\/person\/fcb1a2122be3810bfdd0c071b4b3e9c4","name":"admin","image":{"@type":"ImageObject","inLanguage":"en-US","@id":"https:\/\/secure.gravatar.com\/avatar\/1cb55a5bd8d6824519e46b552e84b03575857cc9c4d6333824d2f95d82129f50?s=96&d=mm&r=g","url":"https:\/\/secure.gravatar.com\/avatar\/1cb55a5bd8d6824519e46b552e84b03575857cc9c4d6333824d2f95d82129f50?s=96&d=mm&r=g","contentUrl":"https:\/\/secure.gravatar.com\/avatar\/1cb55a5bd8d6824519e46b552e84b03575857cc9c4d6333824d2f95d82129f50?s=96&d=mm&r=g","caption":"admin"},"url":"https:\/\/poesiaerestu.com\/revista\/author\/admin\/"}]}},"_links":{"self":[{"href":"https:\/\/poesiaerestu.com\/revista\/wp-json\/wp\/v2\/posts\/7399","targetHints":{"allow":["GET"]}}],"collection":[{"href":"https:\/\/poesiaerestu.com\/revista\/wp-json\/wp\/v2\/posts"}],"about":[{"href":"https:\/\/poesiaerestu.com\/revista\/wp-json\/wp\/v2\/types\/post"}],"author":[{"embeddable":true,"href":"https:\/\/poesiaerestu.com\/revista\/wp-json\/wp\/v2\/users\/1"}],"replies":[{"embeddable":true,"href":"https:\/\/poesiaerestu.com\/revista\/wp-json\/wp\/v2\/comments?post=7399"}],"version-history":[{"count":0,"href":"https:\/\/poesiaerestu.com\/revista\/wp-json\/wp\/v2\/posts\/7399\/revisions"}],"wp:featuredmedia":[{"embeddable":true,"href":"https:\/\/poesiaerestu.com\/revista\/wp-json\/wp\/v2\/media\/7401"}],"wp:attachment":[{"href":"https:\/\/poesiaerestu.com\/revista\/wp-json\/wp\/v2\/media?parent=7399"}],"wp:term":[{"taxonomy":"category","embeddable":true,"href":"https:\/\/poesiaerestu.com\/revista\/wp-json\/wp\/v2\/categories?post=7399"},{"taxonomy":"post_tag","embeddable":true,"href":"https:\/\/poesiaerestu.com\/revista\/wp-json\/wp\/v2\/tags?post=7399"}],"curies":[{"name":"wp","href":"https:\/\/api.w.org\/{rel}","templated":true}]}}