{"id":7395,"date":"2018-12-29T23:18:25","date_gmt":"2018-12-29T22:18:25","guid":{"rendered":"https:\/\/poesiaerestu.com\/revista\/?p=7395"},"modified":"2018-12-29T23:18:25","modified_gmt":"2018-12-29T22:18:25","slug":"actores-vestidos-calle","status":"publish","type":"post","link":"https:\/\/poesiaerestu.com\/revista\/actores-vestidos-calle\/","title":{"rendered":"ACTORES VESTIDOS DE CALLE"},"content":{"rendered":"<p style=\"text-align: left;\"><strong><em><a href=\"https:\/\/poesiaerestu.com\/revista\/actores-vestidos-calle\/actoresvestidosdecalle_\/\" rel=\"attachment wp-att-7396\"><img loading=\"lazy\" decoding=\"async\" class=\"size-medium wp-image-7396 alignleft\" src=\"https:\/\/spcdn.shortpixel.ai\/spio\/ret_img,q_cdnize,to_auto,s_webp:avif\/poesiaerestu.com\/revista\/wp-content\/uploads\/2018\/12\/Actoresvestidosdecalle_-182x300.jpg\" alt=\"\" width=\"182\" height=\"300\" srcset=\"https:\/\/spcdn.shortpixel.ai\/spio\/ret_img,q_cdnize,to_auto,s_webp:avif\/poesiaerestu.com\/revista\/wp-content\/uploads\/2018\/12\/Actoresvestidosdecalle_-182x300.jpg 182w, https:\/\/spcdn.shortpixel.ai\/spio\/ret_img,q_cdnize,to_auto,s_webp:avif\/poesiaerestu.com\/revista\/wp-content\/uploads\/2018\/12\/Actoresvestidosdecalle_-36x60.jpg 36w, https:\/\/spcdn.shortpixel.ai\/spio\/ret_img,q_cdnize,to_auto,s_webp:avif\/poesiaerestu.com\/revista\/wp-content\/uploads\/2018\/12\/Actoresvestidosdecalle_.jpg 212w\" sizes=\"auto, (max-width: 182px) 100vw, 182px\" \/><\/a>ACTORES VESTIDOS DE CALLE<\/em><\/strong>,<a href=\"https:\/\/poesiaerestu.com\/revista\/museo-clase-obrera\/librorecomendado-1\/\" rel=\"attachment wp-att-7389\"><img loading=\"lazy\" decoding=\"async\" class=\"size-medium wp-image-7389 alignright\" src=\"https:\/\/spcdn.shortpixel.ai\/spio\/ret_img,q_cdnize,to_auto,s_webp:avif\/poesiaerestu.com\/revista\/wp-content\/uploads\/2018\/12\/Librorecomendado-1-300x278.jpg\" alt=\"\" width=\"300\" height=\"278\" srcset=\"https:\/\/spcdn.shortpixel.ai\/spio\/ret_img,q_cdnize,to_auto,s_webp:avif\/poesiaerestu.com\/revista\/wp-content\/uploads\/2018\/12\/Librorecomendado-1-300x278.jpg 300w, https:\/\/spcdn.shortpixel.ai\/spio\/ret_img,q_cdnize,to_auto,s_webp:avif\/poesiaerestu.com\/revista\/wp-content\/uploads\/2018\/12\/Librorecomendado-1.jpg 317w\" sizes=\"auto, (max-width: 300px) 100vw, 300px\" \/><\/a><\/p>\n<p>de <strong>Luisa Castro<\/strong>.&nbsp;&nbsp;&nbsp;&nbsp;&nbsp;&nbsp; &nbsp;&nbsp;&nbsp;&nbsp;<\/p>\n<p>Visor Libros, Colecci\u00f3n Visor de Poes\u00eda, n\u00ba 1.038.<\/p>\n<p>104 p\u00e1ginas.<\/p>\n<p><a class=\"fasc-button fasc-size-xlarge fasc-type-glossy fasc-rounded-medium\" style=\"background-color: #219919; color: #ffffff;\" href=\"https:\/\/librodepoesia.com\/producto\/actores-vestidos-de-calle-luisa-castro\/\">Comprar libro de poes\u00eda<\/a><\/p>\n<p>Largo silencio editorial el que ha venido a romper <em>Actores vestidos de calle<\/em> en la trayectoria de la escritora gallega Luisa Castro (Foz, Lugo, 1966), y no s\u00f3lo en el \u00e1mbito de la poes\u00eda: a 2006 se remonta la publicaci\u00f3n de su \u00faltima novela, <em>La segunda mujer<\/em> (Premio \u201cBiblioteca Breve\u201d), y de 2005 data <em>Amor mi se\u00f1or<\/em>, el que hasta ahora era su m\u00e1s reciente poemario. Narradora destacada, con el Premio \u201cAzor\u00edn\u201d de 2001 y el \u201cTorrente Ballester\u201d de 2004 tambi\u00e9n en su haber \u2013y, previamente, finalista del Premio \u201cHerralde\u201d en 1990-, Luisa Castro se hab\u00eda dado a conocer en la poes\u00eda muy tempranamente, en 1984 \u2013con <em>Odisea definitiva. Libro p\u00f3stumo<\/em>-, para obtener poco m\u00e1s tarde el Premio \u201cHiperi\u00f3n\u201d \u2013en la primera de sus ediciones- con <em>Los versos del eunuco<\/em>, de 1986, y el \u201cRey Juan Carlos\u201d con <em>Los h\u00e1bitos del artillero<\/em>, de 1989. En el volumen titulado <em>Se\u00f1ales con una sola bandera<\/em> qued\u00f3 reunida toda su poes\u00eda que hab\u00eda visto la luz entre 1984 y 1997.<\/p>\n<p>&nbsp;<\/p>\n<p>Visor Libros ahora publica este regreso de la autora a la p\u00e1gina impresa, y lo primero que llama la atenci\u00f3n de <em>Actores vestidos de calle<\/em> es el radical car\u00e1cter fragmentario de una obra dividida en cinco segmentos, y a lo largo de la cual van desliz\u00e1ndose, casi de manera imperceptible, algunos motivos conductores fundamentalmente ligados a la mutabilidad de la memoria y a la funci\u00f3n del lenguaje. \u201cNo te espantes porque los recuerdos vuelvan \/ a mostrarte su rostro \/ con otra faz (\u2026) \/ son ellos que no han perdido \/ la esperanza de revivir\u201d, leemos en los primeros compases de un libro marcado desde su inicio por el poema en el que se evoca la matanza terrorista de 2004 en Besl\u00e1n, Osetia del Norte, de modo que la mirada l\u00edrica se impregna de un extra\u00f1amiento ante la cruel realidad de nuestro mundo, sumido en una peligrosa transformaci\u00f3n. Los \u201cactores \/ vestidos de calle \/\/ sin papel\u201d han tomado conciencia de que \u201clo que no termina, \/ lo que te persigue \/ reclamando de ti \/ lo que no pudiste darle, \/ lo que no te perdonaste, \/ eso es lo que sostiene al mundo (\u2026) \/ \u00bfHabr\u00eda en tu equipaje sitio para los recuerdos \/ con una vida sin tacha?\u201d. De esa \u00edntima asunci\u00f3n de la derrota parte la necesaria revalorizaci\u00f3n del lenguaje \u2013\u201cNo te cuides de las palabras, \/ ser\u00eda como morir en vida que no las atendieras\u201d-, y las repetidas evocaciones de la figura materna, generadoras de los momentos de mayor altura y vibraci\u00f3n del libro, junto con la muy hermosa p\u00e1gina que se inicia con el verso \u201cPara llegar a ser un \u00e1ngel\u2026\u201d.<\/p>\n<p style=\"text-align: center;\"><a class=\"fasc-button fasc-size-xlarge fasc-type-glossy fasc-rounded-medium\" style=\"background-color: #219919; color: #ffffff;\" href=\"https:\/\/librodepoesia.com\/producto\/actores-vestidos-de-calle-luisa-castro\/\">Comprar libro de poes\u00eda<\/a><\/p>\n","protected":false},"excerpt":{"rendered":"<p>ACTORES VESTIDOS DE CALLE, de Luisa Castro.&nbsp;&nbsp;&nbsp;&nbsp;&nbsp;&nbsp; &nbsp;&nbsp;&nbsp;&nbsp; Visor Libros, Colecci\u00f3n Visor de Poes\u00eda, n\u00ba 1.038. 104 p\u00e1ginas. Comprar libro de poes\u00eda Largo silencio editorial el que ha venido a romper Actores vestidos de calle en la trayectoria de la escritora gallega Luisa Castro (Foz, Lugo, 1966), y no s\u00f3lo en el \u00e1mbito de la&#8230;<\/p>\n","protected":false},"author":1,"featured_media":7396,"comment_status":"closed","ping_status":"closed","sticky":false,"template":"","format":"standard","meta":{"footnotes":"","_links_to":"","_links_to_target":""},"categories":[41],"tags":[],"class_list":["post-7395","post","type-post","status-publish","format-standard","has-post-thumbnail","hentry","category-resenas"],"yoast_head":"<!-- This site is optimized with the Yoast SEO Premium plugin v24.7 (Yoast SEO v27.5) - https:\/\/yoast.com\/product\/yoast-seo-premium-wordpress\/ -->\n<title>ACTORES VESTIDOS DE CALLE - Poes\u00ed\u00ada eres t\u00fa (revista)<\/title>\n<meta name=\"robots\" content=\"index, follow, max-snippet:-1, max-image-preview:large, max-video-preview:-1\" \/>\n<link rel=\"canonical\" href=\"https:\/\/poesiaerestu.com\/revista\/actores-vestidos-calle\/\" \/>\n<meta name=\"twitter:label1\" content=\"Written by\" \/>\n\t<meta name=\"twitter:data1\" content=\"admin\" \/>\n\t<meta name=\"twitter:label2\" content=\"Est. reading time\" \/>\n\t<meta name=\"twitter:data2\" content=\"2 minutes\" \/>\n<script type=\"application\/ld+json\" class=\"yoast-schema-graph\">{\"@context\":\"https:\\\/\\\/schema.org\",\"@graph\":[{\"@type\":\"Article\",\"@id\":\"https:\\\/\\\/poesiaerestu.com\\\/revista\\\/actores-vestidos-calle\\\/#article\",\"isPartOf\":{\"@id\":\"https:\\\/\\\/poesiaerestu.com\\\/revista\\\/actores-vestidos-calle\\\/\"},\"author\":{\"name\":\"admin\",\"@id\":\"https:\\\/\\\/poesiaerestu.com\\\/revista\\\/#\\\/schema\\\/person\\\/fcb1a2122be3810bfdd0c071b4b3e9c4\"},\"headline\":\"ACTORES VESTIDOS DE CALLE\",\"datePublished\":\"2018-12-29T22:18:25+00:00\",\"mainEntityOfPage\":{\"@id\":\"https:\\\/\\\/poesiaerestu.com\\\/revista\\\/actores-vestidos-calle\\\/\"},\"wordCount\":493,\"image\":{\"@id\":\"https:\\\/\\\/poesiaerestu.com\\\/revista\\\/actores-vestidos-calle\\\/#primaryimage\"},\"thumbnailUrl\":\"https:\\\/\\\/poesiaerestu.com\\\/revista\\\/wp-content\\\/uploads\\\/2018\\\/12\\\/Actoresvestidosdecalle_.jpg\",\"articleSection\":[\"Rese\u00f1as\"],\"inLanguage\":\"en-US\",\"copyrightYear\":\"2018\",\"copyrightHolder\":{\"@id\":\"https:\\\/\\\/poesiaerestu.com\\\/revista\\\/#organization\"}},{\"@type\":\"WebPage\",\"@id\":\"https:\\\/\\\/poesiaerestu.com\\\/revista\\\/actores-vestidos-calle\\\/\",\"url\":\"https:\\\/\\\/poesiaerestu.com\\\/revista\\\/actores-vestidos-calle\\\/\",\"name\":\"ACTORES VESTIDOS DE CALLE - Poes\u00ed\u00ada eres t\u00fa (revista)\",\"isPartOf\":{\"@id\":\"https:\\\/\\\/poesiaerestu.com\\\/revista\\\/#website\"},\"primaryImageOfPage\":{\"@id\":\"https:\\\/\\\/poesiaerestu.com\\\/revista\\\/actores-vestidos-calle\\\/#primaryimage\"},\"image\":{\"@id\":\"https:\\\/\\\/poesiaerestu.com\\\/revista\\\/actores-vestidos-calle\\\/#primaryimage\"},\"thumbnailUrl\":\"https:\\\/\\\/poesiaerestu.com\\\/revista\\\/wp-content\\\/uploads\\\/2018\\\/12\\\/Actoresvestidosdecalle_.jpg\",\"datePublished\":\"2018-12-29T22:18:25+00:00\",\"author\":{\"@id\":\"https:\\\/\\\/poesiaerestu.com\\\/revista\\\/#\\\/schema\\\/person\\\/fcb1a2122be3810bfdd0c071b4b3e9c4\"},\"breadcrumb\":{\"@id\":\"https:\\\/\\\/poesiaerestu.com\\\/revista\\\/actores-vestidos-calle\\\/#breadcrumb\"},\"inLanguage\":\"en-US\",\"potentialAction\":[{\"@type\":\"ReadAction\",\"target\":[\"https:\\\/\\\/poesiaerestu.com\\\/revista\\\/actores-vestidos-calle\\\/\"]}]},{\"@type\":\"ImageObject\",\"inLanguage\":\"en-US\",\"@id\":\"https:\\\/\\\/poesiaerestu.com\\\/revista\\\/actores-vestidos-calle\\\/#primaryimage\",\"url\":\"https:\\\/\\\/poesiaerestu.com\\\/revista\\\/wp-content\\\/uploads\\\/2018\\\/12\\\/Actoresvestidosdecalle_.jpg\",\"contentUrl\":\"https:\\\/\\\/poesiaerestu.com\\\/revista\\\/wp-content\\\/uploads\\\/2018\\\/12\\\/Actoresvestidosdecalle_.jpg\",\"width\":212,\"height\":349},{\"@type\":\"BreadcrumbList\",\"@id\":\"https:\\\/\\\/poesiaerestu.com\\\/revista\\\/actores-vestidos-calle\\\/#breadcrumb\",\"itemListElement\":[{\"@type\":\"ListItem\",\"position\":1,\"name\":\"Home\",\"item\":\"https:\\\/\\\/poesiaerestu.com\\\/revista\\\/\"},{\"@type\":\"ListItem\",\"position\":2,\"name\":\"ACTORES VESTIDOS DE CALLE\"}]},{\"@type\":\"WebSite\",\"@id\":\"https:\\\/\\\/poesiaerestu.com\\\/revista\\\/#website\",\"url\":\"https:\\\/\\\/poesiaerestu.com\\\/revista\\\/\",\"name\":\"Poes\u00ed\u00ada eres t\u00fa (revista)\",\"description\":\"Revista de poes\u00eda y literatura\",\"potentialAction\":[{\"@type\":\"SearchAction\",\"target\":{\"@type\":\"EntryPoint\",\"urlTemplate\":\"https:\\\/\\\/poesiaerestu.com\\\/revista\\\/?s={search_term_string}\"},\"query-input\":{\"@type\":\"PropertyValueSpecification\",\"valueRequired\":true,\"valueName\":\"search_term_string\"}}],\"inLanguage\":\"en-US\"},{\"@type\":\"Person\",\"@id\":\"https:\\\/\\\/poesiaerestu.com\\\/revista\\\/#\\\/schema\\\/person\\\/fcb1a2122be3810bfdd0c071b4b3e9c4\",\"name\":\"admin\",\"image\":{\"@type\":\"ImageObject\",\"inLanguage\":\"en-US\",\"@id\":\"https:\\\/\\\/secure.gravatar.com\\\/avatar\\\/1cb55a5bd8d6824519e46b552e84b03575857cc9c4d6333824d2f95d82129f50?s=96&d=mm&r=g\",\"url\":\"https:\\\/\\\/secure.gravatar.com\\\/avatar\\\/1cb55a5bd8d6824519e46b552e84b03575857cc9c4d6333824d2f95d82129f50?s=96&d=mm&r=g\",\"contentUrl\":\"https:\\\/\\\/secure.gravatar.com\\\/avatar\\\/1cb55a5bd8d6824519e46b552e84b03575857cc9c4d6333824d2f95d82129f50?s=96&d=mm&r=g\",\"caption\":\"admin\"},\"url\":\"https:\\\/\\\/poesiaerestu.com\\\/revista\\\/author\\\/admin\\\/\"}]}<\/script>\n<!-- \/ Yoast SEO Premium plugin. -->","yoast_head_json":{"title":"ACTORES VESTIDOS DE CALLE - Poes\u00ed\u00ada eres t\u00fa (revista)","robots":{"index":"index","follow":"follow","max-snippet":"max-snippet:-1","max-image-preview":"max-image-preview:large","max-video-preview":"max-video-preview:-1"},"canonical":"https:\/\/poesiaerestu.com\/revista\/actores-vestidos-calle\/","twitter_misc":{"Written by":"admin","Est. reading time":"2 minutes"},"schema":{"@context":"https:\/\/schema.org","@graph":[{"@type":"Article","@id":"https:\/\/poesiaerestu.com\/revista\/actores-vestidos-calle\/#article","isPartOf":{"@id":"https:\/\/poesiaerestu.com\/revista\/actores-vestidos-calle\/"},"author":{"name":"admin","@id":"https:\/\/poesiaerestu.com\/revista\/#\/schema\/person\/fcb1a2122be3810bfdd0c071b4b3e9c4"},"headline":"ACTORES VESTIDOS DE CALLE","datePublished":"2018-12-29T22:18:25+00:00","mainEntityOfPage":{"@id":"https:\/\/poesiaerestu.com\/revista\/actores-vestidos-calle\/"},"wordCount":493,"image":{"@id":"https:\/\/poesiaerestu.com\/revista\/actores-vestidos-calle\/#primaryimage"},"thumbnailUrl":"https:\/\/poesiaerestu.com\/revista\/wp-content\/uploads\/2018\/12\/Actoresvestidosdecalle_.jpg","articleSection":["Rese\u00f1as"],"inLanguage":"en-US","copyrightYear":"2018","copyrightHolder":{"@id":"https:\/\/poesiaerestu.com\/revista\/#organization"}},{"@type":"WebPage","@id":"https:\/\/poesiaerestu.com\/revista\/actores-vestidos-calle\/","url":"https:\/\/poesiaerestu.com\/revista\/actores-vestidos-calle\/","name":"ACTORES VESTIDOS DE CALLE - Poes\u00ed\u00ada eres t\u00fa (revista)","isPartOf":{"@id":"https:\/\/poesiaerestu.com\/revista\/#website"},"primaryImageOfPage":{"@id":"https:\/\/poesiaerestu.com\/revista\/actores-vestidos-calle\/#primaryimage"},"image":{"@id":"https:\/\/poesiaerestu.com\/revista\/actores-vestidos-calle\/#primaryimage"},"thumbnailUrl":"https:\/\/poesiaerestu.com\/revista\/wp-content\/uploads\/2018\/12\/Actoresvestidosdecalle_.jpg","datePublished":"2018-12-29T22:18:25+00:00","author":{"@id":"https:\/\/poesiaerestu.com\/revista\/#\/schema\/person\/fcb1a2122be3810bfdd0c071b4b3e9c4"},"breadcrumb":{"@id":"https:\/\/poesiaerestu.com\/revista\/actores-vestidos-calle\/#breadcrumb"},"inLanguage":"en-US","potentialAction":[{"@type":"ReadAction","target":["https:\/\/poesiaerestu.com\/revista\/actores-vestidos-calle\/"]}]},{"@type":"ImageObject","inLanguage":"en-US","@id":"https:\/\/poesiaerestu.com\/revista\/actores-vestidos-calle\/#primaryimage","url":"https:\/\/poesiaerestu.com\/revista\/wp-content\/uploads\/2018\/12\/Actoresvestidosdecalle_.jpg","contentUrl":"https:\/\/poesiaerestu.com\/revista\/wp-content\/uploads\/2018\/12\/Actoresvestidosdecalle_.jpg","width":212,"height":349},{"@type":"BreadcrumbList","@id":"https:\/\/poesiaerestu.com\/revista\/actores-vestidos-calle\/#breadcrumb","itemListElement":[{"@type":"ListItem","position":1,"name":"Home","item":"https:\/\/poesiaerestu.com\/revista\/"},{"@type":"ListItem","position":2,"name":"ACTORES VESTIDOS DE CALLE"}]},{"@type":"WebSite","@id":"https:\/\/poesiaerestu.com\/revista\/#website","url":"https:\/\/poesiaerestu.com\/revista\/","name":"Poes\u00ed\u00ada eres t\u00fa (revista)","description":"Revista de poes\u00eda y literatura","potentialAction":[{"@type":"SearchAction","target":{"@type":"EntryPoint","urlTemplate":"https:\/\/poesiaerestu.com\/revista\/?s={search_term_string}"},"query-input":{"@type":"PropertyValueSpecification","valueRequired":true,"valueName":"search_term_string"}}],"inLanguage":"en-US"},{"@type":"Person","@id":"https:\/\/poesiaerestu.com\/revista\/#\/schema\/person\/fcb1a2122be3810bfdd0c071b4b3e9c4","name":"admin","image":{"@type":"ImageObject","inLanguage":"en-US","@id":"https:\/\/secure.gravatar.com\/avatar\/1cb55a5bd8d6824519e46b552e84b03575857cc9c4d6333824d2f95d82129f50?s=96&d=mm&r=g","url":"https:\/\/secure.gravatar.com\/avatar\/1cb55a5bd8d6824519e46b552e84b03575857cc9c4d6333824d2f95d82129f50?s=96&d=mm&r=g","contentUrl":"https:\/\/secure.gravatar.com\/avatar\/1cb55a5bd8d6824519e46b552e84b03575857cc9c4d6333824d2f95d82129f50?s=96&d=mm&r=g","caption":"admin"},"url":"https:\/\/poesiaerestu.com\/revista\/author\/admin\/"}]}},"_links":{"self":[{"href":"https:\/\/poesiaerestu.com\/revista\/wp-json\/wp\/v2\/posts\/7395","targetHints":{"allow":["GET"]}}],"collection":[{"href":"https:\/\/poesiaerestu.com\/revista\/wp-json\/wp\/v2\/posts"}],"about":[{"href":"https:\/\/poesiaerestu.com\/revista\/wp-json\/wp\/v2\/types\/post"}],"author":[{"embeddable":true,"href":"https:\/\/poesiaerestu.com\/revista\/wp-json\/wp\/v2\/users\/1"}],"replies":[{"embeddable":true,"href":"https:\/\/poesiaerestu.com\/revista\/wp-json\/wp\/v2\/comments?post=7395"}],"version-history":[{"count":0,"href":"https:\/\/poesiaerestu.com\/revista\/wp-json\/wp\/v2\/posts\/7395\/revisions"}],"wp:featuredmedia":[{"embeddable":true,"href":"https:\/\/poesiaerestu.com\/revista\/wp-json\/wp\/v2\/media\/7396"}],"wp:attachment":[{"href":"https:\/\/poesiaerestu.com\/revista\/wp-json\/wp\/v2\/media?parent=7395"}],"wp:term":[{"taxonomy":"category","embeddable":true,"href":"https:\/\/poesiaerestu.com\/revista\/wp-json\/wp\/v2\/categories?post=7395"},{"taxonomy":"post_tag","embeddable":true,"href":"https:\/\/poesiaerestu.com\/revista\/wp-json\/wp\/v2\/tags?post=7395"}],"curies":[{"name":"wp","href":"https:\/\/api.w.org\/{rel}","templated":true}]}}