{"id":7391,"date":"2018-12-29T23:05:22","date_gmt":"2018-12-29T22:05:22","guid":{"rendered":"https:\/\/poesiaerestu.com\/revista\/?p=7391"},"modified":"2018-12-29T23:05:22","modified_gmt":"2018-12-29T22:05:22","slug":"para-una-teoria-las-distancias","status":"publish","type":"post","link":"https:\/\/poesiaerestu.com\/revista\/para-una-teoria-las-distancias\/","title":{"rendered":"PARA UNA TEOR\u00cdA DE LAS DISTANCIAS"},"content":{"rendered":"<p><strong><em><a href=\"https:\/\/poesiaerestu.com\/revista\/para-una-teoria-las-distancias\/para-una-teoria-de-las-distancias_lorenzo-olivan_201803221751\/\" rel=\"attachment wp-att-7392\"><img loading=\"lazy\" decoding=\"async\" class=\"size-medium wp-image-7392 alignleft\" src=\"https:\/\/spcdn.shortpixel.ai\/spio\/ret_img,q_cdnize,to_auto,s_webp:avif\/poesiaerestu.com\/revista\/wp-content\/uploads\/2018\/12\/para-una-teoria-de-las-distancias_lorenzo-olivan_201803221751-197x300.jpg\" alt=\"\" width=\"197\" height=\"300\" srcset=\"https:\/\/spcdn.shortpixel.ai\/spio\/ret_img,q_cdnize,to_auto,s_webp:avif\/poesiaerestu.com\/revista\/wp-content\/uploads\/2018\/12\/para-una-teoria-de-las-distancias_lorenzo-olivan_201803221751-197x300.jpg 197w, https:\/\/spcdn.shortpixel.ai\/spio\/ret_img,q_cdnize,to_auto,s_webp:avif\/poesiaerestu.com\/revista\/wp-content\/uploads\/2018\/12\/para-una-teoria-de-las-distancias_lorenzo-olivan_201803221751-39x60.jpg 39w, https:\/\/spcdn.shortpixel.ai\/spio\/ret_img,q_cdnize,to_auto,s_webp:avif\/poesiaerestu.com\/revista\/wp-content\/uploads\/2018\/12\/para-una-teoria-de-las-distancias_lorenzo-olivan_201803221751.jpg 252w\" sizes=\"auto, (max-width: 197px) 100vw, 197px\" \/><\/a>PARA UNA TEOR\u00cdA DE LAS DISTANCIAS<\/em><\/strong>,<a href=\"https:\/\/poesiaerestu.com\/revista\/museo-clase-obrera\/librorecomendado-1\/\" rel=\"attachment wp-att-7389\"><img loading=\"lazy\" decoding=\"async\" class=\"size-medium wp-image-7389 alignright\" src=\"https:\/\/spcdn.shortpixel.ai\/spio\/ret_img,q_cdnize,to_auto,s_webp:avif\/poesiaerestu.com\/revista\/wp-content\/uploads\/2018\/12\/Librorecomendado-1-300x278.jpg\" alt=\"\" width=\"300\" height=\"278\" srcset=\"https:\/\/spcdn.shortpixel.ai\/spio\/ret_img,q_cdnize,to_auto,s_webp:avif\/poesiaerestu.com\/revista\/wp-content\/uploads\/2018\/12\/Librorecomendado-1-300x278.jpg 300w, https:\/\/spcdn.shortpixel.ai\/spio\/ret_img,q_cdnize,to_auto,s_webp:avif\/poesiaerestu.com\/revista\/wp-content\/uploads\/2018\/12\/Librorecomendado-1.jpg 317w\" sizes=\"auto, (max-width: 300px) 100vw, 300px\" \/><\/a><\/p>\n<p>&nbsp;de <strong>Lorenzo Oliv\u00e1n<\/strong>.<\/p>\n<p>&nbsp;Tusquets Editores,<\/p>\n<p>Marginales, n\u00b0 301. Colecci\u00f3n \u201cNuevos textos sagrados\u201d.<\/p>\n<p>128 p\u00e1ginas.<\/p>\n<p><a class=\"fasc-button fasc-size-medium fasc-type-glossy fasc-rounded-medium\" style=\"background-color: #33809e; color: #ffffff;\" href=\"https:\/\/librodepoesia.com\/producto\/para-una-teoria-de-las-distancias-lorenzo-olivan\/\">Comprar libro de poes\u00eda<\/a><\/p>\n<p>Entre los Libros recomendados en 2014 por la Asociaci\u00f3n de Editores de Poes\u00eda figuraba <em>Nocturno casi<\/em>, de Lorenzo Oliv\u00e1n (Castro Urdiales, Cantabria, 1968); obra que, meses despu\u00e9s, se alz\u00f3 con el Premio Nacional de la Cr\u00edtica. No era el primero de los galardones en la carrera del autor: su poemario inaugural <em>Visiones y revisiones<\/em>, de 1995, mereci\u00f3 el Premio \u201cLuis Cernuda\u201d; <em>Puntos de fuga<\/em>, de 2001, el Premio Internacional de Poes\u00eda \u201cFundaci\u00f3n Loewe\u201d; y <em>Libro de los elementos<\/em>, de 2004, el Premio Internacional de Poes\u00eda \u201cGeneraci\u00f3n del 27\u201d. Una d\u00e9cada m\u00e1s tarde, el sello Tusquets public\u00f3 el aludido trabajo <em>Nocturno casi<\/em>, para ahora hacer lo propio con el titulado <em>Para una teor\u00eda de las distancias<\/em>. Ya en 2014 tuvimos ocasi\u00f3n de glosar debidamente el decir sobrio de Lorenzo Oliv\u00e1n, y el anhelo de levedad con que afronta sus indagaciones l\u00edricas; impresiones que <em>Para una teor\u00eda de las distancias<\/em> confirma, intensificando si cabe en los lectores la sensaci\u00f3n de un v\u00e9rtigo sutil aunque palmario.<\/p>\n<p>&nbsp;<\/p>\n<p>Se pregunta el autor: \u201c\u00bfpuede una identidad reafirmarse \/ sobre el espacio abierto \/ de la interrogaci\u00f3n?\u201d Oliv\u00e1n conducir\u00e1 incluso su nuevo libro hasta el temblor m\u00e1ximo del poema \u201cLa imagen m\u00faltiple\u201d, donde se fantasea con una clausura de la vida envuelta en la vor\u00e1gine de lo no consumado o no resuelto. Los estragos del paso de los a\u00f1os en el cuerpo y en la propia persona dan razones a la p\u00e1gina titulada \u201cDespiece\u201d; no obstante, \u201cComo una forma de vencer al tiempo\u201d, excepcional poema en prosa dedicado a la peonza \u2013\u201cNing\u00fan juguete igual. Ninguno\u201d-, funcionar\u00eda a la manera de un ant\u00eddoto en nuestro recuerdo lector. A fin de cuentas, <em>Para una teor\u00eda de las distancias<\/em> es un libro sobre la mirada, sobre el poder de la mirada para perseverar en el eje de la existencia \u2013\u201cDesde \u00e9l te levantas \/ s\u00f3lo desde \u00e9l te mueves \/ y \u00e9l hace tuyo \u2013s\u00f3lo tuyo- el mundo\u201d-. Si \u201cla ventana engrandece lo que enmarca\u201d, si \u201cescribir poes\u00eda es de alg\u00fan modo \/ estar enfermo de buscar ventanas\u201d para observar cuanto tenemos en derredor desde su recuadro, Finisterre acabar\u00e1 transform\u00e1ndose en la nueva \u00cdtaca desde la cual \u201cver el mundo\u201d, \u201ctejiendo y destejiendo el saber y el sabor del desear\u201d. La aventura de hallar ese \u201ckil\u00f3metro cero\u201d deparar\u00e1 instantes como el muy hermoso canto al deslumbramiento por lo primigenio en el poema titulado \u201cEl primer hombre\u201d, la excelente idea del dolor como \u201cel extra\u00f1o de la casa\u201d, o \u201cEl animal del fuego\u201d, un breve texto magn\u00edfico sobre la pasi\u00f3n carnal. Y todo ello, en definitiva, porque \u201cesconde cada cosa en s\u00ed el secreto \/ de la mejor distancia \/ a que debe ser vista\u201d.<\/p>\n<p style=\"text-align: center;\"><a class=\"fasc-button fasc-size-xlarge fasc-type-glossy fasc-rounded-medium\" style=\"background-color: #219919; color: #ffffff;\" href=\"https:\/\/librodepoesia.com\/producto\/para-una-teoria-de-las-distancias-lorenzo-olivan\/\">Comprar libro de poes\u00eda<\/a><\/p>\n","protected":false},"excerpt":{"rendered":"<p>PARA UNA TEOR\u00cdA DE LAS DISTANCIAS, &nbsp;de Lorenzo Oliv\u00e1n. &nbsp;Tusquets Editores, Marginales, n\u00b0 301. Colecci\u00f3n \u201cNuevos textos sagrados\u201d. 128 p\u00e1ginas. Comprar libro de poes\u00eda Entre los Libros recomendados en 2014 por la Asociaci\u00f3n de Editores de Poes\u00eda figuraba Nocturno casi, de Lorenzo Oliv\u00e1n (Castro Urdiales, Cantabria, 1968); obra que, meses despu\u00e9s, se alz\u00f3 con el&#8230;<\/p>\n","protected":false},"author":1,"featured_media":7392,"comment_status":"closed","ping_status":"closed","sticky":false,"template":"","format":"standard","meta":{"footnotes":"","_links_to":"","_links_to_target":""},"categories":[41],"tags":[],"class_list":["post-7391","post","type-post","status-publish","format-standard","has-post-thumbnail","hentry","category-resenas"],"yoast_head":"<!-- This site is optimized with the Yoast SEO Premium plugin v24.7 (Yoast SEO v27.5) - https:\/\/yoast.com\/product\/yoast-seo-premium-wordpress\/ -->\n<title>PARA UNA TEOR\u00cdA DE LAS DISTANCIAS - Poes\u00ed\u00ada eres t\u00fa (revista)<\/title>\n<meta name=\"robots\" content=\"index, follow, max-snippet:-1, max-image-preview:large, max-video-preview:-1\" \/>\n<link rel=\"canonical\" href=\"https:\/\/poesiaerestu.com\/revista\/para-una-teoria-las-distancias\/\" \/>\n<meta name=\"twitter:label1\" content=\"Written by\" \/>\n\t<meta name=\"twitter:data1\" content=\"admin\" \/>\n\t<meta name=\"twitter:label2\" content=\"Est. reading time\" \/>\n\t<meta name=\"twitter:data2\" content=\"3 minutes\" \/>\n<script type=\"application\/ld+json\" class=\"yoast-schema-graph\">{\"@context\":\"https:\\\/\\\/schema.org\",\"@graph\":[{\"@type\":\"Article\",\"@id\":\"https:\\\/\\\/poesiaerestu.com\\\/revista\\\/para-una-teoria-las-distancias\\\/#article\",\"isPartOf\":{\"@id\":\"https:\\\/\\\/poesiaerestu.com\\\/revista\\\/para-una-teoria-las-distancias\\\/\"},\"author\":{\"name\":\"admin\",\"@id\":\"https:\\\/\\\/poesiaerestu.com\\\/revista\\\/#\\\/schema\\\/person\\\/fcb1a2122be3810bfdd0c071b4b3e9c4\"},\"headline\":\"PARA UNA TEOR\u00cdA DE LAS DISTANCIAS\",\"datePublished\":\"2018-12-29T22:05:22+00:00\",\"mainEntityOfPage\":{\"@id\":\"https:\\\/\\\/poesiaerestu.com\\\/revista\\\/para-una-teoria-las-distancias\\\/\"},\"wordCount\":512,\"image\":{\"@id\":\"https:\\\/\\\/poesiaerestu.com\\\/revista\\\/para-una-teoria-las-distancias\\\/#primaryimage\"},\"thumbnailUrl\":\"https:\\\/\\\/poesiaerestu.com\\\/revista\\\/wp-content\\\/uploads\\\/2018\\\/12\\\/para-una-teoria-de-las-distancias_lorenzo-olivan_201803221751.jpg\",\"articleSection\":[\"Rese\u00f1as\"],\"inLanguage\":\"en-US\",\"copyrightYear\":\"2018\",\"copyrightHolder\":{\"@id\":\"https:\\\/\\\/poesiaerestu.com\\\/revista\\\/#organization\"}},{\"@type\":\"WebPage\",\"@id\":\"https:\\\/\\\/poesiaerestu.com\\\/revista\\\/para-una-teoria-las-distancias\\\/\",\"url\":\"https:\\\/\\\/poesiaerestu.com\\\/revista\\\/para-una-teoria-las-distancias\\\/\",\"name\":\"PARA UNA TEOR\u00cdA DE LAS DISTANCIAS - Poes\u00ed\u00ada eres t\u00fa (revista)\",\"isPartOf\":{\"@id\":\"https:\\\/\\\/poesiaerestu.com\\\/revista\\\/#website\"},\"primaryImageOfPage\":{\"@id\":\"https:\\\/\\\/poesiaerestu.com\\\/revista\\\/para-una-teoria-las-distancias\\\/#primaryimage\"},\"image\":{\"@id\":\"https:\\\/\\\/poesiaerestu.com\\\/revista\\\/para-una-teoria-las-distancias\\\/#primaryimage\"},\"thumbnailUrl\":\"https:\\\/\\\/poesiaerestu.com\\\/revista\\\/wp-content\\\/uploads\\\/2018\\\/12\\\/para-una-teoria-de-las-distancias_lorenzo-olivan_201803221751.jpg\",\"datePublished\":\"2018-12-29T22:05:22+00:00\",\"author\":{\"@id\":\"https:\\\/\\\/poesiaerestu.com\\\/revista\\\/#\\\/schema\\\/person\\\/fcb1a2122be3810bfdd0c071b4b3e9c4\"},\"breadcrumb\":{\"@id\":\"https:\\\/\\\/poesiaerestu.com\\\/revista\\\/para-una-teoria-las-distancias\\\/#breadcrumb\"},\"inLanguage\":\"en-US\",\"potentialAction\":[{\"@type\":\"ReadAction\",\"target\":[\"https:\\\/\\\/poesiaerestu.com\\\/revista\\\/para-una-teoria-las-distancias\\\/\"]}]},{\"@type\":\"ImageObject\",\"inLanguage\":\"en-US\",\"@id\":\"https:\\\/\\\/poesiaerestu.com\\\/revista\\\/para-una-teoria-las-distancias\\\/#primaryimage\",\"url\":\"https:\\\/\\\/poesiaerestu.com\\\/revista\\\/wp-content\\\/uploads\\\/2018\\\/12\\\/para-una-teoria-de-las-distancias_lorenzo-olivan_201803221751.jpg\",\"contentUrl\":\"https:\\\/\\\/poesiaerestu.com\\\/revista\\\/wp-content\\\/uploads\\\/2018\\\/12\\\/para-una-teoria-de-las-distancias_lorenzo-olivan_201803221751.jpg\",\"width\":252,\"height\":384},{\"@type\":\"BreadcrumbList\",\"@id\":\"https:\\\/\\\/poesiaerestu.com\\\/revista\\\/para-una-teoria-las-distancias\\\/#breadcrumb\",\"itemListElement\":[{\"@type\":\"ListItem\",\"position\":1,\"name\":\"Home\",\"item\":\"https:\\\/\\\/poesiaerestu.com\\\/revista\\\/\"},{\"@type\":\"ListItem\",\"position\":2,\"name\":\"PARA UNA TEOR\u00cdA DE LAS DISTANCIAS\"}]},{\"@type\":\"WebSite\",\"@id\":\"https:\\\/\\\/poesiaerestu.com\\\/revista\\\/#website\",\"url\":\"https:\\\/\\\/poesiaerestu.com\\\/revista\\\/\",\"name\":\"Poes\u00ed\u00ada eres t\u00fa (revista)\",\"description\":\"Revista de poes\u00eda y literatura\",\"potentialAction\":[{\"@type\":\"SearchAction\",\"target\":{\"@type\":\"EntryPoint\",\"urlTemplate\":\"https:\\\/\\\/poesiaerestu.com\\\/revista\\\/?s={search_term_string}\"},\"query-input\":{\"@type\":\"PropertyValueSpecification\",\"valueRequired\":true,\"valueName\":\"search_term_string\"}}],\"inLanguage\":\"en-US\"},{\"@type\":\"Person\",\"@id\":\"https:\\\/\\\/poesiaerestu.com\\\/revista\\\/#\\\/schema\\\/person\\\/fcb1a2122be3810bfdd0c071b4b3e9c4\",\"name\":\"admin\",\"image\":{\"@type\":\"ImageObject\",\"inLanguage\":\"en-US\",\"@id\":\"https:\\\/\\\/secure.gravatar.com\\\/avatar\\\/1cb55a5bd8d6824519e46b552e84b03575857cc9c4d6333824d2f95d82129f50?s=96&d=mm&r=g\",\"url\":\"https:\\\/\\\/secure.gravatar.com\\\/avatar\\\/1cb55a5bd8d6824519e46b552e84b03575857cc9c4d6333824d2f95d82129f50?s=96&d=mm&r=g\",\"contentUrl\":\"https:\\\/\\\/secure.gravatar.com\\\/avatar\\\/1cb55a5bd8d6824519e46b552e84b03575857cc9c4d6333824d2f95d82129f50?s=96&d=mm&r=g\",\"caption\":\"admin\"},\"url\":\"https:\\\/\\\/poesiaerestu.com\\\/revista\\\/author\\\/admin\\\/\"}]}<\/script>\n<!-- \/ Yoast SEO Premium plugin. -->","yoast_head_json":{"title":"PARA UNA TEOR\u00cdA DE LAS DISTANCIAS - Poes\u00ed\u00ada eres t\u00fa (revista)","robots":{"index":"index","follow":"follow","max-snippet":"max-snippet:-1","max-image-preview":"max-image-preview:large","max-video-preview":"max-video-preview:-1"},"canonical":"https:\/\/poesiaerestu.com\/revista\/para-una-teoria-las-distancias\/","twitter_misc":{"Written by":"admin","Est. reading time":"3 minutes"},"schema":{"@context":"https:\/\/schema.org","@graph":[{"@type":"Article","@id":"https:\/\/poesiaerestu.com\/revista\/para-una-teoria-las-distancias\/#article","isPartOf":{"@id":"https:\/\/poesiaerestu.com\/revista\/para-una-teoria-las-distancias\/"},"author":{"name":"admin","@id":"https:\/\/poesiaerestu.com\/revista\/#\/schema\/person\/fcb1a2122be3810bfdd0c071b4b3e9c4"},"headline":"PARA UNA TEOR\u00cdA DE LAS DISTANCIAS","datePublished":"2018-12-29T22:05:22+00:00","mainEntityOfPage":{"@id":"https:\/\/poesiaerestu.com\/revista\/para-una-teoria-las-distancias\/"},"wordCount":512,"image":{"@id":"https:\/\/poesiaerestu.com\/revista\/para-una-teoria-las-distancias\/#primaryimage"},"thumbnailUrl":"https:\/\/poesiaerestu.com\/revista\/wp-content\/uploads\/2018\/12\/para-una-teoria-de-las-distancias_lorenzo-olivan_201803221751.jpg","articleSection":["Rese\u00f1as"],"inLanguage":"en-US","copyrightYear":"2018","copyrightHolder":{"@id":"https:\/\/poesiaerestu.com\/revista\/#organization"}},{"@type":"WebPage","@id":"https:\/\/poesiaerestu.com\/revista\/para-una-teoria-las-distancias\/","url":"https:\/\/poesiaerestu.com\/revista\/para-una-teoria-las-distancias\/","name":"PARA UNA TEOR\u00cdA DE LAS DISTANCIAS - Poes\u00ed\u00ada eres t\u00fa (revista)","isPartOf":{"@id":"https:\/\/poesiaerestu.com\/revista\/#website"},"primaryImageOfPage":{"@id":"https:\/\/poesiaerestu.com\/revista\/para-una-teoria-las-distancias\/#primaryimage"},"image":{"@id":"https:\/\/poesiaerestu.com\/revista\/para-una-teoria-las-distancias\/#primaryimage"},"thumbnailUrl":"https:\/\/poesiaerestu.com\/revista\/wp-content\/uploads\/2018\/12\/para-una-teoria-de-las-distancias_lorenzo-olivan_201803221751.jpg","datePublished":"2018-12-29T22:05:22+00:00","author":{"@id":"https:\/\/poesiaerestu.com\/revista\/#\/schema\/person\/fcb1a2122be3810bfdd0c071b4b3e9c4"},"breadcrumb":{"@id":"https:\/\/poesiaerestu.com\/revista\/para-una-teoria-las-distancias\/#breadcrumb"},"inLanguage":"en-US","potentialAction":[{"@type":"ReadAction","target":["https:\/\/poesiaerestu.com\/revista\/para-una-teoria-las-distancias\/"]}]},{"@type":"ImageObject","inLanguage":"en-US","@id":"https:\/\/poesiaerestu.com\/revista\/para-una-teoria-las-distancias\/#primaryimage","url":"https:\/\/poesiaerestu.com\/revista\/wp-content\/uploads\/2018\/12\/para-una-teoria-de-las-distancias_lorenzo-olivan_201803221751.jpg","contentUrl":"https:\/\/poesiaerestu.com\/revista\/wp-content\/uploads\/2018\/12\/para-una-teoria-de-las-distancias_lorenzo-olivan_201803221751.jpg","width":252,"height":384},{"@type":"BreadcrumbList","@id":"https:\/\/poesiaerestu.com\/revista\/para-una-teoria-las-distancias\/#breadcrumb","itemListElement":[{"@type":"ListItem","position":1,"name":"Home","item":"https:\/\/poesiaerestu.com\/revista\/"},{"@type":"ListItem","position":2,"name":"PARA UNA TEOR\u00cdA DE LAS DISTANCIAS"}]},{"@type":"WebSite","@id":"https:\/\/poesiaerestu.com\/revista\/#website","url":"https:\/\/poesiaerestu.com\/revista\/","name":"Poes\u00ed\u00ada eres t\u00fa (revista)","description":"Revista de poes\u00eda y literatura","potentialAction":[{"@type":"SearchAction","target":{"@type":"EntryPoint","urlTemplate":"https:\/\/poesiaerestu.com\/revista\/?s={search_term_string}"},"query-input":{"@type":"PropertyValueSpecification","valueRequired":true,"valueName":"search_term_string"}}],"inLanguage":"en-US"},{"@type":"Person","@id":"https:\/\/poesiaerestu.com\/revista\/#\/schema\/person\/fcb1a2122be3810bfdd0c071b4b3e9c4","name":"admin","image":{"@type":"ImageObject","inLanguage":"en-US","@id":"https:\/\/secure.gravatar.com\/avatar\/1cb55a5bd8d6824519e46b552e84b03575857cc9c4d6333824d2f95d82129f50?s=96&d=mm&r=g","url":"https:\/\/secure.gravatar.com\/avatar\/1cb55a5bd8d6824519e46b552e84b03575857cc9c4d6333824d2f95d82129f50?s=96&d=mm&r=g","contentUrl":"https:\/\/secure.gravatar.com\/avatar\/1cb55a5bd8d6824519e46b552e84b03575857cc9c4d6333824d2f95d82129f50?s=96&d=mm&r=g","caption":"admin"},"url":"https:\/\/poesiaerestu.com\/revista\/author\/admin\/"}]}},"_links":{"self":[{"href":"https:\/\/poesiaerestu.com\/revista\/wp-json\/wp\/v2\/posts\/7391","targetHints":{"allow":["GET"]}}],"collection":[{"href":"https:\/\/poesiaerestu.com\/revista\/wp-json\/wp\/v2\/posts"}],"about":[{"href":"https:\/\/poesiaerestu.com\/revista\/wp-json\/wp\/v2\/types\/post"}],"author":[{"embeddable":true,"href":"https:\/\/poesiaerestu.com\/revista\/wp-json\/wp\/v2\/users\/1"}],"replies":[{"embeddable":true,"href":"https:\/\/poesiaerestu.com\/revista\/wp-json\/wp\/v2\/comments?post=7391"}],"version-history":[{"count":0,"href":"https:\/\/poesiaerestu.com\/revista\/wp-json\/wp\/v2\/posts\/7391\/revisions"}],"wp:featuredmedia":[{"embeddable":true,"href":"https:\/\/poesiaerestu.com\/revista\/wp-json\/wp\/v2\/media\/7392"}],"wp:attachment":[{"href":"https:\/\/poesiaerestu.com\/revista\/wp-json\/wp\/v2\/media?parent=7391"}],"wp:term":[{"taxonomy":"category","embeddable":true,"href":"https:\/\/poesiaerestu.com\/revista\/wp-json\/wp\/v2\/categories?post=7391"},{"taxonomy":"post_tag","embeddable":true,"href":"https:\/\/poesiaerestu.com\/revista\/wp-json\/wp\/v2\/tags?post=7391"}],"curies":[{"name":"wp","href":"https:\/\/api.w.org\/{rel}","templated":true}]}}