{"id":7184,"date":"2018-05-30T22:51:14","date_gmt":"2018-05-30T20:51:14","guid":{"rendered":"https:\/\/poesiaerestu.com\/revista\/?p=7184"},"modified":"2018-05-30T22:51:15","modified_gmt":"2018-05-30T20:51:15","slug":"las-ordenes","status":"publish","type":"post","link":"https:\/\/poesiaerestu.com\/revista\/las-ordenes\/","title":{"rendered":"LAS \u00d3RDENES"},"content":{"rendered":"<p><strong><a href=\"https:\/\/poesiaerestu.com\/revista\/las-ordenes\/las-ordenes\/\" rel=\"attachment wp-att-7185\"><img loading=\"lazy\" decoding=\"async\" class=\"size-medium wp-image-7185 alignleft\" src=\"https:\/\/spcdn.shortpixel.ai\/spio\/ret_img,q_cdnize,to_auto,s_webp:avif\/poesiaerestu.com\/revista\/wp-content\/uploads\/2018\/05\/Las-Ordenes-172x300.jpg\" alt=\"Las-Ordenes\" width=\"172\" height=\"300\" srcset=\"https:\/\/spcdn.shortpixel.ai\/spio\/ret_img,q_cdnize,to_auto,s_webp:avif\/poesiaerestu.com\/revista\/wp-content\/uploads\/2018\/05\/Las-Ordenes-172x300.jpg 172w, https:\/\/spcdn.shortpixel.ai\/spio\/ret_img,q_cdnize,to_auto,s_webp:avif\/poesiaerestu.com\/revista\/wp-content\/uploads\/2018\/05\/Las-Ordenes-586x1024.jpg 586w, https:\/\/spcdn.shortpixel.ai\/spio\/ret_img,q_cdnize,to_auto,s_webp:avif\/poesiaerestu.com\/revista\/wp-content\/uploads\/2018\/05\/Las-Ordenes-600x1049.jpg 600w, https:\/\/spcdn.shortpixel.ai\/spio\/ret_img,q_cdnize,to_auto,s_webp:avif\/poesiaerestu.com\/revista\/wp-content\/uploads\/2018\/05\/Las-Ordenes-768x1343.jpg 768w, https:\/\/spcdn.shortpixel.ai\/spio\/ret_img,q_cdnize,to_auto,s_webp:avif\/poesiaerestu.com\/revista\/wp-content\/uploads\/2018\/05\/Las-Ordenes-34x60.jpg 34w, https:\/\/spcdn.shortpixel.ai\/spio\/ret_img,q_cdnize,to_auto,s_webp:avif\/poesiaerestu.com\/revista\/wp-content\/uploads\/2018\/05\/Las-Ordenes.jpg 915w\" sizes=\"auto, (max-width: 172px) 100vw, 172px\" \/><\/a><span style=\"text-decoration: underline;\">LAS \u00d3RDENES<\/span><\/strong><\/p>\n<p>Pilar Ad\u00f3n<\/p>\n<p>61 p\u00e1ginas<\/p>\n<p>La Bella Varsovia (2018)<\/p>\n<p><a class=\"fasc-button fasc-size-xlarge fasc-type-glossy fasc-rounded-medium\" style=\"background-color: #369e33; color: #ffffff;\" target=\"_blank\" href=\"https:\/\/librodepoesia.com\/producto\/las-ordenes-pilar-adon\/\">Comprar libro de poes\u00eda<\/a><\/p>\n<h3><strong><u>INCUMPLIMIENTO DE CONTRATO<\/u><\/strong> por Victor Bayona Marchall<\/h3>\n<p>De alguna manera, desobedecer es atender a cierto orden, cierta clausura esquem\u00e1tica. Si romper algo es desmenuzar, hacer caso omiso es extender la costumbre de establecer unos principios de forma c\u00edclica, renovarse. Precisamente de renovaci\u00f3n consiste, tambi\u00e9n, la maternidad; la creaci\u00f3n de nueva carne, nueva materia, que luego se expone al mundo y evoluciona, y procrea, y contin\u00faa el ciclo. \u00bfHay naturalidad en todo ello? \u00bfSe puede uno pasar de la raya y no obtener un resultado definitivo? De eso trata el poemario de Pilar Ad\u00f3n <em>Las \u00d3rdenes<\/em>, de atender o no atender a esa voz natural que llama a los seres humanos a concebir comportamientos y actitudes que posiblemente nos definan como especie biol\u00f3gica.<\/p>\n<p>&nbsp;<\/p>\n<p>A trav\u00e9s de la sutileza de combinaci\u00f3n de poemas extensos y breves (casi aforismos) la autora se introduce e introduce al lector en una mente nueva, de un personaje (real o no, eso no importa) muy veros\u00edmil, en la que discute cuestiones como el dolor de las mujeres ignoradas, la maternidad por ambas partes y las tendencias de las personas a ciertos actos que terminan por condicionar a las personas.<\/p>\n<p>&nbsp;<\/p>\n<p>El poemario refleja ese rechazo y esa aceptaci\u00f3n fruto de una situaci\u00f3n en la que no se sabe muy bien qu\u00e9 hacer, pero siempre se act\u00faa de una forma reflexiva. De esta forma niega su futuro preestablecido (\u201cno queremos ser madres\u201d), el olvido como consecuencia de la madurez (\u201cA\u00f1orando de mi yo joven \/ la noci\u00f3n de perspectiva. El pensar ya lo har\u00e9. \/ La amplitud de las horas. La observaci\u00f3n de cada \/ posibilidad.\u201d, o el amor como don natural tambi\u00e9n perjudicial, como el elemento del que el ser humano parece tener prisa por deshacerse (\u201cEl amor en bruto no sirve. \/ Hay que dosificarlo. \/ Saber domarlo y repartirlo \/ hasta que se extinga\u201d).<\/p>\n<p>&nbsp;<\/p>\n<p>En definitiva, desde ese punto de vista inc\u00f3modo de las cosas que se cuestionan, Pilar Ad\u00f3n ha escrito una obra necesaria, urgente por sus preguntas y sus m\u00e1s o menos respuestas. El lector necesita aprender de este libro, comprender que desobedecer no es m\u00e1s que una forma de comportamiento humano, y es precisamente eso, lo humano, lo que es imprescindible.<\/p>\n<p style=\"text-align: center;\"><a class=\"fasc-button fasc-size-medium fasc-type-flat fasc-ico-before dashicons-book\" style=\"background-color: #d98d00; color: #ffffff;\" target=\"_blank\" href=\"https:\/\/librodepoesia.com\/producto\/las-ordenes-pilar-adon\/\">Comprar libro de poes\u00eda &#8220;Las \u00d3rdenes&#8221; de Pilar Ad\u00f3n<\/a><\/p>\n","protected":false},"excerpt":{"rendered":"<p>LAS \u00d3RDENES Pilar Ad\u00f3n 61 p\u00e1ginas La Bella Varsovia (2018) Comprar libro de poes\u00eda INCUMPLIMIENTO DE CONTRATO por Victor Bayona Marchall De alguna manera, desobedecer es atender a cierto orden, cierta clausura esquem\u00e1tica. Si romper algo es desmenuzar, hacer caso omiso es extender la costumbre de establecer unos principios de forma c\u00edclica, renovarse. Precisamente de&#8230;<\/p>\n","protected":false},"author":1,"featured_media":7185,"comment_status":"closed","ping_status":"closed","sticky":false,"template":"","format":"standard","meta":{"footnotes":"","_links_to":"","_links_to_target":""},"categories":[41],"tags":[],"class_list":["post-7184","post","type-post","status-publish","format-standard","has-post-thumbnail","hentry","category-resenas"],"yoast_head":"<!-- This site is optimized with the Yoast SEO Premium plugin v24.7 (Yoast SEO v27.5) - https:\/\/yoast.com\/product\/yoast-seo-premium-wordpress\/ -->\n<title>LAS \u00d3RDENES - Poes\u00ed\u00ada eres t\u00fa (revista)<\/title>\n<meta name=\"robots\" content=\"index, follow, max-snippet:-1, max-image-preview:large, max-video-preview:-1\" \/>\n<link rel=\"canonical\" href=\"https:\/\/poesiaerestu.com\/revista\/las-ordenes\/\" \/>\n<meta name=\"twitter:label1\" content=\"Written by\" \/>\n\t<meta name=\"twitter:data1\" content=\"admin\" \/>\n\t<meta name=\"twitter:label2\" content=\"Est. reading time\" \/>\n\t<meta name=\"twitter:data2\" content=\"2 minutes\" \/>\n<script type=\"application\/ld+json\" class=\"yoast-schema-graph\">{\"@context\":\"https:\\\/\\\/schema.org\",\"@graph\":[{\"@type\":\"Article\",\"@id\":\"https:\\\/\\\/poesiaerestu.com\\\/revista\\\/las-ordenes\\\/#article\",\"isPartOf\":{\"@id\":\"https:\\\/\\\/poesiaerestu.com\\\/revista\\\/las-ordenes\\\/\"},\"author\":{\"name\":\"admin\",\"@id\":\"https:\\\/\\\/poesiaerestu.com\\\/revista\\\/#\\\/schema\\\/person\\\/fcb1a2122be3810bfdd0c071b4b3e9c4\"},\"headline\":\"LAS \u00d3RDENES\",\"datePublished\":\"2018-05-30T20:51:14+00:00\",\"dateModified\":\"2018-05-30T20:51:15+00:00\",\"mainEntityOfPage\":{\"@id\":\"https:\\\/\\\/poesiaerestu.com\\\/revista\\\/las-ordenes\\\/\"},\"wordCount\":415,\"image\":{\"@id\":\"https:\\\/\\\/poesiaerestu.com\\\/revista\\\/las-ordenes\\\/#primaryimage\"},\"thumbnailUrl\":\"https:\\\/\\\/poesiaerestu.com\\\/revista\\\/wp-content\\\/uploads\\\/2018\\\/05\\\/Las-Ordenes.jpg\",\"articleSection\":[\"Rese\u00f1as\"],\"inLanguage\":\"en-US\",\"copyrightYear\":\"2018\",\"copyrightHolder\":{\"@id\":\"https:\\\/\\\/poesiaerestu.com\\\/revista\\\/#organization\"}},{\"@type\":\"WebPage\",\"@id\":\"https:\\\/\\\/poesiaerestu.com\\\/revista\\\/las-ordenes\\\/\",\"url\":\"https:\\\/\\\/poesiaerestu.com\\\/revista\\\/las-ordenes\\\/\",\"name\":\"LAS \u00d3RDENES - Poes\u00ed\u00ada eres t\u00fa (revista)\",\"isPartOf\":{\"@id\":\"https:\\\/\\\/poesiaerestu.com\\\/revista\\\/#website\"},\"primaryImageOfPage\":{\"@id\":\"https:\\\/\\\/poesiaerestu.com\\\/revista\\\/las-ordenes\\\/#primaryimage\"},\"image\":{\"@id\":\"https:\\\/\\\/poesiaerestu.com\\\/revista\\\/las-ordenes\\\/#primaryimage\"},\"thumbnailUrl\":\"https:\\\/\\\/poesiaerestu.com\\\/revista\\\/wp-content\\\/uploads\\\/2018\\\/05\\\/Las-Ordenes.jpg\",\"datePublished\":\"2018-05-30T20:51:14+00:00\",\"dateModified\":\"2018-05-30T20:51:15+00:00\",\"author\":{\"@id\":\"https:\\\/\\\/poesiaerestu.com\\\/revista\\\/#\\\/schema\\\/person\\\/fcb1a2122be3810bfdd0c071b4b3e9c4\"},\"breadcrumb\":{\"@id\":\"https:\\\/\\\/poesiaerestu.com\\\/revista\\\/las-ordenes\\\/#breadcrumb\"},\"inLanguage\":\"en-US\",\"potentialAction\":[{\"@type\":\"ReadAction\",\"target\":[\"https:\\\/\\\/poesiaerestu.com\\\/revista\\\/las-ordenes\\\/\"]}]},{\"@type\":\"ImageObject\",\"inLanguage\":\"en-US\",\"@id\":\"https:\\\/\\\/poesiaerestu.com\\\/revista\\\/las-ordenes\\\/#primaryimage\",\"url\":\"https:\\\/\\\/poesiaerestu.com\\\/revista\\\/wp-content\\\/uploads\\\/2018\\\/05\\\/Las-Ordenes.jpg\",\"contentUrl\":\"https:\\\/\\\/poesiaerestu.com\\\/revista\\\/wp-content\\\/uploads\\\/2018\\\/05\\\/Las-Ordenes.jpg\",\"width\":915,\"height\":1600,\"caption\":\"Las-Ordenes\"},{\"@type\":\"BreadcrumbList\",\"@id\":\"https:\\\/\\\/poesiaerestu.com\\\/revista\\\/las-ordenes\\\/#breadcrumb\",\"itemListElement\":[{\"@type\":\"ListItem\",\"position\":1,\"name\":\"Home\",\"item\":\"https:\\\/\\\/poesiaerestu.com\\\/revista\\\/\"},{\"@type\":\"ListItem\",\"position\":2,\"name\":\"LAS \u00d3RDENES\"}]},{\"@type\":\"WebSite\",\"@id\":\"https:\\\/\\\/poesiaerestu.com\\\/revista\\\/#website\",\"url\":\"https:\\\/\\\/poesiaerestu.com\\\/revista\\\/\",\"name\":\"Poes\u00ed\u00ada eres t\u00fa (revista)\",\"description\":\"Revista de poes\u00eda y literatura\",\"potentialAction\":[{\"@type\":\"SearchAction\",\"target\":{\"@type\":\"EntryPoint\",\"urlTemplate\":\"https:\\\/\\\/poesiaerestu.com\\\/revista\\\/?s={search_term_string}\"},\"query-input\":{\"@type\":\"PropertyValueSpecification\",\"valueRequired\":true,\"valueName\":\"search_term_string\"}}],\"inLanguage\":\"en-US\"},{\"@type\":\"Person\",\"@id\":\"https:\\\/\\\/poesiaerestu.com\\\/revista\\\/#\\\/schema\\\/person\\\/fcb1a2122be3810bfdd0c071b4b3e9c4\",\"name\":\"admin\",\"image\":{\"@type\":\"ImageObject\",\"inLanguage\":\"en-US\",\"@id\":\"https:\\\/\\\/secure.gravatar.com\\\/avatar\\\/1cb55a5bd8d6824519e46b552e84b03575857cc9c4d6333824d2f95d82129f50?s=96&d=mm&r=g\",\"url\":\"https:\\\/\\\/secure.gravatar.com\\\/avatar\\\/1cb55a5bd8d6824519e46b552e84b03575857cc9c4d6333824d2f95d82129f50?s=96&d=mm&r=g\",\"contentUrl\":\"https:\\\/\\\/secure.gravatar.com\\\/avatar\\\/1cb55a5bd8d6824519e46b552e84b03575857cc9c4d6333824d2f95d82129f50?s=96&d=mm&r=g\",\"caption\":\"admin\"},\"url\":\"https:\\\/\\\/poesiaerestu.com\\\/revista\\\/author\\\/admin\\\/\"}]}<\/script>\n<!-- \/ Yoast SEO Premium plugin. -->","yoast_head_json":{"title":"LAS \u00d3RDENES - Poes\u00ed\u00ada eres t\u00fa (revista)","robots":{"index":"index","follow":"follow","max-snippet":"max-snippet:-1","max-image-preview":"max-image-preview:large","max-video-preview":"max-video-preview:-1"},"canonical":"https:\/\/poesiaerestu.com\/revista\/las-ordenes\/","twitter_misc":{"Written by":"admin","Est. reading time":"2 minutes"},"schema":{"@context":"https:\/\/schema.org","@graph":[{"@type":"Article","@id":"https:\/\/poesiaerestu.com\/revista\/las-ordenes\/#article","isPartOf":{"@id":"https:\/\/poesiaerestu.com\/revista\/las-ordenes\/"},"author":{"name":"admin","@id":"https:\/\/poesiaerestu.com\/revista\/#\/schema\/person\/fcb1a2122be3810bfdd0c071b4b3e9c4"},"headline":"LAS \u00d3RDENES","datePublished":"2018-05-30T20:51:14+00:00","dateModified":"2018-05-30T20:51:15+00:00","mainEntityOfPage":{"@id":"https:\/\/poesiaerestu.com\/revista\/las-ordenes\/"},"wordCount":415,"image":{"@id":"https:\/\/poesiaerestu.com\/revista\/las-ordenes\/#primaryimage"},"thumbnailUrl":"https:\/\/poesiaerestu.com\/revista\/wp-content\/uploads\/2018\/05\/Las-Ordenes.jpg","articleSection":["Rese\u00f1as"],"inLanguage":"en-US","copyrightYear":"2018","copyrightHolder":{"@id":"https:\/\/poesiaerestu.com\/revista\/#organization"}},{"@type":"WebPage","@id":"https:\/\/poesiaerestu.com\/revista\/las-ordenes\/","url":"https:\/\/poesiaerestu.com\/revista\/las-ordenes\/","name":"LAS \u00d3RDENES - Poes\u00ed\u00ada eres t\u00fa (revista)","isPartOf":{"@id":"https:\/\/poesiaerestu.com\/revista\/#website"},"primaryImageOfPage":{"@id":"https:\/\/poesiaerestu.com\/revista\/las-ordenes\/#primaryimage"},"image":{"@id":"https:\/\/poesiaerestu.com\/revista\/las-ordenes\/#primaryimage"},"thumbnailUrl":"https:\/\/poesiaerestu.com\/revista\/wp-content\/uploads\/2018\/05\/Las-Ordenes.jpg","datePublished":"2018-05-30T20:51:14+00:00","dateModified":"2018-05-30T20:51:15+00:00","author":{"@id":"https:\/\/poesiaerestu.com\/revista\/#\/schema\/person\/fcb1a2122be3810bfdd0c071b4b3e9c4"},"breadcrumb":{"@id":"https:\/\/poesiaerestu.com\/revista\/las-ordenes\/#breadcrumb"},"inLanguage":"en-US","potentialAction":[{"@type":"ReadAction","target":["https:\/\/poesiaerestu.com\/revista\/las-ordenes\/"]}]},{"@type":"ImageObject","inLanguage":"en-US","@id":"https:\/\/poesiaerestu.com\/revista\/las-ordenes\/#primaryimage","url":"https:\/\/poesiaerestu.com\/revista\/wp-content\/uploads\/2018\/05\/Las-Ordenes.jpg","contentUrl":"https:\/\/poesiaerestu.com\/revista\/wp-content\/uploads\/2018\/05\/Las-Ordenes.jpg","width":915,"height":1600,"caption":"Las-Ordenes"},{"@type":"BreadcrumbList","@id":"https:\/\/poesiaerestu.com\/revista\/las-ordenes\/#breadcrumb","itemListElement":[{"@type":"ListItem","position":1,"name":"Home","item":"https:\/\/poesiaerestu.com\/revista\/"},{"@type":"ListItem","position":2,"name":"LAS \u00d3RDENES"}]},{"@type":"WebSite","@id":"https:\/\/poesiaerestu.com\/revista\/#website","url":"https:\/\/poesiaerestu.com\/revista\/","name":"Poes\u00ed\u00ada eres t\u00fa (revista)","description":"Revista de poes\u00eda y literatura","potentialAction":[{"@type":"SearchAction","target":{"@type":"EntryPoint","urlTemplate":"https:\/\/poesiaerestu.com\/revista\/?s={search_term_string}"},"query-input":{"@type":"PropertyValueSpecification","valueRequired":true,"valueName":"search_term_string"}}],"inLanguage":"en-US"},{"@type":"Person","@id":"https:\/\/poesiaerestu.com\/revista\/#\/schema\/person\/fcb1a2122be3810bfdd0c071b4b3e9c4","name":"admin","image":{"@type":"ImageObject","inLanguage":"en-US","@id":"https:\/\/secure.gravatar.com\/avatar\/1cb55a5bd8d6824519e46b552e84b03575857cc9c4d6333824d2f95d82129f50?s=96&d=mm&r=g","url":"https:\/\/secure.gravatar.com\/avatar\/1cb55a5bd8d6824519e46b552e84b03575857cc9c4d6333824d2f95d82129f50?s=96&d=mm&r=g","contentUrl":"https:\/\/secure.gravatar.com\/avatar\/1cb55a5bd8d6824519e46b552e84b03575857cc9c4d6333824d2f95d82129f50?s=96&d=mm&r=g","caption":"admin"},"url":"https:\/\/poesiaerestu.com\/revista\/author\/admin\/"}]}},"_links":{"self":[{"href":"https:\/\/poesiaerestu.com\/revista\/wp-json\/wp\/v2\/posts\/7184","targetHints":{"allow":["GET"]}}],"collection":[{"href":"https:\/\/poesiaerestu.com\/revista\/wp-json\/wp\/v2\/posts"}],"about":[{"href":"https:\/\/poesiaerestu.com\/revista\/wp-json\/wp\/v2\/types\/post"}],"author":[{"embeddable":true,"href":"https:\/\/poesiaerestu.com\/revista\/wp-json\/wp\/v2\/users\/1"}],"replies":[{"embeddable":true,"href":"https:\/\/poesiaerestu.com\/revista\/wp-json\/wp\/v2\/comments?post=7184"}],"version-history":[{"count":0,"href":"https:\/\/poesiaerestu.com\/revista\/wp-json\/wp\/v2\/posts\/7184\/revisions"}],"wp:featuredmedia":[{"embeddable":true,"href":"https:\/\/poesiaerestu.com\/revista\/wp-json\/wp\/v2\/media\/7185"}],"wp:attachment":[{"href":"https:\/\/poesiaerestu.com\/revista\/wp-json\/wp\/v2\/media?parent=7184"}],"wp:term":[{"taxonomy":"category","embeddable":true,"href":"https:\/\/poesiaerestu.com\/revista\/wp-json\/wp\/v2\/categories?post=7184"},{"taxonomy":"post_tag","embeddable":true,"href":"https:\/\/poesiaerestu.com\/revista\/wp-json\/wp\/v2\/tags?post=7184"}],"curies":[{"name":"wp","href":"https:\/\/api.w.org\/{rel}","templated":true}]}}