{"id":7154,"date":"2018-04-10T00:03:21","date_gmt":"2018-04-09T22:03:21","guid":{"rendered":"https:\/\/poesiaerestu.com\/revista\/?p=7154"},"modified":"2018-04-10T00:03:21","modified_gmt":"2018-04-09T22:03:21","slug":"jesus-montiel-siempre-habra-poesia-poetas-independientemente-del-siglo","status":"publish","type":"post","link":"https:\/\/poesiaerestu.com\/revista\/jesus-montiel-siempre-habra-poesia-poetas-independientemente-del-siglo\/","title":{"rendered":"Jes\u00fas Montiel: &#8220;Siempre habr\u00e1 poes\u00eda y poetas, independientemente del siglo&#8221;"},"content":{"rendered":"<h1><span class=\"ez-toc-section\" id=\"Entrevista_a_Jesus_Montiel_realizada_por_Victor_Bayona_Marchal\"><\/span>Entrevista a Jes\u00fas Montiel, realizada por Victor Bayona Marchal<span class=\"ez-toc-section-end\"><\/span><\/h1><div id=\"ez-toc-container\" class=\"ez-toc-v2_0_82_2 counter-hierarchy ez-toc-counter ez-toc-grey ez-toc-container-direction\">\n<p class=\"ez-toc-title\" style=\"cursor:inherit\">\u00cdndice<\/p>\n<label for=\"ez-toc-cssicon-toggle-item-69f4dc7cbfdae\" class=\"ez-toc-cssicon-toggle-label\"><span class=\"\"><span class=\"eztoc-hide\" style=\"display:none;\">Toggle<\/span><span class=\"ez-toc-icon-toggle-span\"><svg style=\"fill: #81d742;color:#81d742\" xmlns=\"http:\/\/www.w3.org\/2000\/svg\" class=\"list-377408\" width=\"20px\" height=\"20px\" viewBox=\"0 0 24 24\" fill=\"none\"><path d=\"M6 6H4v2h2V6zm14 0H8v2h12V6zM4 11h2v2H4v-2zm16 0H8v2h12v-2zM4 16h2v2H4v-2zm16 0H8v2h12v-2z\" fill=\"currentColor\"><\/path><\/svg><svg style=\"fill: #81d742;color:#81d742\" class=\"arrow-unsorted-368013\" xmlns=\"http:\/\/www.w3.org\/2000\/svg\" width=\"10px\" height=\"10px\" viewBox=\"0 0 24 24\" version=\"1.2\" baseProfile=\"tiny\"><path d=\"M18.2 9.3l-6.2-6.3-6.2 6.3c-.2.2-.3.4-.3.7s.1.5.3.7c.2.2.4.3.7.3h11c.3 0 .5-.1.7-.3.2-.2.3-.5.3-.7s-.1-.5-.3-.7zM5.8 14.7l6.2 6.3 6.2-6.3c.2-.2.3-.5.3-.7s-.1-.5-.3-.7c-.2-.2-.4-.3-.7-.3h-11c-.3 0-.5.1-.7.3-.2.2-.3.5-.3.7s.1.5.3.7z\"\/><\/svg><\/span><\/span><\/label><input type=\"checkbox\"  id=\"ez-toc-cssicon-toggle-item-69f4dc7cbfdae\" checked aria-label=\"Toggle\" \/><nav><ul class='ez-toc-list ez-toc-list-level-1 ' ><li class='ez-toc-page-1 ez-toc-heading-level-1'><a class=\"ez-toc-link ez-toc-heading-1\" href=\"https:\/\/poesiaerestu.com\/revista\/jesus-montiel-siempre-habra-poesia-poetas-independientemente-del-siglo\/#Entrevista_a_Jesus_Montiel_realizada_por_Victor_Bayona_Marchal\" >Entrevista a Jes\u00fas Montiel, realizada por Victor Bayona Marchal<\/a><ul class='ez-toc-list-level-2' ><li class='ez-toc-heading-level-2'><a class=\"ez-toc-link ez-toc-heading-2\" href=\"https:\/\/poesiaerestu.com\/revista\/jesus-montiel-siempre-habra-poesia-poetas-independientemente-del-siglo\/#P-%C2%BFHay_poesia_hoy_en_dia_que_no_es_poesia%C2%BFImplica_restringir_el_genero_hacerlo_exclusivo\" >P.-\u00bfHay poes\u00eda hoy en d\u00eda que no es poes\u00eda?\u00bfImplica restringir el g\u00e9nero hacerlo exclusivo?<\/a><\/li><li class='ez-toc-page-1 ez-toc-heading-level-2'><a class=\"ez-toc-link ez-toc-heading-3\" href=\"https:\/\/poesiaerestu.com\/revista\/jesus-montiel-siempre-habra-poesia-poetas-independientemente-del-siglo\/#P-%C2%BFTu_ambicionaficion_por_la_escritura_surge_de_la_necesidad_o_el_mero_placer\" >P.-\u00bfTu ambici\u00f3n\/afici\u00f3n por la\u00a0 escritura surge de la necesidad o el mero placer?<\/a><\/li><li class='ez-toc-page-1 ez-toc-heading-level-2'><a class=\"ez-toc-link ez-toc-heading-4\" href=\"https:\/\/poesiaerestu.com\/revista\/jesus-montiel-siempre-habra-poesia-poetas-independientemente-del-siglo\/#P-%C2%BFRazon_o_lenguajeinstinto\" >P.-\u00bfRaz\u00f3n o lenguaje(instinto)?<\/a><\/li><li class='ez-toc-page-1 ez-toc-heading-level-2'><a class=\"ez-toc-link ez-toc-heading-5\" href=\"https:\/\/poesiaerestu.com\/revista\/jesus-montiel-siempre-habra-poesia-poetas-independientemente-del-siglo\/#P-%C2%BFQue_temas_son_fundamentales_en_tus_textos\" >P.-\u00bfQu\u00e9 temas son fundamentales en tus textos?<\/a><\/li><li class='ez-toc-page-1 ez-toc-heading-level-2'><a class=\"ez-toc-link ez-toc-heading-6\" href=\"https:\/\/poesiaerestu.com\/revista\/jesus-montiel-siempre-habra-poesia-poetas-independientemente-del-siglo\/#P-_%C2%BFPiensas_que_el_poema_tiene_que_ser_un_camino_despejado_para_el_lector_o_por_el_contrario_crees_que_el_lector_tiene_que_hacer_el_camino_-en_mayor_o_menor_medida-_a_traves_del_poema\" >P.- \u00bfPiensas que el poema tiene que ser un camino despejado para el lector o, por el contrario, crees que el lector tiene que hacer el camino -en mayor o menor medida- a trav\u00e9s del poema?<\/a><\/li><li class='ez-toc-page-1 ez-toc-heading-level-2'><a class=\"ez-toc-link ez-toc-heading-7\" href=\"https:\/\/poesiaerestu.com\/revista\/jesus-montiel-siempre-habra-poesia-poetas-independientemente-del-siglo\/#P-_Eres_profesor_y_padre_%C2%BFHallas_una_virtud_similar_tanto_en_la_docencia_como_en_la_paternidad\" >P.- Eres profesor y padre. \u00bfHallas una virtud similar tanto en la docencia como en la paternidad?<\/a><\/li><li class='ez-toc-page-1 ez-toc-heading-level-2'><a class=\"ez-toc-link ez-toc-heading-8\" href=\"https:\/\/poesiaerestu.com\/revista\/jesus-montiel-siempre-habra-poesia-poetas-independientemente-del-siglo\/#P-_En_esta_sociedad_de_posverdad_prisas_e_influencias_mediaticas_%C2%BFauguras_buenos_tiempos_para_la_poesia\" >P.- En esta sociedad de posverdad, prisas e influencias medi\u00e1ticas, \u00bfauguras buenos tiempos para la poes\u00eda?<\/a><\/li><\/ul><\/li><\/ul><\/nav><\/div>\n\n<p><em><strong>Jes\u00fas Montiel<\/strong>\u00a0(Granada, 1984) es licenciado en Filolog\u00eda Hisp\u00e1nica por la Universidad de Granada. En 2013 obtiene el t\u00edtulo de Doctor con la tesis titulada\u00a0Los personajes de Walker Percy: peregrinaje o viaje existencial. En 2011 gan\u00f3 el Premio Nacional de Poes\u00eda Universidad Complutense por su libro\u00a0Placer ad\u00e1mico\u00a0(Ed. Complutense, 2012), en 2012 el Premio de poes\u00eda Leopoldo de Luis por\u00a0D\u00edptico oto\u00f1al,\u00a0en 2013 el Premio Internacional de Poes\u00eda Alegr\u00eda por\u00a0Insectario\u00a0(Editorial Rialp, S.A., Colecci\u00f3n Adon\u00e1is n. 367) y en 2016 el Premio Hiperi\u00f3n con Memoria del p\u00e1jaro (Hiperi\u00f3n, 2016). Es autor tambi\u00e9n de\u00a0La puerta entornada\u00a0(Ed. Canto y Cuento, 2015). Suya es la traducci\u00f3n de\u00a0Resucitar, de Christian Bobin (Ed. Encuentro, 2017).<\/em><\/p>\n<p><a href=\"https:\/\/poesiaerestu.com\/revista\/jesus-montiel-siempre-habra-poesia-poetas-independientemente-del-siglo\/jesusmontiel\/\" rel=\"attachment wp-att-7155\"><img loading=\"lazy\" decoding=\"async\" class=\"aligncenter size-medium wp-image-7155\" src=\"https:\/\/spcdn.shortpixel.ai\/spio\/ret_img,q_cdnize,to_auto,s_webp:avif\/poesiaerestu.com\/revista\/wp-content\/uploads\/2018\/04\/JesusMontiel--300x212.jpg\" alt=\"Jesus Montiel\" width=\"300\" height=\"212\" \/><\/a><\/p>\n<h2><span class=\"ez-toc-section\" id=\"P-%C2%BFHay_poesia_hoy_en_dia_que_no_es_poesia%C2%BFImplica_restringir_el_genero_hacerlo_exclusivo\"><\/span><strong>P.-\u00bfHay poes\u00eda hoy en d\u00eda que no es poes\u00eda?\u00bfImplica restringir el g\u00e9nero hacerlo exclusivo?<\/strong><span class=\"ez-toc-section-end\"><\/span><\/h2>\n<p>&nbsp;<\/p>\n<p>R.- En todos los tiempos, la mala poes\u00eda convive con la poes\u00eda de verdad. No es nada nuevo. Hoy en d\u00eda hay poes\u00eda que podemos considerar paja, que no tiene hondura ni calidad art\u00edstica pero que vende bien y mucho. Pero tambi\u00e9n hay poetas muy buenos. Yo no s\u00e9 qu\u00e9 es poes\u00eda y qu\u00e9 no. Pero s\u00e9 lo que me zarandea y lo que me deja indiferente. Yo prefiero la literatura que no es solo literatura, que te zarandea, te insufla verdad. La poes\u00eda, en este sentido, jam\u00e1s ser\u00e1 algo exclusivo de unos pocos. Pertenece a todo el mundo. Est\u00e1 fuera de los poetas, de las corrientes literarias, es algo universal, que excede al g\u00e9nero literario.<\/p>\n[bctt tweet=&#8221;En todos los tiempos, la mala poes\u00eda convive con la poes\u00eda de verdad.&#8221; username=&#8221;poesiaerestu&#8221;]\n<p>&nbsp;<\/p>\n<h2><span class=\"ez-toc-section\" id=\"P-%C2%BFTu_ambicionaficion_por_la_escritura_surge_de_la_necesidad_o_el_mero_placer\"><\/span><strong>P.-\u00bfTu ambici\u00f3n\/afici\u00f3n por la\u00a0 escritura surge de la necesidad o el mero placer?<\/strong><span class=\"ez-toc-section-end\"><\/span><\/h2>\n<p>&nbsp;<\/p>\n<p>R.- Surge principalmente de la necesidad. La escritura es una vocaci\u00f3n, que significa llamada. Algo que uno no se puede dar a s\u00ed mismo. Yo nunca he pretendido ser escritor. Es algo que se me ha dado. En cuanto al placer, hay veces que lo disfruto mucho, y otras, sobre todo cuando se mezcla la vanidad, la prisa, que la escritura se vuelve una obsesi\u00f3n, algo agobiante. Lo mejor es responder a esa llamada con la humildad, sabiendo que no es una medalla propia.<\/p>\n[bctt tweet=&#8221;Yo nunca he pretendido ser escritor. Es algo que se me ha dado.&#8221; username=&#8221;poesiaerestu&#8221;]\n<h2><span class=\"ez-toc-section\" id=\"P-%C2%BFRazon_o_lenguajeinstinto\"><\/span><strong>P.-\u00bfRaz\u00f3n o lenguaje(instinto)?<\/strong><span class=\"ez-toc-section-end\"><\/span><\/h2>\n<p>&nbsp;<\/p>\n<p>R.- Ambas cosas. En mi caso, mucho m\u00e1s instinto, intuici\u00f3n, que inteligencia. La escritura, as\u00ed lo experimento, son im\u00e1genes que me zarandean continuamente. Luego viene el razonamiento, el oficio.<\/p>\n[bctt tweet=&#8221;La escritura son im\u00e1genes que me zarandean continuamente.&#8221; username=&#8221;poesiaerestu&#8221;]\n<h2><span class=\"ez-toc-section\" id=\"P-%C2%BFQue_temas_son_fundamentales_en_tus_textos\"><\/span><strong>P.-\u00bfQu\u00e9 temas son fundamentales en tus textos?<\/strong><span class=\"ez-toc-section-end\"><\/span><\/h2>\n<p>&nbsp;<\/p>\n<p>R.- Todos. Mi tema es la realidad, todo lo que cabe en ella, y el hombre que la habita. Pero supongo que la muerte, el amor, Dios, el destino, son temas inagotables que siguen encontrando sitio en la literatura, temas irrenunciables, que atraviesan todos los siglos y a los que doy cabida, no puede ser de otra manera.<\/p>\n[bctt tweet=&#8221;Mi tema es la realidad, todo lo que cabe en ella, y el hombre que la habita.&#8221; username=&#8221;poesiaerestu&#8221;]\n<h2><span class=\"ez-toc-section\" id=\"P-_%C2%BFPiensas_que_el_poema_tiene_que_ser_un_camino_despejado_para_el_lector_o_por_el_contrario_crees_que_el_lector_tiene_que_hacer_el_camino_-en_mayor_o_menor_medida-_a_traves_del_poema\"><\/span><strong>P.- \u00bfPiensas que el poema tiene que ser un camino despejado para el lector o, por el contrario, crees que el lector tiene que hacer el camino -en mayor o menor medida- a trav\u00e9s del poema?<\/strong><span class=\"ez-toc-section-end\"><\/span><\/h2>\n<p>&nbsp;<\/p>\n<p>R.- No lo s\u00e9. Son cuestiones t\u00e9cnicas que se me escapan. Te confieso que no lo s\u00e9.<\/p>\n<p>&nbsp;<\/p>\n<h2><span class=\"ez-toc-section\" id=\"P-_Eres_profesor_y_padre_%C2%BFHallas_una_virtud_similar_tanto_en_la_docencia_como_en_la_paternidad\"><\/span><strong>P.- Eres profesor y padre. \u00bfHallas una virtud similar tanto en la docencia como en la paternidad?<\/strong><span class=\"ez-toc-section-end\"><\/span><\/h2>\n<p>&nbsp;<\/p>\n<p>R.- Si algo tienen en com\u00fan la docencia y la paternidad es el amor como mejor camino. Uno debe, tanto el profesor como el padre, dejar que sea el amor la pedagog\u00eda. Mi experiencia es que el amor es el m\u00e9todo m\u00e1s efectivo, tanto en la pizarra como en casa. El amor, que incluye la paciencia, la comprensi\u00f3n, la ternura, es el mejor pedagogo. Si un alumno o un hijo no se siente amado ser\u00e1 m\u00e1s probable que acabe en la infelicidad. Si crece en un entorno amoroso, siempre ser\u00e1 libre para entristecerse, pero tendr\u00e1 dentro una semilla que por\u00a0 mucho que ocurra no podr\u00e1 ser enterrada del todo.<\/p>\n[bctt tweet=&#8221;Si algo tienen en com\u00fan la docencia y la paternidad es el amor como mejor camino.&#8221; username=&#8221;poesiaerestu&#8221;]\n<h2><span class=\"ez-toc-section\" id=\"P-_En_esta_sociedad_de_posverdad_prisas_e_influencias_mediaticas_%C2%BFauguras_buenos_tiempos_para_la_poesia\"><\/span><strong>P.- En esta sociedad de posverdad, prisas e influencias medi\u00e1ticas, \u00bfauguras buenos tiempos para la poes\u00eda?<\/strong><span class=\"ez-toc-section-end\"><\/span><\/h2>\n<p>&nbsp;<\/p>\n<p>R.- Siempre habr\u00e1 poes\u00eda y poetas, independientemente del siglo. Claro que s\u00ed. De hecho, hoy en d\u00eda se est\u00e1 produciendo un resurgimiento de la mejor poes\u00eda. Muchos j\u00f3venes han retomado asuntos como Dios o la trascendencia, como r\u00e9plica a nuestro tiempo consumista, puramente econ\u00f3mico, desprovisto de valores s\u00f3lidos. Me alegra ver lo que est\u00e1n haciendo los poetas que son el ma\u00f1ana. Me alegra mucho. Y por supuesto, son una esperanza.<\/p>\n[bctt tweet=&#8221;Hoy en d\u00eda se est\u00e1 produciendo un resurgimiento de la mejor poes\u00eda.&#8221; username=&#8221;poesiaerestu&#8221;]\n<p>&nbsp;<\/p>\n<h1><span style=\"text-decoration: underline;\"><em><strong>Esto ha sido la entrevista a Jes\u00fas Montiel, realizada por Victor Bayona Marchal<\/strong><\/em><\/span><\/h1>\n<p style=\"text-align: center;\"><a href=\"https:\/\/librodepoesia.com\/producto\/memoria-del-pajaro-jesus-montiel\/\" target=\"_blank\" rel=\"noopener\">Puedes adquirir el libro MEMORIA DE P\u00c1JARO en nuestra librer\u00eda librodepoesia.com<\/a><\/p>\n","protected":false},"excerpt":{"rendered":"<p>Entrevista a Jes\u00fas Montiel, realizada por Victor Bayona Marchal Jes\u00fas Montiel\u00a0(Granada, 1984) es licenciado en Filolog\u00eda Hisp\u00e1nica por la Universidad de Granada. En 2013 obtiene el t\u00edtulo de Doctor con la tesis titulada\u00a0Los personajes de Walker Percy: peregrinaje o viaje existencial. En 2011 gan\u00f3 el Premio Nacional de Poes\u00eda Universidad Complutense por su libro\u00a0Placer ad\u00e1mico\u00a0(Ed&#8230;.<\/p>\n","protected":false},"author":1,"featured_media":7155,"comment_status":"closed","ping_status":"closed","sticky":false,"template":"","format":"standard","meta":{"footnotes":"","_links_to":"","_links_to_target":""},"categories":[4],"tags":[],"class_list":["post-7154","post","type-post","status-publish","format-standard","has-post-thumbnail","hentry","category-entrevistas"],"yoast_head":"<!-- This site is optimized with the Yoast SEO Premium plugin v24.7 (Yoast SEO v27.5) - https:\/\/yoast.com\/product\/yoast-seo-premium-wordpress\/ -->\n<title>Entrevista a Jes\u00fas Montiel<\/title>\n<meta name=\"description\" content=\"Entrevista a Jes\u00fas Montiel realizada por Victor Bayona Marchal para la Revista Poes\u00eda eres t\u00fa. 2018.\" \/>\n<meta name=\"robots\" content=\"index, follow, max-snippet:-1, max-image-preview:large, max-video-preview:-1\" \/>\n<link rel=\"canonical\" href=\"https:\/\/poesiaerestu.com\/revista\/jesus-montiel-siempre-habra-poesia-poetas-independientemente-del-siglo\/\" \/>\n<meta name=\"twitter:label1\" content=\"Written by\" \/>\n\t<meta name=\"twitter:data1\" content=\"admin\" \/>\n\t<meta name=\"twitter:label2\" content=\"Est. reading time\" \/>\n\t<meta name=\"twitter:data2\" content=\"5 minutes\" \/>\n<script type=\"application\/ld+json\" class=\"yoast-schema-graph\">{\"@context\":\"https:\\\/\\\/schema.org\",\"@graph\":[{\"@type\":\"Article\",\"@id\":\"https:\\\/\\\/poesiaerestu.com\\\/revista\\\/jesus-montiel-siempre-habra-poesia-poetas-independientemente-del-siglo\\\/#article\",\"isPartOf\":{\"@id\":\"https:\\\/\\\/poesiaerestu.com\\\/revista\\\/jesus-montiel-siempre-habra-poesia-poetas-independientemente-del-siglo\\\/\"},\"author\":{\"name\":\"admin\",\"@id\":\"https:\\\/\\\/poesiaerestu.com\\\/revista\\\/#\\\/schema\\\/person\\\/fcb1a2122be3810bfdd0c071b4b3e9c4\"},\"headline\":\"Jes\u00fas Montiel: &#8220;Siempre habr\u00e1 poes\u00eda y poetas, independientemente del siglo&#8221;\",\"datePublished\":\"2018-04-09T22:03:21+00:00\",\"mainEntityOfPage\":{\"@id\":\"https:\\\/\\\/poesiaerestu.com\\\/revista\\\/jesus-montiel-siempre-habra-poesia-poetas-independientemente-del-siglo\\\/\"},\"wordCount\":945,\"image\":{\"@id\":\"https:\\\/\\\/poesiaerestu.com\\\/revista\\\/jesus-montiel-siempre-habra-poesia-poetas-independientemente-del-siglo\\\/#primaryimage\"},\"thumbnailUrl\":\"https:\\\/\\\/poesiaerestu.com\\\/revista\\\/wp-content\\\/uploads\\\/2018\\\/04\\\/JesusMontiel-.jpg\",\"articleSection\":[\"Entrevistas\"],\"inLanguage\":\"en-US\",\"copyrightYear\":\"2018\",\"copyrightHolder\":{\"@id\":\"https:\\\/\\\/poesiaerestu.com\\\/revista\\\/#organization\"}},{\"@type\":\"WebPage\",\"@id\":\"https:\\\/\\\/poesiaerestu.com\\\/revista\\\/jesus-montiel-siempre-habra-poesia-poetas-independientemente-del-siglo\\\/\",\"url\":\"https:\\\/\\\/poesiaerestu.com\\\/revista\\\/jesus-montiel-siempre-habra-poesia-poetas-independientemente-del-siglo\\\/\",\"name\":\"Entrevista a Jes\u00fas Montiel\",\"isPartOf\":{\"@id\":\"https:\\\/\\\/poesiaerestu.com\\\/revista\\\/#website\"},\"primaryImageOfPage\":{\"@id\":\"https:\\\/\\\/poesiaerestu.com\\\/revista\\\/jesus-montiel-siempre-habra-poesia-poetas-independientemente-del-siglo\\\/#primaryimage\"},\"image\":{\"@id\":\"https:\\\/\\\/poesiaerestu.com\\\/revista\\\/jesus-montiel-siempre-habra-poesia-poetas-independientemente-del-siglo\\\/#primaryimage\"},\"thumbnailUrl\":\"https:\\\/\\\/poesiaerestu.com\\\/revista\\\/wp-content\\\/uploads\\\/2018\\\/04\\\/JesusMontiel-.jpg\",\"datePublished\":\"2018-04-09T22:03:21+00:00\",\"author\":{\"@id\":\"https:\\\/\\\/poesiaerestu.com\\\/revista\\\/#\\\/schema\\\/person\\\/fcb1a2122be3810bfdd0c071b4b3e9c4\"},\"description\":\"Entrevista a Jes\u00fas Montiel realizada por Victor Bayona Marchal para la Revista Poes\u00eda eres t\u00fa. 2018.\",\"breadcrumb\":{\"@id\":\"https:\\\/\\\/poesiaerestu.com\\\/revista\\\/jesus-montiel-siempre-habra-poesia-poetas-independientemente-del-siglo\\\/#breadcrumb\"},\"inLanguage\":\"en-US\",\"potentialAction\":[{\"@type\":\"ReadAction\",\"target\":[\"https:\\\/\\\/poesiaerestu.com\\\/revista\\\/jesus-montiel-siempre-habra-poesia-poetas-independientemente-del-siglo\\\/\"]}]},{\"@type\":\"ImageObject\",\"inLanguage\":\"en-US\",\"@id\":\"https:\\\/\\\/poesiaerestu.com\\\/revista\\\/jesus-montiel-siempre-habra-poesia-poetas-independientemente-del-siglo\\\/#primaryimage\",\"url\":\"https:\\\/\\\/poesiaerestu.com\\\/revista\\\/wp-content\\\/uploads\\\/2018\\\/04\\\/JesusMontiel-.jpg\",\"contentUrl\":\"https:\\\/\\\/poesiaerestu.com\\\/revista\\\/wp-content\\\/uploads\\\/2018\\\/04\\\/JesusMontiel-.jpg\",\"width\":300,\"height\":212,\"caption\":\"Jesus Montiel\"},{\"@type\":\"BreadcrumbList\",\"@id\":\"https:\\\/\\\/poesiaerestu.com\\\/revista\\\/jesus-montiel-siempre-habra-poesia-poetas-independientemente-del-siglo\\\/#breadcrumb\",\"itemListElement\":[{\"@type\":\"ListItem\",\"position\":1,\"name\":\"Home\",\"item\":\"https:\\\/\\\/poesiaerestu.com\\\/revista\\\/\"},{\"@type\":\"ListItem\",\"position\":2,\"name\":\"Jes\u00fas Montiel: &#8220;Siempre habr\u00e1 poes\u00eda y poetas, independientemente del siglo&#8221;\"}]},{\"@type\":\"WebSite\",\"@id\":\"https:\\\/\\\/poesiaerestu.com\\\/revista\\\/#website\",\"url\":\"https:\\\/\\\/poesiaerestu.com\\\/revista\\\/\",\"name\":\"Poes\u00ed\u00ada eres t\u00fa (revista)\",\"description\":\"Revista de poes\u00eda y literatura\",\"potentialAction\":[{\"@type\":\"SearchAction\",\"target\":{\"@type\":\"EntryPoint\",\"urlTemplate\":\"https:\\\/\\\/poesiaerestu.com\\\/revista\\\/?s={search_term_string}\"},\"query-input\":{\"@type\":\"PropertyValueSpecification\",\"valueRequired\":true,\"valueName\":\"search_term_string\"}}],\"inLanguage\":\"en-US\"},{\"@type\":\"Person\",\"@id\":\"https:\\\/\\\/poesiaerestu.com\\\/revista\\\/#\\\/schema\\\/person\\\/fcb1a2122be3810bfdd0c071b4b3e9c4\",\"name\":\"admin\",\"image\":{\"@type\":\"ImageObject\",\"inLanguage\":\"en-US\",\"@id\":\"https:\\\/\\\/secure.gravatar.com\\\/avatar\\\/1cb55a5bd8d6824519e46b552e84b03575857cc9c4d6333824d2f95d82129f50?s=96&d=mm&r=g\",\"url\":\"https:\\\/\\\/secure.gravatar.com\\\/avatar\\\/1cb55a5bd8d6824519e46b552e84b03575857cc9c4d6333824d2f95d82129f50?s=96&d=mm&r=g\",\"contentUrl\":\"https:\\\/\\\/secure.gravatar.com\\\/avatar\\\/1cb55a5bd8d6824519e46b552e84b03575857cc9c4d6333824d2f95d82129f50?s=96&d=mm&r=g\",\"caption\":\"admin\"},\"url\":\"https:\\\/\\\/poesiaerestu.com\\\/revista\\\/author\\\/admin\\\/\"}]}<\/script>\n<!-- \/ Yoast SEO Premium plugin. -->","yoast_head_json":{"title":"Entrevista a Jes\u00fas Montiel","description":"Entrevista a Jes\u00fas Montiel realizada por Victor Bayona Marchal para la Revista Poes\u00eda eres t\u00fa. 2018.","robots":{"index":"index","follow":"follow","max-snippet":"max-snippet:-1","max-image-preview":"max-image-preview:large","max-video-preview":"max-video-preview:-1"},"canonical":"https:\/\/poesiaerestu.com\/revista\/jesus-montiel-siempre-habra-poesia-poetas-independientemente-del-siglo\/","twitter_misc":{"Written by":"admin","Est. reading time":"5 minutes"},"schema":{"@context":"https:\/\/schema.org","@graph":[{"@type":"Article","@id":"https:\/\/poesiaerestu.com\/revista\/jesus-montiel-siempre-habra-poesia-poetas-independientemente-del-siglo\/#article","isPartOf":{"@id":"https:\/\/poesiaerestu.com\/revista\/jesus-montiel-siempre-habra-poesia-poetas-independientemente-del-siglo\/"},"author":{"name":"admin","@id":"https:\/\/poesiaerestu.com\/revista\/#\/schema\/person\/fcb1a2122be3810bfdd0c071b4b3e9c4"},"headline":"Jes\u00fas Montiel: &#8220;Siempre habr\u00e1 poes\u00eda y poetas, independientemente del siglo&#8221;","datePublished":"2018-04-09T22:03:21+00:00","mainEntityOfPage":{"@id":"https:\/\/poesiaerestu.com\/revista\/jesus-montiel-siempre-habra-poesia-poetas-independientemente-del-siglo\/"},"wordCount":945,"image":{"@id":"https:\/\/poesiaerestu.com\/revista\/jesus-montiel-siempre-habra-poesia-poetas-independientemente-del-siglo\/#primaryimage"},"thumbnailUrl":"https:\/\/poesiaerestu.com\/revista\/wp-content\/uploads\/2018\/04\/JesusMontiel-.jpg","articleSection":["Entrevistas"],"inLanguage":"en-US","copyrightYear":"2018","copyrightHolder":{"@id":"https:\/\/poesiaerestu.com\/revista\/#organization"}},{"@type":"WebPage","@id":"https:\/\/poesiaerestu.com\/revista\/jesus-montiel-siempre-habra-poesia-poetas-independientemente-del-siglo\/","url":"https:\/\/poesiaerestu.com\/revista\/jesus-montiel-siempre-habra-poesia-poetas-independientemente-del-siglo\/","name":"Entrevista a Jes\u00fas Montiel","isPartOf":{"@id":"https:\/\/poesiaerestu.com\/revista\/#website"},"primaryImageOfPage":{"@id":"https:\/\/poesiaerestu.com\/revista\/jesus-montiel-siempre-habra-poesia-poetas-independientemente-del-siglo\/#primaryimage"},"image":{"@id":"https:\/\/poesiaerestu.com\/revista\/jesus-montiel-siempre-habra-poesia-poetas-independientemente-del-siglo\/#primaryimage"},"thumbnailUrl":"https:\/\/poesiaerestu.com\/revista\/wp-content\/uploads\/2018\/04\/JesusMontiel-.jpg","datePublished":"2018-04-09T22:03:21+00:00","author":{"@id":"https:\/\/poesiaerestu.com\/revista\/#\/schema\/person\/fcb1a2122be3810bfdd0c071b4b3e9c4"},"description":"Entrevista a Jes\u00fas Montiel realizada por Victor Bayona Marchal para la Revista Poes\u00eda eres t\u00fa. 2018.","breadcrumb":{"@id":"https:\/\/poesiaerestu.com\/revista\/jesus-montiel-siempre-habra-poesia-poetas-independientemente-del-siglo\/#breadcrumb"},"inLanguage":"en-US","potentialAction":[{"@type":"ReadAction","target":["https:\/\/poesiaerestu.com\/revista\/jesus-montiel-siempre-habra-poesia-poetas-independientemente-del-siglo\/"]}]},{"@type":"ImageObject","inLanguage":"en-US","@id":"https:\/\/poesiaerestu.com\/revista\/jesus-montiel-siempre-habra-poesia-poetas-independientemente-del-siglo\/#primaryimage","url":"https:\/\/poesiaerestu.com\/revista\/wp-content\/uploads\/2018\/04\/JesusMontiel-.jpg","contentUrl":"https:\/\/poesiaerestu.com\/revista\/wp-content\/uploads\/2018\/04\/JesusMontiel-.jpg","width":300,"height":212,"caption":"Jesus Montiel"},{"@type":"BreadcrumbList","@id":"https:\/\/poesiaerestu.com\/revista\/jesus-montiel-siempre-habra-poesia-poetas-independientemente-del-siglo\/#breadcrumb","itemListElement":[{"@type":"ListItem","position":1,"name":"Home","item":"https:\/\/poesiaerestu.com\/revista\/"},{"@type":"ListItem","position":2,"name":"Jes\u00fas Montiel: &#8220;Siempre habr\u00e1 poes\u00eda y poetas, independientemente del siglo&#8221;"}]},{"@type":"WebSite","@id":"https:\/\/poesiaerestu.com\/revista\/#website","url":"https:\/\/poesiaerestu.com\/revista\/","name":"Poes\u00ed\u00ada eres t\u00fa (revista)","description":"Revista de poes\u00eda y literatura","potentialAction":[{"@type":"SearchAction","target":{"@type":"EntryPoint","urlTemplate":"https:\/\/poesiaerestu.com\/revista\/?s={search_term_string}"},"query-input":{"@type":"PropertyValueSpecification","valueRequired":true,"valueName":"search_term_string"}}],"inLanguage":"en-US"},{"@type":"Person","@id":"https:\/\/poesiaerestu.com\/revista\/#\/schema\/person\/fcb1a2122be3810bfdd0c071b4b3e9c4","name":"admin","image":{"@type":"ImageObject","inLanguage":"en-US","@id":"https:\/\/secure.gravatar.com\/avatar\/1cb55a5bd8d6824519e46b552e84b03575857cc9c4d6333824d2f95d82129f50?s=96&d=mm&r=g","url":"https:\/\/secure.gravatar.com\/avatar\/1cb55a5bd8d6824519e46b552e84b03575857cc9c4d6333824d2f95d82129f50?s=96&d=mm&r=g","contentUrl":"https:\/\/secure.gravatar.com\/avatar\/1cb55a5bd8d6824519e46b552e84b03575857cc9c4d6333824d2f95d82129f50?s=96&d=mm&r=g","caption":"admin"},"url":"https:\/\/poesiaerestu.com\/revista\/author\/admin\/"}]}},"_links":{"self":[{"href":"https:\/\/poesiaerestu.com\/revista\/wp-json\/wp\/v2\/posts\/7154","targetHints":{"allow":["GET"]}}],"collection":[{"href":"https:\/\/poesiaerestu.com\/revista\/wp-json\/wp\/v2\/posts"}],"about":[{"href":"https:\/\/poesiaerestu.com\/revista\/wp-json\/wp\/v2\/types\/post"}],"author":[{"embeddable":true,"href":"https:\/\/poesiaerestu.com\/revista\/wp-json\/wp\/v2\/users\/1"}],"replies":[{"embeddable":true,"href":"https:\/\/poesiaerestu.com\/revista\/wp-json\/wp\/v2\/comments?post=7154"}],"version-history":[{"count":0,"href":"https:\/\/poesiaerestu.com\/revista\/wp-json\/wp\/v2\/posts\/7154\/revisions"}],"wp:featuredmedia":[{"embeddable":true,"href":"https:\/\/poesiaerestu.com\/revista\/wp-json\/wp\/v2\/media\/7155"}],"wp:attachment":[{"href":"https:\/\/poesiaerestu.com\/revista\/wp-json\/wp\/v2\/media?parent=7154"}],"wp:term":[{"taxonomy":"category","embeddable":true,"href":"https:\/\/poesiaerestu.com\/revista\/wp-json\/wp\/v2\/categories?post=7154"},{"taxonomy":"post_tag","embeddable":true,"href":"https:\/\/poesiaerestu.com\/revista\/wp-json\/wp\/v2\/tags?post=7154"}],"curies":[{"name":"wp","href":"https:\/\/api.w.org\/{rel}","templated":true}]}}