{"id":7137,"date":"2018-04-04T12:22:25","date_gmt":"2018-04-04T10:22:25","guid":{"rendered":"https:\/\/poesiaerestu.com\/revista\/?p=7137"},"modified":"2018-04-04T12:49:36","modified_gmt":"2018-04-04T10:49:36","slug":"sofia-roman-barbieri-siempre-sone-publicar-libro-pero-nunca-escribi-esa-idea","status":"publish","type":"post","link":"https:\/\/poesiaerestu.com\/revista\/sofia-roman-barbieri-siempre-sone-publicar-libro-pero-nunca-escribi-esa-idea\/","title":{"rendered":"Sof\u00eda Rom\u00e1n Barbieri:  &#8220;Siempre so\u00f1\u00e9 con publicar un libro, pero nunca escrib\u00ed con esa idea&#8221;"},"content":{"rendered":"<h1><span class=\"ez-toc-section\" id=\"Entrevista_a_Sofia_Roman_Barbieri_tras_publicar_su_libro_%E2%80%9CEN_CONSTRUCCION%E2%80%9D\"><\/span>Entrevista a Sof\u00eda Rom\u00e1n Barbieri, tras publicar su libro &#8220;(EN) CONSTRUCCI\u00d3N&#8221;<span class=\"ez-toc-section-end\"><\/span><\/h1><div id=\"ez-toc-container\" class=\"ez-toc-v2_0_82_2 counter-hierarchy ez-toc-counter ez-toc-grey ez-toc-container-direction\">\n<p class=\"ez-toc-title\" style=\"cursor:inherit\">\u00cdndice<\/p>\n<label for=\"ez-toc-cssicon-toggle-item-69f5cda8afcdc\" class=\"ez-toc-cssicon-toggle-label\"><span class=\"\"><span class=\"eztoc-hide\" style=\"display:none;\">Toggle<\/span><span class=\"ez-toc-icon-toggle-span\"><svg style=\"fill: #81d742;color:#81d742\" xmlns=\"http:\/\/www.w3.org\/2000\/svg\" class=\"list-377408\" width=\"20px\" height=\"20px\" viewBox=\"0 0 24 24\" fill=\"none\"><path d=\"M6 6H4v2h2V6zm14 0H8v2h12V6zM4 11h2v2H4v-2zm16 0H8v2h12v-2zM4 16h2v2H4v-2zm16 0H8v2h12v-2z\" fill=\"currentColor\"><\/path><\/svg><svg style=\"fill: #81d742;color:#81d742\" class=\"arrow-unsorted-368013\" xmlns=\"http:\/\/www.w3.org\/2000\/svg\" width=\"10px\" height=\"10px\" viewBox=\"0 0 24 24\" version=\"1.2\" baseProfile=\"tiny\"><path d=\"M18.2 9.3l-6.2-6.3-6.2 6.3c-.2.2-.3.4-.3.7s.1.5.3.7c.2.2.4.3.7.3h11c.3 0 .5-.1.7-.3.2-.2.3-.5.3-.7s-.1-.5-.3-.7zM5.8 14.7l6.2 6.3 6.2-6.3c.2-.2.3-.5.3-.7s-.1-.5-.3-.7c-.2-.2-.4-.3-.7-.3h-11c-.3 0-.5.1-.7.3-.2.2-.3.5-.3.7s.1.5.3.7z\"\/><\/svg><\/span><\/span><\/label><input type=\"checkbox\"  id=\"ez-toc-cssicon-toggle-item-69f5cda8afcdc\" checked aria-label=\"Toggle\" \/><nav><ul class='ez-toc-list ez-toc-list-level-1 ' ><li class='ez-toc-page-1 ez-toc-heading-level-1'><a class=\"ez-toc-link ez-toc-heading-1\" href=\"https:\/\/poesiaerestu.com\/revista\/sofia-roman-barbieri-siempre-sone-publicar-libro-pero-nunca-escribi-esa-idea\/#Entrevista_a_Sofia_Roman_Barbieri_tras_publicar_su_libro_%E2%80%9CEN_CONSTRUCCION%E2%80%9D\" >Entrevista a Sof\u00eda Rom\u00e1n Barbieri, tras publicar su libro &#8220;(EN) CONSTRUCCI\u00d3N&#8221;<\/a><ul class='ez-toc-list-level-3' ><li class='ez-toc-heading-level-3'><ul class='ez-toc-list-level-3' ><li class='ez-toc-heading-level-3'><a class=\"ez-toc-link ez-toc-heading-2\" href=\"https:\/\/poesiaerestu.com\/revista\/sofia-roman-barbieri-siempre-sone-publicar-libro-pero-nunca-escribi-esa-idea\/#P-EN_CONSTRUCCION_esta_formado_por_multiples_poemas_pero_todos_parecen_tener_un_hilo_conductor_que_nos_desvela_una_historia_%C2%BFPor_que_el_titulo_de_EN_CONSTRUCCION_%C2%BFQue_es_lo_que_te_llevo_a_escribir_este_libro\" >P.-(EN) CONSTRUCCI\u00d3N est\u00e1 formado por m\u00faltiples poemas pero todos parecen tener un hilo conductor que nos desvela una historia. \u00bfPor qu\u00e9 el t\u00edtulo de (EN) CONSTRUCCI\u00d3N? \u00bfQu\u00e9 es lo que te llev\u00f3 a escribir este libro?<\/a><\/li><li class='ez-toc-page-1 ez-toc-heading-level-3'><a class=\"ez-toc-link ez-toc-heading-3\" href=\"https:\/\/poesiaerestu.com\/revista\/sofia-roman-barbieri-siempre-sone-publicar-libro-pero-nunca-escribi-esa-idea\/#P-Muchas_veces_en_los_poemas_de_amor_parece_que_el_amor_existe_cuando_aparece_el_desamor_%C2%BFQue_es_lo_que_impulsa_a_los_poetas_a_escribir_%C2%BFEs_la_soledad_necesaria_para_escribir_poemas\" >P.-Muchas veces en los poemas de amor, parece que el amor existe cuando aparece el desamor. \u00bfQu\u00e9 es lo que impulsa a los poetas a escribir? \u00bfEs la soledad necesaria para escribir poemas?<\/a><\/li><li class='ez-toc-page-1 ez-toc-heading-level-3'><a class=\"ez-toc-link ez-toc-heading-4\" href=\"https:\/\/poesiaerestu.com\/revista\/sofia-roman-barbieri-siempre-sone-publicar-libro-pero-nunca-escribi-esa-idea\/#P-Naciste_en_Argentina_y_pasaste_los_primeros_anos_de_tu_vida_alli_Despues_viniste_a_Espana_a_Palma_de_Mallorca_y_ahora_estas_estudiando_periodismo_en_Alicante_%C2%BFQue_es_lo_que_te_ha_aportado_cada_uno_de_estos_lugares_a_tu_vida_y_a_tu_poesia\" >P.-Naciste en Argentina y pasaste los primeros a\u00f1os de tu vida all\u00ed. Despu\u00e9s viniste a Espa\u00f1a a Palma de Mallorca y ahora est\u00e1s estudiando periodismo en Alicante. \u00bfQu\u00e9 es lo que te ha aportado cada uno de estos lugares a tu vida y a tu poes\u00eda?<\/a><\/li><li class='ez-toc-page-1 ez-toc-heading-level-3'><a class=\"ez-toc-link ez-toc-heading-5\" href=\"https:\/\/poesiaerestu.com\/revista\/sofia-roman-barbieri-siempre-sone-publicar-libro-pero-nunca-escribi-esa-idea\/#P-_%E2%80%9CEsto_no_es_poesia_soy_defensora_del_legado_de_Loreto_Sesma_que_afirma_que_sus_escritos_no_son_poesia_son_vida%E2%80%9D_Afirmas_en_la_resena_de_tu_libro_%C2%BFTe_consideras_una_escritora_de_la_experiencia_%C2%BFCual_es_el_legado_de_Loreto_Sesma_y_porque_ha_influido_tanto_en_tu_poesia\" >P.- \u201cEsto no es poes\u00eda, soy defensora del legado de Loreto Sesma que afirma que sus escritos no son poes\u00eda, son vida.\u201d Afirmas en la rese\u00f1a de tu libro. \u00bfTe consideras una escritora de la experiencia? \u00bfCu\u00e1l es el legado de Loreto Sesma y porque ha influido tanto en tu poes\u00eda?<\/a><\/li><li class='ez-toc-page-1 ez-toc-heading-level-3'><a class=\"ez-toc-link ez-toc-heading-6\" href=\"https:\/\/poesiaerestu.com\/revista\/sofia-roman-barbieri-siempre-sone-publicar-libro-pero-nunca-escribi-esa-idea\/#P-_Estas_estudiando_periodismo_un_genero_diferente_a_la_poesia_pero_que_se_complementan_muy_bien_%C2%BFA_que_te_gustaria_dedicarte_cuando_termines_la_carrera\" >P.- Estas estudiando periodismo, un g\u00e9nero diferente a la poes\u00eda pero que se complementan muy bien. \u00bfA qu\u00e9 te gustar\u00eda dedicarte cuando termines la carrera?<\/a><\/li><li class='ez-toc-page-1 ez-toc-heading-level-3'><a class=\"ez-toc-link ez-toc-heading-7\" href=\"https:\/\/poesiaerestu.com\/revista\/sofia-roman-barbieri-siempre-sone-publicar-libro-pero-nunca-escribi-esa-idea\/#P-_%C2%BFHay_algun_trabajo_despues_de_EN_CONSTRUCCION_o_ha_sido_un_poemario_aislado\" >P.- \u00bfHay alg\u00fan trabajo despu\u00e9s de (EN) CONSTRUCCI\u00d3N o ha sido un poemario aislado?<\/a><\/li><\/ul><\/li><\/ul><\/li><\/ul><\/nav><\/div>\n\n<p><em>Sof\u00eda Rom\u00e1n Barbieri es la autora de (EN) CONSTRUCCI\u00d3N, un poemario de amor plagado de ingenio y que no deja indiferente a ning\u00fan lector.<\/em><\/p>\n<p><a href=\"https:\/\/poesiaerestu.com\/revista\/sofia-roman-barbieri-siempre-sone-publicar-libro-pero-nunca-escribi-esa-idea\/entrevista-a-sofia-roman-barbieri\/\" rel=\"attachment wp-att-7138\"><img loading=\"lazy\" decoding=\"async\" class=\"aligncenter size-medium wp-image-7138\" src=\"https:\/\/poesiaerestu.com\/revista\/wp-content\/uploads\/2018\/04\/Entrevista-a-Sofia-Rom\u00e1n-Barbieri-300x212.jpg\" alt=\"Entrevista a Sofia Rom\u00e1n Barbieri\" width=\"300\" height=\"212\" \/><\/a><\/p>\n<h3><span class=\"ez-toc-section\" id=\"P-EN_CONSTRUCCION_esta_formado_por_multiples_poemas_pero_todos_parecen_tener_un_hilo_conductor_que_nos_desvela_una_historia_%C2%BFPor_que_el_titulo_de_EN_CONSTRUCCION_%C2%BFQue_es_lo_que_te_llevo_a_escribir_este_libro\"><\/span><strong>P.-(EN) CONSTRUCCI\u00d3N est\u00e1 formado por m\u00faltiples poemas pero todos parecen tener un hilo conductor que nos desvela una historia. \u00bfPor qu\u00e9 el t\u00edtulo de (EN) CONSTRUCCI\u00d3N? \u00bfQu\u00e9 es lo que te llev\u00f3 a escribir este libro?<\/strong><span class=\"ez-toc-section-end\"><\/span><\/h3>\n<p>R.- El t\u00edtulo tiene dos significados. Por una parte la palabra \u201cconstrucci\u00f3n\u201d me parece maravillosa, desde que naces te construyes como persona. Ahora viene el segundo significado, cuando a\u00f1ado el \u201cen\u201d. A veces, cuando llegamos a cierta edad podemos pensar \u201cyo soy as\u00ed\u201d, pero creo que es mentira. Creo que nunca dejamos de construirnos, estamos en transformaci\u00f3n constante, expuestos a est\u00edmulos, personas y sentimientos que nos pueden ir haciendo cambiar nuestro parecer.<\/p>\n<p>Siempre so\u00f1\u00e9 con publicar un libro, pero nunca escrib\u00ed con esa idea. Es decir, para m\u00ed escribir es una manera de salvarme, una necesidad para sobrevivir a todo aquello que me da\u00f1a. Cuando empec\u00e9 a trasladar mis sentimientos al papel nunca lo hice pensando en el libro, pero un d\u00eda vi que ten\u00eda mucho material y decid\u00ed ordenarlo y darle forma.<\/p>\n[bctt tweet=&#8221;Estamos en transformaci\u00f3n constante, expuestos a est\u00edmulos, personas y sentimientos&#8221; username=&#8221;poesiaerestu&#8221;]\n<h3><span class=\"ez-toc-section\" id=\"P-Muchas_veces_en_los_poemas_de_amor_parece_que_el_amor_existe_cuando_aparece_el_desamor_%C2%BFQue_es_lo_que_impulsa_a_los_poetas_a_escribir_%C2%BFEs_la_soledad_necesaria_para_escribir_poemas\"><\/span><strong>P.-Muchas veces en los poemas de amor, parece que el amor existe cuando aparece el desamor. \u00bfQu\u00e9 es lo que impulsa a los poetas a escribir? \u00bfEs la soledad necesaria para escribir poemas?<\/strong><span class=\"ez-toc-section-end\"><\/span><\/h3>\n<p>R.- A m\u00ed me pasa una cosa curiosa. Me cuesta much\u00edsimo escribir sobre el amor, sobre el amor a mi pareja. Porque dedicarle poemas a mis padres, a mi abuela, a mi hermana o a mis amigos no me cuesta nada. En mi poemario hablo de muchos tipos de amores, pero sobre todo de amor propio, que en mi caso s\u00ed que apareci\u00f3 a la par que el desamor.<\/p>\n<p>Creo que cada poeta tiene sus fuentes de inspiraci\u00f3n. Para m\u00ed la soledad no es una de ellas, son las emociones. A veces de la cosa m\u00e1s tonta que veo o siento me sale algo.<\/p>\n[bctt tweet=&#8221;Me cuesta much\u00edsimo escribir sobre el amor, sobre el amor a mi pareja.&#8221; username=&#8221;poesiaerestu&#8221;]\n<h3><span class=\"ez-toc-section\" id=\"P-Naciste_en_Argentina_y_pasaste_los_primeros_anos_de_tu_vida_alli_Despues_viniste_a_Espana_a_Palma_de_Mallorca_y_ahora_estas_estudiando_periodismo_en_Alicante_%C2%BFQue_es_lo_que_te_ha_aportado_cada_uno_de_estos_lugares_a_tu_vida_y_a_tu_poesia\"><\/span><strong>P.-Naciste en Argentina y pasaste los primeros a\u00f1os de tu vida all\u00ed. Despu\u00e9s viniste a Espa\u00f1a a Palma de Mallorca y ahora est\u00e1s estudiando periodismo en Alicante. \u00bfQu\u00e9 es lo que te ha aportado cada uno de estos lugares a tu vida y a tu poes\u00eda?<\/strong><span class=\"ez-toc-section-end\"><\/span><\/h3>\n<p>R.- Argentina mi familia y la lecci\u00f3n sobre lo duro que es hacer un cambio tan dr\u00e1stico en tu vida. Palma de Mallorca me lo ha dado casi todo, ah\u00ed he escrito mucho, aunque de lo que est\u00e1 publicado, poco. Porque ah\u00ed empec\u00e9 a dar mis primeros pasos escribiendo y no todo me convenc\u00eda.<\/p>\n[bctt tweet=&#8221;Palma de Mallorca me lo ha dado casi todo&#8221; username=&#8221;poesiaerestu&#8221;]\n<h3><span class=\"ez-toc-section\" id=\"P-_%E2%80%9CEsto_no_es_poesia_soy_defensora_del_legado_de_Loreto_Sesma_que_afirma_que_sus_escritos_no_son_poesia_son_vida%E2%80%9D_Afirmas_en_la_resena_de_tu_libro_%C2%BFTe_consideras_una_escritora_de_la_experiencia_%C2%BFCual_es_el_legado_de_Loreto_Sesma_y_porque_ha_influido_tanto_en_tu_poesia\"><\/span><strong>P.- \u201cEsto no es poes\u00eda, soy defensora del legado de Loreto Sesma que afirma que sus escritos no son poes\u00eda, son vida.\u201d Afirmas en la rese\u00f1a de tu libro. \u00bfTe consideras una escritora de la experiencia? \u00bfCu\u00e1l es el legado de Loreto Sesma y porque ha influido tanto en tu poes\u00eda?<\/strong><span class=\"ez-toc-section-end\"><\/span><\/h3>\n<p>R.- No me considero ni escritora ja,ja,ja. Es decir, yo admiro a gente muy grande y a su lado me veo infinitamente peque\u00f1a e inexperta. Pero lo que escribo es real, son sentimientos de verdad, cosas que he vivido.<\/p>\n<p>Loreto Sesma es una de mis poetisas favoritas. Me identifico much\u00edsimo con ella y con sus escritos, dice \u201cesto no es poes\u00eda, esto es vida, la m\u00eda, as\u00ed que decidir\u00e9 yo c\u00f3mo escribirla\u201d. Ha influido en m\u00ed porque me regal\u00f3 la fortaleza que necesitaba en un momento concreto, me salv\u00f3 y lo sigue haciendo cada vez que la escucho o la leo. Supongo que su m\u00e1xima influencia en m\u00ed ha sido que me gustar\u00eda que la gente, al leerme a m\u00ed, sintiera lo que yo siento al leerla a ella.<\/p>\n[bctt tweet=&#8221;Admiro a gente muy grande y a su lado me veo infinitamente peque\u00f1a e inexperta&#8221; username=&#8221;poesiaerestu&#8221;]\n<h3><span class=\"ez-toc-section\" id=\"P-_Estas_estudiando_periodismo_un_genero_diferente_a_la_poesia_pero_que_se_complementan_muy_bien_%C2%BFA_que_te_gustaria_dedicarte_cuando_termines_la_carrera\"><\/span><strong>P.- Estas estudiando periodismo, un g\u00e9nero diferente a la poes\u00eda pero que se complementan muy bien. \u00bfA qu\u00e9 te gustar\u00eda dedicarte cuando termines la carrera?<\/strong><span class=\"ez-toc-section-end\"><\/span><\/h3>\n<p>R.- Uf. En este momento de mi vida esa es la pregunta m\u00e1s dif\u00edcil de responder. Entr\u00e9 en la carrera muy decidida: quer\u00eda ser corresponsal de guerra. A medida que he ido avanzando he descubierto que me gusta todo. Me gusta la radio, la televisi\u00f3n, sin duda me apasiona escribir. Pero tambi\u00e9n me encanta la parte m\u00e1s te\u00f3rica del periodismo, el marketing. Lo que tengo claro es que quiero expresarme y provocar alguna reacci\u00f3n en las personas.<\/p>\n<p>A d\u00eda de hoy lo que tengo claro es lo que no me gustar\u00eda hacer: ni deportes, ni redactar solo noticias.<\/p>\n[bctt tweet=&#8221;Quer\u00eda ser corresponsal de guerra&#8221; username=&#8221;poesiaerestu&#8221;]\n<h3><span class=\"ez-toc-section\" id=\"P-_%C2%BFHay_algun_trabajo_despues_de_EN_CONSTRUCCION_o_ha_sido_un_poemario_aislado\"><\/span><strong>P.- \u00bfHay alg\u00fan trabajo despu\u00e9s de (EN) CONSTRUCCI\u00d3N o ha sido un poemario aislado?<\/strong><span class=\"ez-toc-section-end\"><\/span><\/h3>\n<p>R.- Sigo escribiendo, desahog\u00e1ndome y salv\u00e1ndome, por eso me gustar\u00eda que hubiese otro. Pero no tengo prisa, quiero disfrutar de (En) Construcci\u00f3n primero.<\/p>\n[bctt tweet=&#8221;Sigo escribiendo, desahog\u00e1ndome y salv\u00e1ndome&#8221; username=&#8221;poesiaerestu&#8221;]\n<h2>Esto ha sido la entrevista a <a href=\"https:\/\/librodepoesia.com\/autor\/sofia-roman-barbieri\/\">Sof\u00eda Rom\u00e1n Barbieri<\/a>, tras publicar su libro &#8220;<a href=\"https:\/\/librodepoesia.com\/producto\/en-construccion-sofia-roman-barbieri\/\">(EN) CONSTRUCCI\u00d3N<\/a>&#8220;<\/h2>\n<p><a href=\"https:\/\/librodepoesia.com\/producto\/en-construccion-sofia-roman-barbieri\/\">Puedes adquirir el libro de poes\u00eda &#8220;(EN) CONSTRUCCI\u00d3N&#8221; en tu librer\u00eda habitual o en nuestras librer\u00edas en internet<\/a><\/p>\n","protected":false},"excerpt":{"rendered":"<p>Entrevista a Sof\u00eda Rom\u00e1n Barbieri, tras publicar su libro &#8220;(EN) CONSTRUCCI\u00d3N&#8221; Sof\u00eda Rom\u00e1n Barbieri es la autora de (EN) CONSTRUCCI\u00d3N, un poemario de amor plagado de ingenio y que no deja indiferente a ning\u00fan lector. P.-(EN) CONSTRUCCI\u00d3N est\u00e1 formado por m\u00faltiples poemas pero todos parecen tener un hilo conductor que nos desvela una historia. \u00bfPor&#8230;<\/p>\n","protected":false},"author":1,"featured_media":7138,"comment_status":"closed","ping_status":"closed","sticky":false,"template":"","format":"standard","meta":{"footnotes":"","_links_to":"","_links_to_target":""},"categories":[4],"tags":[],"class_list":["post-7137","post","type-post","status-publish","format-standard","has-post-thumbnail","hentry","category-entrevistas"],"yoast_head":"<!-- This site is optimized with the Yoast SEO Premium plugin v24.7 (Yoast SEO v27.5) - https:\/\/yoast.com\/product\/yoast-seo-premium-wordpress\/ -->\n<title>Entrevista a Sof\u00eda Rom\u00e1n Barbieri<\/title>\n<meta name=\"description\" content=\"Entrevista a Sof\u00eda Rom\u00e1n Barbieri tras la publicaci\u00f3n de su libro (EN) CONSTRUCCI\u00d3N con la Editorial Poes\u00eda eres t\u00fa en el a\u00f1o 2017\" \/>\n<meta name=\"robots\" content=\"index, follow, max-snippet:-1, max-image-preview:large, max-video-preview:-1\" \/>\n<link rel=\"canonical\" href=\"https:\/\/poesiaerestu.com\/revista\/sofia-roman-barbieri-siempre-sone-publicar-libro-pero-nunca-escribi-esa-idea\/\" \/>\n<meta name=\"twitter:label1\" content=\"Written by\" \/>\n\t<meta name=\"twitter:data1\" content=\"admin\" \/>\n\t<meta name=\"twitter:label2\" content=\"Est. reading time\" \/>\n\t<meta name=\"twitter:data2\" content=\"5 minutes\" \/>\n<script type=\"application\/ld+json\" class=\"yoast-schema-graph\">{\"@context\":\"https:\\\/\\\/schema.org\",\"@graph\":[{\"@type\":\"Article\",\"@id\":\"https:\\\/\\\/poesiaerestu.com\\\/revista\\\/sofia-roman-barbieri-siempre-sone-publicar-libro-pero-nunca-escribi-esa-idea\\\/#article\",\"isPartOf\":{\"@id\":\"https:\\\/\\\/poesiaerestu.com\\\/revista\\\/sofia-roman-barbieri-siempre-sone-publicar-libro-pero-nunca-escribi-esa-idea\\\/\"},\"author\":{\"name\":\"admin\",\"@id\":\"https:\\\/\\\/poesiaerestu.com\\\/revista\\\/#\\\/schema\\\/person\\\/fcb1a2122be3810bfdd0c071b4b3e9c4\"},\"headline\":\"Sof\u00eda Rom\u00e1n Barbieri: &#8220;Siempre so\u00f1\u00e9 con publicar un libro, pero nunca escrib\u00ed con esa idea&#8221;\",\"datePublished\":\"2018-04-04T10:22:25+00:00\",\"dateModified\":\"2018-04-04T10:49:36+00:00\",\"mainEntityOfPage\":{\"@id\":\"https:\\\/\\\/poesiaerestu.com\\\/revista\\\/sofia-roman-barbieri-siempre-sone-publicar-libro-pero-nunca-escribi-esa-idea\\\/\"},\"wordCount\":1003,\"image\":{\"@id\":\"https:\\\/\\\/poesiaerestu.com\\\/revista\\\/sofia-roman-barbieri-siempre-sone-publicar-libro-pero-nunca-escribi-esa-idea\\\/#primaryimage\"},\"thumbnailUrl\":\"https:\\\/\\\/poesiaerestu.com\\\/revista\\\/wp-content\\\/uploads\\\/2018\\\/04\\\/Entrevista-a-Sofia-Rom\u00e1n-Barbieri.jpg\",\"articleSection\":[\"Entrevistas\"],\"inLanguage\":\"en-US\",\"copyrightYear\":\"2018\",\"copyrightHolder\":{\"@id\":\"https:\\\/\\\/poesiaerestu.com\\\/revista\\\/#organization\"}},{\"@type\":\"WebPage\",\"@id\":\"https:\\\/\\\/poesiaerestu.com\\\/revista\\\/sofia-roman-barbieri-siempre-sone-publicar-libro-pero-nunca-escribi-esa-idea\\\/\",\"url\":\"https:\\\/\\\/poesiaerestu.com\\\/revista\\\/sofia-roman-barbieri-siempre-sone-publicar-libro-pero-nunca-escribi-esa-idea\\\/\",\"name\":\"Entrevista a Sof\u00eda Rom\u00e1n Barbieri\",\"isPartOf\":{\"@id\":\"https:\\\/\\\/poesiaerestu.com\\\/revista\\\/#website\"},\"primaryImageOfPage\":{\"@id\":\"https:\\\/\\\/poesiaerestu.com\\\/revista\\\/sofia-roman-barbieri-siempre-sone-publicar-libro-pero-nunca-escribi-esa-idea\\\/#primaryimage\"},\"image\":{\"@id\":\"https:\\\/\\\/poesiaerestu.com\\\/revista\\\/sofia-roman-barbieri-siempre-sone-publicar-libro-pero-nunca-escribi-esa-idea\\\/#primaryimage\"},\"thumbnailUrl\":\"https:\\\/\\\/poesiaerestu.com\\\/revista\\\/wp-content\\\/uploads\\\/2018\\\/04\\\/Entrevista-a-Sofia-Rom\u00e1n-Barbieri.jpg\",\"datePublished\":\"2018-04-04T10:22:25+00:00\",\"dateModified\":\"2018-04-04T10:49:36+00:00\",\"author\":{\"@id\":\"https:\\\/\\\/poesiaerestu.com\\\/revista\\\/#\\\/schema\\\/person\\\/fcb1a2122be3810bfdd0c071b4b3e9c4\"},\"description\":\"Entrevista a Sof\u00eda Rom\u00e1n Barbieri tras la publicaci\u00f3n de su libro (EN) CONSTRUCCI\u00d3N con la Editorial Poes\u00eda eres t\u00fa en el a\u00f1o 2017\",\"breadcrumb\":{\"@id\":\"https:\\\/\\\/poesiaerestu.com\\\/revista\\\/sofia-roman-barbieri-siempre-sone-publicar-libro-pero-nunca-escribi-esa-idea\\\/#breadcrumb\"},\"inLanguage\":\"en-US\",\"potentialAction\":[{\"@type\":\"ReadAction\",\"target\":[\"https:\\\/\\\/poesiaerestu.com\\\/revista\\\/sofia-roman-barbieri-siempre-sone-publicar-libro-pero-nunca-escribi-esa-idea\\\/\"]}]},{\"@type\":\"ImageObject\",\"inLanguage\":\"en-US\",\"@id\":\"https:\\\/\\\/poesiaerestu.com\\\/revista\\\/sofia-roman-barbieri-siempre-sone-publicar-libro-pero-nunca-escribi-esa-idea\\\/#primaryimage\",\"url\":\"https:\\\/\\\/poesiaerestu.com\\\/revista\\\/wp-content\\\/uploads\\\/2018\\\/04\\\/Entrevista-a-Sofia-Rom\u00e1n-Barbieri.jpg\",\"contentUrl\":\"https:\\\/\\\/poesiaerestu.com\\\/revista\\\/wp-content\\\/uploads\\\/2018\\\/04\\\/Entrevista-a-Sofia-Rom\u00e1n-Barbieri.jpg\",\"width\":300,\"height\":212,\"caption\":\"Entrevista a Sofia Rom\u00e1n Barbieri\"},{\"@type\":\"BreadcrumbList\",\"@id\":\"https:\\\/\\\/poesiaerestu.com\\\/revista\\\/sofia-roman-barbieri-siempre-sone-publicar-libro-pero-nunca-escribi-esa-idea\\\/#breadcrumb\",\"itemListElement\":[{\"@type\":\"ListItem\",\"position\":1,\"name\":\"Home\",\"item\":\"https:\\\/\\\/poesiaerestu.com\\\/revista\\\/\"},{\"@type\":\"ListItem\",\"position\":2,\"name\":\"Sof\u00eda Rom\u00e1n Barbieri: &#8220;Siempre so\u00f1\u00e9 con publicar un libro, pero nunca escrib\u00ed con esa idea&#8221;\"}]},{\"@type\":\"WebSite\",\"@id\":\"https:\\\/\\\/poesiaerestu.com\\\/revista\\\/#website\",\"url\":\"https:\\\/\\\/poesiaerestu.com\\\/revista\\\/\",\"name\":\"Poes\u00ed\u00ada eres t\u00fa (revista)\",\"description\":\"Revista de poes\u00eda y literatura\",\"potentialAction\":[{\"@type\":\"SearchAction\",\"target\":{\"@type\":\"EntryPoint\",\"urlTemplate\":\"https:\\\/\\\/poesiaerestu.com\\\/revista\\\/?s={search_term_string}\"},\"query-input\":{\"@type\":\"PropertyValueSpecification\",\"valueRequired\":true,\"valueName\":\"search_term_string\"}}],\"inLanguage\":\"en-US\"},{\"@type\":\"Person\",\"@id\":\"https:\\\/\\\/poesiaerestu.com\\\/revista\\\/#\\\/schema\\\/person\\\/fcb1a2122be3810bfdd0c071b4b3e9c4\",\"name\":\"admin\",\"image\":{\"@type\":\"ImageObject\",\"inLanguage\":\"en-US\",\"@id\":\"https:\\\/\\\/secure.gravatar.com\\\/avatar\\\/1cb55a5bd8d6824519e46b552e84b03575857cc9c4d6333824d2f95d82129f50?s=96&d=mm&r=g\",\"url\":\"https:\\\/\\\/secure.gravatar.com\\\/avatar\\\/1cb55a5bd8d6824519e46b552e84b03575857cc9c4d6333824d2f95d82129f50?s=96&d=mm&r=g\",\"contentUrl\":\"https:\\\/\\\/secure.gravatar.com\\\/avatar\\\/1cb55a5bd8d6824519e46b552e84b03575857cc9c4d6333824d2f95d82129f50?s=96&d=mm&r=g\",\"caption\":\"admin\"},\"url\":\"https:\\\/\\\/poesiaerestu.com\\\/revista\\\/author\\\/admin\\\/\"}]}<\/script>\n<!-- \/ Yoast SEO Premium plugin. -->","yoast_head_json":{"title":"Entrevista a Sof\u00eda Rom\u00e1n Barbieri","description":"Entrevista a Sof\u00eda Rom\u00e1n Barbieri tras la publicaci\u00f3n de su libro (EN) CONSTRUCCI\u00d3N con la Editorial Poes\u00eda eres t\u00fa en el a\u00f1o 2017","robots":{"index":"index","follow":"follow","max-snippet":"max-snippet:-1","max-image-preview":"max-image-preview:large","max-video-preview":"max-video-preview:-1"},"canonical":"https:\/\/poesiaerestu.com\/revista\/sofia-roman-barbieri-siempre-sone-publicar-libro-pero-nunca-escribi-esa-idea\/","twitter_misc":{"Written by":"admin","Est. reading time":"5 minutes"},"schema":{"@context":"https:\/\/schema.org","@graph":[{"@type":"Article","@id":"https:\/\/poesiaerestu.com\/revista\/sofia-roman-barbieri-siempre-sone-publicar-libro-pero-nunca-escribi-esa-idea\/#article","isPartOf":{"@id":"https:\/\/poesiaerestu.com\/revista\/sofia-roman-barbieri-siempre-sone-publicar-libro-pero-nunca-escribi-esa-idea\/"},"author":{"name":"admin","@id":"https:\/\/poesiaerestu.com\/revista\/#\/schema\/person\/fcb1a2122be3810bfdd0c071b4b3e9c4"},"headline":"Sof\u00eda Rom\u00e1n Barbieri: &#8220;Siempre so\u00f1\u00e9 con publicar un libro, pero nunca escrib\u00ed con esa idea&#8221;","datePublished":"2018-04-04T10:22:25+00:00","dateModified":"2018-04-04T10:49:36+00:00","mainEntityOfPage":{"@id":"https:\/\/poesiaerestu.com\/revista\/sofia-roman-barbieri-siempre-sone-publicar-libro-pero-nunca-escribi-esa-idea\/"},"wordCount":1003,"image":{"@id":"https:\/\/poesiaerestu.com\/revista\/sofia-roman-barbieri-siempre-sone-publicar-libro-pero-nunca-escribi-esa-idea\/#primaryimage"},"thumbnailUrl":"https:\/\/poesiaerestu.com\/revista\/wp-content\/uploads\/2018\/04\/Entrevista-a-Sofia-Rom\u00e1n-Barbieri.jpg","articleSection":["Entrevistas"],"inLanguage":"en-US","copyrightYear":"2018","copyrightHolder":{"@id":"https:\/\/poesiaerestu.com\/revista\/#organization"}},{"@type":"WebPage","@id":"https:\/\/poesiaerestu.com\/revista\/sofia-roman-barbieri-siempre-sone-publicar-libro-pero-nunca-escribi-esa-idea\/","url":"https:\/\/poesiaerestu.com\/revista\/sofia-roman-barbieri-siempre-sone-publicar-libro-pero-nunca-escribi-esa-idea\/","name":"Entrevista a Sof\u00eda Rom\u00e1n Barbieri","isPartOf":{"@id":"https:\/\/poesiaerestu.com\/revista\/#website"},"primaryImageOfPage":{"@id":"https:\/\/poesiaerestu.com\/revista\/sofia-roman-barbieri-siempre-sone-publicar-libro-pero-nunca-escribi-esa-idea\/#primaryimage"},"image":{"@id":"https:\/\/poesiaerestu.com\/revista\/sofia-roman-barbieri-siempre-sone-publicar-libro-pero-nunca-escribi-esa-idea\/#primaryimage"},"thumbnailUrl":"https:\/\/poesiaerestu.com\/revista\/wp-content\/uploads\/2018\/04\/Entrevista-a-Sofia-Rom\u00e1n-Barbieri.jpg","datePublished":"2018-04-04T10:22:25+00:00","dateModified":"2018-04-04T10:49:36+00:00","author":{"@id":"https:\/\/poesiaerestu.com\/revista\/#\/schema\/person\/fcb1a2122be3810bfdd0c071b4b3e9c4"},"description":"Entrevista a Sof\u00eda Rom\u00e1n Barbieri tras la publicaci\u00f3n de su libro (EN) CONSTRUCCI\u00d3N con la Editorial Poes\u00eda eres t\u00fa en el a\u00f1o 2017","breadcrumb":{"@id":"https:\/\/poesiaerestu.com\/revista\/sofia-roman-barbieri-siempre-sone-publicar-libro-pero-nunca-escribi-esa-idea\/#breadcrumb"},"inLanguage":"en-US","potentialAction":[{"@type":"ReadAction","target":["https:\/\/poesiaerestu.com\/revista\/sofia-roman-barbieri-siempre-sone-publicar-libro-pero-nunca-escribi-esa-idea\/"]}]},{"@type":"ImageObject","inLanguage":"en-US","@id":"https:\/\/poesiaerestu.com\/revista\/sofia-roman-barbieri-siempre-sone-publicar-libro-pero-nunca-escribi-esa-idea\/#primaryimage","url":"https:\/\/poesiaerestu.com\/revista\/wp-content\/uploads\/2018\/04\/Entrevista-a-Sofia-Rom\u00e1n-Barbieri.jpg","contentUrl":"https:\/\/poesiaerestu.com\/revista\/wp-content\/uploads\/2018\/04\/Entrevista-a-Sofia-Rom\u00e1n-Barbieri.jpg","width":300,"height":212,"caption":"Entrevista a Sofia Rom\u00e1n Barbieri"},{"@type":"BreadcrumbList","@id":"https:\/\/poesiaerestu.com\/revista\/sofia-roman-barbieri-siempre-sone-publicar-libro-pero-nunca-escribi-esa-idea\/#breadcrumb","itemListElement":[{"@type":"ListItem","position":1,"name":"Home","item":"https:\/\/poesiaerestu.com\/revista\/"},{"@type":"ListItem","position":2,"name":"Sof\u00eda Rom\u00e1n Barbieri: &#8220;Siempre so\u00f1\u00e9 con publicar un libro, pero nunca escrib\u00ed con esa idea&#8221;"}]},{"@type":"WebSite","@id":"https:\/\/poesiaerestu.com\/revista\/#website","url":"https:\/\/poesiaerestu.com\/revista\/","name":"Poes\u00ed\u00ada eres t\u00fa (revista)","description":"Revista de poes\u00eda y literatura","potentialAction":[{"@type":"SearchAction","target":{"@type":"EntryPoint","urlTemplate":"https:\/\/poesiaerestu.com\/revista\/?s={search_term_string}"},"query-input":{"@type":"PropertyValueSpecification","valueRequired":true,"valueName":"search_term_string"}}],"inLanguage":"en-US"},{"@type":"Person","@id":"https:\/\/poesiaerestu.com\/revista\/#\/schema\/person\/fcb1a2122be3810bfdd0c071b4b3e9c4","name":"admin","image":{"@type":"ImageObject","inLanguage":"en-US","@id":"https:\/\/secure.gravatar.com\/avatar\/1cb55a5bd8d6824519e46b552e84b03575857cc9c4d6333824d2f95d82129f50?s=96&d=mm&r=g","url":"https:\/\/secure.gravatar.com\/avatar\/1cb55a5bd8d6824519e46b552e84b03575857cc9c4d6333824d2f95d82129f50?s=96&d=mm&r=g","contentUrl":"https:\/\/secure.gravatar.com\/avatar\/1cb55a5bd8d6824519e46b552e84b03575857cc9c4d6333824d2f95d82129f50?s=96&d=mm&r=g","caption":"admin"},"url":"https:\/\/poesiaerestu.com\/revista\/author\/admin\/"}]}},"_links":{"self":[{"href":"https:\/\/poesiaerestu.com\/revista\/wp-json\/wp\/v2\/posts\/7137","targetHints":{"allow":["GET"]}}],"collection":[{"href":"https:\/\/poesiaerestu.com\/revista\/wp-json\/wp\/v2\/posts"}],"about":[{"href":"https:\/\/poesiaerestu.com\/revista\/wp-json\/wp\/v2\/types\/post"}],"author":[{"embeddable":true,"href":"https:\/\/poesiaerestu.com\/revista\/wp-json\/wp\/v2\/users\/1"}],"replies":[{"embeddable":true,"href":"https:\/\/poesiaerestu.com\/revista\/wp-json\/wp\/v2\/comments?post=7137"}],"version-history":[{"count":0,"href":"https:\/\/poesiaerestu.com\/revista\/wp-json\/wp\/v2\/posts\/7137\/revisions"}],"wp:featuredmedia":[{"embeddable":true,"href":"https:\/\/poesiaerestu.com\/revista\/wp-json\/wp\/v2\/media\/7138"}],"wp:attachment":[{"href":"https:\/\/poesiaerestu.com\/revista\/wp-json\/wp\/v2\/media?parent=7137"}],"wp:term":[{"taxonomy":"category","embeddable":true,"href":"https:\/\/poesiaerestu.com\/revista\/wp-json\/wp\/v2\/categories?post=7137"},{"taxonomy":"post_tag","embeddable":true,"href":"https:\/\/poesiaerestu.com\/revista\/wp-json\/wp\/v2\/tags?post=7137"}],"curies":[{"name":"wp","href":"https:\/\/api.w.org\/{rel}","templated":true}]}}