{"id":7133,"date":"2018-03-22T12:03:34","date_gmt":"2018-03-22T11:03:34","guid":{"rendered":"https:\/\/poesiaerestu.com\/revista\/?p=7133"},"modified":"2018-04-04T09:14:11","modified_gmt":"2018-04-04T07:14:11","slug":"anna-astrom-para-pintar-escribir-son-dos-formas-distintas-pero-vez-tan-parecidas-expresar-sensibilidad-sentimientos","status":"publish","type":"post","link":"https:\/\/poesiaerestu.com\/revista\/anna-astrom-para-pintar-escribir-son-dos-formas-distintas-pero-vez-tan-parecidas-expresar-sensibilidad-sentimientos\/","title":{"rendered":"Anna Astrom: \u201cPara m\u00ed el pintar y el escribir son dos formas distintas, pero a la vez tan parecidas, de expresar con sensibilidad sentimientos\u2026\u201d"},"content":{"rendered":"<h1>Entrevista a Anna Astrom, tras publicar su libro Natural mente<\/h1>\n<h3><span class=\"ez-toc-section\" id=\"Anna_Astrom_es_la_escritora_de_Natural_mente_un_poemario_conmuchas_influencias_de_la_poesia_Sueca_y_traducido_al_espanol_por_la_escritora\"><\/span>Anna Astrom es la escritora de Natural mente un poemario conmuchas influencias de la poes\u00eda Sueca y traducido al espa\u00f1ol por la escritora.<span class=\"ez-toc-section-end\"><\/span><\/h3><div id=\"ez-toc-container\" class=\"ez-toc-v2_0_82_2 counter-hierarchy ez-toc-counter ez-toc-grey ez-toc-container-direction\">\n<p class=\"ez-toc-title\" style=\"cursor:inherit\">\u00cdndice<\/p>\n<label for=\"ez-toc-cssicon-toggle-item-69f3fb9595979\" class=\"ez-toc-cssicon-toggle-label\"><span class=\"\"><span class=\"eztoc-hide\" style=\"display:none;\">Toggle<\/span><span class=\"ez-toc-icon-toggle-span\"><svg style=\"fill: #81d742;color:#81d742\" xmlns=\"http:\/\/www.w3.org\/2000\/svg\" class=\"list-377408\" width=\"20px\" height=\"20px\" viewBox=\"0 0 24 24\" fill=\"none\"><path d=\"M6 6H4v2h2V6zm14 0H8v2h12V6zM4 11h2v2H4v-2zm16 0H8v2h12v-2zM4 16h2v2H4v-2zm16 0H8v2h12v-2z\" fill=\"currentColor\"><\/path><\/svg><svg style=\"fill: #81d742;color:#81d742\" class=\"arrow-unsorted-368013\" xmlns=\"http:\/\/www.w3.org\/2000\/svg\" width=\"10px\" height=\"10px\" viewBox=\"0 0 24 24\" version=\"1.2\" baseProfile=\"tiny\"><path d=\"M18.2 9.3l-6.2-6.3-6.2 6.3c-.2.2-.3.4-.3.7s.1.5.3.7c.2.2.4.3.7.3h11c.3 0 .5-.1.7-.3.2-.2.3-.5.3-.7s-.1-.5-.3-.7zM5.8 14.7l6.2 6.3 6.2-6.3c.2-.2.3-.5.3-.7s-.1-.5-.3-.7c-.2-.2-.4-.3-.7-.3h-11c-.3 0-.5.1-.7.3-.2.2-.3.5-.3.7s.1.5.3.7z\"\/><\/svg><\/span><\/span><\/label><input type=\"checkbox\"  id=\"ez-toc-cssicon-toggle-item-69f3fb9595979\" checked aria-label=\"Toggle\" \/><nav><ul class='ez-toc-list ez-toc-list-level-1 ' ><li class='ez-toc-page-1 ez-toc-heading-level-3'><a class=\"ez-toc-link ez-toc-heading-1\" href=\"https:\/\/poesiaerestu.com\/revista\/anna-astrom-para-pintar-escribir-son-dos-formas-distintas-pero-vez-tan-parecidas-expresar-sensibilidad-sentimientos\/#Anna_Astrom_es_la_escritora_de_Natural_mente_un_poemario_conmuchas_influencias_de_la_poesia_Sueca_y_traducido_al_espanol_por_la_escritora\" >Anna Astrom es la escritora de Natural mente un poemario conmuchas influencias de la poes\u00eda Sueca y traducido al espa\u00f1ol por la escritora.<\/a><\/li><li class='ez-toc-page-1 ez-toc-heading-level-3'><a class=\"ez-toc-link ez-toc-heading-2\" href=\"https:\/\/poesiaerestu.com\/revista\/anna-astrom-para-pintar-escribir-son-dos-formas-distintas-pero-vez-tan-parecidas-expresar-sensibilidad-sentimientos\/#P-_%C2%BFNatural-mente_es_la_traduccion_de_un_libro_que_escribiste_en_sueco_tu_idioma_materno_o_es_una_creacion_en_castellano\" >P.- \u00bfNatural-mente, es la traducci\u00f3n de un libro que escribiste en sueco (tu idioma materno) o es una creaci\u00f3n en castellano?<\/a><\/li><li class='ez-toc-page-1 ez-toc-heading-level-3'><a class=\"ez-toc-link ez-toc-heading-3\" href=\"https:\/\/poesiaerestu.com\/revista\/anna-astrom-para-pintar-escribir-son-dos-formas-distintas-pero-vez-tan-parecidas-expresar-sensibilidad-sentimientos\/#P-_Escribes_y_pintas_miniaturas_%C2%BFPor_que_esa_combinacion_de_esas_dos_artes\" >P.- Escribes y pintas miniaturas. \u00bfPor qu\u00e9 esa combinaci\u00f3n de esas dos artes?<\/a><\/li><li class='ez-toc-page-1 ez-toc-heading-level-3'><a class=\"ez-toc-link ez-toc-heading-4\" href=\"https:\/\/poesiaerestu.com\/revista\/anna-astrom-para-pintar-escribir-son-dos-formas-distintas-pero-vez-tan-parecidas-expresar-sensibilidad-sentimientos\/#P-_%C2%BFPor_que_el_titulo_de_Natural-mente_%C2%BFPor_que_es_tan_importante_la_naturaleza_para_ti\" >P.- \u00bfPor qu\u00e9 el t\u00edtulo de Natural-mente? \u00bfPor qu\u00e9 es tan importante la naturaleza para ti?<\/a><\/li><li class='ez-toc-page-1 ez-toc-heading-level-3'><a class=\"ez-toc-link ez-toc-heading-5\" href=\"https:\/\/poesiaerestu.com\/revista\/anna-astrom-para-pintar-escribir-son-dos-formas-distintas-pero-vez-tan-parecidas-expresar-sensibilidad-sentimientos\/#P-_%C2%BFHas_leido_poesia_de_autores_suecos_%C2%BFEn_que_se_diferencia_la_poesia_en_Suecia_de_la_poesia_espanola\" >P.- \u00bfHas le\u00eddo poes\u00eda de autores suecos? \u00bfEn qu\u00e9 se diferencia la poes\u00eda en Suecia de la poes\u00eda espa\u00f1ola?<\/a><\/li><li class='ez-toc-page-1 ez-toc-heading-level-3'><a class=\"ez-toc-link ez-toc-heading-6\" href=\"https:\/\/poesiaerestu.com\/revista\/anna-astrom-para-pintar-escribir-son-dos-formas-distintas-pero-vez-tan-parecidas-expresar-sensibilidad-sentimientos\/#P-_Tambien_tienes_un_libro_de_pequenas_reflexiones_sobre_la_educacion_%C2%BFNos_puedes_hablar_un_poco_de_ese_libro\" >P.- Tambi\u00e9n tienes un libro de peque\u00f1as reflexiones sobre la educaci\u00f3n. \u00bfNos puedes hablar un poco de ese libro?<\/a><\/li><li class='ez-toc-page-1 ez-toc-heading-level-3'><a class=\"ez-toc-link ez-toc-heading-7\" href=\"https:\/\/poesiaerestu.com\/revista\/anna-astrom-para-pintar-escribir-son-dos-formas-distintas-pero-vez-tan-parecidas-expresar-sensibilidad-sentimientos\/#_P-_%C2%BFSigues_escribiendo_%C2%BFHabra_alguna_obra_de_poesia_mas_despues_de_Natural-mente\" >\u00a0P.- \u00bfSigues escribiendo? \u00bfHabr\u00e1 alguna obra de poes\u00eda m\u00e1s despu\u00e9s de Natural-mente?<\/a><\/li><\/ul><\/nav><\/div>\n\n<p><a href=\"https:\/\/poesiaerestu.com\/revista\/gabriel-humero-la-poesia-considero-canto-vida-sus-mejores-valores\/fichaautor-anna-astrom\/\" rel=\"attachment wp-att-7134\"><img loading=\"lazy\" decoding=\"async\" class=\"aligncenter size-medium wp-image-7134\" src=\"https:\/\/spcdn.shortpixel.ai\/spio\/ret_img,q_cdnize,to_auto,s_webp:avif\/poesiaerestu.com\/revista\/wp-content\/uploads\/2018\/03\/FichaAutor-Anna-Astrom-300x211.jpg\" alt=\"Entrevista Anna Astrom\" width=\"300\" height=\"211\" \/><\/a><\/p>\n<h3><span class=\"ez-toc-section\" id=\"P-_%C2%BFNatural-mente_es_la_traduccion_de_un_libro_que_escribiste_en_sueco_tu_idioma_materno_o_es_una_creacion_en_castellano\"><\/span><strong>P.- \u00bf<em>Natural-mente<\/em>, es la traducci\u00f3n de un libro que escribiste en sueco (tu idioma materno) o es una creaci\u00f3n en castellano?<\/strong><span class=\"ez-toc-section-end\"><\/span><\/h3>\n<p>R.- S\u00ed y s\u00ed\u2026 he escrito en castellano partiendo de un poemario que ya hab\u00eda editado en Suecia. Traducir poes\u00eda de un idioma a otro es peculiar ya que cada idioma tiene matices especiales emocionales, expresiones con doble sentido, un ritmo \u00fanico,\u2026 y hay que respetar no solo el significado del texto sino tambi\u00e9n los sentimientos transmitidos a trav\u00e9s de una estructura muy concreta.<\/p>\n[bctt tweet=&#8221;He escrito en castellano partiendo de un poemario que ya hab\u00eda editado en Suecia&#8221; username=&#8221;poesiaerestu&#8221;]\n<h3><span class=\"ez-toc-section\" id=\"P-_Escribes_y_pintas_miniaturas_%C2%BFPor_que_esa_combinacion_de_esas_dos_artes\"><\/span><strong>P.- Escribes y pintas miniaturas. \u00bfPor qu\u00e9 esa combinaci\u00f3n de esas dos artes?<\/strong><span class=\"ez-toc-section-end\"><\/span><\/h3>\n<p>R.- Para m\u00ed el pintar y el escribir son dos formas distintas, pero a la vez tan parecidas, de expresar con sensibilidad sentimientos y el proceso de trabajo en ambos casos es muy reconstituyente y, de alguna forma, meditativa. Mi primera exposici\u00f3n monogr\u00e1fica, en Suecia, fue una combinaci\u00f3n de pintura acr\u00edlica y poes\u00eda y descubr\u00ed que usando las dos formas art\u00edsticas de expresi\u00f3n y comunicaci\u00f3n llegas a m\u00e1s personas<br \/>\n\u2014para algunos es m\u00e1s f\u00e1cil perderse en una imagen y para otros llama m\u00e1s la letra\u2026 Tambi\u00e9n resulta un trabajo m\u00e1s completo para m\u00ed misma.<\/p>\n[bctt tweet=&#8221;Para algunos es m\u00e1s f\u00e1cil perderse en una imagen y para otros llama m\u00e1s la letra&#8221; username=&#8221;poesiaerestu&#8221;]\n<h3><span class=\"ez-toc-section\" id=\"P-_%C2%BFPor_que_el_titulo_de_Natural-mente_%C2%BFPor_que_es_tan_importante_la_naturaleza_para_ti\"><\/span><strong>P.- \u00bfPor qu\u00e9 el t\u00edtulo de <em>Natural-mente<\/em>? \u00bfPor qu\u00e9 es tan importante la naturaleza para ti?<\/strong><span class=\"ez-toc-section-end\"><\/span><\/h3>\n<p>R.- El t\u00edtulo \u201cNatural Mente\u201d es una combinaci\u00f3n de Naturaleza y Mente que creo que es lo que somos. En la naturaleza est\u00e1 nuestra historia, nuestra paz, tantas respuestas y nuestra energ\u00eda y fuente de vida.<\/p>\n[bctt tweet=&#8221;En la naturaleza est\u00e1 nuestra historia, nuestra paz, tantas respuestas y nuestra energ\u00eda y fuente de vida.&#8221; username=&#8221;poesiaerestu&#8221;]\n<h3><span class=\"ez-toc-section\" id=\"P-_%C2%BFHas_leido_poesia_de_autores_suecos_%C2%BFEn_que_se_diferencia_la_poesia_en_Suecia_de_la_poesia_espanola\"><\/span><strong>P.-<\/strong> <strong>\u00bfHas le\u00eddo poes\u00eda de autores suecos? \u00bfEn qu\u00e9 se diferencia la poes\u00eda en Suecia de la poes\u00eda espa\u00f1ola?<\/strong><span class=\"ez-toc-section-end\"><\/span><\/h3>\n<p>R.- He le\u00eddo m\u00e1s poes\u00eda sueca que espa\u00f1ola \u2014simplemente porque mi idioma materno y emocional es el sueco. En \u201cNatural Mente\u201d hay un poema dedicado a Karin Boye que fue una poeta fant\u00e1stica \u2014hay muchos textos de ella traducidos al castellano.<\/p>\n[bctt tweet=&#8221;Mi idioma materno y emocional es el sueco.&#8221; username=&#8221;poesiaerestu&#8221;]\n<h3><span class=\"ez-toc-section\" id=\"P-_Tambien_tienes_un_libro_de_pequenas_reflexiones_sobre_la_educacion_%C2%BFNos_puedes_hablar_un_poco_de_ese_libro\"><\/span><strong>P.- Tambi\u00e9n tienes un libro de peque\u00f1as reflexiones sobre la educaci\u00f3n. \u00bfNos puedes hablar un poco de ese libro?<\/strong><span class=\"ez-toc-section-end\"><\/span><\/h3>\n<p>R.- Es un libro que se llama justo as\u00ed; \u201cPeque\u00f1as Reflexiones\u201d \u2014sobre la educaci\u00f3n infantil y su poder, sobre c\u00f3mo vivir presente el d\u00eda a d\u00eda junto a los ni\u00f1os. Son reflexiones sobre respeto, empat\u00eda, creatividad,\u2026 para m\u00ed los pilares en cada persona para crear un buen mundo.<\/p>\n[bctt tweet=&#8221;Para m\u00ed los pilares en cada persona para crear un buen mundo&#8221; username=&#8221;poesiaerestu&#8221;]\n<h3><span class=\"ez-toc-section\" id=\"_P-_%C2%BFSigues_escribiendo_%C2%BFHabra_alguna_obra_de_poesia_mas_despues_de_Natural-mente\"><\/span><strong>\u00a0<\/strong><strong>P.- \u00bfSigues escribiendo? \u00bfHabr\u00e1 alguna obra de poes\u00eda m\u00e1s despu\u00e9s de <em>Natural-mente?<\/em><\/strong><span class=\"ez-toc-section-end\"><\/span><\/h3>\n<p>R.- S\u00ed. En breve saldr\u00e1 un nuevo poemario: <em>Me asomo a la noche.<\/em><\/p>\n[bctt tweet=&#8221;En breve saldr\u00e1 un nuevo poemario: Me asomo a la noche&#8221; username=&#8221;poesiaerestu&#8221;]\n<h4>Esto ha sido la entrevista a Anna Astrom, tras publicar su libro Natural mente.<\/h4>\n","protected":false},"excerpt":{"rendered":"<p>Entrevista a Anna Astrom, tras publicar su libro Natural mente Anna Astrom es la escritora de Natural mente un poemario conmuchas influencias de la poes\u00eda Sueca y traducido al espa\u00f1ol por la escritora. P.- \u00bfNatural-mente, es la traducci\u00f3n de un libro que escribiste en sueco (tu idioma materno) o es una creaci\u00f3n en castellano? R.-&#8230;<\/p>\n","protected":false},"author":1,"featured_media":7134,"comment_status":"closed","ping_status":"closed","sticky":false,"template":"","format":"standard","meta":{"footnotes":"","_links_to":"","_links_to_target":""},"categories":[4],"tags":[],"class_list":["post-7133","post","type-post","status-publish","format-standard","has-post-thumbnail","hentry","category-entrevistas"],"yoast_head":"<!-- This site is optimized with the Yoast SEO Premium plugin v24.7 (Yoast SEO v27.5) - https:\/\/yoast.com\/product\/yoast-seo-premium-wordpress\/ -->\n<title>Entrevista a la escritora Anna Astrom<\/title>\n<meta name=\"description\" content=\"Entrevista a la escritora Anna Astrom tras publicar su libro Natural mente con la Editorial Poes\u00eda eres t\u00fa.\" \/>\n<meta name=\"robots\" content=\"index, follow, max-snippet:-1, max-image-preview:large, max-video-preview:-1\" \/>\n<link rel=\"canonical\" href=\"https:\/\/poesiaerestu.com\/revista\/anna-astrom-para-pintar-escribir-son-dos-formas-distintas-pero-vez-tan-parecidas-expresar-sensibilidad-sentimientos\/\" \/>\n<meta name=\"twitter:label1\" content=\"Written by\" \/>\n\t<meta name=\"twitter:data1\" content=\"admin\" \/>\n\t<meta name=\"twitter:label2\" content=\"Est. reading time\" \/>\n\t<meta name=\"twitter:data2\" content=\"3 minutes\" \/>\n<script type=\"application\/ld+json\" class=\"yoast-schema-graph\">{\"@context\":\"https:\\\/\\\/schema.org\",\"@graph\":[{\"@type\":\"Article\",\"@id\":\"https:\\\/\\\/poesiaerestu.com\\\/revista\\\/anna-astrom-para-pintar-escribir-son-dos-formas-distintas-pero-vez-tan-parecidas-expresar-sensibilidad-sentimientos\\\/#article\",\"isPartOf\":{\"@id\":\"https:\\\/\\\/poesiaerestu.com\\\/revista\\\/anna-astrom-para-pintar-escribir-son-dos-formas-distintas-pero-vez-tan-parecidas-expresar-sensibilidad-sentimientos\\\/\"},\"author\":{\"name\":\"admin\",\"@id\":\"https:\\\/\\\/poesiaerestu.com\\\/revista\\\/#\\\/schema\\\/person\\\/fcb1a2122be3810bfdd0c071b4b3e9c4\"},\"headline\":\"Anna Astrom: \u201cPara m\u00ed el pintar y el escribir son dos formas distintas, pero a la vez tan parecidas, de expresar con sensibilidad sentimientos\u2026\u201d\",\"datePublished\":\"2018-03-22T11:03:34+00:00\",\"dateModified\":\"2018-04-04T07:14:11+00:00\",\"mainEntityOfPage\":{\"@id\":\"https:\\\/\\\/poesiaerestu.com\\\/revista\\\/anna-astrom-para-pintar-escribir-son-dos-formas-distintas-pero-vez-tan-parecidas-expresar-sensibilidad-sentimientos\\\/\"},\"wordCount\":636,\"image\":{\"@id\":\"https:\\\/\\\/poesiaerestu.com\\\/revista\\\/anna-astrom-para-pintar-escribir-son-dos-formas-distintas-pero-vez-tan-parecidas-expresar-sensibilidad-sentimientos\\\/#primaryimage\"},\"thumbnailUrl\":\"https:\\\/\\\/poesiaerestu.com\\\/revista\\\/wp-content\\\/uploads\\\/2018\\\/03\\\/FichaAutor-Anna-Astrom.jpg\",\"articleSection\":[\"Entrevistas\"],\"inLanguage\":\"en-US\",\"copyrightYear\":\"2018\",\"copyrightHolder\":{\"@id\":\"https:\\\/\\\/poesiaerestu.com\\\/revista\\\/#organization\"}},{\"@type\":\"WebPage\",\"@id\":\"https:\\\/\\\/poesiaerestu.com\\\/revista\\\/anna-astrom-para-pintar-escribir-son-dos-formas-distintas-pero-vez-tan-parecidas-expresar-sensibilidad-sentimientos\\\/\",\"url\":\"https:\\\/\\\/poesiaerestu.com\\\/revista\\\/anna-astrom-para-pintar-escribir-son-dos-formas-distintas-pero-vez-tan-parecidas-expresar-sensibilidad-sentimientos\\\/\",\"name\":\"Entrevista a la escritora Anna Astrom\",\"isPartOf\":{\"@id\":\"https:\\\/\\\/poesiaerestu.com\\\/revista\\\/#website\"},\"primaryImageOfPage\":{\"@id\":\"https:\\\/\\\/poesiaerestu.com\\\/revista\\\/anna-astrom-para-pintar-escribir-son-dos-formas-distintas-pero-vez-tan-parecidas-expresar-sensibilidad-sentimientos\\\/#primaryimage\"},\"image\":{\"@id\":\"https:\\\/\\\/poesiaerestu.com\\\/revista\\\/anna-astrom-para-pintar-escribir-son-dos-formas-distintas-pero-vez-tan-parecidas-expresar-sensibilidad-sentimientos\\\/#primaryimage\"},\"thumbnailUrl\":\"https:\\\/\\\/poesiaerestu.com\\\/revista\\\/wp-content\\\/uploads\\\/2018\\\/03\\\/FichaAutor-Anna-Astrom.jpg\",\"datePublished\":\"2018-03-22T11:03:34+00:00\",\"dateModified\":\"2018-04-04T07:14:11+00:00\",\"author\":{\"@id\":\"https:\\\/\\\/poesiaerestu.com\\\/revista\\\/#\\\/schema\\\/person\\\/fcb1a2122be3810bfdd0c071b4b3e9c4\"},\"description\":\"Entrevista a la escritora Anna Astrom tras publicar su libro Natural mente con la Editorial Poes\u00eda eres t\u00fa.\",\"breadcrumb\":{\"@id\":\"https:\\\/\\\/poesiaerestu.com\\\/revista\\\/anna-astrom-para-pintar-escribir-son-dos-formas-distintas-pero-vez-tan-parecidas-expresar-sensibilidad-sentimientos\\\/#breadcrumb\"},\"inLanguage\":\"en-US\",\"potentialAction\":[{\"@type\":\"ReadAction\",\"target\":[\"https:\\\/\\\/poesiaerestu.com\\\/revista\\\/anna-astrom-para-pintar-escribir-son-dos-formas-distintas-pero-vez-tan-parecidas-expresar-sensibilidad-sentimientos\\\/\"]}]},{\"@type\":\"ImageObject\",\"inLanguage\":\"en-US\",\"@id\":\"https:\\\/\\\/poesiaerestu.com\\\/revista\\\/anna-astrom-para-pintar-escribir-son-dos-formas-distintas-pero-vez-tan-parecidas-expresar-sensibilidad-sentimientos\\\/#primaryimage\",\"url\":\"https:\\\/\\\/poesiaerestu.com\\\/revista\\\/wp-content\\\/uploads\\\/2018\\\/03\\\/FichaAutor-Anna-Astrom.jpg\",\"contentUrl\":\"https:\\\/\\\/poesiaerestu.com\\\/revista\\\/wp-content\\\/uploads\\\/2018\\\/03\\\/FichaAutor-Anna-Astrom.jpg\",\"width\":300,\"height\":211,\"caption\":\"Entrevista Anna Astrom\"},{\"@type\":\"BreadcrumbList\",\"@id\":\"https:\\\/\\\/poesiaerestu.com\\\/revista\\\/anna-astrom-para-pintar-escribir-son-dos-formas-distintas-pero-vez-tan-parecidas-expresar-sensibilidad-sentimientos\\\/#breadcrumb\",\"itemListElement\":[{\"@type\":\"ListItem\",\"position\":1,\"name\":\"Home\",\"item\":\"https:\\\/\\\/poesiaerestu.com\\\/revista\\\/\"},{\"@type\":\"ListItem\",\"position\":2,\"name\":\"Anna Astrom: \u201cPara m\u00ed el pintar y el escribir son dos formas distintas, pero a la vez tan parecidas, de expresar con sensibilidad sentimientos\u2026\u201d\"}]},{\"@type\":\"WebSite\",\"@id\":\"https:\\\/\\\/poesiaerestu.com\\\/revista\\\/#website\",\"url\":\"https:\\\/\\\/poesiaerestu.com\\\/revista\\\/\",\"name\":\"Poes\u00ed\u00ada eres t\u00fa (revista)\",\"description\":\"Revista de poes\u00eda y literatura\",\"potentialAction\":[{\"@type\":\"SearchAction\",\"target\":{\"@type\":\"EntryPoint\",\"urlTemplate\":\"https:\\\/\\\/poesiaerestu.com\\\/revista\\\/?s={search_term_string}\"},\"query-input\":{\"@type\":\"PropertyValueSpecification\",\"valueRequired\":true,\"valueName\":\"search_term_string\"}}],\"inLanguage\":\"en-US\"},{\"@type\":\"Person\",\"@id\":\"https:\\\/\\\/poesiaerestu.com\\\/revista\\\/#\\\/schema\\\/person\\\/fcb1a2122be3810bfdd0c071b4b3e9c4\",\"name\":\"admin\",\"image\":{\"@type\":\"ImageObject\",\"inLanguage\":\"en-US\",\"@id\":\"https:\\\/\\\/secure.gravatar.com\\\/avatar\\\/1cb55a5bd8d6824519e46b552e84b03575857cc9c4d6333824d2f95d82129f50?s=96&d=mm&r=g\",\"url\":\"https:\\\/\\\/secure.gravatar.com\\\/avatar\\\/1cb55a5bd8d6824519e46b552e84b03575857cc9c4d6333824d2f95d82129f50?s=96&d=mm&r=g\",\"contentUrl\":\"https:\\\/\\\/secure.gravatar.com\\\/avatar\\\/1cb55a5bd8d6824519e46b552e84b03575857cc9c4d6333824d2f95d82129f50?s=96&d=mm&r=g\",\"caption\":\"admin\"},\"url\":\"https:\\\/\\\/poesiaerestu.com\\\/revista\\\/author\\\/admin\\\/\"}]}<\/script>\n<!-- \/ Yoast SEO Premium plugin. -->","yoast_head_json":{"title":"Entrevista a la escritora Anna Astrom","description":"Entrevista a la escritora Anna Astrom tras publicar su libro Natural mente con la Editorial Poes\u00eda eres t\u00fa.","robots":{"index":"index","follow":"follow","max-snippet":"max-snippet:-1","max-image-preview":"max-image-preview:large","max-video-preview":"max-video-preview:-1"},"canonical":"https:\/\/poesiaerestu.com\/revista\/anna-astrom-para-pintar-escribir-son-dos-formas-distintas-pero-vez-tan-parecidas-expresar-sensibilidad-sentimientos\/","twitter_misc":{"Written by":"admin","Est. reading time":"3 minutes"},"schema":{"@context":"https:\/\/schema.org","@graph":[{"@type":"Article","@id":"https:\/\/poesiaerestu.com\/revista\/anna-astrom-para-pintar-escribir-son-dos-formas-distintas-pero-vez-tan-parecidas-expresar-sensibilidad-sentimientos\/#article","isPartOf":{"@id":"https:\/\/poesiaerestu.com\/revista\/anna-astrom-para-pintar-escribir-son-dos-formas-distintas-pero-vez-tan-parecidas-expresar-sensibilidad-sentimientos\/"},"author":{"name":"admin","@id":"https:\/\/poesiaerestu.com\/revista\/#\/schema\/person\/fcb1a2122be3810bfdd0c071b4b3e9c4"},"headline":"Anna Astrom: \u201cPara m\u00ed el pintar y el escribir son dos formas distintas, pero a la vez tan parecidas, de expresar con sensibilidad sentimientos\u2026\u201d","datePublished":"2018-03-22T11:03:34+00:00","dateModified":"2018-04-04T07:14:11+00:00","mainEntityOfPage":{"@id":"https:\/\/poesiaerestu.com\/revista\/anna-astrom-para-pintar-escribir-son-dos-formas-distintas-pero-vez-tan-parecidas-expresar-sensibilidad-sentimientos\/"},"wordCount":636,"image":{"@id":"https:\/\/poesiaerestu.com\/revista\/anna-astrom-para-pintar-escribir-son-dos-formas-distintas-pero-vez-tan-parecidas-expresar-sensibilidad-sentimientos\/#primaryimage"},"thumbnailUrl":"https:\/\/poesiaerestu.com\/revista\/wp-content\/uploads\/2018\/03\/FichaAutor-Anna-Astrom.jpg","articleSection":["Entrevistas"],"inLanguage":"en-US","copyrightYear":"2018","copyrightHolder":{"@id":"https:\/\/poesiaerestu.com\/revista\/#organization"}},{"@type":"WebPage","@id":"https:\/\/poesiaerestu.com\/revista\/anna-astrom-para-pintar-escribir-son-dos-formas-distintas-pero-vez-tan-parecidas-expresar-sensibilidad-sentimientos\/","url":"https:\/\/poesiaerestu.com\/revista\/anna-astrom-para-pintar-escribir-son-dos-formas-distintas-pero-vez-tan-parecidas-expresar-sensibilidad-sentimientos\/","name":"Entrevista a la escritora Anna Astrom","isPartOf":{"@id":"https:\/\/poesiaerestu.com\/revista\/#website"},"primaryImageOfPage":{"@id":"https:\/\/poesiaerestu.com\/revista\/anna-astrom-para-pintar-escribir-son-dos-formas-distintas-pero-vez-tan-parecidas-expresar-sensibilidad-sentimientos\/#primaryimage"},"image":{"@id":"https:\/\/poesiaerestu.com\/revista\/anna-astrom-para-pintar-escribir-son-dos-formas-distintas-pero-vez-tan-parecidas-expresar-sensibilidad-sentimientos\/#primaryimage"},"thumbnailUrl":"https:\/\/poesiaerestu.com\/revista\/wp-content\/uploads\/2018\/03\/FichaAutor-Anna-Astrom.jpg","datePublished":"2018-03-22T11:03:34+00:00","dateModified":"2018-04-04T07:14:11+00:00","author":{"@id":"https:\/\/poesiaerestu.com\/revista\/#\/schema\/person\/fcb1a2122be3810bfdd0c071b4b3e9c4"},"description":"Entrevista a la escritora Anna Astrom tras publicar su libro Natural mente con la Editorial Poes\u00eda eres t\u00fa.","breadcrumb":{"@id":"https:\/\/poesiaerestu.com\/revista\/anna-astrom-para-pintar-escribir-son-dos-formas-distintas-pero-vez-tan-parecidas-expresar-sensibilidad-sentimientos\/#breadcrumb"},"inLanguage":"en-US","potentialAction":[{"@type":"ReadAction","target":["https:\/\/poesiaerestu.com\/revista\/anna-astrom-para-pintar-escribir-son-dos-formas-distintas-pero-vez-tan-parecidas-expresar-sensibilidad-sentimientos\/"]}]},{"@type":"ImageObject","inLanguage":"en-US","@id":"https:\/\/poesiaerestu.com\/revista\/anna-astrom-para-pintar-escribir-son-dos-formas-distintas-pero-vez-tan-parecidas-expresar-sensibilidad-sentimientos\/#primaryimage","url":"https:\/\/poesiaerestu.com\/revista\/wp-content\/uploads\/2018\/03\/FichaAutor-Anna-Astrom.jpg","contentUrl":"https:\/\/poesiaerestu.com\/revista\/wp-content\/uploads\/2018\/03\/FichaAutor-Anna-Astrom.jpg","width":300,"height":211,"caption":"Entrevista Anna Astrom"},{"@type":"BreadcrumbList","@id":"https:\/\/poesiaerestu.com\/revista\/anna-astrom-para-pintar-escribir-son-dos-formas-distintas-pero-vez-tan-parecidas-expresar-sensibilidad-sentimientos\/#breadcrumb","itemListElement":[{"@type":"ListItem","position":1,"name":"Home","item":"https:\/\/poesiaerestu.com\/revista\/"},{"@type":"ListItem","position":2,"name":"Anna Astrom: \u201cPara m\u00ed el pintar y el escribir son dos formas distintas, pero a la vez tan parecidas, de expresar con sensibilidad sentimientos\u2026\u201d"}]},{"@type":"WebSite","@id":"https:\/\/poesiaerestu.com\/revista\/#website","url":"https:\/\/poesiaerestu.com\/revista\/","name":"Poes\u00ed\u00ada eres t\u00fa (revista)","description":"Revista de poes\u00eda y literatura","potentialAction":[{"@type":"SearchAction","target":{"@type":"EntryPoint","urlTemplate":"https:\/\/poesiaerestu.com\/revista\/?s={search_term_string}"},"query-input":{"@type":"PropertyValueSpecification","valueRequired":true,"valueName":"search_term_string"}}],"inLanguage":"en-US"},{"@type":"Person","@id":"https:\/\/poesiaerestu.com\/revista\/#\/schema\/person\/fcb1a2122be3810bfdd0c071b4b3e9c4","name":"admin","image":{"@type":"ImageObject","inLanguage":"en-US","@id":"https:\/\/secure.gravatar.com\/avatar\/1cb55a5bd8d6824519e46b552e84b03575857cc9c4d6333824d2f95d82129f50?s=96&d=mm&r=g","url":"https:\/\/secure.gravatar.com\/avatar\/1cb55a5bd8d6824519e46b552e84b03575857cc9c4d6333824d2f95d82129f50?s=96&d=mm&r=g","contentUrl":"https:\/\/secure.gravatar.com\/avatar\/1cb55a5bd8d6824519e46b552e84b03575857cc9c4d6333824d2f95d82129f50?s=96&d=mm&r=g","caption":"admin"},"url":"https:\/\/poesiaerestu.com\/revista\/author\/admin\/"}]}},"_links":{"self":[{"href":"https:\/\/poesiaerestu.com\/revista\/wp-json\/wp\/v2\/posts\/7133","targetHints":{"allow":["GET"]}}],"collection":[{"href":"https:\/\/poesiaerestu.com\/revista\/wp-json\/wp\/v2\/posts"}],"about":[{"href":"https:\/\/poesiaerestu.com\/revista\/wp-json\/wp\/v2\/types\/post"}],"author":[{"embeddable":true,"href":"https:\/\/poesiaerestu.com\/revista\/wp-json\/wp\/v2\/users\/1"}],"replies":[{"embeddable":true,"href":"https:\/\/poesiaerestu.com\/revista\/wp-json\/wp\/v2\/comments?post=7133"}],"version-history":[{"count":0,"href":"https:\/\/poesiaerestu.com\/revista\/wp-json\/wp\/v2\/posts\/7133\/revisions"}],"wp:featuredmedia":[{"embeddable":true,"href":"https:\/\/poesiaerestu.com\/revista\/wp-json\/wp\/v2\/media\/7134"}],"wp:attachment":[{"href":"https:\/\/poesiaerestu.com\/revista\/wp-json\/wp\/v2\/media?parent=7133"}],"wp:term":[{"taxonomy":"category","embeddable":true,"href":"https:\/\/poesiaerestu.com\/revista\/wp-json\/wp\/v2\/categories?post=7133"},{"taxonomy":"post_tag","embeddable":true,"href":"https:\/\/poesiaerestu.com\/revista\/wp-json\/wp\/v2\/tags?post=7133"}],"curies":[{"name":"wp","href":"https:\/\/api.w.org\/{rel}","templated":true}]}}