{"id":653,"date":"2010-11-18T12:40:18","date_gmt":"2010-11-18T11:40:18","guid":{"rendered":"http:\/\/www.poesiaerestu.com\/revista\/?p=653"},"modified":"2010-11-18T12:48:55","modified_gmt":"2010-11-18T11:48:55","slug":"exposicion-fotorias-ruben-senor-del-051210-al-161210","status":"publish","type":"post","link":"https:\/\/poesiaerestu.com\/revista\/exposicion-fotorias-ruben-senor-del-051210-al-161210\/","title":{"rendered":"Exposici\u00f3n &#8220;fotorias&#8221; rub\u00e9n se\u00f1or (del 05\/12\/10 al 16\/12\/10)"},"content":{"rendered":"<p><a ref=\"magnificPopup\" href=\"https:\/\/poesiaerestu.com\/revista\/wp-content\/uploads\/2010\/11\/fotorias-Large.jpg\"><img loading=\"lazy\" decoding=\"async\" class=\"alignnone size-large wp-image-654\" title=\"fotorias\" src=\"https:\/\/spcdn.shortpixel.ai\/spio\/ret_img,q_cdnize,to_auto,s_webp:avif\/poesiaerestu.com\/revista\/wp-content\/uploads\/2010\/11\/fotorias-Large-1024x461.jpg\" alt=\"\" width=\"614\" height=\"277\" srcset=\"https:\/\/spcdn.shortpixel.ai\/spio\/ret_img,q_cdnize,to_auto,s_webp:avif\/poesiaerestu.com\/revista\/wp-content\/uploads\/2010\/11\/fotorias-Large-1024x461.jpg 1024w, https:\/\/spcdn.shortpixel.ai\/spio\/ret_img,q_cdnize,to_auto,s_webp:avif\/poesiaerestu.com\/revista\/wp-content\/uploads\/2010\/11\/fotorias-Large-300x135.jpg 300w, https:\/\/spcdn.shortpixel.ai\/spio\/ret_img,q_cdnize,to_auto,s_webp:avif\/poesiaerestu.com\/revista\/wp-content\/uploads\/2010\/11\/fotorias-Large-600x270.jpg 600w, https:\/\/spcdn.shortpixel.ai\/spio\/ret_img,q_cdnize,to_auto,s_webp:avif\/poesiaerestu.com\/revista\/wp-content\/uploads\/2010\/11\/fotorias-Large-768x346.jpg 768w, https:\/\/spcdn.shortpixel.ai\/spio\/ret_img,q_cdnize,to_auto,s_webp:avif\/poesiaerestu.com\/revista\/wp-content\/uploads\/2010\/11\/fotorias-Large-133x60.jpg 133w, https:\/\/spcdn.shortpixel.ai\/spio\/ret_img,q_cdnize,to_auto,s_webp:avif\/poesiaerestu.com\/revista\/wp-content\/uploads\/2010\/11\/fotorias-Large.jpg 1920w\" sizes=\"auto, (max-width: 614px) 100vw, 614px\" \/><\/a><\/p>\n<p><span style=\"color: #888888;\"><span style=\"color: #000000;\">Rub\u00e9n Se\u00f1or<br \/>\nRealizador<\/span><br \/>\n<a href=\"mhtml:{1BD08606-5E14-4A78-866B-60E7348CDE28}mid:\/\/00000826\/!x-usc:http:\/\/www.rubensenor.com\/\" target=\"_blank\">www.rubensenor.com<\/a><br \/>\n<a href=\"mhtml:{1BD08606-5E14-4A78-866B-60E7348CDE28}mid:\/\/00000826\/!x-usc:http:\/\/www.only925.com\/\" target=\"_blank\">www.only925.com<\/a><br \/>\n<a href=\"mhtml:{1BD08606-5E14-4A78-866B-60E7348CDE28}mid:\/\/00000826\/!x-usc:http:\/\/entregarbanzos.edicionesrilke.com\/\" target=\"_blank\">http:\/\/entregarbanzos.edicionesrilke.com\/<\/a><br \/>\n<a href=\"mhtml:{1BD08606-5E14-4A78-866B-60E7348CDE28}mid:\/\/00000826\/!x-usc:http:\/\/blogdeescritor.com\/rubensenor\/\" target=\"_blank\">http:\/\/blogdeescritor.com\/rubensenor\/<\/a><br \/>\n<\/span><\/p>\n","protected":false},"excerpt":{"rendered":"<p>Rub\u00e9n Se\u00f1or Realizador www.rubensenor.com www.only925.com http:\/\/entregarbanzos.edicionesrilke.com\/ http:\/\/blogdeescritor.com\/rubensenor\/<\/p>\n","protected":false},"author":1,"featured_media":654,"comment_status":"open","ping_status":"open","sticky":false,"template":"","format":"standard","meta":{"footnotes":"","_links_to":"","_links_to_target":""},"categories":[8],"tags":[],"class_list":["post-653","post","type-post","status-publish","format-standard","has-post-thumbnail","hentry","category-eventos"],"yoast_head":"<!-- This site is optimized with the Yoast SEO Premium plugin v24.7 (Yoast SEO v27.4) - https:\/\/yoast.com\/product\/yoast-seo-premium-wordpress\/ -->\n<title>Exposici\u00f3n &quot;fotorias&quot; rub\u00e9n se\u00f1or (del 05\/12\/10 al 16\/12\/10)<\/title>\n<meta name=\"description\" content=\"Rub\u00e9n Se\u00f1or Realizador www.rubensenor.com www.only925.com http:\/\/entregarbanzos.edicionesrilke.com\/ http:\/\/blogdeescritor.com\/rubensenor\/\" \/>\n<meta name=\"robots\" content=\"index, follow, max-snippet:-1, max-image-preview:large, max-video-preview:-1\" \/>\n<link rel=\"canonical\" href=\"https:\/\/poesiaerestu.com\/revista\/exposicion-fotorias-ruben-senor-del-051210-al-161210\/\" \/>\n<meta name=\"twitter:label1\" content=\"Written by\" \/>\n\t<meta name=\"twitter:data1\" content=\"admin\" \/>\n<script type=\"application\/ld+json\" class=\"yoast-schema-graph\">{\"@context\":\"https:\\\/\\\/schema.org\",\"@graph\":[{\"@type\":\"Article\",\"@id\":\"https:\\\/\\\/poesiaerestu.com\\\/revista\\\/exposicion-fotorias-ruben-senor-del-051210-al-161210\\\/#article\",\"isPartOf\":{\"@id\":\"https:\\\/\\\/poesiaerestu.com\\\/revista\\\/exposicion-fotorias-ruben-senor-del-051210-al-161210\\\/\"},\"author\":{\"name\":\"admin\",\"@id\":\"https:\\\/\\\/poesiaerestu.com\\\/revista\\\/#\\\/schema\\\/person\\\/fcb1a2122be3810bfdd0c071b4b3e9c4\"},\"headline\":\"Exposici\u00f3n &#8220;fotorias&#8221; rub\u00e9n se\u00f1or (del 05\\\/12\\\/10 al 16\\\/12\\\/10)\",\"datePublished\":\"2010-11-18T11:40:18+00:00\",\"dateModified\":\"2010-11-18T11:48:55+00:00\",\"mainEntityOfPage\":{\"@id\":\"https:\\\/\\\/poesiaerestu.com\\\/revista\\\/exposicion-fotorias-ruben-senor-del-051210-al-161210\\\/\"},\"wordCount\":28,\"commentCount\":0,\"image\":{\"@id\":\"https:\\\/\\\/poesiaerestu.com\\\/revista\\\/exposicion-fotorias-ruben-senor-del-051210-al-161210\\\/#primaryimage\"},\"thumbnailUrl\":\"https:\\\/\\\/poesiaerestu.com\\\/revista\\\/wp-content\\\/uploads\\\/2010\\\/11\\\/fotorias-Large.jpg\",\"articleSection\":[\"Eventos\"],\"inLanguage\":\"en-US\",\"copyrightYear\":\"2010\",\"copyrightHolder\":{\"@id\":\"https:\\\/\\\/poesiaerestu.com\\\/revista\\\/#organization\"}},{\"@type\":\"WebPage\",\"@id\":\"https:\\\/\\\/poesiaerestu.com\\\/revista\\\/exposicion-fotorias-ruben-senor-del-051210-al-161210\\\/\",\"url\":\"https:\\\/\\\/poesiaerestu.com\\\/revista\\\/exposicion-fotorias-ruben-senor-del-051210-al-161210\\\/\",\"name\":\"Exposici\u00f3n \\\"fotorias\\\" rub\u00e9n se\u00f1or (del 05\\\/12\\\/10 al 16\\\/12\\\/10)\",\"isPartOf\":{\"@id\":\"https:\\\/\\\/poesiaerestu.com\\\/revista\\\/#website\"},\"primaryImageOfPage\":{\"@id\":\"https:\\\/\\\/poesiaerestu.com\\\/revista\\\/exposicion-fotorias-ruben-senor-del-051210-al-161210\\\/#primaryimage\"},\"image\":{\"@id\":\"https:\\\/\\\/poesiaerestu.com\\\/revista\\\/exposicion-fotorias-ruben-senor-del-051210-al-161210\\\/#primaryimage\"},\"thumbnailUrl\":\"https:\\\/\\\/poesiaerestu.com\\\/revista\\\/wp-content\\\/uploads\\\/2010\\\/11\\\/fotorias-Large.jpg\",\"datePublished\":\"2010-11-18T11:40:18+00:00\",\"dateModified\":\"2010-11-18T11:48:55+00:00\",\"author\":{\"@id\":\"https:\\\/\\\/poesiaerestu.com\\\/revista\\\/#\\\/schema\\\/person\\\/fcb1a2122be3810bfdd0c071b4b3e9c4\"},\"description\":\"Rub\u00e9n Se\u00f1or Realizador www.rubensenor.com www.only925.com http:\\\/\\\/entregarbanzos.edicionesrilke.com\\\/ http:\\\/\\\/blogdeescritor.com\\\/rubensenor\\\/\",\"breadcrumb\":{\"@id\":\"https:\\\/\\\/poesiaerestu.com\\\/revista\\\/exposicion-fotorias-ruben-senor-del-051210-al-161210\\\/#breadcrumb\"},\"inLanguage\":\"en-US\",\"potentialAction\":[{\"@type\":\"ReadAction\",\"target\":[\"https:\\\/\\\/poesiaerestu.com\\\/revista\\\/exposicion-fotorias-ruben-senor-del-051210-al-161210\\\/\"]}]},{\"@type\":\"ImageObject\",\"inLanguage\":\"en-US\",\"@id\":\"https:\\\/\\\/poesiaerestu.com\\\/revista\\\/exposicion-fotorias-ruben-senor-del-051210-al-161210\\\/#primaryimage\",\"url\":\"https:\\\/\\\/poesiaerestu.com\\\/revista\\\/wp-content\\\/uploads\\\/2010\\\/11\\\/fotorias-Large.jpg\",\"contentUrl\":\"https:\\\/\\\/poesiaerestu.com\\\/revista\\\/wp-content\\\/uploads\\\/2010\\\/11\\\/fotorias-Large.jpg\",\"width\":1920,\"height\":865},{\"@type\":\"BreadcrumbList\",\"@id\":\"https:\\\/\\\/poesiaerestu.com\\\/revista\\\/exposicion-fotorias-ruben-senor-del-051210-al-161210\\\/#breadcrumb\",\"itemListElement\":[{\"@type\":\"ListItem\",\"position\":1,\"name\":\"Home\",\"item\":\"https:\\\/\\\/poesiaerestu.com\\\/revista\\\/\"},{\"@type\":\"ListItem\",\"position\":2,\"name\":\"Exposici\u00f3n &#8220;fotorias&#8221; rub\u00e9n se\u00f1or (del 05\\\/12\\\/10 al 16\\\/12\\\/10)\"}]},{\"@type\":\"WebSite\",\"@id\":\"https:\\\/\\\/poesiaerestu.com\\\/revista\\\/#website\",\"url\":\"https:\\\/\\\/poesiaerestu.com\\\/revista\\\/\",\"name\":\"Poes\u00ed\u00ada eres t\u00fa (revista)\",\"description\":\"Revista de poes\u00eda y literatura\",\"potentialAction\":[{\"@type\":\"SearchAction\",\"target\":{\"@type\":\"EntryPoint\",\"urlTemplate\":\"https:\\\/\\\/poesiaerestu.com\\\/revista\\\/?s={search_term_string}\"},\"query-input\":{\"@type\":\"PropertyValueSpecification\",\"valueRequired\":true,\"valueName\":\"search_term_string\"}}],\"inLanguage\":\"en-US\"},{\"@type\":\"Person\",\"@id\":\"https:\\\/\\\/poesiaerestu.com\\\/revista\\\/#\\\/schema\\\/person\\\/fcb1a2122be3810bfdd0c071b4b3e9c4\",\"name\":\"admin\",\"image\":{\"@type\":\"ImageObject\",\"inLanguage\":\"en-US\",\"@id\":\"https:\\\/\\\/secure.gravatar.com\\\/avatar\\\/1cb55a5bd8d6824519e46b552e84b03575857cc9c4d6333824d2f95d82129f50?s=96&d=mm&r=g\",\"url\":\"https:\\\/\\\/secure.gravatar.com\\\/avatar\\\/1cb55a5bd8d6824519e46b552e84b03575857cc9c4d6333824d2f95d82129f50?s=96&d=mm&r=g\",\"contentUrl\":\"https:\\\/\\\/secure.gravatar.com\\\/avatar\\\/1cb55a5bd8d6824519e46b552e84b03575857cc9c4d6333824d2f95d82129f50?s=96&d=mm&r=g\",\"caption\":\"admin\"},\"url\":\"https:\\\/\\\/poesiaerestu.com\\\/revista\\\/author\\\/admin\\\/\"}]}<\/script>\n<!-- \/ Yoast SEO Premium plugin. -->","yoast_head_json":{"title":"Exposici\u00f3n \"fotorias\" rub\u00e9n se\u00f1or (del 05\/12\/10 al 16\/12\/10)","description":"Rub\u00e9n Se\u00f1or Realizador www.rubensenor.com www.only925.com http:\/\/entregarbanzos.edicionesrilke.com\/ http:\/\/blogdeescritor.com\/rubensenor\/","robots":{"index":"index","follow":"follow","max-snippet":"max-snippet:-1","max-image-preview":"max-image-preview:large","max-video-preview":"max-video-preview:-1"},"canonical":"https:\/\/poesiaerestu.com\/revista\/exposicion-fotorias-ruben-senor-del-051210-al-161210\/","twitter_misc":{"Written by":"admin"},"schema":{"@context":"https:\/\/schema.org","@graph":[{"@type":"Article","@id":"https:\/\/poesiaerestu.com\/revista\/exposicion-fotorias-ruben-senor-del-051210-al-161210\/#article","isPartOf":{"@id":"https:\/\/poesiaerestu.com\/revista\/exposicion-fotorias-ruben-senor-del-051210-al-161210\/"},"author":{"name":"admin","@id":"https:\/\/poesiaerestu.com\/revista\/#\/schema\/person\/fcb1a2122be3810bfdd0c071b4b3e9c4"},"headline":"Exposici\u00f3n &#8220;fotorias&#8221; rub\u00e9n se\u00f1or (del 05\/12\/10 al 16\/12\/10)","datePublished":"2010-11-18T11:40:18+00:00","dateModified":"2010-11-18T11:48:55+00:00","mainEntityOfPage":{"@id":"https:\/\/poesiaerestu.com\/revista\/exposicion-fotorias-ruben-senor-del-051210-al-161210\/"},"wordCount":28,"commentCount":0,"image":{"@id":"https:\/\/poesiaerestu.com\/revista\/exposicion-fotorias-ruben-senor-del-051210-al-161210\/#primaryimage"},"thumbnailUrl":"https:\/\/poesiaerestu.com\/revista\/wp-content\/uploads\/2010\/11\/fotorias-Large.jpg","articleSection":["Eventos"],"inLanguage":"en-US","copyrightYear":"2010","copyrightHolder":{"@id":"https:\/\/poesiaerestu.com\/revista\/#organization"}},{"@type":"WebPage","@id":"https:\/\/poesiaerestu.com\/revista\/exposicion-fotorias-ruben-senor-del-051210-al-161210\/","url":"https:\/\/poesiaerestu.com\/revista\/exposicion-fotorias-ruben-senor-del-051210-al-161210\/","name":"Exposici\u00f3n \"fotorias\" rub\u00e9n se\u00f1or (del 05\/12\/10 al 16\/12\/10)","isPartOf":{"@id":"https:\/\/poesiaerestu.com\/revista\/#website"},"primaryImageOfPage":{"@id":"https:\/\/poesiaerestu.com\/revista\/exposicion-fotorias-ruben-senor-del-051210-al-161210\/#primaryimage"},"image":{"@id":"https:\/\/poesiaerestu.com\/revista\/exposicion-fotorias-ruben-senor-del-051210-al-161210\/#primaryimage"},"thumbnailUrl":"https:\/\/poesiaerestu.com\/revista\/wp-content\/uploads\/2010\/11\/fotorias-Large.jpg","datePublished":"2010-11-18T11:40:18+00:00","dateModified":"2010-11-18T11:48:55+00:00","author":{"@id":"https:\/\/poesiaerestu.com\/revista\/#\/schema\/person\/fcb1a2122be3810bfdd0c071b4b3e9c4"},"description":"Rub\u00e9n Se\u00f1or Realizador www.rubensenor.com www.only925.com http:\/\/entregarbanzos.edicionesrilke.com\/ http:\/\/blogdeescritor.com\/rubensenor\/","breadcrumb":{"@id":"https:\/\/poesiaerestu.com\/revista\/exposicion-fotorias-ruben-senor-del-051210-al-161210\/#breadcrumb"},"inLanguage":"en-US","potentialAction":[{"@type":"ReadAction","target":["https:\/\/poesiaerestu.com\/revista\/exposicion-fotorias-ruben-senor-del-051210-al-161210\/"]}]},{"@type":"ImageObject","inLanguage":"en-US","@id":"https:\/\/poesiaerestu.com\/revista\/exposicion-fotorias-ruben-senor-del-051210-al-161210\/#primaryimage","url":"https:\/\/poesiaerestu.com\/revista\/wp-content\/uploads\/2010\/11\/fotorias-Large.jpg","contentUrl":"https:\/\/poesiaerestu.com\/revista\/wp-content\/uploads\/2010\/11\/fotorias-Large.jpg","width":1920,"height":865},{"@type":"BreadcrumbList","@id":"https:\/\/poesiaerestu.com\/revista\/exposicion-fotorias-ruben-senor-del-051210-al-161210\/#breadcrumb","itemListElement":[{"@type":"ListItem","position":1,"name":"Home","item":"https:\/\/poesiaerestu.com\/revista\/"},{"@type":"ListItem","position":2,"name":"Exposici\u00f3n &#8220;fotorias&#8221; rub\u00e9n se\u00f1or (del 05\/12\/10 al 16\/12\/10)"}]},{"@type":"WebSite","@id":"https:\/\/poesiaerestu.com\/revista\/#website","url":"https:\/\/poesiaerestu.com\/revista\/","name":"Poes\u00ed\u00ada eres t\u00fa (revista)","description":"Revista de poes\u00eda y literatura","potentialAction":[{"@type":"SearchAction","target":{"@type":"EntryPoint","urlTemplate":"https:\/\/poesiaerestu.com\/revista\/?s={search_term_string}"},"query-input":{"@type":"PropertyValueSpecification","valueRequired":true,"valueName":"search_term_string"}}],"inLanguage":"en-US"},{"@type":"Person","@id":"https:\/\/poesiaerestu.com\/revista\/#\/schema\/person\/fcb1a2122be3810bfdd0c071b4b3e9c4","name":"admin","image":{"@type":"ImageObject","inLanguage":"en-US","@id":"https:\/\/secure.gravatar.com\/avatar\/1cb55a5bd8d6824519e46b552e84b03575857cc9c4d6333824d2f95d82129f50?s=96&d=mm&r=g","url":"https:\/\/secure.gravatar.com\/avatar\/1cb55a5bd8d6824519e46b552e84b03575857cc9c4d6333824d2f95d82129f50?s=96&d=mm&r=g","contentUrl":"https:\/\/secure.gravatar.com\/avatar\/1cb55a5bd8d6824519e46b552e84b03575857cc9c4d6333824d2f95d82129f50?s=96&d=mm&r=g","caption":"admin"},"url":"https:\/\/poesiaerestu.com\/revista\/author\/admin\/"}]}},"_links":{"self":[{"href":"https:\/\/poesiaerestu.com\/revista\/wp-json\/wp\/v2\/posts\/653","targetHints":{"allow":["GET"]}}],"collection":[{"href":"https:\/\/poesiaerestu.com\/revista\/wp-json\/wp\/v2\/posts"}],"about":[{"href":"https:\/\/poesiaerestu.com\/revista\/wp-json\/wp\/v2\/types\/post"}],"author":[{"embeddable":true,"href":"https:\/\/poesiaerestu.com\/revista\/wp-json\/wp\/v2\/users\/1"}],"replies":[{"embeddable":true,"href":"https:\/\/poesiaerestu.com\/revista\/wp-json\/wp\/v2\/comments?post=653"}],"version-history":[{"count":0,"href":"https:\/\/poesiaerestu.com\/revista\/wp-json\/wp\/v2\/posts\/653\/revisions"}],"wp:featuredmedia":[{"embeddable":true,"href":"https:\/\/poesiaerestu.com\/revista\/wp-json\/wp\/v2\/media\/654"}],"wp:attachment":[{"href":"https:\/\/poesiaerestu.com\/revista\/wp-json\/wp\/v2\/media?parent=653"}],"wp:term":[{"taxonomy":"category","embeddable":true,"href":"https:\/\/poesiaerestu.com\/revista\/wp-json\/wp\/v2\/categories?post=653"},{"taxonomy":"post_tag","embeddable":true,"href":"https:\/\/poesiaerestu.com\/revista\/wp-json\/wp\/v2\/tags?post=653"}],"curies":[{"name":"wp","href":"https:\/\/api.w.org\/{rel}","templated":true}]}}