{"id":421,"date":"2010-01-09T21:15:58","date_gmt":"2010-01-09T19:15:58","guid":{"rendered":"http:\/\/www.poesiaerestu.com\/revista\/?p=421"},"modified":"2010-01-09T21:15:58","modified_gmt":"2010-01-09T19:15:58","slug":"presentacion-del-libro-una-vida-pasajera-jose-maria-munoz","status":"publish","type":"post","link":"https:\/\/poesiaerestu.com\/revista\/presentacion-del-libro-una-vida-pasajera-jose-maria-munoz\/","title":{"rendered":"Presentaci\u00f3n del Libro &#8220;Una vida pasajera&#8221; &#8211; Jos\u00e9 Mar\u00eda Mu\u00f1oz"},"content":{"rendered":"<p>\u00a0<a ref=\"magnificPopup\" href=\"https:\/\/poesiaerestu.com\/revista\/wp-content\/uploads\/2010\/01\/img025.jpg\"><img loading=\"lazy\" decoding=\"async\" class=\"alignleft size-large wp-image-420\" title=\"img025\" src=\"https:\/\/poesiaerestu.com\/revista\/wp-content\/uploads\/2010\/01\/img025-693x1024.jpg\" alt=\"\" width=\"693\" height=\"1024\" srcset=\"https:\/\/poesiaerestu.com\/revista\/wp-content\/uploads\/2010\/01\/img025-693x1024.jpg 693w, https:\/\/poesiaerestu.com\/revista\/wp-content\/uploads\/2010\/01\/img025-203x300.jpg 203w, https:\/\/poesiaerestu.com\/revista\/wp-content\/uploads\/2010\/01\/img025-600x886.jpg 600w, https:\/\/poesiaerestu.com\/revista\/wp-content\/uploads\/2010\/01\/img025-768x1134.jpg 768w, https:\/\/poesiaerestu.com\/revista\/wp-content\/uploads\/2010\/01\/img025-41x60.jpg 41w, https:\/\/poesiaerestu.com\/revista\/wp-content\/uploads\/2010\/01\/img025-scaled.jpg 1024w\" sizes=\"auto, (max-width: 693px) 100vw, 693px\" \/><\/a><\/p>\n","protected":false},"excerpt":{"rendered":"<p>\u00a0<\/p>\n","protected":false},"author":1,"featured_media":420,"comment_status":"open","ping_status":"open","sticky":false,"template":"","format":"standard","meta":{"footnotes":"","_links_to":"","_links_to_target":""},"categories":[8],"tags":[],"class_list":["post-421","post","type-post","status-publish","format-standard","has-post-thumbnail","hentry","category-eventos"],"yoast_head":"<!-- This site is optimized with the Yoast SEO Premium plugin v24.7 (Yoast SEO v27.5) - https:\/\/yoast.com\/product\/yoast-seo-premium-wordpress\/ -->\n<title>Presentaci\u00f3n del Libro &quot;Una vida pasajera&quot; - Jos\u00e9 Mar\u00eda Mu\u00f1oz<\/title>\n<meta name=\"description\" content=\"\u00a0\" \/>\n<meta name=\"robots\" content=\"index, follow, max-snippet:-1, max-image-preview:large, max-video-preview:-1\" \/>\n<link rel=\"canonical\" href=\"https:\/\/poesiaerestu.com\/revista\/presentacion-del-libro-una-vida-pasajera-jose-maria-munoz\/\" \/>\n<meta name=\"twitter:label1\" content=\"Written by\" \/>\n\t<meta name=\"twitter:data1\" content=\"admin\" \/>\n<script type=\"application\/ld+json\" class=\"yoast-schema-graph\">{\"@context\":\"https:\\\/\\\/schema.org\",\"@graph\":[{\"@type\":\"Article\",\"@id\":\"https:\\\/\\\/poesiaerestu.com\\\/revista\\\/presentacion-del-libro-una-vida-pasajera-jose-maria-munoz\\\/#article\",\"isPartOf\":{\"@id\":\"https:\\\/\\\/poesiaerestu.com\\\/revista\\\/presentacion-del-libro-una-vida-pasajera-jose-maria-munoz\\\/\"},\"author\":{\"name\":\"admin\",\"@id\":\"https:\\\/\\\/poesiaerestu.com\\\/revista\\\/#\\\/schema\\\/person\\\/fcb1a2122be3810bfdd0c071b4b3e9c4\"},\"headline\":\"Presentaci\u00f3n del Libro &#8220;Una vida pasajera&#8221; &#8211; Jos\u00e9 Mar\u00eda Mu\u00f1oz\",\"datePublished\":\"2010-01-09T19:15:58+00:00\",\"mainEntityOfPage\":{\"@id\":\"https:\\\/\\\/poesiaerestu.com\\\/revista\\\/presentacion-del-libro-una-vida-pasajera-jose-maria-munoz\\\/\"},\"wordCount\":13,\"commentCount\":0,\"image\":{\"@id\":\"https:\\\/\\\/poesiaerestu.com\\\/revista\\\/presentacion-del-libro-una-vida-pasajera-jose-maria-munoz\\\/#primaryimage\"},\"thumbnailUrl\":\"https:\\\/\\\/poesiaerestu.com\\\/revista\\\/wp-content\\\/uploads\\\/2010\\\/01\\\/img025-scaled.jpg\",\"articleSection\":[\"Eventos\"],\"inLanguage\":\"en-US\",\"copyrightYear\":\"2010\",\"copyrightHolder\":{\"@id\":\"https:\\\/\\\/poesiaerestu.com\\\/revista\\\/#organization\"}},{\"@type\":\"WebPage\",\"@id\":\"https:\\\/\\\/poesiaerestu.com\\\/revista\\\/presentacion-del-libro-una-vida-pasajera-jose-maria-munoz\\\/\",\"url\":\"https:\\\/\\\/poesiaerestu.com\\\/revista\\\/presentacion-del-libro-una-vida-pasajera-jose-maria-munoz\\\/\",\"name\":\"Presentaci\u00f3n del Libro \\\"Una vida pasajera\\\" - Jos\u00e9 Mar\u00eda Mu\u00f1oz\",\"isPartOf\":{\"@id\":\"https:\\\/\\\/poesiaerestu.com\\\/revista\\\/#website\"},\"primaryImageOfPage\":{\"@id\":\"https:\\\/\\\/poesiaerestu.com\\\/revista\\\/presentacion-del-libro-una-vida-pasajera-jose-maria-munoz\\\/#primaryimage\"},\"image\":{\"@id\":\"https:\\\/\\\/poesiaerestu.com\\\/revista\\\/presentacion-del-libro-una-vida-pasajera-jose-maria-munoz\\\/#primaryimage\"},\"thumbnailUrl\":\"https:\\\/\\\/poesiaerestu.com\\\/revista\\\/wp-content\\\/uploads\\\/2010\\\/01\\\/img025-scaled.jpg\",\"datePublished\":\"2010-01-09T19:15:58+00:00\",\"author\":{\"@id\":\"https:\\\/\\\/poesiaerestu.com\\\/revista\\\/#\\\/schema\\\/person\\\/fcb1a2122be3810bfdd0c071b4b3e9c4\"},\"description\":\"\u00a0\",\"breadcrumb\":{\"@id\":\"https:\\\/\\\/poesiaerestu.com\\\/revista\\\/presentacion-del-libro-una-vida-pasajera-jose-maria-munoz\\\/#breadcrumb\"},\"inLanguage\":\"en-US\",\"potentialAction\":[{\"@type\":\"ReadAction\",\"target\":[\"https:\\\/\\\/poesiaerestu.com\\\/revista\\\/presentacion-del-libro-una-vida-pasajera-jose-maria-munoz\\\/\"]}]},{\"@type\":\"ImageObject\",\"inLanguage\":\"en-US\",\"@id\":\"https:\\\/\\\/poesiaerestu.com\\\/revista\\\/presentacion-del-libro-una-vida-pasajera-jose-maria-munoz\\\/#primaryimage\",\"url\":\"https:\\\/\\\/poesiaerestu.com\\\/revista\\\/wp-content\\\/uploads\\\/2010\\\/01\\\/img025-scaled.jpg\",\"contentUrl\":\"https:\\\/\\\/poesiaerestu.com\\\/revista\\\/wp-content\\\/uploads\\\/2010\\\/01\\\/img025-scaled.jpg\",\"width\":1024,\"height\":1512},{\"@type\":\"BreadcrumbList\",\"@id\":\"https:\\\/\\\/poesiaerestu.com\\\/revista\\\/presentacion-del-libro-una-vida-pasajera-jose-maria-munoz\\\/#breadcrumb\",\"itemListElement\":[{\"@type\":\"ListItem\",\"position\":1,\"name\":\"Home\",\"item\":\"https:\\\/\\\/poesiaerestu.com\\\/revista\\\/\"},{\"@type\":\"ListItem\",\"position\":2,\"name\":\"Presentaci\u00f3n del Libro &#8220;Una vida pasajera&#8221; &#8211; Jos\u00e9 Mar\u00eda Mu\u00f1oz\"}]},{\"@type\":\"WebSite\",\"@id\":\"https:\\\/\\\/poesiaerestu.com\\\/revista\\\/#website\",\"url\":\"https:\\\/\\\/poesiaerestu.com\\\/revista\\\/\",\"name\":\"Poes\u00ed\u00ada eres t\u00fa (revista)\",\"description\":\"Revista de poes\u00eda y literatura\",\"potentialAction\":[{\"@type\":\"SearchAction\",\"target\":{\"@type\":\"EntryPoint\",\"urlTemplate\":\"https:\\\/\\\/poesiaerestu.com\\\/revista\\\/?s={search_term_string}\"},\"query-input\":{\"@type\":\"PropertyValueSpecification\",\"valueRequired\":true,\"valueName\":\"search_term_string\"}}],\"inLanguage\":\"en-US\"},{\"@type\":\"Person\",\"@id\":\"https:\\\/\\\/poesiaerestu.com\\\/revista\\\/#\\\/schema\\\/person\\\/fcb1a2122be3810bfdd0c071b4b3e9c4\",\"name\":\"admin\",\"image\":{\"@type\":\"ImageObject\",\"inLanguage\":\"en-US\",\"@id\":\"https:\\\/\\\/secure.gravatar.com\\\/avatar\\\/1cb55a5bd8d6824519e46b552e84b03575857cc9c4d6333824d2f95d82129f50?s=96&d=mm&r=g\",\"url\":\"https:\\\/\\\/secure.gravatar.com\\\/avatar\\\/1cb55a5bd8d6824519e46b552e84b03575857cc9c4d6333824d2f95d82129f50?s=96&d=mm&r=g\",\"contentUrl\":\"https:\\\/\\\/secure.gravatar.com\\\/avatar\\\/1cb55a5bd8d6824519e46b552e84b03575857cc9c4d6333824d2f95d82129f50?s=96&d=mm&r=g\",\"caption\":\"admin\"},\"url\":\"https:\\\/\\\/poesiaerestu.com\\\/revista\\\/author\\\/admin\\\/\"}]}<\/script>\n<!-- \/ Yoast SEO Premium plugin. -->","yoast_head_json":{"title":"Presentaci\u00f3n del Libro \"Una vida pasajera\" - Jos\u00e9 Mar\u00eda Mu\u00f1oz","description":"\u00a0","robots":{"index":"index","follow":"follow","max-snippet":"max-snippet:-1","max-image-preview":"max-image-preview:large","max-video-preview":"max-video-preview:-1"},"canonical":"https:\/\/poesiaerestu.com\/revista\/presentacion-del-libro-una-vida-pasajera-jose-maria-munoz\/","twitter_misc":{"Written by":"admin"},"schema":{"@context":"https:\/\/schema.org","@graph":[{"@type":"Article","@id":"https:\/\/poesiaerestu.com\/revista\/presentacion-del-libro-una-vida-pasajera-jose-maria-munoz\/#article","isPartOf":{"@id":"https:\/\/poesiaerestu.com\/revista\/presentacion-del-libro-una-vida-pasajera-jose-maria-munoz\/"},"author":{"name":"admin","@id":"https:\/\/poesiaerestu.com\/revista\/#\/schema\/person\/fcb1a2122be3810bfdd0c071b4b3e9c4"},"headline":"Presentaci\u00f3n del Libro &#8220;Una vida pasajera&#8221; &#8211; Jos\u00e9 Mar\u00eda Mu\u00f1oz","datePublished":"2010-01-09T19:15:58+00:00","mainEntityOfPage":{"@id":"https:\/\/poesiaerestu.com\/revista\/presentacion-del-libro-una-vida-pasajera-jose-maria-munoz\/"},"wordCount":13,"commentCount":0,"image":{"@id":"https:\/\/poesiaerestu.com\/revista\/presentacion-del-libro-una-vida-pasajera-jose-maria-munoz\/#primaryimage"},"thumbnailUrl":"https:\/\/poesiaerestu.com\/revista\/wp-content\/uploads\/2010\/01\/img025-scaled.jpg","articleSection":["Eventos"],"inLanguage":"en-US","copyrightYear":"2010","copyrightHolder":{"@id":"https:\/\/poesiaerestu.com\/revista\/#organization"}},{"@type":"WebPage","@id":"https:\/\/poesiaerestu.com\/revista\/presentacion-del-libro-una-vida-pasajera-jose-maria-munoz\/","url":"https:\/\/poesiaerestu.com\/revista\/presentacion-del-libro-una-vida-pasajera-jose-maria-munoz\/","name":"Presentaci\u00f3n del Libro \"Una vida pasajera\" - Jos\u00e9 Mar\u00eda Mu\u00f1oz","isPartOf":{"@id":"https:\/\/poesiaerestu.com\/revista\/#website"},"primaryImageOfPage":{"@id":"https:\/\/poesiaerestu.com\/revista\/presentacion-del-libro-una-vida-pasajera-jose-maria-munoz\/#primaryimage"},"image":{"@id":"https:\/\/poesiaerestu.com\/revista\/presentacion-del-libro-una-vida-pasajera-jose-maria-munoz\/#primaryimage"},"thumbnailUrl":"https:\/\/poesiaerestu.com\/revista\/wp-content\/uploads\/2010\/01\/img025-scaled.jpg","datePublished":"2010-01-09T19:15:58+00:00","author":{"@id":"https:\/\/poesiaerestu.com\/revista\/#\/schema\/person\/fcb1a2122be3810bfdd0c071b4b3e9c4"},"description":"\u00a0","breadcrumb":{"@id":"https:\/\/poesiaerestu.com\/revista\/presentacion-del-libro-una-vida-pasajera-jose-maria-munoz\/#breadcrumb"},"inLanguage":"en-US","potentialAction":[{"@type":"ReadAction","target":["https:\/\/poesiaerestu.com\/revista\/presentacion-del-libro-una-vida-pasajera-jose-maria-munoz\/"]}]},{"@type":"ImageObject","inLanguage":"en-US","@id":"https:\/\/poesiaerestu.com\/revista\/presentacion-del-libro-una-vida-pasajera-jose-maria-munoz\/#primaryimage","url":"https:\/\/poesiaerestu.com\/revista\/wp-content\/uploads\/2010\/01\/img025-scaled.jpg","contentUrl":"https:\/\/poesiaerestu.com\/revista\/wp-content\/uploads\/2010\/01\/img025-scaled.jpg","width":1024,"height":1512},{"@type":"BreadcrumbList","@id":"https:\/\/poesiaerestu.com\/revista\/presentacion-del-libro-una-vida-pasajera-jose-maria-munoz\/#breadcrumb","itemListElement":[{"@type":"ListItem","position":1,"name":"Home","item":"https:\/\/poesiaerestu.com\/revista\/"},{"@type":"ListItem","position":2,"name":"Presentaci\u00f3n del Libro &#8220;Una vida pasajera&#8221; &#8211; Jos\u00e9 Mar\u00eda Mu\u00f1oz"}]},{"@type":"WebSite","@id":"https:\/\/poesiaerestu.com\/revista\/#website","url":"https:\/\/poesiaerestu.com\/revista\/","name":"Poes\u00ed\u00ada eres t\u00fa (revista)","description":"Revista de poes\u00eda y literatura","potentialAction":[{"@type":"SearchAction","target":{"@type":"EntryPoint","urlTemplate":"https:\/\/poesiaerestu.com\/revista\/?s={search_term_string}"},"query-input":{"@type":"PropertyValueSpecification","valueRequired":true,"valueName":"search_term_string"}}],"inLanguage":"en-US"},{"@type":"Person","@id":"https:\/\/poesiaerestu.com\/revista\/#\/schema\/person\/fcb1a2122be3810bfdd0c071b4b3e9c4","name":"admin","image":{"@type":"ImageObject","inLanguage":"en-US","@id":"https:\/\/secure.gravatar.com\/avatar\/1cb55a5bd8d6824519e46b552e84b03575857cc9c4d6333824d2f95d82129f50?s=96&d=mm&r=g","url":"https:\/\/secure.gravatar.com\/avatar\/1cb55a5bd8d6824519e46b552e84b03575857cc9c4d6333824d2f95d82129f50?s=96&d=mm&r=g","contentUrl":"https:\/\/secure.gravatar.com\/avatar\/1cb55a5bd8d6824519e46b552e84b03575857cc9c4d6333824d2f95d82129f50?s=96&d=mm&r=g","caption":"admin"},"url":"https:\/\/poesiaerestu.com\/revista\/author\/admin\/"}]}},"_links":{"self":[{"href":"https:\/\/poesiaerestu.com\/revista\/wp-json\/wp\/v2\/posts\/421","targetHints":{"allow":["GET"]}}],"collection":[{"href":"https:\/\/poesiaerestu.com\/revista\/wp-json\/wp\/v2\/posts"}],"about":[{"href":"https:\/\/poesiaerestu.com\/revista\/wp-json\/wp\/v2\/types\/post"}],"author":[{"embeddable":true,"href":"https:\/\/poesiaerestu.com\/revista\/wp-json\/wp\/v2\/users\/1"}],"replies":[{"embeddable":true,"href":"https:\/\/poesiaerestu.com\/revista\/wp-json\/wp\/v2\/comments?post=421"}],"version-history":[{"count":0,"href":"https:\/\/poesiaerestu.com\/revista\/wp-json\/wp\/v2\/posts\/421\/revisions"}],"wp:featuredmedia":[{"embeddable":true,"href":"https:\/\/poesiaerestu.com\/revista\/wp-json\/wp\/v2\/media\/420"}],"wp:attachment":[{"href":"https:\/\/poesiaerestu.com\/revista\/wp-json\/wp\/v2\/media?parent=421"}],"wp:term":[{"taxonomy":"category","embeddable":true,"href":"https:\/\/poesiaerestu.com\/revista\/wp-json\/wp\/v2\/categories?post=421"},{"taxonomy":"post_tag","embeddable":true,"href":"https:\/\/poesiaerestu.com\/revista\/wp-json\/wp\/v2\/tags?post=421"}],"curies":[{"name":"wp","href":"https:\/\/api.w.org\/{rel}","templated":true}]}}